{"id":139559,"date":"2023-09-10T21:43:33","date_gmt":"2023-09-11T00:43:33","guid":{"rendered":"https:\/\/folhapopular.info\/?p=139559"},"modified":"2023-09-10T21:43:37","modified_gmt":"2023-09-11T00:43:37","slug":"igp-inicia-mutirao-para-confeccao-de-carteiras-de-identidade-perdidas-pelas-vitimas-das-enchentes","status":"publish","type":"post","link":"https:\/\/folhapopular.info\/index.php\/2023\/09\/10\/igp-inicia-mutirao-para-confeccao-de-carteiras-de-identidade-perdidas-pelas-vitimas-das-enchentes\/","title":{"rendered":"IGP inicia mutir\u00e3o para confec\u00e7\u00e3o de carteiras de identidade perdidas pelas v\u00edtimas das enchentes"},"content":{"rendered":"\n<p>O Instituto-Geral de Per\u00edcias (IGP) inicia, nesta segunda-feira (11\/9), um mutir\u00e3o para confec\u00e7\u00e3o de carteiras de identidade para a popula\u00e7\u00e3o afetada pelas enchentes resultantes das chuvas intensas do in\u00edcio de setembro. A for\u00e7a-tarefa vai atuar inicialmente no munic\u00edpio de Mu\u00e7um. Em Roca Sales, a opera\u00e7\u00e3o come\u00e7a nesta ter\u00e7a-feira (12\/9). Os dois munic\u00edpios foram os mais atingidos pelas cheia do Rio Taquari. A segunda via do documento para quem perdeu em virtude do desastre ocorrido na regi\u00e3o ser\u00e1 emitida de forma gratuita.<\/p>\n\n\n\n<p>A fim de possibilitar a operacionaliza\u00e7\u00e3o do servi\u00e7o, o IGP tem a parceria das administra\u00e7\u00f5es municipais. Para confeccionar o documento de identidade, \u00e9 necess\u00e1rio portar certid\u00e3o de nascimento ou casamento, atualizada e em bom estado, o que a maior parte das v\u00edtimas tamb\u00e9m perdeu nas enchentes. Diante dessa dificuldade, o IGP j\u00e1 est\u00e1 em interlocu\u00e7\u00e3o com cart\u00f3rios e as autoridades da regi\u00e3o para emiss\u00e3o de novas certid\u00f5es. Os cidad\u00e3os devem procurar diretamente os postos de atendimento do IGP que ser\u00e3o instalados nos dois munic\u00edpios.<\/p>\n\n\n\n<p><strong>Locais de atendimento<\/strong><\/p>\n\n\n\n<ul class=\"wp-block-list\">\n<li><strong>Em Mu\u00e7um<\/strong>, o posto de atendimento ser\u00e1 montado junto ao Hospital Municipal, em uma sala anexa ao atendimento hospitalar da cidade. O endere\u00e7o \u00e9<strong>\u00a0Rua Jo\u00e3o Dalazen, 105<\/strong>.\u00a0<br><\/li>\n\n\n\n<li><strong>Em Roca Sales,<\/strong>\u00a0o posto de atendimento ser\u00e1 montado no Centro de Refer\u00eancia de Assist\u00eancia Social (Cras). O endere\u00e7o \u00e9\u00a0<strong>Rua General Daltro Filho, 1.747<\/strong>.\u00a0<br><br>Ambos os locais funcionar\u00e3o das\u00a0<strong>9h \u00e0s 12h\u00a0<\/strong>e das<strong>\u00a013h30 \u00e0s 17h<\/strong>, enquanto houver necessidade.<\/li>\n<\/ul>\n\n\n\n<p><strong>Coleta de DNA<\/strong><\/p>\n\n\n\n<p>Nos postos de identifica\u00e7\u00e3o montados para atender a popula\u00e7\u00e3o, os cidad\u00e3os que ainda tiverem familiares desaparecidos poder\u00e3o fornecer ao IGP amostra de material gen\u00e9tico para exame de DNA. A coleta \u00e9 r\u00e1pida, feita a partir da saliva. A informa\u00e7\u00e3o ser\u00e1 inserida no Banco de Material Gen\u00e9tico do IGP para compara\u00e7\u00f5es com a base de dados, o que pode facilitar a verifica\u00e7\u00e3o de compatibilidade com o material gen\u00e9tico de v\u00edtimas que venham a ser localizadas.<\/p>\n","protected":false},"excerpt":{"rendered":"<p>O Instituto-Geral de Per\u00edcias (IGP) inicia, nesta segunda-feira (11\/9), um mutir\u00e3o para confec\u00e7\u00e3o de carteiras de identidade para a popula\u00e7\u00e3o afetada pelas enchentes resultantes das chuvas intensas do in\u00edcio de setembro. A for\u00e7a-tarefa vai atuar inicialmente no munic\u00edpio de Mu\u00e7um. Em Roca Sales, a opera\u00e7\u00e3o come\u00e7a nesta ter\u00e7a-feira (12\/9). Os dois munic\u00edpios foram os mais [&hellip;]<\/p>\n","protected":false},"author":8,"featured_media":139560,"comment_status":"open","ping_status":"open","sticky":false,"template":"","format":"standard","meta":{"pmpro_default_level":"","_jetpack_memberships_contains_paid_content":false,"footnotes":""},"categories":[2,3],"tags":[1774,13156,13155,1064,7966],"class_list":{"0":"post-139559","1":"post","2":"type-post","3":"status-publish","4":"format-standard","5":"has-post-thumbnail","7":"category-featured","8":"category-geral","9":"tag-carteiras-de-identidade","10":"tag-enchent","11":"tag-igp","12":"tag-mutirao","13":"tag-vitimas","14":"pmpro-has-access"},"yoast_head":"<!-- This site is optimized with the Yoast SEO plugin v27.5 - https:\/\/yoast.com\/product\/yoast-seo-wordpress\/ -->\n<title>IGP inicia mutir\u00e3o para confec\u00e7\u00e3o de carteiras de identidade perdidas pelas v\u00edtimas das enchentes - Folha Popular<\/title>\n<meta name=\"robots\" content=\"index, follow, max-snippet:-1, max-image-preview:large, max-video-preview:-1\" \/>\n<link rel=\"canonical\" href=\"https:\/\/folhapopular.info\/index.php\/2023\/09\/10\/igp-inicia-mutirao-para-confeccao-de-carteiras-de-identidade-perdidas-pelas-vitimas-das-enchentes\/\" \/>\n<meta property=\"og:locale\" content=\"pt_BR\" \/>\n<meta property=\"og:type\" content=\"article\" \/>\n<meta property=\"og:title\" content=\"IGP inicia mutir\u00e3o para confec\u00e7\u00e3o de carteiras de identidade perdidas pelas v\u00edtimas das enchentes - Folha Popular\" \/>\n<meta property=\"og:description\" content=\"O Instituto-Geral de Per\u00edcias (IGP) inicia, nesta segunda-feira (11\/9), um mutir\u00e3o para confec\u00e7\u00e3o de carteiras de identidade para a popula\u00e7\u00e3o afetada pelas enchentes resultantes das chuvas intensas do in\u00edcio de setembro. A for\u00e7a-tarefa vai atuar inicialmente no munic\u00edpio de Mu\u00e7um. Em Roca Sales, a opera\u00e7\u00e3o come\u00e7a nesta ter\u00e7a-feira (12\/9). Os dois munic\u00edpios foram os mais [&hellip;]\" \/>\n<meta property=\"og:url\" content=\"https:\/\/folhapopular.info\/index.php\/2023\/09\/10\/igp-inicia-mutirao-para-confeccao-de-carteiras-de-identidade-perdidas-pelas-vitimas-das-enchentes\/\" \/>\n<meta property=\"og:site_name\" content=\"Folha Popular\" \/>\n<meta property=\"article:published_time\" content=\"2023-09-11T00:43:33+00:00\" \/>\n<meta property=\"article:modified_time\" content=\"2023-09-11T00:43:37+00:00\" \/>\n<meta property=\"og:image\" content=\"http:\/\/folhapopular.info\/wp-content\/uploads\/2023\/09\/WhatsApp-Image-2023-09-10-at-21.40.35.jpeg\" \/>\n\t<meta property=\"og:image:width\" content=\"1599\" \/>\n\t<meta property=\"og:image:height\" content=\"899\" \/>\n\t<meta property=\"og:image:type\" content=\"image\/jpeg\" \/>\n<meta name=\"author\" content=\"Reda\u00e7\u00e3o Folha Popular\" \/>\n<meta name=\"twitter:card\" content=\"summary_large_image\" \/>\n<meta name=\"twitter:label1\" content=\"Escrito por\" \/>\n\t<meta name=\"twitter:data1\" content=\"Reda\u00e7\u00e3o Folha Popular\" \/>\n\t<meta name=\"twitter:label2\" content=\"Est. tempo de leitura\" \/>\n\t<meta name=\"twitter:data2\" content=\"2 minutos\" \/>\n<script type=\"application\/ld+json\" class=\"yoast-schema-graph\">{\"@context\":\"https:\\\/\\\/schema.org\",\"@graph\":[{\"@type\":\"Article\",\"@id\":\"https:\\\/\\\/folhapopular.info\\\/index.php\\\/2023\\\/09\\\/10\\\/igp-inicia-mutirao-para-confeccao-de-carteiras-de-identidade-perdidas-pelas-vitimas-das-enchentes\\\/#article\",\"isPartOf\":{\"@id\":\"https:\\\/\\\/folhapopular.info\\\/index.php\\\/2023\\\/09\\\/10\\\/igp-inicia-mutirao-para-confeccao-de-carteiras-de-identidade-perdidas-pelas-vitimas-das-enchentes\\\/\"},\"author\":{\"name\":\"Reda\u00e7\u00e3o Folha Popular\",\"@id\":\"https:\\\/\\\/folhapopular.info\\\/#\\\/schema\\\/person\\\/2814e8a0df7643585a9ca38bc6eb9d4b\"},\"headline\":\"IGP inicia mutir\u00e3o para confec\u00e7\u00e3o de carteiras de identidade perdidas pelas v\u00edtimas das enchentes\",\"datePublished\":\"2023-09-11T00:43:33+00:00\",\"dateModified\":\"2023-09-11T00:43:37+00:00\",\"mainEntityOfPage\":{\"@id\":\"https:\\\/\\\/folhapopular.info\\\/index.php\\\/2023\\\/09\\\/10\\\/igp-inicia-mutirao-para-confeccao-de-carteiras-de-identidade-perdidas-pelas-vitimas-das-enchentes\\\/\"},\"wordCount\":370,\"commentCount\":0,\"image\":{\"@id\":\"https:\\\/\\\/folhapopular.info\\\/index.php\\\/2023\\\/09\\\/10\\\/igp-inicia-mutirao-para-confeccao-de-carteiras-de-identidade-perdidas-pelas-vitimas-das-enchentes\\\/#primaryimage\"},\"thumbnailUrl\":\"https:\\\/\\\/folhapopular.info\\\/wp-content\\\/uploads\\\/2023\\\/09\\\/WhatsApp-Image-2023-09-10-at-21.40.35.jpeg\",\"keywords\":[\"Carteiras de Identidade\",\"Enchent\",\"IGP\",\"Mutir\u00e3o\",\"V\u00edtimas\"],\"articleSection\":[\"Destaques\",\"Geral\"],\"inLanguage\":\"pt-BR\",\"potentialAction\":[{\"@type\":\"CommentAction\",\"name\":\"Comment\",\"target\":[\"https:\\\/\\\/folhapopular.info\\\/index.php\\\/2023\\\/09\\\/10\\\/igp-inicia-mutirao-para-confeccao-de-carteiras-de-identidade-perdidas-pelas-vitimas-das-enchentes\\\/#respond\"]}]},{\"@type\":\"WebPage\",\"@id\":\"https:\\\/\\\/folhapopular.info\\\/index.php\\\/2023\\\/09\\\/10\\\/igp-inicia-mutirao-para-confeccao-de-carteiras-de-identidade-perdidas-pelas-vitimas-das-enchentes\\\/\",\"url\":\"https:\\\/\\\/folhapopular.info\\\/index.php\\\/2023\\\/09\\\/10\\\/igp-inicia-mutirao-para-confeccao-de-carteiras-de-identidade-perdidas-pelas-vitimas-das-enchentes\\\/\",\"name\":\"IGP inicia mutir\u00e3o para confec\u00e7\u00e3o de carteiras de identidade perdidas pelas v\u00edtimas das enchentes - Folha Popular\",\"isPartOf\":{\"@id\":\"https:\\\/\\\/folhapopular.info\\\/#website\"},\"primaryImageOfPage\":{\"@id\":\"https:\\\/\\\/folhapopular.info\\\/index.php\\\/2023\\\/09\\\/10\\\/igp-inicia-mutirao-para-confeccao-de-carteiras-de-identidade-perdidas-pelas-vitimas-das-enchentes\\\/#primaryimage\"},\"image\":{\"@id\":\"https:\\\/\\\/folhapopular.info\\\/index.php\\\/2023\\\/09\\\/10\\\/igp-inicia-mutirao-para-confeccao-de-carteiras-de-identidade-perdidas-pelas-vitimas-das-enchentes\\\/#primaryimage\"},\"thumbnailUrl\":\"https:\\\/\\\/folhapopular.info\\\/wp-content\\\/uploads\\\/2023\\\/09\\\/WhatsApp-Image-2023-09-10-at-21.40.35.jpeg\",\"datePublished\":\"2023-09-11T00:43:33+00:00\",\"dateModified\":\"2023-09-11T00:43:37+00:00\",\"author\":{\"@id\":\"https:\\\/\\\/folhapopular.info\\\/#\\\/schema\\\/person\\\/2814e8a0df7643585a9ca38bc6eb9d4b\"},\"breadcrumb\":{\"@id\":\"https:\\\/\\\/folhapopular.info\\\/index.php\\\/2023\\\/09\\\/10\\\/igp-inicia-mutirao-para-confeccao-de-carteiras-de-identidade-perdidas-pelas-vitimas-das-enchentes\\\/#breadcrumb\"},\"inLanguage\":\"pt-BR\",\"potentialAction\":[{\"@type\":\"ReadAction\",\"target\":[\"https:\\\/\\\/folhapopular.info\\\/index.php\\\/2023\\\/09\\\/10\\\/igp-inicia-mutirao-para-confeccao-de-carteiras-de-identidade-perdidas-pelas-vitimas-das-enchentes\\\/\"]}]},{\"@type\":\"ImageObject\",\"inLanguage\":\"pt-BR\",\"@id\":\"https:\\\/\\\/folhapopular.info\\\/index.php\\\/2023\\\/09\\\/10\\\/igp-inicia-mutirao-para-confeccao-de-carteiras-de-identidade-perdidas-pelas-vitimas-das-enchentes\\\/#primaryimage\",\"url\":\"https:\\\/\\\/folhapopular.info\\\/wp-content\\\/uploads\\\/2023\\\/09\\\/WhatsApp-Image-2023-09-10-at-21.40.35.jpeg\",\"contentUrl\":\"https:\\\/\\\/folhapopular.info\\\/wp-content\\\/uploads\\\/2023\\\/09\\\/WhatsApp-Image-2023-09-10-at-21.40.35.jpeg\",\"width\":1599,\"height\":899,\"caption\":\"Cidade de Mu\u00e7um \\\/ Cr\u00e9dito: Laron Henrique\"},{\"@type\":\"BreadcrumbList\",\"@id\":\"https:\\\/\\\/folhapopular.info\\\/index.php\\\/2023\\\/09\\\/10\\\/igp-inicia-mutirao-para-confeccao-de-carteiras-de-identidade-perdidas-pelas-vitimas-das-enchentes\\\/#breadcrumb\",\"itemListElement\":[{\"@type\":\"ListItem\",\"position\":1,\"name\":\"In\u00edcio\",\"item\":\"https:\\\/\\\/folhapopular.info\\\/\"},{\"@type\":\"ListItem\",\"position\":2,\"name\":\"IGP inicia mutir\u00e3o para confec\u00e7\u00e3o de carteiras de identidade perdidas pelas v\u00edtimas das enchentes\"}]},{\"@type\":\"WebSite\",\"@id\":\"https:\\\/\\\/folhapopular.info\\\/#website\",\"url\":\"https:\\\/\\\/folhapopular.info\\\/\",\"name\":\"Folha Popular\",\"description\":\"Onde voc\u00ea tem vez e voz\",\"potentialAction\":[{\"@type\":\"SearchAction\",\"target\":{\"@type\":\"EntryPoint\",\"urlTemplate\":\"https:\\\/\\\/folhapopular.info\\\/?s={search_term_string}\"},\"query-input\":{\"@type\":\"PropertyValueSpecification\",\"valueRequired\":true,\"valueName\":\"search_term_string\"}}],\"inLanguage\":\"pt-BR\"},{\"@type\":\"Person\",\"@id\":\"https:\\\/\\\/folhapopular.info\\\/#\\\/schema\\\/person\\\/2814e8a0df7643585a9ca38bc6eb9d4b\",\"name\":\"Reda\u00e7\u00e3o Folha Popular\",\"image\":{\"@type\":\"ImageObject\",\"inLanguage\":\"pt-BR\",\"@id\":\"https:\\\/\\\/folhapopular.info\\\/wp-content\\\/uploads\\\/2026\\\/04\\\/Folha-1.webp\",\"url\":\"https:\\\/\\\/folhapopular.info\\\/wp-content\\\/uploads\\\/2026\\\/04\\\/Folha-1.webp\",\"contentUrl\":\"https:\\\/\\\/folhapopular.info\\\/wp-content\\\/uploads\\\/2026\\\/04\\\/Folha-1.webp\",\"caption\":\"Reda\u00e7\u00e3o Folha Popular\"},\"url\":\"https:\\\/\\\/folhapopular.info\\\/index.php\\\/author\\\/redacao\\\/\"}]}<\/script>\n<!-- \/ Yoast SEO plugin. -->","yoast_head_json":{"title":"IGP inicia mutir\u00e3o para confec\u00e7\u00e3o de carteiras de identidade perdidas pelas v\u00edtimas das enchentes - Folha Popular","robots":{"index":"index","follow":"follow","max-snippet":"max-snippet:-1","max-image-preview":"max-image-preview:large","max-video-preview":"max-video-preview:-1"},"canonical":"https:\/\/folhapopular.info\/index.php\/2023\/09\/10\/igp-inicia-mutirao-para-confeccao-de-carteiras-de-identidade-perdidas-pelas-vitimas-das-enchentes\/","og_locale":"pt_BR","og_type":"article","og_title":"IGP inicia mutir\u00e3o para confec\u00e7\u00e3o de carteiras de identidade perdidas pelas v\u00edtimas das enchentes - Folha Popular","og_description":"O Instituto-Geral de Per\u00edcias (IGP) inicia, nesta segunda-feira (11\/9), um mutir\u00e3o para confec\u00e7\u00e3o de carteiras de identidade para a popula\u00e7\u00e3o afetada pelas enchentes resultantes das chuvas intensas do in\u00edcio de setembro. A for\u00e7a-tarefa vai atuar inicialmente no munic\u00edpio de Mu\u00e7um. Em Roca Sales, a opera\u00e7\u00e3o come\u00e7a nesta ter\u00e7a-feira (12\/9). Os dois munic\u00edpios foram os mais [&hellip;]","og_url":"https:\/\/folhapopular.info\/index.php\/2023\/09\/10\/igp-inicia-mutirao-para-confeccao-de-carteiras-de-identidade-perdidas-pelas-vitimas-das-enchentes\/","og_site_name":"Folha Popular","article_published_time":"2023-09-11T00:43:33+00:00","article_modified_time":"2023-09-11T00:43:37+00:00","og_image":[{"width":1599,"height":899,"url":"http:\/\/folhapopular.info\/wp-content\/uploads\/2023\/09\/WhatsApp-Image-2023-09-10-at-21.40.35.jpeg","type":"image\/jpeg"}],"author":"Reda\u00e7\u00e3o Folha Popular","twitter_card":"summary_large_image","twitter_misc":{"Escrito por":"Reda\u00e7\u00e3o Folha Popular","Est. tempo de leitura":"2 minutos"},"schema":{"@context":"https:\/\/schema.org","@graph":[{"@type":"Article","@id":"https:\/\/folhapopular.info\/index.php\/2023\/09\/10\/igp-inicia-mutirao-para-confeccao-de-carteiras-de-identidade-perdidas-pelas-vitimas-das-enchentes\/#article","isPartOf":{"@id":"https:\/\/folhapopular.info\/index.php\/2023\/09\/10\/igp-inicia-mutirao-para-confeccao-de-carteiras-de-identidade-perdidas-pelas-vitimas-das-enchentes\/"},"author":{"name":"Reda\u00e7\u00e3o Folha Popular","@id":"https:\/\/folhapopular.info\/#\/schema\/person\/2814e8a0df7643585a9ca38bc6eb9d4b"},"headline":"IGP inicia mutir\u00e3o para confec\u00e7\u00e3o de carteiras de identidade perdidas pelas v\u00edtimas das enchentes","datePublished":"2023-09-11T00:43:33+00:00","dateModified":"2023-09-11T00:43:37+00:00","mainEntityOfPage":{"@id":"https:\/\/folhapopular.info\/index.php\/2023\/09\/10\/igp-inicia-mutirao-para-confeccao-de-carteiras-de-identidade-perdidas-pelas-vitimas-das-enchentes\/"},"wordCount":370,"commentCount":0,"image":{"@id":"https:\/\/folhapopular.info\/index.php\/2023\/09\/10\/igp-inicia-mutirao-para-confeccao-de-carteiras-de-identidade-perdidas-pelas-vitimas-das-enchentes\/#primaryimage"},"thumbnailUrl":"https:\/\/folhapopular.info\/wp-content\/uploads\/2023\/09\/WhatsApp-Image-2023-09-10-at-21.40.35.jpeg","keywords":["Carteiras de Identidade","Enchent","IGP","Mutir\u00e3o","V\u00edtimas"],"articleSection":["Destaques","Geral"],"inLanguage":"pt-BR","potentialAction":[{"@type":"CommentAction","name":"Comment","target":["https:\/\/folhapopular.info\/index.php\/2023\/09\/10\/igp-inicia-mutirao-para-confeccao-de-carteiras-de-identidade-perdidas-pelas-vitimas-das-enchentes\/#respond"]}]},{"@type":"WebPage","@id":"https:\/\/folhapopular.info\/index.php\/2023\/09\/10\/igp-inicia-mutirao-para-confeccao-de-carteiras-de-identidade-perdidas-pelas-vitimas-das-enchentes\/","url":"https:\/\/folhapopular.info\/index.php\/2023\/09\/10\/igp-inicia-mutirao-para-confeccao-de-carteiras-de-identidade-perdidas-pelas-vitimas-das-enchentes\/","name":"IGP inicia mutir\u00e3o para confec\u00e7\u00e3o de carteiras de identidade perdidas pelas v\u00edtimas das enchentes - Folha Popular","isPartOf":{"@id":"https:\/\/folhapopular.info\/#website"},"primaryImageOfPage":{"@id":"https:\/\/folhapopular.info\/index.php\/2023\/09\/10\/igp-inicia-mutirao-para-confeccao-de-carteiras-de-identidade-perdidas-pelas-vitimas-das-enchentes\/#primaryimage"},"image":{"@id":"https:\/\/folhapopular.info\/index.php\/2023\/09\/10\/igp-inicia-mutirao-para-confeccao-de-carteiras-de-identidade-perdidas-pelas-vitimas-das-enchentes\/#primaryimage"},"thumbnailUrl":"https:\/\/folhapopular.info\/wp-content\/uploads\/2023\/09\/WhatsApp-Image-2023-09-10-at-21.40.35.jpeg","datePublished":"2023-09-11T00:43:33+00:00","dateModified":"2023-09-11T00:43:37+00:00","author":{"@id":"https:\/\/folhapopular.info\/#\/schema\/person\/2814e8a0df7643585a9ca38bc6eb9d4b"},"breadcrumb":{"@id":"https:\/\/folhapopular.info\/index.php\/2023\/09\/10\/igp-inicia-mutirao-para-confeccao-de-carteiras-de-identidade-perdidas-pelas-vitimas-das-enchentes\/#breadcrumb"},"inLanguage":"pt-BR","potentialAction":[{"@type":"ReadAction","target":["https:\/\/folhapopular.info\/index.php\/2023\/09\/10\/igp-inicia-mutirao-para-confeccao-de-carteiras-de-identidade-perdidas-pelas-vitimas-das-enchentes\/"]}]},{"@type":"ImageObject","inLanguage":"pt-BR","@id":"https:\/\/folhapopular.info\/index.php\/2023\/09\/10\/igp-inicia-mutirao-para-confeccao-de-carteiras-de-identidade-perdidas-pelas-vitimas-das-enchentes\/#primaryimage","url":"https:\/\/folhapopular.info\/wp-content\/uploads\/2023\/09\/WhatsApp-Image-2023-09-10-at-21.40.35.jpeg","contentUrl":"https:\/\/folhapopular.info\/wp-content\/uploads\/2023\/09\/WhatsApp-Image-2023-09-10-at-21.40.35.jpeg","width":1599,"height":899,"caption":"Cidade de Mu\u00e7um \/ Cr\u00e9dito: Laron Henrique"},{"@type":"BreadcrumbList","@id":"https:\/\/folhapopular.info\/index.php\/2023\/09\/10\/igp-inicia-mutirao-para-confeccao-de-carteiras-de-identidade-perdidas-pelas-vitimas-das-enchentes\/#breadcrumb","itemListElement":[{"@type":"ListItem","position":1,"name":"In\u00edcio","item":"https:\/\/folhapopular.info\/"},{"@type":"ListItem","position":2,"name":"IGP inicia mutir\u00e3o para confec\u00e7\u00e3o de carteiras de identidade perdidas pelas v\u00edtimas das enchentes"}]},{"@type":"WebSite","@id":"https:\/\/folhapopular.info\/#website","url":"https:\/\/folhapopular.info\/","name":"Folha Popular","description":"Onde voc\u00ea tem vez e voz","potentialAction":[{"@type":"SearchAction","target":{"@type":"EntryPoint","urlTemplate":"https:\/\/folhapopular.info\/?s={search_term_string}"},"query-input":{"@type":"PropertyValueSpecification","valueRequired":true,"valueName":"search_term_string"}}],"inLanguage":"pt-BR"},{"@type":"Person","@id":"https:\/\/folhapopular.info\/#\/schema\/person\/2814e8a0df7643585a9ca38bc6eb9d4b","name":"Reda\u00e7\u00e3o Folha Popular","image":{"@type":"ImageObject","inLanguage":"pt-BR","@id":"https:\/\/folhapopular.info\/wp-content\/uploads\/2026\/04\/Folha-1.webp","url":"https:\/\/folhapopular.info\/wp-content\/uploads\/2026\/04\/Folha-1.webp","contentUrl":"https:\/\/folhapopular.info\/wp-content\/uploads\/2026\/04\/Folha-1.webp","caption":"Reda\u00e7\u00e3o Folha Popular"},"url":"https:\/\/folhapopular.info\/index.php\/author\/redacao\/"}]}},"jetpack_featured_media_url":"https:\/\/folhapopular.info\/wp-content\/uploads\/2023\/09\/WhatsApp-Image-2023-09-10-at-21.40.35.jpeg","jetpack_sharing_enabled":true,"amp_enabled":true,"_links":{"self":[{"href":"https:\/\/folhapopular.info\/index.php\/wp-json\/wp\/v2\/posts\/139559","targetHints":{"allow":["GET"]}}],"collection":[{"href":"https:\/\/folhapopular.info\/index.php\/wp-json\/wp\/v2\/posts"}],"about":[{"href":"https:\/\/folhapopular.info\/index.php\/wp-json\/wp\/v2\/types\/post"}],"author":[{"embeddable":true,"href":"https:\/\/folhapopular.info\/index.php\/wp-json\/wp\/v2\/users\/8"}],"replies":[{"embeddable":true,"href":"https:\/\/folhapopular.info\/index.php\/wp-json\/wp\/v2\/comments?post=139559"}],"version-history":[{"count":0,"href":"https:\/\/folhapopular.info\/index.php\/wp-json\/wp\/v2\/posts\/139559\/revisions"}],"wp:featuredmedia":[{"embeddable":true,"href":"https:\/\/folhapopular.info\/index.php\/wp-json\/wp\/v2\/media\/139560"}],"wp:attachment":[{"href":"https:\/\/folhapopular.info\/index.php\/wp-json\/wp\/v2\/media?parent=139559"}],"wp:term":[{"taxonomy":"category","embeddable":true,"href":"https:\/\/folhapopular.info\/index.php\/wp-json\/wp\/v2\/categories?post=139559"},{"taxonomy":"post_tag","embeddable":true,"href":"https:\/\/folhapopular.info\/index.php\/wp-json\/wp\/v2\/tags?post=139559"}],"curies":[{"name":"wp","href":"https:\/\/api.w.org\/{rel}","templated":true}]}}