{"id":139643,"date":"2023-09-11T17:38:00","date_gmt":"2023-09-11T20:38:00","guid":{"rendered":"https:\/\/folhapopular.info\/?p=139643"},"modified":"2023-09-11T16:36:33","modified_gmt":"2023-09-11T19:36:33","slug":"indice-de-confianca-dos-empresarios-do-comercio-gaucho-cresce-na-margem-em-agosto","status":"publish","type":"post","link":"https:\/\/folhapopular.info\/index.php\/2023\/09\/11\/indice-de-confianca-dos-empresarios-do-comercio-gaucho-cresce-na-margem-em-agosto\/","title":{"rendered":"\u00cdndice de Confian\u00e7a dos Empres\u00e1rios do Com\u00e9rcio Ga\u00facho cresce na margem em agosto"},"content":{"rendered":"\n<p>O \u00edndice de Confian\u00e7a dos Empres\u00e1rios do Com\u00e9rcio Ga\u00facho voltou a crescer na edi\u00e7\u00e3o de agosto de 2023 da pesquisa da Confedera\u00e7\u00e3o Nacional do Com\u00e9rcio (CNC). Divulgado pela Fecom\u00e9rcio-RS, o \u00edndice atingiu os 108 pontos e interrompeu uma s\u00e9rie de tr\u00eas quedas marginais consecutivas, ao variar 1,4%. Em rela\u00e7\u00e3o a agosto de 2022, houve varia\u00e7\u00e3o de -8,5%, com desacelera\u00e7\u00e3o em rela\u00e7\u00e3o a taxa do m\u00eas anterior.\u00a0<\/p>\n\n\n\n<p>O \u00cdndice de Condi\u00e7\u00f5es Atuais dos Empres\u00e1rios do Com\u00e9rcio (Icaec), que aumentou 2,6% na margem, tamb\u00e9m interrompeu tr\u00eas quedas sequencias neste horizonte de compara\u00e7\u00e3o. Relativamente a agosto de 2022, esse \u00edndice variou -17,7%. Dentre os entrevistados, 33,7% relatam que as condi\u00e7\u00f5es atuais da economia est\u00e3o melhores. <\/p>\n\n\n\n<p>Na m\u00e9dia em 12 meses, O Icaec registrou 94,9 pontos, configurando uma percep\u00e7\u00e3o mais pessimista do momento atual. \u201cEm 2023, sem mais o ajuste da volta da normalidade verificado em 2022, e com o mercado de trabalho dando menos impulso ao consumo do que no passado recente, fica mais evidente o impacto do aperto monet\u00e1rio na economia, bem como a situa\u00e7\u00e3o de alto comprometimento da renda das fam\u00edlias com o pagamento de d\u00edvidas como limitante do \u00edmpeto de consumo\u201d, comentou o presidente da Fecom\u00e9rcio-RS, Luiz Carlos Bohn.\u00a0<\/p>\n\n\n\n<h2 class=\"wp-block-heading\">Expectativas<\/h2>\n\n\n\n<p>O \u00cdndice de Expectativas dos Empres\u00e1rios do Com\u00e9rcio (Ieec) atingiu os 136,7 pontos, crescendo 1,1% na margem. Neste caso, tamb\u00e9m houve a interrup\u00e7\u00e3o das tr\u00eas quedas marginais sequenciais. Em rela\u00e7\u00e3o a agosto de 2022, o \u00edndice teve queda de 5%. Dentre os entrevistados, 71,4% esperam que as condi\u00e7\u00f5es da economia brasileira melhorem nos pr\u00f3ximos meses, sendo que 46,8% esperam pouca melhora e 24,6% acreditam numa melhora mais pujante.\u00a0Este \u00edndice avalia a expectativa para contrata\u00e7\u00e3o de funcion\u00e1rios e de investimento, bem como a situa\u00e7\u00e3o dos estoques. <\/p>\n\n\n\n<p>Em rela\u00e7\u00e3o \u00e0 contrata\u00e7\u00e3o de funcion\u00e1rios, o \u00edndice chegou a 119,5 pontos, com avan\u00e7o de 3,7% na margem e queda de 9,5% na compara\u00e7\u00e3o interanual. Dentre os entrevistados, 66,1% acreditam que ir\u00e3o aumentar o quadro de funcion\u00e1rios nos pr\u00f3ximos meses. <\/p>\n\n\n\n<p>O \u00cdndice de Investimentos da empresa registrou 99,4 pontos e teve leve baixa na margem (-0,3%), apresentando uma varia\u00e7\u00e3o mais significativa na compara\u00e7\u00e3o interanual (-9,2%). J\u00e1 a situa\u00e7\u00e3o dos estoques (97,2 pontos) caiu na margem (-1,8%) e cresceu 7,3% na interanual. <\/p>\n\n\n\n<p>O percentual de respostas que consideram o n\u00edvel atual de estoques \u201cacima do adequado\u201d foi de 21,4% dos respondentes. Aqueles que consideraram uma \u201csitua\u00e7\u00e3o adequada\u201d somaram 58,8% em agosto de 2023. Entre os respondentes, 18,6% afirmaram que a situa\u00e7\u00e3o dos estoques est\u00e1 abaixo do adequado e 1,2% n\u00e3o soube afirmar.\u00a0<\/p>\n\n\n\n<p>Confira a\u00a0<a href=\"https:\/\/usilink.usinadenoticias.com.br\/cl\/PQYkz\/yv\/4219\/Ohqq0PWi_LX\/BOe9\/D9xDckEdnTU\/1\/\" target=\"_blank\" rel=\"noreferrer noopener\">an\u00e1lise econ\u00f4mica<\/a>\u00a0e os\u00a0<a href=\"https:\/\/usilink.usinadenoticias.com.br\/cl\/PQYkz\/yv\/4219\/Ohqq0PWi_LX\/BOe9\/BtgGaN7TLnO\/1\/\" target=\"_blank\" rel=\"noreferrer noopener\">dados completos<\/a>.\u00a0<\/p>\n","protected":false},"excerpt":{"rendered":"<p>O \u00edndice de Confian\u00e7a dos Empres\u00e1rios do Com\u00e9rcio Ga\u00facho voltou a crescer na edi\u00e7\u00e3o de agosto de 2023 da pesquisa da Confedera\u00e7\u00e3o Nacional do Com\u00e9rcio (CNC). Divulgado pela Fecom\u00e9rcio-RS, o \u00edndice atingiu os 108 pontos e interrompeu uma s\u00e9rie de tr\u00eas quedas marginais consecutivas, ao variar 1,4%. Em rela\u00e7\u00e3o a agosto de 2022, houve varia\u00e7\u00e3o [&hellip;]<\/p>\n","protected":false},"author":8,"featured_media":139650,"comment_status":"open","ping_status":"open","sticky":false,"template":"","format":"standard","meta":{"pmpro_default_level":"","_jetpack_memberships_contains_paid_content":false,"footnotes":""},"categories":[2,10991],"tags":[13162,6963,11432,13160],"class_list":{"0":"post-139643","1":"post","2":"type-post","3":"status-publish","4":"format-standard","5":"has-post-thumbnail","7":"category-featured","8":"category-economia","9":"tag-condicoes","10":"tag-expectativas","11":"tag-fecomercio-rs","12":"tag-indice-de-confianca-dos-empresarios-do-comercio-gaucho","13":"pmpro-has-access"},"yoast_head":"<!-- This site is optimized with the Yoast SEO plugin v27.5 - https:\/\/yoast.com\/product\/yoast-seo-wordpress\/ -->\n<title>\u00cdndice de Confian\u00e7a dos Empres\u00e1rios do Com\u00e9rcio Ga\u00facho cresce na margem em agosto - Folha Popular<\/title>\n<meta name=\"robots\" content=\"index, follow, max-snippet:-1, max-image-preview:large, max-video-preview:-1\" \/>\n<link rel=\"canonical\" href=\"https:\/\/folhapopular.info\/index.php\/2023\/09\/11\/indice-de-confianca-dos-empresarios-do-comercio-gaucho-cresce-na-margem-em-agosto\/\" \/>\n<meta property=\"og:locale\" content=\"pt_BR\" \/>\n<meta property=\"og:type\" content=\"article\" \/>\n<meta property=\"og:title\" content=\"\u00cdndice de Confian\u00e7a dos Empres\u00e1rios do Com\u00e9rcio Ga\u00facho cresce na margem em agosto - Folha Popular\" \/>\n<meta property=\"og:description\" content=\"O \u00edndice de Confian\u00e7a dos Empres\u00e1rios do Com\u00e9rcio Ga\u00facho voltou a crescer na edi\u00e7\u00e3o de agosto de 2023 da pesquisa da Confedera\u00e7\u00e3o Nacional do Com\u00e9rcio (CNC). Divulgado pela Fecom\u00e9rcio-RS, o \u00edndice atingiu os 108 pontos e interrompeu uma s\u00e9rie de tr\u00eas quedas marginais consecutivas, ao variar 1,4%. Em rela\u00e7\u00e3o a agosto de 2022, houve varia\u00e7\u00e3o [&hellip;]\" \/>\n<meta property=\"og:url\" content=\"https:\/\/folhapopular.info\/index.php\/2023\/09\/11\/indice-de-confianca-dos-empresarios-do-comercio-gaucho-cresce-na-margem-em-agosto\/\" \/>\n<meta property=\"og:site_name\" content=\"Folha Popular\" \/>\n<meta property=\"article:published_time\" content=\"2023-09-11T20:38:00+00:00\" \/>\n<meta property=\"og:image\" content=\"https:\/\/folhapopular.info\/wp-content\/uploads\/2023\/09\/pexels-jack-sparrow-4199524-e1694460842432.jpg\" \/>\n\t<meta property=\"og:image:width\" content=\"1280\" \/>\n\t<meta property=\"og:image:height\" content=\"1002\" \/>\n\t<meta property=\"og:image:type\" content=\"image\/jpeg\" \/>\n<meta name=\"author\" content=\"Reda\u00e7\u00e3o Folha Popular\" \/>\n<meta name=\"twitter:card\" content=\"summary_large_image\" \/>\n<meta name=\"twitter:label1\" content=\"Escrito por\" \/>\n\t<meta name=\"twitter:data1\" content=\"Reda\u00e7\u00e3o Folha Popular\" \/>\n\t<meta name=\"twitter:label2\" content=\"Est. tempo de leitura\" \/>\n\t<meta name=\"twitter:data2\" content=\"3 minutos\" \/>\n<script type=\"application\/ld+json\" class=\"yoast-schema-graph\">{\"@context\":\"https:\\\/\\\/schema.org\",\"@graph\":[{\"@type\":\"Article\",\"@id\":\"https:\\\/\\\/folhapopular.info\\\/index.php\\\/2023\\\/09\\\/11\\\/indice-de-confianca-dos-empresarios-do-comercio-gaucho-cresce-na-margem-em-agosto\\\/#article\",\"isPartOf\":{\"@id\":\"https:\\\/\\\/folhapopular.info\\\/index.php\\\/2023\\\/09\\\/11\\\/indice-de-confianca-dos-empresarios-do-comercio-gaucho-cresce-na-margem-em-agosto\\\/\"},\"author\":{\"name\":\"Reda\u00e7\u00e3o Folha Popular\",\"@id\":\"https:\\\/\\\/folhapopular.info\\\/#\\\/schema\\\/person\\\/2814e8a0df7643585a9ca38bc6eb9d4b\"},\"headline\":\"\u00cdndice de Confian\u00e7a dos Empres\u00e1rios do Com\u00e9rcio Ga\u00facho cresce na margem em agosto\",\"datePublished\":\"2023-09-11T20:38:00+00:00\",\"mainEntityOfPage\":{\"@id\":\"https:\\\/\\\/folhapopular.info\\\/index.php\\\/2023\\\/09\\\/11\\\/indice-de-confianca-dos-empresarios-do-comercio-gaucho-cresce-na-margem-em-agosto\\\/\"},\"wordCount\":469,\"commentCount\":0,\"image\":{\"@id\":\"https:\\\/\\\/folhapopular.info\\\/index.php\\\/2023\\\/09\\\/11\\\/indice-de-confianca-dos-empresarios-do-comercio-gaucho-cresce-na-margem-em-agosto\\\/#primaryimage\"},\"thumbnailUrl\":\"https:\\\/\\\/folhapopular.info\\\/wp-content\\\/uploads\\\/2023\\\/09\\\/pexels-jack-sparrow-4199524-e1694460842432.jpg\",\"keywords\":[\"Condi\u00e7\u00f5es\",\"Expectativas\",\"fecom\u00e9rcio-rs\",\"\u00cdndice de Confian\u00e7a dos Empres\u00e1rios do Com\u00e9rcio Ga\u00facho\"],\"articleSection\":[\"Destaques\",\"Economia\"],\"inLanguage\":\"pt-BR\",\"potentialAction\":[{\"@type\":\"CommentAction\",\"name\":\"Comment\",\"target\":[\"https:\\\/\\\/folhapopular.info\\\/index.php\\\/2023\\\/09\\\/11\\\/indice-de-confianca-dos-empresarios-do-comercio-gaucho-cresce-na-margem-em-agosto\\\/#respond\"]}]},{\"@type\":\"WebPage\",\"@id\":\"https:\\\/\\\/folhapopular.info\\\/index.php\\\/2023\\\/09\\\/11\\\/indice-de-confianca-dos-empresarios-do-comercio-gaucho-cresce-na-margem-em-agosto\\\/\",\"url\":\"https:\\\/\\\/folhapopular.info\\\/index.php\\\/2023\\\/09\\\/11\\\/indice-de-confianca-dos-empresarios-do-comercio-gaucho-cresce-na-margem-em-agosto\\\/\",\"name\":\"\u00cdndice de Confian\u00e7a dos Empres\u00e1rios do Com\u00e9rcio Ga\u00facho cresce na margem em agosto - Folha Popular\",\"isPartOf\":{\"@id\":\"https:\\\/\\\/folhapopular.info\\\/#website\"},\"primaryImageOfPage\":{\"@id\":\"https:\\\/\\\/folhapopular.info\\\/index.php\\\/2023\\\/09\\\/11\\\/indice-de-confianca-dos-empresarios-do-comercio-gaucho-cresce-na-margem-em-agosto\\\/#primaryimage\"},\"image\":{\"@id\":\"https:\\\/\\\/folhapopular.info\\\/index.php\\\/2023\\\/09\\\/11\\\/indice-de-confianca-dos-empresarios-do-comercio-gaucho-cresce-na-margem-em-agosto\\\/#primaryimage\"},\"thumbnailUrl\":\"https:\\\/\\\/folhapopular.info\\\/wp-content\\\/uploads\\\/2023\\\/09\\\/pexels-jack-sparrow-4199524-e1694460842432.jpg\",\"datePublished\":\"2023-09-11T20:38:00+00:00\",\"author\":{\"@id\":\"https:\\\/\\\/folhapopular.info\\\/#\\\/schema\\\/person\\\/2814e8a0df7643585a9ca38bc6eb9d4b\"},\"breadcrumb\":{\"@id\":\"https:\\\/\\\/folhapopular.info\\\/index.php\\\/2023\\\/09\\\/11\\\/indice-de-confianca-dos-empresarios-do-comercio-gaucho-cresce-na-margem-em-agosto\\\/#breadcrumb\"},\"inLanguage\":\"pt-BR\",\"potentialAction\":[{\"@type\":\"ReadAction\",\"target\":[\"https:\\\/\\\/folhapopular.info\\\/index.php\\\/2023\\\/09\\\/11\\\/indice-de-confianca-dos-empresarios-do-comercio-gaucho-cresce-na-margem-em-agosto\\\/\"]}]},{\"@type\":\"ImageObject\",\"inLanguage\":\"pt-BR\",\"@id\":\"https:\\\/\\\/folhapopular.info\\\/index.php\\\/2023\\\/09\\\/11\\\/indice-de-confianca-dos-empresarios-do-comercio-gaucho-cresce-na-margem-em-agosto\\\/#primaryimage\",\"url\":\"https:\\\/\\\/folhapopular.info\\\/wp-content\\\/uploads\\\/2023\\\/09\\\/pexels-jack-sparrow-4199524-e1694460842432.jpg\",\"contentUrl\":\"https:\\\/\\\/folhapopular.info\\\/wp-content\\\/uploads\\\/2023\\\/09\\\/pexels-jack-sparrow-4199524-e1694460842432.jpg\",\"width\":1280,\"height\":1002,\"caption\":\"Cr\u00e9dito: Pexels\"},{\"@type\":\"BreadcrumbList\",\"@id\":\"https:\\\/\\\/folhapopular.info\\\/index.php\\\/2023\\\/09\\\/11\\\/indice-de-confianca-dos-empresarios-do-comercio-gaucho-cresce-na-margem-em-agosto\\\/#breadcrumb\",\"itemListElement\":[{\"@type\":\"ListItem\",\"position\":1,\"name\":\"In\u00edcio\",\"item\":\"https:\\\/\\\/folhapopular.info\\\/\"},{\"@type\":\"ListItem\",\"position\":2,\"name\":\"\u00cdndice de Confian\u00e7a dos Empres\u00e1rios do Com\u00e9rcio Ga\u00facho cresce na margem em agosto\"}]},{\"@type\":\"WebSite\",\"@id\":\"https:\\\/\\\/folhapopular.info\\\/#website\",\"url\":\"https:\\\/\\\/folhapopular.info\\\/\",\"name\":\"Folha Popular\",\"description\":\"Onde voc\u00ea tem vez e voz\",\"potentialAction\":[{\"@type\":\"SearchAction\",\"target\":{\"@type\":\"EntryPoint\",\"urlTemplate\":\"https:\\\/\\\/folhapopular.info\\\/?s={search_term_string}\"},\"query-input\":{\"@type\":\"PropertyValueSpecification\",\"valueRequired\":true,\"valueName\":\"search_term_string\"}}],\"inLanguage\":\"pt-BR\"},{\"@type\":\"Person\",\"@id\":\"https:\\\/\\\/folhapopular.info\\\/#\\\/schema\\\/person\\\/2814e8a0df7643585a9ca38bc6eb9d4b\",\"name\":\"Reda\u00e7\u00e3o Folha Popular\",\"image\":{\"@type\":\"ImageObject\",\"inLanguage\":\"pt-BR\",\"@id\":\"https:\\\/\\\/folhapopular.info\\\/wp-content\\\/uploads\\\/2026\\\/04\\\/Folha-1.webp\",\"url\":\"https:\\\/\\\/folhapopular.info\\\/wp-content\\\/uploads\\\/2026\\\/04\\\/Folha-1.webp\",\"contentUrl\":\"https:\\\/\\\/folhapopular.info\\\/wp-content\\\/uploads\\\/2026\\\/04\\\/Folha-1.webp\",\"caption\":\"Reda\u00e7\u00e3o Folha Popular\"},\"url\":\"https:\\\/\\\/folhapopular.info\\\/index.php\\\/author\\\/redacao\\\/\"}]}<\/script>\n<!-- \/ Yoast SEO plugin. -->","yoast_head_json":{"title":"\u00cdndice de Confian\u00e7a dos Empres\u00e1rios do Com\u00e9rcio Ga\u00facho cresce na margem em agosto - Folha Popular","robots":{"index":"index","follow":"follow","max-snippet":"max-snippet:-1","max-image-preview":"max-image-preview:large","max-video-preview":"max-video-preview:-1"},"canonical":"https:\/\/folhapopular.info\/index.php\/2023\/09\/11\/indice-de-confianca-dos-empresarios-do-comercio-gaucho-cresce-na-margem-em-agosto\/","og_locale":"pt_BR","og_type":"article","og_title":"\u00cdndice de Confian\u00e7a dos Empres\u00e1rios do Com\u00e9rcio Ga\u00facho cresce na margem em agosto - Folha Popular","og_description":"O \u00edndice de Confian\u00e7a dos Empres\u00e1rios do Com\u00e9rcio Ga\u00facho voltou a crescer na edi\u00e7\u00e3o de agosto de 2023 da pesquisa da Confedera\u00e7\u00e3o Nacional do Com\u00e9rcio (CNC). Divulgado pela Fecom\u00e9rcio-RS, o \u00edndice atingiu os 108 pontos e interrompeu uma s\u00e9rie de tr\u00eas quedas marginais consecutivas, ao variar 1,4%. Em rela\u00e7\u00e3o a agosto de 2022, houve varia\u00e7\u00e3o [&hellip;]","og_url":"https:\/\/folhapopular.info\/index.php\/2023\/09\/11\/indice-de-confianca-dos-empresarios-do-comercio-gaucho-cresce-na-margem-em-agosto\/","og_site_name":"Folha Popular","article_published_time":"2023-09-11T20:38:00+00:00","og_image":[{"width":1280,"height":1002,"url":"https:\/\/folhapopular.info\/wp-content\/uploads\/2023\/09\/pexels-jack-sparrow-4199524-e1694460842432.jpg","type":"image\/jpeg"}],"author":"Reda\u00e7\u00e3o Folha Popular","twitter_card":"summary_large_image","twitter_misc":{"Escrito por":"Reda\u00e7\u00e3o Folha Popular","Est. tempo de leitura":"3 minutos"},"schema":{"@context":"https:\/\/schema.org","@graph":[{"@type":"Article","@id":"https:\/\/folhapopular.info\/index.php\/2023\/09\/11\/indice-de-confianca-dos-empresarios-do-comercio-gaucho-cresce-na-margem-em-agosto\/#article","isPartOf":{"@id":"https:\/\/folhapopular.info\/index.php\/2023\/09\/11\/indice-de-confianca-dos-empresarios-do-comercio-gaucho-cresce-na-margem-em-agosto\/"},"author":{"name":"Reda\u00e7\u00e3o Folha Popular","@id":"https:\/\/folhapopular.info\/#\/schema\/person\/2814e8a0df7643585a9ca38bc6eb9d4b"},"headline":"\u00cdndice de Confian\u00e7a dos Empres\u00e1rios do Com\u00e9rcio Ga\u00facho cresce na margem em agosto","datePublished":"2023-09-11T20:38:00+00:00","mainEntityOfPage":{"@id":"https:\/\/folhapopular.info\/index.php\/2023\/09\/11\/indice-de-confianca-dos-empresarios-do-comercio-gaucho-cresce-na-margem-em-agosto\/"},"wordCount":469,"commentCount":0,"image":{"@id":"https:\/\/folhapopular.info\/index.php\/2023\/09\/11\/indice-de-confianca-dos-empresarios-do-comercio-gaucho-cresce-na-margem-em-agosto\/#primaryimage"},"thumbnailUrl":"https:\/\/folhapopular.info\/wp-content\/uploads\/2023\/09\/pexels-jack-sparrow-4199524-e1694460842432.jpg","keywords":["Condi\u00e7\u00f5es","Expectativas","fecom\u00e9rcio-rs","\u00cdndice de Confian\u00e7a dos Empres\u00e1rios do Com\u00e9rcio Ga\u00facho"],"articleSection":["Destaques","Economia"],"inLanguage":"pt-BR","potentialAction":[{"@type":"CommentAction","name":"Comment","target":["https:\/\/folhapopular.info\/index.php\/2023\/09\/11\/indice-de-confianca-dos-empresarios-do-comercio-gaucho-cresce-na-margem-em-agosto\/#respond"]}]},{"@type":"WebPage","@id":"https:\/\/folhapopular.info\/index.php\/2023\/09\/11\/indice-de-confianca-dos-empresarios-do-comercio-gaucho-cresce-na-margem-em-agosto\/","url":"https:\/\/folhapopular.info\/index.php\/2023\/09\/11\/indice-de-confianca-dos-empresarios-do-comercio-gaucho-cresce-na-margem-em-agosto\/","name":"\u00cdndice de Confian\u00e7a dos Empres\u00e1rios do Com\u00e9rcio Ga\u00facho cresce na margem em agosto - Folha Popular","isPartOf":{"@id":"https:\/\/folhapopular.info\/#website"},"primaryImageOfPage":{"@id":"https:\/\/folhapopular.info\/index.php\/2023\/09\/11\/indice-de-confianca-dos-empresarios-do-comercio-gaucho-cresce-na-margem-em-agosto\/#primaryimage"},"image":{"@id":"https:\/\/folhapopular.info\/index.php\/2023\/09\/11\/indice-de-confianca-dos-empresarios-do-comercio-gaucho-cresce-na-margem-em-agosto\/#primaryimage"},"thumbnailUrl":"https:\/\/folhapopular.info\/wp-content\/uploads\/2023\/09\/pexels-jack-sparrow-4199524-e1694460842432.jpg","datePublished":"2023-09-11T20:38:00+00:00","author":{"@id":"https:\/\/folhapopular.info\/#\/schema\/person\/2814e8a0df7643585a9ca38bc6eb9d4b"},"breadcrumb":{"@id":"https:\/\/folhapopular.info\/index.php\/2023\/09\/11\/indice-de-confianca-dos-empresarios-do-comercio-gaucho-cresce-na-margem-em-agosto\/#breadcrumb"},"inLanguage":"pt-BR","potentialAction":[{"@type":"ReadAction","target":["https:\/\/folhapopular.info\/index.php\/2023\/09\/11\/indice-de-confianca-dos-empresarios-do-comercio-gaucho-cresce-na-margem-em-agosto\/"]}]},{"@type":"ImageObject","inLanguage":"pt-BR","@id":"https:\/\/folhapopular.info\/index.php\/2023\/09\/11\/indice-de-confianca-dos-empresarios-do-comercio-gaucho-cresce-na-margem-em-agosto\/#primaryimage","url":"https:\/\/folhapopular.info\/wp-content\/uploads\/2023\/09\/pexels-jack-sparrow-4199524-e1694460842432.jpg","contentUrl":"https:\/\/folhapopular.info\/wp-content\/uploads\/2023\/09\/pexels-jack-sparrow-4199524-e1694460842432.jpg","width":1280,"height":1002,"caption":"Cr\u00e9dito: Pexels"},{"@type":"BreadcrumbList","@id":"https:\/\/folhapopular.info\/index.php\/2023\/09\/11\/indice-de-confianca-dos-empresarios-do-comercio-gaucho-cresce-na-margem-em-agosto\/#breadcrumb","itemListElement":[{"@type":"ListItem","position":1,"name":"In\u00edcio","item":"https:\/\/folhapopular.info\/"},{"@type":"ListItem","position":2,"name":"\u00cdndice de Confian\u00e7a dos Empres\u00e1rios do Com\u00e9rcio Ga\u00facho cresce na margem em agosto"}]},{"@type":"WebSite","@id":"https:\/\/folhapopular.info\/#website","url":"https:\/\/folhapopular.info\/","name":"Folha Popular","description":"Onde voc\u00ea tem vez e voz","potentialAction":[{"@type":"SearchAction","target":{"@type":"EntryPoint","urlTemplate":"https:\/\/folhapopular.info\/?s={search_term_string}"},"query-input":{"@type":"PropertyValueSpecification","valueRequired":true,"valueName":"search_term_string"}}],"inLanguage":"pt-BR"},{"@type":"Person","@id":"https:\/\/folhapopular.info\/#\/schema\/person\/2814e8a0df7643585a9ca38bc6eb9d4b","name":"Reda\u00e7\u00e3o Folha Popular","image":{"@type":"ImageObject","inLanguage":"pt-BR","@id":"https:\/\/folhapopular.info\/wp-content\/uploads\/2026\/04\/Folha-1.webp","url":"https:\/\/folhapopular.info\/wp-content\/uploads\/2026\/04\/Folha-1.webp","contentUrl":"https:\/\/folhapopular.info\/wp-content\/uploads\/2026\/04\/Folha-1.webp","caption":"Reda\u00e7\u00e3o Folha Popular"},"url":"https:\/\/folhapopular.info\/index.php\/author\/redacao\/"}]}},"jetpack_featured_media_url":"https:\/\/folhapopular.info\/wp-content\/uploads\/2023\/09\/pexels-jack-sparrow-4199524-e1694460842432.jpg","jetpack_sharing_enabled":true,"amp_enabled":true,"_links":{"self":[{"href":"https:\/\/folhapopular.info\/index.php\/wp-json\/wp\/v2\/posts\/139643","targetHints":{"allow":["GET"]}}],"collection":[{"href":"https:\/\/folhapopular.info\/index.php\/wp-json\/wp\/v2\/posts"}],"about":[{"href":"https:\/\/folhapopular.info\/index.php\/wp-json\/wp\/v2\/types\/post"}],"author":[{"embeddable":true,"href":"https:\/\/folhapopular.info\/index.php\/wp-json\/wp\/v2\/users\/8"}],"replies":[{"embeddable":true,"href":"https:\/\/folhapopular.info\/index.php\/wp-json\/wp\/v2\/comments?post=139643"}],"version-history":[{"count":0,"href":"https:\/\/folhapopular.info\/index.php\/wp-json\/wp\/v2\/posts\/139643\/revisions"}],"wp:featuredmedia":[{"embeddable":true,"href":"https:\/\/folhapopular.info\/index.php\/wp-json\/wp\/v2\/media\/139650"}],"wp:attachment":[{"href":"https:\/\/folhapopular.info\/index.php\/wp-json\/wp\/v2\/media?parent=139643"}],"wp:term":[{"taxonomy":"category","embeddable":true,"href":"https:\/\/folhapopular.info\/index.php\/wp-json\/wp\/v2\/categories?post=139643"},{"taxonomy":"post_tag","embeddable":true,"href":"https:\/\/folhapopular.info\/index.php\/wp-json\/wp\/v2\/tags?post=139643"}],"curies":[{"name":"wp","href":"https:\/\/api.w.org\/{rel}","templated":true}]}}