{"id":139683,"date":"2023-09-12T16:10:03","date_gmt":"2023-09-12T19:10:03","guid":{"rendered":"https:\/\/folhapopular.info\/?p=139683"},"modified":"2023-09-12T16:10:06","modified_gmt":"2023-09-12T19:10:06","slug":"fepam-prorroga-vencimento-das-licencas-de-operacao-de-empreendimentos-atingidos-pelos-temporais","status":"publish","type":"post","link":"https:\/\/folhapopular.info\/index.php\/2023\/09\/12\/fepam-prorroga-vencimento-das-licencas-de-operacao-de-empreendimentos-atingidos-pelos-temporais\/","title":{"rendered":"Fepam prorroga vencimento das licen\u00e7as de opera\u00e7\u00e3o de empreendimentos atingidos pelos temporais"},"content":{"rendered":"\n<p>A Funda\u00e7\u00e3o Estadual de Prote\u00e7\u00e3o Ambiental (Fepam) prorrogou, temporariamente, o per\u00edodo de vencimento das licen\u00e7as de opera\u00e7\u00e3o (LO) e suspendeu os prazos processuais de empreendimentos localizados em munic\u00edpios atingidos pelos desastres naturais no Rio Grande do Sul. A Portaria N\u00ba 340\/2023 foi publicada no Di\u00e1rio Oficial desta ter\u00e7a-feira (12\/9).<\/p>\n\n\n\n<p>O documento prev\u00ea que ficam suspensos, por 90 dias, os prazos para renova\u00e7\u00e3o de licen\u00e7as, juntadas de documentos, relat\u00f3rios, condicionantes e exig\u00eancias do licenciamento ambiental, independentemente da fase em que os processos se encontram.<\/p>\n\n\n\n<p>As suspens\u00f5es n\u00e3o t\u00eam reflexos sobre os monitoramentos necess\u00e1rios ao controle de qualidade dos impactos gerados pela instala\u00e7\u00e3o ou opera\u00e7\u00e3o dos empreendimentos, os quais devem ser mantidos nos casos de continuidade das atividades.<\/p>\n\n\n\n<p>Caso haja necessidade de reconstru\u00e7\u00e3o das estruturas f\u00edsicas da atividade licenciada, dever\u00e1 ser apresentado \u00e0 Fepam, antes das obras, um relat\u00f3rio com a situa\u00e7\u00e3o do empreendimento, as obras que ser\u00e3o realizadas, bem como o cronograma previsto para rein\u00edcio das atividades.<\/p>\n\n\n\n<ul class=\"wp-block-list\">\n<li><a href=\"https:\/\/www.diariooficial.rs.gov.br\/materia?id=901736\" target=\"_blank\" rel=\"noreferrer noopener\"><strong>Link para ler a portaria na \u00edntegra<\/strong><\/a><\/li>\n<\/ul>\n\n\n\n<p><strong>Destina\u00e7\u00e3o de res\u00edduos<\/strong><\/p>\n\n\n\n<p>Tamb\u00e9m nesta ter\u00e7a-feira (12\/9), o governo do Estado, por meio da Secretaria do Meio Ambiente e Infraestrutura (Sema) e da Funda\u00e7\u00e3o Estadual de Prote\u00e7\u00e3o Ambiental (Fepam)&nbsp;<a href=\"https:\/\/estado.rs.gov.br\/rs-publica-regramento-para-destinacao-de-residuos-em-areas-atingidas-pelos-temporais\" target=\"_blank\" rel=\"noreferrer noopener\">publicou a Instru\u00e7\u00e3o Normativa 02\/2023<\/a>.<\/p>\n\n\n\n<p>Segundo o regramento, os res\u00edduos s\u00f3lidos urbanos e entulhos gerados em fun\u00e7\u00e3o do desastre natural dever\u00e3o ser recolhidos e destinados a locais licenciados ou autorizados pelo \u00f3rg\u00e3o ambiental para armazenamento at\u00e9 sua destina\u00e7\u00e3o final adequada em aterro sanit\u00e1rio. A instru\u00e7\u00e3o normativa tamb\u00e9m orienta a destina\u00e7\u00e3o de cad\u00e1veres de animais oriundos dos empreendimentos de cria\u00e7\u00f5es confinadas.<\/p>\n\n\n\n<ul class=\"wp-block-list\">\n<li><strong><a href=\"https:\/\/www.diariooficial.rs.gov.br\/materia?id=901735\" target=\"_blank\" rel=\"noreferrer noopener\">Link para ler a instru\u00e7\u00e3o normativa na \u00edntegra<\/a><\/strong><\/li>\n<\/ul>\n\n\n\n<p><strong>Diretriz T\u00e9cnica<\/strong><\/p>\n\n\n\n<p>A Fepam j\u00e1 havia publicado, no Di\u00e1rio Oficial de sexta-feira (8\/9), a Diretriz T\u00e9cnica 14\/2023, sobre a conduta de atendimento e fiscaliza\u00e7\u00e3o aos empreendimentos afetados por desastres naturais no Rio Grande do Sul.<\/p>\n\n\n\n<p>Os empreendedores que violarem regras de prote\u00e7\u00e3o e recupera\u00e7\u00e3o ambiental em raz\u00e3o de desastres naturais n\u00e3o ter\u00e3o incid\u00eancia de autua\u00e7\u00e3o. No entanto, ser\u00e1 necess\u00e1ria a comprova\u00e7\u00e3o por meio de relat\u00f3rio descritivo e fotogr\u00e1fico das instala\u00e7\u00f5es, assinado pelo profissional respons\u00e1vel pelo empreendimento.&nbsp;<\/p>\n","protected":false},"excerpt":{"rendered":"<p>A Funda\u00e7\u00e3o Estadual de Prote\u00e7\u00e3o Ambiental (Fepam) prorrogou, temporariamente, o per\u00edodo de vencimento das licen\u00e7as de opera\u00e7\u00e3o (LO) e suspendeu os prazos processuais de empreendimentos localizados em munic\u00edpios atingidos pelos desastres naturais no Rio Grande do Sul. A Portaria N\u00ba 340\/2023 foi publicada no Di\u00e1rio Oficial desta ter\u00e7a-feira (12\/9). O documento prev\u00ea que ficam suspensos, [&hellip;]<\/p>\n","protected":false},"author":8,"featured_media":139684,"comment_status":"open","ping_status":"open","sticky":false,"template":"","format":"standard","meta":{"pmpro_default_level":"","_jetpack_memberships_contains_paid_content":false,"footnotes":""},"categories":[2,3,11025],"tags":[10644,5303,1644,1141,6459],"class_list":{"0":"post-139683","1":"post","2":"type-post","3":"status-publish","4":"format-standard","5":"has-post-thumbnail","7":"category-featured","8":"category-geral","9":"category-meio-ambiente","10":"tag-empreendimentos","11":"tag-fepam","12":"tag-prorrogacao","13":"tag-temporais","14":"tag-vencimentos","15":"pmpro-has-access"},"yoast_head":"<!-- This site is optimized with the Yoast SEO plugin v27.5 - https:\/\/yoast.com\/product\/yoast-seo-wordpress\/ -->\n<title>Fepam prorroga vencimento das licen\u00e7as de opera\u00e7\u00e3o de empreendimentos atingidos pelos temporais - Folha Popular<\/title>\n<meta name=\"robots\" content=\"index, follow, max-snippet:-1, max-image-preview:large, max-video-preview:-1\" \/>\n<link rel=\"canonical\" href=\"https:\/\/folhapopular.info\/index.php\/2023\/09\/12\/fepam-prorroga-vencimento-das-licencas-de-operacao-de-empreendimentos-atingidos-pelos-temporais\/\" \/>\n<meta property=\"og:locale\" content=\"pt_BR\" \/>\n<meta property=\"og:type\" content=\"article\" \/>\n<meta property=\"og:title\" content=\"Fepam prorroga vencimento das licen\u00e7as de opera\u00e7\u00e3o de empreendimentos atingidos pelos temporais - Folha Popular\" \/>\n<meta property=\"og:description\" content=\"A Funda\u00e7\u00e3o Estadual de Prote\u00e7\u00e3o Ambiental (Fepam) prorrogou, temporariamente, o per\u00edodo de vencimento das licen\u00e7as de opera\u00e7\u00e3o (LO) e suspendeu os prazos processuais de empreendimentos localizados em munic\u00edpios atingidos pelos desastres naturais no Rio Grande do Sul. A Portaria N\u00ba 340\/2023 foi publicada no Di\u00e1rio Oficial desta ter\u00e7a-feira (12\/9). O documento prev\u00ea que ficam suspensos, [&hellip;]\" \/>\n<meta property=\"og:url\" content=\"https:\/\/folhapopular.info\/index.php\/2023\/09\/12\/fepam-prorroga-vencimento-das-licencas-de-operacao-de-empreendimentos-atingidos-pelos-temporais\/\" \/>\n<meta property=\"og:site_name\" content=\"Folha Popular\" \/>\n<meta property=\"article:published_time\" content=\"2023-09-12T19:10:03+00:00\" \/>\n<meta property=\"article:modified_time\" content=\"2023-09-12T19:10:06+00:00\" \/>\n<meta property=\"og:image\" content=\"http:\/\/folhapopular.info\/wp-content\/uploads\/2023\/09\/12143043_2084939_GDO.jpg\" \/>\n\t<meta property=\"og:image:width\" content=\"800\" \/>\n\t<meta property=\"og:image:height\" content=\"453\" \/>\n\t<meta property=\"og:image:type\" content=\"image\/jpeg\" \/>\n<meta name=\"author\" content=\"Reda\u00e7\u00e3o Folha Popular\" \/>\n<meta name=\"twitter:card\" content=\"summary_large_image\" \/>\n<meta name=\"twitter:label1\" content=\"Escrito por\" \/>\n\t<meta name=\"twitter:data1\" content=\"Reda\u00e7\u00e3o Folha Popular\" \/>\n\t<meta name=\"twitter:label2\" content=\"Est. tempo de leitura\" \/>\n\t<meta name=\"twitter:data2\" content=\"2 minutos\" \/>\n<script type=\"application\/ld+json\" class=\"yoast-schema-graph\">{\"@context\":\"https:\\\/\\\/schema.org\",\"@graph\":[{\"@type\":\"Article\",\"@id\":\"https:\\\/\\\/folhapopular.info\\\/index.php\\\/2023\\\/09\\\/12\\\/fepam-prorroga-vencimento-das-licencas-de-operacao-de-empreendimentos-atingidos-pelos-temporais\\\/#article\",\"isPartOf\":{\"@id\":\"https:\\\/\\\/folhapopular.info\\\/index.php\\\/2023\\\/09\\\/12\\\/fepam-prorroga-vencimento-das-licencas-de-operacao-de-empreendimentos-atingidos-pelos-temporais\\\/\"},\"author\":{\"name\":\"Reda\u00e7\u00e3o Folha Popular\",\"@id\":\"https:\\\/\\\/folhapopular.info\\\/#\\\/schema\\\/person\\\/2814e8a0df7643585a9ca38bc6eb9d4b\"},\"headline\":\"Fepam prorroga vencimento das licen\u00e7as de opera\u00e7\u00e3o de empreendimentos atingidos pelos temporais\",\"datePublished\":\"2023-09-12T19:10:03+00:00\",\"dateModified\":\"2023-09-12T19:10:06+00:00\",\"mainEntityOfPage\":{\"@id\":\"https:\\\/\\\/folhapopular.info\\\/index.php\\\/2023\\\/09\\\/12\\\/fepam-prorroga-vencimento-das-licencas-de-operacao-de-empreendimentos-atingidos-pelos-temporais\\\/\"},\"wordCount\":405,\"commentCount\":0,\"image\":{\"@id\":\"https:\\\/\\\/folhapopular.info\\\/index.php\\\/2023\\\/09\\\/12\\\/fepam-prorroga-vencimento-das-licencas-de-operacao-de-empreendimentos-atingidos-pelos-temporais\\\/#primaryimage\"},\"thumbnailUrl\":\"https:\\\/\\\/folhapopular.info\\\/wp-content\\\/uploads\\\/2023\\\/09\\\/12143043_2084939_GDO.jpg\",\"keywords\":[\"empreendimentos\",\"Fepam\",\"Prorroga\u00e7\u00e3o\",\"Temporais\",\"Vencimentos\"],\"articleSection\":[\"Destaques\",\"Geral\",\"Meio Ambiente\"],\"inLanguage\":\"pt-BR\",\"potentialAction\":[{\"@type\":\"CommentAction\",\"name\":\"Comment\",\"target\":[\"https:\\\/\\\/folhapopular.info\\\/index.php\\\/2023\\\/09\\\/12\\\/fepam-prorroga-vencimento-das-licencas-de-operacao-de-empreendimentos-atingidos-pelos-temporais\\\/#respond\"]}]},{\"@type\":\"WebPage\",\"@id\":\"https:\\\/\\\/folhapopular.info\\\/index.php\\\/2023\\\/09\\\/12\\\/fepam-prorroga-vencimento-das-licencas-de-operacao-de-empreendimentos-atingidos-pelos-temporais\\\/\",\"url\":\"https:\\\/\\\/folhapopular.info\\\/index.php\\\/2023\\\/09\\\/12\\\/fepam-prorroga-vencimento-das-licencas-de-operacao-de-empreendimentos-atingidos-pelos-temporais\\\/\",\"name\":\"Fepam prorroga vencimento das licen\u00e7as de opera\u00e7\u00e3o de empreendimentos atingidos pelos temporais - Folha Popular\",\"isPartOf\":{\"@id\":\"https:\\\/\\\/folhapopular.info\\\/#website\"},\"primaryImageOfPage\":{\"@id\":\"https:\\\/\\\/folhapopular.info\\\/index.php\\\/2023\\\/09\\\/12\\\/fepam-prorroga-vencimento-das-licencas-de-operacao-de-empreendimentos-atingidos-pelos-temporais\\\/#primaryimage\"},\"image\":{\"@id\":\"https:\\\/\\\/folhapopular.info\\\/index.php\\\/2023\\\/09\\\/12\\\/fepam-prorroga-vencimento-das-licencas-de-operacao-de-empreendimentos-atingidos-pelos-temporais\\\/#primaryimage\"},\"thumbnailUrl\":\"https:\\\/\\\/folhapopular.info\\\/wp-content\\\/uploads\\\/2023\\\/09\\\/12143043_2084939_GDO.jpg\",\"datePublished\":\"2023-09-12T19:10:03+00:00\",\"dateModified\":\"2023-09-12T19:10:06+00:00\",\"author\":{\"@id\":\"https:\\\/\\\/folhapopular.info\\\/#\\\/schema\\\/person\\\/2814e8a0df7643585a9ca38bc6eb9d4b\"},\"breadcrumb\":{\"@id\":\"https:\\\/\\\/folhapopular.info\\\/index.php\\\/2023\\\/09\\\/12\\\/fepam-prorroga-vencimento-das-licencas-de-operacao-de-empreendimentos-atingidos-pelos-temporais\\\/#breadcrumb\"},\"inLanguage\":\"pt-BR\",\"potentialAction\":[{\"@type\":\"ReadAction\",\"target\":[\"https:\\\/\\\/folhapopular.info\\\/index.php\\\/2023\\\/09\\\/12\\\/fepam-prorroga-vencimento-das-licencas-de-operacao-de-empreendimentos-atingidos-pelos-temporais\\\/\"]}]},{\"@type\":\"ImageObject\",\"inLanguage\":\"pt-BR\",\"@id\":\"https:\\\/\\\/folhapopular.info\\\/index.php\\\/2023\\\/09\\\/12\\\/fepam-prorroga-vencimento-das-licencas-de-operacao-de-empreendimentos-atingidos-pelos-temporais\\\/#primaryimage\",\"url\":\"https:\\\/\\\/folhapopular.info\\\/wp-content\\\/uploads\\\/2023\\\/09\\\/12143043_2084939_GDO.jpg\",\"contentUrl\":\"https:\\\/\\\/folhapopular.info\\\/wp-content\\\/uploads\\\/2023\\\/09\\\/12143043_2084939_GDO.jpg\",\"width\":800,\"height\":453,\"caption\":\"Cr\u00e9dito: Reprodu\u00e7\u00e3o\"},{\"@type\":\"BreadcrumbList\",\"@id\":\"https:\\\/\\\/folhapopular.info\\\/index.php\\\/2023\\\/09\\\/12\\\/fepam-prorroga-vencimento-das-licencas-de-operacao-de-empreendimentos-atingidos-pelos-temporais\\\/#breadcrumb\",\"itemListElement\":[{\"@type\":\"ListItem\",\"position\":1,\"name\":\"In\u00edcio\",\"item\":\"https:\\\/\\\/folhapopular.info\\\/\"},{\"@type\":\"ListItem\",\"position\":2,\"name\":\"Fepam prorroga vencimento das licen\u00e7as de opera\u00e7\u00e3o de empreendimentos atingidos pelos temporais\"}]},{\"@type\":\"WebSite\",\"@id\":\"https:\\\/\\\/folhapopular.info\\\/#website\",\"url\":\"https:\\\/\\\/folhapopular.info\\\/\",\"name\":\"Folha Popular\",\"description\":\"Onde voc\u00ea tem vez e voz\",\"potentialAction\":[{\"@type\":\"SearchAction\",\"target\":{\"@type\":\"EntryPoint\",\"urlTemplate\":\"https:\\\/\\\/folhapopular.info\\\/?s={search_term_string}\"},\"query-input\":{\"@type\":\"PropertyValueSpecification\",\"valueRequired\":true,\"valueName\":\"search_term_string\"}}],\"inLanguage\":\"pt-BR\"},{\"@type\":\"Person\",\"@id\":\"https:\\\/\\\/folhapopular.info\\\/#\\\/schema\\\/person\\\/2814e8a0df7643585a9ca38bc6eb9d4b\",\"name\":\"Reda\u00e7\u00e3o Folha Popular\",\"image\":{\"@type\":\"ImageObject\",\"inLanguage\":\"pt-BR\",\"@id\":\"https:\\\/\\\/folhapopular.info\\\/wp-content\\\/uploads\\\/2026\\\/04\\\/Folha-1.webp\",\"url\":\"https:\\\/\\\/folhapopular.info\\\/wp-content\\\/uploads\\\/2026\\\/04\\\/Folha-1.webp\",\"contentUrl\":\"https:\\\/\\\/folhapopular.info\\\/wp-content\\\/uploads\\\/2026\\\/04\\\/Folha-1.webp\",\"caption\":\"Reda\u00e7\u00e3o Folha Popular\"},\"url\":\"https:\\\/\\\/folhapopular.info\\\/index.php\\\/author\\\/redacao\\\/\"}]}<\/script>\n<!-- \/ Yoast SEO plugin. -->","yoast_head_json":{"title":"Fepam prorroga vencimento das licen\u00e7as de opera\u00e7\u00e3o de empreendimentos atingidos pelos temporais - Folha Popular","robots":{"index":"index","follow":"follow","max-snippet":"max-snippet:-1","max-image-preview":"max-image-preview:large","max-video-preview":"max-video-preview:-1"},"canonical":"https:\/\/folhapopular.info\/index.php\/2023\/09\/12\/fepam-prorroga-vencimento-das-licencas-de-operacao-de-empreendimentos-atingidos-pelos-temporais\/","og_locale":"pt_BR","og_type":"article","og_title":"Fepam prorroga vencimento das licen\u00e7as de opera\u00e7\u00e3o de empreendimentos atingidos pelos temporais - Folha Popular","og_description":"A Funda\u00e7\u00e3o Estadual de Prote\u00e7\u00e3o Ambiental (Fepam) prorrogou, temporariamente, o per\u00edodo de vencimento das licen\u00e7as de opera\u00e7\u00e3o (LO) e suspendeu os prazos processuais de empreendimentos localizados em munic\u00edpios atingidos pelos desastres naturais no Rio Grande do Sul. A Portaria N\u00ba 340\/2023 foi publicada no Di\u00e1rio Oficial desta ter\u00e7a-feira (12\/9). O documento prev\u00ea que ficam suspensos, [&hellip;]","og_url":"https:\/\/folhapopular.info\/index.php\/2023\/09\/12\/fepam-prorroga-vencimento-das-licencas-de-operacao-de-empreendimentos-atingidos-pelos-temporais\/","og_site_name":"Folha Popular","article_published_time":"2023-09-12T19:10:03+00:00","article_modified_time":"2023-09-12T19:10:06+00:00","og_image":[{"width":800,"height":453,"url":"http:\/\/folhapopular.info\/wp-content\/uploads\/2023\/09\/12143043_2084939_GDO.jpg","type":"image\/jpeg"}],"author":"Reda\u00e7\u00e3o Folha Popular","twitter_card":"summary_large_image","twitter_misc":{"Escrito por":"Reda\u00e7\u00e3o Folha Popular","Est. tempo de leitura":"2 minutos"},"schema":{"@context":"https:\/\/schema.org","@graph":[{"@type":"Article","@id":"https:\/\/folhapopular.info\/index.php\/2023\/09\/12\/fepam-prorroga-vencimento-das-licencas-de-operacao-de-empreendimentos-atingidos-pelos-temporais\/#article","isPartOf":{"@id":"https:\/\/folhapopular.info\/index.php\/2023\/09\/12\/fepam-prorroga-vencimento-das-licencas-de-operacao-de-empreendimentos-atingidos-pelos-temporais\/"},"author":{"name":"Reda\u00e7\u00e3o Folha Popular","@id":"https:\/\/folhapopular.info\/#\/schema\/person\/2814e8a0df7643585a9ca38bc6eb9d4b"},"headline":"Fepam prorroga vencimento das licen\u00e7as de opera\u00e7\u00e3o de empreendimentos atingidos pelos temporais","datePublished":"2023-09-12T19:10:03+00:00","dateModified":"2023-09-12T19:10:06+00:00","mainEntityOfPage":{"@id":"https:\/\/folhapopular.info\/index.php\/2023\/09\/12\/fepam-prorroga-vencimento-das-licencas-de-operacao-de-empreendimentos-atingidos-pelos-temporais\/"},"wordCount":405,"commentCount":0,"image":{"@id":"https:\/\/folhapopular.info\/index.php\/2023\/09\/12\/fepam-prorroga-vencimento-das-licencas-de-operacao-de-empreendimentos-atingidos-pelos-temporais\/#primaryimage"},"thumbnailUrl":"https:\/\/folhapopular.info\/wp-content\/uploads\/2023\/09\/12143043_2084939_GDO.jpg","keywords":["empreendimentos","Fepam","Prorroga\u00e7\u00e3o","Temporais","Vencimentos"],"articleSection":["Destaques","Geral","Meio Ambiente"],"inLanguage":"pt-BR","potentialAction":[{"@type":"CommentAction","name":"Comment","target":["https:\/\/folhapopular.info\/index.php\/2023\/09\/12\/fepam-prorroga-vencimento-das-licencas-de-operacao-de-empreendimentos-atingidos-pelos-temporais\/#respond"]}]},{"@type":"WebPage","@id":"https:\/\/folhapopular.info\/index.php\/2023\/09\/12\/fepam-prorroga-vencimento-das-licencas-de-operacao-de-empreendimentos-atingidos-pelos-temporais\/","url":"https:\/\/folhapopular.info\/index.php\/2023\/09\/12\/fepam-prorroga-vencimento-das-licencas-de-operacao-de-empreendimentos-atingidos-pelos-temporais\/","name":"Fepam prorroga vencimento das licen\u00e7as de opera\u00e7\u00e3o de empreendimentos atingidos pelos temporais - Folha Popular","isPartOf":{"@id":"https:\/\/folhapopular.info\/#website"},"primaryImageOfPage":{"@id":"https:\/\/folhapopular.info\/index.php\/2023\/09\/12\/fepam-prorroga-vencimento-das-licencas-de-operacao-de-empreendimentos-atingidos-pelos-temporais\/#primaryimage"},"image":{"@id":"https:\/\/folhapopular.info\/index.php\/2023\/09\/12\/fepam-prorroga-vencimento-das-licencas-de-operacao-de-empreendimentos-atingidos-pelos-temporais\/#primaryimage"},"thumbnailUrl":"https:\/\/folhapopular.info\/wp-content\/uploads\/2023\/09\/12143043_2084939_GDO.jpg","datePublished":"2023-09-12T19:10:03+00:00","dateModified":"2023-09-12T19:10:06+00:00","author":{"@id":"https:\/\/folhapopular.info\/#\/schema\/person\/2814e8a0df7643585a9ca38bc6eb9d4b"},"breadcrumb":{"@id":"https:\/\/folhapopular.info\/index.php\/2023\/09\/12\/fepam-prorroga-vencimento-das-licencas-de-operacao-de-empreendimentos-atingidos-pelos-temporais\/#breadcrumb"},"inLanguage":"pt-BR","potentialAction":[{"@type":"ReadAction","target":["https:\/\/folhapopular.info\/index.php\/2023\/09\/12\/fepam-prorroga-vencimento-das-licencas-de-operacao-de-empreendimentos-atingidos-pelos-temporais\/"]}]},{"@type":"ImageObject","inLanguage":"pt-BR","@id":"https:\/\/folhapopular.info\/index.php\/2023\/09\/12\/fepam-prorroga-vencimento-das-licencas-de-operacao-de-empreendimentos-atingidos-pelos-temporais\/#primaryimage","url":"https:\/\/folhapopular.info\/wp-content\/uploads\/2023\/09\/12143043_2084939_GDO.jpg","contentUrl":"https:\/\/folhapopular.info\/wp-content\/uploads\/2023\/09\/12143043_2084939_GDO.jpg","width":800,"height":453,"caption":"Cr\u00e9dito: Reprodu\u00e7\u00e3o"},{"@type":"BreadcrumbList","@id":"https:\/\/folhapopular.info\/index.php\/2023\/09\/12\/fepam-prorroga-vencimento-das-licencas-de-operacao-de-empreendimentos-atingidos-pelos-temporais\/#breadcrumb","itemListElement":[{"@type":"ListItem","position":1,"name":"In\u00edcio","item":"https:\/\/folhapopular.info\/"},{"@type":"ListItem","position":2,"name":"Fepam prorroga vencimento das licen\u00e7as de opera\u00e7\u00e3o de empreendimentos atingidos pelos temporais"}]},{"@type":"WebSite","@id":"https:\/\/folhapopular.info\/#website","url":"https:\/\/folhapopular.info\/","name":"Folha Popular","description":"Onde voc\u00ea tem vez e voz","potentialAction":[{"@type":"SearchAction","target":{"@type":"EntryPoint","urlTemplate":"https:\/\/folhapopular.info\/?s={search_term_string}"},"query-input":{"@type":"PropertyValueSpecification","valueRequired":true,"valueName":"search_term_string"}}],"inLanguage":"pt-BR"},{"@type":"Person","@id":"https:\/\/folhapopular.info\/#\/schema\/person\/2814e8a0df7643585a9ca38bc6eb9d4b","name":"Reda\u00e7\u00e3o Folha Popular","image":{"@type":"ImageObject","inLanguage":"pt-BR","@id":"https:\/\/folhapopular.info\/wp-content\/uploads\/2026\/04\/Folha-1.webp","url":"https:\/\/folhapopular.info\/wp-content\/uploads\/2026\/04\/Folha-1.webp","contentUrl":"https:\/\/folhapopular.info\/wp-content\/uploads\/2026\/04\/Folha-1.webp","caption":"Reda\u00e7\u00e3o Folha Popular"},"url":"https:\/\/folhapopular.info\/index.php\/author\/redacao\/"}]}},"jetpack_featured_media_url":"https:\/\/folhapopular.info\/wp-content\/uploads\/2023\/09\/12143043_2084939_GDO.jpg","jetpack_sharing_enabled":true,"amp_enabled":true,"_links":{"self":[{"href":"https:\/\/folhapopular.info\/index.php\/wp-json\/wp\/v2\/posts\/139683","targetHints":{"allow":["GET"]}}],"collection":[{"href":"https:\/\/folhapopular.info\/index.php\/wp-json\/wp\/v2\/posts"}],"about":[{"href":"https:\/\/folhapopular.info\/index.php\/wp-json\/wp\/v2\/types\/post"}],"author":[{"embeddable":true,"href":"https:\/\/folhapopular.info\/index.php\/wp-json\/wp\/v2\/users\/8"}],"replies":[{"embeddable":true,"href":"https:\/\/folhapopular.info\/index.php\/wp-json\/wp\/v2\/comments?post=139683"}],"version-history":[{"count":0,"href":"https:\/\/folhapopular.info\/index.php\/wp-json\/wp\/v2\/posts\/139683\/revisions"}],"wp:featuredmedia":[{"embeddable":true,"href":"https:\/\/folhapopular.info\/index.php\/wp-json\/wp\/v2\/media\/139684"}],"wp:attachment":[{"href":"https:\/\/folhapopular.info\/index.php\/wp-json\/wp\/v2\/media?parent=139683"}],"wp:term":[{"taxonomy":"category","embeddable":true,"href":"https:\/\/folhapopular.info\/index.php\/wp-json\/wp\/v2\/categories?post=139683"},{"taxonomy":"post_tag","embeddable":true,"href":"https:\/\/folhapopular.info\/index.php\/wp-json\/wp\/v2\/tags?post=139683"}],"curies":[{"name":"wp","href":"https:\/\/api.w.org\/{rel}","templated":true}]}}