{"id":139752,"date":"2023-09-13T15:45:00","date_gmt":"2023-09-13T18:45:00","guid":{"rendered":"https:\/\/folhapopular.info\/?p=139752"},"modified":"2023-09-13T15:36:02","modified_gmt":"2023-09-13T18:36:02","slug":"inflacao-medida-pelo-inpc-em-agosto-fecha-em-02","status":"publish","type":"post","link":"https:\/\/folhapopular.info\/index.php\/2023\/09\/13\/inflacao-medida-pelo-inpc-em-agosto-fecha-em-02\/","title":{"rendered":"Infla\u00e7\u00e3o medida pelo INPC em agosto fecha em 0,2%"},"content":{"rendered":"\n<p>O \u00cdndice Nacional de Pre\u00e7os ao Consumidor (INPC), que mede a varia\u00e7\u00e3o da cesta de compras para fam\u00edlias com renda at\u00e9 cinco sal\u00e1rios m\u00ednimos, teve infla\u00e7\u00e3o de 0,2% em agosto deste ano. A taxa \u00e9 superior \u00e0s observadas no m\u00eas anterior e em agosto do ano passado, que haviam registrado defla\u00e7\u00f5es (quedas de pre\u00e7o) de 0,09% e 0,31%, respectivamente.<img decoding=\"async\" src=\"https:\/\/agenciabrasil.ebc.com.br\/ebc.png?id=1554663&amp;o=node\"><img decoding=\"async\" src=\"https:\/\/agenciabrasil.ebc.com.br\/ebc.gif?id=1554663&amp;o=node\"><\/p>\n\n\n\n<p>O INPC acumula taxas de infla\u00e7\u00e3o de 2,8% no ano e de 4,06% em 12 meses. Portanto, o indicador apresenta taxas inferiores \u00e0s apuradas pelo IPCA, que mede a infla\u00e7\u00e3o oficial e que apresentou altas de 0,23% em agosto deste ano, 3,23% no acumulado do ano e 4,61% em 12 meses.&nbsp;<\/p>\n\n\n\n<p>A infla\u00e7\u00e3o de agosto do INPC foi puxada pelos produtos n\u00e3o aliment\u00edcios, que subiram 0,56% no m\u00eas, depois de uma infla\u00e7\u00e3o de 0,07% em julho. J\u00e1 os aliment\u00edcios tiveram defla\u00e7\u00e3o ainda mais acentuada em agosto (-0,91%) do que no m\u00eas anterior (-0,59%).\u00a0<\/p>\n\n\n\n<p><em>*Com informa\u00e7\u00f5es de Ag\u00eancia Brasil<\/em><\/p>\n","protected":false},"excerpt":{"rendered":"<p>O \u00cdndice Nacional de Pre\u00e7os ao Consumidor (INPC), que mede a varia\u00e7\u00e3o da cesta de compras para fam\u00edlias com renda at\u00e9 cinco sal\u00e1rios m\u00ednimos, teve infla\u00e7\u00e3o de 0,2% em agosto deste ano. A taxa \u00e9 superior \u00e0s observadas no m\u00eas anterior e em agosto do ano passado, que haviam registrado defla\u00e7\u00f5es (quedas de pre\u00e7o) de [&hellip;]<\/p>\n","protected":false},"author":8,"featured_media":139754,"comment_status":"open","ping_status":"open","sticky":false,"template":"","format":"standard","meta":{"pmpro_default_level":"","_jetpack_memberships_contains_paid_content":false,"footnotes":""},"categories":[2,10991],"tags":[7071,8431,13095],"class_list":{"0":"post-139752","1":"post","2":"type-post","3":"status-publish","4":"format-standard","5":"has-post-thumbnail","7":"category-featured","8":"category-economia","9":"tag-consumidor","10":"tag-inflacao","11":"tag-inpc","12":"pmpro-has-access"},"yoast_head":"<!-- This site is optimized with the Yoast SEO plugin v27.5 - https:\/\/yoast.com\/product\/yoast-seo-wordpress\/ -->\n<title>Infla\u00e7\u00e3o medida pelo INPC em agosto fecha em 0,2% - Folha Popular<\/title>\n<meta name=\"robots\" content=\"index, follow, max-snippet:-1, max-image-preview:large, max-video-preview:-1\" \/>\n<link rel=\"canonical\" href=\"https:\/\/folhapopular.info\/index.php\/2023\/09\/13\/inflacao-medida-pelo-inpc-em-agosto-fecha-em-02\/\" \/>\n<meta property=\"og:locale\" content=\"pt_BR\" \/>\n<meta property=\"og:type\" content=\"article\" \/>\n<meta property=\"og:title\" content=\"Infla\u00e7\u00e3o medida pelo INPC em agosto fecha em 0,2% - Folha Popular\" \/>\n<meta property=\"og:description\" content=\"O \u00cdndice Nacional de Pre\u00e7os ao Consumidor (INPC), que mede a varia\u00e7\u00e3o da cesta de compras para fam\u00edlias com renda at\u00e9 cinco sal\u00e1rios m\u00ednimos, teve infla\u00e7\u00e3o de 0,2% em agosto deste ano. A taxa \u00e9 superior \u00e0s observadas no m\u00eas anterior e em agosto do ano passado, que haviam registrado defla\u00e7\u00f5es (quedas de pre\u00e7o) de [&hellip;]\" \/>\n<meta property=\"og:url\" content=\"https:\/\/folhapopular.info\/index.php\/2023\/09\/13\/inflacao-medida-pelo-inpc-em-agosto-fecha-em-02\/\" \/>\n<meta property=\"og:site_name\" content=\"Folha Popular\" \/>\n<meta property=\"article:published_time\" content=\"2023-09-13T18:45:00+00:00\" \/>\n<meta property=\"og:image\" content=\"https:\/\/folhapopular.info\/wp-content\/uploads\/2023\/09\/20200330_agb_produtos13.jpg\" \/>\n\t<meta property=\"og:image:width\" content=\"1170\" \/>\n\t<meta property=\"og:image:height\" content=\"700\" \/>\n\t<meta property=\"og:image:type\" content=\"image\/jpeg\" \/>\n<meta name=\"author\" content=\"Reda\u00e7\u00e3o Folha Popular\" \/>\n<meta name=\"twitter:card\" content=\"summary_large_image\" \/>\n<meta name=\"twitter:label1\" content=\"Escrito por\" \/>\n\t<meta name=\"twitter:data1\" content=\"Reda\u00e7\u00e3o Folha Popular\" \/>\n\t<meta name=\"twitter:label2\" content=\"Est. tempo de leitura\" \/>\n\t<meta name=\"twitter:data2\" content=\"2 minutos\" \/>\n<script type=\"application\/ld+json\" class=\"yoast-schema-graph\">{\"@context\":\"https:\\\/\\\/schema.org\",\"@graph\":[{\"@type\":\"Article\",\"@id\":\"https:\\\/\\\/folhapopular.info\\\/index.php\\\/2023\\\/09\\\/13\\\/inflacao-medida-pelo-inpc-em-agosto-fecha-em-02\\\/#article\",\"isPartOf\":{\"@id\":\"https:\\\/\\\/folhapopular.info\\\/index.php\\\/2023\\\/09\\\/13\\\/inflacao-medida-pelo-inpc-em-agosto-fecha-em-02\\\/\"},\"author\":{\"name\":\"Reda\u00e7\u00e3o Folha Popular\",\"@id\":\"https:\\\/\\\/folhapopular.info\\\/#\\\/schema\\\/person\\\/2814e8a0df7643585a9ca38bc6eb9d4b\"},\"headline\":\"Infla\u00e7\u00e3o medida pelo INPC em agosto fecha em 0,2%\",\"datePublished\":\"2023-09-13T18:45:00+00:00\",\"mainEntityOfPage\":{\"@id\":\"https:\\\/\\\/folhapopular.info\\\/index.php\\\/2023\\\/09\\\/13\\\/inflacao-medida-pelo-inpc-em-agosto-fecha-em-02\\\/\"},\"wordCount\":175,\"commentCount\":0,\"image\":{\"@id\":\"https:\\\/\\\/folhapopular.info\\\/index.php\\\/2023\\\/09\\\/13\\\/inflacao-medida-pelo-inpc-em-agosto-fecha-em-02\\\/#primaryimage\"},\"thumbnailUrl\":\"https:\\\/\\\/folhapopular.info\\\/wp-content\\\/uploads\\\/2023\\\/09\\\/20200330_agb_produtos13.jpg\",\"keywords\":[\"Consumidor\",\"Infla\u00e7\u00e3o\",\"INPC\"],\"articleSection\":[\"Destaques\",\"Economia\"],\"inLanguage\":\"pt-BR\",\"potentialAction\":[{\"@type\":\"CommentAction\",\"name\":\"Comment\",\"target\":[\"https:\\\/\\\/folhapopular.info\\\/index.php\\\/2023\\\/09\\\/13\\\/inflacao-medida-pelo-inpc-em-agosto-fecha-em-02\\\/#respond\"]}]},{\"@type\":\"WebPage\",\"@id\":\"https:\\\/\\\/folhapopular.info\\\/index.php\\\/2023\\\/09\\\/13\\\/inflacao-medida-pelo-inpc-em-agosto-fecha-em-02\\\/\",\"url\":\"https:\\\/\\\/folhapopular.info\\\/index.php\\\/2023\\\/09\\\/13\\\/inflacao-medida-pelo-inpc-em-agosto-fecha-em-02\\\/\",\"name\":\"Infla\u00e7\u00e3o medida pelo INPC em agosto fecha em 0,2% - Folha Popular\",\"isPartOf\":{\"@id\":\"https:\\\/\\\/folhapopular.info\\\/#website\"},\"primaryImageOfPage\":{\"@id\":\"https:\\\/\\\/folhapopular.info\\\/index.php\\\/2023\\\/09\\\/13\\\/inflacao-medida-pelo-inpc-em-agosto-fecha-em-02\\\/#primaryimage\"},\"image\":{\"@id\":\"https:\\\/\\\/folhapopular.info\\\/index.php\\\/2023\\\/09\\\/13\\\/inflacao-medida-pelo-inpc-em-agosto-fecha-em-02\\\/#primaryimage\"},\"thumbnailUrl\":\"https:\\\/\\\/folhapopular.info\\\/wp-content\\\/uploads\\\/2023\\\/09\\\/20200330_agb_produtos13.jpg\",\"datePublished\":\"2023-09-13T18:45:00+00:00\",\"author\":{\"@id\":\"https:\\\/\\\/folhapopular.info\\\/#\\\/schema\\\/person\\\/2814e8a0df7643585a9ca38bc6eb9d4b\"},\"breadcrumb\":{\"@id\":\"https:\\\/\\\/folhapopular.info\\\/index.php\\\/2023\\\/09\\\/13\\\/inflacao-medida-pelo-inpc-em-agosto-fecha-em-02\\\/#breadcrumb\"},\"inLanguage\":\"pt-BR\",\"potentialAction\":[{\"@type\":\"ReadAction\",\"target\":[\"https:\\\/\\\/folhapopular.info\\\/index.php\\\/2023\\\/09\\\/13\\\/inflacao-medida-pelo-inpc-em-agosto-fecha-em-02\\\/\"]}]},{\"@type\":\"ImageObject\",\"inLanguage\":\"pt-BR\",\"@id\":\"https:\\\/\\\/folhapopular.info\\\/index.php\\\/2023\\\/09\\\/13\\\/inflacao-medida-pelo-inpc-em-agosto-fecha-em-02\\\/#primaryimage\",\"url\":\"https:\\\/\\\/folhapopular.info\\\/wp-content\\\/uploads\\\/2023\\\/09\\\/20200330_agb_produtos13.jpg\",\"contentUrl\":\"https:\\\/\\\/folhapopular.info\\\/wp-content\\\/uploads\\\/2023\\\/09\\\/20200330_agb_produtos13.jpg\",\"width\":1170,\"height\":700,\"caption\":\"Cr\u00e9dito: Geraldo Bubniak \\\/ AEN\"},{\"@type\":\"BreadcrumbList\",\"@id\":\"https:\\\/\\\/folhapopular.info\\\/index.php\\\/2023\\\/09\\\/13\\\/inflacao-medida-pelo-inpc-em-agosto-fecha-em-02\\\/#breadcrumb\",\"itemListElement\":[{\"@type\":\"ListItem\",\"position\":1,\"name\":\"In\u00edcio\",\"item\":\"https:\\\/\\\/folhapopular.info\\\/\"},{\"@type\":\"ListItem\",\"position\":2,\"name\":\"Infla\u00e7\u00e3o medida pelo INPC em agosto fecha em 0,2%\"}]},{\"@type\":\"WebSite\",\"@id\":\"https:\\\/\\\/folhapopular.info\\\/#website\",\"url\":\"https:\\\/\\\/folhapopular.info\\\/\",\"name\":\"Folha Popular\",\"description\":\"Onde voc\u00ea tem vez e voz\",\"potentialAction\":[{\"@type\":\"SearchAction\",\"target\":{\"@type\":\"EntryPoint\",\"urlTemplate\":\"https:\\\/\\\/folhapopular.info\\\/?s={search_term_string}\"},\"query-input\":{\"@type\":\"PropertyValueSpecification\",\"valueRequired\":true,\"valueName\":\"search_term_string\"}}],\"inLanguage\":\"pt-BR\"},{\"@type\":\"Person\",\"@id\":\"https:\\\/\\\/folhapopular.info\\\/#\\\/schema\\\/person\\\/2814e8a0df7643585a9ca38bc6eb9d4b\",\"name\":\"Reda\u00e7\u00e3o Folha Popular\",\"image\":{\"@type\":\"ImageObject\",\"inLanguage\":\"pt-BR\",\"@id\":\"https:\\\/\\\/folhapopular.info\\\/wp-content\\\/uploads\\\/2026\\\/04\\\/Folha-1.webp\",\"url\":\"https:\\\/\\\/folhapopular.info\\\/wp-content\\\/uploads\\\/2026\\\/04\\\/Folha-1.webp\",\"contentUrl\":\"https:\\\/\\\/folhapopular.info\\\/wp-content\\\/uploads\\\/2026\\\/04\\\/Folha-1.webp\",\"caption\":\"Reda\u00e7\u00e3o Folha Popular\"},\"url\":\"https:\\\/\\\/folhapopular.info\\\/index.php\\\/author\\\/redacao\\\/\"}]}<\/script>\n<!-- \/ Yoast SEO plugin. -->","yoast_head_json":{"title":"Infla\u00e7\u00e3o medida pelo INPC em agosto fecha em 0,2% - Folha Popular","robots":{"index":"index","follow":"follow","max-snippet":"max-snippet:-1","max-image-preview":"max-image-preview:large","max-video-preview":"max-video-preview:-1"},"canonical":"https:\/\/folhapopular.info\/index.php\/2023\/09\/13\/inflacao-medida-pelo-inpc-em-agosto-fecha-em-02\/","og_locale":"pt_BR","og_type":"article","og_title":"Infla\u00e7\u00e3o medida pelo INPC em agosto fecha em 0,2% - Folha Popular","og_description":"O \u00cdndice Nacional de Pre\u00e7os ao Consumidor (INPC), que mede a varia\u00e7\u00e3o da cesta de compras para fam\u00edlias com renda at\u00e9 cinco sal\u00e1rios m\u00ednimos, teve infla\u00e7\u00e3o de 0,2% em agosto deste ano. A taxa \u00e9 superior \u00e0s observadas no m\u00eas anterior e em agosto do ano passado, que haviam registrado defla\u00e7\u00f5es (quedas de pre\u00e7o) de [&hellip;]","og_url":"https:\/\/folhapopular.info\/index.php\/2023\/09\/13\/inflacao-medida-pelo-inpc-em-agosto-fecha-em-02\/","og_site_name":"Folha Popular","article_published_time":"2023-09-13T18:45:00+00:00","og_image":[{"width":1170,"height":700,"url":"https:\/\/folhapopular.info\/wp-content\/uploads\/2023\/09\/20200330_agb_produtos13.jpg","type":"image\/jpeg"}],"author":"Reda\u00e7\u00e3o Folha Popular","twitter_card":"summary_large_image","twitter_misc":{"Escrito por":"Reda\u00e7\u00e3o Folha Popular","Est. tempo de leitura":"2 minutos"},"schema":{"@context":"https:\/\/schema.org","@graph":[{"@type":"Article","@id":"https:\/\/folhapopular.info\/index.php\/2023\/09\/13\/inflacao-medida-pelo-inpc-em-agosto-fecha-em-02\/#article","isPartOf":{"@id":"https:\/\/folhapopular.info\/index.php\/2023\/09\/13\/inflacao-medida-pelo-inpc-em-agosto-fecha-em-02\/"},"author":{"name":"Reda\u00e7\u00e3o Folha Popular","@id":"https:\/\/folhapopular.info\/#\/schema\/person\/2814e8a0df7643585a9ca38bc6eb9d4b"},"headline":"Infla\u00e7\u00e3o medida pelo INPC em agosto fecha em 0,2%","datePublished":"2023-09-13T18:45:00+00:00","mainEntityOfPage":{"@id":"https:\/\/folhapopular.info\/index.php\/2023\/09\/13\/inflacao-medida-pelo-inpc-em-agosto-fecha-em-02\/"},"wordCount":175,"commentCount":0,"image":{"@id":"https:\/\/folhapopular.info\/index.php\/2023\/09\/13\/inflacao-medida-pelo-inpc-em-agosto-fecha-em-02\/#primaryimage"},"thumbnailUrl":"https:\/\/folhapopular.info\/wp-content\/uploads\/2023\/09\/20200330_agb_produtos13.jpg","keywords":["Consumidor","Infla\u00e7\u00e3o","INPC"],"articleSection":["Destaques","Economia"],"inLanguage":"pt-BR","potentialAction":[{"@type":"CommentAction","name":"Comment","target":["https:\/\/folhapopular.info\/index.php\/2023\/09\/13\/inflacao-medida-pelo-inpc-em-agosto-fecha-em-02\/#respond"]}]},{"@type":"WebPage","@id":"https:\/\/folhapopular.info\/index.php\/2023\/09\/13\/inflacao-medida-pelo-inpc-em-agosto-fecha-em-02\/","url":"https:\/\/folhapopular.info\/index.php\/2023\/09\/13\/inflacao-medida-pelo-inpc-em-agosto-fecha-em-02\/","name":"Infla\u00e7\u00e3o medida pelo INPC em agosto fecha em 0,2% - Folha Popular","isPartOf":{"@id":"https:\/\/folhapopular.info\/#website"},"primaryImageOfPage":{"@id":"https:\/\/folhapopular.info\/index.php\/2023\/09\/13\/inflacao-medida-pelo-inpc-em-agosto-fecha-em-02\/#primaryimage"},"image":{"@id":"https:\/\/folhapopular.info\/index.php\/2023\/09\/13\/inflacao-medida-pelo-inpc-em-agosto-fecha-em-02\/#primaryimage"},"thumbnailUrl":"https:\/\/folhapopular.info\/wp-content\/uploads\/2023\/09\/20200330_agb_produtos13.jpg","datePublished":"2023-09-13T18:45:00+00:00","author":{"@id":"https:\/\/folhapopular.info\/#\/schema\/person\/2814e8a0df7643585a9ca38bc6eb9d4b"},"breadcrumb":{"@id":"https:\/\/folhapopular.info\/index.php\/2023\/09\/13\/inflacao-medida-pelo-inpc-em-agosto-fecha-em-02\/#breadcrumb"},"inLanguage":"pt-BR","potentialAction":[{"@type":"ReadAction","target":["https:\/\/folhapopular.info\/index.php\/2023\/09\/13\/inflacao-medida-pelo-inpc-em-agosto-fecha-em-02\/"]}]},{"@type":"ImageObject","inLanguage":"pt-BR","@id":"https:\/\/folhapopular.info\/index.php\/2023\/09\/13\/inflacao-medida-pelo-inpc-em-agosto-fecha-em-02\/#primaryimage","url":"https:\/\/folhapopular.info\/wp-content\/uploads\/2023\/09\/20200330_agb_produtos13.jpg","contentUrl":"https:\/\/folhapopular.info\/wp-content\/uploads\/2023\/09\/20200330_agb_produtos13.jpg","width":1170,"height":700,"caption":"Cr\u00e9dito: Geraldo Bubniak \/ AEN"},{"@type":"BreadcrumbList","@id":"https:\/\/folhapopular.info\/index.php\/2023\/09\/13\/inflacao-medida-pelo-inpc-em-agosto-fecha-em-02\/#breadcrumb","itemListElement":[{"@type":"ListItem","position":1,"name":"In\u00edcio","item":"https:\/\/folhapopular.info\/"},{"@type":"ListItem","position":2,"name":"Infla\u00e7\u00e3o medida pelo INPC em agosto fecha em 0,2%"}]},{"@type":"WebSite","@id":"https:\/\/folhapopular.info\/#website","url":"https:\/\/folhapopular.info\/","name":"Folha Popular","description":"Onde voc\u00ea tem vez e voz","potentialAction":[{"@type":"SearchAction","target":{"@type":"EntryPoint","urlTemplate":"https:\/\/folhapopular.info\/?s={search_term_string}"},"query-input":{"@type":"PropertyValueSpecification","valueRequired":true,"valueName":"search_term_string"}}],"inLanguage":"pt-BR"},{"@type":"Person","@id":"https:\/\/folhapopular.info\/#\/schema\/person\/2814e8a0df7643585a9ca38bc6eb9d4b","name":"Reda\u00e7\u00e3o Folha Popular","image":{"@type":"ImageObject","inLanguage":"pt-BR","@id":"https:\/\/folhapopular.info\/wp-content\/uploads\/2026\/04\/Folha-1.webp","url":"https:\/\/folhapopular.info\/wp-content\/uploads\/2026\/04\/Folha-1.webp","contentUrl":"https:\/\/folhapopular.info\/wp-content\/uploads\/2026\/04\/Folha-1.webp","caption":"Reda\u00e7\u00e3o Folha Popular"},"url":"https:\/\/folhapopular.info\/index.php\/author\/redacao\/"}]}},"jetpack_featured_media_url":"https:\/\/folhapopular.info\/wp-content\/uploads\/2023\/09\/20200330_agb_produtos13.jpg","jetpack_sharing_enabled":true,"amp_enabled":true,"_links":{"self":[{"href":"https:\/\/folhapopular.info\/index.php\/wp-json\/wp\/v2\/posts\/139752","targetHints":{"allow":["GET"]}}],"collection":[{"href":"https:\/\/folhapopular.info\/index.php\/wp-json\/wp\/v2\/posts"}],"about":[{"href":"https:\/\/folhapopular.info\/index.php\/wp-json\/wp\/v2\/types\/post"}],"author":[{"embeddable":true,"href":"https:\/\/folhapopular.info\/index.php\/wp-json\/wp\/v2\/users\/8"}],"replies":[{"embeddable":true,"href":"https:\/\/folhapopular.info\/index.php\/wp-json\/wp\/v2\/comments?post=139752"}],"version-history":[{"count":0,"href":"https:\/\/folhapopular.info\/index.php\/wp-json\/wp\/v2\/posts\/139752\/revisions"}],"wp:featuredmedia":[{"embeddable":true,"href":"https:\/\/folhapopular.info\/index.php\/wp-json\/wp\/v2\/media\/139754"}],"wp:attachment":[{"href":"https:\/\/folhapopular.info\/index.php\/wp-json\/wp\/v2\/media?parent=139752"}],"wp:term":[{"taxonomy":"category","embeddable":true,"href":"https:\/\/folhapopular.info\/index.php\/wp-json\/wp\/v2\/categories?post=139752"},{"taxonomy":"post_tag","embeddable":true,"href":"https:\/\/folhapopular.info\/index.php\/wp-json\/wp\/v2\/tags?post=139752"}],"curies":[{"name":"wp","href":"https:\/\/api.w.org\/{rel}","templated":true}]}}