{"id":139931,"date":"2023-09-18T15:57:39","date_gmt":"2023-09-18T18:57:39","guid":{"rendered":"https:\/\/folhapopular.info\/?p=139931"},"modified":"2023-09-18T15:57:42","modified_gmt":"2023-09-18T18:57:42","slug":"terceiro-modulo-do-curso-para-a-juventude-rural-de-teutonia-discute-gestao-e-planejamento-das-propriedades","status":"publish","type":"post","link":"https:\/\/folhapopular.info\/index.php\/2023\/09\/18\/terceiro-modulo-do-curso-para-a-juventude-rural-de-teutonia-discute-gestao-e-planejamento-das-propriedades\/","title":{"rendered":"Terceiro m\u00f3dulo do Curso para a Juventude Rural de Teut\u00f4nia discute gest\u00e3o e planejamento das propriedades"},"content":{"rendered":"\n<p>Discutir quest\u00f5es relacionadas \u00e0 gest\u00e3o e ao planejamento das propriedades rurais. Este foi um dos objetivos do terceiro m\u00f3dulo do Curso de Empreendedorismo e Desenvolvimento para a Juventude Rural, que ocorreu entre quinta e sexta-feira (14 e 15\/09), e Teut\u00f4nia. Nesta etapa, os participantes puderam conhecer &#8211; por meio de atividades te\u00f3ricas e pr\u00e1ticas realizadas pela Emater\/RS-Ascar e pela Cooperativa Sicredi &#8211; mais sobre temas, como, cooperativismo, associativismo, educa\u00e7\u00e3o financeira, cr\u00e9ditos rural e fundi\u00e1rio, Cadastro Nacional da Agricultura Familiar (CAF) e contabilidade agr\u00edcola, entre outros.\u00a0<\/p>\n\n\n\n<p>Outros temas discutidos no m\u00f3dulo envolveram conceitos e acesso a pol\u00edticas p\u00fablicas como o Programa Nacional de Alimenta\u00e7\u00e3o Escolar (Pnae) e o Programa de Aquisi\u00e7\u00e3o de Alimentos (PAA), al\u00e9m de feiras diretas como alternativas para comercializa\u00e7\u00e3o de alimentos da agricultura familiar de forma sustent\u00e1vel, com vistas a fortalecer a economia local. \u201cA ideia neste m\u00f3dulo foi a de propor reflex\u00f5es sobre quest\u00f5es financeiras, de opera\u00e7\u00f5es, que possibilitem tomadas de decis\u00e3o mais seguras, com mais clareza, e de acordo com a realidade de cada um\u201d, salienta a extensionista da Emater\/RS-Ascar, Elizangela Teixeira.\u00a0<\/p>\n\n\n\n<p>Tamb\u00e9m como parte da atividade, os jovens foram convidados a refletir sobre or\u00e7amento familiar, ganhos ou gastos \u2013 fixos, vari\u00e1veis ou eventuais -, planejamento e controle de finan\u00e7as, limita\u00e7\u00f5es e potencialidades, entre outros. Como forma de exemplificar a integra\u00e7\u00e3o dos jovens aos espa\u00e7os participativos, a representante da Comiss\u00e3o Estadual de Jovens da regional Vale do Taquari, Vanessa Drebes, relatou a sua experi\u00eancia como agricultora \u2013 sua fam\u00edlia \u00e9 produtora de morangos, em Teut\u00f4nia. Em sua manifesta\u00e7\u00e3o, ela pontuou a import\u00e2ncia de debater e construir pol\u00edticas p\u00fablicas conjuntas para os jovens, ouvindo suas pautas e fortalecendo o protagonismo.\u00a0\u00a0<\/p>\n\n\n\n<p>Nesta etapa tamb\u00e9m foi visitada a propriedade da fam\u00edlia Lamb, de Teut\u00f4nia, ocasi\u00e3o em que os alunos puderam conferir quest\u00f5es pr\u00e1ticas sobre os assuntos discutidos. No local, conheceram o caso de sucess\u00e3o envolvendo os jovens Douglas e Tobias, que trabalham com bovinocultura de leite e avicultura, na localidade de Linha Germano. Estimulados pelos pais Clairton e N\u00e9lia, foram incentivados a permanecer no campo, apostando em investimentos a partir de linhas de cr\u00e9dito e outras pol\u00edticas p\u00fablicas. Tudo de forma organizada e primando pela gest\u00e3o. \u201cCrescemos no interior, gostamos daqui e nossa ideia \u00e9 ficar\u201d, resume Douglas.&nbsp;<\/p>\n\n\n\n<p>Organizado pela Emater\/RS-Ascar e pelo Col\u00e9gio Teut\u00f4nia, em parceria com as cooperativas Sicredi e Certel, o curso visa contribuir na constru\u00e7\u00e3o de possibilidades de perman\u00eancia dos jovens no meio rural para serem protagonistas do processo de desenvolvimento socioecon\u00f4mico e ambiental. Dividida em seis m\u00f3dulos, a qualifica\u00e7\u00e3o segue at\u00e9 dezembro deste ano, por meio de encontros mensais que envolvem palestras, oficinas, visitas, dias de campo e outras metodologias. \u201cA ideia \u00e9 olhar para a juventude em toda a sua complexidade, focando em aspectos sociais, culturais, ambientais e tecnol\u00f3gicos\u201d, comenta Elizangela.\u00a0<\/p>\n\n\n\n<p>Integram o curso, jovens de Bar\u00e3o, Fazenda Vilanova, Estrela, Po\u00e7o das Antas e Teut\u00f4nia. A ideia \u00e9 a de propor uma constru\u00e7\u00e3o coletiva, em que se busca desenvolver aptid\u00f5es dos jovens, assessorando-os na elabora\u00e7\u00e3o, implanta\u00e7\u00e3o e execu\u00e7\u00e3o de projetos agropecu\u00e1rios. \u201cAt\u00e9 o momento, os participantes j\u00e1 realizaram diagn\u00f3sticos em suas propriedades, refletindo sobre fortalezas, oportunidades, fraquezas e amea\u00e7as que auxiliar\u00e3o nessa consolida\u00e7\u00e3o dos projetos, cabendo aos t\u00e9cnicos e aos instrutores fornecer o embasamento para tudo isso\u201d, observa o coordenador do Centro de Treinamento de Agricultores de Teut\u00f4nia (Certa) e extensionista da Emater\/RS-Ascar, Maicon Berwanger.\u00a0<\/p>\n\n\n\n<p><strong>Pr\u00f3ximos encontros&nbsp;<\/strong><\/p>\n\n\n\n<p>M\u00f3dulo 4 (18 e 19\/out): Oportunidades e solu\u00e7\u00f5es para a agricultura familiar; <\/p>\n\n\n\n<p>M\u00f3dulo 5 (21 e 22\/nov): Seguran\u00e7a alimentar e produ\u00e7\u00e3o de alimentos para o autoconsumo; <\/p>\n\n\n\n<p>M\u00f3dulo 6 (13 e 14\/dez): Consolida\u00e7\u00e3o do conhecimento. <\/p>\n","protected":false},"excerpt":{"rendered":"<p>Discutir quest\u00f5es relacionadas \u00e0 gest\u00e3o e ao planejamento das propriedades rurais. Este foi um dos objetivos do terceiro m\u00f3dulo do Curso de Empreendedorismo e Desenvolvimento para a Juventude Rural, que ocorreu entre quinta e sexta-feira (14 e 15\/09), e Teut\u00f4nia. Nesta etapa, os participantes puderam conhecer &#8211; por meio de atividades te\u00f3ricas e pr\u00e1ticas realizadas [&hellip;]<\/p>\n","protected":false},"author":8,"featured_media":139932,"comment_status":"open","ping_status":"open","sticky":false,"template":"","format":"standard","meta":{"pmpro_default_level":"","_jetpack_memberships_contains_paid_content":false,"footnotes":""},"categories":[2,3,11025,10994],"tags":[364,6704,535,365,13207,26],"class_list":{"0":"post-139931","1":"post","2":"type-post","3":"status-publish","4":"format-standard","5":"has-post-thumbnail","7":"category-featured","8":"category-geral","9":"category-meio-ambiente","10":"category-rural","11":"tag-curso","12":"tag-gestao","13":"tag-juventude-rural","14":"tag-planejamento","15":"tag-terceiro-modulo","16":"tag-teutonia","17":"pmpro-has-access"},"yoast_head":"<!-- This site is optimized with the Yoast SEO plugin v27.5 - https:\/\/yoast.com\/product\/yoast-seo-wordpress\/ -->\n<title>Terceiro m\u00f3dulo do Curso para a Juventude Rural de Teut\u00f4nia discute gest\u00e3o e planejamento das propriedades - Folha Popular<\/title>\n<meta name=\"robots\" content=\"index, follow, max-snippet:-1, max-image-preview:large, max-video-preview:-1\" \/>\n<link rel=\"canonical\" href=\"https:\/\/folhapopular.info\/index.php\/2023\/09\/18\/terceiro-modulo-do-curso-para-a-juventude-rural-de-teutonia-discute-gestao-e-planejamento-das-propriedades\/\" \/>\n<meta property=\"og:locale\" content=\"pt_BR\" \/>\n<meta property=\"og:type\" content=\"article\" \/>\n<meta property=\"og:title\" content=\"Terceiro m\u00f3dulo do Curso para a Juventude Rural de Teut\u00f4nia discute gest\u00e3o e planejamento das propriedades - Folha Popular\" \/>\n<meta property=\"og:description\" content=\"Discutir quest\u00f5es relacionadas \u00e0 gest\u00e3o e ao planejamento das propriedades rurais. Este foi um dos objetivos do terceiro m\u00f3dulo do Curso de Empreendedorismo e Desenvolvimento para a Juventude Rural, que ocorreu entre quinta e sexta-feira (14 e 15\/09), e Teut\u00f4nia. Nesta etapa, os participantes puderam conhecer &#8211; por meio de atividades te\u00f3ricas e pr\u00e1ticas realizadas [&hellip;]\" \/>\n<meta property=\"og:url\" content=\"https:\/\/folhapopular.info\/index.php\/2023\/09\/18\/terceiro-modulo-do-curso-para-a-juventude-rural-de-teutonia-discute-gestao-e-planejamento-das-propriedades\/\" \/>\n<meta property=\"og:site_name\" content=\"Folha Popular\" \/>\n<meta property=\"article:published_time\" content=\"2023-09-18T18:57:39+00:00\" \/>\n<meta property=\"article:modified_time\" content=\"2023-09-18T18:57:42+00:00\" \/>\n<meta property=\"og:image\" content=\"http:\/\/folhapopular.info\/wp-content\/uploads\/2023\/09\/terceiro_modulo_curso_juventude_rural-2-scaled.jpeg\" \/>\n\t<meta property=\"og:image:width\" content=\"2560\" \/>\n\t<meta property=\"og:image:height\" content=\"1442\" \/>\n\t<meta property=\"og:image:type\" content=\"image\/jpeg\" \/>\n<meta name=\"author\" content=\"Reda\u00e7\u00e3o Folha Popular\" \/>\n<meta name=\"twitter:card\" content=\"summary_large_image\" \/>\n<meta name=\"twitter:label1\" content=\"Escrito por\" \/>\n\t<meta name=\"twitter:data1\" content=\"Reda\u00e7\u00e3o Folha Popular\" \/>\n\t<meta name=\"twitter:label2\" content=\"Est. tempo de leitura\" \/>\n\t<meta name=\"twitter:data2\" content=\"4 minutos\" \/>\n<script type=\"application\/ld+json\" class=\"yoast-schema-graph\">{\"@context\":\"https:\\\/\\\/schema.org\",\"@graph\":[{\"@type\":\"Article\",\"@id\":\"https:\\\/\\\/folhapopular.info\\\/index.php\\\/2023\\\/09\\\/18\\\/terceiro-modulo-do-curso-para-a-juventude-rural-de-teutonia-discute-gestao-e-planejamento-das-propriedades\\\/#article\",\"isPartOf\":{\"@id\":\"https:\\\/\\\/folhapopular.info\\\/index.php\\\/2023\\\/09\\\/18\\\/terceiro-modulo-do-curso-para-a-juventude-rural-de-teutonia-discute-gestao-e-planejamento-das-propriedades\\\/\"},\"author\":{\"name\":\"Reda\u00e7\u00e3o Folha Popular\",\"@id\":\"https:\\\/\\\/folhapopular.info\\\/#\\\/schema\\\/person\\\/2814e8a0df7643585a9ca38bc6eb9d4b\"},\"headline\":\"Terceiro m\u00f3dulo do Curso para a Juventude Rural de Teut\u00f4nia discute gest\u00e3o e planejamento das propriedades\",\"datePublished\":\"2023-09-18T18:57:39+00:00\",\"dateModified\":\"2023-09-18T18:57:42+00:00\",\"mainEntityOfPage\":{\"@id\":\"https:\\\/\\\/folhapopular.info\\\/index.php\\\/2023\\\/09\\\/18\\\/terceiro-modulo-do-curso-para-a-juventude-rural-de-teutonia-discute-gestao-e-planejamento-das-propriedades\\\/\"},\"wordCount\":679,\"commentCount\":0,\"image\":{\"@id\":\"https:\\\/\\\/folhapopular.info\\\/index.php\\\/2023\\\/09\\\/18\\\/terceiro-modulo-do-curso-para-a-juventude-rural-de-teutonia-discute-gestao-e-planejamento-das-propriedades\\\/#primaryimage\"},\"thumbnailUrl\":\"https:\\\/\\\/folhapopular.info\\\/wp-content\\\/uploads\\\/2023\\\/09\\\/terceiro_modulo_curso_juventude_rural-2-scaled.jpeg\",\"keywords\":[\"Curso\",\"Gest\u00e3o\",\"juventude rural\",\"Planejamento\",\"Terceiro m\u00f3dulo\",\"Teut\u00f4nia\"],\"articleSection\":[\"Destaques\",\"Geral\",\"Meio Ambiente\",\"Rural\"],\"inLanguage\":\"pt-BR\",\"potentialAction\":[{\"@type\":\"CommentAction\",\"name\":\"Comment\",\"target\":[\"https:\\\/\\\/folhapopular.info\\\/index.php\\\/2023\\\/09\\\/18\\\/terceiro-modulo-do-curso-para-a-juventude-rural-de-teutonia-discute-gestao-e-planejamento-das-propriedades\\\/#respond\"]}]},{\"@type\":\"WebPage\",\"@id\":\"https:\\\/\\\/folhapopular.info\\\/index.php\\\/2023\\\/09\\\/18\\\/terceiro-modulo-do-curso-para-a-juventude-rural-de-teutonia-discute-gestao-e-planejamento-das-propriedades\\\/\",\"url\":\"https:\\\/\\\/folhapopular.info\\\/index.php\\\/2023\\\/09\\\/18\\\/terceiro-modulo-do-curso-para-a-juventude-rural-de-teutonia-discute-gestao-e-planejamento-das-propriedades\\\/\",\"name\":\"Terceiro m\u00f3dulo do Curso para a Juventude Rural de Teut\u00f4nia discute gest\u00e3o e planejamento das propriedades - Folha Popular\",\"isPartOf\":{\"@id\":\"https:\\\/\\\/folhapopular.info\\\/#website\"},\"primaryImageOfPage\":{\"@id\":\"https:\\\/\\\/folhapopular.info\\\/index.php\\\/2023\\\/09\\\/18\\\/terceiro-modulo-do-curso-para-a-juventude-rural-de-teutonia-discute-gestao-e-planejamento-das-propriedades\\\/#primaryimage\"},\"image\":{\"@id\":\"https:\\\/\\\/folhapopular.info\\\/index.php\\\/2023\\\/09\\\/18\\\/terceiro-modulo-do-curso-para-a-juventude-rural-de-teutonia-discute-gestao-e-planejamento-das-propriedades\\\/#primaryimage\"},\"thumbnailUrl\":\"https:\\\/\\\/folhapopular.info\\\/wp-content\\\/uploads\\\/2023\\\/09\\\/terceiro_modulo_curso_juventude_rural-2-scaled.jpeg\",\"datePublished\":\"2023-09-18T18:57:39+00:00\",\"dateModified\":\"2023-09-18T18:57:42+00:00\",\"author\":{\"@id\":\"https:\\\/\\\/folhapopular.info\\\/#\\\/schema\\\/person\\\/2814e8a0df7643585a9ca38bc6eb9d4b\"},\"breadcrumb\":{\"@id\":\"https:\\\/\\\/folhapopular.info\\\/index.php\\\/2023\\\/09\\\/18\\\/terceiro-modulo-do-curso-para-a-juventude-rural-de-teutonia-discute-gestao-e-planejamento-das-propriedades\\\/#breadcrumb\"},\"inLanguage\":\"pt-BR\",\"potentialAction\":[{\"@type\":\"ReadAction\",\"target\":[\"https:\\\/\\\/folhapopular.info\\\/index.php\\\/2023\\\/09\\\/18\\\/terceiro-modulo-do-curso-para-a-juventude-rural-de-teutonia-discute-gestao-e-planejamento-das-propriedades\\\/\"]}]},{\"@type\":\"ImageObject\",\"inLanguage\":\"pt-BR\",\"@id\":\"https:\\\/\\\/folhapopular.info\\\/index.php\\\/2023\\\/09\\\/18\\\/terceiro-modulo-do-curso-para-a-juventude-rural-de-teutonia-discute-gestao-e-planejamento-das-propriedades\\\/#primaryimage\",\"url\":\"https:\\\/\\\/folhapopular.info\\\/wp-content\\\/uploads\\\/2023\\\/09\\\/terceiro_modulo_curso_juventude_rural-2-scaled.jpeg\",\"contentUrl\":\"https:\\\/\\\/folhapopular.info\\\/wp-content\\\/uploads\\\/2023\\\/09\\\/terceiro_modulo_curso_juventude_rural-2-scaled.jpeg\",\"width\":2560,\"height\":1442,\"caption\":\"Dividida em seis m\u00f3dulos, a qualifica\u00e7\u00e3o segue at\u00e9 dezembro deste ano, por meio de encontros mensais\"},{\"@type\":\"BreadcrumbList\",\"@id\":\"https:\\\/\\\/folhapopular.info\\\/index.php\\\/2023\\\/09\\\/18\\\/terceiro-modulo-do-curso-para-a-juventude-rural-de-teutonia-discute-gestao-e-planejamento-das-propriedades\\\/#breadcrumb\",\"itemListElement\":[{\"@type\":\"ListItem\",\"position\":1,\"name\":\"In\u00edcio\",\"item\":\"https:\\\/\\\/folhapopular.info\\\/\"},{\"@type\":\"ListItem\",\"position\":2,\"name\":\"Terceiro m\u00f3dulo do Curso para a Juventude Rural de Teut\u00f4nia discute gest\u00e3o e planejamento das propriedades\"}]},{\"@type\":\"WebSite\",\"@id\":\"https:\\\/\\\/folhapopular.info\\\/#website\",\"url\":\"https:\\\/\\\/folhapopular.info\\\/\",\"name\":\"Folha Popular\",\"description\":\"Onde voc\u00ea tem vez e voz\",\"potentialAction\":[{\"@type\":\"SearchAction\",\"target\":{\"@type\":\"EntryPoint\",\"urlTemplate\":\"https:\\\/\\\/folhapopular.info\\\/?s={search_term_string}\"},\"query-input\":{\"@type\":\"PropertyValueSpecification\",\"valueRequired\":true,\"valueName\":\"search_term_string\"}}],\"inLanguage\":\"pt-BR\"},{\"@type\":\"Person\",\"@id\":\"https:\\\/\\\/folhapopular.info\\\/#\\\/schema\\\/person\\\/2814e8a0df7643585a9ca38bc6eb9d4b\",\"name\":\"Reda\u00e7\u00e3o Folha Popular\",\"image\":{\"@type\":\"ImageObject\",\"inLanguage\":\"pt-BR\",\"@id\":\"https:\\\/\\\/folhapopular.info\\\/wp-content\\\/uploads\\\/2026\\\/04\\\/Folha-1.webp\",\"url\":\"https:\\\/\\\/folhapopular.info\\\/wp-content\\\/uploads\\\/2026\\\/04\\\/Folha-1.webp\",\"contentUrl\":\"https:\\\/\\\/folhapopular.info\\\/wp-content\\\/uploads\\\/2026\\\/04\\\/Folha-1.webp\",\"caption\":\"Reda\u00e7\u00e3o Folha Popular\"},\"url\":\"https:\\\/\\\/folhapopular.info\\\/index.php\\\/author\\\/redacao\\\/\"}]}<\/script>\n<!-- \/ Yoast SEO plugin. -->","yoast_head_json":{"title":"Terceiro m\u00f3dulo do Curso para a Juventude Rural de Teut\u00f4nia discute gest\u00e3o e planejamento das propriedades - Folha Popular","robots":{"index":"index","follow":"follow","max-snippet":"max-snippet:-1","max-image-preview":"max-image-preview:large","max-video-preview":"max-video-preview:-1"},"canonical":"https:\/\/folhapopular.info\/index.php\/2023\/09\/18\/terceiro-modulo-do-curso-para-a-juventude-rural-de-teutonia-discute-gestao-e-planejamento-das-propriedades\/","og_locale":"pt_BR","og_type":"article","og_title":"Terceiro m\u00f3dulo do Curso para a Juventude Rural de Teut\u00f4nia discute gest\u00e3o e planejamento das propriedades - Folha Popular","og_description":"Discutir quest\u00f5es relacionadas \u00e0 gest\u00e3o e ao planejamento das propriedades rurais. Este foi um dos objetivos do terceiro m\u00f3dulo do Curso de Empreendedorismo e Desenvolvimento para a Juventude Rural, que ocorreu entre quinta e sexta-feira (14 e 15\/09), e Teut\u00f4nia. Nesta etapa, os participantes puderam conhecer &#8211; por meio de atividades te\u00f3ricas e pr\u00e1ticas realizadas [&hellip;]","og_url":"https:\/\/folhapopular.info\/index.php\/2023\/09\/18\/terceiro-modulo-do-curso-para-a-juventude-rural-de-teutonia-discute-gestao-e-planejamento-das-propriedades\/","og_site_name":"Folha Popular","article_published_time":"2023-09-18T18:57:39+00:00","article_modified_time":"2023-09-18T18:57:42+00:00","og_image":[{"width":2560,"height":1442,"url":"http:\/\/folhapopular.info\/wp-content\/uploads\/2023\/09\/terceiro_modulo_curso_juventude_rural-2-scaled.jpeg","type":"image\/jpeg"}],"author":"Reda\u00e7\u00e3o Folha Popular","twitter_card":"summary_large_image","twitter_misc":{"Escrito por":"Reda\u00e7\u00e3o Folha Popular","Est. tempo de leitura":"4 minutos"},"schema":{"@context":"https:\/\/schema.org","@graph":[{"@type":"Article","@id":"https:\/\/folhapopular.info\/index.php\/2023\/09\/18\/terceiro-modulo-do-curso-para-a-juventude-rural-de-teutonia-discute-gestao-e-planejamento-das-propriedades\/#article","isPartOf":{"@id":"https:\/\/folhapopular.info\/index.php\/2023\/09\/18\/terceiro-modulo-do-curso-para-a-juventude-rural-de-teutonia-discute-gestao-e-planejamento-das-propriedades\/"},"author":{"name":"Reda\u00e7\u00e3o Folha Popular","@id":"https:\/\/folhapopular.info\/#\/schema\/person\/2814e8a0df7643585a9ca38bc6eb9d4b"},"headline":"Terceiro m\u00f3dulo do Curso para a Juventude Rural de Teut\u00f4nia discute gest\u00e3o e planejamento das propriedades","datePublished":"2023-09-18T18:57:39+00:00","dateModified":"2023-09-18T18:57:42+00:00","mainEntityOfPage":{"@id":"https:\/\/folhapopular.info\/index.php\/2023\/09\/18\/terceiro-modulo-do-curso-para-a-juventude-rural-de-teutonia-discute-gestao-e-planejamento-das-propriedades\/"},"wordCount":679,"commentCount":0,"image":{"@id":"https:\/\/folhapopular.info\/index.php\/2023\/09\/18\/terceiro-modulo-do-curso-para-a-juventude-rural-de-teutonia-discute-gestao-e-planejamento-das-propriedades\/#primaryimage"},"thumbnailUrl":"https:\/\/folhapopular.info\/wp-content\/uploads\/2023\/09\/terceiro_modulo_curso_juventude_rural-2-scaled.jpeg","keywords":["Curso","Gest\u00e3o","juventude rural","Planejamento","Terceiro m\u00f3dulo","Teut\u00f4nia"],"articleSection":["Destaques","Geral","Meio Ambiente","Rural"],"inLanguage":"pt-BR","potentialAction":[{"@type":"CommentAction","name":"Comment","target":["https:\/\/folhapopular.info\/index.php\/2023\/09\/18\/terceiro-modulo-do-curso-para-a-juventude-rural-de-teutonia-discute-gestao-e-planejamento-das-propriedades\/#respond"]}]},{"@type":"WebPage","@id":"https:\/\/folhapopular.info\/index.php\/2023\/09\/18\/terceiro-modulo-do-curso-para-a-juventude-rural-de-teutonia-discute-gestao-e-planejamento-das-propriedades\/","url":"https:\/\/folhapopular.info\/index.php\/2023\/09\/18\/terceiro-modulo-do-curso-para-a-juventude-rural-de-teutonia-discute-gestao-e-planejamento-das-propriedades\/","name":"Terceiro m\u00f3dulo do Curso para a Juventude Rural de Teut\u00f4nia discute gest\u00e3o e planejamento das propriedades - Folha Popular","isPartOf":{"@id":"https:\/\/folhapopular.info\/#website"},"primaryImageOfPage":{"@id":"https:\/\/folhapopular.info\/index.php\/2023\/09\/18\/terceiro-modulo-do-curso-para-a-juventude-rural-de-teutonia-discute-gestao-e-planejamento-das-propriedades\/#primaryimage"},"image":{"@id":"https:\/\/folhapopular.info\/index.php\/2023\/09\/18\/terceiro-modulo-do-curso-para-a-juventude-rural-de-teutonia-discute-gestao-e-planejamento-das-propriedades\/#primaryimage"},"thumbnailUrl":"https:\/\/folhapopular.info\/wp-content\/uploads\/2023\/09\/terceiro_modulo_curso_juventude_rural-2-scaled.jpeg","datePublished":"2023-09-18T18:57:39+00:00","dateModified":"2023-09-18T18:57:42+00:00","author":{"@id":"https:\/\/folhapopular.info\/#\/schema\/person\/2814e8a0df7643585a9ca38bc6eb9d4b"},"breadcrumb":{"@id":"https:\/\/folhapopular.info\/index.php\/2023\/09\/18\/terceiro-modulo-do-curso-para-a-juventude-rural-de-teutonia-discute-gestao-e-planejamento-das-propriedades\/#breadcrumb"},"inLanguage":"pt-BR","potentialAction":[{"@type":"ReadAction","target":["https:\/\/folhapopular.info\/index.php\/2023\/09\/18\/terceiro-modulo-do-curso-para-a-juventude-rural-de-teutonia-discute-gestao-e-planejamento-das-propriedades\/"]}]},{"@type":"ImageObject","inLanguage":"pt-BR","@id":"https:\/\/folhapopular.info\/index.php\/2023\/09\/18\/terceiro-modulo-do-curso-para-a-juventude-rural-de-teutonia-discute-gestao-e-planejamento-das-propriedades\/#primaryimage","url":"https:\/\/folhapopular.info\/wp-content\/uploads\/2023\/09\/terceiro_modulo_curso_juventude_rural-2-scaled.jpeg","contentUrl":"https:\/\/folhapopular.info\/wp-content\/uploads\/2023\/09\/terceiro_modulo_curso_juventude_rural-2-scaled.jpeg","width":2560,"height":1442,"caption":"Dividida em seis m\u00f3dulos, a qualifica\u00e7\u00e3o segue at\u00e9 dezembro deste ano, por meio de encontros mensais"},{"@type":"BreadcrumbList","@id":"https:\/\/folhapopular.info\/index.php\/2023\/09\/18\/terceiro-modulo-do-curso-para-a-juventude-rural-de-teutonia-discute-gestao-e-planejamento-das-propriedades\/#breadcrumb","itemListElement":[{"@type":"ListItem","position":1,"name":"In\u00edcio","item":"https:\/\/folhapopular.info\/"},{"@type":"ListItem","position":2,"name":"Terceiro m\u00f3dulo do Curso para a Juventude Rural de Teut\u00f4nia discute gest\u00e3o e planejamento das propriedades"}]},{"@type":"WebSite","@id":"https:\/\/folhapopular.info\/#website","url":"https:\/\/folhapopular.info\/","name":"Folha Popular","description":"Onde voc\u00ea tem vez e voz","potentialAction":[{"@type":"SearchAction","target":{"@type":"EntryPoint","urlTemplate":"https:\/\/folhapopular.info\/?s={search_term_string}"},"query-input":{"@type":"PropertyValueSpecification","valueRequired":true,"valueName":"search_term_string"}}],"inLanguage":"pt-BR"},{"@type":"Person","@id":"https:\/\/folhapopular.info\/#\/schema\/person\/2814e8a0df7643585a9ca38bc6eb9d4b","name":"Reda\u00e7\u00e3o Folha Popular","image":{"@type":"ImageObject","inLanguage":"pt-BR","@id":"https:\/\/folhapopular.info\/wp-content\/uploads\/2026\/04\/Folha-1.webp","url":"https:\/\/folhapopular.info\/wp-content\/uploads\/2026\/04\/Folha-1.webp","contentUrl":"https:\/\/folhapopular.info\/wp-content\/uploads\/2026\/04\/Folha-1.webp","caption":"Reda\u00e7\u00e3o Folha Popular"},"url":"https:\/\/folhapopular.info\/index.php\/author\/redacao\/"}]}},"jetpack_featured_media_url":"https:\/\/folhapopular.info\/wp-content\/uploads\/2023\/09\/terceiro_modulo_curso_juventude_rural-2-scaled.jpeg","jetpack_sharing_enabled":true,"amp_enabled":true,"_links":{"self":[{"href":"https:\/\/folhapopular.info\/index.php\/wp-json\/wp\/v2\/posts\/139931","targetHints":{"allow":["GET"]}}],"collection":[{"href":"https:\/\/folhapopular.info\/index.php\/wp-json\/wp\/v2\/posts"}],"about":[{"href":"https:\/\/folhapopular.info\/index.php\/wp-json\/wp\/v2\/types\/post"}],"author":[{"embeddable":true,"href":"https:\/\/folhapopular.info\/index.php\/wp-json\/wp\/v2\/users\/8"}],"replies":[{"embeddable":true,"href":"https:\/\/folhapopular.info\/index.php\/wp-json\/wp\/v2\/comments?post=139931"}],"version-history":[{"count":0,"href":"https:\/\/folhapopular.info\/index.php\/wp-json\/wp\/v2\/posts\/139931\/revisions"}],"wp:featuredmedia":[{"embeddable":true,"href":"https:\/\/folhapopular.info\/index.php\/wp-json\/wp\/v2\/media\/139932"}],"wp:attachment":[{"href":"https:\/\/folhapopular.info\/index.php\/wp-json\/wp\/v2\/media?parent=139931"}],"wp:term":[{"taxonomy":"category","embeddable":true,"href":"https:\/\/folhapopular.info\/index.php\/wp-json\/wp\/v2\/categories?post=139931"},{"taxonomy":"post_tag","embeddable":true,"href":"https:\/\/folhapopular.info\/index.php\/wp-json\/wp\/v2\/tags?post=139931"}],"curies":[{"name":"wp","href":"https:\/\/api.w.org\/{rel}","templated":true}]}}