{"id":140039,"date":"2023-09-20T10:01:00","date_gmt":"2023-09-20T13:01:00","guid":{"rendered":"https:\/\/folhapopular.info\/?p=140039"},"modified":"2023-09-20T10:56:16","modified_gmt":"2023-09-20T13:56:16","slug":"celtic-teutonia-conquistou-ultima-vaga-na-supercopa-popular-de-futsal","status":"publish","type":"post","link":"https:\/\/folhapopular.info\/index.php\/2023\/09\/20\/celtic-teutonia-conquistou-ultima-vaga-na-supercopa-popular-de-futsal\/","title":{"rendered":"Celtic\/Teut\u00f4nia conquistou \u00faltima vaga na Supercopa Popular de Futsal"},"content":{"rendered":"\n<p>A bola voltou a rolar no gin\u00e1sio da Associa\u00e7\u00e3o de Funcion\u00e1rios da Languiru com a \u00faltima rodada da fase classificat\u00f3ria da 5\u00aa Supercopa Popular de Futsal. Na noite de ter\u00e7a-feira (19\/9) houve a defini\u00e7\u00e3o da \u00faltima vaga e os posicionamentos das equipes para a fase eliminat\u00f3ria. Uma rodada cheia de emo\u00e7\u00f5es, gols e intensidade como aperitivo para as pr\u00f3ximas etapas.<\/p>\n\n\n\n<p>O Celtic\/Teut\u00f4nia venceu o Santiago de Taquari, subiu para o terceiro lugar da Chave B e conquistou a passagem \u00e0s oitavas de final. Os Guri da 24\/Lajeado goleou o Elite\/Teut\u00f4nia e assegurou a primeira posi\u00e7\u00e3o, deixando o Amigos do Gemeii\/Garibaldi em segundo da Chave A.<\/p>\n\n\n\n<p>A equipe Laranja Mec\u00e2nica\/Paverama derrotou Central dos Terneiros\/Po\u00e7o das Antas e manteve a primeira posi\u00e7\u00e3o da Chave C, como \u00fanico time 100% na competi\u00e7\u00e3o. A derrota e o n\u00famero de gols sofridos custou a Po\u00e7o das Antas cair de segundo para terceiro lugar, j\u00e1 que houve empate no confronto direto com o Barcabier\/Teut\u00f4nia e a equipe teutoniense sofreu um gol a menos.<\/p>\n\n\n\n<p>A partir da\u00ed ser\u00e1 poss\u00edvel <strong><a href=\"https:\/\/folhapopular.info\/index.php\/2023\/09\/20\/supercopa-popular-de-futsal-define-oitavas-de-final\/\">tra\u00e7ar os cruzamentos da etapa seguinte<\/a><\/strong> da competi\u00e7\u00e3o. <strong>A classifica\u00e7\u00e3o abaixo \u00e9 extraoficial, pois depende da confirma\u00e7\u00e3o via nota oficial.<\/strong><\/p>\n\n\n\n<h2 class=\"wp-block-heading\"><strong>&gt; SUPERCOPA POPULAR DE FUTSAL<\/strong><br>Patroc\u00ednio: Sicoob e Sicredi<br>Apoio: Protepac e Cardoso Sports<\/h2>\n\n\n\n<p><strong>4\u00aa rodada (atrasada) da 1\u00aa fase \u2013 19\/9<\/strong><\/p>\n\n\n\n<p><strong>Ch Jogo<\/strong><\/p>\n\n\n\n<p>A &#8211; Elite\/Gui Fretes\/Teut\u00f4nia  3 x 10  Uninter\/Os Guri da 24\/Lajeado<\/p>\n\n\n\n<p>B &#8211; Celtic\/Teut\u00f4nia 7 x 1  Santiago\/Taquari<\/p>\n\n\n\n<p>C &#8211; Laranja Mec\u00e2nica\/Paverama  4 x 3  Central dos Terneiros\/Po\u00e7o das Antas<\/p>\n\n\n\n<h2 class=\"wp-block-heading\"><strong>Classifica\u00e7\u00e3o<\/strong><\/h2>\n\n\n\n<figure class=\"wp-block-table is-style-stripes\"><table><tbody><tr><td><strong>Chave A<\/strong><\/td><td><strong>PG<\/strong><\/td><td>J<\/td><td>V<\/td><td>E<\/td><td>D<\/td><td>GP<\/td><td>GC<\/td><td>SG<\/td><\/tr><tr><td>1\u00ba) Uninter\/Os Guri da 24\/Lajeado<\/td><td>10<\/td><td>4<\/td><td>3<\/td><td>1<\/td><td>0<\/td><td>25<\/td><td>8<\/td><td>17<\/td><\/tr><tr><td>2\u00ba) Amigos do Gemeii\/Sangue Frio\/Garibaldi<\/td><td>10<\/td><td>4<\/td><td>3<\/td><td>1<\/td><td>0<\/td><td>18<\/td><td>9<\/td><td>9<\/td><\/tr><tr><td>3\u00ba) Reis da Copa\/Estrela<\/td><td>4<\/td><td>4<\/td><td>1<\/td><td>1<\/td><td>2<\/td><td>8<\/td><td>12<\/td><td>-4<\/td><\/tr><tr><td>4\u00ba) Elite\/Gui Fretes\/Teut\u00f4nia<\/td><td>3<\/td><td>4<\/td><td>1<\/td><td>0<\/td><td>3<\/td><td>14<\/td><td>20<\/td><td>-6<\/td><\/tr><tr><td>5\u00ba) Taquari<\/td><td>1<\/td><td>4<\/td><td>0<\/td><td>1<\/td><td>3<\/td><td>7<\/td><td>23<\/td><td>-16<\/td><\/tr><tr><td><strong>Chave B<\/strong><\/td><td><strong>PG<\/strong><\/td><td>J<\/td><td>V<\/td><td>E<\/td><td>D<\/td><td>GP<\/td><td>GC<\/td><td>SG<\/td><\/tr><tr><td>1\u00ba) Westf\u00e1lia<\/td><td>10<\/td><td>4<\/td><td>3<\/td><td>1<\/td><td>0<\/td><td>11<\/td><td>6<\/td><td>5<\/td><\/tr><tr><td>2\u00ba) Divirada\/AJP\/Fazenda Vilanova<\/td><td>7<\/td><td>4<\/td><td>2<\/td><td>1<\/td><td>1<\/td><td>12<\/td><td>7<\/td><td>5<\/td><\/tr><tr><td>3\u00ba) Celtic \/ Teut\u00f4nia<\/td><td>6<\/td><td>4<\/td><td>1<\/td><td>3<\/td><td>0<\/td><td>12<\/td><td>6<\/td><td>6<\/td><\/tr><tr><td>4\u00ba) Brochier<\/td><td>4<\/td><td>4<\/td><td>1<\/td><td>1<\/td><td>2<\/td><td>9<\/td><td>11<\/td><td>-2<\/td><\/tr><tr><td>5\u00ba) Santiago\/Taquari<\/td><td>0<\/td><td>4<\/td><td>0<\/td><td>0<\/td><td>4<\/td><td>6<\/td><td>20<\/td><td>-14<\/td><\/tr><tr><td><strong>Chave C<\/strong><\/td><td><strong>PG<\/strong><\/td><td>J<\/td><td>V<\/td><td>E<\/td><td>D<\/td><td>GP<\/td><td>GC<\/td><td>SG<\/td><\/tr><tr><td>1\u00ba) Laranja Mec\u00e2nica\/Paverama<\/td><td>12<\/td><td>4<\/td><td>4<\/td><td>0<\/td><td>0<\/td><td>16<\/td><td>6<\/td><td>10<\/td><\/tr><tr><td>2\u00ba) Barcabier\/Teut\u00f4nia<\/td><td>7<\/td><td>4<\/td><td>2<\/td><td>1<\/td><td>1<\/td><td>10<\/td><td>8<\/td><td>2<\/td><\/tr><tr><td>3\u00ba) Central dos Terneiros\/Po\u00e7o das Antas<\/td><td>7<\/td><td>4<\/td><td>2<\/td><td>1<\/td><td>1<\/td><td>13<\/td><td>9<\/td><td>4<\/td><\/tr><tr><td>4\u00ba) Assoeva Sub-20\/Ven\u00e2ncio Aires<\/td><td>3<\/td><td>4<\/td><td>1<\/td><td>0<\/td><td>3<\/td><td>9<\/td><td>9<\/td><td>0<\/td><\/tr><tr><td>5\u00ba) ACFC\/Fazenda Vilanova<\/td><td>0<\/td><td>4<\/td><td>0<\/td><td>0<\/td><td>4<\/td><td>3<\/td><td>19<\/td><td>-16<\/td><\/tr><\/tbody><\/table><\/figure>\n\n\n\n<h2 class=\"wp-block-heading\"><strong>Equipes em quadra<\/strong><\/h2>\n\n\n\n<div class=\"wp-block-jetpack-slideshow aligncenter\" data-effect=\"slide\"><div class=\"wp-block-jetpack-slideshow_container swiper-container\"><ul class=\"wp-block-jetpack-slideshow_swiper-wrapper swiper-wrapper\"><li class=\"wp-block-jetpack-slideshow_slide swiper-slide\"><figure><img loading=\"lazy\" decoding=\"async\" width=\"1024\" height=\"768\" alt=\"\" class=\"wp-block-jetpack-slideshow_image wp-image-140051\" data-id=\"140051\" src=\"https:\/\/folhapopular.info\/wp-content\/uploads\/2023\/09\/WhatsApp-Image-2023-09-20-at-07.36.14-1-1024x768.jpeg\" srcset=\"https:\/\/folhapopular.info\/wp-content\/uploads\/2023\/09\/WhatsApp-Image-2023-09-20-at-07.36.14-1-1024x768.jpeg 1024w, https:\/\/folhapopular.info\/wp-content\/uploads\/2023\/09\/WhatsApp-Image-2023-09-20-at-07.36.14-1-300x225.jpeg 300w, https:\/\/folhapopular.info\/wp-content\/uploads\/2023\/09\/WhatsApp-Image-2023-09-20-at-07.36.14-1-768x576.jpeg 768w, https:\/\/folhapopular.info\/wp-content\/uploads\/2023\/09\/WhatsApp-Image-2023-09-20-at-07.36.14-1-1536x1152.jpeg 1536w, https:\/\/folhapopular.info\/wp-content\/uploads\/2023\/09\/WhatsApp-Image-2023-09-20-at-07.36.14-1-696x522.jpeg 696w, https:\/\/folhapopular.info\/wp-content\/uploads\/2023\/09\/WhatsApp-Image-2023-09-20-at-07.36.14-1-1068x801.jpeg 1068w, https:\/\/folhapopular.info\/wp-content\/uploads\/2023\/09\/WhatsApp-Image-2023-09-20-at-07.36.14-1.jpeg 1600w\" sizes=\"(max-width: 1024px) 100vw, 1024px\" \/><figcaption class=\"wp-block-jetpack-slideshow_caption gallery-caption\">Uninter \/ Os Guri da 24 \/ Lajeado assegurou a vit\u00f3ria e a primeira posi\u00e7\u00e3o<\/figcaption><\/figure><\/li><li class=\"wp-block-jetpack-slideshow_slide swiper-slide\"><figure><img loading=\"lazy\" decoding=\"async\" width=\"1024\" height=\"768\" alt=\"\" class=\"wp-block-jetpack-slideshow_image wp-image-140059\" data-id=\"140059\" src=\"https:\/\/folhapopular.info\/wp-content\/uploads\/2023\/09\/WhatsApp-Image-2023-09-20-at-07.36.16-1024x768.jpeg\" srcset=\"https:\/\/folhapopular.info\/wp-content\/uploads\/2023\/09\/WhatsApp-Image-2023-09-20-at-07.36.16-1024x768.jpeg 1024w, https:\/\/folhapopular.info\/wp-content\/uploads\/2023\/09\/WhatsApp-Image-2023-09-20-at-07.36.16-300x225.jpeg 300w, https:\/\/folhapopular.info\/wp-content\/uploads\/2023\/09\/WhatsApp-Image-2023-09-20-at-07.36.16-768x576.jpeg 768w, https:\/\/folhapopular.info\/wp-content\/uploads\/2023\/09\/WhatsApp-Image-2023-09-20-at-07.36.16-1536x1152.jpeg 1536w, https:\/\/folhapopular.info\/wp-content\/uploads\/2023\/09\/WhatsApp-Image-2023-09-20-at-07.36.16-696x522.jpeg 696w, https:\/\/folhapopular.info\/wp-content\/uploads\/2023\/09\/WhatsApp-Image-2023-09-20-at-07.36.16-1068x801.jpeg 1068w, https:\/\/folhapopular.info\/wp-content\/uploads\/2023\/09\/WhatsApp-Image-2023-09-20-at-07.36.16.jpeg 1600w\" sizes=\"(max-width: 1024px) 100vw, 1024px\" \/><figcaption class=\"wp-block-jetpack-slideshow_caption gallery-caption\">Laranja Mec\u00e2nica \/ Paverama ficou em primeiro lugar e \u00fanico time 100% na primeira fase \/\/ Cr\u00e9dito: Carla Beckmann<\/figcaption><\/figure><\/li><li class=\"wp-block-jetpack-slideshow_slide swiper-slide\"><figure><img loading=\"lazy\" decoding=\"async\" width=\"1024\" height=\"768\" alt=\"\" class=\"wp-block-jetpack-slideshow_image wp-image-140052\" data-id=\"140052\" src=\"https:\/\/folhapopular.info\/wp-content\/uploads\/2023\/09\/WhatsApp-Image-2023-09-20-at-07.36.14-1024x768.jpeg\" srcset=\"https:\/\/folhapopular.info\/wp-content\/uploads\/2023\/09\/WhatsApp-Image-2023-09-20-at-07.36.14-1024x768.jpeg 1024w, https:\/\/folhapopular.info\/wp-content\/uploads\/2023\/09\/WhatsApp-Image-2023-09-20-at-07.36.14-300x225.jpeg 300w, https:\/\/folhapopular.info\/wp-content\/uploads\/2023\/09\/WhatsApp-Image-2023-09-20-at-07.36.14-768x576.jpeg 768w, https:\/\/folhapopular.info\/wp-content\/uploads\/2023\/09\/WhatsApp-Image-2023-09-20-at-07.36.14-1536x1152.jpeg 1536w, https:\/\/folhapopular.info\/wp-content\/uploads\/2023\/09\/WhatsApp-Image-2023-09-20-at-07.36.14-696x522.jpeg 696w, https:\/\/folhapopular.info\/wp-content\/uploads\/2023\/09\/WhatsApp-Image-2023-09-20-at-07.36.14-1068x801.jpeg 1068w, https:\/\/folhapopular.info\/wp-content\/uploads\/2023\/09\/WhatsApp-Image-2023-09-20-at-07.36.14.jpeg 1600w\" sizes=\"(max-width: 1024px) 100vw, 1024px\" \/><figcaption class=\"wp-block-jetpack-slideshow_caption gallery-caption\">Elite \/ Gui Fretes \/ Teut\u00f4nia vai para a pr\u00f3xima fase, apesar da derrota \/\/ Cr\u00e9dito: Carla Beckmann<\/figcaption><\/figure><\/li><li class=\"wp-block-jetpack-slideshow_slide swiper-slide\"><figure><img loading=\"lazy\" decoding=\"async\" width=\"1024\" height=\"768\" alt=\"\" class=\"wp-block-jetpack-slideshow_image wp-image-140056\" data-id=\"140056\" src=\"https:\/\/folhapopular.info\/wp-content\/uploads\/2023\/09\/WhatsApp-Image-2023-09-20-at-07.36.15-4-1024x768.jpeg\" srcset=\"https:\/\/folhapopular.info\/wp-content\/uploads\/2023\/09\/WhatsApp-Image-2023-09-20-at-07.36.15-4-1024x768.jpeg 1024w, https:\/\/folhapopular.info\/wp-content\/uploads\/2023\/09\/WhatsApp-Image-2023-09-20-at-07.36.15-4-300x225.jpeg 300w, https:\/\/folhapopular.info\/wp-content\/uploads\/2023\/09\/WhatsApp-Image-2023-09-20-at-07.36.15-4-768x576.jpeg 768w, https:\/\/folhapopular.info\/wp-content\/uploads\/2023\/09\/WhatsApp-Image-2023-09-20-at-07.36.15-4-1536x1152.jpeg 1536w, https:\/\/folhapopular.info\/wp-content\/uploads\/2023\/09\/WhatsApp-Image-2023-09-20-at-07.36.15-4-696x522.jpeg 696w, https:\/\/folhapopular.info\/wp-content\/uploads\/2023\/09\/WhatsApp-Image-2023-09-20-at-07.36.15-4-1068x801.jpeg 1068w, https:\/\/folhapopular.info\/wp-content\/uploads\/2023\/09\/WhatsApp-Image-2023-09-20-at-07.36.15-4.jpeg 1600w\" sizes=\"(max-width: 1024px) 100vw, 1024px\" \/><figcaption class=\"wp-block-jetpack-slideshow_caption gallery-caption\">Central dos Terneiros \/ Po\u00e7o das Antas ficou em terceiro no grupo \/\/ Cr\u00e9dito: Carla Beckmann<\/figcaption><\/figure><\/li><li class=\"wp-block-jetpack-slideshow_slide swiper-slide\"><figure><img loading=\"lazy\" decoding=\"async\" width=\"1024\" height=\"768\" alt=\"\" class=\"wp-block-jetpack-slideshow_image wp-image-140053\" data-id=\"140053\" src=\"https:\/\/folhapopular.info\/wp-content\/uploads\/2023\/09\/WhatsApp-Image-2023-09-20-at-07.36.15-1-1024x768.jpeg\" srcset=\"https:\/\/folhapopular.info\/wp-content\/uploads\/2023\/09\/WhatsApp-Image-2023-09-20-at-07.36.15-1-1024x768.jpeg 1024w, https:\/\/folhapopular.info\/wp-content\/uploads\/2023\/09\/WhatsApp-Image-2023-09-20-at-07.36.15-1-300x225.jpeg 300w, https:\/\/folhapopular.info\/wp-content\/uploads\/2023\/09\/WhatsApp-Image-2023-09-20-at-07.36.15-1-768x576.jpeg 768w, https:\/\/folhapopular.info\/wp-content\/uploads\/2023\/09\/WhatsApp-Image-2023-09-20-at-07.36.15-1-1536x1152.jpeg 1536w, https:\/\/folhapopular.info\/wp-content\/uploads\/2023\/09\/WhatsApp-Image-2023-09-20-at-07.36.15-1-696x522.jpeg 696w, https:\/\/folhapopular.info\/wp-content\/uploads\/2023\/09\/WhatsApp-Image-2023-09-20-at-07.36.15-1-1068x801.jpeg 1068w, https:\/\/folhapopular.info\/wp-content\/uploads\/2023\/09\/WhatsApp-Image-2023-09-20-at-07.36.15-1.jpeg 1600w\" sizes=\"(max-width: 1024px) 100vw, 1024px\" \/><figcaption class=\"wp-block-jetpack-slideshow_caption gallery-caption\">SanTiago \/ Taquari n\u00e3o conseguiu sua classifica\u00e7\u00e3o \/\/ Cr\u00e9dito: Carla Beckmann<\/figcaption><\/figure><\/li><\/ul><a class=\"wp-block-jetpack-slideshow_button-prev swiper-button-prev swiper-button-white\" role=\"button\"><\/a><a class=\"wp-block-jetpack-slideshow_button-next swiper-button-next swiper-button-white\" role=\"button\"><\/a><a aria-label=\"Pause Slideshow\" class=\"wp-block-jetpack-slideshow_button-pause\" role=\"button\"><\/a><div class=\"wp-block-jetpack-slideshow_pagination swiper-pagination swiper-pagination-white\"><\/div><\/div><\/div>\n\n\n\n<h2 class=\"wp-block-heading\"><strong>Craques dos jogos da rodada<\/strong><\/h2>\n\n\n\n<div class=\"wp-block-jetpack-slideshow aligncenter\" data-effect=\"slide\"><div class=\"wp-block-jetpack-slideshow_container swiper-container\"><ul class=\"wp-block-jetpack-slideshow_swiper-wrapper swiper-wrapper\"><li class=\"wp-block-jetpack-slideshow_slide swiper-slide\"><figure><img loading=\"lazy\" decoding=\"async\" width=\"768\" height=\"1024\" alt=\"\" class=\"wp-block-jetpack-slideshow_image wp-image-140057\" data-id=\"140057\" src=\"https:\/\/folhapopular.info\/wp-content\/uploads\/2023\/09\/WhatsApp-Image-2023-09-20-at-07.36.15-768x1024.jpeg\" srcset=\"https:\/\/folhapopular.info\/wp-content\/uploads\/2023\/09\/WhatsApp-Image-2023-09-20-at-07.36.15-768x1024.jpeg 768w, https:\/\/folhapopular.info\/wp-content\/uploads\/2023\/09\/WhatsApp-Image-2023-09-20-at-07.36.15-225x300.jpeg 225w, https:\/\/folhapopular.info\/wp-content\/uploads\/2023\/09\/WhatsApp-Image-2023-09-20-at-07.36.15-1152x1536.jpeg 1152w, https:\/\/folhapopular.info\/wp-content\/uploads\/2023\/09\/WhatsApp-Image-2023-09-20-at-07.36.15-696x928.jpeg 696w, https:\/\/folhapopular.info\/wp-content\/uploads\/2023\/09\/WhatsApp-Image-2023-09-20-at-07.36.15-1068x1424.jpeg 1068w, https:\/\/folhapopular.info\/wp-content\/uploads\/2023\/09\/WhatsApp-Image-2023-09-20-at-07.36.15.jpeg 1200w\" sizes=\"(max-width: 768px) 100vw, 768px\" \/><figcaption class=\"wp-block-jetpack-slideshow_caption gallery-caption\">Jo\u00e3o Moura, da equipe Os Guri da 24 \/\/ Cr\u00e9dito: Carla Beckmann<\/figcaption><\/figure><\/li><li class=\"wp-block-jetpack-slideshow_slide swiper-slide\"><figure><img loading=\"lazy\" decoding=\"async\" width=\"768\" height=\"1024\" alt=\"\" class=\"wp-block-jetpack-slideshow_image wp-image-140055\" data-id=\"140055\" src=\"https:\/\/folhapopular.info\/wp-content\/uploads\/2023\/09\/WhatsApp-Image-2023-09-20-at-07.36.15-3-768x1024.jpeg\" srcset=\"https:\/\/folhapopular.info\/wp-content\/uploads\/2023\/09\/WhatsApp-Image-2023-09-20-at-07.36.15-3-768x1024.jpeg 768w, https:\/\/folhapopular.info\/wp-content\/uploads\/2023\/09\/WhatsApp-Image-2023-09-20-at-07.36.15-3-225x300.jpeg 225w, https:\/\/folhapopular.info\/wp-content\/uploads\/2023\/09\/WhatsApp-Image-2023-09-20-at-07.36.15-3-1152x1536.jpeg 1152w, https:\/\/folhapopular.info\/wp-content\/uploads\/2023\/09\/WhatsApp-Image-2023-09-20-at-07.36.15-3-696x928.jpeg 696w, https:\/\/folhapopular.info\/wp-content\/uploads\/2023\/09\/WhatsApp-Image-2023-09-20-at-07.36.15-3-1068x1424.jpeg 1068w, https:\/\/folhapopular.info\/wp-content\/uploads\/2023\/09\/WhatsApp-Image-2023-09-20-at-07.36.15-3.jpeg 1200w\" sizes=\"(max-width: 768px) 100vw, 768px\" \/><figcaption class=\"wp-block-jetpack-slideshow_caption gallery-caption\">Jundi\u00e1, do Celtic \/\/ Cr\u00e9dito: Carla Beckmann<\/figcaption><\/figure><\/li><li class=\"wp-block-jetpack-slideshow_slide swiper-slide\"><figure><img loading=\"lazy\" decoding=\"async\" width=\"768\" height=\"1024\" alt=\"\" class=\"wp-block-jetpack-slideshow_image wp-image-140058\" data-id=\"140058\" src=\"https:\/\/folhapopular.info\/wp-content\/uploads\/2023\/09\/WhatsApp-Image-2023-09-20-at-07.36.16-1-768x1024.jpeg\" srcset=\"https:\/\/folhapopular.info\/wp-content\/uploads\/2023\/09\/WhatsApp-Image-2023-09-20-at-07.36.16-1-768x1024.jpeg 768w, https:\/\/folhapopular.info\/wp-content\/uploads\/2023\/09\/WhatsApp-Image-2023-09-20-at-07.36.16-1-225x300.jpeg 225w, https:\/\/folhapopular.info\/wp-content\/uploads\/2023\/09\/WhatsApp-Image-2023-09-20-at-07.36.16-1-1152x1536.jpeg 1152w, https:\/\/folhapopular.info\/wp-content\/uploads\/2023\/09\/WhatsApp-Image-2023-09-20-at-07.36.16-1-696x928.jpeg 696w, https:\/\/folhapopular.info\/wp-content\/uploads\/2023\/09\/WhatsApp-Image-2023-09-20-at-07.36.16-1-1068x1424.jpeg 1068w, https:\/\/folhapopular.info\/wp-content\/uploads\/2023\/09\/WhatsApp-Image-2023-09-20-at-07.36.16-1.jpeg 1200w\" sizes=\"(max-width: 768px) 100vw, 768px\" \/><figcaption class=\"wp-block-jetpack-slideshow_caption gallery-caption\">Bei\u00e7o, do Laranja Mec\u00e2nica \/\/ Cr\u00e9dito: Carla Beckmann<\/figcaption><\/figure><\/li><\/ul><a class=\"wp-block-jetpack-slideshow_button-prev swiper-button-prev swiper-button-white\" role=\"button\"><\/a><a class=\"wp-block-jetpack-slideshow_button-next swiper-button-next swiper-button-white\" role=\"button\"><\/a><a aria-label=\"Pause Slideshow\" class=\"wp-block-jetpack-slideshow_button-pause\" role=\"button\"><\/a><div class=\"wp-block-jetpack-slideshow_pagination swiper-pagination swiper-pagination-white\"><\/div><\/div><\/div>\n","protected":false},"excerpt":{"rendered":"<p>A bola voltou a rolar no gin\u00e1sio da Associa\u00e7\u00e3o de Funcion\u00e1rios da Languiru com a \u00faltima rodada da fase classificat\u00f3ria da 5\u00aa Supercopa Popular de Futsal. Na noite de ter\u00e7a-feira (19\/9) houve a defini\u00e7\u00e3o da \u00faltima vaga e os posicionamentos das equipes para a fase eliminat\u00f3ria. Uma rodada cheia de emo\u00e7\u00f5es, gols e intensidade como [&hellip;]<\/p>\n","protected":false},"author":7,"featured_media":140054,"comment_status":"open","ping_status":"open","sticky":false,"template":"","format":"standard","meta":{"pmpro_default_level":"","_jetpack_memberships_contains_paid_content":false,"footnotes":""},"categories":[5,530],"tags":[137,27,46,40,12356,1056,26],"class_list":{"0":"post-140039","1":"post","2":"type-post","3":"status-publish","4":"format-standard","5":"has-post-thumbnail","7":"category-esportes","8":"category-futsal","9":"tag-esporte","10":"tag-lajeado","11":"tag-paverama","12":"tag-poco-das-antas","13":"tag-supercopa-popular-de-futsal","14":"tag-taquari","15":"tag-teutonia","16":"pmpro-has-access"},"yoast_head":"<!-- This site is optimized with the Yoast SEO plugin v27.5 - https:\/\/yoast.com\/product\/yoast-seo-wordpress\/ -->\n<title>Celtic\/Teut\u00f4nia conquistou \u00faltima vaga na Supercopa Popular de Futsal - Folha Popular<\/title>\n<meta name=\"robots\" content=\"index, follow, max-snippet:-1, max-image-preview:large, max-video-preview:-1\" \/>\n<link rel=\"canonical\" href=\"https:\/\/folhapopular.info\/index.php\/2023\/09\/20\/celtic-teutonia-conquistou-ultima-vaga-na-supercopa-popular-de-futsal\/\" \/>\n<meta property=\"og:locale\" content=\"pt_BR\" \/>\n<meta property=\"og:type\" content=\"article\" \/>\n<meta property=\"og:title\" content=\"Celtic\/Teut\u00f4nia conquistou \u00faltima vaga na Supercopa Popular de Futsal - Folha Popular\" \/>\n<meta property=\"og:description\" content=\"A bola voltou a rolar no gin\u00e1sio da Associa\u00e7\u00e3o de Funcion\u00e1rios da Languiru com a \u00faltima rodada da fase classificat\u00f3ria da 5\u00aa Supercopa Popular de Futsal. Na noite de ter\u00e7a-feira (19\/9) houve a defini\u00e7\u00e3o da \u00faltima vaga e os posicionamentos das equipes para a fase eliminat\u00f3ria. Uma rodada cheia de emo\u00e7\u00f5es, gols e intensidade como [&hellip;]\" \/>\n<meta property=\"og:url\" content=\"https:\/\/folhapopular.info\/index.php\/2023\/09\/20\/celtic-teutonia-conquistou-ultima-vaga-na-supercopa-popular-de-futsal\/\" \/>\n<meta property=\"og:site_name\" content=\"Folha Popular\" \/>\n<meta property=\"article:published_time\" content=\"2023-09-20T13:01:00+00:00\" \/>\n<meta property=\"article:modified_time\" content=\"2023-09-20T13:56:16+00:00\" \/>\n<meta property=\"og:image\" content=\"http:\/\/folhapopular.info\/wp-content\/uploads\/2023\/09\/WhatsApp-Image-2023-09-20-at-07.36.15-2.jpeg\" \/>\n\t<meta property=\"og:image:width\" content=\"1600\" \/>\n\t<meta property=\"og:image:height\" content=\"1200\" \/>\n\t<meta property=\"og:image:type\" content=\"image\/jpeg\" \/>\n<meta name=\"author\" content=\"Lucas Leandro Brune\" \/>\n<meta name=\"twitter:card\" content=\"summary_large_image\" \/>\n<meta name=\"twitter:label1\" content=\"Escrito por\" \/>\n\t<meta name=\"twitter:data1\" content=\"Lucas Leandro Brune\" \/>\n\t<meta name=\"twitter:label2\" content=\"Est. tempo de leitura\" \/>\n\t<meta name=\"twitter:data2\" content=\"5 minutos\" \/>\n<script type=\"application\/ld+json\" class=\"yoast-schema-graph\">{\"@context\":\"https:\\\/\\\/schema.org\",\"@graph\":[{\"@type\":\"Article\",\"@id\":\"https:\\\/\\\/folhapopular.info\\\/index.php\\\/2023\\\/09\\\/20\\\/celtic-teutonia-conquistou-ultima-vaga-na-supercopa-popular-de-futsal\\\/#article\",\"isPartOf\":{\"@id\":\"https:\\\/\\\/folhapopular.info\\\/index.php\\\/2023\\\/09\\\/20\\\/celtic-teutonia-conquistou-ultima-vaga-na-supercopa-popular-de-futsal\\\/\"},\"author\":{\"name\":\"Lucas Leandro Brune\",\"@id\":\"https:\\\/\\\/folhapopular.info\\\/#\\\/schema\\\/person\\\/533a15f60cd49e81ab3a90b4ca33cb36\"},\"headline\":\"Celtic\\\/Teut\u00f4nia conquistou \u00faltima vaga na Supercopa Popular de Futsal\",\"datePublished\":\"2023-09-20T13:01:00+00:00\",\"dateModified\":\"2023-09-20T13:56:16+00:00\",\"mainEntityOfPage\":{\"@id\":\"https:\\\/\\\/folhapopular.info\\\/index.php\\\/2023\\\/09\\\/20\\\/celtic-teutonia-conquistou-ultima-vaga-na-supercopa-popular-de-futsal\\\/\"},\"wordCount\":492,\"commentCount\":0,\"image\":{\"@id\":\"https:\\\/\\\/folhapopular.info\\\/index.php\\\/2023\\\/09\\\/20\\\/celtic-teutonia-conquistou-ultima-vaga-na-supercopa-popular-de-futsal\\\/#primaryimage\"},\"thumbnailUrl\":\"https:\\\/\\\/folhapopular.info\\\/wp-content\\\/uploads\\\/2023\\\/09\\\/WhatsApp-Image-2023-09-20-at-07.36.15-2.jpeg\",\"keywords\":[\"Esporte\",\"Lajeado\",\"Paverama\",\"Po\u00e7o das Antas\",\"Supercopa Popular de Futsal\",\"Taquari\",\"Teut\u00f4nia\"],\"articleSection\":[\"Esportes\",\"Futsal\"],\"inLanguage\":\"pt-BR\",\"potentialAction\":[{\"@type\":\"CommentAction\",\"name\":\"Comment\",\"target\":[\"https:\\\/\\\/folhapopular.info\\\/index.php\\\/2023\\\/09\\\/20\\\/celtic-teutonia-conquistou-ultima-vaga-na-supercopa-popular-de-futsal\\\/#respond\"]}]},{\"@type\":\"WebPage\",\"@id\":\"https:\\\/\\\/folhapopular.info\\\/index.php\\\/2023\\\/09\\\/20\\\/celtic-teutonia-conquistou-ultima-vaga-na-supercopa-popular-de-futsal\\\/\",\"url\":\"https:\\\/\\\/folhapopular.info\\\/index.php\\\/2023\\\/09\\\/20\\\/celtic-teutonia-conquistou-ultima-vaga-na-supercopa-popular-de-futsal\\\/\",\"name\":\"Celtic\\\/Teut\u00f4nia conquistou \u00faltima vaga na Supercopa Popular de Futsal - Folha Popular\",\"isPartOf\":{\"@id\":\"https:\\\/\\\/folhapopular.info\\\/#website\"},\"primaryImageOfPage\":{\"@id\":\"https:\\\/\\\/folhapopular.info\\\/index.php\\\/2023\\\/09\\\/20\\\/celtic-teutonia-conquistou-ultima-vaga-na-supercopa-popular-de-futsal\\\/#primaryimage\"},\"image\":{\"@id\":\"https:\\\/\\\/folhapopular.info\\\/index.php\\\/2023\\\/09\\\/20\\\/celtic-teutonia-conquistou-ultima-vaga-na-supercopa-popular-de-futsal\\\/#primaryimage\"},\"thumbnailUrl\":\"https:\\\/\\\/folhapopular.info\\\/wp-content\\\/uploads\\\/2023\\\/09\\\/WhatsApp-Image-2023-09-20-at-07.36.15-2.jpeg\",\"datePublished\":\"2023-09-20T13:01:00+00:00\",\"dateModified\":\"2023-09-20T13:56:16+00:00\",\"author\":{\"@id\":\"https:\\\/\\\/folhapopular.info\\\/#\\\/schema\\\/person\\\/533a15f60cd49e81ab3a90b4ca33cb36\"},\"breadcrumb\":{\"@id\":\"https:\\\/\\\/folhapopular.info\\\/index.php\\\/2023\\\/09\\\/20\\\/celtic-teutonia-conquistou-ultima-vaga-na-supercopa-popular-de-futsal\\\/#breadcrumb\"},\"inLanguage\":\"pt-BR\",\"potentialAction\":[{\"@type\":\"ReadAction\",\"target\":[\"https:\\\/\\\/folhapopular.info\\\/index.php\\\/2023\\\/09\\\/20\\\/celtic-teutonia-conquistou-ultima-vaga-na-supercopa-popular-de-futsal\\\/\"]}]},{\"@type\":\"ImageObject\",\"inLanguage\":\"pt-BR\",\"@id\":\"https:\\\/\\\/folhapopular.info\\\/index.php\\\/2023\\\/09\\\/20\\\/celtic-teutonia-conquistou-ultima-vaga-na-supercopa-popular-de-futsal\\\/#primaryimage\",\"url\":\"https:\\\/\\\/folhapopular.info\\\/wp-content\\\/uploads\\\/2023\\\/09\\\/WhatsApp-Image-2023-09-20-at-07.36.15-2.jpeg\",\"contentUrl\":\"https:\\\/\\\/folhapopular.info\\\/wp-content\\\/uploads\\\/2023\\\/09\\\/WhatsApp-Image-2023-09-20-at-07.36.15-2.jpeg\",\"width\":1600,\"height\":1200,\"caption\":\"Celtic \\\/ Teut\u00f4nia venceu, confirmou sua vaga e subiu uma posi\u00e7\u00e3o \\\/\\\/ Cr\u00e9dito: Carla Beckmann\"},{\"@type\":\"BreadcrumbList\",\"@id\":\"https:\\\/\\\/folhapopular.info\\\/index.php\\\/2023\\\/09\\\/20\\\/celtic-teutonia-conquistou-ultima-vaga-na-supercopa-popular-de-futsal\\\/#breadcrumb\",\"itemListElement\":[{\"@type\":\"ListItem\",\"position\":1,\"name\":\"In\u00edcio\",\"item\":\"https:\\\/\\\/folhapopular.info\\\/\"},{\"@type\":\"ListItem\",\"position\":2,\"name\":\"Celtic\\\/Teut\u00f4nia conquistou \u00faltima vaga na Supercopa Popular de Futsal\"}]},{\"@type\":\"WebSite\",\"@id\":\"https:\\\/\\\/folhapopular.info\\\/#website\",\"url\":\"https:\\\/\\\/folhapopular.info\\\/\",\"name\":\"Folha Popular\",\"description\":\"Onde voc\u00ea tem vez e voz\",\"potentialAction\":[{\"@type\":\"SearchAction\",\"target\":{\"@type\":\"EntryPoint\",\"urlTemplate\":\"https:\\\/\\\/folhapopular.info\\\/?s={search_term_string}\"},\"query-input\":{\"@type\":\"PropertyValueSpecification\",\"valueRequired\":true,\"valueName\":\"search_term_string\"}}],\"inLanguage\":\"pt-BR\"},{\"@type\":\"Person\",\"@id\":\"https:\\\/\\\/folhapopular.info\\\/#\\\/schema\\\/person\\\/533a15f60cd49e81ab3a90b4ca33cb36\",\"name\":\"Lucas Leandro Brune\",\"image\":{\"@type\":\"ImageObject\",\"inLanguage\":\"pt-BR\",\"@id\":\"https:\\\/\\\/folhapopular.info\\\/wp-content\\\/uploads\\\/2026\\\/04\\\/LUCAS-1-1.webp\",\"url\":\"https:\\\/\\\/folhapopular.info\\\/wp-content\\\/uploads\\\/2026\\\/04\\\/LUCAS-1-1.webp\",\"contentUrl\":\"https:\\\/\\\/folhapopular.info\\\/wp-content\\\/uploads\\\/2026\\\/04\\\/LUCAS-1-1.webp\",\"caption\":\"Lucas Leandro Brune\"},\"description\":\"Jornalista Profissional Diplomado MTB\\\/RS 14.333\",\"url\":\"https:\\\/\\\/folhapopular.info\\\/index.php\\\/author\\\/lucas-brune\\\/\"}]}<\/script>\n<!-- \/ Yoast SEO plugin. -->","yoast_head_json":{"title":"Celtic\/Teut\u00f4nia conquistou \u00faltima vaga na Supercopa Popular de Futsal - Folha Popular","robots":{"index":"index","follow":"follow","max-snippet":"max-snippet:-1","max-image-preview":"max-image-preview:large","max-video-preview":"max-video-preview:-1"},"canonical":"https:\/\/folhapopular.info\/index.php\/2023\/09\/20\/celtic-teutonia-conquistou-ultima-vaga-na-supercopa-popular-de-futsal\/","og_locale":"pt_BR","og_type":"article","og_title":"Celtic\/Teut\u00f4nia conquistou \u00faltima vaga na Supercopa Popular de Futsal - Folha Popular","og_description":"A bola voltou a rolar no gin\u00e1sio da Associa\u00e7\u00e3o de Funcion\u00e1rios da Languiru com a \u00faltima rodada da fase classificat\u00f3ria da 5\u00aa Supercopa Popular de Futsal. Na noite de ter\u00e7a-feira (19\/9) houve a defini\u00e7\u00e3o da \u00faltima vaga e os posicionamentos das equipes para a fase eliminat\u00f3ria. Uma rodada cheia de emo\u00e7\u00f5es, gols e intensidade como [&hellip;]","og_url":"https:\/\/folhapopular.info\/index.php\/2023\/09\/20\/celtic-teutonia-conquistou-ultima-vaga-na-supercopa-popular-de-futsal\/","og_site_name":"Folha Popular","article_published_time":"2023-09-20T13:01:00+00:00","article_modified_time":"2023-09-20T13:56:16+00:00","og_image":[{"width":1600,"height":1200,"url":"http:\/\/folhapopular.info\/wp-content\/uploads\/2023\/09\/WhatsApp-Image-2023-09-20-at-07.36.15-2.jpeg","type":"image\/jpeg"}],"author":"Lucas Leandro Brune","twitter_card":"summary_large_image","twitter_misc":{"Escrito por":"Lucas Leandro Brune","Est. tempo de leitura":"5 minutos"},"schema":{"@context":"https:\/\/schema.org","@graph":[{"@type":"Article","@id":"https:\/\/folhapopular.info\/index.php\/2023\/09\/20\/celtic-teutonia-conquistou-ultima-vaga-na-supercopa-popular-de-futsal\/#article","isPartOf":{"@id":"https:\/\/folhapopular.info\/index.php\/2023\/09\/20\/celtic-teutonia-conquistou-ultima-vaga-na-supercopa-popular-de-futsal\/"},"author":{"name":"Lucas Leandro Brune","@id":"https:\/\/folhapopular.info\/#\/schema\/person\/533a15f60cd49e81ab3a90b4ca33cb36"},"headline":"Celtic\/Teut\u00f4nia conquistou \u00faltima vaga na Supercopa Popular de Futsal","datePublished":"2023-09-20T13:01:00+00:00","dateModified":"2023-09-20T13:56:16+00:00","mainEntityOfPage":{"@id":"https:\/\/folhapopular.info\/index.php\/2023\/09\/20\/celtic-teutonia-conquistou-ultima-vaga-na-supercopa-popular-de-futsal\/"},"wordCount":492,"commentCount":0,"image":{"@id":"https:\/\/folhapopular.info\/index.php\/2023\/09\/20\/celtic-teutonia-conquistou-ultima-vaga-na-supercopa-popular-de-futsal\/#primaryimage"},"thumbnailUrl":"https:\/\/folhapopular.info\/wp-content\/uploads\/2023\/09\/WhatsApp-Image-2023-09-20-at-07.36.15-2.jpeg","keywords":["Esporte","Lajeado","Paverama","Po\u00e7o das Antas","Supercopa Popular de Futsal","Taquari","Teut\u00f4nia"],"articleSection":["Esportes","Futsal"],"inLanguage":"pt-BR","potentialAction":[{"@type":"CommentAction","name":"Comment","target":["https:\/\/folhapopular.info\/index.php\/2023\/09\/20\/celtic-teutonia-conquistou-ultima-vaga-na-supercopa-popular-de-futsal\/#respond"]}]},{"@type":"WebPage","@id":"https:\/\/folhapopular.info\/index.php\/2023\/09\/20\/celtic-teutonia-conquistou-ultima-vaga-na-supercopa-popular-de-futsal\/","url":"https:\/\/folhapopular.info\/index.php\/2023\/09\/20\/celtic-teutonia-conquistou-ultima-vaga-na-supercopa-popular-de-futsal\/","name":"Celtic\/Teut\u00f4nia conquistou \u00faltima vaga na Supercopa Popular de Futsal - Folha Popular","isPartOf":{"@id":"https:\/\/folhapopular.info\/#website"},"primaryImageOfPage":{"@id":"https:\/\/folhapopular.info\/index.php\/2023\/09\/20\/celtic-teutonia-conquistou-ultima-vaga-na-supercopa-popular-de-futsal\/#primaryimage"},"image":{"@id":"https:\/\/folhapopular.info\/index.php\/2023\/09\/20\/celtic-teutonia-conquistou-ultima-vaga-na-supercopa-popular-de-futsal\/#primaryimage"},"thumbnailUrl":"https:\/\/folhapopular.info\/wp-content\/uploads\/2023\/09\/WhatsApp-Image-2023-09-20-at-07.36.15-2.jpeg","datePublished":"2023-09-20T13:01:00+00:00","dateModified":"2023-09-20T13:56:16+00:00","author":{"@id":"https:\/\/folhapopular.info\/#\/schema\/person\/533a15f60cd49e81ab3a90b4ca33cb36"},"breadcrumb":{"@id":"https:\/\/folhapopular.info\/index.php\/2023\/09\/20\/celtic-teutonia-conquistou-ultima-vaga-na-supercopa-popular-de-futsal\/#breadcrumb"},"inLanguage":"pt-BR","potentialAction":[{"@type":"ReadAction","target":["https:\/\/folhapopular.info\/index.php\/2023\/09\/20\/celtic-teutonia-conquistou-ultima-vaga-na-supercopa-popular-de-futsal\/"]}]},{"@type":"ImageObject","inLanguage":"pt-BR","@id":"https:\/\/folhapopular.info\/index.php\/2023\/09\/20\/celtic-teutonia-conquistou-ultima-vaga-na-supercopa-popular-de-futsal\/#primaryimage","url":"https:\/\/folhapopular.info\/wp-content\/uploads\/2023\/09\/WhatsApp-Image-2023-09-20-at-07.36.15-2.jpeg","contentUrl":"https:\/\/folhapopular.info\/wp-content\/uploads\/2023\/09\/WhatsApp-Image-2023-09-20-at-07.36.15-2.jpeg","width":1600,"height":1200,"caption":"Celtic \/ Teut\u00f4nia venceu, confirmou sua vaga e subiu uma posi\u00e7\u00e3o \/\/ Cr\u00e9dito: Carla Beckmann"},{"@type":"BreadcrumbList","@id":"https:\/\/folhapopular.info\/index.php\/2023\/09\/20\/celtic-teutonia-conquistou-ultima-vaga-na-supercopa-popular-de-futsal\/#breadcrumb","itemListElement":[{"@type":"ListItem","position":1,"name":"In\u00edcio","item":"https:\/\/folhapopular.info\/"},{"@type":"ListItem","position":2,"name":"Celtic\/Teut\u00f4nia conquistou \u00faltima vaga na Supercopa Popular de Futsal"}]},{"@type":"WebSite","@id":"https:\/\/folhapopular.info\/#website","url":"https:\/\/folhapopular.info\/","name":"Folha Popular","description":"Onde voc\u00ea tem vez e voz","potentialAction":[{"@type":"SearchAction","target":{"@type":"EntryPoint","urlTemplate":"https:\/\/folhapopular.info\/?s={search_term_string}"},"query-input":{"@type":"PropertyValueSpecification","valueRequired":true,"valueName":"search_term_string"}}],"inLanguage":"pt-BR"},{"@type":"Person","@id":"https:\/\/folhapopular.info\/#\/schema\/person\/533a15f60cd49e81ab3a90b4ca33cb36","name":"Lucas Leandro Brune","image":{"@type":"ImageObject","inLanguage":"pt-BR","@id":"https:\/\/folhapopular.info\/wp-content\/uploads\/2026\/04\/LUCAS-1-1.webp","url":"https:\/\/folhapopular.info\/wp-content\/uploads\/2026\/04\/LUCAS-1-1.webp","contentUrl":"https:\/\/folhapopular.info\/wp-content\/uploads\/2026\/04\/LUCAS-1-1.webp","caption":"Lucas Leandro Brune"},"description":"Jornalista Profissional Diplomado MTB\/RS 14.333","url":"https:\/\/folhapopular.info\/index.php\/author\/lucas-brune\/"}]}},"jetpack_featured_media_url":"https:\/\/folhapopular.info\/wp-content\/uploads\/2023\/09\/WhatsApp-Image-2023-09-20-at-07.36.15-2.jpeg","jetpack_sharing_enabled":true,"amp_enabled":true,"_links":{"self":[{"href":"https:\/\/folhapopular.info\/index.php\/wp-json\/wp\/v2\/posts\/140039","targetHints":{"allow":["GET"]}}],"collection":[{"href":"https:\/\/folhapopular.info\/index.php\/wp-json\/wp\/v2\/posts"}],"about":[{"href":"https:\/\/folhapopular.info\/index.php\/wp-json\/wp\/v2\/types\/post"}],"author":[{"embeddable":true,"href":"https:\/\/folhapopular.info\/index.php\/wp-json\/wp\/v2\/users\/7"}],"replies":[{"embeddable":true,"href":"https:\/\/folhapopular.info\/index.php\/wp-json\/wp\/v2\/comments?post=140039"}],"version-history":[{"count":0,"href":"https:\/\/folhapopular.info\/index.php\/wp-json\/wp\/v2\/posts\/140039\/revisions"}],"wp:featuredmedia":[{"embeddable":true,"href":"https:\/\/folhapopular.info\/index.php\/wp-json\/wp\/v2\/media\/140054"}],"wp:attachment":[{"href":"https:\/\/folhapopular.info\/index.php\/wp-json\/wp\/v2\/media?parent=140039"}],"wp:term":[{"taxonomy":"category","embeddable":true,"href":"https:\/\/folhapopular.info\/index.php\/wp-json\/wp\/v2\/categories?post=140039"},{"taxonomy":"post_tag","embeddable":true,"href":"https:\/\/folhapopular.info\/index.php\/wp-json\/wp\/v2\/tags?post=140039"}],"curies":[{"name":"wp","href":"https:\/\/api.w.org\/{rel}","templated":true}]}}