{"id":140139,"date":"2023-09-22T09:41:15","date_gmt":"2023-09-22T12:41:15","guid":{"rendered":"https:\/\/folhapopular.info\/?p=140139"},"modified":"2023-09-22T09:41:19","modified_gmt":"2023-09-22T12:41:19","slug":"trem-dos-vales-retoma-viagens-com-passeio-solidario","status":"publish","type":"post","link":"https:\/\/folhapopular.info\/index.php\/2023\/09\/22\/trem-dos-vales-retoma-viagens-com-passeio-solidario\/","title":{"rendered":"Trem dos Vales retoma viagens com passeio solid\u00e1rio"},"content":{"rendered":"\n<p>Ap\u00f3s dois fins de semana, o passeio Trem dos Vales retoma as atividades neste s\u00e1bado e domingo (23 e 24\/9). Parte do valor arrecadado na venda dos 2 mil bilhetes ser\u00e1 revertida para os munic\u00edpios ga\u00fachos atingidos pelas enchentes do in\u00edcio do m\u00eas.<\/p>\n\n\n\n<p>O an\u00fancio foi feito em reuni\u00e3o realizada nessa quinta-feira (21\/9), na Prefeitura de Encantado, com a participa\u00e7\u00e3o do vice-governador Gabriel Souza, do secret\u00e1rio do Turismo em exerc\u00edcio, Luiz Fernando Rodriguez J\u00fanior, e operadores de turismo.<\/p>\n\n\n\n<p>As fortes chuvas que atingiram a regi\u00e3o do Vale do Taquari for\u00e7aram a interrup\u00e7\u00e3o dos passeios por 7 dias, resultando em 14 viagens canceladas. A retomada \u00e9 vista como fundamental para a recupera\u00e7\u00e3o econ\u00f4mica da regi\u00e3o.<\/p>\n\n\n\n<p>&#8220;\u00c9 uma regi\u00e3o que vinha em ascens\u00e3o tur\u00edstica antes do ciclone e vamos trabalhar para que essa condi\u00e7\u00e3o volte o mais r\u00e1pido poss\u00edvel. \u00c9 um desejo do governo&#8221;, afirma o vice-governador Gabriel Souza. &#8220;Eu j\u00e1 fiz o passeio pela regi\u00e3o e ela \u00e9 muito linda&#8221;, acrescenta. <\/p>\n\n\n\n<p>Mais de 20 mil bilhetes j\u00e1 est\u00e3o vendidos para a temporada que come\u00e7ou em agosto e segue at\u00e9 dezembro. Al\u00e9m do percentual da receita do pr\u00f3ximo fim de semana, o coordenador do Trem dos Vales, Rafael Fontana, refor\u00e7ou a campanha de doa\u00e7\u00f5es proposta pelo Movimento Turismo Unido, formado pelos entidades p\u00fablicas e privadas do setor. A iniciativa visa arrecadar valores para os munic\u00edpios de Mu\u00e7um, Roca Sales, Colinas, Estrela e Vespasiano Corr\u00eaa. <\/p>\n\n\n\n<p>&#8220;A campanha \u00e9 uma parte do processo. H\u00e1 empreendimentos que dependem do trem para receber o turista. Eles precisam dessa receita para se recuperarem. Tamb\u00e9m h\u00e1 empreendimentos que n\u00e3o foram atingidos diretamente, mas pararam por 3 semanas. \u00c9 tamb\u00e9m para ajudar a ter o consumidor nos hot\u00e9is, pousadas e estabelecimentos&#8221;, explica Fontana.<\/p>\n\n\n\n<p>Para auxiliar o processo de retomada, Gabriel Souza e Rodriguez J\u00fanior alinharam o discurso com o do presidente da CVC Corp, F\u00e1bio Godinho, que tamb\u00e9m participou do encontro. A expans\u00e3o da venda de pacotes tur\u00edsticos para o Rio Grande do Sul est\u00e1 entre as prioridades da empresa para 2024. O vice-governador refor\u00e7ou o pedido de aten\u00e7\u00e3o especial para o Vale do Taquari.<\/p>\n\n\n\n<p>&#8220;Estamos esperan\u00e7osos de que a CVC comece a ter mais produtos nas 28 regi\u00f5es do estado para que a gente consiga mostrar todo o nosso potencial tur\u00edstico&#8221;, afirma Rodr\u00edguez.<\/p>\n\n\n\n<p><strong>Trem Solid\u00e1rio<\/strong><\/p>\n\n\n\n<p>At\u00e9 o fim da temporada dos passeios do Trem dos Vales, os alunos das escolas municipais de Mu\u00e7um, Roca Sales, Colinas, Estrela e Vespasiano Corr\u00eaa poder\u00e3o realizar a viagem de forma gratuita durante os dias da semana, como forma de minimizar os impactos sofridos. &#8220;As crian\u00e7as foram afetadas psicologicamente. E a gente quer dar oportunidade para que elas possam vivenciar essa experi\u00eancia&#8221;, declara Fontana.<\/p>\n\n\n\n<p><strong>Turismo na regi\u00e3o<\/strong>&nbsp;<strong>do Vale<\/strong>&nbsp;<\/p>\n\n\n\n<p>De acordo com o setor tur\u00edstico local, a estimativa \u00e9 de que mais de 35 mil turistas tenham realizado o passeio do Trem dos Vales em 2022, com um gasto m\u00e9dio de R$ 290 por pessoa. O n\u00famero de visitantes sobe para mais de 220 mil quando se trata do Cristo Protetor, localizado em Encantado. Dessa forma, o impacto na economia local foi de aproximadamente R$ 12 milh\u00f5es no \u00faltimo ano.<\/p>\n","protected":false},"excerpt":{"rendered":"<p>Ap\u00f3s dois fins de semana, o passeio Trem dos Vales retoma as atividades neste s\u00e1bado e domingo (23 e 24\/9). Parte do valor arrecadado na venda dos 2 mil bilhetes ser\u00e1 revertida para os munic\u00edpios ga\u00fachos atingidos pelas enchentes do in\u00edcio do m\u00eas. O an\u00fancio foi feito em reuni\u00e3o realizada nessa quinta-feira (21\/9), na Prefeitura [&hellip;]<\/p>\n","protected":false},"author":8,"featured_media":140140,"comment_status":"open","ping_status":"open","sticky":false,"template":"","format":"standard","meta":{"pmpro_default_level":"","_jetpack_memberships_contains_paid_content":false,"footnotes":""},"categories":[10996,2,10991,10999,6],"tags":[13232,6228,4672,5738],"class_list":{"0":"post-140139","1":"post","2":"type-post","3":"status-publish","4":"format-standard","5":"has-post-thumbnail","7":"category-cultura","8":"category-featured","9":"category-economia","10":"category-entretenimento","11":"category-inclusive","12":"tag-passeio-solidario","13":"tag-retorno","14":"tag-trem-dos-vales","15":"tag-viagens","16":"pmpro-has-access"},"yoast_head":"<!-- This site is optimized with the Yoast SEO plugin v27.5 - https:\/\/yoast.com\/product\/yoast-seo-wordpress\/ -->\n<title>Trem dos Vales retoma viagens com passeio solid\u00e1rio - Folha Popular<\/title>\n<meta name=\"robots\" content=\"index, follow, max-snippet:-1, max-image-preview:large, max-video-preview:-1\" \/>\n<link rel=\"canonical\" href=\"https:\/\/folhapopular.info\/index.php\/2023\/09\/22\/trem-dos-vales-retoma-viagens-com-passeio-solidario\/\" \/>\n<meta property=\"og:locale\" content=\"pt_BR\" \/>\n<meta property=\"og:type\" content=\"article\" \/>\n<meta property=\"og:title\" content=\"Trem dos Vales retoma viagens com passeio solid\u00e1rio - Folha Popular\" \/>\n<meta property=\"og:description\" content=\"Ap\u00f3s dois fins de semana, o passeio Trem dos Vales retoma as atividades neste s\u00e1bado e domingo (23 e 24\/9). Parte do valor arrecadado na venda dos 2 mil bilhetes ser\u00e1 revertida para os munic\u00edpios ga\u00fachos atingidos pelas enchentes do in\u00edcio do m\u00eas. O an\u00fancio foi feito em reuni\u00e3o realizada nessa quinta-feira (21\/9), na Prefeitura [&hellip;]\" \/>\n<meta property=\"og:url\" content=\"https:\/\/folhapopular.info\/index.php\/2023\/09\/22\/trem-dos-vales-retoma-viagens-com-passeio-solidario\/\" \/>\n<meta property=\"og:site_name\" content=\"Folha Popular\" \/>\n<meta property=\"article:published_time\" content=\"2023-09-22T12:41:15+00:00\" \/>\n<meta property=\"article:modified_time\" content=\"2023-09-22T12:41:19+00:00\" \/>\n<meta property=\"og:image\" content=\"http:\/\/folhapopular.info\/wp-content\/uploads\/2023\/09\/21171501_2098688_GDO.jpeg\" \/>\n\t<meta property=\"og:image:width\" content=\"800\" \/>\n\t<meta property=\"og:image:height\" content=\"550\" \/>\n\t<meta property=\"og:image:type\" content=\"image\/jpeg\" \/>\n<meta name=\"author\" content=\"Reda\u00e7\u00e3o Folha Popular\" \/>\n<meta name=\"twitter:card\" content=\"summary_large_image\" \/>\n<meta name=\"twitter:label1\" content=\"Escrito por\" \/>\n\t<meta name=\"twitter:data1\" content=\"Reda\u00e7\u00e3o Folha Popular\" \/>\n\t<meta name=\"twitter:label2\" content=\"Est. tempo de leitura\" \/>\n\t<meta name=\"twitter:data2\" content=\"3 minutos\" \/>\n<script type=\"application\/ld+json\" class=\"yoast-schema-graph\">{\"@context\":\"https:\\\/\\\/schema.org\",\"@graph\":[{\"@type\":\"Article\",\"@id\":\"https:\\\/\\\/folhapopular.info\\\/index.php\\\/2023\\\/09\\\/22\\\/trem-dos-vales-retoma-viagens-com-passeio-solidario\\\/#article\",\"isPartOf\":{\"@id\":\"https:\\\/\\\/folhapopular.info\\\/index.php\\\/2023\\\/09\\\/22\\\/trem-dos-vales-retoma-viagens-com-passeio-solidario\\\/\"},\"author\":{\"name\":\"Reda\u00e7\u00e3o Folha Popular\",\"@id\":\"https:\\\/\\\/folhapopular.info\\\/#\\\/schema\\\/person\\\/2814e8a0df7643585a9ca38bc6eb9d4b\"},\"headline\":\"Trem dos Vales retoma viagens com passeio solid\u00e1rio\",\"datePublished\":\"2023-09-22T12:41:15+00:00\",\"dateModified\":\"2023-09-22T12:41:19+00:00\",\"mainEntityOfPage\":{\"@id\":\"https:\\\/\\\/folhapopular.info\\\/index.php\\\/2023\\\/09\\\/22\\\/trem-dos-vales-retoma-viagens-com-passeio-solidario\\\/\"},\"wordCount\":567,\"commentCount\":0,\"image\":{\"@id\":\"https:\\\/\\\/folhapopular.info\\\/index.php\\\/2023\\\/09\\\/22\\\/trem-dos-vales-retoma-viagens-com-passeio-solidario\\\/#primaryimage\"},\"thumbnailUrl\":\"https:\\\/\\\/folhapopular.info\\\/wp-content\\\/uploads\\\/2023\\\/09\\\/21171501_2098688_GDO.jpeg\",\"keywords\":[\"Passeio solid\u00e1rio\",\"Retorno\",\"Trem dos Vales\",\"Viagens\"],\"articleSection\":[\"Cultura\",\"Destaques\",\"Economia\",\"Entretenimento\",\"Inclusive\"],\"inLanguage\":\"pt-BR\",\"potentialAction\":[{\"@type\":\"CommentAction\",\"name\":\"Comment\",\"target\":[\"https:\\\/\\\/folhapopular.info\\\/index.php\\\/2023\\\/09\\\/22\\\/trem-dos-vales-retoma-viagens-com-passeio-solidario\\\/#respond\"]}]},{\"@type\":\"WebPage\",\"@id\":\"https:\\\/\\\/folhapopular.info\\\/index.php\\\/2023\\\/09\\\/22\\\/trem-dos-vales-retoma-viagens-com-passeio-solidario\\\/\",\"url\":\"https:\\\/\\\/folhapopular.info\\\/index.php\\\/2023\\\/09\\\/22\\\/trem-dos-vales-retoma-viagens-com-passeio-solidario\\\/\",\"name\":\"Trem dos Vales retoma viagens com passeio solid\u00e1rio - Folha Popular\",\"isPartOf\":{\"@id\":\"https:\\\/\\\/folhapopular.info\\\/#website\"},\"primaryImageOfPage\":{\"@id\":\"https:\\\/\\\/folhapopular.info\\\/index.php\\\/2023\\\/09\\\/22\\\/trem-dos-vales-retoma-viagens-com-passeio-solidario\\\/#primaryimage\"},\"image\":{\"@id\":\"https:\\\/\\\/folhapopular.info\\\/index.php\\\/2023\\\/09\\\/22\\\/trem-dos-vales-retoma-viagens-com-passeio-solidario\\\/#primaryimage\"},\"thumbnailUrl\":\"https:\\\/\\\/folhapopular.info\\\/wp-content\\\/uploads\\\/2023\\\/09\\\/21171501_2098688_GDO.jpeg\",\"datePublished\":\"2023-09-22T12:41:15+00:00\",\"dateModified\":\"2023-09-22T12:41:19+00:00\",\"author\":{\"@id\":\"https:\\\/\\\/folhapopular.info\\\/#\\\/schema\\\/person\\\/2814e8a0df7643585a9ca38bc6eb9d4b\"},\"breadcrumb\":{\"@id\":\"https:\\\/\\\/folhapopular.info\\\/index.php\\\/2023\\\/09\\\/22\\\/trem-dos-vales-retoma-viagens-com-passeio-solidario\\\/#breadcrumb\"},\"inLanguage\":\"pt-BR\",\"potentialAction\":[{\"@type\":\"ReadAction\",\"target\":[\"https:\\\/\\\/folhapopular.info\\\/index.php\\\/2023\\\/09\\\/22\\\/trem-dos-vales-retoma-viagens-com-passeio-solidario\\\/\"]}]},{\"@type\":\"ImageObject\",\"inLanguage\":\"pt-BR\",\"@id\":\"https:\\\/\\\/folhapopular.info\\\/index.php\\\/2023\\\/09\\\/22\\\/trem-dos-vales-retoma-viagens-com-passeio-solidario\\\/#primaryimage\",\"url\":\"https:\\\/\\\/folhapopular.info\\\/wp-content\\\/uploads\\\/2023\\\/09\\\/21171501_2098688_GDO.jpeg\",\"contentUrl\":\"https:\\\/\\\/folhapopular.info\\\/wp-content\\\/uploads\\\/2023\\\/09\\\/21171501_2098688_GDO.jpeg\",\"width\":800,\"height\":550,\"caption\":\"Gabriel lembrou que a regi\u00e3o vinha em ascens\u00e3o tur\u00edstica e disse que o governo vai trabalhar para que essa condi\u00e7\u00e3o retorne \\\/ Cr\u00e9dito: Rodrigo Ziebell \\\/ Ascom GVG \\\/ Divulga\u00e7\u00e3o\"},{\"@type\":\"BreadcrumbList\",\"@id\":\"https:\\\/\\\/folhapopular.info\\\/index.php\\\/2023\\\/09\\\/22\\\/trem-dos-vales-retoma-viagens-com-passeio-solidario\\\/#breadcrumb\",\"itemListElement\":[{\"@type\":\"ListItem\",\"position\":1,\"name\":\"In\u00edcio\",\"item\":\"https:\\\/\\\/folhapopular.info\\\/\"},{\"@type\":\"ListItem\",\"position\":2,\"name\":\"Trem dos Vales retoma viagens com passeio solid\u00e1rio\"}]},{\"@type\":\"WebSite\",\"@id\":\"https:\\\/\\\/folhapopular.info\\\/#website\",\"url\":\"https:\\\/\\\/folhapopular.info\\\/\",\"name\":\"Folha Popular\",\"description\":\"Onde voc\u00ea tem vez e voz\",\"potentialAction\":[{\"@type\":\"SearchAction\",\"target\":{\"@type\":\"EntryPoint\",\"urlTemplate\":\"https:\\\/\\\/folhapopular.info\\\/?s={search_term_string}\"},\"query-input\":{\"@type\":\"PropertyValueSpecification\",\"valueRequired\":true,\"valueName\":\"search_term_string\"}}],\"inLanguage\":\"pt-BR\"},{\"@type\":\"Person\",\"@id\":\"https:\\\/\\\/folhapopular.info\\\/#\\\/schema\\\/person\\\/2814e8a0df7643585a9ca38bc6eb9d4b\",\"name\":\"Reda\u00e7\u00e3o Folha Popular\",\"image\":{\"@type\":\"ImageObject\",\"inLanguage\":\"pt-BR\",\"@id\":\"https:\\\/\\\/folhapopular.info\\\/wp-content\\\/uploads\\\/2026\\\/04\\\/Folha-1.webp\",\"url\":\"https:\\\/\\\/folhapopular.info\\\/wp-content\\\/uploads\\\/2026\\\/04\\\/Folha-1.webp\",\"contentUrl\":\"https:\\\/\\\/folhapopular.info\\\/wp-content\\\/uploads\\\/2026\\\/04\\\/Folha-1.webp\",\"caption\":\"Reda\u00e7\u00e3o Folha Popular\"},\"url\":\"https:\\\/\\\/folhapopular.info\\\/index.php\\\/author\\\/redacao\\\/\"}]}<\/script>\n<!-- \/ Yoast SEO plugin. -->","yoast_head_json":{"title":"Trem dos Vales retoma viagens com passeio solid\u00e1rio - Folha Popular","robots":{"index":"index","follow":"follow","max-snippet":"max-snippet:-1","max-image-preview":"max-image-preview:large","max-video-preview":"max-video-preview:-1"},"canonical":"https:\/\/folhapopular.info\/index.php\/2023\/09\/22\/trem-dos-vales-retoma-viagens-com-passeio-solidario\/","og_locale":"pt_BR","og_type":"article","og_title":"Trem dos Vales retoma viagens com passeio solid\u00e1rio - Folha Popular","og_description":"Ap\u00f3s dois fins de semana, o passeio Trem dos Vales retoma as atividades neste s\u00e1bado e domingo (23 e 24\/9). Parte do valor arrecadado na venda dos 2 mil bilhetes ser\u00e1 revertida para os munic\u00edpios ga\u00fachos atingidos pelas enchentes do in\u00edcio do m\u00eas. O an\u00fancio foi feito em reuni\u00e3o realizada nessa quinta-feira (21\/9), na Prefeitura [&hellip;]","og_url":"https:\/\/folhapopular.info\/index.php\/2023\/09\/22\/trem-dos-vales-retoma-viagens-com-passeio-solidario\/","og_site_name":"Folha Popular","article_published_time":"2023-09-22T12:41:15+00:00","article_modified_time":"2023-09-22T12:41:19+00:00","og_image":[{"width":800,"height":550,"url":"http:\/\/folhapopular.info\/wp-content\/uploads\/2023\/09\/21171501_2098688_GDO.jpeg","type":"image\/jpeg"}],"author":"Reda\u00e7\u00e3o Folha Popular","twitter_card":"summary_large_image","twitter_misc":{"Escrito por":"Reda\u00e7\u00e3o Folha Popular","Est. tempo de leitura":"3 minutos"},"schema":{"@context":"https:\/\/schema.org","@graph":[{"@type":"Article","@id":"https:\/\/folhapopular.info\/index.php\/2023\/09\/22\/trem-dos-vales-retoma-viagens-com-passeio-solidario\/#article","isPartOf":{"@id":"https:\/\/folhapopular.info\/index.php\/2023\/09\/22\/trem-dos-vales-retoma-viagens-com-passeio-solidario\/"},"author":{"name":"Reda\u00e7\u00e3o Folha Popular","@id":"https:\/\/folhapopular.info\/#\/schema\/person\/2814e8a0df7643585a9ca38bc6eb9d4b"},"headline":"Trem dos Vales retoma viagens com passeio solid\u00e1rio","datePublished":"2023-09-22T12:41:15+00:00","dateModified":"2023-09-22T12:41:19+00:00","mainEntityOfPage":{"@id":"https:\/\/folhapopular.info\/index.php\/2023\/09\/22\/trem-dos-vales-retoma-viagens-com-passeio-solidario\/"},"wordCount":567,"commentCount":0,"image":{"@id":"https:\/\/folhapopular.info\/index.php\/2023\/09\/22\/trem-dos-vales-retoma-viagens-com-passeio-solidario\/#primaryimage"},"thumbnailUrl":"https:\/\/folhapopular.info\/wp-content\/uploads\/2023\/09\/21171501_2098688_GDO.jpeg","keywords":["Passeio solid\u00e1rio","Retorno","Trem dos Vales","Viagens"],"articleSection":["Cultura","Destaques","Economia","Entretenimento","Inclusive"],"inLanguage":"pt-BR","potentialAction":[{"@type":"CommentAction","name":"Comment","target":["https:\/\/folhapopular.info\/index.php\/2023\/09\/22\/trem-dos-vales-retoma-viagens-com-passeio-solidario\/#respond"]}]},{"@type":"WebPage","@id":"https:\/\/folhapopular.info\/index.php\/2023\/09\/22\/trem-dos-vales-retoma-viagens-com-passeio-solidario\/","url":"https:\/\/folhapopular.info\/index.php\/2023\/09\/22\/trem-dos-vales-retoma-viagens-com-passeio-solidario\/","name":"Trem dos Vales retoma viagens com passeio solid\u00e1rio - Folha Popular","isPartOf":{"@id":"https:\/\/folhapopular.info\/#website"},"primaryImageOfPage":{"@id":"https:\/\/folhapopular.info\/index.php\/2023\/09\/22\/trem-dos-vales-retoma-viagens-com-passeio-solidario\/#primaryimage"},"image":{"@id":"https:\/\/folhapopular.info\/index.php\/2023\/09\/22\/trem-dos-vales-retoma-viagens-com-passeio-solidario\/#primaryimage"},"thumbnailUrl":"https:\/\/folhapopular.info\/wp-content\/uploads\/2023\/09\/21171501_2098688_GDO.jpeg","datePublished":"2023-09-22T12:41:15+00:00","dateModified":"2023-09-22T12:41:19+00:00","author":{"@id":"https:\/\/folhapopular.info\/#\/schema\/person\/2814e8a0df7643585a9ca38bc6eb9d4b"},"breadcrumb":{"@id":"https:\/\/folhapopular.info\/index.php\/2023\/09\/22\/trem-dos-vales-retoma-viagens-com-passeio-solidario\/#breadcrumb"},"inLanguage":"pt-BR","potentialAction":[{"@type":"ReadAction","target":["https:\/\/folhapopular.info\/index.php\/2023\/09\/22\/trem-dos-vales-retoma-viagens-com-passeio-solidario\/"]}]},{"@type":"ImageObject","inLanguage":"pt-BR","@id":"https:\/\/folhapopular.info\/index.php\/2023\/09\/22\/trem-dos-vales-retoma-viagens-com-passeio-solidario\/#primaryimage","url":"https:\/\/folhapopular.info\/wp-content\/uploads\/2023\/09\/21171501_2098688_GDO.jpeg","contentUrl":"https:\/\/folhapopular.info\/wp-content\/uploads\/2023\/09\/21171501_2098688_GDO.jpeg","width":800,"height":550,"caption":"Gabriel lembrou que a regi\u00e3o vinha em ascens\u00e3o tur\u00edstica e disse que o governo vai trabalhar para que essa condi\u00e7\u00e3o retorne \/ Cr\u00e9dito: Rodrigo Ziebell \/ Ascom GVG \/ Divulga\u00e7\u00e3o"},{"@type":"BreadcrumbList","@id":"https:\/\/folhapopular.info\/index.php\/2023\/09\/22\/trem-dos-vales-retoma-viagens-com-passeio-solidario\/#breadcrumb","itemListElement":[{"@type":"ListItem","position":1,"name":"In\u00edcio","item":"https:\/\/folhapopular.info\/"},{"@type":"ListItem","position":2,"name":"Trem dos Vales retoma viagens com passeio solid\u00e1rio"}]},{"@type":"WebSite","@id":"https:\/\/folhapopular.info\/#website","url":"https:\/\/folhapopular.info\/","name":"Folha Popular","description":"Onde voc\u00ea tem vez e voz","potentialAction":[{"@type":"SearchAction","target":{"@type":"EntryPoint","urlTemplate":"https:\/\/folhapopular.info\/?s={search_term_string}"},"query-input":{"@type":"PropertyValueSpecification","valueRequired":true,"valueName":"search_term_string"}}],"inLanguage":"pt-BR"},{"@type":"Person","@id":"https:\/\/folhapopular.info\/#\/schema\/person\/2814e8a0df7643585a9ca38bc6eb9d4b","name":"Reda\u00e7\u00e3o Folha Popular","image":{"@type":"ImageObject","inLanguage":"pt-BR","@id":"https:\/\/folhapopular.info\/wp-content\/uploads\/2026\/04\/Folha-1.webp","url":"https:\/\/folhapopular.info\/wp-content\/uploads\/2026\/04\/Folha-1.webp","contentUrl":"https:\/\/folhapopular.info\/wp-content\/uploads\/2026\/04\/Folha-1.webp","caption":"Reda\u00e7\u00e3o Folha Popular"},"url":"https:\/\/folhapopular.info\/index.php\/author\/redacao\/"}]}},"jetpack_featured_media_url":"https:\/\/folhapopular.info\/wp-content\/uploads\/2023\/09\/21171501_2098688_GDO.jpeg","jetpack_sharing_enabled":true,"amp_enabled":true,"_links":{"self":[{"href":"https:\/\/folhapopular.info\/index.php\/wp-json\/wp\/v2\/posts\/140139","targetHints":{"allow":["GET"]}}],"collection":[{"href":"https:\/\/folhapopular.info\/index.php\/wp-json\/wp\/v2\/posts"}],"about":[{"href":"https:\/\/folhapopular.info\/index.php\/wp-json\/wp\/v2\/types\/post"}],"author":[{"embeddable":true,"href":"https:\/\/folhapopular.info\/index.php\/wp-json\/wp\/v2\/users\/8"}],"replies":[{"embeddable":true,"href":"https:\/\/folhapopular.info\/index.php\/wp-json\/wp\/v2\/comments?post=140139"}],"version-history":[{"count":0,"href":"https:\/\/folhapopular.info\/index.php\/wp-json\/wp\/v2\/posts\/140139\/revisions"}],"wp:featuredmedia":[{"embeddable":true,"href":"https:\/\/folhapopular.info\/index.php\/wp-json\/wp\/v2\/media\/140140"}],"wp:attachment":[{"href":"https:\/\/folhapopular.info\/index.php\/wp-json\/wp\/v2\/media?parent=140139"}],"wp:term":[{"taxonomy":"category","embeddable":true,"href":"https:\/\/folhapopular.info\/index.php\/wp-json\/wp\/v2\/categories?post=140139"},{"taxonomy":"post_tag","embeddable":true,"href":"https:\/\/folhapopular.info\/index.php\/wp-json\/wp\/v2\/tags?post=140139"}],"curies":[{"name":"wp","href":"https:\/\/api.w.org\/{rel}","templated":true}]}}