{"id":140158,"date":"2023-09-22T16:15:46","date_gmt":"2023-09-22T19:15:46","guid":{"rendered":"https:\/\/folhapopular.info\/?p=140158"},"modified":"2023-09-22T16:16:18","modified_gmt":"2023-09-22T19:16:18","slug":"inscricoes-para-o-3o-pedalagoa-seguem-ate-este-sabado","status":"publish","type":"post","link":"https:\/\/folhapopular.info\/index.php\/2023\/09\/22\/inscricoes-para-o-3o-pedalagoa-seguem-ate-este-sabado\/","title":{"rendered":"Inscri\u00e7\u00f5es para o 3\u00ba Pedalagoa seguem at\u00e9 este s\u00e1bado"},"content":{"rendered":"\n<p>Mais uma edi\u00e7\u00e3o do Pedalagoa acontece neste fim de semana. O evento de cicloturismo chega na terceira edi\u00e7\u00e3o e recebe inscri\u00e7\u00f5es at\u00e9 este s\u00e1bado (23\/9). O evento ser\u00e1 ponto de coleta de donativos para as fam\u00edlias desabrigadas no Vale do Taquari.<\/p>\n\n\n\n<p>A retirada dos kits acontece a partir das 8h na Lagoa da Harmonia. A largada est\u00e1 agenda para as 9h. O pedal contar\u00e1 com duas op\u00e7\u00f5es de trajeto: Longo de aproximadamente 30km, com altimetria de 900m; e curto de aproximadamente 20km, com altimetria de 600m.<\/p>\n\n\n\n<p>As inscri\u00e7\u00f5es est\u00e3o no segundo lote, com valor de R$ 71,00, e podem ser feitas pelo site www.sprinta.com.br (com taxas) ou via Pix pelo contato WhatsApp (54) 9 9197-2083, com Cristiano Schwarz.<\/p>\n\n\n\n<p><strong>Na inscri\u00e7\u00e3o o ciclista ter\u00e1 direito<\/strong><br>*Os 100 primeiros ganhar\u00e3o camiseta do evento ou bon\u00e9 RS Bikers;<br>*Caf\u00e9 com biscoitos Klain e frutas;<br>*Seguro atleta;<br>*Medalha de participa\u00e7\u00e3o;<br>*Trajeto sinalizado;<br>*Carro de apoio;<br>*Placa bike;<br>*Infraestrutura: banheiros (masculino e feminino) com chuveiros e estacionamento gratuito;<br>*Churrasqueiras e \u00e1rea com sombra;<br>*Pontos estrat\u00e9gicos de hidrata\u00e7\u00e3o: com biscoitos, frutas e \u00e1gua no percurso.<br><br><strong>Facilidades <\/strong><br>*O restaurante da Lagoa da Harmonia ter\u00e1 atendimento especial no local de largada\/chegada, contando com sanit\u00e1rios\/chuveiros;<br>*Servir\u00e1 buffet livre com saladas, pratos quentes e carnes;<br>*Espa\u00e7os com churrasqueiras \u00e0 disposi\u00e7\u00e3o dos participantes (entrada permitida com bebidas e comidas);<br>*Inscritos no evento n\u00e3o pagam ingresso, somente os acompanhantes.<\/p>\n","protected":false},"excerpt":{"rendered":"<p>Mais uma edi\u00e7\u00e3o do Pedalagoa acontece neste fim de semana. O evento de cicloturismo chega na terceira edi\u00e7\u00e3o e recebe inscri\u00e7\u00f5es at\u00e9 este s\u00e1bado (23\/9). O evento ser\u00e1 ponto de coleta de donativos para as fam\u00edlias desabrigadas no Vale do Taquari. A retirada dos kits acontece a partir das 8h na Lagoa da Harmonia. A [&hellip;]<\/p>\n","protected":false},"author":8,"featured_media":140159,"comment_status":"open","ping_status":"open","sticky":false,"template":"","format":"standard","meta":{"pmpro_default_level":"","_jetpack_memberships_contains_paid_content":false,"footnotes":""},"categories":[5],"tags":[13237,1026,946,6395,26],"class_list":{"0":"post-140158","1":"post","2":"type-post","3":"status-publish","4":"format-standard","5":"has-post-thumbnail","7":"category-esportes","8":"tag-ate-sabado","9":"tag-cicloturismo","10":"tag-inscricoes","11":"tag-pedalagoa","12":"tag-teutonia","13":"pmpro-has-access"},"yoast_head":"<!-- This site is optimized with the Yoast SEO plugin v27.5 - https:\/\/yoast.com\/product\/yoast-seo-wordpress\/ -->\n<title>Inscri\u00e7\u00f5es para o 3\u00ba Pedalagoa seguem at\u00e9 este s\u00e1bado - Folha Popular<\/title>\n<meta name=\"robots\" content=\"index, follow, max-snippet:-1, max-image-preview:large, max-video-preview:-1\" \/>\n<link rel=\"canonical\" href=\"https:\/\/folhapopular.info\/index.php\/2023\/09\/22\/inscricoes-para-o-3o-pedalagoa-seguem-ate-este-sabado\/\" \/>\n<meta property=\"og:locale\" content=\"pt_BR\" \/>\n<meta property=\"og:type\" content=\"article\" \/>\n<meta property=\"og:title\" content=\"Inscri\u00e7\u00f5es para o 3\u00ba Pedalagoa seguem at\u00e9 este s\u00e1bado - Folha Popular\" \/>\n<meta property=\"og:description\" content=\"Mais uma edi\u00e7\u00e3o do Pedalagoa acontece neste fim de semana. O evento de cicloturismo chega na terceira edi\u00e7\u00e3o e recebe inscri\u00e7\u00f5es at\u00e9 este s\u00e1bado (23\/9). O evento ser\u00e1 ponto de coleta de donativos para as fam\u00edlias desabrigadas no Vale do Taquari. A retirada dos kits acontece a partir das 8h na Lagoa da Harmonia. A [&hellip;]\" \/>\n<meta property=\"og:url\" content=\"https:\/\/folhapopular.info\/index.php\/2023\/09\/22\/inscricoes-para-o-3o-pedalagoa-seguem-ate-este-sabado\/\" \/>\n<meta property=\"og:site_name\" content=\"Folha Popular\" \/>\n<meta property=\"article:published_time\" content=\"2023-09-22T19:15:46+00:00\" \/>\n<meta property=\"article:modified_time\" content=\"2023-09-22T19:16:18+00:00\" \/>\n<meta property=\"og:image\" content=\"http:\/\/folhapopular.info\/wp-content\/uploads\/2023\/09\/WhatsApp-Image-2023-09-18-at-17.15.46.jpeg\" \/>\n\t<meta property=\"og:image:width\" content=\"1440\" \/>\n\t<meta property=\"og:image:height\" content=\"1440\" \/>\n\t<meta property=\"og:image:type\" content=\"image\/jpeg\" \/>\n<meta name=\"author\" content=\"Reda\u00e7\u00e3o Folha Popular\" \/>\n<meta name=\"twitter:card\" content=\"summary_large_image\" \/>\n<meta name=\"twitter:label1\" content=\"Escrito por\" \/>\n\t<meta name=\"twitter:data1\" content=\"Reda\u00e7\u00e3o Folha Popular\" \/>\n<script type=\"application\/ld+json\" class=\"yoast-schema-graph\">{\"@context\":\"https:\\\/\\\/schema.org\",\"@graph\":[{\"@type\":\"Article\",\"@id\":\"https:\\\/\\\/folhapopular.info\\\/index.php\\\/2023\\\/09\\\/22\\\/inscricoes-para-o-3o-pedalagoa-seguem-ate-este-sabado\\\/#article\",\"isPartOf\":{\"@id\":\"https:\\\/\\\/folhapopular.info\\\/index.php\\\/2023\\\/09\\\/22\\\/inscricoes-para-o-3o-pedalagoa-seguem-ate-este-sabado\\\/\"},\"author\":{\"name\":\"Reda\u00e7\u00e3o Folha Popular\",\"@id\":\"https:\\\/\\\/folhapopular.info\\\/#\\\/schema\\\/person\\\/2814e8a0df7643585a9ca38bc6eb9d4b\"},\"headline\":\"Inscri\u00e7\u00f5es para o 3\u00ba Pedalagoa seguem at\u00e9 este s\u00e1bado\",\"datePublished\":\"2023-09-22T19:15:46+00:00\",\"dateModified\":\"2023-09-22T19:16:18+00:00\",\"mainEntityOfPage\":{\"@id\":\"https:\\\/\\\/folhapopular.info\\\/index.php\\\/2023\\\/09\\\/22\\\/inscricoes-para-o-3o-pedalagoa-seguem-ate-este-sabado\\\/\"},\"wordCount\":253,\"commentCount\":0,\"image\":{\"@id\":\"https:\\\/\\\/folhapopular.info\\\/index.php\\\/2023\\\/09\\\/22\\\/inscricoes-para-o-3o-pedalagoa-seguem-ate-este-sabado\\\/#primaryimage\"},\"thumbnailUrl\":\"https:\\\/\\\/folhapopular.info\\\/wp-content\\\/uploads\\\/2023\\\/09\\\/WhatsApp-Image-2023-09-18-at-17.15.46.jpeg\",\"keywords\":[\"At\u00e9 s\u00e1bado\",\"Cicloturismo\",\"Inscri\u00e7\u00f5es\",\"PedaLagoa\",\"Teut\u00f4nia\"],\"articleSection\":[\"Esportes\"],\"inLanguage\":\"pt-BR\",\"potentialAction\":[{\"@type\":\"CommentAction\",\"name\":\"Comment\",\"target\":[\"https:\\\/\\\/folhapopular.info\\\/index.php\\\/2023\\\/09\\\/22\\\/inscricoes-para-o-3o-pedalagoa-seguem-ate-este-sabado\\\/#respond\"]}]},{\"@type\":\"WebPage\",\"@id\":\"https:\\\/\\\/folhapopular.info\\\/index.php\\\/2023\\\/09\\\/22\\\/inscricoes-para-o-3o-pedalagoa-seguem-ate-este-sabado\\\/\",\"url\":\"https:\\\/\\\/folhapopular.info\\\/index.php\\\/2023\\\/09\\\/22\\\/inscricoes-para-o-3o-pedalagoa-seguem-ate-este-sabado\\\/\",\"name\":\"Inscri\u00e7\u00f5es para o 3\u00ba Pedalagoa seguem at\u00e9 este s\u00e1bado - Folha Popular\",\"isPartOf\":{\"@id\":\"https:\\\/\\\/folhapopular.info\\\/#website\"},\"primaryImageOfPage\":{\"@id\":\"https:\\\/\\\/folhapopular.info\\\/index.php\\\/2023\\\/09\\\/22\\\/inscricoes-para-o-3o-pedalagoa-seguem-ate-este-sabado\\\/#primaryimage\"},\"image\":{\"@id\":\"https:\\\/\\\/folhapopular.info\\\/index.php\\\/2023\\\/09\\\/22\\\/inscricoes-para-o-3o-pedalagoa-seguem-ate-este-sabado\\\/#primaryimage\"},\"thumbnailUrl\":\"https:\\\/\\\/folhapopular.info\\\/wp-content\\\/uploads\\\/2023\\\/09\\\/WhatsApp-Image-2023-09-18-at-17.15.46.jpeg\",\"datePublished\":\"2023-09-22T19:15:46+00:00\",\"dateModified\":\"2023-09-22T19:16:18+00:00\",\"author\":{\"@id\":\"https:\\\/\\\/folhapopular.info\\\/#\\\/schema\\\/person\\\/2814e8a0df7643585a9ca38bc6eb9d4b\"},\"breadcrumb\":{\"@id\":\"https:\\\/\\\/folhapopular.info\\\/index.php\\\/2023\\\/09\\\/22\\\/inscricoes-para-o-3o-pedalagoa-seguem-ate-este-sabado\\\/#breadcrumb\"},\"inLanguage\":\"pt-BR\",\"potentialAction\":[{\"@type\":\"ReadAction\",\"target\":[\"https:\\\/\\\/folhapopular.info\\\/index.php\\\/2023\\\/09\\\/22\\\/inscricoes-para-o-3o-pedalagoa-seguem-ate-este-sabado\\\/\"]}]},{\"@type\":\"ImageObject\",\"inLanguage\":\"pt-BR\",\"@id\":\"https:\\\/\\\/folhapopular.info\\\/index.php\\\/2023\\\/09\\\/22\\\/inscricoes-para-o-3o-pedalagoa-seguem-ate-este-sabado\\\/#primaryimage\",\"url\":\"https:\\\/\\\/folhapopular.info\\\/wp-content\\\/uploads\\\/2023\\\/09\\\/WhatsApp-Image-2023-09-18-at-17.15.46.jpeg\",\"contentUrl\":\"https:\\\/\\\/folhapopular.info\\\/wp-content\\\/uploads\\\/2023\\\/09\\\/WhatsApp-Image-2023-09-18-at-17.15.46.jpeg\",\"width\":1440,\"height\":1440,\"caption\":\"Evento sem cunho competitivo chega na terceira edi\u00e7\u00e3o neste ano\"},{\"@type\":\"BreadcrumbList\",\"@id\":\"https:\\\/\\\/folhapopular.info\\\/index.php\\\/2023\\\/09\\\/22\\\/inscricoes-para-o-3o-pedalagoa-seguem-ate-este-sabado\\\/#breadcrumb\",\"itemListElement\":[{\"@type\":\"ListItem\",\"position\":1,\"name\":\"In\u00edcio\",\"item\":\"https:\\\/\\\/folhapopular.info\\\/\"},{\"@type\":\"ListItem\",\"position\":2,\"name\":\"Inscri\u00e7\u00f5es para o 3\u00ba Pedalagoa seguem at\u00e9 este s\u00e1bado\"}]},{\"@type\":\"WebSite\",\"@id\":\"https:\\\/\\\/folhapopular.info\\\/#website\",\"url\":\"https:\\\/\\\/folhapopular.info\\\/\",\"name\":\"Folha Popular\",\"description\":\"Onde voc\u00ea tem vez e voz\",\"potentialAction\":[{\"@type\":\"SearchAction\",\"target\":{\"@type\":\"EntryPoint\",\"urlTemplate\":\"https:\\\/\\\/folhapopular.info\\\/?s={search_term_string}\"},\"query-input\":{\"@type\":\"PropertyValueSpecification\",\"valueRequired\":true,\"valueName\":\"search_term_string\"}}],\"inLanguage\":\"pt-BR\"},{\"@type\":\"Person\",\"@id\":\"https:\\\/\\\/folhapopular.info\\\/#\\\/schema\\\/person\\\/2814e8a0df7643585a9ca38bc6eb9d4b\",\"name\":\"Reda\u00e7\u00e3o Folha Popular\",\"image\":{\"@type\":\"ImageObject\",\"inLanguage\":\"pt-BR\",\"@id\":\"https:\\\/\\\/folhapopular.info\\\/wp-content\\\/uploads\\\/2026\\\/04\\\/Folha-1.webp\",\"url\":\"https:\\\/\\\/folhapopular.info\\\/wp-content\\\/uploads\\\/2026\\\/04\\\/Folha-1.webp\",\"contentUrl\":\"https:\\\/\\\/folhapopular.info\\\/wp-content\\\/uploads\\\/2026\\\/04\\\/Folha-1.webp\",\"caption\":\"Reda\u00e7\u00e3o Folha Popular\"},\"url\":\"https:\\\/\\\/folhapopular.info\\\/index.php\\\/author\\\/redacao\\\/\"}]}<\/script>\n<!-- \/ Yoast SEO plugin. -->","yoast_head_json":{"title":"Inscri\u00e7\u00f5es para o 3\u00ba Pedalagoa seguem at\u00e9 este s\u00e1bado - Folha Popular","robots":{"index":"index","follow":"follow","max-snippet":"max-snippet:-1","max-image-preview":"max-image-preview:large","max-video-preview":"max-video-preview:-1"},"canonical":"https:\/\/folhapopular.info\/index.php\/2023\/09\/22\/inscricoes-para-o-3o-pedalagoa-seguem-ate-este-sabado\/","og_locale":"pt_BR","og_type":"article","og_title":"Inscri\u00e7\u00f5es para o 3\u00ba Pedalagoa seguem at\u00e9 este s\u00e1bado - Folha Popular","og_description":"Mais uma edi\u00e7\u00e3o do Pedalagoa acontece neste fim de semana. O evento de cicloturismo chega na terceira edi\u00e7\u00e3o e recebe inscri\u00e7\u00f5es at\u00e9 este s\u00e1bado (23\/9). O evento ser\u00e1 ponto de coleta de donativos para as fam\u00edlias desabrigadas no Vale do Taquari. A retirada dos kits acontece a partir das 8h na Lagoa da Harmonia. A [&hellip;]","og_url":"https:\/\/folhapopular.info\/index.php\/2023\/09\/22\/inscricoes-para-o-3o-pedalagoa-seguem-ate-este-sabado\/","og_site_name":"Folha Popular","article_published_time":"2023-09-22T19:15:46+00:00","article_modified_time":"2023-09-22T19:16:18+00:00","og_image":[{"width":1440,"height":1440,"url":"http:\/\/folhapopular.info\/wp-content\/uploads\/2023\/09\/WhatsApp-Image-2023-09-18-at-17.15.46.jpeg","type":"image\/jpeg"}],"author":"Reda\u00e7\u00e3o Folha Popular","twitter_card":"summary_large_image","twitter_misc":{"Escrito por":"Reda\u00e7\u00e3o Folha Popular"},"schema":{"@context":"https:\/\/schema.org","@graph":[{"@type":"Article","@id":"https:\/\/folhapopular.info\/index.php\/2023\/09\/22\/inscricoes-para-o-3o-pedalagoa-seguem-ate-este-sabado\/#article","isPartOf":{"@id":"https:\/\/folhapopular.info\/index.php\/2023\/09\/22\/inscricoes-para-o-3o-pedalagoa-seguem-ate-este-sabado\/"},"author":{"name":"Reda\u00e7\u00e3o Folha Popular","@id":"https:\/\/folhapopular.info\/#\/schema\/person\/2814e8a0df7643585a9ca38bc6eb9d4b"},"headline":"Inscri\u00e7\u00f5es para o 3\u00ba Pedalagoa seguem at\u00e9 este s\u00e1bado","datePublished":"2023-09-22T19:15:46+00:00","dateModified":"2023-09-22T19:16:18+00:00","mainEntityOfPage":{"@id":"https:\/\/folhapopular.info\/index.php\/2023\/09\/22\/inscricoes-para-o-3o-pedalagoa-seguem-ate-este-sabado\/"},"wordCount":253,"commentCount":0,"image":{"@id":"https:\/\/folhapopular.info\/index.php\/2023\/09\/22\/inscricoes-para-o-3o-pedalagoa-seguem-ate-este-sabado\/#primaryimage"},"thumbnailUrl":"https:\/\/folhapopular.info\/wp-content\/uploads\/2023\/09\/WhatsApp-Image-2023-09-18-at-17.15.46.jpeg","keywords":["At\u00e9 s\u00e1bado","Cicloturismo","Inscri\u00e7\u00f5es","PedaLagoa","Teut\u00f4nia"],"articleSection":["Esportes"],"inLanguage":"pt-BR","potentialAction":[{"@type":"CommentAction","name":"Comment","target":["https:\/\/folhapopular.info\/index.php\/2023\/09\/22\/inscricoes-para-o-3o-pedalagoa-seguem-ate-este-sabado\/#respond"]}]},{"@type":"WebPage","@id":"https:\/\/folhapopular.info\/index.php\/2023\/09\/22\/inscricoes-para-o-3o-pedalagoa-seguem-ate-este-sabado\/","url":"https:\/\/folhapopular.info\/index.php\/2023\/09\/22\/inscricoes-para-o-3o-pedalagoa-seguem-ate-este-sabado\/","name":"Inscri\u00e7\u00f5es para o 3\u00ba Pedalagoa seguem at\u00e9 este s\u00e1bado - Folha Popular","isPartOf":{"@id":"https:\/\/folhapopular.info\/#website"},"primaryImageOfPage":{"@id":"https:\/\/folhapopular.info\/index.php\/2023\/09\/22\/inscricoes-para-o-3o-pedalagoa-seguem-ate-este-sabado\/#primaryimage"},"image":{"@id":"https:\/\/folhapopular.info\/index.php\/2023\/09\/22\/inscricoes-para-o-3o-pedalagoa-seguem-ate-este-sabado\/#primaryimage"},"thumbnailUrl":"https:\/\/folhapopular.info\/wp-content\/uploads\/2023\/09\/WhatsApp-Image-2023-09-18-at-17.15.46.jpeg","datePublished":"2023-09-22T19:15:46+00:00","dateModified":"2023-09-22T19:16:18+00:00","author":{"@id":"https:\/\/folhapopular.info\/#\/schema\/person\/2814e8a0df7643585a9ca38bc6eb9d4b"},"breadcrumb":{"@id":"https:\/\/folhapopular.info\/index.php\/2023\/09\/22\/inscricoes-para-o-3o-pedalagoa-seguem-ate-este-sabado\/#breadcrumb"},"inLanguage":"pt-BR","potentialAction":[{"@type":"ReadAction","target":["https:\/\/folhapopular.info\/index.php\/2023\/09\/22\/inscricoes-para-o-3o-pedalagoa-seguem-ate-este-sabado\/"]}]},{"@type":"ImageObject","inLanguage":"pt-BR","@id":"https:\/\/folhapopular.info\/index.php\/2023\/09\/22\/inscricoes-para-o-3o-pedalagoa-seguem-ate-este-sabado\/#primaryimage","url":"https:\/\/folhapopular.info\/wp-content\/uploads\/2023\/09\/WhatsApp-Image-2023-09-18-at-17.15.46.jpeg","contentUrl":"https:\/\/folhapopular.info\/wp-content\/uploads\/2023\/09\/WhatsApp-Image-2023-09-18-at-17.15.46.jpeg","width":1440,"height":1440,"caption":"Evento sem cunho competitivo chega na terceira edi\u00e7\u00e3o neste ano"},{"@type":"BreadcrumbList","@id":"https:\/\/folhapopular.info\/index.php\/2023\/09\/22\/inscricoes-para-o-3o-pedalagoa-seguem-ate-este-sabado\/#breadcrumb","itemListElement":[{"@type":"ListItem","position":1,"name":"In\u00edcio","item":"https:\/\/folhapopular.info\/"},{"@type":"ListItem","position":2,"name":"Inscri\u00e7\u00f5es para o 3\u00ba Pedalagoa seguem at\u00e9 este s\u00e1bado"}]},{"@type":"WebSite","@id":"https:\/\/folhapopular.info\/#website","url":"https:\/\/folhapopular.info\/","name":"Folha Popular","description":"Onde voc\u00ea tem vez e voz","potentialAction":[{"@type":"SearchAction","target":{"@type":"EntryPoint","urlTemplate":"https:\/\/folhapopular.info\/?s={search_term_string}"},"query-input":{"@type":"PropertyValueSpecification","valueRequired":true,"valueName":"search_term_string"}}],"inLanguage":"pt-BR"},{"@type":"Person","@id":"https:\/\/folhapopular.info\/#\/schema\/person\/2814e8a0df7643585a9ca38bc6eb9d4b","name":"Reda\u00e7\u00e3o Folha Popular","image":{"@type":"ImageObject","inLanguage":"pt-BR","@id":"https:\/\/folhapopular.info\/wp-content\/uploads\/2026\/04\/Folha-1.webp","url":"https:\/\/folhapopular.info\/wp-content\/uploads\/2026\/04\/Folha-1.webp","contentUrl":"https:\/\/folhapopular.info\/wp-content\/uploads\/2026\/04\/Folha-1.webp","caption":"Reda\u00e7\u00e3o Folha Popular"},"url":"https:\/\/folhapopular.info\/index.php\/author\/redacao\/"}]}},"jetpack_featured_media_url":"https:\/\/folhapopular.info\/wp-content\/uploads\/2023\/09\/WhatsApp-Image-2023-09-18-at-17.15.46.jpeg","jetpack_sharing_enabled":true,"amp_enabled":true,"_links":{"self":[{"href":"https:\/\/folhapopular.info\/index.php\/wp-json\/wp\/v2\/posts\/140158","targetHints":{"allow":["GET"]}}],"collection":[{"href":"https:\/\/folhapopular.info\/index.php\/wp-json\/wp\/v2\/posts"}],"about":[{"href":"https:\/\/folhapopular.info\/index.php\/wp-json\/wp\/v2\/types\/post"}],"author":[{"embeddable":true,"href":"https:\/\/folhapopular.info\/index.php\/wp-json\/wp\/v2\/users\/8"}],"replies":[{"embeddable":true,"href":"https:\/\/folhapopular.info\/index.php\/wp-json\/wp\/v2\/comments?post=140158"}],"version-history":[{"count":0,"href":"https:\/\/folhapopular.info\/index.php\/wp-json\/wp\/v2\/posts\/140158\/revisions"}],"wp:featuredmedia":[{"embeddable":true,"href":"https:\/\/folhapopular.info\/index.php\/wp-json\/wp\/v2\/media\/140159"}],"wp:attachment":[{"href":"https:\/\/folhapopular.info\/index.php\/wp-json\/wp\/v2\/media?parent=140158"}],"wp:term":[{"taxonomy":"category","embeddable":true,"href":"https:\/\/folhapopular.info\/index.php\/wp-json\/wp\/v2\/categories?post=140158"},{"taxonomy":"post_tag","embeddable":true,"href":"https:\/\/folhapopular.info\/index.php\/wp-json\/wp\/v2\/tags?post=140158"}],"curies":[{"name":"wp","href":"https:\/\/api.w.org\/{rel}","templated":true}]}}