{"id":140175,"date":"2023-09-22T16:51:39","date_gmt":"2023-09-22T19:51:39","guid":{"rendered":"https:\/\/folhapopular.info\/?p=140175"},"modified":"2023-09-22T16:53:52","modified_gmt":"2023-09-22T19:53:52","slug":"soges-inicia-fase-final-da-2a-copa-de-inverno-sicredi","status":"publish","type":"post","link":"https:\/\/folhapopular.info\/index.php\/2023\/09\/22\/soges-inicia-fase-final-da-2a-copa-de-inverno-sicredi\/","title":{"rendered":"Soges inicia fase final da 2\u00aa Copa de Inverno Sicredi"},"content":{"rendered":"\n<p>Neste s\u00e1bado (23\/9), a Sociedade Gin\u00e1stica de Estrela inicia a fase final da 2\u00aa Copa de Inverno Sicredi 2023. Os jogos acontecem a partir das 13h nos campos 1 e 2 da Sede Campestre. As finais disputadas ser\u00e3o nas categorias Ouro, Prata e Bronze, em suas respetivas divis\u00f5es &#8211; 1\u00aa Divis\u00e3o e Segundona. Os confrontos de volta est\u00e3o agendados para o dia 30 de setembro. <\/p>\n\n\n\n<p><strong><mark style=\"background-color:#fcb900\" class=\"has-inline-color\">2\u00aa Copa de Inverno Sicredi 2023<\/mark><\/strong><\/p>\n\n\n\n<p><strong>Finais 2\u00aa Divis\u00e3o (Ida) &#8211; 23\/9 &#8211; Campo 1 <\/strong><\/p>\n\n\n\n<p>13:30 Bronze Tsunami FC x Estrelas do Futuro FC <\/p>\n\n\n\n<p>14:40 Prata Os Kururus NC x Barcabier FC <\/p>\n\n\n\n<p>15:50 Ouro Celtic Teut\u00f4nia x Bud FC <\/p>\n\n\n\n<p><strong>Finais 1\u00aa Divis\u00e3o &#8211; (Ida) &#8211; Campo 2 <\/strong><\/p>\n\n\n\n<p>13:00 Bronze Cevaria FC x Gal\u00e1cticos FC<\/p>\n\n\n\n<p>14:10 Prata Super 10 x Brocadores <\/p>\n\n\n\n<p>15:20 Ouro Saidera x Sokanelinhas <\/p>\n","protected":false},"excerpt":{"rendered":"<p>Neste s\u00e1bado (23\/9), a Sociedade Gin\u00e1stica de Estrela inicia a fase final da 2\u00aa Copa de Inverno Sicredi 2023. Os jogos acontecem a partir das 13h nos campos 1 e 2 da Sede Campestre. As finais disputadas ser\u00e3o nas categorias Ouro, Prata e Bronze, em suas respetivas divis\u00f5es &#8211; 1\u00aa Divis\u00e3o e Segundona. Os confrontos [&hellip;]<\/p>\n","protected":false},"author":601,"featured_media":139591,"comment_status":"open","ping_status":"open","sticky":false,"template":"","format":"standard","meta":{"pmpro_default_level":"","_jetpack_memberships_contains_paid_content":false,"footnotes":""},"categories":[5,530],"tags":[8942,8,150,3671],"class_list":{"0":"post-140175","1":"post","2":"type-post","3":"status-publish","4":"format-standard","5":"has-post-thumbnail","7":"category-esportes","8":"category-futsal","9":"tag-copa-de-inverno","10":"tag-estrela","11":"tag-finais","12":"tag-soges","13":"pmpro-has-access"},"yoast_head":"<!-- This site is optimized with the Yoast SEO plugin v27.5 - https:\/\/yoast.com\/product\/yoast-seo-wordpress\/ -->\n<title>Soges inicia fase final da 2\u00aa Copa de Inverno Sicredi - Folha Popular<\/title>\n<meta name=\"robots\" content=\"index, follow, max-snippet:-1, max-image-preview:large, max-video-preview:-1\" \/>\n<link rel=\"canonical\" href=\"https:\/\/folhapopular.info\/index.php\/2023\/09\/22\/soges-inicia-fase-final-da-2a-copa-de-inverno-sicredi\/\" \/>\n<meta property=\"og:locale\" content=\"pt_BR\" \/>\n<meta property=\"og:type\" content=\"article\" \/>\n<meta property=\"og:title\" content=\"Soges inicia fase final da 2\u00aa Copa de Inverno Sicredi - Folha Popular\" \/>\n<meta property=\"og:description\" content=\"Neste s\u00e1bado (23\/9), a Sociedade Gin\u00e1stica de Estrela inicia a fase final da 2\u00aa Copa de Inverno Sicredi 2023. Os jogos acontecem a partir das 13h nos campos 1 e 2 da Sede Campestre. As finais disputadas ser\u00e3o nas categorias Ouro, Prata e Bronze, em suas respetivas divis\u00f5es &#8211; 1\u00aa Divis\u00e3o e Segundona. Os confrontos [&hellip;]\" \/>\n<meta property=\"og:url\" content=\"https:\/\/folhapopular.info\/index.php\/2023\/09\/22\/soges-inicia-fase-final-da-2a-copa-de-inverno-sicredi\/\" \/>\n<meta property=\"og:site_name\" content=\"Folha Popular\" \/>\n<meta property=\"article:published_time\" content=\"2023-09-22T19:51:39+00:00\" \/>\n<meta property=\"article:modified_time\" content=\"2023-09-22T19:53:52+00:00\" \/>\n<meta property=\"og:image\" content=\"http:\/\/folhapopular.info\/wp-content\/uploads\/2023\/09\/SC_0098-scaled.jpg\" \/>\n\t<meta property=\"og:image:width\" content=\"2560\" \/>\n\t<meta property=\"og:image:height\" content=\"1707\" \/>\n\t<meta property=\"og:image:type\" content=\"image\/jpeg\" \/>\n<meta name=\"author\" content=\"Carla Beckmann\" \/>\n<meta name=\"twitter:card\" content=\"summary_large_image\" \/>\n<meta name=\"twitter:label1\" content=\"Escrito por\" \/>\n\t<meta name=\"twitter:data1\" content=\"Carla Beckmann\" \/>\n\t<meta name=\"twitter:label2\" content=\"Est. tempo de leitura\" \/>\n\t<meta name=\"twitter:data2\" content=\"1 minuto\" \/>\n<script type=\"application\/ld+json\" class=\"yoast-schema-graph\">{\"@context\":\"https:\\\/\\\/schema.org\",\"@graph\":[{\"@type\":\"Article\",\"@id\":\"https:\\\/\\\/folhapopular.info\\\/index.php\\\/2023\\\/09\\\/22\\\/soges-inicia-fase-final-da-2a-copa-de-inverno-sicredi\\\/#article\",\"isPartOf\":{\"@id\":\"https:\\\/\\\/folhapopular.info\\\/index.php\\\/2023\\\/09\\\/22\\\/soges-inicia-fase-final-da-2a-copa-de-inverno-sicredi\\\/\"},\"author\":{\"name\":\"Carla Beckmann\",\"@id\":\"https:\\\/\\\/folhapopular.info\\\/#\\\/schema\\\/person\\\/c9138938e4781f3e1ca513f9bea5659c\"},\"headline\":\"Soges inicia fase final da 2\u00aa Copa de Inverno Sicredi\",\"datePublished\":\"2023-09-22T19:51:39+00:00\",\"dateModified\":\"2023-09-22T19:53:52+00:00\",\"mainEntityOfPage\":{\"@id\":\"https:\\\/\\\/folhapopular.info\\\/index.php\\\/2023\\\/09\\\/22\\\/soges-inicia-fase-final-da-2a-copa-de-inverno-sicredi\\\/\"},\"wordCount\":128,\"commentCount\":0,\"image\":{\"@id\":\"https:\\\/\\\/folhapopular.info\\\/index.php\\\/2023\\\/09\\\/22\\\/soges-inicia-fase-final-da-2a-copa-de-inverno-sicredi\\\/#primaryimage\"},\"thumbnailUrl\":\"https:\\\/\\\/folhapopular.info\\\/wp-content\\\/uploads\\\/2023\\\/09\\\/SC_0098-scaled.jpg\",\"keywords\":[\"Copa de Inverno\",\"Estrela\",\"finais\",\"Soges\"],\"articleSection\":[\"Esportes\",\"Futsal\"],\"inLanguage\":\"pt-BR\",\"potentialAction\":[{\"@type\":\"CommentAction\",\"name\":\"Comment\",\"target\":[\"https:\\\/\\\/folhapopular.info\\\/index.php\\\/2023\\\/09\\\/22\\\/soges-inicia-fase-final-da-2a-copa-de-inverno-sicredi\\\/#respond\"]}]},{\"@type\":\"WebPage\",\"@id\":\"https:\\\/\\\/folhapopular.info\\\/index.php\\\/2023\\\/09\\\/22\\\/soges-inicia-fase-final-da-2a-copa-de-inverno-sicredi\\\/\",\"url\":\"https:\\\/\\\/folhapopular.info\\\/index.php\\\/2023\\\/09\\\/22\\\/soges-inicia-fase-final-da-2a-copa-de-inverno-sicredi\\\/\",\"name\":\"Soges inicia fase final da 2\u00aa Copa de Inverno Sicredi - Folha Popular\",\"isPartOf\":{\"@id\":\"https:\\\/\\\/folhapopular.info\\\/#website\"},\"primaryImageOfPage\":{\"@id\":\"https:\\\/\\\/folhapopular.info\\\/index.php\\\/2023\\\/09\\\/22\\\/soges-inicia-fase-final-da-2a-copa-de-inverno-sicredi\\\/#primaryimage\"},\"image\":{\"@id\":\"https:\\\/\\\/folhapopular.info\\\/index.php\\\/2023\\\/09\\\/22\\\/soges-inicia-fase-final-da-2a-copa-de-inverno-sicredi\\\/#primaryimage\"},\"thumbnailUrl\":\"https:\\\/\\\/folhapopular.info\\\/wp-content\\\/uploads\\\/2023\\\/09\\\/SC_0098-scaled.jpg\",\"datePublished\":\"2023-09-22T19:51:39+00:00\",\"dateModified\":\"2023-09-22T19:53:52+00:00\",\"author\":{\"@id\":\"https:\\\/\\\/folhapopular.info\\\/#\\\/schema\\\/person\\\/c9138938e4781f3e1ca513f9bea5659c\"},\"breadcrumb\":{\"@id\":\"https:\\\/\\\/folhapopular.info\\\/index.php\\\/2023\\\/09\\\/22\\\/soges-inicia-fase-final-da-2a-copa-de-inverno-sicredi\\\/#breadcrumb\"},\"inLanguage\":\"pt-BR\",\"potentialAction\":[{\"@type\":\"ReadAction\",\"target\":[\"https:\\\/\\\/folhapopular.info\\\/index.php\\\/2023\\\/09\\\/22\\\/soges-inicia-fase-final-da-2a-copa-de-inverno-sicredi\\\/\"]}]},{\"@type\":\"ImageObject\",\"inLanguage\":\"pt-BR\",\"@id\":\"https:\\\/\\\/folhapopular.info\\\/index.php\\\/2023\\\/09\\\/22\\\/soges-inicia-fase-final-da-2a-copa-de-inverno-sicredi\\\/#primaryimage\",\"url\":\"https:\\\/\\\/folhapopular.info\\\/wp-content\\\/uploads\\\/2023\\\/09\\\/SC_0098-scaled.jpg\",\"contentUrl\":\"https:\\\/\\\/folhapopular.info\\\/wp-content\\\/uploads\\\/2023\\\/09\\\/SC_0098-scaled.jpg\",\"width\":2560,\"height\":1707,\"caption\":\"Saidera (Azul e branco) est\u00e1 na final da S\u00e9rie Ouro - 1\u00aa Divis\u00e3o. Brocadores (Vermelho) est\u00e1 na decis\u00e3o da S\u00e9rie Prata - 1\u00aa Divis\u00e3o \\\/ Cr\u00e9dito: Carla Beckmann\"},{\"@type\":\"BreadcrumbList\",\"@id\":\"https:\\\/\\\/folhapopular.info\\\/index.php\\\/2023\\\/09\\\/22\\\/soges-inicia-fase-final-da-2a-copa-de-inverno-sicredi\\\/#breadcrumb\",\"itemListElement\":[{\"@type\":\"ListItem\",\"position\":1,\"name\":\"In\u00edcio\",\"item\":\"https:\\\/\\\/folhapopular.info\\\/\"},{\"@type\":\"ListItem\",\"position\":2,\"name\":\"Soges inicia fase final da 2\u00aa Copa de Inverno Sicredi\"}]},{\"@type\":\"WebSite\",\"@id\":\"https:\\\/\\\/folhapopular.info\\\/#website\",\"url\":\"https:\\\/\\\/folhapopular.info\\\/\",\"name\":\"Folha Popular\",\"description\":\"Onde voc\u00ea tem vez e voz\",\"potentialAction\":[{\"@type\":\"SearchAction\",\"target\":{\"@type\":\"EntryPoint\",\"urlTemplate\":\"https:\\\/\\\/folhapopular.info\\\/?s={search_term_string}\"},\"query-input\":{\"@type\":\"PropertyValueSpecification\",\"valueRequired\":true,\"valueName\":\"search_term_string\"}}],\"inLanguage\":\"pt-BR\"},{\"@type\":\"Person\",\"@id\":\"https:\\\/\\\/folhapopular.info\\\/#\\\/schema\\\/person\\\/c9138938e4781f3e1ca513f9bea5659c\",\"name\":\"Carla Beckmann\",\"image\":{\"@type\":\"ImageObject\",\"inLanguage\":\"pt-BR\",\"@id\":\"https:\\\/\\\/secure.gravatar.com\\\/avatar\\\/790078f6ade9f70c31db5a673b88c15df0904c2847c456b3599f72843ac11eb9?s=96&d=mm&r=g\",\"url\":\"https:\\\/\\\/secure.gravatar.com\\\/avatar\\\/790078f6ade9f70c31db5a673b88c15df0904c2847c456b3599f72843ac11eb9?s=96&d=mm&r=g\",\"contentUrl\":\"https:\\\/\\\/secure.gravatar.com\\\/avatar\\\/790078f6ade9f70c31db5a673b88c15df0904c2847c456b3599f72843ac11eb9?s=96&d=mm&r=g\",\"caption\":\"Carla Beckmann\"},\"url\":\"https:\\\/\\\/folhapopular.info\\\/index.php\\\/author\\\/carlabeckmann03gmail-com\\\/\"}]}<\/script>\n<!-- \/ Yoast SEO plugin. -->","yoast_head_json":{"title":"Soges inicia fase final da 2\u00aa Copa de Inverno Sicredi - Folha Popular","robots":{"index":"index","follow":"follow","max-snippet":"max-snippet:-1","max-image-preview":"max-image-preview:large","max-video-preview":"max-video-preview:-1"},"canonical":"https:\/\/folhapopular.info\/index.php\/2023\/09\/22\/soges-inicia-fase-final-da-2a-copa-de-inverno-sicredi\/","og_locale":"pt_BR","og_type":"article","og_title":"Soges inicia fase final da 2\u00aa Copa de Inverno Sicredi - Folha Popular","og_description":"Neste s\u00e1bado (23\/9), a Sociedade Gin\u00e1stica de Estrela inicia a fase final da 2\u00aa Copa de Inverno Sicredi 2023. Os jogos acontecem a partir das 13h nos campos 1 e 2 da Sede Campestre. As finais disputadas ser\u00e3o nas categorias Ouro, Prata e Bronze, em suas respetivas divis\u00f5es &#8211; 1\u00aa Divis\u00e3o e Segundona. Os confrontos [&hellip;]","og_url":"https:\/\/folhapopular.info\/index.php\/2023\/09\/22\/soges-inicia-fase-final-da-2a-copa-de-inverno-sicredi\/","og_site_name":"Folha Popular","article_published_time":"2023-09-22T19:51:39+00:00","article_modified_time":"2023-09-22T19:53:52+00:00","og_image":[{"width":2560,"height":1707,"url":"http:\/\/folhapopular.info\/wp-content\/uploads\/2023\/09\/SC_0098-scaled.jpg","type":"image\/jpeg"}],"author":"Carla Beckmann","twitter_card":"summary_large_image","twitter_misc":{"Escrito por":"Carla Beckmann","Est. tempo de leitura":"1 minuto"},"schema":{"@context":"https:\/\/schema.org","@graph":[{"@type":"Article","@id":"https:\/\/folhapopular.info\/index.php\/2023\/09\/22\/soges-inicia-fase-final-da-2a-copa-de-inverno-sicredi\/#article","isPartOf":{"@id":"https:\/\/folhapopular.info\/index.php\/2023\/09\/22\/soges-inicia-fase-final-da-2a-copa-de-inverno-sicredi\/"},"author":{"name":"Carla Beckmann","@id":"https:\/\/folhapopular.info\/#\/schema\/person\/c9138938e4781f3e1ca513f9bea5659c"},"headline":"Soges inicia fase final da 2\u00aa Copa de Inverno Sicredi","datePublished":"2023-09-22T19:51:39+00:00","dateModified":"2023-09-22T19:53:52+00:00","mainEntityOfPage":{"@id":"https:\/\/folhapopular.info\/index.php\/2023\/09\/22\/soges-inicia-fase-final-da-2a-copa-de-inverno-sicredi\/"},"wordCount":128,"commentCount":0,"image":{"@id":"https:\/\/folhapopular.info\/index.php\/2023\/09\/22\/soges-inicia-fase-final-da-2a-copa-de-inverno-sicredi\/#primaryimage"},"thumbnailUrl":"https:\/\/folhapopular.info\/wp-content\/uploads\/2023\/09\/SC_0098-scaled.jpg","keywords":["Copa de Inverno","Estrela","finais","Soges"],"articleSection":["Esportes","Futsal"],"inLanguage":"pt-BR","potentialAction":[{"@type":"CommentAction","name":"Comment","target":["https:\/\/folhapopular.info\/index.php\/2023\/09\/22\/soges-inicia-fase-final-da-2a-copa-de-inverno-sicredi\/#respond"]}]},{"@type":"WebPage","@id":"https:\/\/folhapopular.info\/index.php\/2023\/09\/22\/soges-inicia-fase-final-da-2a-copa-de-inverno-sicredi\/","url":"https:\/\/folhapopular.info\/index.php\/2023\/09\/22\/soges-inicia-fase-final-da-2a-copa-de-inverno-sicredi\/","name":"Soges inicia fase final da 2\u00aa Copa de Inverno Sicredi - Folha Popular","isPartOf":{"@id":"https:\/\/folhapopular.info\/#website"},"primaryImageOfPage":{"@id":"https:\/\/folhapopular.info\/index.php\/2023\/09\/22\/soges-inicia-fase-final-da-2a-copa-de-inverno-sicredi\/#primaryimage"},"image":{"@id":"https:\/\/folhapopular.info\/index.php\/2023\/09\/22\/soges-inicia-fase-final-da-2a-copa-de-inverno-sicredi\/#primaryimage"},"thumbnailUrl":"https:\/\/folhapopular.info\/wp-content\/uploads\/2023\/09\/SC_0098-scaled.jpg","datePublished":"2023-09-22T19:51:39+00:00","dateModified":"2023-09-22T19:53:52+00:00","author":{"@id":"https:\/\/folhapopular.info\/#\/schema\/person\/c9138938e4781f3e1ca513f9bea5659c"},"breadcrumb":{"@id":"https:\/\/folhapopular.info\/index.php\/2023\/09\/22\/soges-inicia-fase-final-da-2a-copa-de-inverno-sicredi\/#breadcrumb"},"inLanguage":"pt-BR","potentialAction":[{"@type":"ReadAction","target":["https:\/\/folhapopular.info\/index.php\/2023\/09\/22\/soges-inicia-fase-final-da-2a-copa-de-inverno-sicredi\/"]}]},{"@type":"ImageObject","inLanguage":"pt-BR","@id":"https:\/\/folhapopular.info\/index.php\/2023\/09\/22\/soges-inicia-fase-final-da-2a-copa-de-inverno-sicredi\/#primaryimage","url":"https:\/\/folhapopular.info\/wp-content\/uploads\/2023\/09\/SC_0098-scaled.jpg","contentUrl":"https:\/\/folhapopular.info\/wp-content\/uploads\/2023\/09\/SC_0098-scaled.jpg","width":2560,"height":1707,"caption":"Saidera (Azul e branco) est\u00e1 na final da S\u00e9rie Ouro - 1\u00aa Divis\u00e3o. Brocadores (Vermelho) est\u00e1 na decis\u00e3o da S\u00e9rie Prata - 1\u00aa Divis\u00e3o \/ Cr\u00e9dito: Carla Beckmann"},{"@type":"BreadcrumbList","@id":"https:\/\/folhapopular.info\/index.php\/2023\/09\/22\/soges-inicia-fase-final-da-2a-copa-de-inverno-sicredi\/#breadcrumb","itemListElement":[{"@type":"ListItem","position":1,"name":"In\u00edcio","item":"https:\/\/folhapopular.info\/"},{"@type":"ListItem","position":2,"name":"Soges inicia fase final da 2\u00aa Copa de Inverno Sicredi"}]},{"@type":"WebSite","@id":"https:\/\/folhapopular.info\/#website","url":"https:\/\/folhapopular.info\/","name":"Folha Popular","description":"Onde voc\u00ea tem vez e voz","potentialAction":[{"@type":"SearchAction","target":{"@type":"EntryPoint","urlTemplate":"https:\/\/folhapopular.info\/?s={search_term_string}"},"query-input":{"@type":"PropertyValueSpecification","valueRequired":true,"valueName":"search_term_string"}}],"inLanguage":"pt-BR"},{"@type":"Person","@id":"https:\/\/folhapopular.info\/#\/schema\/person\/c9138938e4781f3e1ca513f9bea5659c","name":"Carla Beckmann","image":{"@type":"ImageObject","inLanguage":"pt-BR","@id":"https:\/\/secure.gravatar.com\/avatar\/790078f6ade9f70c31db5a673b88c15df0904c2847c456b3599f72843ac11eb9?s=96&d=mm&r=g","url":"https:\/\/secure.gravatar.com\/avatar\/790078f6ade9f70c31db5a673b88c15df0904c2847c456b3599f72843ac11eb9?s=96&d=mm&r=g","contentUrl":"https:\/\/secure.gravatar.com\/avatar\/790078f6ade9f70c31db5a673b88c15df0904c2847c456b3599f72843ac11eb9?s=96&d=mm&r=g","caption":"Carla Beckmann"},"url":"https:\/\/folhapopular.info\/index.php\/author\/carlabeckmann03gmail-com\/"}]}},"jetpack_featured_media_url":"https:\/\/folhapopular.info\/wp-content\/uploads\/2023\/09\/SC_0098-scaled.jpg","jetpack_sharing_enabled":true,"amp_enabled":true,"_links":{"self":[{"href":"https:\/\/folhapopular.info\/index.php\/wp-json\/wp\/v2\/posts\/140175","targetHints":{"allow":["GET"]}}],"collection":[{"href":"https:\/\/folhapopular.info\/index.php\/wp-json\/wp\/v2\/posts"}],"about":[{"href":"https:\/\/folhapopular.info\/index.php\/wp-json\/wp\/v2\/types\/post"}],"author":[{"embeddable":true,"href":"https:\/\/folhapopular.info\/index.php\/wp-json\/wp\/v2\/users\/601"}],"replies":[{"embeddable":true,"href":"https:\/\/folhapopular.info\/index.php\/wp-json\/wp\/v2\/comments?post=140175"}],"version-history":[{"count":0,"href":"https:\/\/folhapopular.info\/index.php\/wp-json\/wp\/v2\/posts\/140175\/revisions"}],"wp:featuredmedia":[{"embeddable":true,"href":"https:\/\/folhapopular.info\/index.php\/wp-json\/wp\/v2\/media\/139591"}],"wp:attachment":[{"href":"https:\/\/folhapopular.info\/index.php\/wp-json\/wp\/v2\/media?parent=140175"}],"wp:term":[{"taxonomy":"category","embeddable":true,"href":"https:\/\/folhapopular.info\/index.php\/wp-json\/wp\/v2\/categories?post=140175"},{"taxonomy":"post_tag","embeddable":true,"href":"https:\/\/folhapopular.info\/index.php\/wp-json\/wp\/v2\/tags?post=140175"}],"curies":[{"name":"wp","href":"https:\/\/api.w.org\/{rel}","templated":true}]}}