{"id":140182,"date":"2023-09-22T17:45:34","date_gmt":"2023-09-22T20:45:34","guid":{"rendered":"https:\/\/folhapopular.info\/?p=140182"},"modified":"2023-09-22T17:45:38","modified_gmt":"2023-09-22T20:45:38","slug":"fepam-isenta-empresas-atingidas-pela-enchente-de-licenca-de-reconstrucao","status":"publish","type":"post","link":"https:\/\/folhapopular.info\/index.php\/2023\/09\/22\/fepam-isenta-empresas-atingidas-pela-enchente-de-licenca-de-reconstrucao\/","title":{"rendered":"Fepam isenta empresas atingidas pela enchente de licen\u00e7a de reconstru\u00e7\u00e3o"},"content":{"rendered":"\n<p>A Funda\u00e7\u00e3o Estadual de Prote\u00e7\u00e3o Ambiental (Fepam) isentou as empresas da solicita\u00e7\u00e3o de licen\u00e7as ambientais para obras de reconstru\u00e7\u00e3o do espa\u00e7o f\u00edsico. A iniciativa que desburocratiza e acelera o processo de reconstru\u00e7\u00e3o dos empreendimentos que operam nos munic\u00edpios atingidos pelas enchentes (conforme lista do&nbsp;<a href=\"https:\/\/www.estado.rs.gov.br\/upload\/arquivos\/decreto-57-197.pdf\" target=\"_blank\" rel=\"noreferrer noopener\">Decreto 51.197\/2023<\/a>) \u00e9 amparada pela&nbsp;<a href=\"https:\/\/www.diariooficial.rs.gov.br\/materia?id=901736\" target=\"_blank\" rel=\"noreferrer noopener\">Portaria 340\/2023<\/a>, publicada em setembro.<\/p>\n\n\n\n<p>Na pr\u00e1tica, a norma libera as empresas dos pedidos de autoriza\u00e7\u00e3o geral, licen\u00e7a pr\u00e9via de instala\u00e7\u00e3o de altera\u00e7\u00e3o (LPIA) e outros documentos expedidos para essa finalidade. Em situa\u00e7\u00f5es normais, as solicita\u00e7\u00f5es dispensadas temporariamente pelo Estado, integram o tr\u00e2mite legal exigido pelo \u00f3rg\u00e3o de fiscaliza\u00e7\u00e3o ambiental e s\u00e3o expedidas, no m\u00ednimo, em 30 dias.<\/p>\n\n\n\n<p>A iniciativa beneficia empresas cujo licenciamento foi emitido pelo Estado, de acordo com os crit\u00e9rios da Resolu\u00e7\u00e3o 372\/2018 do Conselho Estadual do Meio Ambiente (Consema). Nas cidades afetadas pelo desastre ambiental, enquadram-se nesse rol ind\u00fastrias de produ\u00e7\u00e3o de alimentos, couro, cal\u00e7ados e, no segmento comercial, empreendimentos como postos de gasolina. &nbsp;<\/p>\n\n\n\n<p>Com o regramento, as empresas que operam mediante autoriza\u00e7\u00e3o do Estado precisam apresentar \u00e0 Fepam apenas um relat\u00f3rio dos danos causados pelo desastre, em que conste o cronograma de execu\u00e7\u00e3o das obras. Ap\u00f3s a entrega dos documentos, o empreendimento pode dar in\u00edcio \u00e0s obras de reconstru\u00e7\u00e3o nos moldes que constam na licen\u00e7a de opera\u00e7\u00e3o (LO).<\/p>\n\n\n\n<p>A medida adotada pelo governo ga\u00facho contribui para acelerar a retomada das atividades econ\u00f4micas na regi\u00e3o, favorecendo a manuten\u00e7\u00e3o dos empregos e a reorganiza\u00e7\u00e3o do fluxo financeiros das empresas, que ficam dispensadas de arcar com as taxas cobradas para emiss\u00e3o dos documentos de licenciamento.<\/p>\n\n\n\n<p>\u201cSendo a reconstru\u00e7\u00e3o na mesma \u00e1rea, sem altera\u00e7\u00e3o no projeto j\u00e1 licenciado pelo Estado, a empresa pode iniciar suas obras apenas com a apresenta\u00e7\u00e3o do relat\u00f3rio t\u00e9cnico \u00e0 Fepam\u201d, reafirma o chefe do Departamento de Licenciamento e Controle da Fepam, Fabiani Vitt.<\/p>\n\n\n\n<p>Na mesma portaria, a Fepam suspendeu por 90 dias o prazo para renova\u00e7\u00e3o de licen\u00e7as, juntada de documentos, relat\u00f3rios e outras exig\u00eancias legais. A medida j\u00e1 prorrogou automaticamente a licen\u00e7a de opera\u00e7\u00e3o (LO) de 490 empresas da regi\u00e3o, abrindo espa\u00e7o para que os empreendimentos concentrem esfor\u00e7os no trabalho de retomada da produ\u00e7\u00e3o.<\/p>\n\n\n\n<p><strong>Apoio t\u00e9cnico aos munic\u00edpios<\/strong><\/p>\n\n\n\n<p>Em reuni\u00e3o realizada com os prefeitos do Vale do Taquari nessa quinta-feira (21\/9), em Encantado, o diretor-presidente de Fepam, Renato Chagas, sugeriu que a medida adotada pelo Estado se estenda \u00e0s demais cidades afetadas pela enchente. O \u00f3rg\u00e3o de fiscaliza\u00e7\u00e3o ambiental disponibilizou as instru\u00e7\u00f5es t\u00e9cnicas aos gestores locais para que a a\u00e7\u00e3o seja implementada em \u00e2mbito municipal. Conforme a legisla\u00e7\u00e3o ambiental do Rio Grande do Sul, as prefeituras s\u00e3o respons\u00e1veis pelo licenciamento de empreendimentos de menor porte, cujo impacto ao meio ambiente seja reduzido. \u00a0\u00a0\u00a0\u00a0\u00a0\u00a0\u00a0\u00a0\u00a0\u00a0\u00a0\u00a0\u00a0\u00a0\u00a0\u00a0\u00a0<\/p>\n","protected":false},"excerpt":{"rendered":"<p>A Funda\u00e7\u00e3o Estadual de Prote\u00e7\u00e3o Ambiental (Fepam) isentou as empresas da solicita\u00e7\u00e3o de licen\u00e7as ambientais para obras de reconstru\u00e7\u00e3o do espa\u00e7o f\u00edsico. A iniciativa que desburocratiza e acelera o processo de reconstru\u00e7\u00e3o dos empreendimentos que operam nos munic\u00edpios atingidos pelas enchentes (conforme lista do&nbsp;Decreto 51.197\/2023) \u00e9 amparada pela&nbsp;Portaria 340\/2023, publicada em setembro. Na pr\u00e1tica, a [&hellip;]<\/p>\n","protected":false},"author":8,"featured_media":140183,"comment_status":"open","ping_status":"open","sticky":false,"template":"","format":"standard","meta":{"pmpro_default_level":"","_jetpack_memberships_contains_paid_content":false,"footnotes":""},"categories":[2,10991,10993,11025,12473],"tags":[4191,5303,1737,2403,10329],"class_list":{"0":"post-140182","1":"post","2":"type-post","3":"status-publish","4":"format-standard","5":"has-post-thumbnail","7":"category-featured","8":"category-economia","9":"category-empreender","10":"category-meio-ambiente","11":"category-negocios","12":"tag-empresas","13":"tag-fepam","14":"tag-isencao","15":"tag-licenca","16":"tag-reconstrucao","17":"pmpro-has-access"},"yoast_head":"<!-- This site is optimized with the Yoast SEO plugin v27.5 - https:\/\/yoast.com\/product\/yoast-seo-wordpress\/ -->\n<title>Fepam isenta empresas atingidas pela enchente de licen\u00e7a de reconstru\u00e7\u00e3o - Folha Popular<\/title>\n<meta name=\"robots\" content=\"index, follow, max-snippet:-1, max-image-preview:large, max-video-preview:-1\" \/>\n<link rel=\"canonical\" href=\"https:\/\/folhapopular.info\/index.php\/2023\/09\/22\/fepam-isenta-empresas-atingidas-pela-enchente-de-licenca-de-reconstrucao\/\" \/>\n<meta property=\"og:locale\" content=\"pt_BR\" \/>\n<meta property=\"og:type\" content=\"article\" \/>\n<meta property=\"og:title\" content=\"Fepam isenta empresas atingidas pela enchente de licen\u00e7a de reconstru\u00e7\u00e3o - Folha Popular\" \/>\n<meta property=\"og:description\" content=\"A Funda\u00e7\u00e3o Estadual de Prote\u00e7\u00e3o Ambiental (Fepam) isentou as empresas da solicita\u00e7\u00e3o de licen\u00e7as ambientais para obras de reconstru\u00e7\u00e3o do espa\u00e7o f\u00edsico. A iniciativa que desburocratiza e acelera o processo de reconstru\u00e7\u00e3o dos empreendimentos que operam nos munic\u00edpios atingidos pelas enchentes (conforme lista do&nbsp;Decreto 51.197\/2023) \u00e9 amparada pela&nbsp;Portaria 340\/2023, publicada em setembro. Na pr\u00e1tica, a [&hellip;]\" \/>\n<meta property=\"og:url\" content=\"https:\/\/folhapopular.info\/index.php\/2023\/09\/22\/fepam-isenta-empresas-atingidas-pela-enchente-de-licenca-de-reconstrucao\/\" \/>\n<meta property=\"og:site_name\" content=\"Folha Popular\" \/>\n<meta property=\"article:published_time\" content=\"2023-09-22T20:45:34+00:00\" \/>\n<meta property=\"article:modified_time\" content=\"2023-09-22T20:45:38+00:00\" \/>\n<meta property=\"og:image\" content=\"http:\/\/folhapopular.info\/wp-content\/uploads\/2023\/09\/22154307_2098856_GDO.jpg\" \/>\n\t<meta property=\"og:image:width\" content=\"800\" \/>\n\t<meta property=\"og:image:height\" content=\"533\" \/>\n\t<meta property=\"og:image:type\" content=\"image\/jpeg\" \/>\n<meta name=\"author\" content=\"Reda\u00e7\u00e3o Folha Popular\" \/>\n<meta name=\"twitter:card\" content=\"summary_large_image\" \/>\n<meta name=\"twitter:label1\" content=\"Escrito por\" \/>\n\t<meta name=\"twitter:data1\" content=\"Reda\u00e7\u00e3o Folha Popular\" \/>\n\t<meta name=\"twitter:label2\" content=\"Est. tempo de leitura\" \/>\n\t<meta name=\"twitter:data2\" content=\"3 minutos\" \/>\n<script type=\"application\/ld+json\" class=\"yoast-schema-graph\">{\"@context\":\"https:\\\/\\\/schema.org\",\"@graph\":[{\"@type\":\"Article\",\"@id\":\"https:\\\/\\\/folhapopular.info\\\/index.php\\\/2023\\\/09\\\/22\\\/fepam-isenta-empresas-atingidas-pela-enchente-de-licenca-de-reconstrucao\\\/#article\",\"isPartOf\":{\"@id\":\"https:\\\/\\\/folhapopular.info\\\/index.php\\\/2023\\\/09\\\/22\\\/fepam-isenta-empresas-atingidas-pela-enchente-de-licenca-de-reconstrucao\\\/\"},\"author\":{\"name\":\"Reda\u00e7\u00e3o Folha Popular\",\"@id\":\"https:\\\/\\\/folhapopular.info\\\/#\\\/schema\\\/person\\\/2814e8a0df7643585a9ca38bc6eb9d4b\"},\"headline\":\"Fepam isenta empresas atingidas pela enchente de licen\u00e7a de reconstru\u00e7\u00e3o\",\"datePublished\":\"2023-09-22T20:45:34+00:00\",\"dateModified\":\"2023-09-22T20:45:38+00:00\",\"mainEntityOfPage\":{\"@id\":\"https:\\\/\\\/folhapopular.info\\\/index.php\\\/2023\\\/09\\\/22\\\/fepam-isenta-empresas-atingidas-pela-enchente-de-licenca-de-reconstrucao\\\/\"},\"wordCount\":510,\"commentCount\":0,\"image\":{\"@id\":\"https:\\\/\\\/folhapopular.info\\\/index.php\\\/2023\\\/09\\\/22\\\/fepam-isenta-empresas-atingidas-pela-enchente-de-licenca-de-reconstrucao\\\/#primaryimage\"},\"thumbnailUrl\":\"https:\\\/\\\/folhapopular.info\\\/wp-content\\\/uploads\\\/2023\\\/09\\\/22154307_2098856_GDO.jpg\",\"keywords\":[\"Empresas\",\"Fepam\",\"Isen\u00e7\u00e3o\",\"Licen\u00e7a\",\"Reconstru\u00e7\u00e3o\"],\"articleSection\":[\"Destaques\",\"Economia\",\"Empreender\",\"Meio Ambiente\",\"Neg\u00f3cios\"],\"inLanguage\":\"pt-BR\",\"potentialAction\":[{\"@type\":\"CommentAction\",\"name\":\"Comment\",\"target\":[\"https:\\\/\\\/folhapopular.info\\\/index.php\\\/2023\\\/09\\\/22\\\/fepam-isenta-empresas-atingidas-pela-enchente-de-licenca-de-reconstrucao\\\/#respond\"]}]},{\"@type\":\"WebPage\",\"@id\":\"https:\\\/\\\/folhapopular.info\\\/index.php\\\/2023\\\/09\\\/22\\\/fepam-isenta-empresas-atingidas-pela-enchente-de-licenca-de-reconstrucao\\\/\",\"url\":\"https:\\\/\\\/folhapopular.info\\\/index.php\\\/2023\\\/09\\\/22\\\/fepam-isenta-empresas-atingidas-pela-enchente-de-licenca-de-reconstrucao\\\/\",\"name\":\"Fepam isenta empresas atingidas pela enchente de licen\u00e7a de reconstru\u00e7\u00e3o - Folha Popular\",\"isPartOf\":{\"@id\":\"https:\\\/\\\/folhapopular.info\\\/#website\"},\"primaryImageOfPage\":{\"@id\":\"https:\\\/\\\/folhapopular.info\\\/index.php\\\/2023\\\/09\\\/22\\\/fepam-isenta-empresas-atingidas-pela-enchente-de-licenca-de-reconstrucao\\\/#primaryimage\"},\"image\":{\"@id\":\"https:\\\/\\\/folhapopular.info\\\/index.php\\\/2023\\\/09\\\/22\\\/fepam-isenta-empresas-atingidas-pela-enchente-de-licenca-de-reconstrucao\\\/#primaryimage\"},\"thumbnailUrl\":\"https:\\\/\\\/folhapopular.info\\\/wp-content\\\/uploads\\\/2023\\\/09\\\/22154307_2098856_GDO.jpg\",\"datePublished\":\"2023-09-22T20:45:34+00:00\",\"dateModified\":\"2023-09-22T20:45:38+00:00\",\"author\":{\"@id\":\"https:\\\/\\\/folhapopular.info\\\/#\\\/schema\\\/person\\\/2814e8a0df7643585a9ca38bc6eb9d4b\"},\"breadcrumb\":{\"@id\":\"https:\\\/\\\/folhapopular.info\\\/index.php\\\/2023\\\/09\\\/22\\\/fepam-isenta-empresas-atingidas-pela-enchente-de-licenca-de-reconstrucao\\\/#breadcrumb\"},\"inLanguage\":\"pt-BR\",\"potentialAction\":[{\"@type\":\"ReadAction\",\"target\":[\"https:\\\/\\\/folhapopular.info\\\/index.php\\\/2023\\\/09\\\/22\\\/fepam-isenta-empresas-atingidas-pela-enchente-de-licenca-de-reconstrucao\\\/\"]}]},{\"@type\":\"ImageObject\",\"inLanguage\":\"pt-BR\",\"@id\":\"https:\\\/\\\/folhapopular.info\\\/index.php\\\/2023\\\/09\\\/22\\\/fepam-isenta-empresas-atingidas-pela-enchente-de-licenca-de-reconstrucao\\\/#primaryimage\",\"url\":\"https:\\\/\\\/folhapopular.info\\\/wp-content\\\/uploads\\\/2023\\\/09\\\/22154307_2098856_GDO.jpg\",\"contentUrl\":\"https:\\\/\\\/folhapopular.info\\\/wp-content\\\/uploads\\\/2023\\\/09\\\/22154307_2098856_GDO.jpg\",\"width\":800,\"height\":533,\"caption\":\"Acompanhado pelo propriet\u00e1rio Gilmar Harth, Gabriel Souza visitou, no s\u00e1bado (16\\\/9), o curtume Bom Princ\u00edpio, em Mu\u00e7um \\\/ Cr\u00e9dito: Joel Vargas \\\/ Ascom GVG \\\/ Divulga\u00e7\u00e3o\"},{\"@type\":\"BreadcrumbList\",\"@id\":\"https:\\\/\\\/folhapopular.info\\\/index.php\\\/2023\\\/09\\\/22\\\/fepam-isenta-empresas-atingidas-pela-enchente-de-licenca-de-reconstrucao\\\/#breadcrumb\",\"itemListElement\":[{\"@type\":\"ListItem\",\"position\":1,\"name\":\"In\u00edcio\",\"item\":\"https:\\\/\\\/folhapopular.info\\\/\"},{\"@type\":\"ListItem\",\"position\":2,\"name\":\"Fepam isenta empresas atingidas pela enchente de licen\u00e7a de reconstru\u00e7\u00e3o\"}]},{\"@type\":\"WebSite\",\"@id\":\"https:\\\/\\\/folhapopular.info\\\/#website\",\"url\":\"https:\\\/\\\/folhapopular.info\\\/\",\"name\":\"Folha Popular\",\"description\":\"Onde voc\u00ea tem vez e voz\",\"potentialAction\":[{\"@type\":\"SearchAction\",\"target\":{\"@type\":\"EntryPoint\",\"urlTemplate\":\"https:\\\/\\\/folhapopular.info\\\/?s={search_term_string}\"},\"query-input\":{\"@type\":\"PropertyValueSpecification\",\"valueRequired\":true,\"valueName\":\"search_term_string\"}}],\"inLanguage\":\"pt-BR\"},{\"@type\":\"Person\",\"@id\":\"https:\\\/\\\/folhapopular.info\\\/#\\\/schema\\\/person\\\/2814e8a0df7643585a9ca38bc6eb9d4b\",\"name\":\"Reda\u00e7\u00e3o Folha Popular\",\"image\":{\"@type\":\"ImageObject\",\"inLanguage\":\"pt-BR\",\"@id\":\"https:\\\/\\\/folhapopular.info\\\/wp-content\\\/uploads\\\/2026\\\/04\\\/Folha-1.webp\",\"url\":\"https:\\\/\\\/folhapopular.info\\\/wp-content\\\/uploads\\\/2026\\\/04\\\/Folha-1.webp\",\"contentUrl\":\"https:\\\/\\\/folhapopular.info\\\/wp-content\\\/uploads\\\/2026\\\/04\\\/Folha-1.webp\",\"caption\":\"Reda\u00e7\u00e3o Folha Popular\"},\"url\":\"https:\\\/\\\/folhapopular.info\\\/index.php\\\/author\\\/redacao\\\/\"}]}<\/script>\n<!-- \/ Yoast SEO plugin. -->","yoast_head_json":{"title":"Fepam isenta empresas atingidas pela enchente de licen\u00e7a de reconstru\u00e7\u00e3o - Folha Popular","robots":{"index":"index","follow":"follow","max-snippet":"max-snippet:-1","max-image-preview":"max-image-preview:large","max-video-preview":"max-video-preview:-1"},"canonical":"https:\/\/folhapopular.info\/index.php\/2023\/09\/22\/fepam-isenta-empresas-atingidas-pela-enchente-de-licenca-de-reconstrucao\/","og_locale":"pt_BR","og_type":"article","og_title":"Fepam isenta empresas atingidas pela enchente de licen\u00e7a de reconstru\u00e7\u00e3o - Folha Popular","og_description":"A Funda\u00e7\u00e3o Estadual de Prote\u00e7\u00e3o Ambiental (Fepam) isentou as empresas da solicita\u00e7\u00e3o de licen\u00e7as ambientais para obras de reconstru\u00e7\u00e3o do espa\u00e7o f\u00edsico. A iniciativa que desburocratiza e acelera o processo de reconstru\u00e7\u00e3o dos empreendimentos que operam nos munic\u00edpios atingidos pelas enchentes (conforme lista do&nbsp;Decreto 51.197\/2023) \u00e9 amparada pela&nbsp;Portaria 340\/2023, publicada em setembro. Na pr\u00e1tica, a [&hellip;]","og_url":"https:\/\/folhapopular.info\/index.php\/2023\/09\/22\/fepam-isenta-empresas-atingidas-pela-enchente-de-licenca-de-reconstrucao\/","og_site_name":"Folha Popular","article_published_time":"2023-09-22T20:45:34+00:00","article_modified_time":"2023-09-22T20:45:38+00:00","og_image":[{"width":800,"height":533,"url":"http:\/\/folhapopular.info\/wp-content\/uploads\/2023\/09\/22154307_2098856_GDO.jpg","type":"image\/jpeg"}],"author":"Reda\u00e7\u00e3o Folha Popular","twitter_card":"summary_large_image","twitter_misc":{"Escrito por":"Reda\u00e7\u00e3o Folha Popular","Est. tempo de leitura":"3 minutos"},"schema":{"@context":"https:\/\/schema.org","@graph":[{"@type":"Article","@id":"https:\/\/folhapopular.info\/index.php\/2023\/09\/22\/fepam-isenta-empresas-atingidas-pela-enchente-de-licenca-de-reconstrucao\/#article","isPartOf":{"@id":"https:\/\/folhapopular.info\/index.php\/2023\/09\/22\/fepam-isenta-empresas-atingidas-pela-enchente-de-licenca-de-reconstrucao\/"},"author":{"name":"Reda\u00e7\u00e3o Folha Popular","@id":"https:\/\/folhapopular.info\/#\/schema\/person\/2814e8a0df7643585a9ca38bc6eb9d4b"},"headline":"Fepam isenta empresas atingidas pela enchente de licen\u00e7a de reconstru\u00e7\u00e3o","datePublished":"2023-09-22T20:45:34+00:00","dateModified":"2023-09-22T20:45:38+00:00","mainEntityOfPage":{"@id":"https:\/\/folhapopular.info\/index.php\/2023\/09\/22\/fepam-isenta-empresas-atingidas-pela-enchente-de-licenca-de-reconstrucao\/"},"wordCount":510,"commentCount":0,"image":{"@id":"https:\/\/folhapopular.info\/index.php\/2023\/09\/22\/fepam-isenta-empresas-atingidas-pela-enchente-de-licenca-de-reconstrucao\/#primaryimage"},"thumbnailUrl":"https:\/\/folhapopular.info\/wp-content\/uploads\/2023\/09\/22154307_2098856_GDO.jpg","keywords":["Empresas","Fepam","Isen\u00e7\u00e3o","Licen\u00e7a","Reconstru\u00e7\u00e3o"],"articleSection":["Destaques","Economia","Empreender","Meio Ambiente","Neg\u00f3cios"],"inLanguage":"pt-BR","potentialAction":[{"@type":"CommentAction","name":"Comment","target":["https:\/\/folhapopular.info\/index.php\/2023\/09\/22\/fepam-isenta-empresas-atingidas-pela-enchente-de-licenca-de-reconstrucao\/#respond"]}]},{"@type":"WebPage","@id":"https:\/\/folhapopular.info\/index.php\/2023\/09\/22\/fepam-isenta-empresas-atingidas-pela-enchente-de-licenca-de-reconstrucao\/","url":"https:\/\/folhapopular.info\/index.php\/2023\/09\/22\/fepam-isenta-empresas-atingidas-pela-enchente-de-licenca-de-reconstrucao\/","name":"Fepam isenta empresas atingidas pela enchente de licen\u00e7a de reconstru\u00e7\u00e3o - Folha Popular","isPartOf":{"@id":"https:\/\/folhapopular.info\/#website"},"primaryImageOfPage":{"@id":"https:\/\/folhapopular.info\/index.php\/2023\/09\/22\/fepam-isenta-empresas-atingidas-pela-enchente-de-licenca-de-reconstrucao\/#primaryimage"},"image":{"@id":"https:\/\/folhapopular.info\/index.php\/2023\/09\/22\/fepam-isenta-empresas-atingidas-pela-enchente-de-licenca-de-reconstrucao\/#primaryimage"},"thumbnailUrl":"https:\/\/folhapopular.info\/wp-content\/uploads\/2023\/09\/22154307_2098856_GDO.jpg","datePublished":"2023-09-22T20:45:34+00:00","dateModified":"2023-09-22T20:45:38+00:00","author":{"@id":"https:\/\/folhapopular.info\/#\/schema\/person\/2814e8a0df7643585a9ca38bc6eb9d4b"},"breadcrumb":{"@id":"https:\/\/folhapopular.info\/index.php\/2023\/09\/22\/fepam-isenta-empresas-atingidas-pela-enchente-de-licenca-de-reconstrucao\/#breadcrumb"},"inLanguage":"pt-BR","potentialAction":[{"@type":"ReadAction","target":["https:\/\/folhapopular.info\/index.php\/2023\/09\/22\/fepam-isenta-empresas-atingidas-pela-enchente-de-licenca-de-reconstrucao\/"]}]},{"@type":"ImageObject","inLanguage":"pt-BR","@id":"https:\/\/folhapopular.info\/index.php\/2023\/09\/22\/fepam-isenta-empresas-atingidas-pela-enchente-de-licenca-de-reconstrucao\/#primaryimage","url":"https:\/\/folhapopular.info\/wp-content\/uploads\/2023\/09\/22154307_2098856_GDO.jpg","contentUrl":"https:\/\/folhapopular.info\/wp-content\/uploads\/2023\/09\/22154307_2098856_GDO.jpg","width":800,"height":533,"caption":"Acompanhado pelo propriet\u00e1rio Gilmar Harth, Gabriel Souza visitou, no s\u00e1bado (16\/9), o curtume Bom Princ\u00edpio, em Mu\u00e7um \/ Cr\u00e9dito: Joel Vargas \/ Ascom GVG \/ Divulga\u00e7\u00e3o"},{"@type":"BreadcrumbList","@id":"https:\/\/folhapopular.info\/index.php\/2023\/09\/22\/fepam-isenta-empresas-atingidas-pela-enchente-de-licenca-de-reconstrucao\/#breadcrumb","itemListElement":[{"@type":"ListItem","position":1,"name":"In\u00edcio","item":"https:\/\/folhapopular.info\/"},{"@type":"ListItem","position":2,"name":"Fepam isenta empresas atingidas pela enchente de licen\u00e7a de reconstru\u00e7\u00e3o"}]},{"@type":"WebSite","@id":"https:\/\/folhapopular.info\/#website","url":"https:\/\/folhapopular.info\/","name":"Folha Popular","description":"Onde voc\u00ea tem vez e voz","potentialAction":[{"@type":"SearchAction","target":{"@type":"EntryPoint","urlTemplate":"https:\/\/folhapopular.info\/?s={search_term_string}"},"query-input":{"@type":"PropertyValueSpecification","valueRequired":true,"valueName":"search_term_string"}}],"inLanguage":"pt-BR"},{"@type":"Person","@id":"https:\/\/folhapopular.info\/#\/schema\/person\/2814e8a0df7643585a9ca38bc6eb9d4b","name":"Reda\u00e7\u00e3o Folha Popular","image":{"@type":"ImageObject","inLanguage":"pt-BR","@id":"https:\/\/folhapopular.info\/wp-content\/uploads\/2026\/04\/Folha-1.webp","url":"https:\/\/folhapopular.info\/wp-content\/uploads\/2026\/04\/Folha-1.webp","contentUrl":"https:\/\/folhapopular.info\/wp-content\/uploads\/2026\/04\/Folha-1.webp","caption":"Reda\u00e7\u00e3o Folha Popular"},"url":"https:\/\/folhapopular.info\/index.php\/author\/redacao\/"}]}},"jetpack_featured_media_url":"https:\/\/folhapopular.info\/wp-content\/uploads\/2023\/09\/22154307_2098856_GDO.jpg","jetpack_sharing_enabled":true,"amp_enabled":true,"_links":{"self":[{"href":"https:\/\/folhapopular.info\/index.php\/wp-json\/wp\/v2\/posts\/140182","targetHints":{"allow":["GET"]}}],"collection":[{"href":"https:\/\/folhapopular.info\/index.php\/wp-json\/wp\/v2\/posts"}],"about":[{"href":"https:\/\/folhapopular.info\/index.php\/wp-json\/wp\/v2\/types\/post"}],"author":[{"embeddable":true,"href":"https:\/\/folhapopular.info\/index.php\/wp-json\/wp\/v2\/users\/8"}],"replies":[{"embeddable":true,"href":"https:\/\/folhapopular.info\/index.php\/wp-json\/wp\/v2\/comments?post=140182"}],"version-history":[{"count":0,"href":"https:\/\/folhapopular.info\/index.php\/wp-json\/wp\/v2\/posts\/140182\/revisions"}],"wp:featuredmedia":[{"embeddable":true,"href":"https:\/\/folhapopular.info\/index.php\/wp-json\/wp\/v2\/media\/140183"}],"wp:attachment":[{"href":"https:\/\/folhapopular.info\/index.php\/wp-json\/wp\/v2\/media?parent=140182"}],"wp:term":[{"taxonomy":"category","embeddable":true,"href":"https:\/\/folhapopular.info\/index.php\/wp-json\/wp\/v2\/categories?post=140182"},{"taxonomy":"post_tag","embeddable":true,"href":"https:\/\/folhapopular.info\/index.php\/wp-json\/wp\/v2\/tags?post=140182"}],"curies":[{"name":"wp","href":"https:\/\/api.w.org\/{rel}","templated":true}]}}