{"id":140311,"date":"2023-09-25T13:52:26","date_gmt":"2023-09-25T16:52:26","guid":{"rendered":"https:\/\/folhapopular.info\/?p=140311"},"modified":"2023-09-25T13:52:29","modified_gmt":"2023-09-25T16:52:29","slug":"projeto-lk-sustentavel-distribui-350-mudas-de-arvores-nativas-em-acao-ambiental","status":"publish","type":"post","link":"https:\/\/folhapopular.info\/index.php\/2023\/09\/25\/projeto-lk-sustentavel-distribui-350-mudas-de-arvores-nativas-em-acao-ambiental\/","title":{"rendered":"Projeto LK Sustent\u00e1vel distribui 350 mudas de \u00e1rvores nativas em a\u00e7\u00e3o ambiental"},"content":{"rendered":"\n<p>Na quinta-feira (21\/9), o projeto LK Sustent\u00e1vel (LKS), da EMEF Leopoldo Klepker, do Bairro Alesgut em Teut\u00f4nia, mais uma vez demonstrou seu impacto positivo na conscientiza\u00e7\u00e3o ambiental e na promo\u00e7\u00e3o da sustentabilidade. O evento de destaque do dia foi a distribui\u00e7\u00e3o de 350 mudas de \u00e1rvores nativas, em uma a\u00e7\u00e3o que contou com a participa\u00e7\u00e3o ativa e engajada de estudantes da regi\u00e3o.<\/p>\n\n\n\n<p>Conforme a coordena\u00e7\u00e3o do projeto, a iniciativa, realizada em parceria com o Viveiro de Mudas da Certel, foi um sucesso not\u00e1vel com os estudantes, demonstrando um grande interesse em contribuir para o meio ambiente. As mudas doadas pelo Viveiro de Mudas da Certel foram fundamentais para o \u00eaxito da a\u00e7\u00e3o, demonstrando o poder da colabora\u00e7\u00e3o e do envolvimento coletivo.<\/p>\n\n\n\n<p>O professor Ricardo Jasper tamb\u00e9m esteve presente no evento, compartilhando seu conhecimento e experi\u00eancia na \u00e1rea ambiental. &#8220;A presen\u00e7a de um educador comprometido ressalta a import\u00e2ncia da educa\u00e7\u00e3o ambiental na forma\u00e7\u00e3o das novas gera\u00e7\u00f5es&#8221;, avalia a coordena\u00e7\u00e3o do evento.<\/p>\n\n\n\n<p>As mudas de \u00e1rvores nativas distribu\u00eddas devem ter um impacto significativo na regi\u00e3o, cumprindo v\u00e1rias fun\u00e7\u00f5es ecol\u00f3gicas essenciais, como a redu\u00e7\u00e3o do calor e o fornecimento de sombra para refrescamento. Al\u00e9m disso, elas contribuir\u00e3o para a preserva\u00e7\u00e3o das \u00e1reas pr\u00f3ximas aos rios e encostas de morros, fortalecendo ainda mais a biodiversidade local.<\/p>\n\n\n\n<p>&#8220;O sucesso dessa a\u00e7\u00e3o \u00e9 mais uma prova de que parcerias s\u00f3lidas, como as estabelecidas com a EMEF LK, Cooperales, Sicredi e as Secretarias de Meio Ambiente e Educa\u00e7\u00e3o, podem resultar em transforma\u00e7\u00f5es significativas em dire\u00e7\u00e3o a um futuro mais verde e sustent\u00e1vel. O projeto LKS continua a ser um exemplo inspirador de como a comunidade pode se unir para criar um ambiente mais saud\u00e1vel e consciente&#8221;, avalia.<\/p>\n\n\n\n<figure class=\"wp-block-gallery has-nested-images columns-default is-cropped wp-block-gallery-1 is-layout-flex wp-block-gallery-is-layout-flex\">\n<figure class=\"wp-block-image size-large\"><img loading=\"lazy\" decoding=\"async\" width=\"1024\" height=\"768\" data-id=\"140315\" src=\"https:\/\/folhapopular.info\/wp-content\/uploads\/2023\/09\/WhatsApp-Image-2023-09-25-at-10.59.05-e1695660671700-1024x768.jpeg\" alt=\"\" class=\"wp-image-140315\" srcset=\"https:\/\/folhapopular.info\/wp-content\/uploads\/2023\/09\/WhatsApp-Image-2023-09-25-at-10.59.05-e1695660671700-1024x768.jpeg 1024w, https:\/\/folhapopular.info\/wp-content\/uploads\/2023\/09\/WhatsApp-Image-2023-09-25-at-10.59.05-e1695660671700-300x225.jpeg 300w, https:\/\/folhapopular.info\/wp-content\/uploads\/2023\/09\/WhatsApp-Image-2023-09-25-at-10.59.05-e1695660671700-768x576.jpeg 768w, https:\/\/folhapopular.info\/wp-content\/uploads\/2023\/09\/WhatsApp-Image-2023-09-25-at-10.59.05-e1695660671700-696x522.jpeg 696w, https:\/\/folhapopular.info\/wp-content\/uploads\/2023\/09\/WhatsApp-Image-2023-09-25-at-10.59.05-e1695660671700-1068x801.jpeg 1068w, https:\/\/folhapopular.info\/wp-content\/uploads\/2023\/09\/WhatsApp-Image-2023-09-25-at-10.59.05-e1695660671700.jpeg 1200w\" sizes=\"auto, (max-width: 1024px) 100vw, 1024px\" \/><\/figure>\n\n\n\n<figure class=\"wp-block-image size-large\"><img loading=\"lazy\" decoding=\"async\" width=\"1024\" height=\"768\" data-id=\"140314\" src=\"https:\/\/folhapopular.info\/wp-content\/uploads\/2023\/09\/WhatsApp-Image-2023-09-25-at-10.57.49-e1695660682569-1024x768.jpeg\" alt=\"\" class=\"wp-image-140314\" srcset=\"https:\/\/folhapopular.info\/wp-content\/uploads\/2023\/09\/WhatsApp-Image-2023-09-25-at-10.57.49-e1695660682569-1024x768.jpeg 1024w, https:\/\/folhapopular.info\/wp-content\/uploads\/2023\/09\/WhatsApp-Image-2023-09-25-at-10.57.49-e1695660682569-300x225.jpeg 300w, https:\/\/folhapopular.info\/wp-content\/uploads\/2023\/09\/WhatsApp-Image-2023-09-25-at-10.57.49-e1695660682569-768x576.jpeg 768w, https:\/\/folhapopular.info\/wp-content\/uploads\/2023\/09\/WhatsApp-Image-2023-09-25-at-10.57.49-e1695660682569-696x522.jpeg 696w, https:\/\/folhapopular.info\/wp-content\/uploads\/2023\/09\/WhatsApp-Image-2023-09-25-at-10.57.49-e1695660682569-1068x801.jpeg 1068w, https:\/\/folhapopular.info\/wp-content\/uploads\/2023\/09\/WhatsApp-Image-2023-09-25-at-10.57.49-e1695660682569.jpeg 1200w\" sizes=\"auto, (max-width: 1024px) 100vw, 1024px\" \/><\/figure>\n\n\n\n<figure class=\"wp-block-image size-large\"><img loading=\"lazy\" decoding=\"async\" width=\"1024\" height=\"768\" data-id=\"140313\" src=\"https:\/\/folhapopular.info\/wp-content\/uploads\/2023\/09\/WhatsApp-Image-2023-09-25-at-10.57.21-e1695660693313-1024x768.jpeg\" alt=\"\" class=\"wp-image-140313\" srcset=\"https:\/\/folhapopular.info\/wp-content\/uploads\/2023\/09\/WhatsApp-Image-2023-09-25-at-10.57.21-e1695660693313-1024x768.jpeg 1024w, https:\/\/folhapopular.info\/wp-content\/uploads\/2023\/09\/WhatsApp-Image-2023-09-25-at-10.57.21-e1695660693313-300x225.jpeg 300w, https:\/\/folhapopular.info\/wp-content\/uploads\/2023\/09\/WhatsApp-Image-2023-09-25-at-10.57.21-e1695660693313-768x576.jpeg 768w, https:\/\/folhapopular.info\/wp-content\/uploads\/2023\/09\/WhatsApp-Image-2023-09-25-at-10.57.21-e1695660693313-696x522.jpeg 696w, https:\/\/folhapopular.info\/wp-content\/uploads\/2023\/09\/WhatsApp-Image-2023-09-25-at-10.57.21-e1695660693313-1068x801.jpeg 1068w, https:\/\/folhapopular.info\/wp-content\/uploads\/2023\/09\/WhatsApp-Image-2023-09-25-at-10.57.21-e1695660693313.jpeg 1200w\" sizes=\"auto, (max-width: 1024px) 100vw, 1024px\" \/><\/figure>\n<\/figure>\n","protected":false},"excerpt":{"rendered":"<p>Na quinta-feira (21\/9), o projeto LK Sustent\u00e1vel (LKS), da EMEF Leopoldo Klepker, do Bairro Alesgut em Teut\u00f4nia, mais uma vez demonstrou seu impacto positivo na conscientiza\u00e7\u00e3o ambiental e na promo\u00e7\u00e3o da sustentabilidade. O evento de destaque do dia foi a distribui\u00e7\u00e3o de 350 mudas de \u00e1rvores nativas, em uma a\u00e7\u00e3o que contou com a participa\u00e7\u00e3o [&hellip;]<\/p>\n","protected":false},"author":8,"featured_media":140316,"comment_status":"open","ping_status":"open","sticky":false,"template":"","format":"standard","meta":{"pmpro_default_level":"","_jetpack_memberships_contains_paid_content":false,"footnotes":""},"categories":[2,3,11025],"tags":[],"class_list":{"0":"post-140311","1":"post","2":"type-post","3":"status-publish","4":"format-standard","5":"has-post-thumbnail","7":"category-featured","8":"category-geral","9":"category-meio-ambiente","10":"pmpro-has-access"},"yoast_head":"<!-- This site is optimized with the Yoast SEO plugin v27.4 - https:\/\/yoast.com\/product\/yoast-seo-wordpress\/ -->\n<title>Projeto LK Sustent\u00e1vel distribui 350 mudas de \u00e1rvores nativas em a\u00e7\u00e3o ambiental - Folha Popular<\/title>\n<meta name=\"robots\" content=\"index, follow, max-snippet:-1, max-image-preview:large, max-video-preview:-1\" \/>\n<link rel=\"canonical\" href=\"https:\/\/folhapopular.info\/index.php\/2023\/09\/25\/projeto-lk-sustentavel-distribui-350-mudas-de-arvores-nativas-em-acao-ambiental\/\" \/>\n<meta property=\"og:locale\" content=\"pt_BR\" \/>\n<meta property=\"og:type\" content=\"article\" \/>\n<meta property=\"og:title\" content=\"Projeto LK Sustent\u00e1vel distribui 350 mudas de \u00e1rvores nativas em a\u00e7\u00e3o ambiental - Folha Popular\" \/>\n<meta property=\"og:description\" content=\"Na quinta-feira (21\/9), o projeto LK Sustent\u00e1vel (LKS), da EMEF Leopoldo Klepker, do Bairro Alesgut em Teut\u00f4nia, mais uma vez demonstrou seu impacto positivo na conscientiza\u00e7\u00e3o ambiental e na promo\u00e7\u00e3o da sustentabilidade. O evento de destaque do dia foi a distribui\u00e7\u00e3o de 350 mudas de \u00e1rvores nativas, em uma a\u00e7\u00e3o que contou com a participa\u00e7\u00e3o [&hellip;]\" \/>\n<meta property=\"og:url\" content=\"https:\/\/folhapopular.info\/index.php\/2023\/09\/25\/projeto-lk-sustentavel-distribui-350-mudas-de-arvores-nativas-em-acao-ambiental\/\" \/>\n<meta property=\"og:site_name\" content=\"Folha Popular\" \/>\n<meta property=\"article:published_time\" content=\"2023-09-25T16:52:26+00:00\" \/>\n<meta property=\"article:modified_time\" content=\"2023-09-25T16:52:29+00:00\" \/>\n<meta property=\"og:image\" content=\"http:\/\/folhapopular.info\/wp-content\/uploads\/2023\/09\/WhatsApp-Image-2023-09-25-at-10.58.15-e1695660660644.jpeg\" \/>\n\t<meta property=\"og:image:width\" content=\"1200\" \/>\n\t<meta property=\"og:image:height\" content=\"900\" \/>\n\t<meta property=\"og:image:type\" content=\"image\/jpeg\" \/>\n<meta name=\"author\" content=\"Reda\u00e7\u00e3o Folha Popular\" \/>\n<meta name=\"twitter:card\" content=\"summary_large_image\" \/>\n<meta name=\"twitter:label1\" content=\"Escrito por\" \/>\n\t<meta name=\"twitter:data1\" content=\"Reda\u00e7\u00e3o Folha Popular\" \/>\n\t<meta name=\"twitter:label2\" content=\"Est. tempo de leitura\" \/>\n\t<meta name=\"twitter:data2\" content=\"3 minutos\" \/>\n<script type=\"application\/ld+json\" class=\"yoast-schema-graph\">{\"@context\":\"https:\\\/\\\/schema.org\",\"@graph\":[{\"@type\":\"Article\",\"@id\":\"https:\\\/\\\/folhapopular.info\\\/index.php\\\/2023\\\/09\\\/25\\\/projeto-lk-sustentavel-distribui-350-mudas-de-arvores-nativas-em-acao-ambiental\\\/#article\",\"isPartOf\":{\"@id\":\"https:\\\/\\\/folhapopular.info\\\/index.php\\\/2023\\\/09\\\/25\\\/projeto-lk-sustentavel-distribui-350-mudas-de-arvores-nativas-em-acao-ambiental\\\/\"},\"author\":{\"name\":\"Reda\u00e7\u00e3o Folha Popular\",\"@id\":\"https:\\\/\\\/folhapopular.info\\\/#\\\/schema\\\/person\\\/2814e8a0df7643585a9ca38bc6eb9d4b\"},\"headline\":\"Projeto LK Sustent\u00e1vel distribui 350 mudas de \u00e1rvores nativas em a\u00e7\u00e3o ambiental\",\"datePublished\":\"2023-09-25T16:52:26+00:00\",\"dateModified\":\"2023-09-25T16:52:29+00:00\",\"mainEntityOfPage\":{\"@id\":\"https:\\\/\\\/folhapopular.info\\\/index.php\\\/2023\\\/09\\\/25\\\/projeto-lk-sustentavel-distribui-350-mudas-de-arvores-nativas-em-acao-ambiental\\\/\"},\"wordCount\":327,\"commentCount\":0,\"image\":{\"@id\":\"https:\\\/\\\/folhapopular.info\\\/index.php\\\/2023\\\/09\\\/25\\\/projeto-lk-sustentavel-distribui-350-mudas-de-arvores-nativas-em-acao-ambiental\\\/#primaryimage\"},\"thumbnailUrl\":\"https:\\\/\\\/folhapopular.info\\\/wp-content\\\/uploads\\\/2023\\\/09\\\/WhatsApp-Image-2023-09-25-at-10.58.15-e1695660660644.jpeg\",\"articleSection\":[\"Destaques\",\"Geral\",\"Meio Ambiente\"],\"inLanguage\":\"pt-BR\",\"potentialAction\":[{\"@type\":\"CommentAction\",\"name\":\"Comment\",\"target\":[\"https:\\\/\\\/folhapopular.info\\\/index.php\\\/2023\\\/09\\\/25\\\/projeto-lk-sustentavel-distribui-350-mudas-de-arvores-nativas-em-acao-ambiental\\\/#respond\"]}]},{\"@type\":\"WebPage\",\"@id\":\"https:\\\/\\\/folhapopular.info\\\/index.php\\\/2023\\\/09\\\/25\\\/projeto-lk-sustentavel-distribui-350-mudas-de-arvores-nativas-em-acao-ambiental\\\/\",\"url\":\"https:\\\/\\\/folhapopular.info\\\/index.php\\\/2023\\\/09\\\/25\\\/projeto-lk-sustentavel-distribui-350-mudas-de-arvores-nativas-em-acao-ambiental\\\/\",\"name\":\"Projeto LK Sustent\u00e1vel distribui 350 mudas de \u00e1rvores nativas em a\u00e7\u00e3o ambiental - Folha Popular\",\"isPartOf\":{\"@id\":\"https:\\\/\\\/folhapopular.info\\\/#website\"},\"primaryImageOfPage\":{\"@id\":\"https:\\\/\\\/folhapopular.info\\\/index.php\\\/2023\\\/09\\\/25\\\/projeto-lk-sustentavel-distribui-350-mudas-de-arvores-nativas-em-acao-ambiental\\\/#primaryimage\"},\"image\":{\"@id\":\"https:\\\/\\\/folhapopular.info\\\/index.php\\\/2023\\\/09\\\/25\\\/projeto-lk-sustentavel-distribui-350-mudas-de-arvores-nativas-em-acao-ambiental\\\/#primaryimage\"},\"thumbnailUrl\":\"https:\\\/\\\/folhapopular.info\\\/wp-content\\\/uploads\\\/2023\\\/09\\\/WhatsApp-Image-2023-09-25-at-10.58.15-e1695660660644.jpeg\",\"datePublished\":\"2023-09-25T16:52:26+00:00\",\"dateModified\":\"2023-09-25T16:52:29+00:00\",\"author\":{\"@id\":\"https:\\\/\\\/folhapopular.info\\\/#\\\/schema\\\/person\\\/2814e8a0df7643585a9ca38bc6eb9d4b\"},\"breadcrumb\":{\"@id\":\"https:\\\/\\\/folhapopular.info\\\/index.php\\\/2023\\\/09\\\/25\\\/projeto-lk-sustentavel-distribui-350-mudas-de-arvores-nativas-em-acao-ambiental\\\/#breadcrumb\"},\"inLanguage\":\"pt-BR\",\"potentialAction\":[{\"@type\":\"ReadAction\",\"target\":[\"https:\\\/\\\/folhapopular.info\\\/index.php\\\/2023\\\/09\\\/25\\\/projeto-lk-sustentavel-distribui-350-mudas-de-arvores-nativas-em-acao-ambiental\\\/\"]}]},{\"@type\":\"ImageObject\",\"inLanguage\":\"pt-BR\",\"@id\":\"https:\\\/\\\/folhapopular.info\\\/index.php\\\/2023\\\/09\\\/25\\\/projeto-lk-sustentavel-distribui-350-mudas-de-arvores-nativas-em-acao-ambiental\\\/#primaryimage\",\"url\":\"https:\\\/\\\/folhapopular.info\\\/wp-content\\\/uploads\\\/2023\\\/09\\\/WhatsApp-Image-2023-09-25-at-10.58.15-e1695660660644.jpeg\",\"contentUrl\":\"https:\\\/\\\/folhapopular.info\\\/wp-content\\\/uploads\\\/2023\\\/09\\\/WhatsApp-Image-2023-09-25-at-10.58.15-e1695660660644.jpeg\",\"width\":1200,\"height\":900},{\"@type\":\"BreadcrumbList\",\"@id\":\"https:\\\/\\\/folhapopular.info\\\/index.php\\\/2023\\\/09\\\/25\\\/projeto-lk-sustentavel-distribui-350-mudas-de-arvores-nativas-em-acao-ambiental\\\/#breadcrumb\",\"itemListElement\":[{\"@type\":\"ListItem\",\"position\":1,\"name\":\"In\u00edcio\",\"item\":\"https:\\\/\\\/folhapopular.info\\\/\"},{\"@type\":\"ListItem\",\"position\":2,\"name\":\"Projeto LK Sustent\u00e1vel distribui 350 mudas de \u00e1rvores nativas em a\u00e7\u00e3o ambiental\"}]},{\"@type\":\"WebSite\",\"@id\":\"https:\\\/\\\/folhapopular.info\\\/#website\",\"url\":\"https:\\\/\\\/folhapopular.info\\\/\",\"name\":\"Folha Popular\",\"description\":\"Onde voc\u00ea tem vez e voz\",\"potentialAction\":[{\"@type\":\"SearchAction\",\"target\":{\"@type\":\"EntryPoint\",\"urlTemplate\":\"https:\\\/\\\/folhapopular.info\\\/?s={search_term_string}\"},\"query-input\":{\"@type\":\"PropertyValueSpecification\",\"valueRequired\":true,\"valueName\":\"search_term_string\"}}],\"inLanguage\":\"pt-BR\"},{\"@type\":\"Person\",\"@id\":\"https:\\\/\\\/folhapopular.info\\\/#\\\/schema\\\/person\\\/2814e8a0df7643585a9ca38bc6eb9d4b\",\"name\":\"Reda\u00e7\u00e3o Folha Popular\",\"image\":{\"@type\":\"ImageObject\",\"inLanguage\":\"pt-BR\",\"@id\":\"https:\\\/\\\/folhapopular.info\\\/wp-content\\\/uploads\\\/2026\\\/04\\\/Folha-1.webp\",\"url\":\"https:\\\/\\\/folhapopular.info\\\/wp-content\\\/uploads\\\/2026\\\/04\\\/Folha-1.webp\",\"contentUrl\":\"https:\\\/\\\/folhapopular.info\\\/wp-content\\\/uploads\\\/2026\\\/04\\\/Folha-1.webp\",\"caption\":\"Reda\u00e7\u00e3o Folha Popular\"},\"url\":\"https:\\\/\\\/folhapopular.info\\\/index.php\\\/author\\\/redacao\\\/\"}]}<\/script>\n<!-- \/ Yoast SEO plugin. -->","yoast_head_json":{"title":"Projeto LK Sustent\u00e1vel distribui 350 mudas de \u00e1rvores nativas em a\u00e7\u00e3o ambiental - Folha Popular","robots":{"index":"index","follow":"follow","max-snippet":"max-snippet:-1","max-image-preview":"max-image-preview:large","max-video-preview":"max-video-preview:-1"},"canonical":"https:\/\/folhapopular.info\/index.php\/2023\/09\/25\/projeto-lk-sustentavel-distribui-350-mudas-de-arvores-nativas-em-acao-ambiental\/","og_locale":"pt_BR","og_type":"article","og_title":"Projeto LK Sustent\u00e1vel distribui 350 mudas de \u00e1rvores nativas em a\u00e7\u00e3o ambiental - Folha Popular","og_description":"Na quinta-feira (21\/9), o projeto LK Sustent\u00e1vel (LKS), da EMEF Leopoldo Klepker, do Bairro Alesgut em Teut\u00f4nia, mais uma vez demonstrou seu impacto positivo na conscientiza\u00e7\u00e3o ambiental e na promo\u00e7\u00e3o da sustentabilidade. O evento de destaque do dia foi a distribui\u00e7\u00e3o de 350 mudas de \u00e1rvores nativas, em uma a\u00e7\u00e3o que contou com a participa\u00e7\u00e3o [&hellip;]","og_url":"https:\/\/folhapopular.info\/index.php\/2023\/09\/25\/projeto-lk-sustentavel-distribui-350-mudas-de-arvores-nativas-em-acao-ambiental\/","og_site_name":"Folha Popular","article_published_time":"2023-09-25T16:52:26+00:00","article_modified_time":"2023-09-25T16:52:29+00:00","og_image":[{"width":1200,"height":900,"url":"http:\/\/folhapopular.info\/wp-content\/uploads\/2023\/09\/WhatsApp-Image-2023-09-25-at-10.58.15-e1695660660644.jpeg","type":"image\/jpeg"}],"author":"Reda\u00e7\u00e3o Folha Popular","twitter_card":"summary_large_image","twitter_misc":{"Escrito por":"Reda\u00e7\u00e3o Folha Popular","Est. tempo de leitura":"3 minutos"},"schema":{"@context":"https:\/\/schema.org","@graph":[{"@type":"Article","@id":"https:\/\/folhapopular.info\/index.php\/2023\/09\/25\/projeto-lk-sustentavel-distribui-350-mudas-de-arvores-nativas-em-acao-ambiental\/#article","isPartOf":{"@id":"https:\/\/folhapopular.info\/index.php\/2023\/09\/25\/projeto-lk-sustentavel-distribui-350-mudas-de-arvores-nativas-em-acao-ambiental\/"},"author":{"name":"Reda\u00e7\u00e3o Folha Popular","@id":"https:\/\/folhapopular.info\/#\/schema\/person\/2814e8a0df7643585a9ca38bc6eb9d4b"},"headline":"Projeto LK Sustent\u00e1vel distribui 350 mudas de \u00e1rvores nativas em a\u00e7\u00e3o ambiental","datePublished":"2023-09-25T16:52:26+00:00","dateModified":"2023-09-25T16:52:29+00:00","mainEntityOfPage":{"@id":"https:\/\/folhapopular.info\/index.php\/2023\/09\/25\/projeto-lk-sustentavel-distribui-350-mudas-de-arvores-nativas-em-acao-ambiental\/"},"wordCount":327,"commentCount":0,"image":{"@id":"https:\/\/folhapopular.info\/index.php\/2023\/09\/25\/projeto-lk-sustentavel-distribui-350-mudas-de-arvores-nativas-em-acao-ambiental\/#primaryimage"},"thumbnailUrl":"https:\/\/folhapopular.info\/wp-content\/uploads\/2023\/09\/WhatsApp-Image-2023-09-25-at-10.58.15-e1695660660644.jpeg","articleSection":["Destaques","Geral","Meio Ambiente"],"inLanguage":"pt-BR","potentialAction":[{"@type":"CommentAction","name":"Comment","target":["https:\/\/folhapopular.info\/index.php\/2023\/09\/25\/projeto-lk-sustentavel-distribui-350-mudas-de-arvores-nativas-em-acao-ambiental\/#respond"]}]},{"@type":"WebPage","@id":"https:\/\/folhapopular.info\/index.php\/2023\/09\/25\/projeto-lk-sustentavel-distribui-350-mudas-de-arvores-nativas-em-acao-ambiental\/","url":"https:\/\/folhapopular.info\/index.php\/2023\/09\/25\/projeto-lk-sustentavel-distribui-350-mudas-de-arvores-nativas-em-acao-ambiental\/","name":"Projeto LK Sustent\u00e1vel distribui 350 mudas de \u00e1rvores nativas em a\u00e7\u00e3o ambiental - Folha Popular","isPartOf":{"@id":"https:\/\/folhapopular.info\/#website"},"primaryImageOfPage":{"@id":"https:\/\/folhapopular.info\/index.php\/2023\/09\/25\/projeto-lk-sustentavel-distribui-350-mudas-de-arvores-nativas-em-acao-ambiental\/#primaryimage"},"image":{"@id":"https:\/\/folhapopular.info\/index.php\/2023\/09\/25\/projeto-lk-sustentavel-distribui-350-mudas-de-arvores-nativas-em-acao-ambiental\/#primaryimage"},"thumbnailUrl":"https:\/\/folhapopular.info\/wp-content\/uploads\/2023\/09\/WhatsApp-Image-2023-09-25-at-10.58.15-e1695660660644.jpeg","datePublished":"2023-09-25T16:52:26+00:00","dateModified":"2023-09-25T16:52:29+00:00","author":{"@id":"https:\/\/folhapopular.info\/#\/schema\/person\/2814e8a0df7643585a9ca38bc6eb9d4b"},"breadcrumb":{"@id":"https:\/\/folhapopular.info\/index.php\/2023\/09\/25\/projeto-lk-sustentavel-distribui-350-mudas-de-arvores-nativas-em-acao-ambiental\/#breadcrumb"},"inLanguage":"pt-BR","potentialAction":[{"@type":"ReadAction","target":["https:\/\/folhapopular.info\/index.php\/2023\/09\/25\/projeto-lk-sustentavel-distribui-350-mudas-de-arvores-nativas-em-acao-ambiental\/"]}]},{"@type":"ImageObject","inLanguage":"pt-BR","@id":"https:\/\/folhapopular.info\/index.php\/2023\/09\/25\/projeto-lk-sustentavel-distribui-350-mudas-de-arvores-nativas-em-acao-ambiental\/#primaryimage","url":"https:\/\/folhapopular.info\/wp-content\/uploads\/2023\/09\/WhatsApp-Image-2023-09-25-at-10.58.15-e1695660660644.jpeg","contentUrl":"https:\/\/folhapopular.info\/wp-content\/uploads\/2023\/09\/WhatsApp-Image-2023-09-25-at-10.58.15-e1695660660644.jpeg","width":1200,"height":900},{"@type":"BreadcrumbList","@id":"https:\/\/folhapopular.info\/index.php\/2023\/09\/25\/projeto-lk-sustentavel-distribui-350-mudas-de-arvores-nativas-em-acao-ambiental\/#breadcrumb","itemListElement":[{"@type":"ListItem","position":1,"name":"In\u00edcio","item":"https:\/\/folhapopular.info\/"},{"@type":"ListItem","position":2,"name":"Projeto LK Sustent\u00e1vel distribui 350 mudas de \u00e1rvores nativas em a\u00e7\u00e3o ambiental"}]},{"@type":"WebSite","@id":"https:\/\/folhapopular.info\/#website","url":"https:\/\/folhapopular.info\/","name":"Folha Popular","description":"Onde voc\u00ea tem vez e voz","potentialAction":[{"@type":"SearchAction","target":{"@type":"EntryPoint","urlTemplate":"https:\/\/folhapopular.info\/?s={search_term_string}"},"query-input":{"@type":"PropertyValueSpecification","valueRequired":true,"valueName":"search_term_string"}}],"inLanguage":"pt-BR"},{"@type":"Person","@id":"https:\/\/folhapopular.info\/#\/schema\/person\/2814e8a0df7643585a9ca38bc6eb9d4b","name":"Reda\u00e7\u00e3o Folha Popular","image":{"@type":"ImageObject","inLanguage":"pt-BR","@id":"https:\/\/folhapopular.info\/wp-content\/uploads\/2026\/04\/Folha-1.webp","url":"https:\/\/folhapopular.info\/wp-content\/uploads\/2026\/04\/Folha-1.webp","contentUrl":"https:\/\/folhapopular.info\/wp-content\/uploads\/2026\/04\/Folha-1.webp","caption":"Reda\u00e7\u00e3o Folha Popular"},"url":"https:\/\/folhapopular.info\/index.php\/author\/redacao\/"}]}},"jetpack_featured_media_url":"https:\/\/folhapopular.info\/wp-content\/uploads\/2023\/09\/WhatsApp-Image-2023-09-25-at-10.58.15-e1695660660644.jpeg","jetpack_sharing_enabled":true,"amp_enabled":true,"_links":{"self":[{"href":"https:\/\/folhapopular.info\/index.php\/wp-json\/wp\/v2\/posts\/140311","targetHints":{"allow":["GET"]}}],"collection":[{"href":"https:\/\/folhapopular.info\/index.php\/wp-json\/wp\/v2\/posts"}],"about":[{"href":"https:\/\/folhapopular.info\/index.php\/wp-json\/wp\/v2\/types\/post"}],"author":[{"embeddable":true,"href":"https:\/\/folhapopular.info\/index.php\/wp-json\/wp\/v2\/users\/8"}],"replies":[{"embeddable":true,"href":"https:\/\/folhapopular.info\/index.php\/wp-json\/wp\/v2\/comments?post=140311"}],"version-history":[{"count":0,"href":"https:\/\/folhapopular.info\/index.php\/wp-json\/wp\/v2\/posts\/140311\/revisions"}],"wp:featuredmedia":[{"embeddable":true,"href":"https:\/\/folhapopular.info\/index.php\/wp-json\/wp\/v2\/media\/140316"}],"wp:attachment":[{"href":"https:\/\/folhapopular.info\/index.php\/wp-json\/wp\/v2\/media?parent=140311"}],"wp:term":[{"taxonomy":"category","embeddable":true,"href":"https:\/\/folhapopular.info\/index.php\/wp-json\/wp\/v2\/categories?post=140311"},{"taxonomy":"post_tag","embeddable":true,"href":"https:\/\/folhapopular.info\/index.php\/wp-json\/wp\/v2\/tags?post=140311"}],"curies":[{"name":"wp","href":"https:\/\/api.w.org\/{rel}","templated":true}]}}