{"id":140710,"date":"2023-09-28T15:37:13","date_gmt":"2023-09-28T18:37:13","guid":{"rendered":"https:\/\/folhapopular.info\/?p=140710"},"modified":"2023-09-28T15:37:17","modified_gmt":"2023-09-28T18:37:17","slug":"diagnostico-aponta-perdas-de-quase-r-500-milhoes-no-setor-empresarial-em-decorrencia-da-enchente","status":"publish","type":"post","link":"https:\/\/folhapopular.info\/index.php\/2023\/09\/28\/diagnostico-aponta-perdas-de-quase-r-500-milhoes-no-setor-empresarial-em-decorrencia-da-enchente\/","title":{"rendered":"Diagn\u00f3stico aponta perdas de quase R$ 500 milh\u00f5es no setor empresarial em decorr\u00eancia da enchente"},"content":{"rendered":"\n<p>Foi conclu\u00eddo o diagn\u00f3stico do levantamento com 1.301 empresas distribu\u00eddas em onze munic\u00edpios do Vale do Taquari, atingidas pela enchente. O levantamento ocorreu de 18 a 22 de setembro, <em>in loco<\/em>, mas o fechamento contemplou os empreendedores que preencheram o question\u00e1rio de forma on-line at\u00e9 26 de setembro. O resultado mostrou que 93% delas foram afetadas diretamente pelas enchentes causadas pelo ciclone extratropical que atingiu o Rio Grande do Sul em setembro. <\/p>\n\n\n\n<p>Os setores mais atingidos foram o do com\u00e9rcio (43%) e o de servi\u00e7os (43%), seguidos pelo da ind\u00fastria (14%). Destas empresas, 35% s\u00e3o de microempres\u00e1rios individuais (MEI) e 59% microempresas ou empresas de pequeno porte (ME e EPP) e 6% demais portes. <\/p>\n\n\n\n<p>O trabalho foi realizado pelo Gabinete Itinerante da Secretaria de Desenvolvimento Econ\u00f4mico (Sedec), formado pela Junta Comercial do RS (JucisRS), vinculada \u00e0 Sedec, e pelo Servi\u00e7o Brasileiro de Apoio \u00e0s Micro e Pequenas Empresas do RS (Sebrae\/RS).<\/p>\n\n\n\n<p>A coleta de dados iniciou com o Gabinete Itinerante, coordenado pela Sedec. O diretor-geral Leandro Evaldt e o diretor-geral adjunto Roger Pozzi lideraram os trabalhos em conjunto com a JucisRS e o Sebrae RS, al\u00e9m de contar com o apoio das associa\u00e7\u00f5es comerciais e industriais dos munic\u00edpios afetados, pela CIC do Vale do Taquari e prefeituras. Participou tamb\u00e9m a Secretaria do Trabalho e Desenvolvimento Profissional.\u00a0<\/p>\n\n\n\n<p>Os munic\u00edpios que receberam a pesquisa foram: Arroio do Meio, Bom Retiro Do Sul, Colinas, Cruzeiro do Sul, Encantado, Estrela, Lajeado, Mu\u00e7um, Roca Sales, Taquari e Ven\u00e2ncio Aires. Dados mostram que as estimativas de perdas das empresas ficam em sua maioria em at\u00e9 50% (41%), mas 23% delas tiveram perda total de seus maquin\u00e1rios e estoques. Calcula-se que o valor perdido entre as companhias que responderam \u00e0 pesquisa supere os R$ 420 milh\u00f5es, sendo os preju\u00edzos mais expressivos no setor da ind\u00fastria.<\/p>\n\n\n\n<p>Um fato que chama a aten\u00e7\u00e3o \u00e9 que das empresas que responderam \u00e0 pesquisa, 75% n\u00e3o possu\u00edam nenhum tipo de seguro e 86% delas n\u00e3o s\u00e3o adeptas do Juro Zero, programa do governo do Estado que, por meio da Sedec e dos bancos vinculados, subsidia juros de financiamentos para investimentos. Outra situa\u00e7\u00e3o que preocupa \u00e9 que somente 32% delas j\u00e1 retomaram as atividades, enquanto 16% n\u00e3o t\u00eam previs\u00e3o de quando isso ocorrer\u00e1.<\/p>\n\n\n\n<p>A partir deste levantamento, a Sedec se reunir\u00e1 com os bancos para buscar solu\u00e7\u00f5es financeiras para auxiliar as empresas. \u201cVamos fazer a media\u00e7\u00e3o com os bancos vinculados \u00e0 Sedec. \u00c9 um processo trabalhoso, mas com o apoio do governo do Estado, fazendo todo o poss\u00edvel para recuperar essas empresas de maneira mais c\u00e9lere\u201d, ressaltou o secret\u00e1rio de Desenvolvimento Econ\u00f4mico, Ernani Polo.<\/p>\n\n\n\n<p>Al\u00e9m de contribuir com o levantamento, o Sebrae RS mobilizou sua estrutura operacional desde a primeira semana do m\u00eas de setembro  colocando seus canais de relacionamento \u00e0 disposi\u00e7\u00e3o da popula\u00e7\u00e3o. O telefone 0800 570 0800 e o WhatsApp (51) 3216.5000 permanecem em funcionamento para o atendimento de todos que buscam aux\u00edlio e orienta\u00e7\u00e3o.<\/p>\n\n\n\n<p>\u201cTanto do ponto de vista social quanto econ\u00f4mico, a retomada da normalidade da nossa regi\u00e3o se dar\u00e1 de forma gradual. Em um primeiro momento, cuidando das pessoas diretamente impactadas. E, a partir de agora, fomentando pol\u00edticas e a\u00e7\u00f5es que permitam que o trabalho, o emprego e a renda possam voltar aos patamares normais. Faremos isso em sinergia com os parceiros e entidades que comp\u00f5em o nosso ecossistema empreendedor. E, principalmente, com a comunidade que t\u00e3o bem nos acolhe\u201d, destaca a gerente regional do Sebrae RS, Liane Klein.<\/p>\n\n\n\n<p>J\u00e1 o presidente da C\u00e2mara da Ind\u00fastria, Com\u00e9rcio e Servi\u00e7os do Vale do Taquari, Ivandro Carlos Rosa, salientou que a pesquisa \u00e9 de grande valia porque apresenta um diagn\u00f3stico, um invent\u00e1rio muito claro e detalhado das perdas e das necessidades das empresas. &#8220;Com isso, o governo vai poder analisar onde deve ser feita a prioriza\u00e7\u00e3o das a\u00e7\u00f5es e das linhas de cr\u00e9dito para atendimento \u00e0s demandas. Seguimos com esse mesmo prop\u00f3sito, de buscar formas de atender \u00e0s diversas demandas, em fun\u00e7\u00e3o do n\u00famero expressivo de empresas afetadas de todos os portes&#8221;.<\/p>\n","protected":false},"excerpt":{"rendered":"<p>Foi conclu\u00eddo o diagn\u00f3stico do levantamento com 1.301 empresas distribu\u00eddas em onze munic\u00edpios do Vale do Taquari, atingidas pela enchente. O levantamento ocorreu de 18 a 22 de setembro, in loco, mas o fechamento contemplou os empreendedores que preencheram o question\u00e1rio de forma on-line at\u00e9 26 de setembro. O resultado mostrou que 93% delas foram [&hellip;]<\/p>\n","protected":false},"author":8,"featured_media":140711,"comment_status":"open","ping_status":"open","sticky":false,"template":"","format":"standard","meta":{"pmpro_default_level":"","_jetpack_memberships_contains_paid_content":false,"footnotes":""},"categories":[2,10991],"tags":[],"class_list":{"0":"post-140710","1":"post","2":"type-post","3":"status-publish","4":"format-standard","5":"has-post-thumbnail","7":"category-featured","8":"category-economia","9":"pmpro-has-access"},"yoast_head":"<!-- This site is optimized with the Yoast SEO plugin v27.5 - https:\/\/yoast.com\/product\/yoast-seo-wordpress\/ -->\n<title>Diagn\u00f3stico aponta perdas de quase R$ 500 milh\u00f5es no setor empresarial em decorr\u00eancia da enchente - Folha Popular<\/title>\n<meta name=\"robots\" content=\"index, follow, max-snippet:-1, max-image-preview:large, max-video-preview:-1\" \/>\n<link rel=\"canonical\" href=\"https:\/\/folhapopular.info\/index.php\/2023\/09\/28\/diagnostico-aponta-perdas-de-quase-r-500-milhoes-no-setor-empresarial-em-decorrencia-da-enchente\/\" \/>\n<meta property=\"og:locale\" content=\"pt_BR\" \/>\n<meta property=\"og:type\" content=\"article\" \/>\n<meta property=\"og:title\" content=\"Diagn\u00f3stico aponta perdas de quase R$ 500 milh\u00f5es no setor empresarial em decorr\u00eancia da enchente - Folha Popular\" \/>\n<meta property=\"og:description\" content=\"Foi conclu\u00eddo o diagn\u00f3stico do levantamento com 1.301 empresas distribu\u00eddas em onze munic\u00edpios do Vale do Taquari, atingidas pela enchente. O levantamento ocorreu de 18 a 22 de setembro, in loco, mas o fechamento contemplou os empreendedores que preencheram o question\u00e1rio de forma on-line at\u00e9 26 de setembro. O resultado mostrou que 93% delas foram [&hellip;]\" \/>\n<meta property=\"og:url\" content=\"https:\/\/folhapopular.info\/index.php\/2023\/09\/28\/diagnostico-aponta-perdas-de-quase-r-500-milhoes-no-setor-empresarial-em-decorrencia-da-enchente\/\" \/>\n<meta property=\"og:site_name\" content=\"Folha Popular\" \/>\n<meta property=\"article:published_time\" content=\"2023-09-28T18:37:13+00:00\" \/>\n<meta property=\"article:modified_time\" content=\"2023-09-28T18:37:17+00:00\" \/>\n<meta property=\"og:image\" content=\"http:\/\/folhapopular.info\/wp-content\/uploads\/2023\/09\/ASCOM-SEDEC.png\" \/>\n\t<meta property=\"og:image:width\" content=\"807\" \/>\n\t<meta property=\"og:image:height\" content=\"451\" \/>\n\t<meta property=\"og:image:type\" content=\"image\/png\" \/>\n<meta name=\"author\" content=\"Reda\u00e7\u00e3o Folha Popular\" \/>\n<meta name=\"twitter:card\" content=\"summary_large_image\" \/>\n<meta name=\"twitter:label1\" content=\"Escrito por\" \/>\n\t<meta name=\"twitter:data1\" content=\"Reda\u00e7\u00e3o Folha Popular\" \/>\n\t<meta name=\"twitter:label2\" content=\"Est. tempo de leitura\" \/>\n\t<meta name=\"twitter:data2\" content=\"4 minutos\" \/>\n<script type=\"application\/ld+json\" class=\"yoast-schema-graph\">{\"@context\":\"https:\\\/\\\/schema.org\",\"@graph\":[{\"@type\":\"Article\",\"@id\":\"https:\\\/\\\/folhapopular.info\\\/index.php\\\/2023\\\/09\\\/28\\\/diagnostico-aponta-perdas-de-quase-r-500-milhoes-no-setor-empresarial-em-decorrencia-da-enchente\\\/#article\",\"isPartOf\":{\"@id\":\"https:\\\/\\\/folhapopular.info\\\/index.php\\\/2023\\\/09\\\/28\\\/diagnostico-aponta-perdas-de-quase-r-500-milhoes-no-setor-empresarial-em-decorrencia-da-enchente\\\/\"},\"author\":{\"name\":\"Reda\u00e7\u00e3o Folha Popular\",\"@id\":\"https:\\\/\\\/folhapopular.info\\\/#\\\/schema\\\/person\\\/2814e8a0df7643585a9ca38bc6eb9d4b\"},\"headline\":\"Diagn\u00f3stico aponta perdas de quase R$ 500 milh\u00f5es no setor empresarial em decorr\u00eancia da enchente\",\"datePublished\":\"2023-09-28T18:37:13+00:00\",\"dateModified\":\"2023-09-28T18:37:17+00:00\",\"mainEntityOfPage\":{\"@id\":\"https:\\\/\\\/folhapopular.info\\\/index.php\\\/2023\\\/09\\\/28\\\/diagnostico-aponta-perdas-de-quase-r-500-milhoes-no-setor-empresarial-em-decorrencia-da-enchente\\\/\"},\"wordCount\":709,\"commentCount\":0,\"image\":{\"@id\":\"https:\\\/\\\/folhapopular.info\\\/index.php\\\/2023\\\/09\\\/28\\\/diagnostico-aponta-perdas-de-quase-r-500-milhoes-no-setor-empresarial-em-decorrencia-da-enchente\\\/#primaryimage\"},\"thumbnailUrl\":\"https:\\\/\\\/folhapopular.info\\\/wp-content\\\/uploads\\\/2023\\\/09\\\/ASCOM-SEDEC.png\",\"articleSection\":[\"Destaques\",\"Economia\"],\"inLanguage\":\"pt-BR\",\"potentialAction\":[{\"@type\":\"CommentAction\",\"name\":\"Comment\",\"target\":[\"https:\\\/\\\/folhapopular.info\\\/index.php\\\/2023\\\/09\\\/28\\\/diagnostico-aponta-perdas-de-quase-r-500-milhoes-no-setor-empresarial-em-decorrencia-da-enchente\\\/#respond\"]}]},{\"@type\":\"WebPage\",\"@id\":\"https:\\\/\\\/folhapopular.info\\\/index.php\\\/2023\\\/09\\\/28\\\/diagnostico-aponta-perdas-de-quase-r-500-milhoes-no-setor-empresarial-em-decorrencia-da-enchente\\\/\",\"url\":\"https:\\\/\\\/folhapopular.info\\\/index.php\\\/2023\\\/09\\\/28\\\/diagnostico-aponta-perdas-de-quase-r-500-milhoes-no-setor-empresarial-em-decorrencia-da-enchente\\\/\",\"name\":\"Diagn\u00f3stico aponta perdas de quase R$ 500 milh\u00f5es no setor empresarial em decorr\u00eancia da enchente - Folha Popular\",\"isPartOf\":{\"@id\":\"https:\\\/\\\/folhapopular.info\\\/#website\"},\"primaryImageOfPage\":{\"@id\":\"https:\\\/\\\/folhapopular.info\\\/index.php\\\/2023\\\/09\\\/28\\\/diagnostico-aponta-perdas-de-quase-r-500-milhoes-no-setor-empresarial-em-decorrencia-da-enchente\\\/#primaryimage\"},\"image\":{\"@id\":\"https:\\\/\\\/folhapopular.info\\\/index.php\\\/2023\\\/09\\\/28\\\/diagnostico-aponta-perdas-de-quase-r-500-milhoes-no-setor-empresarial-em-decorrencia-da-enchente\\\/#primaryimage\"},\"thumbnailUrl\":\"https:\\\/\\\/folhapopular.info\\\/wp-content\\\/uploads\\\/2023\\\/09\\\/ASCOM-SEDEC.png\",\"datePublished\":\"2023-09-28T18:37:13+00:00\",\"dateModified\":\"2023-09-28T18:37:17+00:00\",\"author\":{\"@id\":\"https:\\\/\\\/folhapopular.info\\\/#\\\/schema\\\/person\\\/2814e8a0df7643585a9ca38bc6eb9d4b\"},\"breadcrumb\":{\"@id\":\"https:\\\/\\\/folhapopular.info\\\/index.php\\\/2023\\\/09\\\/28\\\/diagnostico-aponta-perdas-de-quase-r-500-milhoes-no-setor-empresarial-em-decorrencia-da-enchente\\\/#breadcrumb\"},\"inLanguage\":\"pt-BR\",\"potentialAction\":[{\"@type\":\"ReadAction\",\"target\":[\"https:\\\/\\\/folhapopular.info\\\/index.php\\\/2023\\\/09\\\/28\\\/diagnostico-aponta-perdas-de-quase-r-500-milhoes-no-setor-empresarial-em-decorrencia-da-enchente\\\/\"]}]},{\"@type\":\"ImageObject\",\"inLanguage\":\"pt-BR\",\"@id\":\"https:\\\/\\\/folhapopular.info\\\/index.php\\\/2023\\\/09\\\/28\\\/diagnostico-aponta-perdas-de-quase-r-500-milhoes-no-setor-empresarial-em-decorrencia-da-enchente\\\/#primaryimage\",\"url\":\"https:\\\/\\\/folhapopular.info\\\/wp-content\\\/uploads\\\/2023\\\/09\\\/ASCOM-SEDEC.png\",\"contentUrl\":\"https:\\\/\\\/folhapopular.info\\\/wp-content\\\/uploads\\\/2023\\\/09\\\/ASCOM-SEDEC.png\",\"width\":807,\"height\":451,\"caption\":\"Cr\u00e9dito da foto: Gustavo Carus \\\/ Divulga\u00e7\u00e3o\"},{\"@type\":\"BreadcrumbList\",\"@id\":\"https:\\\/\\\/folhapopular.info\\\/index.php\\\/2023\\\/09\\\/28\\\/diagnostico-aponta-perdas-de-quase-r-500-milhoes-no-setor-empresarial-em-decorrencia-da-enchente\\\/#breadcrumb\",\"itemListElement\":[{\"@type\":\"ListItem\",\"position\":1,\"name\":\"In\u00edcio\",\"item\":\"https:\\\/\\\/folhapopular.info\\\/\"},{\"@type\":\"ListItem\",\"position\":2,\"name\":\"Diagn\u00f3stico aponta perdas de quase R$ 500 milh\u00f5es no setor empresarial em decorr\u00eancia da enchente\"}]},{\"@type\":\"WebSite\",\"@id\":\"https:\\\/\\\/folhapopular.info\\\/#website\",\"url\":\"https:\\\/\\\/folhapopular.info\\\/\",\"name\":\"Folha Popular\",\"description\":\"Onde voc\u00ea tem vez e voz\",\"potentialAction\":[{\"@type\":\"SearchAction\",\"target\":{\"@type\":\"EntryPoint\",\"urlTemplate\":\"https:\\\/\\\/folhapopular.info\\\/?s={search_term_string}\"},\"query-input\":{\"@type\":\"PropertyValueSpecification\",\"valueRequired\":true,\"valueName\":\"search_term_string\"}}],\"inLanguage\":\"pt-BR\"},{\"@type\":\"Person\",\"@id\":\"https:\\\/\\\/folhapopular.info\\\/#\\\/schema\\\/person\\\/2814e8a0df7643585a9ca38bc6eb9d4b\",\"name\":\"Reda\u00e7\u00e3o Folha Popular\",\"image\":{\"@type\":\"ImageObject\",\"inLanguage\":\"pt-BR\",\"@id\":\"https:\\\/\\\/folhapopular.info\\\/wp-content\\\/uploads\\\/2026\\\/04\\\/Folha-1.webp\",\"url\":\"https:\\\/\\\/folhapopular.info\\\/wp-content\\\/uploads\\\/2026\\\/04\\\/Folha-1.webp\",\"contentUrl\":\"https:\\\/\\\/folhapopular.info\\\/wp-content\\\/uploads\\\/2026\\\/04\\\/Folha-1.webp\",\"caption\":\"Reda\u00e7\u00e3o Folha Popular\"},\"url\":\"https:\\\/\\\/folhapopular.info\\\/index.php\\\/author\\\/redacao\\\/\"}]}<\/script>\n<!-- \/ Yoast SEO plugin. -->","yoast_head_json":{"title":"Diagn\u00f3stico aponta perdas de quase R$ 500 milh\u00f5es no setor empresarial em decorr\u00eancia da enchente - Folha Popular","robots":{"index":"index","follow":"follow","max-snippet":"max-snippet:-1","max-image-preview":"max-image-preview:large","max-video-preview":"max-video-preview:-1"},"canonical":"https:\/\/folhapopular.info\/index.php\/2023\/09\/28\/diagnostico-aponta-perdas-de-quase-r-500-milhoes-no-setor-empresarial-em-decorrencia-da-enchente\/","og_locale":"pt_BR","og_type":"article","og_title":"Diagn\u00f3stico aponta perdas de quase R$ 500 milh\u00f5es no setor empresarial em decorr\u00eancia da enchente - Folha Popular","og_description":"Foi conclu\u00eddo o diagn\u00f3stico do levantamento com 1.301 empresas distribu\u00eddas em onze munic\u00edpios do Vale do Taquari, atingidas pela enchente. O levantamento ocorreu de 18 a 22 de setembro, in loco, mas o fechamento contemplou os empreendedores que preencheram o question\u00e1rio de forma on-line at\u00e9 26 de setembro. O resultado mostrou que 93% delas foram [&hellip;]","og_url":"https:\/\/folhapopular.info\/index.php\/2023\/09\/28\/diagnostico-aponta-perdas-de-quase-r-500-milhoes-no-setor-empresarial-em-decorrencia-da-enchente\/","og_site_name":"Folha Popular","article_published_time":"2023-09-28T18:37:13+00:00","article_modified_time":"2023-09-28T18:37:17+00:00","og_image":[{"width":807,"height":451,"url":"http:\/\/folhapopular.info\/wp-content\/uploads\/2023\/09\/ASCOM-SEDEC.png","type":"image\/png"}],"author":"Reda\u00e7\u00e3o Folha Popular","twitter_card":"summary_large_image","twitter_misc":{"Escrito por":"Reda\u00e7\u00e3o Folha Popular","Est. tempo de leitura":"4 minutos"},"schema":{"@context":"https:\/\/schema.org","@graph":[{"@type":"Article","@id":"https:\/\/folhapopular.info\/index.php\/2023\/09\/28\/diagnostico-aponta-perdas-de-quase-r-500-milhoes-no-setor-empresarial-em-decorrencia-da-enchente\/#article","isPartOf":{"@id":"https:\/\/folhapopular.info\/index.php\/2023\/09\/28\/diagnostico-aponta-perdas-de-quase-r-500-milhoes-no-setor-empresarial-em-decorrencia-da-enchente\/"},"author":{"name":"Reda\u00e7\u00e3o Folha Popular","@id":"https:\/\/folhapopular.info\/#\/schema\/person\/2814e8a0df7643585a9ca38bc6eb9d4b"},"headline":"Diagn\u00f3stico aponta perdas de quase R$ 500 milh\u00f5es no setor empresarial em decorr\u00eancia da enchente","datePublished":"2023-09-28T18:37:13+00:00","dateModified":"2023-09-28T18:37:17+00:00","mainEntityOfPage":{"@id":"https:\/\/folhapopular.info\/index.php\/2023\/09\/28\/diagnostico-aponta-perdas-de-quase-r-500-milhoes-no-setor-empresarial-em-decorrencia-da-enchente\/"},"wordCount":709,"commentCount":0,"image":{"@id":"https:\/\/folhapopular.info\/index.php\/2023\/09\/28\/diagnostico-aponta-perdas-de-quase-r-500-milhoes-no-setor-empresarial-em-decorrencia-da-enchente\/#primaryimage"},"thumbnailUrl":"https:\/\/folhapopular.info\/wp-content\/uploads\/2023\/09\/ASCOM-SEDEC.png","articleSection":["Destaques","Economia"],"inLanguage":"pt-BR","potentialAction":[{"@type":"CommentAction","name":"Comment","target":["https:\/\/folhapopular.info\/index.php\/2023\/09\/28\/diagnostico-aponta-perdas-de-quase-r-500-milhoes-no-setor-empresarial-em-decorrencia-da-enchente\/#respond"]}]},{"@type":"WebPage","@id":"https:\/\/folhapopular.info\/index.php\/2023\/09\/28\/diagnostico-aponta-perdas-de-quase-r-500-milhoes-no-setor-empresarial-em-decorrencia-da-enchente\/","url":"https:\/\/folhapopular.info\/index.php\/2023\/09\/28\/diagnostico-aponta-perdas-de-quase-r-500-milhoes-no-setor-empresarial-em-decorrencia-da-enchente\/","name":"Diagn\u00f3stico aponta perdas de quase R$ 500 milh\u00f5es no setor empresarial em decorr\u00eancia da enchente - Folha Popular","isPartOf":{"@id":"https:\/\/folhapopular.info\/#website"},"primaryImageOfPage":{"@id":"https:\/\/folhapopular.info\/index.php\/2023\/09\/28\/diagnostico-aponta-perdas-de-quase-r-500-milhoes-no-setor-empresarial-em-decorrencia-da-enchente\/#primaryimage"},"image":{"@id":"https:\/\/folhapopular.info\/index.php\/2023\/09\/28\/diagnostico-aponta-perdas-de-quase-r-500-milhoes-no-setor-empresarial-em-decorrencia-da-enchente\/#primaryimage"},"thumbnailUrl":"https:\/\/folhapopular.info\/wp-content\/uploads\/2023\/09\/ASCOM-SEDEC.png","datePublished":"2023-09-28T18:37:13+00:00","dateModified":"2023-09-28T18:37:17+00:00","author":{"@id":"https:\/\/folhapopular.info\/#\/schema\/person\/2814e8a0df7643585a9ca38bc6eb9d4b"},"breadcrumb":{"@id":"https:\/\/folhapopular.info\/index.php\/2023\/09\/28\/diagnostico-aponta-perdas-de-quase-r-500-milhoes-no-setor-empresarial-em-decorrencia-da-enchente\/#breadcrumb"},"inLanguage":"pt-BR","potentialAction":[{"@type":"ReadAction","target":["https:\/\/folhapopular.info\/index.php\/2023\/09\/28\/diagnostico-aponta-perdas-de-quase-r-500-milhoes-no-setor-empresarial-em-decorrencia-da-enchente\/"]}]},{"@type":"ImageObject","inLanguage":"pt-BR","@id":"https:\/\/folhapopular.info\/index.php\/2023\/09\/28\/diagnostico-aponta-perdas-de-quase-r-500-milhoes-no-setor-empresarial-em-decorrencia-da-enchente\/#primaryimage","url":"https:\/\/folhapopular.info\/wp-content\/uploads\/2023\/09\/ASCOM-SEDEC.png","contentUrl":"https:\/\/folhapopular.info\/wp-content\/uploads\/2023\/09\/ASCOM-SEDEC.png","width":807,"height":451,"caption":"Cr\u00e9dito da foto: Gustavo Carus \/ Divulga\u00e7\u00e3o"},{"@type":"BreadcrumbList","@id":"https:\/\/folhapopular.info\/index.php\/2023\/09\/28\/diagnostico-aponta-perdas-de-quase-r-500-milhoes-no-setor-empresarial-em-decorrencia-da-enchente\/#breadcrumb","itemListElement":[{"@type":"ListItem","position":1,"name":"In\u00edcio","item":"https:\/\/folhapopular.info\/"},{"@type":"ListItem","position":2,"name":"Diagn\u00f3stico aponta perdas de quase R$ 500 milh\u00f5es no setor empresarial em decorr\u00eancia da enchente"}]},{"@type":"WebSite","@id":"https:\/\/folhapopular.info\/#website","url":"https:\/\/folhapopular.info\/","name":"Folha Popular","description":"Onde voc\u00ea tem vez e voz","potentialAction":[{"@type":"SearchAction","target":{"@type":"EntryPoint","urlTemplate":"https:\/\/folhapopular.info\/?s={search_term_string}"},"query-input":{"@type":"PropertyValueSpecification","valueRequired":true,"valueName":"search_term_string"}}],"inLanguage":"pt-BR"},{"@type":"Person","@id":"https:\/\/folhapopular.info\/#\/schema\/person\/2814e8a0df7643585a9ca38bc6eb9d4b","name":"Reda\u00e7\u00e3o Folha Popular","image":{"@type":"ImageObject","inLanguage":"pt-BR","@id":"https:\/\/folhapopular.info\/wp-content\/uploads\/2026\/04\/Folha-1.webp","url":"https:\/\/folhapopular.info\/wp-content\/uploads\/2026\/04\/Folha-1.webp","contentUrl":"https:\/\/folhapopular.info\/wp-content\/uploads\/2026\/04\/Folha-1.webp","caption":"Reda\u00e7\u00e3o Folha Popular"},"url":"https:\/\/folhapopular.info\/index.php\/author\/redacao\/"}]}},"jetpack_featured_media_url":"https:\/\/folhapopular.info\/wp-content\/uploads\/2023\/09\/ASCOM-SEDEC.png","jetpack_sharing_enabled":true,"amp_enabled":true,"_links":{"self":[{"href":"https:\/\/folhapopular.info\/index.php\/wp-json\/wp\/v2\/posts\/140710","targetHints":{"allow":["GET"]}}],"collection":[{"href":"https:\/\/folhapopular.info\/index.php\/wp-json\/wp\/v2\/posts"}],"about":[{"href":"https:\/\/folhapopular.info\/index.php\/wp-json\/wp\/v2\/types\/post"}],"author":[{"embeddable":true,"href":"https:\/\/folhapopular.info\/index.php\/wp-json\/wp\/v2\/users\/8"}],"replies":[{"embeddable":true,"href":"https:\/\/folhapopular.info\/index.php\/wp-json\/wp\/v2\/comments?post=140710"}],"version-history":[{"count":0,"href":"https:\/\/folhapopular.info\/index.php\/wp-json\/wp\/v2\/posts\/140710\/revisions"}],"wp:featuredmedia":[{"embeddable":true,"href":"https:\/\/folhapopular.info\/index.php\/wp-json\/wp\/v2\/media\/140711"}],"wp:attachment":[{"href":"https:\/\/folhapopular.info\/index.php\/wp-json\/wp\/v2\/media?parent=140710"}],"wp:term":[{"taxonomy":"category","embeddable":true,"href":"https:\/\/folhapopular.info\/index.php\/wp-json\/wp\/v2\/categories?post=140710"},{"taxonomy":"post_tag","embeddable":true,"href":"https:\/\/folhapopular.info\/index.php\/wp-json\/wp\/v2\/tags?post=140710"}],"curies":[{"name":"wp","href":"https:\/\/api.w.org\/{rel}","templated":true}]}}