{"id":140794,"date":"2023-09-29T17:00:00","date_gmt":"2023-09-29T20:00:00","guid":{"rendered":"https:\/\/folhapopular.info\/?p=140794"},"modified":"2023-09-29T16:48:29","modified_gmt":"2023-09-29T19:48:29","slug":"estrela-e-cruzeiro-do-sul-recebem-caravana-da-secretaria-da-cultura-neste-sabado","status":"publish","type":"post","link":"https:\/\/folhapopular.info\/index.php\/2023\/09\/29\/estrela-e-cruzeiro-do-sul-recebem-caravana-da-secretaria-da-cultura-neste-sabado\/","title":{"rendered":"Estrela e Cruzeiro do Sul recebem caravana da Secretaria da Cultura neste s\u00e1bado"},"content":{"rendered":"\n<p>A popula\u00e7\u00e3o desalojada e desabrigada dos munic\u00edpios de Estrela e Cruzeiro do Sul ter\u00e1 um momento de tr\u00e9gua diante da trag\u00e9dia clim\u00e1tica que atingiu a regi\u00e3o nas \u00faltimas semanas. Neste s\u00e1bado (30\/9), uma equipe da Secretaria da Cultura (Sedac), em parceria com a Funda\u00e7\u00e3o Marcopolo, levar\u00e1 oficinas, shows e brincadeiras infantis para as localidades, por meio de uma intensa programa\u00e7\u00e3o.<\/p>\n\n\n\n<p>A partir das 9h30, os moradores que est\u00e3o no abrigo do Gin\u00e1sio de Esportes Orlando Eckert, em Cruzeiro do Sul, poder\u00e3o participar de uma oficina de montagem de um quebra-cabe\u00e7a inspirado na obra Makuna\u00edma, do artista Jaider Esbell. Em seguida, haver\u00e1 um show com os palha\u00e7os Utopia e Palhacita. Tamb\u00e9m est\u00e1 prevista uma s\u00e9rie de brincadeiras musicais, com Alessandra Carvalho e Denis Cruz. No turno da tarde, a partir das 14h, a mesma programa\u00e7\u00e3o segue para o\u00a0Gin\u00e1sio Ito Jo\u00e3o Snel, em Estrela.<\/p>\n\n\n\n<p>\u201cEntendemos que a cultura e a arte, aliadas \u00e0 pedagogia e ao trabalho humanizado, s\u00e3o igualmente importantes em momentos como este\u201d, ressaltou a diretora do Museu de Arte Contempor\u00e2nea do Rio Grande do Sul (MACRS), Adriana Boff.<\/p>\n\n\n\n<p>As atividades integram as a\u00e7\u00f5es da Sedac em prol dos milhares de ga\u00fachos atingidos pelo ciclone extratropical que passou pelo Rio Grande do Sul. No fim de semana anterior, a caravana esteve em Mu\u00e7um e Encantado, com shows, oficinas de <em>break<\/em> e artesanato.<\/p>\n\n\n\n<p>A comitiva formada por representantes da Sedac e da Funda\u00e7\u00e3o Marcopolo tem se reunido semanalmente para definir as localidades que ir\u00e3o receber a caravana, um trabalho que envolve autoridades municipais e artistas.<\/p>\n\n\n\n<h2 class=\"wp-block-heading\">Livros<\/h2>\n\n\n\n<p>Al\u00e9m da iniciativa de levar arte, cultura e conforto aos munic\u00edpios do Vale do Taquari, a Sedac tamb\u00e9m convocou os ga\u00fachos a\u00a0<a href=\"https:\/\/cultura.rs.gov.br\/sedac-arrecada-livros-para-recuperacao-de-bibliotecas-em-municipios-atingidos-por-enchentes\" target=\"_blank\" rel=\"noreferrer noopener\">doar livros<\/a>\u00a0para ajudar na recupera\u00e7\u00e3o de bibliotecas em munic\u00edpios afetados pelas enchentes. A pasta tamb\u00e9m levou bibliotecas m\u00f3veis do programa\u00a0<a href=\"https:\/\/cultura.rs.gov.br\/bibliotecas-moveis-do-programa-tudo-a-ler-sao-enviadas-para-abrigos-no-vale-do-taquari\" target=\"_blank\" rel=\"noreferrer noopener\">Tudo a Ler<\/a>\u00a0para abrigos da regi\u00e3o.<\/p>\n","protected":false},"excerpt":{"rendered":"<p>A popula\u00e7\u00e3o desalojada e desabrigada dos munic\u00edpios de Estrela e Cruzeiro do Sul ter\u00e1 um momento de tr\u00e9gua diante da trag\u00e9dia clim\u00e1tica que atingiu a regi\u00e3o nas \u00faltimas semanas. Neste s\u00e1bado (30\/9), uma equipe da Secretaria da Cultura (Sedac), em parceria com a Funda\u00e7\u00e3o Marcopolo, levar\u00e1 oficinas, shows e brincadeiras infantis para as localidades, por [&hellip;]<\/p>\n","protected":false},"author":8,"featured_media":140795,"comment_status":"open","ping_status":"open","sticky":false,"template":"","format":"standard","meta":{"pmpro_default_level":"","_jetpack_memberships_contains_paid_content":false,"footnotes":""},"categories":[2,3],"tags":[13283,1989,8,13284],"class_list":{"0":"post-140794","1":"post","2":"type-post","3":"status-publish","4":"format-standard","5":"has-post-thumbnail","7":"category-featured","8":"category-geral","9":"tag-caravana","10":"tag-cruzeiro-do-sul","11":"tag-estrela","12":"tag-secretaria-da-cultura-do-rs","13":"pmpro-has-access"},"yoast_head":"<!-- This site is optimized with the Yoast SEO plugin v27.4 - https:\/\/yoast.com\/product\/yoast-seo-wordpress\/ -->\n<title>Estrela e Cruzeiro do Sul recebem caravana da Secretaria da Cultura neste s\u00e1bado - Folha Popular<\/title>\n<meta name=\"robots\" content=\"index, follow, max-snippet:-1, max-image-preview:large, max-video-preview:-1\" \/>\n<link rel=\"canonical\" href=\"https:\/\/folhapopular.info\/index.php\/2023\/09\/29\/estrela-e-cruzeiro-do-sul-recebem-caravana-da-secretaria-da-cultura-neste-sabado\/\" \/>\n<meta property=\"og:locale\" content=\"pt_BR\" \/>\n<meta property=\"og:type\" content=\"article\" \/>\n<meta property=\"og:title\" content=\"Estrela e Cruzeiro do Sul recebem caravana da Secretaria da Cultura neste s\u00e1bado - Folha Popular\" \/>\n<meta property=\"og:description\" content=\"A popula\u00e7\u00e3o desalojada e desabrigada dos munic\u00edpios de Estrela e Cruzeiro do Sul ter\u00e1 um momento de tr\u00e9gua diante da trag\u00e9dia clim\u00e1tica que atingiu a regi\u00e3o nas \u00faltimas semanas. Neste s\u00e1bado (30\/9), uma equipe da Secretaria da Cultura (Sedac), em parceria com a Funda\u00e7\u00e3o Marcopolo, levar\u00e1 oficinas, shows e brincadeiras infantis para as localidades, por [&hellip;]\" \/>\n<meta property=\"og:url\" content=\"https:\/\/folhapopular.info\/index.php\/2023\/09\/29\/estrela-e-cruzeiro-do-sul-recebem-caravana-da-secretaria-da-cultura-neste-sabado\/\" \/>\n<meta property=\"og:site_name\" content=\"Folha Popular\" \/>\n<meta property=\"article:published_time\" content=\"2023-09-29T20:00:00+00:00\" \/>\n<meta property=\"og:image\" content=\"https:\/\/folhapopular.info\/wp-content\/uploads\/2023\/09\/29153522_2100076_GDO.png\" \/>\n\t<meta property=\"og:image:width\" content=\"800\" \/>\n\t<meta property=\"og:image:height\" content=\"466\" \/>\n\t<meta property=\"og:image:type\" content=\"image\/png\" \/>\n<meta name=\"author\" content=\"Reda\u00e7\u00e3o Folha Popular\" \/>\n<meta name=\"twitter:card\" content=\"summary_large_image\" \/>\n<meta name=\"twitter:label1\" content=\"Escrito por\" \/>\n\t<meta name=\"twitter:data1\" content=\"Reda\u00e7\u00e3o Folha Popular\" \/>\n\t<meta name=\"twitter:label2\" content=\"Est. tempo de leitura\" \/>\n\t<meta name=\"twitter:data2\" content=\"2 minutos\" \/>\n<script type=\"application\/ld+json\" class=\"yoast-schema-graph\">{\"@context\":\"https:\\\/\\\/schema.org\",\"@graph\":[{\"@type\":\"Article\",\"@id\":\"https:\\\/\\\/folhapopular.info\\\/index.php\\\/2023\\\/09\\\/29\\\/estrela-e-cruzeiro-do-sul-recebem-caravana-da-secretaria-da-cultura-neste-sabado\\\/#article\",\"isPartOf\":{\"@id\":\"https:\\\/\\\/folhapopular.info\\\/index.php\\\/2023\\\/09\\\/29\\\/estrela-e-cruzeiro-do-sul-recebem-caravana-da-secretaria-da-cultura-neste-sabado\\\/\"},\"author\":{\"name\":\"Reda\u00e7\u00e3o Folha Popular\",\"@id\":\"https:\\\/\\\/folhapopular.info\\\/#\\\/schema\\\/person\\\/2814e8a0df7643585a9ca38bc6eb9d4b\"},\"headline\":\"Estrela e Cruzeiro do Sul recebem caravana da Secretaria da Cultura neste s\u00e1bado\",\"datePublished\":\"2023-09-29T20:00:00+00:00\",\"mainEntityOfPage\":{\"@id\":\"https:\\\/\\\/folhapopular.info\\\/index.php\\\/2023\\\/09\\\/29\\\/estrela-e-cruzeiro-do-sul-recebem-caravana-da-secretaria-da-cultura-neste-sabado\\\/\"},\"wordCount\":354,\"commentCount\":0,\"image\":{\"@id\":\"https:\\\/\\\/folhapopular.info\\\/index.php\\\/2023\\\/09\\\/29\\\/estrela-e-cruzeiro-do-sul-recebem-caravana-da-secretaria-da-cultura-neste-sabado\\\/#primaryimage\"},\"thumbnailUrl\":\"https:\\\/\\\/folhapopular.info\\\/wp-content\\\/uploads\\\/2023\\\/09\\\/29153522_2100076_GDO.png\",\"keywords\":[\"Caravana\",\"Cruzeiro do Sul\",\"Estrela\",\"Secretaria da Cultura do RS\"],\"articleSection\":[\"Destaques\",\"Geral\"],\"inLanguage\":\"pt-BR\",\"potentialAction\":[{\"@type\":\"CommentAction\",\"name\":\"Comment\",\"target\":[\"https:\\\/\\\/folhapopular.info\\\/index.php\\\/2023\\\/09\\\/29\\\/estrela-e-cruzeiro-do-sul-recebem-caravana-da-secretaria-da-cultura-neste-sabado\\\/#respond\"]}]},{\"@type\":\"WebPage\",\"@id\":\"https:\\\/\\\/folhapopular.info\\\/index.php\\\/2023\\\/09\\\/29\\\/estrela-e-cruzeiro-do-sul-recebem-caravana-da-secretaria-da-cultura-neste-sabado\\\/\",\"url\":\"https:\\\/\\\/folhapopular.info\\\/index.php\\\/2023\\\/09\\\/29\\\/estrela-e-cruzeiro-do-sul-recebem-caravana-da-secretaria-da-cultura-neste-sabado\\\/\",\"name\":\"Estrela e Cruzeiro do Sul recebem caravana da Secretaria da Cultura neste s\u00e1bado - Folha Popular\",\"isPartOf\":{\"@id\":\"https:\\\/\\\/folhapopular.info\\\/#website\"},\"primaryImageOfPage\":{\"@id\":\"https:\\\/\\\/folhapopular.info\\\/index.php\\\/2023\\\/09\\\/29\\\/estrela-e-cruzeiro-do-sul-recebem-caravana-da-secretaria-da-cultura-neste-sabado\\\/#primaryimage\"},\"image\":{\"@id\":\"https:\\\/\\\/folhapopular.info\\\/index.php\\\/2023\\\/09\\\/29\\\/estrela-e-cruzeiro-do-sul-recebem-caravana-da-secretaria-da-cultura-neste-sabado\\\/#primaryimage\"},\"thumbnailUrl\":\"https:\\\/\\\/folhapopular.info\\\/wp-content\\\/uploads\\\/2023\\\/09\\\/29153522_2100076_GDO.png\",\"datePublished\":\"2023-09-29T20:00:00+00:00\",\"author\":{\"@id\":\"https:\\\/\\\/folhapopular.info\\\/#\\\/schema\\\/person\\\/2814e8a0df7643585a9ca38bc6eb9d4b\"},\"breadcrumb\":{\"@id\":\"https:\\\/\\\/folhapopular.info\\\/index.php\\\/2023\\\/09\\\/29\\\/estrela-e-cruzeiro-do-sul-recebem-caravana-da-secretaria-da-cultura-neste-sabado\\\/#breadcrumb\"},\"inLanguage\":\"pt-BR\",\"potentialAction\":[{\"@type\":\"ReadAction\",\"target\":[\"https:\\\/\\\/folhapopular.info\\\/index.php\\\/2023\\\/09\\\/29\\\/estrela-e-cruzeiro-do-sul-recebem-caravana-da-secretaria-da-cultura-neste-sabado\\\/\"]}]},{\"@type\":\"ImageObject\",\"inLanguage\":\"pt-BR\",\"@id\":\"https:\\\/\\\/folhapopular.info\\\/index.php\\\/2023\\\/09\\\/29\\\/estrela-e-cruzeiro-do-sul-recebem-caravana-da-secretaria-da-cultura-neste-sabado\\\/#primaryimage\",\"url\":\"https:\\\/\\\/folhapopular.info\\\/wp-content\\\/uploads\\\/2023\\\/09\\\/29153522_2100076_GDO.png\",\"contentUrl\":\"https:\\\/\\\/folhapopular.info\\\/wp-content\\\/uploads\\\/2023\\\/09\\\/29153522_2100076_GDO.png\",\"width\":800,\"height\":466,\"caption\":\"Cr\u00e9dito: Sedac \\\/ Divulga\u00e7\u00e3o\"},{\"@type\":\"BreadcrumbList\",\"@id\":\"https:\\\/\\\/folhapopular.info\\\/index.php\\\/2023\\\/09\\\/29\\\/estrela-e-cruzeiro-do-sul-recebem-caravana-da-secretaria-da-cultura-neste-sabado\\\/#breadcrumb\",\"itemListElement\":[{\"@type\":\"ListItem\",\"position\":1,\"name\":\"In\u00edcio\",\"item\":\"https:\\\/\\\/folhapopular.info\\\/\"},{\"@type\":\"ListItem\",\"position\":2,\"name\":\"Estrela e Cruzeiro do Sul recebem caravana da Secretaria da Cultura neste s\u00e1bado\"}]},{\"@type\":\"WebSite\",\"@id\":\"https:\\\/\\\/folhapopular.info\\\/#website\",\"url\":\"https:\\\/\\\/folhapopular.info\\\/\",\"name\":\"Folha Popular\",\"description\":\"Onde voc\u00ea tem vez e voz\",\"potentialAction\":[{\"@type\":\"SearchAction\",\"target\":{\"@type\":\"EntryPoint\",\"urlTemplate\":\"https:\\\/\\\/folhapopular.info\\\/?s={search_term_string}\"},\"query-input\":{\"@type\":\"PropertyValueSpecification\",\"valueRequired\":true,\"valueName\":\"search_term_string\"}}],\"inLanguage\":\"pt-BR\"},{\"@type\":\"Person\",\"@id\":\"https:\\\/\\\/folhapopular.info\\\/#\\\/schema\\\/person\\\/2814e8a0df7643585a9ca38bc6eb9d4b\",\"name\":\"Reda\u00e7\u00e3o Folha Popular\",\"image\":{\"@type\":\"ImageObject\",\"inLanguage\":\"pt-BR\",\"@id\":\"https:\\\/\\\/folhapopular.info\\\/wp-content\\\/uploads\\\/2026\\\/04\\\/Folha-1.webp\",\"url\":\"https:\\\/\\\/folhapopular.info\\\/wp-content\\\/uploads\\\/2026\\\/04\\\/Folha-1.webp\",\"contentUrl\":\"https:\\\/\\\/folhapopular.info\\\/wp-content\\\/uploads\\\/2026\\\/04\\\/Folha-1.webp\",\"caption\":\"Reda\u00e7\u00e3o Folha Popular\"},\"url\":\"https:\\\/\\\/folhapopular.info\\\/index.php\\\/author\\\/redacao\\\/\"}]}<\/script>\n<!-- \/ Yoast SEO plugin. -->","yoast_head_json":{"title":"Estrela e Cruzeiro do Sul recebem caravana da Secretaria da Cultura neste s\u00e1bado - Folha Popular","robots":{"index":"index","follow":"follow","max-snippet":"max-snippet:-1","max-image-preview":"max-image-preview:large","max-video-preview":"max-video-preview:-1"},"canonical":"https:\/\/folhapopular.info\/index.php\/2023\/09\/29\/estrela-e-cruzeiro-do-sul-recebem-caravana-da-secretaria-da-cultura-neste-sabado\/","og_locale":"pt_BR","og_type":"article","og_title":"Estrela e Cruzeiro do Sul recebem caravana da Secretaria da Cultura neste s\u00e1bado - Folha Popular","og_description":"A popula\u00e7\u00e3o desalojada e desabrigada dos munic\u00edpios de Estrela e Cruzeiro do Sul ter\u00e1 um momento de tr\u00e9gua diante da trag\u00e9dia clim\u00e1tica que atingiu a regi\u00e3o nas \u00faltimas semanas. Neste s\u00e1bado (30\/9), uma equipe da Secretaria da Cultura (Sedac), em parceria com a Funda\u00e7\u00e3o Marcopolo, levar\u00e1 oficinas, shows e brincadeiras infantis para as localidades, por [&hellip;]","og_url":"https:\/\/folhapopular.info\/index.php\/2023\/09\/29\/estrela-e-cruzeiro-do-sul-recebem-caravana-da-secretaria-da-cultura-neste-sabado\/","og_site_name":"Folha Popular","article_published_time":"2023-09-29T20:00:00+00:00","og_image":[{"width":800,"height":466,"url":"https:\/\/folhapopular.info\/wp-content\/uploads\/2023\/09\/29153522_2100076_GDO.png","type":"image\/png"}],"author":"Reda\u00e7\u00e3o Folha Popular","twitter_card":"summary_large_image","twitter_misc":{"Escrito por":"Reda\u00e7\u00e3o Folha Popular","Est. tempo de leitura":"2 minutos"},"schema":{"@context":"https:\/\/schema.org","@graph":[{"@type":"Article","@id":"https:\/\/folhapopular.info\/index.php\/2023\/09\/29\/estrela-e-cruzeiro-do-sul-recebem-caravana-da-secretaria-da-cultura-neste-sabado\/#article","isPartOf":{"@id":"https:\/\/folhapopular.info\/index.php\/2023\/09\/29\/estrela-e-cruzeiro-do-sul-recebem-caravana-da-secretaria-da-cultura-neste-sabado\/"},"author":{"name":"Reda\u00e7\u00e3o Folha Popular","@id":"https:\/\/folhapopular.info\/#\/schema\/person\/2814e8a0df7643585a9ca38bc6eb9d4b"},"headline":"Estrela e Cruzeiro do Sul recebem caravana da Secretaria da Cultura neste s\u00e1bado","datePublished":"2023-09-29T20:00:00+00:00","mainEntityOfPage":{"@id":"https:\/\/folhapopular.info\/index.php\/2023\/09\/29\/estrela-e-cruzeiro-do-sul-recebem-caravana-da-secretaria-da-cultura-neste-sabado\/"},"wordCount":354,"commentCount":0,"image":{"@id":"https:\/\/folhapopular.info\/index.php\/2023\/09\/29\/estrela-e-cruzeiro-do-sul-recebem-caravana-da-secretaria-da-cultura-neste-sabado\/#primaryimage"},"thumbnailUrl":"https:\/\/folhapopular.info\/wp-content\/uploads\/2023\/09\/29153522_2100076_GDO.png","keywords":["Caravana","Cruzeiro do Sul","Estrela","Secretaria da Cultura do RS"],"articleSection":["Destaques","Geral"],"inLanguage":"pt-BR","potentialAction":[{"@type":"CommentAction","name":"Comment","target":["https:\/\/folhapopular.info\/index.php\/2023\/09\/29\/estrela-e-cruzeiro-do-sul-recebem-caravana-da-secretaria-da-cultura-neste-sabado\/#respond"]}]},{"@type":"WebPage","@id":"https:\/\/folhapopular.info\/index.php\/2023\/09\/29\/estrela-e-cruzeiro-do-sul-recebem-caravana-da-secretaria-da-cultura-neste-sabado\/","url":"https:\/\/folhapopular.info\/index.php\/2023\/09\/29\/estrela-e-cruzeiro-do-sul-recebem-caravana-da-secretaria-da-cultura-neste-sabado\/","name":"Estrela e Cruzeiro do Sul recebem caravana da Secretaria da Cultura neste s\u00e1bado - Folha Popular","isPartOf":{"@id":"https:\/\/folhapopular.info\/#website"},"primaryImageOfPage":{"@id":"https:\/\/folhapopular.info\/index.php\/2023\/09\/29\/estrela-e-cruzeiro-do-sul-recebem-caravana-da-secretaria-da-cultura-neste-sabado\/#primaryimage"},"image":{"@id":"https:\/\/folhapopular.info\/index.php\/2023\/09\/29\/estrela-e-cruzeiro-do-sul-recebem-caravana-da-secretaria-da-cultura-neste-sabado\/#primaryimage"},"thumbnailUrl":"https:\/\/folhapopular.info\/wp-content\/uploads\/2023\/09\/29153522_2100076_GDO.png","datePublished":"2023-09-29T20:00:00+00:00","author":{"@id":"https:\/\/folhapopular.info\/#\/schema\/person\/2814e8a0df7643585a9ca38bc6eb9d4b"},"breadcrumb":{"@id":"https:\/\/folhapopular.info\/index.php\/2023\/09\/29\/estrela-e-cruzeiro-do-sul-recebem-caravana-da-secretaria-da-cultura-neste-sabado\/#breadcrumb"},"inLanguage":"pt-BR","potentialAction":[{"@type":"ReadAction","target":["https:\/\/folhapopular.info\/index.php\/2023\/09\/29\/estrela-e-cruzeiro-do-sul-recebem-caravana-da-secretaria-da-cultura-neste-sabado\/"]}]},{"@type":"ImageObject","inLanguage":"pt-BR","@id":"https:\/\/folhapopular.info\/index.php\/2023\/09\/29\/estrela-e-cruzeiro-do-sul-recebem-caravana-da-secretaria-da-cultura-neste-sabado\/#primaryimage","url":"https:\/\/folhapopular.info\/wp-content\/uploads\/2023\/09\/29153522_2100076_GDO.png","contentUrl":"https:\/\/folhapopular.info\/wp-content\/uploads\/2023\/09\/29153522_2100076_GDO.png","width":800,"height":466,"caption":"Cr\u00e9dito: Sedac \/ Divulga\u00e7\u00e3o"},{"@type":"BreadcrumbList","@id":"https:\/\/folhapopular.info\/index.php\/2023\/09\/29\/estrela-e-cruzeiro-do-sul-recebem-caravana-da-secretaria-da-cultura-neste-sabado\/#breadcrumb","itemListElement":[{"@type":"ListItem","position":1,"name":"In\u00edcio","item":"https:\/\/folhapopular.info\/"},{"@type":"ListItem","position":2,"name":"Estrela e Cruzeiro do Sul recebem caravana da Secretaria da Cultura neste s\u00e1bado"}]},{"@type":"WebSite","@id":"https:\/\/folhapopular.info\/#website","url":"https:\/\/folhapopular.info\/","name":"Folha Popular","description":"Onde voc\u00ea tem vez e voz","potentialAction":[{"@type":"SearchAction","target":{"@type":"EntryPoint","urlTemplate":"https:\/\/folhapopular.info\/?s={search_term_string}"},"query-input":{"@type":"PropertyValueSpecification","valueRequired":true,"valueName":"search_term_string"}}],"inLanguage":"pt-BR"},{"@type":"Person","@id":"https:\/\/folhapopular.info\/#\/schema\/person\/2814e8a0df7643585a9ca38bc6eb9d4b","name":"Reda\u00e7\u00e3o Folha Popular","image":{"@type":"ImageObject","inLanguage":"pt-BR","@id":"https:\/\/folhapopular.info\/wp-content\/uploads\/2026\/04\/Folha-1.webp","url":"https:\/\/folhapopular.info\/wp-content\/uploads\/2026\/04\/Folha-1.webp","contentUrl":"https:\/\/folhapopular.info\/wp-content\/uploads\/2026\/04\/Folha-1.webp","caption":"Reda\u00e7\u00e3o Folha Popular"},"url":"https:\/\/folhapopular.info\/index.php\/author\/redacao\/"}]}},"jetpack_featured_media_url":"https:\/\/folhapopular.info\/wp-content\/uploads\/2023\/09\/29153522_2100076_GDO.png","jetpack_sharing_enabled":true,"amp_enabled":true,"_links":{"self":[{"href":"https:\/\/folhapopular.info\/index.php\/wp-json\/wp\/v2\/posts\/140794","targetHints":{"allow":["GET"]}}],"collection":[{"href":"https:\/\/folhapopular.info\/index.php\/wp-json\/wp\/v2\/posts"}],"about":[{"href":"https:\/\/folhapopular.info\/index.php\/wp-json\/wp\/v2\/types\/post"}],"author":[{"embeddable":true,"href":"https:\/\/folhapopular.info\/index.php\/wp-json\/wp\/v2\/users\/8"}],"replies":[{"embeddable":true,"href":"https:\/\/folhapopular.info\/index.php\/wp-json\/wp\/v2\/comments?post=140794"}],"version-history":[{"count":0,"href":"https:\/\/folhapopular.info\/index.php\/wp-json\/wp\/v2\/posts\/140794\/revisions"}],"wp:featuredmedia":[{"embeddable":true,"href":"https:\/\/folhapopular.info\/index.php\/wp-json\/wp\/v2\/media\/140795"}],"wp:attachment":[{"href":"https:\/\/folhapopular.info\/index.php\/wp-json\/wp\/v2\/media?parent=140794"}],"wp:term":[{"taxonomy":"category","embeddable":true,"href":"https:\/\/folhapopular.info\/index.php\/wp-json\/wp\/v2\/categories?post=140794"},{"taxonomy":"post_tag","embeddable":true,"href":"https:\/\/folhapopular.info\/index.php\/wp-json\/wp\/v2\/tags?post=140794"}],"curies":[{"name":"wp","href":"https:\/\/api.w.org\/{rel}","templated":true}]}}