{"id":140947,"date":"2023-10-02T09:37:32","date_gmt":"2023-10-02T12:37:32","guid":{"rendered":"https:\/\/folhapopular.info\/?p=140947"},"modified":"2023-10-02T09:37:35","modified_gmt":"2023-10-02T12:37:35","slug":"camara-vai-votar-cedencia-de-terreno-para-ampliacao-da-brigada-militar-em-teutonia","status":"publish","type":"post","link":"https:\/\/folhapopular.info\/index.php\/2023\/10\/02\/camara-vai-votar-cedencia-de-terreno-para-ampliacao-da-brigada-militar-em-teutonia\/","title":{"rendered":"C\u00e2mara vai votar ced\u00eancia de terreno para amplia\u00e7\u00e3o da Brigada Militar em Teut\u00f4nia"},"content":{"rendered":"<p>A C\u00e2mara de Vereadores de Teut\u00f4nia vai votar a ced\u00eancia de um terreno para uso da Brigada Militar. O projeto que cede o bem im\u00f3vel ao Estado foi encaminhado pelo Executivo e pode entrar em pauta j\u00e1 na pr\u00f3xima sess\u00e3o, nesta ter\u00e7a-feira (3\/10). Ele precisa ser aprovado pela maioria dos vereadores para que o terreno&#8230; <\/p>\n<div class=\"pmpro\">\n<div class=\"pmpro_card pmpro_content_message\">\n<div class=\"pmpro_card_content\">Este conte\u00fado \u00e9 apenas para associados Grupo Popular &#8211; Conte\u00fado Total Anual e Grupo Popular &#8211; Conte\u00fado Total Mensal. <br \/><a href=\"https:\/\/folhapopular.info\/wp-login.php?action=register\">Cadastre-se<\/a><\/div>\n<div class=\"pmpro_card_actions pmpro_font-medium\">J\u00e1 se associou? <a href=\"https:\/\/folhapopular.info\/wp-login.php?redirect_to=https%3A%2F%2Ffolhapopular.info%2Findex.php%2F2023%2F10%2F02%2Fcamara-vai-votar-cedencia-de-terreno-para-ampliacao-da-brigada-militar-em-teutonia%2F\">Acesse aqui<\/a><\/div>\n<\/div>\n<\/div>\n","protected":false},"excerpt":{"rendered":"<p>A C\u00e2mara de Vereadores de Teut\u00f4nia vai votar a ced\u00eancia de um terreno para uso da Brigada Militar. O projeto que cede o bem im\u00f3vel ao Estado foi encaminhado pelo Executivo e pode entrar em pauta j\u00e1 na pr\u00f3xima sess\u00e3o, nesta ter\u00e7a-feira (3\/10). Ele precisa ser aprovado pela maioria dos vereadores para que o terreno... <\/p>\n<div class=\"pmpro\"><div class=\"pmpro_card pmpro_content_message\"><div class=\"pmpro_card_content\">Este conte\u00fado \u00e9 apenas para associados Grupo Popular - Conte\u00fado Total Anual e Grupo Popular - Conte\u00fado Total Mensal. <br \/><a href=\"https:\/\/folhapopular.info\/wp-login.php?action=register\">Cadastre-se<\/a><\/div><div class=\"pmpro_card_actions pmpro_font-medium\">J\u00e1 se associou? <a href=\"https:\/\/folhapopular.info\/wp-login.php?redirect_to=https%3A%2F%2Ffolhapopular.info%2Findex.php%2F2023%2F10%2F02%2Fcamara-vai-votar-cedencia-de-terreno-para-ampliacao-da-brigada-militar-em-teutonia%2F\">Acesse aqui<\/a><\/div><\/div><\/div>","protected":false},"author":8,"featured_media":140948,"comment_status":"open","ping_status":"open","sticky":false,"template":"","format":"standard","meta":{"pmpro_default_level":"","_jetpack_memberships_contains_paid_content":false,"footnotes":""},"categories":[11078,5990,2,3],"tags":[],"class_list":{"0":"post-140947","1":"post","2":"type-post","3":"status-publish","4":"format-standard","5":"has-post-thumbnail","7":"category-assinantes","8":"category-conteudo-exclusivo","9":"category-featured","10":"category-geral","11":"pmpro-level-required","12":"pmpro-level-2","13":"pmpro-level-4","14":"pmpro-level-5","15":"pmpro-no-access"},"yoast_head":"<!-- This site is optimized with the Yoast SEO plugin v27.4 - https:\/\/yoast.com\/product\/yoast-seo-wordpress\/ -->\n<title>C\u00e2mara vai votar ced\u00eancia de terreno para amplia\u00e7\u00e3o da Brigada Militar em Teut\u00f4nia - Folha Popular<\/title>\n<meta name=\"robots\" content=\"index, follow, max-snippet:-1, max-image-preview:large, max-video-preview:-1\" \/>\n<link rel=\"canonical\" href=\"https:\/\/folhapopular.info\/index.php\/2023\/10\/02\/camara-vai-votar-cedencia-de-terreno-para-ampliacao-da-brigada-militar-em-teutonia\/\" \/>\n<meta property=\"og:locale\" content=\"pt_BR\" \/>\n<meta property=\"og:type\" content=\"article\" \/>\n<meta property=\"og:title\" content=\"C\u00e2mara vai votar ced\u00eancia de terreno para amplia\u00e7\u00e3o da Brigada Militar em Teut\u00f4nia - Folha Popular\" \/>\n<meta property=\"og:description\" content=\"A C\u00e2mara de Vereadores de Teut\u00f4nia vai votar a ced\u00eancia de um terreno para uso da Brigada Militar. O projeto que cede o bem im\u00f3vel ao Estado foi encaminhado pelo Executivo e pode entrar em pauta j\u00e1 na pr\u00f3xima sess\u00e3o, nesta ter\u00e7a-feira (3\/10). Ele precisa ser aprovado pela maioria dos vereadores para que o terreno [&hellip;]\" \/>\n<meta property=\"og:url\" content=\"https:\/\/folhapopular.info\/index.php\/2023\/10\/02\/camara-vai-votar-cedencia-de-terreno-para-ampliacao-da-brigada-militar-em-teutonia\/\" \/>\n<meta property=\"og:site_name\" content=\"Folha Popular\" \/>\n<meta property=\"article:published_time\" content=\"2023-10-02T12:37:32+00:00\" \/>\n<meta property=\"article:modified_time\" content=\"2023-10-02T12:37:35+00:00\" \/>\n<meta property=\"og:image\" content=\"http:\/\/folhapopular.info\/wp-content\/uploads\/2023\/10\/WhatsApp-Image-2023-10-02-at-09.34.02.jpeg\" \/>\n\t<meta property=\"og:image:width\" content=\"1137\" \/>\n\t<meta property=\"og:image:height\" content=\"742\" \/>\n\t<meta property=\"og:image:type\" content=\"image\/jpeg\" \/>\n<meta name=\"author\" content=\"Reda\u00e7\u00e3o Folha Popular\" \/>\n<meta name=\"twitter:card\" content=\"summary_large_image\" \/>\n<meta name=\"twitter:label1\" content=\"Escrito por\" \/>\n\t<meta name=\"twitter:data1\" content=\"Reda\u00e7\u00e3o Folha Popular\" \/>\n\t<meta name=\"twitter:label2\" content=\"Est. tempo de leitura\" \/>\n\t<meta name=\"twitter:data2\" content=\"2 minutos\" \/>\n<script type=\"application\/ld+json\" class=\"yoast-schema-graph\">{\"@context\":\"https:\\\/\\\/schema.org\",\"@graph\":[{\"@type\":\"Article\",\"@id\":\"https:\\\/\\\/folhapopular.info\\\/index.php\\\/2023\\\/10\\\/02\\\/camara-vai-votar-cedencia-de-terreno-para-ampliacao-da-brigada-militar-em-teutonia\\\/#article\",\"isPartOf\":{\"@id\":\"https:\\\/\\\/folhapopular.info\\\/index.php\\\/2023\\\/10\\\/02\\\/camara-vai-votar-cedencia-de-terreno-para-ampliacao-da-brigada-militar-em-teutonia\\\/\"},\"author\":{\"name\":\"Reda\u00e7\u00e3o Folha Popular\",\"@id\":\"https:\\\/\\\/folhapopular.info\\\/#\\\/schema\\\/person\\\/2814e8a0df7643585a9ca38bc6eb9d4b\"},\"headline\":\"C\u00e2mara vai votar ced\u00eancia de terreno para amplia\u00e7\u00e3o da Brigada Militar em Teut\u00f4nia\",\"datePublished\":\"2023-10-02T12:37:32+00:00\",\"dateModified\":\"2023-10-02T12:37:35+00:00\",\"mainEntityOfPage\":{\"@id\":\"https:\\\/\\\/folhapopular.info\\\/index.php\\\/2023\\\/10\\\/02\\\/camara-vai-votar-cedencia-de-terreno-para-ampliacao-da-brigada-militar-em-teutonia\\\/\"},\"wordCount\":420,\"commentCount\":0,\"image\":{\"@id\":\"https:\\\/\\\/folhapopular.info\\\/index.php\\\/2023\\\/10\\\/02\\\/camara-vai-votar-cedencia-de-terreno-para-ampliacao-da-brigada-militar-em-teutonia\\\/#primaryimage\"},\"thumbnailUrl\":\"https:\\\/\\\/folhapopular.info\\\/wp-content\\\/uploads\\\/2023\\\/10\\\/WhatsApp-Image-2023-10-02-at-09.34.02.jpeg\",\"articleSection\":[\"Assinantes\",\"Conte\u00fado Exclusivo\",\"Destaques\",\"Geral\"],\"inLanguage\":\"pt-BR\",\"potentialAction\":[{\"@type\":\"CommentAction\",\"name\":\"Comment\",\"target\":[\"https:\\\/\\\/folhapopular.info\\\/index.php\\\/2023\\\/10\\\/02\\\/camara-vai-votar-cedencia-de-terreno-para-ampliacao-da-brigada-militar-em-teutonia\\\/#respond\"]}]},{\"@type\":\"WebPage\",\"@id\":\"https:\\\/\\\/folhapopular.info\\\/index.php\\\/2023\\\/10\\\/02\\\/camara-vai-votar-cedencia-de-terreno-para-ampliacao-da-brigada-militar-em-teutonia\\\/\",\"url\":\"https:\\\/\\\/folhapopular.info\\\/index.php\\\/2023\\\/10\\\/02\\\/camara-vai-votar-cedencia-de-terreno-para-ampliacao-da-brigada-militar-em-teutonia\\\/\",\"name\":\"C\u00e2mara vai votar ced\u00eancia de terreno para amplia\u00e7\u00e3o da Brigada Militar em Teut\u00f4nia - Folha Popular\",\"isPartOf\":{\"@id\":\"https:\\\/\\\/folhapopular.info\\\/#website\"},\"primaryImageOfPage\":{\"@id\":\"https:\\\/\\\/folhapopular.info\\\/index.php\\\/2023\\\/10\\\/02\\\/camara-vai-votar-cedencia-de-terreno-para-ampliacao-da-brigada-militar-em-teutonia\\\/#primaryimage\"},\"image\":{\"@id\":\"https:\\\/\\\/folhapopular.info\\\/index.php\\\/2023\\\/10\\\/02\\\/camara-vai-votar-cedencia-de-terreno-para-ampliacao-da-brigada-militar-em-teutonia\\\/#primaryimage\"},\"thumbnailUrl\":\"https:\\\/\\\/folhapopular.info\\\/wp-content\\\/uploads\\\/2023\\\/10\\\/WhatsApp-Image-2023-10-02-at-09.34.02.jpeg\",\"datePublished\":\"2023-10-02T12:37:32+00:00\",\"dateModified\":\"2023-10-02T12:37:35+00:00\",\"author\":{\"@id\":\"https:\\\/\\\/folhapopular.info\\\/#\\\/schema\\\/person\\\/2814e8a0df7643585a9ca38bc6eb9d4b\"},\"breadcrumb\":{\"@id\":\"https:\\\/\\\/folhapopular.info\\\/index.php\\\/2023\\\/10\\\/02\\\/camara-vai-votar-cedencia-de-terreno-para-ampliacao-da-brigada-militar-em-teutonia\\\/#breadcrumb\"},\"inLanguage\":\"pt-BR\",\"potentialAction\":[{\"@type\":\"ReadAction\",\"target\":[\"https:\\\/\\\/folhapopular.info\\\/index.php\\\/2023\\\/10\\\/02\\\/camara-vai-votar-cedencia-de-terreno-para-ampliacao-da-brigada-militar-em-teutonia\\\/\"]}]},{\"@type\":\"ImageObject\",\"inLanguage\":\"pt-BR\",\"@id\":\"https:\\\/\\\/folhapopular.info\\\/index.php\\\/2023\\\/10\\\/02\\\/camara-vai-votar-cedencia-de-terreno-para-ampliacao-da-brigada-militar-em-teutonia\\\/#primaryimage\",\"url\":\"https:\\\/\\\/folhapopular.info\\\/wp-content\\\/uploads\\\/2023\\\/10\\\/WhatsApp-Image-2023-10-02-at-09.34.02.jpeg\",\"contentUrl\":\"https:\\\/\\\/folhapopular.info\\\/wp-content\\\/uploads\\\/2023\\\/10\\\/WhatsApp-Image-2023-10-02-at-09.34.02.jpeg\",\"width\":1137,\"height\":742},{\"@type\":\"BreadcrumbList\",\"@id\":\"https:\\\/\\\/folhapopular.info\\\/index.php\\\/2023\\\/10\\\/02\\\/camara-vai-votar-cedencia-de-terreno-para-ampliacao-da-brigada-militar-em-teutonia\\\/#breadcrumb\",\"itemListElement\":[{\"@type\":\"ListItem\",\"position\":1,\"name\":\"In\u00edcio\",\"item\":\"https:\\\/\\\/folhapopular.info\\\/\"},{\"@type\":\"ListItem\",\"position\":2,\"name\":\"C\u00e2mara vai votar ced\u00eancia de terreno para amplia\u00e7\u00e3o da Brigada Militar em Teut\u00f4nia\"}]},{\"@type\":\"WebSite\",\"@id\":\"https:\\\/\\\/folhapopular.info\\\/#website\",\"url\":\"https:\\\/\\\/folhapopular.info\\\/\",\"name\":\"Folha Popular\",\"description\":\"Onde voc\u00ea tem vez e voz\",\"potentialAction\":[{\"@type\":\"SearchAction\",\"target\":{\"@type\":\"EntryPoint\",\"urlTemplate\":\"https:\\\/\\\/folhapopular.info\\\/?s={search_term_string}\"},\"query-input\":{\"@type\":\"PropertyValueSpecification\",\"valueRequired\":true,\"valueName\":\"search_term_string\"}}],\"inLanguage\":\"pt-BR\"},{\"@type\":\"Person\",\"@id\":\"https:\\\/\\\/folhapopular.info\\\/#\\\/schema\\\/person\\\/2814e8a0df7643585a9ca38bc6eb9d4b\",\"name\":\"Reda\u00e7\u00e3o Folha Popular\",\"image\":{\"@type\":\"ImageObject\",\"inLanguage\":\"pt-BR\",\"@id\":\"https:\\\/\\\/folhapopular.info\\\/wp-content\\\/uploads\\\/2026\\\/04\\\/Folha-1.webp\",\"url\":\"https:\\\/\\\/folhapopular.info\\\/wp-content\\\/uploads\\\/2026\\\/04\\\/Folha-1.webp\",\"contentUrl\":\"https:\\\/\\\/folhapopular.info\\\/wp-content\\\/uploads\\\/2026\\\/04\\\/Folha-1.webp\",\"caption\":\"Reda\u00e7\u00e3o Folha Popular\"},\"url\":\"https:\\\/\\\/folhapopular.info\\\/index.php\\\/author\\\/redacao\\\/\"}]}<\/script>\n<!-- \/ Yoast SEO plugin. -->","yoast_head_json":{"title":"C\u00e2mara vai votar ced\u00eancia de terreno para amplia\u00e7\u00e3o da Brigada Militar em Teut\u00f4nia - Folha Popular","robots":{"index":"index","follow":"follow","max-snippet":"max-snippet:-1","max-image-preview":"max-image-preview:large","max-video-preview":"max-video-preview:-1"},"canonical":"https:\/\/folhapopular.info\/index.php\/2023\/10\/02\/camara-vai-votar-cedencia-de-terreno-para-ampliacao-da-brigada-militar-em-teutonia\/","og_locale":"pt_BR","og_type":"article","og_title":"C\u00e2mara vai votar ced\u00eancia de terreno para amplia\u00e7\u00e3o da Brigada Militar em Teut\u00f4nia - Folha Popular","og_description":"A C\u00e2mara de Vereadores de Teut\u00f4nia vai votar a ced\u00eancia de um terreno para uso da Brigada Militar. O projeto que cede o bem im\u00f3vel ao Estado foi encaminhado pelo Executivo e pode entrar em pauta j\u00e1 na pr\u00f3xima sess\u00e3o, nesta ter\u00e7a-feira (3\/10). Ele precisa ser aprovado pela maioria dos vereadores para que o terreno [&hellip;]","og_url":"https:\/\/folhapopular.info\/index.php\/2023\/10\/02\/camara-vai-votar-cedencia-de-terreno-para-ampliacao-da-brigada-militar-em-teutonia\/","og_site_name":"Folha Popular","article_published_time":"2023-10-02T12:37:32+00:00","article_modified_time":"2023-10-02T12:37:35+00:00","og_image":[{"width":1137,"height":742,"url":"http:\/\/folhapopular.info\/wp-content\/uploads\/2023\/10\/WhatsApp-Image-2023-10-02-at-09.34.02.jpeg","type":"image\/jpeg"}],"author":"Reda\u00e7\u00e3o Folha Popular","twitter_card":"summary_large_image","twitter_misc":{"Escrito por":"Reda\u00e7\u00e3o Folha Popular","Est. tempo de leitura":"2 minutos"},"schema":{"@context":"https:\/\/schema.org","@graph":[{"@type":"Article","@id":"https:\/\/folhapopular.info\/index.php\/2023\/10\/02\/camara-vai-votar-cedencia-de-terreno-para-ampliacao-da-brigada-militar-em-teutonia\/#article","isPartOf":{"@id":"https:\/\/folhapopular.info\/index.php\/2023\/10\/02\/camara-vai-votar-cedencia-de-terreno-para-ampliacao-da-brigada-militar-em-teutonia\/"},"author":{"name":"Reda\u00e7\u00e3o Folha Popular","@id":"https:\/\/folhapopular.info\/#\/schema\/person\/2814e8a0df7643585a9ca38bc6eb9d4b"},"headline":"C\u00e2mara vai votar ced\u00eancia de terreno para amplia\u00e7\u00e3o da Brigada Militar em Teut\u00f4nia","datePublished":"2023-10-02T12:37:32+00:00","dateModified":"2023-10-02T12:37:35+00:00","mainEntityOfPage":{"@id":"https:\/\/folhapopular.info\/index.php\/2023\/10\/02\/camara-vai-votar-cedencia-de-terreno-para-ampliacao-da-brigada-militar-em-teutonia\/"},"wordCount":420,"commentCount":0,"image":{"@id":"https:\/\/folhapopular.info\/index.php\/2023\/10\/02\/camara-vai-votar-cedencia-de-terreno-para-ampliacao-da-brigada-militar-em-teutonia\/#primaryimage"},"thumbnailUrl":"https:\/\/folhapopular.info\/wp-content\/uploads\/2023\/10\/WhatsApp-Image-2023-10-02-at-09.34.02.jpeg","articleSection":["Assinantes","Conte\u00fado Exclusivo","Destaques","Geral"],"inLanguage":"pt-BR","potentialAction":[{"@type":"CommentAction","name":"Comment","target":["https:\/\/folhapopular.info\/index.php\/2023\/10\/02\/camara-vai-votar-cedencia-de-terreno-para-ampliacao-da-brigada-militar-em-teutonia\/#respond"]}]},{"@type":"WebPage","@id":"https:\/\/folhapopular.info\/index.php\/2023\/10\/02\/camara-vai-votar-cedencia-de-terreno-para-ampliacao-da-brigada-militar-em-teutonia\/","url":"https:\/\/folhapopular.info\/index.php\/2023\/10\/02\/camara-vai-votar-cedencia-de-terreno-para-ampliacao-da-brigada-militar-em-teutonia\/","name":"C\u00e2mara vai votar ced\u00eancia de terreno para amplia\u00e7\u00e3o da Brigada Militar em Teut\u00f4nia - Folha Popular","isPartOf":{"@id":"https:\/\/folhapopular.info\/#website"},"primaryImageOfPage":{"@id":"https:\/\/folhapopular.info\/index.php\/2023\/10\/02\/camara-vai-votar-cedencia-de-terreno-para-ampliacao-da-brigada-militar-em-teutonia\/#primaryimage"},"image":{"@id":"https:\/\/folhapopular.info\/index.php\/2023\/10\/02\/camara-vai-votar-cedencia-de-terreno-para-ampliacao-da-brigada-militar-em-teutonia\/#primaryimage"},"thumbnailUrl":"https:\/\/folhapopular.info\/wp-content\/uploads\/2023\/10\/WhatsApp-Image-2023-10-02-at-09.34.02.jpeg","datePublished":"2023-10-02T12:37:32+00:00","dateModified":"2023-10-02T12:37:35+00:00","author":{"@id":"https:\/\/folhapopular.info\/#\/schema\/person\/2814e8a0df7643585a9ca38bc6eb9d4b"},"breadcrumb":{"@id":"https:\/\/folhapopular.info\/index.php\/2023\/10\/02\/camara-vai-votar-cedencia-de-terreno-para-ampliacao-da-brigada-militar-em-teutonia\/#breadcrumb"},"inLanguage":"pt-BR","potentialAction":[{"@type":"ReadAction","target":["https:\/\/folhapopular.info\/index.php\/2023\/10\/02\/camara-vai-votar-cedencia-de-terreno-para-ampliacao-da-brigada-militar-em-teutonia\/"]}]},{"@type":"ImageObject","inLanguage":"pt-BR","@id":"https:\/\/folhapopular.info\/index.php\/2023\/10\/02\/camara-vai-votar-cedencia-de-terreno-para-ampliacao-da-brigada-militar-em-teutonia\/#primaryimage","url":"https:\/\/folhapopular.info\/wp-content\/uploads\/2023\/10\/WhatsApp-Image-2023-10-02-at-09.34.02.jpeg","contentUrl":"https:\/\/folhapopular.info\/wp-content\/uploads\/2023\/10\/WhatsApp-Image-2023-10-02-at-09.34.02.jpeg","width":1137,"height":742},{"@type":"BreadcrumbList","@id":"https:\/\/folhapopular.info\/index.php\/2023\/10\/02\/camara-vai-votar-cedencia-de-terreno-para-ampliacao-da-brigada-militar-em-teutonia\/#breadcrumb","itemListElement":[{"@type":"ListItem","position":1,"name":"In\u00edcio","item":"https:\/\/folhapopular.info\/"},{"@type":"ListItem","position":2,"name":"C\u00e2mara vai votar ced\u00eancia de terreno para amplia\u00e7\u00e3o da Brigada Militar em Teut\u00f4nia"}]},{"@type":"WebSite","@id":"https:\/\/folhapopular.info\/#website","url":"https:\/\/folhapopular.info\/","name":"Folha Popular","description":"Onde voc\u00ea tem vez e voz","potentialAction":[{"@type":"SearchAction","target":{"@type":"EntryPoint","urlTemplate":"https:\/\/folhapopular.info\/?s={search_term_string}"},"query-input":{"@type":"PropertyValueSpecification","valueRequired":true,"valueName":"search_term_string"}}],"inLanguage":"pt-BR"},{"@type":"Person","@id":"https:\/\/folhapopular.info\/#\/schema\/person\/2814e8a0df7643585a9ca38bc6eb9d4b","name":"Reda\u00e7\u00e3o Folha Popular","image":{"@type":"ImageObject","inLanguage":"pt-BR","@id":"https:\/\/folhapopular.info\/wp-content\/uploads\/2026\/04\/Folha-1.webp","url":"https:\/\/folhapopular.info\/wp-content\/uploads\/2026\/04\/Folha-1.webp","contentUrl":"https:\/\/folhapopular.info\/wp-content\/uploads\/2026\/04\/Folha-1.webp","caption":"Reda\u00e7\u00e3o Folha Popular"},"url":"https:\/\/folhapopular.info\/index.php\/author\/redacao\/"}]}},"jetpack_featured_media_url":"https:\/\/folhapopular.info\/wp-content\/uploads\/2023\/10\/WhatsApp-Image-2023-10-02-at-09.34.02.jpeg","jetpack_sharing_enabled":true,"amp_enabled":true,"_links":{"self":[{"href":"https:\/\/folhapopular.info\/index.php\/wp-json\/wp\/v2\/posts\/140947","targetHints":{"allow":["GET"]}}],"collection":[{"href":"https:\/\/folhapopular.info\/index.php\/wp-json\/wp\/v2\/posts"}],"about":[{"href":"https:\/\/folhapopular.info\/index.php\/wp-json\/wp\/v2\/types\/post"}],"author":[{"embeddable":true,"href":"https:\/\/folhapopular.info\/index.php\/wp-json\/wp\/v2\/users\/8"}],"replies":[{"embeddable":true,"href":"https:\/\/folhapopular.info\/index.php\/wp-json\/wp\/v2\/comments?post=140947"}],"version-history":[{"count":0,"href":"https:\/\/folhapopular.info\/index.php\/wp-json\/wp\/v2\/posts\/140947\/revisions"}],"wp:featuredmedia":[{"embeddable":true,"href":"https:\/\/folhapopular.info\/index.php\/wp-json\/wp\/v2\/media\/140948"}],"wp:attachment":[{"href":"https:\/\/folhapopular.info\/index.php\/wp-json\/wp\/v2\/media?parent=140947"}],"wp:term":[{"taxonomy":"category","embeddable":true,"href":"https:\/\/folhapopular.info\/index.php\/wp-json\/wp\/v2\/categories?post=140947"},{"taxonomy":"post_tag","embeddable":true,"href":"https:\/\/folhapopular.info\/index.php\/wp-json\/wp\/v2\/tags?post=140947"}],"curies":[{"name":"wp","href":"https:\/\/api.w.org\/{rel}","templated":true}]}}