{"id":141005,"date":"2023-10-03T14:28:36","date_gmt":"2023-10-03T17:28:36","guid":{"rendered":"https:\/\/folhapopular.info\/?p=141005"},"modified":"2023-10-03T14:38:06","modified_gmt":"2023-10-03T17:38:06","slug":"zagueiro-do-estudiantes-denuncia-injuria-racial","status":"publish","type":"post","link":"https:\/\/folhapopular.info\/index.php\/2023\/10\/03\/zagueiro-do-estudiantes-denuncia-injuria-racial\/","title":{"rendered":"Zagueiro do Estudiantes denuncia inj\u00faria racial"},"content":{"rendered":"\n<p>O capit\u00e3o do Estudiantes de Conventos, o zagueiro Teco, registrou boletim de ocorr\u00eancia na Delegacia On-line porque ouviu palavras de cunho racista direcionadas a ele por torcedores do Brasil de Marques de Souza, ap\u00f3s o jogo de domingo (1\u00ba\/10). \u201cEstava alongando na lateral do campo e fui atingido por diversos copos de cerveja e fui ofendido por dois indiv\u00edduos com \u2018toma preto sujo\u2019 e \u2018nego sujo\u2019\u201d, diz trecho do boletim. A arbitragem n\u00e3o citou nem relatou o caso na s\u00famula do jogo.<\/p>\n\n\n\n<p>Cl\u00e1udio Guimar\u00e3es Rosa \u201cTeco\u201d deu caracter\u00edsticas dos dois torcedores do Brasil. Um deles teria mais de 1,80m, em torno de 45 anos, completamente careca, usando casaco preto com z\u00edper aberto, camisa do clube Brasil. O outro teria de 1,61m a 1,80m, cabelo preto, em torno de 30 anos, usava bon\u00e9 preto, barbudo, \u00f3culos escuros e camiseta do Gr\u00eamio. O jogador ainda indicou uma testemunha do fato.<\/p>\n\n\n\n<p>O Estudiantes emitiu uma nota de rep\u00fadio na segunda-feira para lamentar e criticar o fato, bem como notificar a Aslivata para apurar o ocorrido e tomar as provid\u00eancias legais. O clube se solidarizou e presta suporte ao atleta. \u201cRacismo \u00e9 crime de \u00f3dio inaceit\u00e1vel na nossa sociedade e os criminosos devem ser identificados para que respondam por seus atos\u201d, diz trecho da nota. O Estudiantes ainda indicou o artigo 47 do regulamento.<\/p>\n\n\n\n<p>Tamb\u00e9m por meio de nota, a Aslivata lamentou mais um epis\u00f3dio de inj\u00faria racial e busca esclarecer os fatos em contato com os clubes. Pediu a Estudiantes, Brasil e ao zagueiro Teco para identificar os autores da inj\u00faria racial. Assim, poder\u00e1 aplicar as puni\u00e7\u00f5es previstas no regulamento, no \u00e2mbito esportivo. No espectro criminal, o atleta decidiu representar criminalmente contra os autores das ofensas.<\/p>\n\n\n\n<p><strong>Artigo 47\u00ba<\/strong><\/p>\n\n\n\n<p>A Aslivata como organizadora da competi\u00e7\u00e3o \u00e9 contra qualquer ato de racismo, por\u00e9m a responsabilidade de identificar e contornar caber\u00e1 aos clubes. Em caso de relat\u00f3rio do \u00e1rbitro de atos de racismo identificando o clube, esse ser\u00e1 penalizado com a perda de 100 pontos na disciplina e multa de 250,00 (duzentos e cinquenta reais) sem redu\u00e7\u00e3o.<\/p>\n\n\n\n<p><strong>Nota da Aslivata<\/strong><\/p>\n\n\n\n<p>\u201cSabemos que nota oficial n\u00e3o resolve o caos social que estamos inseridos. Mas, viemos por meio desta, esclarecer que, lamentamos profundamente que tenhamos que lidar com mais um cen\u00e1rio de racismo em nosso campeonato. Com certeza, prestamos todo o apoio ao atleta ofendido.<\/p>\n\n\n\n<p>A Aslivata salienta que est\u00e1 buscando esclarecer os fatos em contato com os dois clubes envolvidos. Entretanto, \u00e0 entidade cabe penalizar de acordo com o regulamento oficial, que deve ser de conhecimento comum a quem participa da competi\u00e7\u00e3o.<\/p>\n\n\n\n<p>Com forma de a\u00e7\u00e3o mediante o ocorrido, a Aslivata solicita ao EC Brasil, EC Estudiantes e ao atleta denunciante, que identifiquem os respons\u00e1veis por tais atos de racismo praticados na \u00faltima rodada, para que respondam por vias legais\u201d.<\/p>\n","protected":false},"excerpt":{"rendered":"<p>O capit\u00e3o do Estudiantes de Conventos, o zagueiro Teco, registrou boletim de ocorr\u00eancia na Delegacia On-line porque ouviu palavras de cunho racista direcionadas a ele por torcedores do Brasil de Marques de Souza, ap\u00f3s o jogo de domingo (1\u00ba\/10). \u201cEstava alongando na lateral do campo e fui atingido por diversos copos de cerveja e fui [&hellip;]<\/p>\n","protected":false},"author":7,"featured_media":141006,"comment_status":"open","ping_status":"open","sticky":false,"template":"","format":"standard","meta":{"pmpro_default_level":"","_jetpack_memberships_contains_paid_content":false,"footnotes":""},"categories":[5,240,288],"tags":[9498,9892,13063,13303],"class_list":{"0":"post-141005","1":"post","2":"type-post","3":"status-publish","4":"format-standard","5":"has-post-thumbnail","7":"category-esportes","8":"category-futebol-amador","9":"category-regional-da-aslivata","10":"tag-denuncia-2","11":"tag-estudiantes","12":"tag-injuria-racial","13":"tag-zagueiro","14":"pmpro-has-access"},"yoast_head":"<!-- This site is optimized with the Yoast SEO plugin v27.5 - https:\/\/yoast.com\/product\/yoast-seo-wordpress\/ -->\n<title>Zagueiro do Estudiantes denuncia inj\u00faria racial - Folha Popular<\/title>\n<meta name=\"robots\" content=\"index, follow, max-snippet:-1, max-image-preview:large, max-video-preview:-1\" \/>\n<link rel=\"canonical\" href=\"https:\/\/folhapopular.info\/index.php\/2023\/10\/03\/zagueiro-do-estudiantes-denuncia-injuria-racial\/\" \/>\n<meta property=\"og:locale\" content=\"pt_BR\" \/>\n<meta property=\"og:type\" content=\"article\" \/>\n<meta property=\"og:title\" content=\"Zagueiro do Estudiantes denuncia inj\u00faria racial - Folha Popular\" \/>\n<meta property=\"og:description\" content=\"O capit\u00e3o do Estudiantes de Conventos, o zagueiro Teco, registrou boletim de ocorr\u00eancia na Delegacia On-line porque ouviu palavras de cunho racista direcionadas a ele por torcedores do Brasil de Marques de Souza, ap\u00f3s o jogo de domingo (1\u00ba\/10). \u201cEstava alongando na lateral do campo e fui atingido por diversos copos de cerveja e fui [&hellip;]\" \/>\n<meta property=\"og:url\" content=\"https:\/\/folhapopular.info\/index.php\/2023\/10\/03\/zagueiro-do-estudiantes-denuncia-injuria-racial\/\" \/>\n<meta property=\"og:site_name\" content=\"Folha Popular\" \/>\n<meta property=\"article:published_time\" content=\"2023-10-03T17:28:36+00:00\" \/>\n<meta property=\"article:modified_time\" content=\"2023-10-03T17:38:06+00:00\" \/>\n<meta property=\"og:image\" content=\"http:\/\/folhapopular.info\/wp-content\/uploads\/2023\/10\/WhatsApp-Image-2023-10-03-at-09.38.48.jpeg\" \/>\n\t<meta property=\"og:image:width\" content=\"1170\" \/>\n\t<meta property=\"og:image:height\" content=\"733\" \/>\n\t<meta property=\"og:image:type\" content=\"image\/jpeg\" \/>\n<meta name=\"author\" content=\"Lucas Leandro Brune\" \/>\n<meta name=\"twitter:card\" content=\"summary_large_image\" \/>\n<meta name=\"twitter:label1\" content=\"Escrito por\" \/>\n\t<meta name=\"twitter:data1\" content=\"Lucas Leandro Brune\" \/>\n\t<meta name=\"twitter:label2\" content=\"Est. tempo de leitura\" \/>\n\t<meta name=\"twitter:data2\" content=\"3 minutos\" \/>\n<script type=\"application\/ld+json\" class=\"yoast-schema-graph\">{\"@context\":\"https:\\\/\\\/schema.org\",\"@graph\":[{\"@type\":\"Article\",\"@id\":\"https:\\\/\\\/folhapopular.info\\\/index.php\\\/2023\\\/10\\\/03\\\/zagueiro-do-estudiantes-denuncia-injuria-racial\\\/#article\",\"isPartOf\":{\"@id\":\"https:\\\/\\\/folhapopular.info\\\/index.php\\\/2023\\\/10\\\/03\\\/zagueiro-do-estudiantes-denuncia-injuria-racial\\\/\"},\"author\":{\"name\":\"Lucas Leandro Brune\",\"@id\":\"https:\\\/\\\/folhapopular.info\\\/#\\\/schema\\\/person\\\/533a15f60cd49e81ab3a90b4ca33cb36\"},\"headline\":\"Zagueiro do Estudiantes denuncia inj\u00faria racial\",\"datePublished\":\"2023-10-03T17:28:36+00:00\",\"dateModified\":\"2023-10-03T17:38:06+00:00\",\"mainEntityOfPage\":{\"@id\":\"https:\\\/\\\/folhapopular.info\\\/index.php\\\/2023\\\/10\\\/03\\\/zagueiro-do-estudiantes-denuncia-injuria-racial\\\/\"},\"wordCount\":488,\"commentCount\":0,\"image\":{\"@id\":\"https:\\\/\\\/folhapopular.info\\\/index.php\\\/2023\\\/10\\\/03\\\/zagueiro-do-estudiantes-denuncia-injuria-racial\\\/#primaryimage\"},\"thumbnailUrl\":\"https:\\\/\\\/folhapopular.info\\\/wp-content\\\/uploads\\\/2023\\\/10\\\/WhatsApp-Image-2023-10-03-at-09.38.48.jpeg\",\"keywords\":[\"Den\u00fancia\",\"Estudiantes\",\"Inj\u00faria racial\",\"Zagueiro\"],\"articleSection\":[\"Esportes\",\"Futebol Amador\",\"Regional da Aslivata\"],\"inLanguage\":\"pt-BR\",\"potentialAction\":[{\"@type\":\"CommentAction\",\"name\":\"Comment\",\"target\":[\"https:\\\/\\\/folhapopular.info\\\/index.php\\\/2023\\\/10\\\/03\\\/zagueiro-do-estudiantes-denuncia-injuria-racial\\\/#respond\"]}]},{\"@type\":\"WebPage\",\"@id\":\"https:\\\/\\\/folhapopular.info\\\/index.php\\\/2023\\\/10\\\/03\\\/zagueiro-do-estudiantes-denuncia-injuria-racial\\\/\",\"url\":\"https:\\\/\\\/folhapopular.info\\\/index.php\\\/2023\\\/10\\\/03\\\/zagueiro-do-estudiantes-denuncia-injuria-racial\\\/\",\"name\":\"Zagueiro do Estudiantes denuncia inj\u00faria racial - Folha Popular\",\"isPartOf\":{\"@id\":\"https:\\\/\\\/folhapopular.info\\\/#website\"},\"primaryImageOfPage\":{\"@id\":\"https:\\\/\\\/folhapopular.info\\\/index.php\\\/2023\\\/10\\\/03\\\/zagueiro-do-estudiantes-denuncia-injuria-racial\\\/#primaryimage\"},\"image\":{\"@id\":\"https:\\\/\\\/folhapopular.info\\\/index.php\\\/2023\\\/10\\\/03\\\/zagueiro-do-estudiantes-denuncia-injuria-racial\\\/#primaryimage\"},\"thumbnailUrl\":\"https:\\\/\\\/folhapopular.info\\\/wp-content\\\/uploads\\\/2023\\\/10\\\/WhatsApp-Image-2023-10-03-at-09.38.48.jpeg\",\"datePublished\":\"2023-10-03T17:28:36+00:00\",\"dateModified\":\"2023-10-03T17:38:06+00:00\",\"author\":{\"@id\":\"https:\\\/\\\/folhapopular.info\\\/#\\\/schema\\\/person\\\/533a15f60cd49e81ab3a90b4ca33cb36\"},\"breadcrumb\":{\"@id\":\"https:\\\/\\\/folhapopular.info\\\/index.php\\\/2023\\\/10\\\/03\\\/zagueiro-do-estudiantes-denuncia-injuria-racial\\\/#breadcrumb\"},\"inLanguage\":\"pt-BR\",\"potentialAction\":[{\"@type\":\"ReadAction\",\"target\":[\"https:\\\/\\\/folhapopular.info\\\/index.php\\\/2023\\\/10\\\/03\\\/zagueiro-do-estudiantes-denuncia-injuria-racial\\\/\"]}]},{\"@type\":\"ImageObject\",\"inLanguage\":\"pt-BR\",\"@id\":\"https:\\\/\\\/folhapopular.info\\\/index.php\\\/2023\\\/10\\\/03\\\/zagueiro-do-estudiantes-denuncia-injuria-racial\\\/#primaryimage\",\"url\":\"https:\\\/\\\/folhapopular.info\\\/wp-content\\\/uploads\\\/2023\\\/10\\\/WhatsApp-Image-2023-10-03-at-09.38.48.jpeg\",\"contentUrl\":\"https:\\\/\\\/folhapopular.info\\\/wp-content\\\/uploads\\\/2023\\\/10\\\/WhatsApp-Image-2023-10-03-at-09.38.48.jpeg\",\"width\":1170,\"height\":733,\"caption\":\"Teco \u00e9 zagueiro e capit\u00e3o do Estudiantes no Regional S\u00e9rie A \\\/ Cr\u00e9dito: Flow \\\/ Marketing Esportivo \\\/ Divulga\u00e7\u00e3o\"},{\"@type\":\"BreadcrumbList\",\"@id\":\"https:\\\/\\\/folhapopular.info\\\/index.php\\\/2023\\\/10\\\/03\\\/zagueiro-do-estudiantes-denuncia-injuria-racial\\\/#breadcrumb\",\"itemListElement\":[{\"@type\":\"ListItem\",\"position\":1,\"name\":\"In\u00edcio\",\"item\":\"https:\\\/\\\/folhapopular.info\\\/\"},{\"@type\":\"ListItem\",\"position\":2,\"name\":\"Zagueiro do Estudiantes denuncia inj\u00faria racial\"}]},{\"@type\":\"WebSite\",\"@id\":\"https:\\\/\\\/folhapopular.info\\\/#website\",\"url\":\"https:\\\/\\\/folhapopular.info\\\/\",\"name\":\"Folha Popular\",\"description\":\"Onde voc\u00ea tem vez e voz\",\"potentialAction\":[{\"@type\":\"SearchAction\",\"target\":{\"@type\":\"EntryPoint\",\"urlTemplate\":\"https:\\\/\\\/folhapopular.info\\\/?s={search_term_string}\"},\"query-input\":{\"@type\":\"PropertyValueSpecification\",\"valueRequired\":true,\"valueName\":\"search_term_string\"}}],\"inLanguage\":\"pt-BR\"},{\"@type\":\"Person\",\"@id\":\"https:\\\/\\\/folhapopular.info\\\/#\\\/schema\\\/person\\\/533a15f60cd49e81ab3a90b4ca33cb36\",\"name\":\"Lucas Leandro Brune\",\"image\":{\"@type\":\"ImageObject\",\"inLanguage\":\"pt-BR\",\"@id\":\"https:\\\/\\\/folhapopular.info\\\/wp-content\\\/uploads\\\/2026\\\/04\\\/LUCAS-1-1.webp\",\"url\":\"https:\\\/\\\/folhapopular.info\\\/wp-content\\\/uploads\\\/2026\\\/04\\\/LUCAS-1-1.webp\",\"contentUrl\":\"https:\\\/\\\/folhapopular.info\\\/wp-content\\\/uploads\\\/2026\\\/04\\\/LUCAS-1-1.webp\",\"caption\":\"Lucas Leandro Brune\"},\"description\":\"Jornalista Profissional Diplomado MTB\\\/RS 14.333\",\"url\":\"https:\\\/\\\/folhapopular.info\\\/index.php\\\/author\\\/lucas-brune\\\/\"}]}<\/script>\n<!-- \/ Yoast SEO plugin. -->","yoast_head_json":{"title":"Zagueiro do Estudiantes denuncia inj\u00faria racial - Folha Popular","robots":{"index":"index","follow":"follow","max-snippet":"max-snippet:-1","max-image-preview":"max-image-preview:large","max-video-preview":"max-video-preview:-1"},"canonical":"https:\/\/folhapopular.info\/index.php\/2023\/10\/03\/zagueiro-do-estudiantes-denuncia-injuria-racial\/","og_locale":"pt_BR","og_type":"article","og_title":"Zagueiro do Estudiantes denuncia inj\u00faria racial - Folha Popular","og_description":"O capit\u00e3o do Estudiantes de Conventos, o zagueiro Teco, registrou boletim de ocorr\u00eancia na Delegacia On-line porque ouviu palavras de cunho racista direcionadas a ele por torcedores do Brasil de Marques de Souza, ap\u00f3s o jogo de domingo (1\u00ba\/10). \u201cEstava alongando na lateral do campo e fui atingido por diversos copos de cerveja e fui [&hellip;]","og_url":"https:\/\/folhapopular.info\/index.php\/2023\/10\/03\/zagueiro-do-estudiantes-denuncia-injuria-racial\/","og_site_name":"Folha Popular","article_published_time":"2023-10-03T17:28:36+00:00","article_modified_time":"2023-10-03T17:38:06+00:00","og_image":[{"width":1170,"height":733,"url":"http:\/\/folhapopular.info\/wp-content\/uploads\/2023\/10\/WhatsApp-Image-2023-10-03-at-09.38.48.jpeg","type":"image\/jpeg"}],"author":"Lucas Leandro Brune","twitter_card":"summary_large_image","twitter_misc":{"Escrito por":"Lucas Leandro Brune","Est. tempo de leitura":"3 minutos"},"schema":{"@context":"https:\/\/schema.org","@graph":[{"@type":"Article","@id":"https:\/\/folhapopular.info\/index.php\/2023\/10\/03\/zagueiro-do-estudiantes-denuncia-injuria-racial\/#article","isPartOf":{"@id":"https:\/\/folhapopular.info\/index.php\/2023\/10\/03\/zagueiro-do-estudiantes-denuncia-injuria-racial\/"},"author":{"name":"Lucas Leandro Brune","@id":"https:\/\/folhapopular.info\/#\/schema\/person\/533a15f60cd49e81ab3a90b4ca33cb36"},"headline":"Zagueiro do Estudiantes denuncia inj\u00faria racial","datePublished":"2023-10-03T17:28:36+00:00","dateModified":"2023-10-03T17:38:06+00:00","mainEntityOfPage":{"@id":"https:\/\/folhapopular.info\/index.php\/2023\/10\/03\/zagueiro-do-estudiantes-denuncia-injuria-racial\/"},"wordCount":488,"commentCount":0,"image":{"@id":"https:\/\/folhapopular.info\/index.php\/2023\/10\/03\/zagueiro-do-estudiantes-denuncia-injuria-racial\/#primaryimage"},"thumbnailUrl":"https:\/\/folhapopular.info\/wp-content\/uploads\/2023\/10\/WhatsApp-Image-2023-10-03-at-09.38.48.jpeg","keywords":["Den\u00fancia","Estudiantes","Inj\u00faria racial","Zagueiro"],"articleSection":["Esportes","Futebol Amador","Regional da Aslivata"],"inLanguage":"pt-BR","potentialAction":[{"@type":"CommentAction","name":"Comment","target":["https:\/\/folhapopular.info\/index.php\/2023\/10\/03\/zagueiro-do-estudiantes-denuncia-injuria-racial\/#respond"]}]},{"@type":"WebPage","@id":"https:\/\/folhapopular.info\/index.php\/2023\/10\/03\/zagueiro-do-estudiantes-denuncia-injuria-racial\/","url":"https:\/\/folhapopular.info\/index.php\/2023\/10\/03\/zagueiro-do-estudiantes-denuncia-injuria-racial\/","name":"Zagueiro do Estudiantes denuncia inj\u00faria racial - Folha Popular","isPartOf":{"@id":"https:\/\/folhapopular.info\/#website"},"primaryImageOfPage":{"@id":"https:\/\/folhapopular.info\/index.php\/2023\/10\/03\/zagueiro-do-estudiantes-denuncia-injuria-racial\/#primaryimage"},"image":{"@id":"https:\/\/folhapopular.info\/index.php\/2023\/10\/03\/zagueiro-do-estudiantes-denuncia-injuria-racial\/#primaryimage"},"thumbnailUrl":"https:\/\/folhapopular.info\/wp-content\/uploads\/2023\/10\/WhatsApp-Image-2023-10-03-at-09.38.48.jpeg","datePublished":"2023-10-03T17:28:36+00:00","dateModified":"2023-10-03T17:38:06+00:00","author":{"@id":"https:\/\/folhapopular.info\/#\/schema\/person\/533a15f60cd49e81ab3a90b4ca33cb36"},"breadcrumb":{"@id":"https:\/\/folhapopular.info\/index.php\/2023\/10\/03\/zagueiro-do-estudiantes-denuncia-injuria-racial\/#breadcrumb"},"inLanguage":"pt-BR","potentialAction":[{"@type":"ReadAction","target":["https:\/\/folhapopular.info\/index.php\/2023\/10\/03\/zagueiro-do-estudiantes-denuncia-injuria-racial\/"]}]},{"@type":"ImageObject","inLanguage":"pt-BR","@id":"https:\/\/folhapopular.info\/index.php\/2023\/10\/03\/zagueiro-do-estudiantes-denuncia-injuria-racial\/#primaryimage","url":"https:\/\/folhapopular.info\/wp-content\/uploads\/2023\/10\/WhatsApp-Image-2023-10-03-at-09.38.48.jpeg","contentUrl":"https:\/\/folhapopular.info\/wp-content\/uploads\/2023\/10\/WhatsApp-Image-2023-10-03-at-09.38.48.jpeg","width":1170,"height":733,"caption":"Teco \u00e9 zagueiro e capit\u00e3o do Estudiantes no Regional S\u00e9rie A \/ Cr\u00e9dito: Flow \/ Marketing Esportivo \/ Divulga\u00e7\u00e3o"},{"@type":"BreadcrumbList","@id":"https:\/\/folhapopular.info\/index.php\/2023\/10\/03\/zagueiro-do-estudiantes-denuncia-injuria-racial\/#breadcrumb","itemListElement":[{"@type":"ListItem","position":1,"name":"In\u00edcio","item":"https:\/\/folhapopular.info\/"},{"@type":"ListItem","position":2,"name":"Zagueiro do Estudiantes denuncia inj\u00faria racial"}]},{"@type":"WebSite","@id":"https:\/\/folhapopular.info\/#website","url":"https:\/\/folhapopular.info\/","name":"Folha Popular","description":"Onde voc\u00ea tem vez e voz","potentialAction":[{"@type":"SearchAction","target":{"@type":"EntryPoint","urlTemplate":"https:\/\/folhapopular.info\/?s={search_term_string}"},"query-input":{"@type":"PropertyValueSpecification","valueRequired":true,"valueName":"search_term_string"}}],"inLanguage":"pt-BR"},{"@type":"Person","@id":"https:\/\/folhapopular.info\/#\/schema\/person\/533a15f60cd49e81ab3a90b4ca33cb36","name":"Lucas Leandro Brune","image":{"@type":"ImageObject","inLanguage":"pt-BR","@id":"https:\/\/folhapopular.info\/wp-content\/uploads\/2026\/04\/LUCAS-1-1.webp","url":"https:\/\/folhapopular.info\/wp-content\/uploads\/2026\/04\/LUCAS-1-1.webp","contentUrl":"https:\/\/folhapopular.info\/wp-content\/uploads\/2026\/04\/LUCAS-1-1.webp","caption":"Lucas Leandro Brune"},"description":"Jornalista Profissional Diplomado MTB\/RS 14.333","url":"https:\/\/folhapopular.info\/index.php\/author\/lucas-brune\/"}]}},"jetpack_featured_media_url":"https:\/\/folhapopular.info\/wp-content\/uploads\/2023\/10\/WhatsApp-Image-2023-10-03-at-09.38.48.jpeg","jetpack_sharing_enabled":true,"amp_enabled":true,"_links":{"self":[{"href":"https:\/\/folhapopular.info\/index.php\/wp-json\/wp\/v2\/posts\/141005","targetHints":{"allow":["GET"]}}],"collection":[{"href":"https:\/\/folhapopular.info\/index.php\/wp-json\/wp\/v2\/posts"}],"about":[{"href":"https:\/\/folhapopular.info\/index.php\/wp-json\/wp\/v2\/types\/post"}],"author":[{"embeddable":true,"href":"https:\/\/folhapopular.info\/index.php\/wp-json\/wp\/v2\/users\/7"}],"replies":[{"embeddable":true,"href":"https:\/\/folhapopular.info\/index.php\/wp-json\/wp\/v2\/comments?post=141005"}],"version-history":[{"count":0,"href":"https:\/\/folhapopular.info\/index.php\/wp-json\/wp\/v2\/posts\/141005\/revisions"}],"wp:featuredmedia":[{"embeddable":true,"href":"https:\/\/folhapopular.info\/index.php\/wp-json\/wp\/v2\/media\/141006"}],"wp:attachment":[{"href":"https:\/\/folhapopular.info\/index.php\/wp-json\/wp\/v2\/media?parent=141005"}],"wp:term":[{"taxonomy":"category","embeddable":true,"href":"https:\/\/folhapopular.info\/index.php\/wp-json\/wp\/v2\/categories?post=141005"},{"taxonomy":"post_tag","embeddable":true,"href":"https:\/\/folhapopular.info\/index.php\/wp-json\/wp\/v2\/tags?post=141005"}],"curies":[{"name":"wp","href":"https:\/\/api.w.org\/{rel}","templated":true}]}}