{"id":141022,"date":"2023-10-04T07:20:00","date_gmt":"2023-10-04T10:20:00","guid":{"rendered":"https:\/\/folhapopular.info\/?p=141022"},"modified":"2023-10-03T16:25:43","modified_gmt":"2023-10-03T19:25:43","slug":"feira-do-livro-de-imigrante-mobiliza-as-familias","status":"publish","type":"post","link":"https:\/\/folhapopular.info\/index.php\/2023\/10\/04\/feira-do-livro-de-imigrante-mobiliza-as-familias\/","title":{"rendered":"Feira do Livro de Imigrante mobiliza as fam\u00edlias"},"content":{"rendered":"\n<p>A Feira do Livro de Imigrante ocorre desta quinta-feira a s\u00e1bado (5 a 7\/10), no Gin\u00e1sio Municipal de Esportes Arnoldo Guilherme Rex. Op\u00e7\u00f5es de livros, atividades culturais e atra\u00e7\u00f5es para toda a fam\u00edlia foram preparadas pela Secretaria Municipal de Educa\u00e7\u00e3o. A diferen\u00e7a da programa\u00e7\u00e3o deste ano \u00e9 justamente o envolvimento com alunos e familiares. O secret\u00e1rio Carlos Lutterbeck enfatiza a amplia\u00e7\u00e3o at\u00e9 s\u00e1bado para envolver a comunidade.<\/p>\n\n\n\n<p>As atividades iniciam \u00e0s 8h da manh\u00e3 desta quinta-feira. \u00c0s 8h30 haver\u00e1 palestra com Giovanni Mattiello: \u201cDa Sociologia ao Rock\u201d. O dia segue com show de m\u00e1gica, com Mateus di Macedo, apresenta\u00e7\u00e3o de Cross Dance, com o Grupo Percuss\u00e3o Corporal Tum Tum P\u00e1 e conta\u00e7\u00e3o de hist\u00f3rias, com Cleia Haubert. \u00c0s 19h, ocorre a abertura oficial da Feira do Livro, seguida da premia\u00e7\u00e3o do concurso do logo e desenho da Feira, apresenta\u00e7\u00e3o da Orquestra Municipal e show de m\u00e1gica.<\/p>\n\n\n\n<p>A sexta-feira (6\/10) come\u00e7a com conversa com o escritor Pablo Moreno, seguida da apresenta\u00e7\u00e3o da pe\u00e7a de teatro \u201cA p\u00edlula Falante, de Monteiro Lobato\u201d. Ap\u00f3s, tem roda de conversa com a escritora M\u00e1rcia Dieter e apresenta\u00e7\u00e3o da Orquestra Jovem de Imigrante. A noite encerra com a pe\u00e7a \u201cO Rapto das Cebolinhas, de Maria Clara Machado, pelo grupo Fa\u00e7arte. A dire\u00e7\u00e3o \u00e9 de Marcelo Brentano.<\/p>\n\n\n\n<h2 class=\"wp-block-heading\">Dia da Fam\u00edlia<\/h2>\n\n\n\n<p>A Feira do Livro de Imigrante continua no s\u00e1bado, que promete ser bem animado. \u00c0s 10h inicia o Dia da Fam\u00edlia, na Pra\u00e7a Municipal Henrique Br\u00fcckner, ao lado do Gin\u00e1sio Municipal. As atra\u00e7\u00f5es ser\u00e3o a feira da Sa\u00fade e Cras, feira do produtor e feira de artesanato. Haver\u00e1 animador infantil e brinquedos infl\u00e1veis para a crian\u00e7ada. Tamb\u00e9m ter\u00e1: alongamento, din\u00e2micas, ervateira e m\u00fasica ao vivo com Xepa.<\/p>\n\n\n\n<h2 class=\"wp-block-heading\">Programa\u00e7\u00e3o<\/h2>\n\n\n\n<p><strong>5 de outubro \u2013 quinta-feira<\/strong><\/p>\n\n\n\n<p>&#8211; Exposi\u00e7\u00e3o e comercializa\u00e7\u00e3o de livros- Atividades culturais<\/p>\n\n\n\n<p>8h \u2013 In\u00edcio das atividades da Feira do Livro<\/p>\n\n\n\n<p>8h30 \u2013 Palestra: Da Sociologia ao Rock &#8211; Palestrante: Giovanni Mattiello<br>5\u00ba ano, Anos Finais do Ensino Fundamental e Ensino M\u00e9dio<\/p>\n\n\n\n<p>10h30 \u2013 Show de m\u00e1gica &#8211; M\u00e1gico Mateus di Macedo<\/p>\n\n\n\n<p>14h30 \u2013 Conta\u00e7\u00e3o de Hist\u00f3rias &#8211; Contadora: Cleia Haubert<br>Pr\u00e9-escola at\u00e9 4\u00ba ano do Ensino Fundamental<\/p>\n\n\n\n<p>15h \u2013 Apresenta\u00e7\u00e3o Cultural \u2013 Cross Dance \u2013 Grupo percuss\u00e3o corporal Tum Tum P\u00e1 &#8211; Alunos do Turno Integral da Emef Santo Ant\u00f4nio<br>Pr\u00e9-escola at\u00e9 4\u00ba ano do Ensino Fundamental<\/p>\n\n\n\n<p>15h30 \u2013 Show de m\u00e1gica &#8211; M\u00e1gico Mateus di Macedo<br>Educa\u00e7\u00e3o Infantil at\u00e9 4\u00ba ano do Ensino Fundamental<\/p>\n\n\n\n<p>19h &#8211; Solenidade Oficial de Abertura da Feira do Livro<br>&#8211; Premia\u00e7\u00e3o do Concurso do logo e desenho da Feira do Livro<br>&#8211; Apresenta\u00e7\u00e3o Cultural: Apresenta\u00e7\u00e3o da Orquestra Municipal de Imigrante<br>&#8211; Show de m\u00e1gica &#8211; M\u00e1gico Mateus di Macedo<\/p>\n\n\n\n<p>22h \u2013 Encerramento das Atividades<\/p>\n\n\n\n<p><strong>6 de outubro \u2013 sexta-feira<\/strong><\/p>\n\n\n\n<p>&#8211; Exposi\u00e7\u00e3o e Comercializa\u00e7\u00e3o de livros<\/p>\n\n\n\n<p>&#8211; Atividades culturais<\/p>\n\n\n\n<p>8h \u2013 in\u00edcio das atividades da Feira do Livro<\/p>\n\n\n\n<p>8h30 \u2013 Conversa com o escritor Pablo Moreno \u2013 alunos do 5\u00ba ao 9\u00ba ano do Ensino Fundamental e Ensino M\u00e9dio<\/p>\n\n\n\n<p>10h15 \u2013 Teatro \u2013 A p\u00edlula falante Monteiro Lobato \u2013 Emef Santo Ant\u00f4nio<\/p>\n\n\n\n<p>13h30 \u2013 Conversa com a escritora M\u00e1rcia Dieter &#8211; alunos do 1\u00ba ao 4\u00ba ano do Ensino Fundamental<\/p>\n\n\n\n<p>15h \u2013 Conversa com a escritora M\u00e1rcia Dieter &#8211; alunos da Educa\u00e7\u00e3o Infantil \u2013 Creche e P\u00e9-escola<\/p>\n\n\n\n<p>15h45 &#8211; Nosso amiguinho \u2013 Educa\u00e7\u00e3o Infantil at\u00e9 4\u00ba ano do Ensino Fundamental<\/p>\n\n\n\n<p>19h \u2013 Apresenta\u00e7\u00e3o Cultural: Orquestra Jovem de Imigrante<br>Alunos Educa\u00e7\u00e3o Infantil e Anos Iniciais \u2013 Escolas do Munic\u00edpio<br>Pe\u00e7a Teatral O Rapto das Cebolinhas, de Maria Clara Machado \u2013 Dire\u00e7\u00e3o: Marcelo Brentano &#8211; Grupo Teatral Fa\u00e7arte<\/p>\n\n\n\n<p>21h30 \u2013 Encerramento das Atividades<\/p>\n\n\n\n<p><strong>7 de outubro \u2013 s\u00e1bado<\/strong><\/p>\n\n\n\n<p>&#8211; Exposi\u00e7\u00e3o e comercializa\u00e7\u00e3o de livros<\/p>\n\n\n\n<p>&#8211; Dia da Fam\u00edlia<\/p>\n\n\n\n<p>Das 10h \u00e0s 17h<br>&#8211; Feira da Sa\u00fade e Cras<br>&#8211; Feira do produtor<br>&#8211; Feira de artesanato<br>&#8211; Animador infantil<br>&#8211; Brinquedos infl\u00e1veis<br>&#8211; Alongamento e din\u00e2micas<br>&#8211; Ervateira<br>&#8211; Voz e viol\u00e3o \u2013 Xepa<\/p>\n","protected":false},"excerpt":{"rendered":"<p>A Feira do Livro de Imigrante ocorre desta quinta-feira a s\u00e1bado (5 a 7\/10), no Gin\u00e1sio Municipal de Esportes Arnoldo Guilherme Rex. Op\u00e7\u00f5es de livros, atividades culturais e atra\u00e7\u00f5es para toda a fam\u00edlia foram preparadas pela Secretaria Municipal de Educa\u00e7\u00e3o. A diferen\u00e7a da programa\u00e7\u00e3o deste ano \u00e9 justamente o envolvimento com alunos e familiares. O [&hellip;]<\/p>\n","protected":false},"author":8,"featured_media":141023,"comment_status":"open","ping_status":"open","sticky":false,"template":"","format":"standard","meta":{"pmpro_default_level":"","_jetpack_memberships_contains_paid_content":false,"footnotes":""},"categories":[10996,2,6],"tags":[13313,34],"class_list":{"0":"post-141022","1":"post","2":"type-post","3":"status-publish","4":"format-standard","5":"has-post-thumbnail","7":"category-cultura","8":"category-featured","9":"category-inclusive","10":"tag-feira-do-livro-de-imigrante","11":"tag-imigrante","12":"pmpro-has-access"},"yoast_head":"<!-- This site is optimized with the Yoast SEO plugin v27.5 - https:\/\/yoast.com\/product\/yoast-seo-wordpress\/ -->\n<title>Feira do Livro de Imigrante mobiliza as fam\u00edlias - Folha Popular<\/title>\n<meta name=\"robots\" content=\"index, follow, max-snippet:-1, max-image-preview:large, max-video-preview:-1\" \/>\n<link rel=\"canonical\" href=\"https:\/\/folhapopular.info\/index.php\/2023\/10\/04\/feira-do-livro-de-imigrante-mobiliza-as-familias\/\" \/>\n<meta property=\"og:locale\" content=\"pt_BR\" \/>\n<meta property=\"og:type\" content=\"article\" \/>\n<meta property=\"og:title\" content=\"Feira do Livro de Imigrante mobiliza as fam\u00edlias - Folha Popular\" \/>\n<meta property=\"og:description\" content=\"A Feira do Livro de Imigrante ocorre desta quinta-feira a s\u00e1bado (5 a 7\/10), no Gin\u00e1sio Municipal de Esportes Arnoldo Guilherme Rex. Op\u00e7\u00f5es de livros, atividades culturais e atra\u00e7\u00f5es para toda a fam\u00edlia foram preparadas pela Secretaria Municipal de Educa\u00e7\u00e3o. A diferen\u00e7a da programa\u00e7\u00e3o deste ano \u00e9 justamente o envolvimento com alunos e familiares. O [&hellip;]\" \/>\n<meta property=\"og:url\" content=\"https:\/\/folhapopular.info\/index.php\/2023\/10\/04\/feira-do-livro-de-imigrante-mobiliza-as-familias\/\" \/>\n<meta property=\"og:site_name\" content=\"Folha Popular\" \/>\n<meta property=\"article:published_time\" content=\"2023-10-04T10:20:00+00:00\" \/>\n<meta property=\"og:image\" content=\"https:\/\/folhapopular.info\/wp-content\/uploads\/2023\/10\/CTS_0253-scaled.jpg\" \/>\n\t<meta property=\"og:image:width\" content=\"2560\" \/>\n\t<meta property=\"og:image:height\" content=\"1708\" \/>\n\t<meta property=\"og:image:type\" content=\"image\/jpeg\" \/>\n<meta name=\"author\" content=\"Reda\u00e7\u00e3o Folha Popular\" \/>\n<meta name=\"twitter:card\" content=\"summary_large_image\" \/>\n<meta name=\"twitter:label1\" content=\"Escrito por\" \/>\n\t<meta name=\"twitter:data1\" content=\"Reda\u00e7\u00e3o Folha Popular\" \/>\n\t<meta name=\"twitter:label2\" content=\"Est. tempo de leitura\" \/>\n\t<meta name=\"twitter:data2\" content=\"4 minutos\" \/>\n<script type=\"application\/ld+json\" class=\"yoast-schema-graph\">{\"@context\":\"https:\\\/\\\/schema.org\",\"@graph\":[{\"@type\":\"Article\",\"@id\":\"https:\\\/\\\/folhapopular.info\\\/index.php\\\/2023\\\/10\\\/04\\\/feira-do-livro-de-imigrante-mobiliza-as-familias\\\/#article\",\"isPartOf\":{\"@id\":\"https:\\\/\\\/folhapopular.info\\\/index.php\\\/2023\\\/10\\\/04\\\/feira-do-livro-de-imigrante-mobiliza-as-familias\\\/\"},\"author\":{\"name\":\"Reda\u00e7\u00e3o Folha Popular\",\"@id\":\"https:\\\/\\\/folhapopular.info\\\/#\\\/schema\\\/person\\\/2814e8a0df7643585a9ca38bc6eb9d4b\"},\"headline\":\"Feira do Livro de Imigrante mobiliza as fam\u00edlias\",\"datePublished\":\"2023-10-04T10:20:00+00:00\",\"mainEntityOfPage\":{\"@id\":\"https:\\\/\\\/folhapopular.info\\\/index.php\\\/2023\\\/10\\\/04\\\/feira-do-livro-de-imigrante-mobiliza-as-familias\\\/\"},\"wordCount\":679,\"commentCount\":0,\"image\":{\"@id\":\"https:\\\/\\\/folhapopular.info\\\/index.php\\\/2023\\\/10\\\/04\\\/feira-do-livro-de-imigrante-mobiliza-as-familias\\\/#primaryimage\"},\"thumbnailUrl\":\"https:\\\/\\\/folhapopular.info\\\/wp-content\\\/uploads\\\/2023\\\/10\\\/CTS_0253-scaled.jpg\",\"keywords\":[\"Feira do Livro de Imigrante\",\"Imigrante\"],\"articleSection\":[\"Cultura\",\"Destaques\",\"Inclusive\"],\"inLanguage\":\"pt-BR\",\"potentialAction\":[{\"@type\":\"CommentAction\",\"name\":\"Comment\",\"target\":[\"https:\\\/\\\/folhapopular.info\\\/index.php\\\/2023\\\/10\\\/04\\\/feira-do-livro-de-imigrante-mobiliza-as-familias\\\/#respond\"]}]},{\"@type\":\"WebPage\",\"@id\":\"https:\\\/\\\/folhapopular.info\\\/index.php\\\/2023\\\/10\\\/04\\\/feira-do-livro-de-imigrante-mobiliza-as-familias\\\/\",\"url\":\"https:\\\/\\\/folhapopular.info\\\/index.php\\\/2023\\\/10\\\/04\\\/feira-do-livro-de-imigrante-mobiliza-as-familias\\\/\",\"name\":\"Feira do Livro de Imigrante mobiliza as fam\u00edlias - Folha Popular\",\"isPartOf\":{\"@id\":\"https:\\\/\\\/folhapopular.info\\\/#website\"},\"primaryImageOfPage\":{\"@id\":\"https:\\\/\\\/folhapopular.info\\\/index.php\\\/2023\\\/10\\\/04\\\/feira-do-livro-de-imigrante-mobiliza-as-familias\\\/#primaryimage\"},\"image\":{\"@id\":\"https:\\\/\\\/folhapopular.info\\\/index.php\\\/2023\\\/10\\\/04\\\/feira-do-livro-de-imigrante-mobiliza-as-familias\\\/#primaryimage\"},\"thumbnailUrl\":\"https:\\\/\\\/folhapopular.info\\\/wp-content\\\/uploads\\\/2023\\\/10\\\/CTS_0253-scaled.jpg\",\"datePublished\":\"2023-10-04T10:20:00+00:00\",\"author\":{\"@id\":\"https:\\\/\\\/folhapopular.info\\\/#\\\/schema\\\/person\\\/2814e8a0df7643585a9ca38bc6eb9d4b\"},\"breadcrumb\":{\"@id\":\"https:\\\/\\\/folhapopular.info\\\/index.php\\\/2023\\\/10\\\/04\\\/feira-do-livro-de-imigrante-mobiliza-as-familias\\\/#breadcrumb\"},\"inLanguage\":\"pt-BR\",\"potentialAction\":[{\"@type\":\"ReadAction\",\"target\":[\"https:\\\/\\\/folhapopular.info\\\/index.php\\\/2023\\\/10\\\/04\\\/feira-do-livro-de-imigrante-mobiliza-as-familias\\\/\"]}]},{\"@type\":\"ImageObject\",\"inLanguage\":\"pt-BR\",\"@id\":\"https:\\\/\\\/folhapopular.info\\\/index.php\\\/2023\\\/10\\\/04\\\/feira-do-livro-de-imigrante-mobiliza-as-familias\\\/#primaryimage\",\"url\":\"https:\\\/\\\/folhapopular.info\\\/wp-content\\\/uploads\\\/2023\\\/10\\\/CTS_0253-scaled.jpg\",\"contentUrl\":\"https:\\\/\\\/folhapopular.info\\\/wp-content\\\/uploads\\\/2023\\\/10\\\/CTS_0253-scaled.jpg\",\"width\":2560,\"height\":1708,\"caption\":\"Cr\u00e9dito: Cris Thom\u00e9 \\\/ Divulga\u00e7\u00e3o\"},{\"@type\":\"BreadcrumbList\",\"@id\":\"https:\\\/\\\/folhapopular.info\\\/index.php\\\/2023\\\/10\\\/04\\\/feira-do-livro-de-imigrante-mobiliza-as-familias\\\/#breadcrumb\",\"itemListElement\":[{\"@type\":\"ListItem\",\"position\":1,\"name\":\"In\u00edcio\",\"item\":\"https:\\\/\\\/folhapopular.info\\\/\"},{\"@type\":\"ListItem\",\"position\":2,\"name\":\"Feira do Livro de Imigrante mobiliza as fam\u00edlias\"}]},{\"@type\":\"WebSite\",\"@id\":\"https:\\\/\\\/folhapopular.info\\\/#website\",\"url\":\"https:\\\/\\\/folhapopular.info\\\/\",\"name\":\"Folha Popular\",\"description\":\"Onde voc\u00ea tem vez e voz\",\"potentialAction\":[{\"@type\":\"SearchAction\",\"target\":{\"@type\":\"EntryPoint\",\"urlTemplate\":\"https:\\\/\\\/folhapopular.info\\\/?s={search_term_string}\"},\"query-input\":{\"@type\":\"PropertyValueSpecification\",\"valueRequired\":true,\"valueName\":\"search_term_string\"}}],\"inLanguage\":\"pt-BR\"},{\"@type\":\"Person\",\"@id\":\"https:\\\/\\\/folhapopular.info\\\/#\\\/schema\\\/person\\\/2814e8a0df7643585a9ca38bc6eb9d4b\",\"name\":\"Reda\u00e7\u00e3o Folha Popular\",\"image\":{\"@type\":\"ImageObject\",\"inLanguage\":\"pt-BR\",\"@id\":\"https:\\\/\\\/folhapopular.info\\\/wp-content\\\/uploads\\\/2026\\\/04\\\/Folha-1.webp\",\"url\":\"https:\\\/\\\/folhapopular.info\\\/wp-content\\\/uploads\\\/2026\\\/04\\\/Folha-1.webp\",\"contentUrl\":\"https:\\\/\\\/folhapopular.info\\\/wp-content\\\/uploads\\\/2026\\\/04\\\/Folha-1.webp\",\"caption\":\"Reda\u00e7\u00e3o Folha Popular\"},\"url\":\"https:\\\/\\\/folhapopular.info\\\/index.php\\\/author\\\/redacao\\\/\"}]}<\/script>\n<!-- \/ Yoast SEO plugin. -->","yoast_head_json":{"title":"Feira do Livro de Imigrante mobiliza as fam\u00edlias - Folha Popular","robots":{"index":"index","follow":"follow","max-snippet":"max-snippet:-1","max-image-preview":"max-image-preview:large","max-video-preview":"max-video-preview:-1"},"canonical":"https:\/\/folhapopular.info\/index.php\/2023\/10\/04\/feira-do-livro-de-imigrante-mobiliza-as-familias\/","og_locale":"pt_BR","og_type":"article","og_title":"Feira do Livro de Imigrante mobiliza as fam\u00edlias - Folha Popular","og_description":"A Feira do Livro de Imigrante ocorre desta quinta-feira a s\u00e1bado (5 a 7\/10), no Gin\u00e1sio Municipal de Esportes Arnoldo Guilherme Rex. Op\u00e7\u00f5es de livros, atividades culturais e atra\u00e7\u00f5es para toda a fam\u00edlia foram preparadas pela Secretaria Municipal de Educa\u00e7\u00e3o. A diferen\u00e7a da programa\u00e7\u00e3o deste ano \u00e9 justamente o envolvimento com alunos e familiares. O [&hellip;]","og_url":"https:\/\/folhapopular.info\/index.php\/2023\/10\/04\/feira-do-livro-de-imigrante-mobiliza-as-familias\/","og_site_name":"Folha Popular","article_published_time":"2023-10-04T10:20:00+00:00","og_image":[{"width":2560,"height":1708,"url":"https:\/\/folhapopular.info\/wp-content\/uploads\/2023\/10\/CTS_0253-scaled.jpg","type":"image\/jpeg"}],"author":"Reda\u00e7\u00e3o Folha Popular","twitter_card":"summary_large_image","twitter_misc":{"Escrito por":"Reda\u00e7\u00e3o Folha Popular","Est. tempo de leitura":"4 minutos"},"schema":{"@context":"https:\/\/schema.org","@graph":[{"@type":"Article","@id":"https:\/\/folhapopular.info\/index.php\/2023\/10\/04\/feira-do-livro-de-imigrante-mobiliza-as-familias\/#article","isPartOf":{"@id":"https:\/\/folhapopular.info\/index.php\/2023\/10\/04\/feira-do-livro-de-imigrante-mobiliza-as-familias\/"},"author":{"name":"Reda\u00e7\u00e3o Folha Popular","@id":"https:\/\/folhapopular.info\/#\/schema\/person\/2814e8a0df7643585a9ca38bc6eb9d4b"},"headline":"Feira do Livro de Imigrante mobiliza as fam\u00edlias","datePublished":"2023-10-04T10:20:00+00:00","mainEntityOfPage":{"@id":"https:\/\/folhapopular.info\/index.php\/2023\/10\/04\/feira-do-livro-de-imigrante-mobiliza-as-familias\/"},"wordCount":679,"commentCount":0,"image":{"@id":"https:\/\/folhapopular.info\/index.php\/2023\/10\/04\/feira-do-livro-de-imigrante-mobiliza-as-familias\/#primaryimage"},"thumbnailUrl":"https:\/\/folhapopular.info\/wp-content\/uploads\/2023\/10\/CTS_0253-scaled.jpg","keywords":["Feira do Livro de Imigrante","Imigrante"],"articleSection":["Cultura","Destaques","Inclusive"],"inLanguage":"pt-BR","potentialAction":[{"@type":"CommentAction","name":"Comment","target":["https:\/\/folhapopular.info\/index.php\/2023\/10\/04\/feira-do-livro-de-imigrante-mobiliza-as-familias\/#respond"]}]},{"@type":"WebPage","@id":"https:\/\/folhapopular.info\/index.php\/2023\/10\/04\/feira-do-livro-de-imigrante-mobiliza-as-familias\/","url":"https:\/\/folhapopular.info\/index.php\/2023\/10\/04\/feira-do-livro-de-imigrante-mobiliza-as-familias\/","name":"Feira do Livro de Imigrante mobiliza as fam\u00edlias - Folha Popular","isPartOf":{"@id":"https:\/\/folhapopular.info\/#website"},"primaryImageOfPage":{"@id":"https:\/\/folhapopular.info\/index.php\/2023\/10\/04\/feira-do-livro-de-imigrante-mobiliza-as-familias\/#primaryimage"},"image":{"@id":"https:\/\/folhapopular.info\/index.php\/2023\/10\/04\/feira-do-livro-de-imigrante-mobiliza-as-familias\/#primaryimage"},"thumbnailUrl":"https:\/\/folhapopular.info\/wp-content\/uploads\/2023\/10\/CTS_0253-scaled.jpg","datePublished":"2023-10-04T10:20:00+00:00","author":{"@id":"https:\/\/folhapopular.info\/#\/schema\/person\/2814e8a0df7643585a9ca38bc6eb9d4b"},"breadcrumb":{"@id":"https:\/\/folhapopular.info\/index.php\/2023\/10\/04\/feira-do-livro-de-imigrante-mobiliza-as-familias\/#breadcrumb"},"inLanguage":"pt-BR","potentialAction":[{"@type":"ReadAction","target":["https:\/\/folhapopular.info\/index.php\/2023\/10\/04\/feira-do-livro-de-imigrante-mobiliza-as-familias\/"]}]},{"@type":"ImageObject","inLanguage":"pt-BR","@id":"https:\/\/folhapopular.info\/index.php\/2023\/10\/04\/feira-do-livro-de-imigrante-mobiliza-as-familias\/#primaryimage","url":"https:\/\/folhapopular.info\/wp-content\/uploads\/2023\/10\/CTS_0253-scaled.jpg","contentUrl":"https:\/\/folhapopular.info\/wp-content\/uploads\/2023\/10\/CTS_0253-scaled.jpg","width":2560,"height":1708,"caption":"Cr\u00e9dito: Cris Thom\u00e9 \/ Divulga\u00e7\u00e3o"},{"@type":"BreadcrumbList","@id":"https:\/\/folhapopular.info\/index.php\/2023\/10\/04\/feira-do-livro-de-imigrante-mobiliza-as-familias\/#breadcrumb","itemListElement":[{"@type":"ListItem","position":1,"name":"In\u00edcio","item":"https:\/\/folhapopular.info\/"},{"@type":"ListItem","position":2,"name":"Feira do Livro de Imigrante mobiliza as fam\u00edlias"}]},{"@type":"WebSite","@id":"https:\/\/folhapopular.info\/#website","url":"https:\/\/folhapopular.info\/","name":"Folha Popular","description":"Onde voc\u00ea tem vez e voz","potentialAction":[{"@type":"SearchAction","target":{"@type":"EntryPoint","urlTemplate":"https:\/\/folhapopular.info\/?s={search_term_string}"},"query-input":{"@type":"PropertyValueSpecification","valueRequired":true,"valueName":"search_term_string"}}],"inLanguage":"pt-BR"},{"@type":"Person","@id":"https:\/\/folhapopular.info\/#\/schema\/person\/2814e8a0df7643585a9ca38bc6eb9d4b","name":"Reda\u00e7\u00e3o Folha Popular","image":{"@type":"ImageObject","inLanguage":"pt-BR","@id":"https:\/\/folhapopular.info\/wp-content\/uploads\/2026\/04\/Folha-1.webp","url":"https:\/\/folhapopular.info\/wp-content\/uploads\/2026\/04\/Folha-1.webp","contentUrl":"https:\/\/folhapopular.info\/wp-content\/uploads\/2026\/04\/Folha-1.webp","caption":"Reda\u00e7\u00e3o Folha Popular"},"url":"https:\/\/folhapopular.info\/index.php\/author\/redacao\/"}]}},"jetpack_featured_media_url":"https:\/\/folhapopular.info\/wp-content\/uploads\/2023\/10\/CTS_0253-scaled.jpg","jetpack_sharing_enabled":true,"amp_enabled":true,"_links":{"self":[{"href":"https:\/\/folhapopular.info\/index.php\/wp-json\/wp\/v2\/posts\/141022","targetHints":{"allow":["GET"]}}],"collection":[{"href":"https:\/\/folhapopular.info\/index.php\/wp-json\/wp\/v2\/posts"}],"about":[{"href":"https:\/\/folhapopular.info\/index.php\/wp-json\/wp\/v2\/types\/post"}],"author":[{"embeddable":true,"href":"https:\/\/folhapopular.info\/index.php\/wp-json\/wp\/v2\/users\/8"}],"replies":[{"embeddable":true,"href":"https:\/\/folhapopular.info\/index.php\/wp-json\/wp\/v2\/comments?post=141022"}],"version-history":[{"count":0,"href":"https:\/\/folhapopular.info\/index.php\/wp-json\/wp\/v2\/posts\/141022\/revisions"}],"wp:featuredmedia":[{"embeddable":true,"href":"https:\/\/folhapopular.info\/index.php\/wp-json\/wp\/v2\/media\/141023"}],"wp:attachment":[{"href":"https:\/\/folhapopular.info\/index.php\/wp-json\/wp\/v2\/media?parent=141022"}],"wp:term":[{"taxonomy":"category","embeddable":true,"href":"https:\/\/folhapopular.info\/index.php\/wp-json\/wp\/v2\/categories?post=141022"},{"taxonomy":"post_tag","embeddable":true,"href":"https:\/\/folhapopular.info\/index.php\/wp-json\/wp\/v2\/tags?post=141022"}],"curies":[{"name":"wp","href":"https:\/\/api.w.org\/{rel}","templated":true}]}}