{"id":141097,"date":"2023-10-04T15:50:00","date_gmt":"2023-10-04T18:50:00","guid":{"rendered":"https:\/\/folhapopular.info\/?p=141097"},"modified":"2023-10-04T15:39:13","modified_gmt":"2023-10-04T18:39:13","slug":"5a-expofaz-fazenda-vilanova-sua-historia-demonstrara-potencialidades-do-municipio","status":"publish","type":"post","link":"https:\/\/folhapopular.info\/index.php\/2023\/10\/04\/5a-expofaz-fazenda-vilanova-sua-historia-demonstrara-potencialidades-do-municipio\/","title":{"rendered":"5\u00aa ExpoFaz \u2013 Fazenda Vilanova, Sua Hist\u00f3ria demonstrar\u00e1 potencialidades do munic\u00edpio"},"content":{"rendered":"\n<p>As potencialidades e a hist\u00f3ria de Fazenda Vilanova estar\u00e3o em evid\u00eancia na quinta edi\u00e7\u00e3o da ExpoFaz 2023 &#8211; Exposi\u00e7\u00e3o Comercial, Industrial e Agropecu\u00e1ria, que acontece junto ao Parque Encanto da Fazenda, no Centro. A maior festa da cidade \u00e9 comemorada em alus\u00e3o aos 28 anos de emancipa\u00e7\u00e3o do Munic\u00edpio. A feira contar\u00e1 com aproximadamente 100 espa\u00e7os \u00e0 disposi\u00e7\u00e3o, visando atrair expositores das \u00e1reas comercial, servi\u00e7os, industrial e agropecu\u00e1ria do Vale do Taquari e do Estado.<\/p>\n\n\n\n<p>A presidente da Associa\u00e7\u00e3o Cultural Vilanovense, Mara Virg\u00edlia dos Reis, ressalta o resgate hist\u00f3rico que a ExpoFaz oportunizar\u00e1 aos vilanovenses e aos visitantes. \u201c\u00c9 necess\u00e1rio entender, resgatar a valorizar toda a trajet\u00f3ria de Fazenda Vilanova. Uma hist\u00f3ria de 28 anos que tanto nos orgulha, onde cada mun\u00edcipe tem uma importante contribui\u00e7\u00e3o\u201d, frisa.<\/p>\n\n\n\n<p>O presidente da Comiss\u00e3o Executiva da 5\u00aa ExpoFaz, Edmilson Luis Mallmann, destaca a valoriza\u00e7\u00e3o da hist\u00f3ria que a feira oportunizar\u00e1. \u201cEstamos preparando uma feira que valorizar\u00e1 todas as potencialidades locais. Teremos atra\u00e7\u00f5es para todos os p\u00fablicos. A feira \u00e9 fruto de um trabalho conjunto, com v\u00e1rios volunt\u00e1rios abra\u00e7ando a organiza\u00e7\u00e3o do evento. Fazenda Vilanova espera a todos de bra\u00e7os abertos\u201d, pontuou.<\/p>\n\n\n\n<p>A programa\u00e7\u00e3o art\u00edstica destaca os tr\u00eas shows principais: Paulinho Mocelin no dia 20 (sexta-feira), Os Atuais no dia 21 (s\u00e1bado) e Baitaca no dia 22 (domingo). Dentre as atra\u00e7\u00f5es, tamb\u00e9m est\u00e3o previstos shows locais e, no s\u00e1bado e domingo, espa\u00e7o para novos talentos do munic\u00edpio.<\/p>\n\n\n\n<h2 class=\"wp-block-heading\">Confira a programa\u00e7\u00e3o completa<\/h2>\n\n\n\n<p>Local: Parque Encanto da Fazenda, Centro | Entrada gratuita<\/p>\n\n\n\n<p><strong>19\/10 &#8211; quinta-feira<\/strong><\/p>\n\n\n\n<p>17h30: Reuni\u00e3o da AMVAT<\/p>\n\n\n\n<p>18h30: Abertura oficial<\/p>\n\n\n\n<p>20h: Espet\u00e1culo Teatral &#8211; A Hist\u00f3ria de Fazenda Vilanova<\/p>\n\n\n\n<p>21h: Orquestra de Teut\u00f4nia<\/p>\n\n\n\n<p><strong>20\/10 &#8211; sexta-feira<\/strong><\/p>\n\n\n\n<p>9h: Resenha Coletiva de Cavalos Crioulos (NCCC \u2013 VTRP)<\/p>\n\n\n\n<p>9h30: encontro Jovem Cidad\u00e3o<\/p>\n\n\n\n<p>10h: Encontro de Produtores Rurais<\/p>\n\n\n\n<p>13h: Encontro Regional dos Grupos da Melhor Idade<\/p>\n\n\n\n<p>14h: Concentra\u00e7\u00e3o de Machos Crioulos (NCCC-VTRP)<\/p>\n\n\n\n<p>18h30: Lan\u00e7amento oficial da 2\u00aa edi\u00e7\u00e3o do livro \u201cFazenda Vilanova, Sua Hist\u00f3ria\u201d<\/p>\n\n\n\n<p>19h: Espet\u00e1culo Teatral &#8211; A Hist\u00f3ria de Fazenda Vilanova<\/p>\n\n\n\n<p>20h30: Orquestra Municipal de Fazenda Vilanova<\/p>\n\n\n\n<p>21h30: Espet\u00e1culo da Invernada Art\u00edstica do CTG Pousada dos Tropeiros<\/p>\n\n\n\n<p>22h:Show com Paulinho Mocelin<\/p>\n\n\n\n<p>00h: DJ Anderson<\/p>\n\n\n\n<p><strong>21\/10 &#8211; s\u00e1bado<\/strong><\/p>\n\n\n\n<p>8h: 11\u00aa de R\u00fastica de Fazenda Vilanova<\/p>\n\n\n\n<p>7h30: Admiss\u00e3o de Cavalos crioulos (NCCC-VTRP)<\/p>\n\n\n\n<p>9h: Julgamento dos Cavalos Crioulos (NCCC-VTRP)<\/p>\n\n\n\n<p>10h: Palco Aberto para Novos Talentos<\/p>\n\n\n\n<p>14h: Encontro de Soberanas, com presen\u00e7a da Ex-Miss Brasil Gabriela Markus<\/p>\n\n\n\n<p>15h: Banda Reprises Shows<\/p>\n\n\n\n<p>18h: Grupo de Dan\u00e7a BoomDan\u00e7e<\/p>\n\n\n\n<p>18h30: Grupo de Dan\u00e7as Senhoras da Fazenda<\/p>\n\n\n\n<p>19h: Vibezinha do Guiga<\/p>\n\n\n\n<p>20h: Dead Master<\/p>\n\n\n\n<p>21h: Banda Estilo Brasileiro<\/p>\n\n\n\n<p>23h: Show com Os Atuais<\/p>\n\n\n\n<p>1h: DJ Matheus Grana<\/p>\n\n\n\n<p><strong>22\/10 &#8211; domingo<\/strong><\/p>\n\n\n\n<p>8h: 3\u00ba Pedalando na Fazenda<\/p>\n\n\n\n<p>10h30: Banda Unidos em Cristo Tch\u00ea<\/p>\n\n\n\n<p>12h: Bar\u00f5es do Bail\u00e3o<\/p>\n\n\n\n<p>14h: Trio Canarinhos<\/p>\n\n\n\n<p>16h: Elytte Shows<\/p>\n\n\n\n<p>18h: Show com Baitaca e Grupo Fundo da Grota<\/p>\n","protected":false},"excerpt":{"rendered":"<p>As potencialidades e a hist\u00f3ria de Fazenda Vilanova estar\u00e3o em evid\u00eancia na quinta edi\u00e7\u00e3o da ExpoFaz 2023 &#8211; Exposi\u00e7\u00e3o Comercial, Industrial e Agropecu\u00e1ria, que acontece junto ao Parque Encanto da Fazenda, no Centro. A maior festa da cidade \u00e9 comemorada em alus\u00e3o aos 28 anos de emancipa\u00e7\u00e3o do Munic\u00edpio. A feira contar\u00e1 com aproximadamente 100 [&hellip;]<\/p>\n","protected":false},"author":8,"featured_media":141098,"comment_status":"open","ping_status":"open","sticky":false,"template":"","format":"standard","meta":{"pmpro_default_level":"","_jetpack_memberships_contains_paid_content":false,"footnotes":""},"categories":[2,3],"tags":[12825,801,1522,1507],"class_list":{"0":"post-141097","1":"post","2":"type-post","3":"status-publish","4":"format-standard","5":"has-post-thumbnail","7":"category-featured","8":"category-geral","9":"tag-5a-expofaz","10":"tag-fazenda-vilanova","11":"tag-feira","12":"tag-programacao","13":"pmpro-has-access"},"yoast_head":"<!-- This site is optimized with the Yoast SEO plugin v27.5 - https:\/\/yoast.com\/product\/yoast-seo-wordpress\/ -->\n<title>5\u00aa ExpoFaz \u2013 Fazenda Vilanova, Sua Hist\u00f3ria demonstrar\u00e1 potencialidades do munic\u00edpio - Folha Popular<\/title>\n<meta name=\"robots\" content=\"index, follow, max-snippet:-1, max-image-preview:large, max-video-preview:-1\" \/>\n<link rel=\"canonical\" href=\"https:\/\/folhapopular.info\/index.php\/2023\/10\/04\/5a-expofaz-fazenda-vilanova-sua-historia-demonstrara-potencialidades-do-municipio\/\" \/>\n<meta property=\"og:locale\" content=\"pt_BR\" \/>\n<meta property=\"og:type\" content=\"article\" \/>\n<meta property=\"og:title\" content=\"5\u00aa ExpoFaz \u2013 Fazenda Vilanova, Sua Hist\u00f3ria demonstrar\u00e1 potencialidades do munic\u00edpio - Folha Popular\" \/>\n<meta property=\"og:description\" content=\"As potencialidades e a hist\u00f3ria de Fazenda Vilanova estar\u00e3o em evid\u00eancia na quinta edi\u00e7\u00e3o da ExpoFaz 2023 &#8211; Exposi\u00e7\u00e3o Comercial, Industrial e Agropecu\u00e1ria, que acontece junto ao Parque Encanto da Fazenda, no Centro. A maior festa da cidade \u00e9 comemorada em alus\u00e3o aos 28 anos de emancipa\u00e7\u00e3o do Munic\u00edpio. A feira contar\u00e1 com aproximadamente 100 [&hellip;]\" \/>\n<meta property=\"og:url\" content=\"https:\/\/folhapopular.info\/index.php\/2023\/10\/04\/5a-expofaz-fazenda-vilanova-sua-historia-demonstrara-potencialidades-do-municipio\/\" \/>\n<meta property=\"og:site_name\" content=\"Folha Popular\" \/>\n<meta property=\"article:published_time\" content=\"2023-10-04T18:50:00+00:00\" \/>\n<meta property=\"og:image\" content=\"https:\/\/folhapopular.info\/wp-content\/uploads\/2023\/10\/Fazenda-Vilanova-mostra-o-seu-potencial-na-5a-ExpoFaz-2023.jpg\" \/>\n\t<meta property=\"og:image:width\" content=\"1080\" \/>\n\t<meta property=\"og:image:height\" content=\"1080\" \/>\n\t<meta property=\"og:image:type\" content=\"image\/jpeg\" \/>\n<meta name=\"author\" content=\"Reda\u00e7\u00e3o Folha Popular\" \/>\n<meta name=\"twitter:card\" content=\"summary_large_image\" \/>\n<meta name=\"twitter:label1\" content=\"Escrito por\" \/>\n\t<meta name=\"twitter:data1\" content=\"Reda\u00e7\u00e3o Folha Popular\" \/>\n\t<meta name=\"twitter:label2\" content=\"Est. tempo de leitura\" \/>\n\t<meta name=\"twitter:data2\" content=\"3 minutos\" \/>\n<script type=\"application\/ld+json\" class=\"yoast-schema-graph\">{\"@context\":\"https:\\\/\\\/schema.org\",\"@graph\":[{\"@type\":\"Article\",\"@id\":\"https:\\\/\\\/folhapopular.info\\\/index.php\\\/2023\\\/10\\\/04\\\/5a-expofaz-fazenda-vilanova-sua-historia-demonstrara-potencialidades-do-municipio\\\/#article\",\"isPartOf\":{\"@id\":\"https:\\\/\\\/folhapopular.info\\\/index.php\\\/2023\\\/10\\\/04\\\/5a-expofaz-fazenda-vilanova-sua-historia-demonstrara-potencialidades-do-municipio\\\/\"},\"author\":{\"name\":\"Reda\u00e7\u00e3o Folha Popular\",\"@id\":\"https:\\\/\\\/folhapopular.info\\\/#\\\/schema\\\/person\\\/2814e8a0df7643585a9ca38bc6eb9d4b\"},\"headline\":\"5\u00aa ExpoFaz \u2013 Fazenda Vilanova, Sua Hist\u00f3ria demonstrar\u00e1 potencialidades do munic\u00edpio\",\"datePublished\":\"2023-10-04T18:50:00+00:00\",\"mainEntityOfPage\":{\"@id\":\"https:\\\/\\\/folhapopular.info\\\/index.php\\\/2023\\\/10\\\/04\\\/5a-expofaz-fazenda-vilanova-sua-historia-demonstrara-potencialidades-do-municipio\\\/\"},\"wordCount\":511,\"commentCount\":0,\"image\":{\"@id\":\"https:\\\/\\\/folhapopular.info\\\/index.php\\\/2023\\\/10\\\/04\\\/5a-expofaz-fazenda-vilanova-sua-historia-demonstrara-potencialidades-do-municipio\\\/#primaryimage\"},\"thumbnailUrl\":\"https:\\\/\\\/folhapopular.info\\\/wp-content\\\/uploads\\\/2023\\\/10\\\/Fazenda-Vilanova-mostra-o-seu-potencial-na-5a-ExpoFaz-2023.jpg\",\"keywords\":[\"5\u00aa Expofaz\",\"Fazenda Vilanova\",\"Feira\",\"Programa\u00e7\u00e3o\"],\"articleSection\":[\"Destaques\",\"Geral\"],\"inLanguage\":\"pt-BR\",\"potentialAction\":[{\"@type\":\"CommentAction\",\"name\":\"Comment\",\"target\":[\"https:\\\/\\\/folhapopular.info\\\/index.php\\\/2023\\\/10\\\/04\\\/5a-expofaz-fazenda-vilanova-sua-historia-demonstrara-potencialidades-do-municipio\\\/#respond\"]}]},{\"@type\":\"WebPage\",\"@id\":\"https:\\\/\\\/folhapopular.info\\\/index.php\\\/2023\\\/10\\\/04\\\/5a-expofaz-fazenda-vilanova-sua-historia-demonstrara-potencialidades-do-municipio\\\/\",\"url\":\"https:\\\/\\\/folhapopular.info\\\/index.php\\\/2023\\\/10\\\/04\\\/5a-expofaz-fazenda-vilanova-sua-historia-demonstrara-potencialidades-do-municipio\\\/\",\"name\":\"5\u00aa ExpoFaz \u2013 Fazenda Vilanova, Sua Hist\u00f3ria demonstrar\u00e1 potencialidades do munic\u00edpio - Folha Popular\",\"isPartOf\":{\"@id\":\"https:\\\/\\\/folhapopular.info\\\/#website\"},\"primaryImageOfPage\":{\"@id\":\"https:\\\/\\\/folhapopular.info\\\/index.php\\\/2023\\\/10\\\/04\\\/5a-expofaz-fazenda-vilanova-sua-historia-demonstrara-potencialidades-do-municipio\\\/#primaryimage\"},\"image\":{\"@id\":\"https:\\\/\\\/folhapopular.info\\\/index.php\\\/2023\\\/10\\\/04\\\/5a-expofaz-fazenda-vilanova-sua-historia-demonstrara-potencialidades-do-municipio\\\/#primaryimage\"},\"thumbnailUrl\":\"https:\\\/\\\/folhapopular.info\\\/wp-content\\\/uploads\\\/2023\\\/10\\\/Fazenda-Vilanova-mostra-o-seu-potencial-na-5a-ExpoFaz-2023.jpg\",\"datePublished\":\"2023-10-04T18:50:00+00:00\",\"author\":{\"@id\":\"https:\\\/\\\/folhapopular.info\\\/#\\\/schema\\\/person\\\/2814e8a0df7643585a9ca38bc6eb9d4b\"},\"breadcrumb\":{\"@id\":\"https:\\\/\\\/folhapopular.info\\\/index.php\\\/2023\\\/10\\\/04\\\/5a-expofaz-fazenda-vilanova-sua-historia-demonstrara-potencialidades-do-municipio\\\/#breadcrumb\"},\"inLanguage\":\"pt-BR\",\"potentialAction\":[{\"@type\":\"ReadAction\",\"target\":[\"https:\\\/\\\/folhapopular.info\\\/index.php\\\/2023\\\/10\\\/04\\\/5a-expofaz-fazenda-vilanova-sua-historia-demonstrara-potencialidades-do-municipio\\\/\"]}]},{\"@type\":\"ImageObject\",\"inLanguage\":\"pt-BR\",\"@id\":\"https:\\\/\\\/folhapopular.info\\\/index.php\\\/2023\\\/10\\\/04\\\/5a-expofaz-fazenda-vilanova-sua-historia-demonstrara-potencialidades-do-municipio\\\/#primaryimage\",\"url\":\"https:\\\/\\\/folhapopular.info\\\/wp-content\\\/uploads\\\/2023\\\/10\\\/Fazenda-Vilanova-mostra-o-seu-potencial-na-5a-ExpoFaz-2023.jpg\",\"contentUrl\":\"https:\\\/\\\/folhapopular.info\\\/wp-content\\\/uploads\\\/2023\\\/10\\\/Fazenda-Vilanova-mostra-o-seu-potencial-na-5a-ExpoFaz-2023.jpg\",\"width\":1080,\"height\":1080,\"caption\":\"Cr\u00e9dito: AI Prefeitura de Fazenda Vilanova \\\/ Arquivo\"},{\"@type\":\"BreadcrumbList\",\"@id\":\"https:\\\/\\\/folhapopular.info\\\/index.php\\\/2023\\\/10\\\/04\\\/5a-expofaz-fazenda-vilanova-sua-historia-demonstrara-potencialidades-do-municipio\\\/#breadcrumb\",\"itemListElement\":[{\"@type\":\"ListItem\",\"position\":1,\"name\":\"In\u00edcio\",\"item\":\"https:\\\/\\\/folhapopular.info\\\/\"},{\"@type\":\"ListItem\",\"position\":2,\"name\":\"5\u00aa ExpoFaz \u2013 Fazenda Vilanova, Sua Hist\u00f3ria demonstrar\u00e1 potencialidades do munic\u00edpio\"}]},{\"@type\":\"WebSite\",\"@id\":\"https:\\\/\\\/folhapopular.info\\\/#website\",\"url\":\"https:\\\/\\\/folhapopular.info\\\/\",\"name\":\"Folha Popular\",\"description\":\"Onde voc\u00ea tem vez e voz\",\"potentialAction\":[{\"@type\":\"SearchAction\",\"target\":{\"@type\":\"EntryPoint\",\"urlTemplate\":\"https:\\\/\\\/folhapopular.info\\\/?s={search_term_string}\"},\"query-input\":{\"@type\":\"PropertyValueSpecification\",\"valueRequired\":true,\"valueName\":\"search_term_string\"}}],\"inLanguage\":\"pt-BR\"},{\"@type\":\"Person\",\"@id\":\"https:\\\/\\\/folhapopular.info\\\/#\\\/schema\\\/person\\\/2814e8a0df7643585a9ca38bc6eb9d4b\",\"name\":\"Reda\u00e7\u00e3o Folha Popular\",\"image\":{\"@type\":\"ImageObject\",\"inLanguage\":\"pt-BR\",\"@id\":\"https:\\\/\\\/folhapopular.info\\\/wp-content\\\/uploads\\\/2026\\\/04\\\/Folha-1.webp\",\"url\":\"https:\\\/\\\/folhapopular.info\\\/wp-content\\\/uploads\\\/2026\\\/04\\\/Folha-1.webp\",\"contentUrl\":\"https:\\\/\\\/folhapopular.info\\\/wp-content\\\/uploads\\\/2026\\\/04\\\/Folha-1.webp\",\"caption\":\"Reda\u00e7\u00e3o Folha Popular\"},\"url\":\"https:\\\/\\\/folhapopular.info\\\/index.php\\\/author\\\/redacao\\\/\"}]}<\/script>\n<!-- \/ Yoast SEO plugin. -->","yoast_head_json":{"title":"5\u00aa ExpoFaz \u2013 Fazenda Vilanova, Sua Hist\u00f3ria demonstrar\u00e1 potencialidades do munic\u00edpio - Folha Popular","robots":{"index":"index","follow":"follow","max-snippet":"max-snippet:-1","max-image-preview":"max-image-preview:large","max-video-preview":"max-video-preview:-1"},"canonical":"https:\/\/folhapopular.info\/index.php\/2023\/10\/04\/5a-expofaz-fazenda-vilanova-sua-historia-demonstrara-potencialidades-do-municipio\/","og_locale":"pt_BR","og_type":"article","og_title":"5\u00aa ExpoFaz \u2013 Fazenda Vilanova, Sua Hist\u00f3ria demonstrar\u00e1 potencialidades do munic\u00edpio - Folha Popular","og_description":"As potencialidades e a hist\u00f3ria de Fazenda Vilanova estar\u00e3o em evid\u00eancia na quinta edi\u00e7\u00e3o da ExpoFaz 2023 &#8211; Exposi\u00e7\u00e3o Comercial, Industrial e Agropecu\u00e1ria, que acontece junto ao Parque Encanto da Fazenda, no Centro. A maior festa da cidade \u00e9 comemorada em alus\u00e3o aos 28 anos de emancipa\u00e7\u00e3o do Munic\u00edpio. A feira contar\u00e1 com aproximadamente 100 [&hellip;]","og_url":"https:\/\/folhapopular.info\/index.php\/2023\/10\/04\/5a-expofaz-fazenda-vilanova-sua-historia-demonstrara-potencialidades-do-municipio\/","og_site_name":"Folha Popular","article_published_time":"2023-10-04T18:50:00+00:00","og_image":[{"width":1080,"height":1080,"url":"https:\/\/folhapopular.info\/wp-content\/uploads\/2023\/10\/Fazenda-Vilanova-mostra-o-seu-potencial-na-5a-ExpoFaz-2023.jpg","type":"image\/jpeg"}],"author":"Reda\u00e7\u00e3o Folha Popular","twitter_card":"summary_large_image","twitter_misc":{"Escrito por":"Reda\u00e7\u00e3o Folha Popular","Est. tempo de leitura":"3 minutos"},"schema":{"@context":"https:\/\/schema.org","@graph":[{"@type":"Article","@id":"https:\/\/folhapopular.info\/index.php\/2023\/10\/04\/5a-expofaz-fazenda-vilanova-sua-historia-demonstrara-potencialidades-do-municipio\/#article","isPartOf":{"@id":"https:\/\/folhapopular.info\/index.php\/2023\/10\/04\/5a-expofaz-fazenda-vilanova-sua-historia-demonstrara-potencialidades-do-municipio\/"},"author":{"name":"Reda\u00e7\u00e3o Folha Popular","@id":"https:\/\/folhapopular.info\/#\/schema\/person\/2814e8a0df7643585a9ca38bc6eb9d4b"},"headline":"5\u00aa ExpoFaz \u2013 Fazenda Vilanova, Sua Hist\u00f3ria demonstrar\u00e1 potencialidades do munic\u00edpio","datePublished":"2023-10-04T18:50:00+00:00","mainEntityOfPage":{"@id":"https:\/\/folhapopular.info\/index.php\/2023\/10\/04\/5a-expofaz-fazenda-vilanova-sua-historia-demonstrara-potencialidades-do-municipio\/"},"wordCount":511,"commentCount":0,"image":{"@id":"https:\/\/folhapopular.info\/index.php\/2023\/10\/04\/5a-expofaz-fazenda-vilanova-sua-historia-demonstrara-potencialidades-do-municipio\/#primaryimage"},"thumbnailUrl":"https:\/\/folhapopular.info\/wp-content\/uploads\/2023\/10\/Fazenda-Vilanova-mostra-o-seu-potencial-na-5a-ExpoFaz-2023.jpg","keywords":["5\u00aa Expofaz","Fazenda Vilanova","Feira","Programa\u00e7\u00e3o"],"articleSection":["Destaques","Geral"],"inLanguage":"pt-BR","potentialAction":[{"@type":"CommentAction","name":"Comment","target":["https:\/\/folhapopular.info\/index.php\/2023\/10\/04\/5a-expofaz-fazenda-vilanova-sua-historia-demonstrara-potencialidades-do-municipio\/#respond"]}]},{"@type":"WebPage","@id":"https:\/\/folhapopular.info\/index.php\/2023\/10\/04\/5a-expofaz-fazenda-vilanova-sua-historia-demonstrara-potencialidades-do-municipio\/","url":"https:\/\/folhapopular.info\/index.php\/2023\/10\/04\/5a-expofaz-fazenda-vilanova-sua-historia-demonstrara-potencialidades-do-municipio\/","name":"5\u00aa ExpoFaz \u2013 Fazenda Vilanova, Sua Hist\u00f3ria demonstrar\u00e1 potencialidades do munic\u00edpio - Folha Popular","isPartOf":{"@id":"https:\/\/folhapopular.info\/#website"},"primaryImageOfPage":{"@id":"https:\/\/folhapopular.info\/index.php\/2023\/10\/04\/5a-expofaz-fazenda-vilanova-sua-historia-demonstrara-potencialidades-do-municipio\/#primaryimage"},"image":{"@id":"https:\/\/folhapopular.info\/index.php\/2023\/10\/04\/5a-expofaz-fazenda-vilanova-sua-historia-demonstrara-potencialidades-do-municipio\/#primaryimage"},"thumbnailUrl":"https:\/\/folhapopular.info\/wp-content\/uploads\/2023\/10\/Fazenda-Vilanova-mostra-o-seu-potencial-na-5a-ExpoFaz-2023.jpg","datePublished":"2023-10-04T18:50:00+00:00","author":{"@id":"https:\/\/folhapopular.info\/#\/schema\/person\/2814e8a0df7643585a9ca38bc6eb9d4b"},"breadcrumb":{"@id":"https:\/\/folhapopular.info\/index.php\/2023\/10\/04\/5a-expofaz-fazenda-vilanova-sua-historia-demonstrara-potencialidades-do-municipio\/#breadcrumb"},"inLanguage":"pt-BR","potentialAction":[{"@type":"ReadAction","target":["https:\/\/folhapopular.info\/index.php\/2023\/10\/04\/5a-expofaz-fazenda-vilanova-sua-historia-demonstrara-potencialidades-do-municipio\/"]}]},{"@type":"ImageObject","inLanguage":"pt-BR","@id":"https:\/\/folhapopular.info\/index.php\/2023\/10\/04\/5a-expofaz-fazenda-vilanova-sua-historia-demonstrara-potencialidades-do-municipio\/#primaryimage","url":"https:\/\/folhapopular.info\/wp-content\/uploads\/2023\/10\/Fazenda-Vilanova-mostra-o-seu-potencial-na-5a-ExpoFaz-2023.jpg","contentUrl":"https:\/\/folhapopular.info\/wp-content\/uploads\/2023\/10\/Fazenda-Vilanova-mostra-o-seu-potencial-na-5a-ExpoFaz-2023.jpg","width":1080,"height":1080,"caption":"Cr\u00e9dito: AI Prefeitura de Fazenda Vilanova \/ Arquivo"},{"@type":"BreadcrumbList","@id":"https:\/\/folhapopular.info\/index.php\/2023\/10\/04\/5a-expofaz-fazenda-vilanova-sua-historia-demonstrara-potencialidades-do-municipio\/#breadcrumb","itemListElement":[{"@type":"ListItem","position":1,"name":"In\u00edcio","item":"https:\/\/folhapopular.info\/"},{"@type":"ListItem","position":2,"name":"5\u00aa ExpoFaz \u2013 Fazenda Vilanova, Sua Hist\u00f3ria demonstrar\u00e1 potencialidades do munic\u00edpio"}]},{"@type":"WebSite","@id":"https:\/\/folhapopular.info\/#website","url":"https:\/\/folhapopular.info\/","name":"Folha Popular","description":"Onde voc\u00ea tem vez e voz","potentialAction":[{"@type":"SearchAction","target":{"@type":"EntryPoint","urlTemplate":"https:\/\/folhapopular.info\/?s={search_term_string}"},"query-input":{"@type":"PropertyValueSpecification","valueRequired":true,"valueName":"search_term_string"}}],"inLanguage":"pt-BR"},{"@type":"Person","@id":"https:\/\/folhapopular.info\/#\/schema\/person\/2814e8a0df7643585a9ca38bc6eb9d4b","name":"Reda\u00e7\u00e3o Folha Popular","image":{"@type":"ImageObject","inLanguage":"pt-BR","@id":"https:\/\/folhapopular.info\/wp-content\/uploads\/2026\/04\/Folha-1.webp","url":"https:\/\/folhapopular.info\/wp-content\/uploads\/2026\/04\/Folha-1.webp","contentUrl":"https:\/\/folhapopular.info\/wp-content\/uploads\/2026\/04\/Folha-1.webp","caption":"Reda\u00e7\u00e3o Folha Popular"},"url":"https:\/\/folhapopular.info\/index.php\/author\/redacao\/"}]}},"jetpack_featured_media_url":"https:\/\/folhapopular.info\/wp-content\/uploads\/2023\/10\/Fazenda-Vilanova-mostra-o-seu-potencial-na-5a-ExpoFaz-2023.jpg","jetpack_sharing_enabled":true,"amp_enabled":true,"_links":{"self":[{"href":"https:\/\/folhapopular.info\/index.php\/wp-json\/wp\/v2\/posts\/141097","targetHints":{"allow":["GET"]}}],"collection":[{"href":"https:\/\/folhapopular.info\/index.php\/wp-json\/wp\/v2\/posts"}],"about":[{"href":"https:\/\/folhapopular.info\/index.php\/wp-json\/wp\/v2\/types\/post"}],"author":[{"embeddable":true,"href":"https:\/\/folhapopular.info\/index.php\/wp-json\/wp\/v2\/users\/8"}],"replies":[{"embeddable":true,"href":"https:\/\/folhapopular.info\/index.php\/wp-json\/wp\/v2\/comments?post=141097"}],"version-history":[{"count":0,"href":"https:\/\/folhapopular.info\/index.php\/wp-json\/wp\/v2\/posts\/141097\/revisions"}],"wp:featuredmedia":[{"embeddable":true,"href":"https:\/\/folhapopular.info\/index.php\/wp-json\/wp\/v2\/media\/141098"}],"wp:attachment":[{"href":"https:\/\/folhapopular.info\/index.php\/wp-json\/wp\/v2\/media?parent=141097"}],"wp:term":[{"taxonomy":"category","embeddable":true,"href":"https:\/\/folhapopular.info\/index.php\/wp-json\/wp\/v2\/categories?post=141097"},{"taxonomy":"post_tag","embeddable":true,"href":"https:\/\/folhapopular.info\/index.php\/wp-json\/wp\/v2\/tags?post=141097"}],"curies":[{"name":"wp","href":"https:\/\/api.w.org\/{rel}","templated":true}]}}