{"id":141392,"date":"2023-10-09T15:28:34","date_gmt":"2023-10-09T18:28:34","guid":{"rendered":"https:\/\/folhapopular.info\/?p=141392"},"modified":"2023-10-09T15:28:38","modified_gmt":"2023-10-09T18:28:38","slug":"educacao-de-estrela-busca-ampliar-vagas-na-educacao-infantil","status":"publish","type":"post","link":"https:\/\/folhapopular.info\/index.php\/2023\/10\/09\/educacao-de-estrela-busca-ampliar-vagas-na-educacao-infantil\/","title":{"rendered":"Educa\u00e7\u00e3o de Estrela busca ampliar vagas na Educa\u00e7\u00e3o Infantil"},"content":{"rendered":"\n<p>A Secretaria Municipal de Educa\u00e7\u00e3o (Smed) de Estrela quer ampliar o n\u00famero de vagas na Educa\u00e7\u00e3o Infantil a fim de atender a demanda crescente no munic\u00edpio, em especial ap\u00f3s a enchente de setembro, caracterizada por muitas solicita\u00e7\u00f5es de trocas de escola com a mudan\u00e7a das fam\u00edlias das \u00e1reas alagadas para outros bairros.\u00a0<\/p>\n\n\n\n<p>Conforme a secret\u00e1ria Elis\u00e2ngela Mendes, diversos educand\u00e1rios tiveram espa\u00e7os analisados, visando \u00e0 otimiza\u00e7\u00e3o de todos os existentes. Uma das medidas j\u00e1 anunciadas ocorrer\u00e1 na Escola Municipal de Educa\u00e7\u00e3o Infantil (Emei) Raio de Sol, no Bairro Oriental. At\u00e9 ent\u00e3o, boa parte do espa\u00e7o no t\u00e9rreo era utilizado pela Associa\u00e7\u00e3o de Moradores local.\u00a0<\/p>\n\n\n\n<p>Com o remanejo de salas, cerca de 40 crian\u00e7as dever\u00e3o ser alocadas neste espa\u00e7o. Ber\u00e7os e colch\u00f5es foram recebidos em doa\u00e7\u00e3o e aguardam a libera\u00e7\u00e3o da sala. Em contrapartida, o munic\u00edpio oferecer\u00e1 alternativas \u00e0 associa\u00e7\u00e3o, como a futura constru\u00e7\u00e3o de um espa\u00e7o ou at\u00e9 mesmo utiliza\u00e7\u00e3o de outro pr\u00e9dio p\u00fablico ocioso.\u00a0\u201cAbrimos esse di\u00e1logo com a entidade, pois solicitamos a retomada deste importante ambiente dentro da escola. Sabemos que por muitos anos estava sendo utilizado para eventos do bairro, mas a prioridade neste momento s\u00e3o nossas crian\u00e7as\u201d, enfatiza Elis\u00e2ngela. A expectativa \u00e9 de em at\u00e9 30 dias reaver o local.<\/p>\n\n\n\n<p>Outras escolas j\u00e1 passaram por reajustes e em outras ainda haver\u00e1 mudan\u00e7as, como nas escolas Girassol e Ruth Markus Huber.\u00a0<\/p>\n","protected":false},"excerpt":{"rendered":"<p>A Secretaria Municipal de Educa\u00e7\u00e3o (Smed) de Estrela quer ampliar o n\u00famero de vagas na Educa\u00e7\u00e3o Infantil a fim de atender a demanda crescente no munic\u00edpio, em especial ap\u00f3s a enchente de setembro, caracterizada por muitas solicita\u00e7\u00f5es de trocas de escola com a mudan\u00e7a das fam\u00edlias das \u00e1reas alagadas para outros bairros.\u00a0 Conforme a secret\u00e1ria [&hellip;]<\/p>\n","protected":false},"author":8,"featured_media":141393,"comment_status":"open","ping_status":"open","sticky":false,"template":"","format":"standard","meta":{"pmpro_default_level":"","_jetpack_memberships_contains_paid_content":false,"footnotes":""},"categories":[2],"tags":[182,13374,13373,13372,8,7324,1995],"class_list":{"0":"post-141392","1":"post","2":"type-post","3":"status-publish","4":"format-standard","5":"has-post-thumbnail","7":"category-featured","8":"tag-educacao-infantil","9":"tag-emef-ruth-markus-huber","10":"tag-emei-girassol","11":"tag-emei-raio-de-sol","12":"tag-estrela","13":"tag-secretaria-municipal-de-saude","14":"tag-vagas","15":"pmpro-has-access"},"yoast_head":"<!-- This site is optimized with the Yoast SEO plugin v27.5 - https:\/\/yoast.com\/product\/yoast-seo-wordpress\/ -->\n<title>Educa\u00e7\u00e3o de Estrela busca ampliar vagas na Educa\u00e7\u00e3o Infantil - Folha Popular<\/title>\n<meta name=\"robots\" content=\"index, follow, max-snippet:-1, max-image-preview:large, max-video-preview:-1\" \/>\n<link rel=\"canonical\" href=\"https:\/\/folhapopular.info\/index.php\/2023\/10\/09\/educacao-de-estrela-busca-ampliar-vagas-na-educacao-infantil\/\" \/>\n<meta property=\"og:locale\" content=\"pt_BR\" \/>\n<meta property=\"og:type\" content=\"article\" \/>\n<meta property=\"og:title\" content=\"Educa\u00e7\u00e3o de Estrela busca ampliar vagas na Educa\u00e7\u00e3o Infantil - Folha Popular\" \/>\n<meta property=\"og:description\" content=\"A Secretaria Municipal de Educa\u00e7\u00e3o (Smed) de Estrela quer ampliar o n\u00famero de vagas na Educa\u00e7\u00e3o Infantil a fim de atender a demanda crescente no munic\u00edpio, em especial ap\u00f3s a enchente de setembro, caracterizada por muitas solicita\u00e7\u00f5es de trocas de escola com a mudan\u00e7a das fam\u00edlias das \u00e1reas alagadas para outros bairros.\u00a0 Conforme a secret\u00e1ria [&hellip;]\" \/>\n<meta property=\"og:url\" content=\"https:\/\/folhapopular.info\/index.php\/2023\/10\/09\/educacao-de-estrela-busca-ampliar-vagas-na-educacao-infantil\/\" \/>\n<meta property=\"og:site_name\" content=\"Folha Popular\" \/>\n<meta property=\"article:published_time\" content=\"2023-10-09T18:28:34+00:00\" \/>\n<meta property=\"article:modified_time\" content=\"2023-10-09T18:28:38+00:00\" \/>\n<meta property=\"og:image\" content=\"http:\/\/folhapopular.info\/wp-content\/uploads\/2023\/10\/09.10salas-e-espacos-remanejados-nas-Emeis.jpeg\" \/>\n\t<meta property=\"og:image:width\" content=\"1024\" \/>\n\t<meta property=\"og:image:height\" content=\"768\" \/>\n\t<meta property=\"og:image:type\" content=\"image\/jpeg\" \/>\n<meta name=\"author\" content=\"Reda\u00e7\u00e3o Folha Popular\" \/>\n<meta name=\"twitter:card\" content=\"summary_large_image\" \/>\n<meta name=\"twitter:label1\" content=\"Escrito por\" \/>\n\t<meta name=\"twitter:data1\" content=\"Reda\u00e7\u00e3o Folha Popular\" \/>\n\t<meta name=\"twitter:label2\" content=\"Est. tempo de leitura\" \/>\n\t<meta name=\"twitter:data2\" content=\"2 minutos\" \/>\n<script type=\"application\/ld+json\" class=\"yoast-schema-graph\">{\"@context\":\"https:\\\/\\\/schema.org\",\"@graph\":[{\"@type\":\"Article\",\"@id\":\"https:\\\/\\\/folhapopular.info\\\/index.php\\\/2023\\\/10\\\/09\\\/educacao-de-estrela-busca-ampliar-vagas-na-educacao-infantil\\\/#article\",\"isPartOf\":{\"@id\":\"https:\\\/\\\/folhapopular.info\\\/index.php\\\/2023\\\/10\\\/09\\\/educacao-de-estrela-busca-ampliar-vagas-na-educacao-infantil\\\/\"},\"author\":{\"name\":\"Reda\u00e7\u00e3o Folha Popular\",\"@id\":\"https:\\\/\\\/folhapopular.info\\\/#\\\/schema\\\/person\\\/2814e8a0df7643585a9ca38bc6eb9d4b\"},\"headline\":\"Educa\u00e7\u00e3o de Estrela busca ampliar vagas na Educa\u00e7\u00e3o Infantil\",\"datePublished\":\"2023-10-09T18:28:34+00:00\",\"dateModified\":\"2023-10-09T18:28:38+00:00\",\"mainEntityOfPage\":{\"@id\":\"https:\\\/\\\/folhapopular.info\\\/index.php\\\/2023\\\/10\\\/09\\\/educacao-de-estrela-busca-ampliar-vagas-na-educacao-infantil\\\/\"},\"wordCount\":266,\"commentCount\":0,\"image\":{\"@id\":\"https:\\\/\\\/folhapopular.info\\\/index.php\\\/2023\\\/10\\\/09\\\/educacao-de-estrela-busca-ampliar-vagas-na-educacao-infantil\\\/#primaryimage\"},\"thumbnailUrl\":\"https:\\\/\\\/folhapopular.info\\\/wp-content\\\/uploads\\\/2023\\\/10\\\/09.10salas-e-espacos-remanejados-nas-Emeis.jpeg\",\"keywords\":[\"Educa\u00e7\u00e3o Infantil\",\"Emef Ruth Markus Huber\",\"Emei Girassol\",\"Emei Raio de Sol\",\"Estrela\",\"Secretaria Municipal de Sa\u00fade\",\"Vagas\"],\"articleSection\":[\"Destaques\"],\"inLanguage\":\"pt-BR\",\"potentialAction\":[{\"@type\":\"CommentAction\",\"name\":\"Comment\",\"target\":[\"https:\\\/\\\/folhapopular.info\\\/index.php\\\/2023\\\/10\\\/09\\\/educacao-de-estrela-busca-ampliar-vagas-na-educacao-infantil\\\/#respond\"]}]},{\"@type\":\"WebPage\",\"@id\":\"https:\\\/\\\/folhapopular.info\\\/index.php\\\/2023\\\/10\\\/09\\\/educacao-de-estrela-busca-ampliar-vagas-na-educacao-infantil\\\/\",\"url\":\"https:\\\/\\\/folhapopular.info\\\/index.php\\\/2023\\\/10\\\/09\\\/educacao-de-estrela-busca-ampliar-vagas-na-educacao-infantil\\\/\",\"name\":\"Educa\u00e7\u00e3o de Estrela busca ampliar vagas na Educa\u00e7\u00e3o Infantil - Folha Popular\",\"isPartOf\":{\"@id\":\"https:\\\/\\\/folhapopular.info\\\/#website\"},\"primaryImageOfPage\":{\"@id\":\"https:\\\/\\\/folhapopular.info\\\/index.php\\\/2023\\\/10\\\/09\\\/educacao-de-estrela-busca-ampliar-vagas-na-educacao-infantil\\\/#primaryimage\"},\"image\":{\"@id\":\"https:\\\/\\\/folhapopular.info\\\/index.php\\\/2023\\\/10\\\/09\\\/educacao-de-estrela-busca-ampliar-vagas-na-educacao-infantil\\\/#primaryimage\"},\"thumbnailUrl\":\"https:\\\/\\\/folhapopular.info\\\/wp-content\\\/uploads\\\/2023\\\/10\\\/09.10salas-e-espacos-remanejados-nas-Emeis.jpeg\",\"datePublished\":\"2023-10-09T18:28:34+00:00\",\"dateModified\":\"2023-10-09T18:28:38+00:00\",\"author\":{\"@id\":\"https:\\\/\\\/folhapopular.info\\\/#\\\/schema\\\/person\\\/2814e8a0df7643585a9ca38bc6eb9d4b\"},\"breadcrumb\":{\"@id\":\"https:\\\/\\\/folhapopular.info\\\/index.php\\\/2023\\\/10\\\/09\\\/educacao-de-estrela-busca-ampliar-vagas-na-educacao-infantil\\\/#breadcrumb\"},\"inLanguage\":\"pt-BR\",\"potentialAction\":[{\"@type\":\"ReadAction\",\"target\":[\"https:\\\/\\\/folhapopular.info\\\/index.php\\\/2023\\\/10\\\/09\\\/educacao-de-estrela-busca-ampliar-vagas-na-educacao-infantil\\\/\"]}]},{\"@type\":\"ImageObject\",\"inLanguage\":\"pt-BR\",\"@id\":\"https:\\\/\\\/folhapopular.info\\\/index.php\\\/2023\\\/10\\\/09\\\/educacao-de-estrela-busca-ampliar-vagas-na-educacao-infantil\\\/#primaryimage\",\"url\":\"https:\\\/\\\/folhapopular.info\\\/wp-content\\\/uploads\\\/2023\\\/10\\\/09.10salas-e-espacos-remanejados-nas-Emeis.jpeg\",\"contentUrl\":\"https:\\\/\\\/folhapopular.info\\\/wp-content\\\/uploads\\\/2023\\\/10\\\/09.10salas-e-espacos-remanejados-nas-Emeis.jpeg\",\"width\":1024,\"height\":768,\"caption\":\"Cr\u00e9dito: J\u00f4natas dos Santos \\\/ AI Governo de Estrela\"},{\"@type\":\"BreadcrumbList\",\"@id\":\"https:\\\/\\\/folhapopular.info\\\/index.php\\\/2023\\\/10\\\/09\\\/educacao-de-estrela-busca-ampliar-vagas-na-educacao-infantil\\\/#breadcrumb\",\"itemListElement\":[{\"@type\":\"ListItem\",\"position\":1,\"name\":\"In\u00edcio\",\"item\":\"https:\\\/\\\/folhapopular.info\\\/\"},{\"@type\":\"ListItem\",\"position\":2,\"name\":\"Educa\u00e7\u00e3o de Estrela busca ampliar vagas na Educa\u00e7\u00e3o Infantil\"}]},{\"@type\":\"WebSite\",\"@id\":\"https:\\\/\\\/folhapopular.info\\\/#website\",\"url\":\"https:\\\/\\\/folhapopular.info\\\/\",\"name\":\"Folha Popular\",\"description\":\"Onde voc\u00ea tem vez e voz\",\"potentialAction\":[{\"@type\":\"SearchAction\",\"target\":{\"@type\":\"EntryPoint\",\"urlTemplate\":\"https:\\\/\\\/folhapopular.info\\\/?s={search_term_string}\"},\"query-input\":{\"@type\":\"PropertyValueSpecification\",\"valueRequired\":true,\"valueName\":\"search_term_string\"}}],\"inLanguage\":\"pt-BR\"},{\"@type\":\"Person\",\"@id\":\"https:\\\/\\\/folhapopular.info\\\/#\\\/schema\\\/person\\\/2814e8a0df7643585a9ca38bc6eb9d4b\",\"name\":\"Reda\u00e7\u00e3o Folha Popular\",\"image\":{\"@type\":\"ImageObject\",\"inLanguage\":\"pt-BR\",\"@id\":\"https:\\\/\\\/folhapopular.info\\\/wp-content\\\/uploads\\\/2026\\\/04\\\/Folha-1.webp\",\"url\":\"https:\\\/\\\/folhapopular.info\\\/wp-content\\\/uploads\\\/2026\\\/04\\\/Folha-1.webp\",\"contentUrl\":\"https:\\\/\\\/folhapopular.info\\\/wp-content\\\/uploads\\\/2026\\\/04\\\/Folha-1.webp\",\"caption\":\"Reda\u00e7\u00e3o Folha Popular\"},\"url\":\"https:\\\/\\\/folhapopular.info\\\/index.php\\\/author\\\/redacao\\\/\"}]}<\/script>\n<!-- \/ Yoast SEO plugin. -->","yoast_head_json":{"title":"Educa\u00e7\u00e3o de Estrela busca ampliar vagas na Educa\u00e7\u00e3o Infantil - Folha Popular","robots":{"index":"index","follow":"follow","max-snippet":"max-snippet:-1","max-image-preview":"max-image-preview:large","max-video-preview":"max-video-preview:-1"},"canonical":"https:\/\/folhapopular.info\/index.php\/2023\/10\/09\/educacao-de-estrela-busca-ampliar-vagas-na-educacao-infantil\/","og_locale":"pt_BR","og_type":"article","og_title":"Educa\u00e7\u00e3o de Estrela busca ampliar vagas na Educa\u00e7\u00e3o Infantil - Folha Popular","og_description":"A Secretaria Municipal de Educa\u00e7\u00e3o (Smed) de Estrela quer ampliar o n\u00famero de vagas na Educa\u00e7\u00e3o Infantil a fim de atender a demanda crescente no munic\u00edpio, em especial ap\u00f3s a enchente de setembro, caracterizada por muitas solicita\u00e7\u00f5es de trocas de escola com a mudan\u00e7a das fam\u00edlias das \u00e1reas alagadas para outros bairros.\u00a0 Conforme a secret\u00e1ria [&hellip;]","og_url":"https:\/\/folhapopular.info\/index.php\/2023\/10\/09\/educacao-de-estrela-busca-ampliar-vagas-na-educacao-infantil\/","og_site_name":"Folha Popular","article_published_time":"2023-10-09T18:28:34+00:00","article_modified_time":"2023-10-09T18:28:38+00:00","og_image":[{"width":1024,"height":768,"url":"http:\/\/folhapopular.info\/wp-content\/uploads\/2023\/10\/09.10salas-e-espacos-remanejados-nas-Emeis.jpeg","type":"image\/jpeg"}],"author":"Reda\u00e7\u00e3o Folha Popular","twitter_card":"summary_large_image","twitter_misc":{"Escrito por":"Reda\u00e7\u00e3o Folha Popular","Est. tempo de leitura":"2 minutos"},"schema":{"@context":"https:\/\/schema.org","@graph":[{"@type":"Article","@id":"https:\/\/folhapopular.info\/index.php\/2023\/10\/09\/educacao-de-estrela-busca-ampliar-vagas-na-educacao-infantil\/#article","isPartOf":{"@id":"https:\/\/folhapopular.info\/index.php\/2023\/10\/09\/educacao-de-estrela-busca-ampliar-vagas-na-educacao-infantil\/"},"author":{"name":"Reda\u00e7\u00e3o Folha Popular","@id":"https:\/\/folhapopular.info\/#\/schema\/person\/2814e8a0df7643585a9ca38bc6eb9d4b"},"headline":"Educa\u00e7\u00e3o de Estrela busca ampliar vagas na Educa\u00e7\u00e3o Infantil","datePublished":"2023-10-09T18:28:34+00:00","dateModified":"2023-10-09T18:28:38+00:00","mainEntityOfPage":{"@id":"https:\/\/folhapopular.info\/index.php\/2023\/10\/09\/educacao-de-estrela-busca-ampliar-vagas-na-educacao-infantil\/"},"wordCount":266,"commentCount":0,"image":{"@id":"https:\/\/folhapopular.info\/index.php\/2023\/10\/09\/educacao-de-estrela-busca-ampliar-vagas-na-educacao-infantil\/#primaryimage"},"thumbnailUrl":"https:\/\/folhapopular.info\/wp-content\/uploads\/2023\/10\/09.10salas-e-espacos-remanejados-nas-Emeis.jpeg","keywords":["Educa\u00e7\u00e3o Infantil","Emef Ruth Markus Huber","Emei Girassol","Emei Raio de Sol","Estrela","Secretaria Municipal de Sa\u00fade","Vagas"],"articleSection":["Destaques"],"inLanguage":"pt-BR","potentialAction":[{"@type":"CommentAction","name":"Comment","target":["https:\/\/folhapopular.info\/index.php\/2023\/10\/09\/educacao-de-estrela-busca-ampliar-vagas-na-educacao-infantil\/#respond"]}]},{"@type":"WebPage","@id":"https:\/\/folhapopular.info\/index.php\/2023\/10\/09\/educacao-de-estrela-busca-ampliar-vagas-na-educacao-infantil\/","url":"https:\/\/folhapopular.info\/index.php\/2023\/10\/09\/educacao-de-estrela-busca-ampliar-vagas-na-educacao-infantil\/","name":"Educa\u00e7\u00e3o de Estrela busca ampliar vagas na Educa\u00e7\u00e3o Infantil - Folha Popular","isPartOf":{"@id":"https:\/\/folhapopular.info\/#website"},"primaryImageOfPage":{"@id":"https:\/\/folhapopular.info\/index.php\/2023\/10\/09\/educacao-de-estrela-busca-ampliar-vagas-na-educacao-infantil\/#primaryimage"},"image":{"@id":"https:\/\/folhapopular.info\/index.php\/2023\/10\/09\/educacao-de-estrela-busca-ampliar-vagas-na-educacao-infantil\/#primaryimage"},"thumbnailUrl":"https:\/\/folhapopular.info\/wp-content\/uploads\/2023\/10\/09.10salas-e-espacos-remanejados-nas-Emeis.jpeg","datePublished":"2023-10-09T18:28:34+00:00","dateModified":"2023-10-09T18:28:38+00:00","author":{"@id":"https:\/\/folhapopular.info\/#\/schema\/person\/2814e8a0df7643585a9ca38bc6eb9d4b"},"breadcrumb":{"@id":"https:\/\/folhapopular.info\/index.php\/2023\/10\/09\/educacao-de-estrela-busca-ampliar-vagas-na-educacao-infantil\/#breadcrumb"},"inLanguage":"pt-BR","potentialAction":[{"@type":"ReadAction","target":["https:\/\/folhapopular.info\/index.php\/2023\/10\/09\/educacao-de-estrela-busca-ampliar-vagas-na-educacao-infantil\/"]}]},{"@type":"ImageObject","inLanguage":"pt-BR","@id":"https:\/\/folhapopular.info\/index.php\/2023\/10\/09\/educacao-de-estrela-busca-ampliar-vagas-na-educacao-infantil\/#primaryimage","url":"https:\/\/folhapopular.info\/wp-content\/uploads\/2023\/10\/09.10salas-e-espacos-remanejados-nas-Emeis.jpeg","contentUrl":"https:\/\/folhapopular.info\/wp-content\/uploads\/2023\/10\/09.10salas-e-espacos-remanejados-nas-Emeis.jpeg","width":1024,"height":768,"caption":"Cr\u00e9dito: J\u00f4natas dos Santos \/ AI Governo de Estrela"},{"@type":"BreadcrumbList","@id":"https:\/\/folhapopular.info\/index.php\/2023\/10\/09\/educacao-de-estrela-busca-ampliar-vagas-na-educacao-infantil\/#breadcrumb","itemListElement":[{"@type":"ListItem","position":1,"name":"In\u00edcio","item":"https:\/\/folhapopular.info\/"},{"@type":"ListItem","position":2,"name":"Educa\u00e7\u00e3o de Estrela busca ampliar vagas na Educa\u00e7\u00e3o Infantil"}]},{"@type":"WebSite","@id":"https:\/\/folhapopular.info\/#website","url":"https:\/\/folhapopular.info\/","name":"Folha Popular","description":"Onde voc\u00ea tem vez e voz","potentialAction":[{"@type":"SearchAction","target":{"@type":"EntryPoint","urlTemplate":"https:\/\/folhapopular.info\/?s={search_term_string}"},"query-input":{"@type":"PropertyValueSpecification","valueRequired":true,"valueName":"search_term_string"}}],"inLanguage":"pt-BR"},{"@type":"Person","@id":"https:\/\/folhapopular.info\/#\/schema\/person\/2814e8a0df7643585a9ca38bc6eb9d4b","name":"Reda\u00e7\u00e3o Folha Popular","image":{"@type":"ImageObject","inLanguage":"pt-BR","@id":"https:\/\/folhapopular.info\/wp-content\/uploads\/2026\/04\/Folha-1.webp","url":"https:\/\/folhapopular.info\/wp-content\/uploads\/2026\/04\/Folha-1.webp","contentUrl":"https:\/\/folhapopular.info\/wp-content\/uploads\/2026\/04\/Folha-1.webp","caption":"Reda\u00e7\u00e3o Folha Popular"},"url":"https:\/\/folhapopular.info\/index.php\/author\/redacao\/"}]}},"jetpack_featured_media_url":"https:\/\/folhapopular.info\/wp-content\/uploads\/2023\/10\/09.10salas-e-espacos-remanejados-nas-Emeis.jpeg","jetpack_sharing_enabled":true,"amp_enabled":true,"_links":{"self":[{"href":"https:\/\/folhapopular.info\/index.php\/wp-json\/wp\/v2\/posts\/141392","targetHints":{"allow":["GET"]}}],"collection":[{"href":"https:\/\/folhapopular.info\/index.php\/wp-json\/wp\/v2\/posts"}],"about":[{"href":"https:\/\/folhapopular.info\/index.php\/wp-json\/wp\/v2\/types\/post"}],"author":[{"embeddable":true,"href":"https:\/\/folhapopular.info\/index.php\/wp-json\/wp\/v2\/users\/8"}],"replies":[{"embeddable":true,"href":"https:\/\/folhapopular.info\/index.php\/wp-json\/wp\/v2\/comments?post=141392"}],"version-history":[{"count":0,"href":"https:\/\/folhapopular.info\/index.php\/wp-json\/wp\/v2\/posts\/141392\/revisions"}],"wp:featuredmedia":[{"embeddable":true,"href":"https:\/\/folhapopular.info\/index.php\/wp-json\/wp\/v2\/media\/141393"}],"wp:attachment":[{"href":"https:\/\/folhapopular.info\/index.php\/wp-json\/wp\/v2\/media?parent=141392"}],"wp:term":[{"taxonomy":"category","embeddable":true,"href":"https:\/\/folhapopular.info\/index.php\/wp-json\/wp\/v2\/categories?post=141392"},{"taxonomy":"post_tag","embeddable":true,"href":"https:\/\/folhapopular.info\/index.php\/wp-json\/wp\/v2\/tags?post=141392"}],"curies":[{"name":"wp","href":"https:\/\/api.w.org\/{rel}","templated":true}]}}