{"id":141413,"date":"2023-10-09T17:05:39","date_gmt":"2023-10-09T20:05:39","guid":{"rendered":"https:\/\/folhapopular.info\/?p=141413"},"modified":"2023-10-09T17:05:46","modified_gmt":"2023-10-09T20:05:46","slug":"cooperativas-terao-linha-de-credito-exclusiva-para-se-recompor-das-enchentes","status":"publish","type":"post","link":"https:\/\/folhapopular.info\/index.php\/2023\/10\/09\/cooperativas-terao-linha-de-credito-exclusiva-para-se-recompor-das-enchentes\/","title":{"rendered":"Cooperativas ter\u00e3o linha de cr\u00e9dito exclusiva para se recompor das enchentes"},"content":{"rendered":"\n<p>Nesta segunda-feira (9\/10), o BNDES aprovou a cria\u00e7\u00e3o de uma linha de cr\u00e9dito emergencial para recompor as atividades das cooperativas agropecu\u00e1rias ga\u00fachas e de todas as suas cadeias produtivas prejudicadas pelos estragos das enchentes. Com condi\u00e7\u00f5es diferenciadas, a opera\u00e7\u00e3o dever\u00e1 iniciar a partir de 17 de outubro.<\/p>\n\n\n\n<p>Na avalia\u00e7\u00e3o do deputado federal Alceu Moreira (MDB-RS), um dos l\u00edderes do agroneg\u00f3cio no Congresso Nacional, a medida representa \u201cum alento importante\u201d a milhares de pequenos produtores cooperados e vinculados \u00e0 atividade, mas que n\u00e3o pode significar o todo. \u201cO cidad\u00e3o que tinha 32 vacas e amanheceu sem nenhuma n\u00e3o ter\u00e1 condi\u00e7\u00f5es de refinanciar suas d\u00edvidas. Precisamos considerar que muitas pessoas perderam tudo o que tinham. Para elas, a roda simplesmente n\u00e3o gira mais. Seguiremos trabalhando para ampliar o leque de solu\u00e7\u00f5es\u201d, afirmou Alceu.<\/p>\n\n\n\n<p>A viabilidade para a abertura dessa linha de cr\u00e9dito foi discutida h\u00e1 duas semanas, em Bras\u00edlia, quando Alceu levou as demandas de cooperativas como a D\u00e1lia Alimentos e a Languiru, al\u00e9m do Sistema Ocergs \u2013 entidade que representa o setor \u2013 ao conhecimento do ministro da Agricultura e Pecu\u00e1ria, Carlos F\u00e1varo.<\/p>\n\n\n\n<p>Confira algumas das condi\u00e7\u00f5es da linha de cr\u00e9dito:<\/p>\n\n\n\n<ul class=\"wp-block-list\">\n<li>Op\u00e7\u00f5es de custo baseadas em taxas pr\u00e9 e p\u00f3s-fixadas;<\/li>\n\n\n\n<li>Possibilidade de indexa\u00e7\u00e3o da d\u00edvida em varia\u00e7\u00e3o cambial, especialmente pelas cooperativas que possuem receita em d\u00f3lar ou atreladas \u00e0 moeda norte-americana;<\/li>\n\n\n\n<li>Prazo de pagamento de at\u00e9 cinco anos e car\u00eancia de at\u00e9 um ano em \u00e1reas com situa\u00e7\u00e3o de emerg\u00eancia ou calamidade para opera\u00e7\u00f5es protocoladas at\u00e9 31\/3\/2024;<\/li>\n\n\n\n<li>Prazo de pagamento at\u00e9 dois anos e car\u00eancia de at\u00e9 seis meses para linhas abertas ap\u00f3s 31\/3\/2024.<\/li>\n<\/ul>\n","protected":false},"excerpt":{"rendered":"<p>Nesta segunda-feira (9\/10), o BNDES aprovou a cria\u00e7\u00e3o de uma linha de cr\u00e9dito emergencial para recompor as atividades das cooperativas agropecu\u00e1rias ga\u00fachas e de todas as suas cadeias produtivas prejudicadas pelos estragos das enchentes. Com condi\u00e7\u00f5es diferenciadas, a opera\u00e7\u00e3o dever\u00e1 iniciar a partir de 17 de outubro. Na avalia\u00e7\u00e3o do deputado federal Alceu Moreira (MDB-RS), [&hellip;]<\/p>\n","protected":false},"author":8,"featured_media":141414,"comment_status":"open","ping_status":"open","sticky":false,"template":"","format":"standard","meta":{"pmpro_default_level":"","_jetpack_memberships_contains_paid_content":false,"footnotes":""},"categories":[10992,2,10991],"tags":[6406,5187,13377,406,12627],"class_list":{"0":"post-141413","1":"post","2":"type-post","3":"status-publish","4":"format-standard","5":"has-post-thumbnail","7":"category-coopop","8":"category-featured","9":"category-economia","10":"tag-bndes","11":"tag-cooperativas","12":"tag-dalia-alimentos","13":"tag-languiru","14":"tag-linha-de-credito","15":"pmpro-has-access"},"yoast_head":"<!-- This site is optimized with the Yoast SEO plugin v27.5 - https:\/\/yoast.com\/product\/yoast-seo-wordpress\/ -->\n<title>Cooperativas ter\u00e3o linha de cr\u00e9dito exclusiva para se recompor das enchentes - Folha Popular<\/title>\n<meta name=\"robots\" content=\"index, follow, max-snippet:-1, max-image-preview:large, max-video-preview:-1\" \/>\n<link rel=\"canonical\" href=\"https:\/\/folhapopular.info\/index.php\/2023\/10\/09\/cooperativas-terao-linha-de-credito-exclusiva-para-se-recompor-das-enchentes\/\" \/>\n<meta property=\"og:locale\" content=\"pt_BR\" \/>\n<meta property=\"og:type\" content=\"article\" \/>\n<meta property=\"og:title\" content=\"Cooperativas ter\u00e3o linha de cr\u00e9dito exclusiva para se recompor das enchentes - Folha Popular\" \/>\n<meta property=\"og:description\" content=\"Nesta segunda-feira (9\/10), o BNDES aprovou a cria\u00e7\u00e3o de uma linha de cr\u00e9dito emergencial para recompor as atividades das cooperativas agropecu\u00e1rias ga\u00fachas e de todas as suas cadeias produtivas prejudicadas pelos estragos das enchentes. Com condi\u00e7\u00f5es diferenciadas, a opera\u00e7\u00e3o dever\u00e1 iniciar a partir de 17 de outubro. Na avalia\u00e7\u00e3o do deputado federal Alceu Moreira (MDB-RS), [&hellip;]\" \/>\n<meta property=\"og:url\" content=\"https:\/\/folhapopular.info\/index.php\/2023\/10\/09\/cooperativas-terao-linha-de-credito-exclusiva-para-se-recompor-das-enchentes\/\" \/>\n<meta property=\"og:site_name\" content=\"Folha Popular\" \/>\n<meta property=\"article:published_time\" content=\"2023-10-09T20:05:39+00:00\" \/>\n<meta property=\"article:modified_time\" content=\"2023-10-09T20:05:46+00:00\" \/>\n<meta property=\"og:image\" content=\"http:\/\/folhapopular.info\/wp-content\/uploads\/2023\/10\/WhatsApp-Image-2023-10-09-at-16.41.55-scaled.jpeg\" \/>\n\t<meta property=\"og:image:width\" content=\"2560\" \/>\n\t<meta property=\"og:image:height\" content=\"1920\" \/>\n\t<meta property=\"og:image:type\" content=\"image\/jpeg\" \/>\n<meta name=\"author\" content=\"Reda\u00e7\u00e3o Folha Popular\" \/>\n<meta name=\"twitter:card\" content=\"summary_large_image\" \/>\n<meta name=\"twitter:label1\" content=\"Escrito por\" \/>\n\t<meta name=\"twitter:data1\" content=\"Reda\u00e7\u00e3o Folha Popular\" \/>\n\t<meta name=\"twitter:label2\" content=\"Est. tempo de leitura\" \/>\n\t<meta name=\"twitter:data2\" content=\"2 minutos\" \/>\n<script type=\"application\/ld+json\" class=\"yoast-schema-graph\">{\"@context\":\"https:\\\/\\\/schema.org\",\"@graph\":[{\"@type\":\"Article\",\"@id\":\"https:\\\/\\\/folhapopular.info\\\/index.php\\\/2023\\\/10\\\/09\\\/cooperativas-terao-linha-de-credito-exclusiva-para-se-recompor-das-enchentes\\\/#article\",\"isPartOf\":{\"@id\":\"https:\\\/\\\/folhapopular.info\\\/index.php\\\/2023\\\/10\\\/09\\\/cooperativas-terao-linha-de-credito-exclusiva-para-se-recompor-das-enchentes\\\/\"},\"author\":{\"name\":\"Reda\u00e7\u00e3o Folha Popular\",\"@id\":\"https:\\\/\\\/folhapopular.info\\\/#\\\/schema\\\/person\\\/2814e8a0df7643585a9ca38bc6eb9d4b\"},\"headline\":\"Cooperativas ter\u00e3o linha de cr\u00e9dito exclusiva para se recompor das enchentes\",\"datePublished\":\"2023-10-09T20:05:39+00:00\",\"dateModified\":\"2023-10-09T20:05:46+00:00\",\"mainEntityOfPage\":{\"@id\":\"https:\\\/\\\/folhapopular.info\\\/index.php\\\/2023\\\/10\\\/09\\\/cooperativas-terao-linha-de-credito-exclusiva-para-se-recompor-das-enchentes\\\/\"},\"wordCount\":303,\"commentCount\":0,\"image\":{\"@id\":\"https:\\\/\\\/folhapopular.info\\\/index.php\\\/2023\\\/10\\\/09\\\/cooperativas-terao-linha-de-credito-exclusiva-para-se-recompor-das-enchentes\\\/#primaryimage\"},\"thumbnailUrl\":\"https:\\\/\\\/folhapopular.info\\\/wp-content\\\/uploads\\\/2023\\\/10\\\/WhatsApp-Image-2023-10-09-at-16.41.55-scaled.jpeg\",\"keywords\":[\"BNDES\",\"cooperativas\",\"D\u00e1lia Alimentos\",\"Languiru\",\"linha de cr\u00e9dito\"],\"articleSection\":[\"Coopop\",\"Destaques\",\"Economia\"],\"inLanguage\":\"pt-BR\",\"potentialAction\":[{\"@type\":\"CommentAction\",\"name\":\"Comment\",\"target\":[\"https:\\\/\\\/folhapopular.info\\\/index.php\\\/2023\\\/10\\\/09\\\/cooperativas-terao-linha-de-credito-exclusiva-para-se-recompor-das-enchentes\\\/#respond\"]}]},{\"@type\":\"WebPage\",\"@id\":\"https:\\\/\\\/folhapopular.info\\\/index.php\\\/2023\\\/10\\\/09\\\/cooperativas-terao-linha-de-credito-exclusiva-para-se-recompor-das-enchentes\\\/\",\"url\":\"https:\\\/\\\/folhapopular.info\\\/index.php\\\/2023\\\/10\\\/09\\\/cooperativas-terao-linha-de-credito-exclusiva-para-se-recompor-das-enchentes\\\/\",\"name\":\"Cooperativas ter\u00e3o linha de cr\u00e9dito exclusiva para se recompor das enchentes - Folha Popular\",\"isPartOf\":{\"@id\":\"https:\\\/\\\/folhapopular.info\\\/#website\"},\"primaryImageOfPage\":{\"@id\":\"https:\\\/\\\/folhapopular.info\\\/index.php\\\/2023\\\/10\\\/09\\\/cooperativas-terao-linha-de-credito-exclusiva-para-se-recompor-das-enchentes\\\/#primaryimage\"},\"image\":{\"@id\":\"https:\\\/\\\/folhapopular.info\\\/index.php\\\/2023\\\/10\\\/09\\\/cooperativas-terao-linha-de-credito-exclusiva-para-se-recompor-das-enchentes\\\/#primaryimage\"},\"thumbnailUrl\":\"https:\\\/\\\/folhapopular.info\\\/wp-content\\\/uploads\\\/2023\\\/10\\\/WhatsApp-Image-2023-10-09-at-16.41.55-scaled.jpeg\",\"datePublished\":\"2023-10-09T20:05:39+00:00\",\"dateModified\":\"2023-10-09T20:05:46+00:00\",\"author\":{\"@id\":\"https:\\\/\\\/folhapopular.info\\\/#\\\/schema\\\/person\\\/2814e8a0df7643585a9ca38bc6eb9d4b\"},\"breadcrumb\":{\"@id\":\"https:\\\/\\\/folhapopular.info\\\/index.php\\\/2023\\\/10\\\/09\\\/cooperativas-terao-linha-de-credito-exclusiva-para-se-recompor-das-enchentes\\\/#breadcrumb\"},\"inLanguage\":\"pt-BR\",\"potentialAction\":[{\"@type\":\"ReadAction\",\"target\":[\"https:\\\/\\\/folhapopular.info\\\/index.php\\\/2023\\\/10\\\/09\\\/cooperativas-terao-linha-de-credito-exclusiva-para-se-recompor-das-enchentes\\\/\"]}]},{\"@type\":\"ImageObject\",\"inLanguage\":\"pt-BR\",\"@id\":\"https:\\\/\\\/folhapopular.info\\\/index.php\\\/2023\\\/10\\\/09\\\/cooperativas-terao-linha-de-credito-exclusiva-para-se-recompor-das-enchentes\\\/#primaryimage\",\"url\":\"https:\\\/\\\/folhapopular.info\\\/wp-content\\\/uploads\\\/2023\\\/10\\\/WhatsApp-Image-2023-10-09-at-16.41.55-scaled.jpeg\",\"contentUrl\":\"https:\\\/\\\/folhapopular.info\\\/wp-content\\\/uploads\\\/2023\\\/10\\\/WhatsApp-Image-2023-10-09-at-16.41.55-scaled.jpeg\",\"width\":2560,\"height\":1920,\"caption\":\"Cr\u00e9dito: Leonardo Oz\u00f3rio \\\/ C\u00e2mara dos Deputados\"},{\"@type\":\"BreadcrumbList\",\"@id\":\"https:\\\/\\\/folhapopular.info\\\/index.php\\\/2023\\\/10\\\/09\\\/cooperativas-terao-linha-de-credito-exclusiva-para-se-recompor-das-enchentes\\\/#breadcrumb\",\"itemListElement\":[{\"@type\":\"ListItem\",\"position\":1,\"name\":\"In\u00edcio\",\"item\":\"https:\\\/\\\/folhapopular.info\\\/\"},{\"@type\":\"ListItem\",\"position\":2,\"name\":\"Cooperativas ter\u00e3o linha de cr\u00e9dito exclusiva para se recompor das enchentes\"}]},{\"@type\":\"WebSite\",\"@id\":\"https:\\\/\\\/folhapopular.info\\\/#website\",\"url\":\"https:\\\/\\\/folhapopular.info\\\/\",\"name\":\"Folha Popular\",\"description\":\"Onde voc\u00ea tem vez e voz\",\"potentialAction\":[{\"@type\":\"SearchAction\",\"target\":{\"@type\":\"EntryPoint\",\"urlTemplate\":\"https:\\\/\\\/folhapopular.info\\\/?s={search_term_string}\"},\"query-input\":{\"@type\":\"PropertyValueSpecification\",\"valueRequired\":true,\"valueName\":\"search_term_string\"}}],\"inLanguage\":\"pt-BR\"},{\"@type\":\"Person\",\"@id\":\"https:\\\/\\\/folhapopular.info\\\/#\\\/schema\\\/person\\\/2814e8a0df7643585a9ca38bc6eb9d4b\",\"name\":\"Reda\u00e7\u00e3o Folha Popular\",\"image\":{\"@type\":\"ImageObject\",\"inLanguage\":\"pt-BR\",\"@id\":\"https:\\\/\\\/folhapopular.info\\\/wp-content\\\/uploads\\\/2026\\\/04\\\/Folha-1.webp\",\"url\":\"https:\\\/\\\/folhapopular.info\\\/wp-content\\\/uploads\\\/2026\\\/04\\\/Folha-1.webp\",\"contentUrl\":\"https:\\\/\\\/folhapopular.info\\\/wp-content\\\/uploads\\\/2026\\\/04\\\/Folha-1.webp\",\"caption\":\"Reda\u00e7\u00e3o Folha Popular\"},\"url\":\"https:\\\/\\\/folhapopular.info\\\/index.php\\\/author\\\/redacao\\\/\"}]}<\/script>\n<!-- \/ Yoast SEO plugin. -->","yoast_head_json":{"title":"Cooperativas ter\u00e3o linha de cr\u00e9dito exclusiva para se recompor das enchentes - Folha Popular","robots":{"index":"index","follow":"follow","max-snippet":"max-snippet:-1","max-image-preview":"max-image-preview:large","max-video-preview":"max-video-preview:-1"},"canonical":"https:\/\/folhapopular.info\/index.php\/2023\/10\/09\/cooperativas-terao-linha-de-credito-exclusiva-para-se-recompor-das-enchentes\/","og_locale":"pt_BR","og_type":"article","og_title":"Cooperativas ter\u00e3o linha de cr\u00e9dito exclusiva para se recompor das enchentes - Folha Popular","og_description":"Nesta segunda-feira (9\/10), o BNDES aprovou a cria\u00e7\u00e3o de uma linha de cr\u00e9dito emergencial para recompor as atividades das cooperativas agropecu\u00e1rias ga\u00fachas e de todas as suas cadeias produtivas prejudicadas pelos estragos das enchentes. Com condi\u00e7\u00f5es diferenciadas, a opera\u00e7\u00e3o dever\u00e1 iniciar a partir de 17 de outubro. Na avalia\u00e7\u00e3o do deputado federal Alceu Moreira (MDB-RS), [&hellip;]","og_url":"https:\/\/folhapopular.info\/index.php\/2023\/10\/09\/cooperativas-terao-linha-de-credito-exclusiva-para-se-recompor-das-enchentes\/","og_site_name":"Folha Popular","article_published_time":"2023-10-09T20:05:39+00:00","article_modified_time":"2023-10-09T20:05:46+00:00","og_image":[{"width":2560,"height":1920,"url":"http:\/\/folhapopular.info\/wp-content\/uploads\/2023\/10\/WhatsApp-Image-2023-10-09-at-16.41.55-scaled.jpeg","type":"image\/jpeg"}],"author":"Reda\u00e7\u00e3o Folha Popular","twitter_card":"summary_large_image","twitter_misc":{"Escrito por":"Reda\u00e7\u00e3o Folha Popular","Est. tempo de leitura":"2 minutos"},"schema":{"@context":"https:\/\/schema.org","@graph":[{"@type":"Article","@id":"https:\/\/folhapopular.info\/index.php\/2023\/10\/09\/cooperativas-terao-linha-de-credito-exclusiva-para-se-recompor-das-enchentes\/#article","isPartOf":{"@id":"https:\/\/folhapopular.info\/index.php\/2023\/10\/09\/cooperativas-terao-linha-de-credito-exclusiva-para-se-recompor-das-enchentes\/"},"author":{"name":"Reda\u00e7\u00e3o Folha Popular","@id":"https:\/\/folhapopular.info\/#\/schema\/person\/2814e8a0df7643585a9ca38bc6eb9d4b"},"headline":"Cooperativas ter\u00e3o linha de cr\u00e9dito exclusiva para se recompor das enchentes","datePublished":"2023-10-09T20:05:39+00:00","dateModified":"2023-10-09T20:05:46+00:00","mainEntityOfPage":{"@id":"https:\/\/folhapopular.info\/index.php\/2023\/10\/09\/cooperativas-terao-linha-de-credito-exclusiva-para-se-recompor-das-enchentes\/"},"wordCount":303,"commentCount":0,"image":{"@id":"https:\/\/folhapopular.info\/index.php\/2023\/10\/09\/cooperativas-terao-linha-de-credito-exclusiva-para-se-recompor-das-enchentes\/#primaryimage"},"thumbnailUrl":"https:\/\/folhapopular.info\/wp-content\/uploads\/2023\/10\/WhatsApp-Image-2023-10-09-at-16.41.55-scaled.jpeg","keywords":["BNDES","cooperativas","D\u00e1lia Alimentos","Languiru","linha de cr\u00e9dito"],"articleSection":["Coopop","Destaques","Economia"],"inLanguage":"pt-BR","potentialAction":[{"@type":"CommentAction","name":"Comment","target":["https:\/\/folhapopular.info\/index.php\/2023\/10\/09\/cooperativas-terao-linha-de-credito-exclusiva-para-se-recompor-das-enchentes\/#respond"]}]},{"@type":"WebPage","@id":"https:\/\/folhapopular.info\/index.php\/2023\/10\/09\/cooperativas-terao-linha-de-credito-exclusiva-para-se-recompor-das-enchentes\/","url":"https:\/\/folhapopular.info\/index.php\/2023\/10\/09\/cooperativas-terao-linha-de-credito-exclusiva-para-se-recompor-das-enchentes\/","name":"Cooperativas ter\u00e3o linha de cr\u00e9dito exclusiva para se recompor das enchentes - Folha Popular","isPartOf":{"@id":"https:\/\/folhapopular.info\/#website"},"primaryImageOfPage":{"@id":"https:\/\/folhapopular.info\/index.php\/2023\/10\/09\/cooperativas-terao-linha-de-credito-exclusiva-para-se-recompor-das-enchentes\/#primaryimage"},"image":{"@id":"https:\/\/folhapopular.info\/index.php\/2023\/10\/09\/cooperativas-terao-linha-de-credito-exclusiva-para-se-recompor-das-enchentes\/#primaryimage"},"thumbnailUrl":"https:\/\/folhapopular.info\/wp-content\/uploads\/2023\/10\/WhatsApp-Image-2023-10-09-at-16.41.55-scaled.jpeg","datePublished":"2023-10-09T20:05:39+00:00","dateModified":"2023-10-09T20:05:46+00:00","author":{"@id":"https:\/\/folhapopular.info\/#\/schema\/person\/2814e8a0df7643585a9ca38bc6eb9d4b"},"breadcrumb":{"@id":"https:\/\/folhapopular.info\/index.php\/2023\/10\/09\/cooperativas-terao-linha-de-credito-exclusiva-para-se-recompor-das-enchentes\/#breadcrumb"},"inLanguage":"pt-BR","potentialAction":[{"@type":"ReadAction","target":["https:\/\/folhapopular.info\/index.php\/2023\/10\/09\/cooperativas-terao-linha-de-credito-exclusiva-para-se-recompor-das-enchentes\/"]}]},{"@type":"ImageObject","inLanguage":"pt-BR","@id":"https:\/\/folhapopular.info\/index.php\/2023\/10\/09\/cooperativas-terao-linha-de-credito-exclusiva-para-se-recompor-das-enchentes\/#primaryimage","url":"https:\/\/folhapopular.info\/wp-content\/uploads\/2023\/10\/WhatsApp-Image-2023-10-09-at-16.41.55-scaled.jpeg","contentUrl":"https:\/\/folhapopular.info\/wp-content\/uploads\/2023\/10\/WhatsApp-Image-2023-10-09-at-16.41.55-scaled.jpeg","width":2560,"height":1920,"caption":"Cr\u00e9dito: Leonardo Oz\u00f3rio \/ C\u00e2mara dos Deputados"},{"@type":"BreadcrumbList","@id":"https:\/\/folhapopular.info\/index.php\/2023\/10\/09\/cooperativas-terao-linha-de-credito-exclusiva-para-se-recompor-das-enchentes\/#breadcrumb","itemListElement":[{"@type":"ListItem","position":1,"name":"In\u00edcio","item":"https:\/\/folhapopular.info\/"},{"@type":"ListItem","position":2,"name":"Cooperativas ter\u00e3o linha de cr\u00e9dito exclusiva para se recompor das enchentes"}]},{"@type":"WebSite","@id":"https:\/\/folhapopular.info\/#website","url":"https:\/\/folhapopular.info\/","name":"Folha Popular","description":"Onde voc\u00ea tem vez e voz","potentialAction":[{"@type":"SearchAction","target":{"@type":"EntryPoint","urlTemplate":"https:\/\/folhapopular.info\/?s={search_term_string}"},"query-input":{"@type":"PropertyValueSpecification","valueRequired":true,"valueName":"search_term_string"}}],"inLanguage":"pt-BR"},{"@type":"Person","@id":"https:\/\/folhapopular.info\/#\/schema\/person\/2814e8a0df7643585a9ca38bc6eb9d4b","name":"Reda\u00e7\u00e3o Folha Popular","image":{"@type":"ImageObject","inLanguage":"pt-BR","@id":"https:\/\/folhapopular.info\/wp-content\/uploads\/2026\/04\/Folha-1.webp","url":"https:\/\/folhapopular.info\/wp-content\/uploads\/2026\/04\/Folha-1.webp","contentUrl":"https:\/\/folhapopular.info\/wp-content\/uploads\/2026\/04\/Folha-1.webp","caption":"Reda\u00e7\u00e3o Folha Popular"},"url":"https:\/\/folhapopular.info\/index.php\/author\/redacao\/"}]}},"jetpack_featured_media_url":"https:\/\/folhapopular.info\/wp-content\/uploads\/2023\/10\/WhatsApp-Image-2023-10-09-at-16.41.55-scaled.jpeg","jetpack_sharing_enabled":true,"amp_enabled":true,"_links":{"self":[{"href":"https:\/\/folhapopular.info\/index.php\/wp-json\/wp\/v2\/posts\/141413","targetHints":{"allow":["GET"]}}],"collection":[{"href":"https:\/\/folhapopular.info\/index.php\/wp-json\/wp\/v2\/posts"}],"about":[{"href":"https:\/\/folhapopular.info\/index.php\/wp-json\/wp\/v2\/types\/post"}],"author":[{"embeddable":true,"href":"https:\/\/folhapopular.info\/index.php\/wp-json\/wp\/v2\/users\/8"}],"replies":[{"embeddable":true,"href":"https:\/\/folhapopular.info\/index.php\/wp-json\/wp\/v2\/comments?post=141413"}],"version-history":[{"count":0,"href":"https:\/\/folhapopular.info\/index.php\/wp-json\/wp\/v2\/posts\/141413\/revisions"}],"wp:featuredmedia":[{"embeddable":true,"href":"https:\/\/folhapopular.info\/index.php\/wp-json\/wp\/v2\/media\/141414"}],"wp:attachment":[{"href":"https:\/\/folhapopular.info\/index.php\/wp-json\/wp\/v2\/media?parent=141413"}],"wp:term":[{"taxonomy":"category","embeddable":true,"href":"https:\/\/folhapopular.info\/index.php\/wp-json\/wp\/v2\/categories?post=141413"},{"taxonomy":"post_tag","embeddable":true,"href":"https:\/\/folhapopular.info\/index.php\/wp-json\/wp\/v2\/tags?post=141413"}],"curies":[{"name":"wp","href":"https:\/\/api.w.org\/{rel}","templated":true}]}}