{"id":141434,"date":"2023-10-10T08:24:32","date_gmt":"2023-10-10T11:24:32","guid":{"rendered":"https:\/\/folhapopular.info\/?p=141434"},"modified":"2023-10-10T11:08:46","modified_gmt":"2023-10-10T14:08:46","slug":"governo-vai-subsidiar-juros-de-financiamentos-tomados-por-empresas-afetadas-por-eventos-climaticos-em-2023","status":"publish","type":"post","link":"https:\/\/folhapopular.info\/index.php\/2023\/10\/10\/governo-vai-subsidiar-juros-de-financiamentos-tomados-por-empresas-afetadas-por-eventos-climaticos-em-2023\/","title":{"rendered":"Governo vai subsidiar juros de financiamentos tomados por empresas afetadas por eventos clim\u00e1ticos em 2023"},"content":{"rendered":"\n<p>O governo do Estado, por meio da Secretaria de Desenvolvimento Econ\u00f4mico (Sedec), criou nesta segunda-feira (9\/10) o Programa Reconstruir, que permitir\u00e1 o subs\u00eddio parcial pelo Estado de juros remunerat\u00f3rios devidos e pagos pelos propriet\u00e1rios de neg\u00f3cios que tenham opera\u00e7\u00f5es de cr\u00e9dito contratadas com o Banrisul e foram afetados pelo efeitos das enchentes no Vale do Taquari e no Litoral Norte.<\/p>\n\n\n\n<p>Ser\u00e3o beneficiados microempreendedores individuais (MEI), microempresas, empresas de pequeno porte e empresas de m\u00e9dio porte, localizados nas \u00e1reas severamente afetadas por eventos clim\u00e1ticos ocorridos em 2023 nos munic\u00edpios de Arroio do Meio, Cara\u00e1, Encantado, Maquin\u00e9, Mu\u00e7um, Roca Sales, Santa Tereza e Sede Nova.<\/p>\n\n\n\n<p>Para o setor empresarial, o Executivo j\u00e1 anunciou um pacote de R$ 1 bilh\u00e3o em linhas de cr\u00e9dito pelo Banrisul e tamb\u00e9m uma transfer\u00eancia de R$ 2,5 mil por pequeno neg\u00f3cio atingido em Mu\u00e7um e Roca Sales, usando a arrecada\u00e7\u00e3o para o pix da campanha SOS Rio Grande do Sul.<\/p>\n\n\n\n<p>Os recursos para a amortiza\u00e7\u00e3o ser\u00e3o de R$ 18,5 milh\u00f5es, provenientes do Fundo Opera\u00e7\u00e3o Empresa do Estado do Rio Grande do Sul (Fundopem-RS), que consiste na convers\u00e3o do benef\u00edcio financeiro em desconto sobre o Imposto sobre Circula\u00e7\u00e3o de Mercadorias e Servi\u00e7os (ICMS) incremental oriundo da comercializa\u00e7\u00e3o dos produtos fabricados. Com este valor, o Estado assume parcialmente a quita\u00e7\u00e3o de juros de financiamentos contratados pelos empres\u00e1rios afetados, permitindo ao banco atend\u00ea-los com a equaliza\u00e7\u00e3o da opera\u00e7\u00e3o.<\/p>\n\n\n\n<p>O <a href=\"https:\/\/www.diariooficial.rs.gov.br\/materia?id=911687\" target=\"_blank\" rel=\"noreferrer noopener\">decreto<\/a> estabeleceu as condi\u00e7\u00f5es e os valores m\u00e1ximos dos empr\u00e9stimos que poder\u00e3o ser contemplados pelo Programa Reconstruir. S\u00e3o eles:<\/p>\n\n\n\n<p>&#8211; para os MEIs, o valor contratual m\u00e1ximo ser\u00e1 de R$ 10 mil;<br>&#8211; para microempresas, at\u00e9 R$ 75 mil;<br>&#8211; para empresas de pequeno e m\u00e9dio porte, m\u00e1ximo de R$ 125 mil.<\/p>\n\n\n\n<p>Nos tr\u00eas casos, o texto do edital estabeleceu prazo de car\u00eancia de 12 meses e de at\u00e9 48 meses de amortiza\u00e7\u00e3o.<\/p>\n\n\n\n<h2 class=\"wp-block-heading\">Como participar<\/h2>\n\n\n\n<p>Para participar do programa, as empresas devem comprovar o enquadramento nos grupos econ\u00f4micos contemplados pela medida, ter matriz ou unidade filial em funcionamento nos munic\u00edpios indicados, ter registro na Junta Comercial do RS (JucisRS) em data anterior ao evento clim\u00e1tico, comprovar a regularidade fiscal e firmar autodeclara\u00e7\u00e3o vinculando a utiliza\u00e7\u00e3o do valor recebido na opera\u00e7\u00e3o de cr\u00e9dito \u00e0 atividade econ\u00f4mica exercida para sanar os preju\u00edzos decorrentes do evento clim\u00e1tico. Os empres\u00e1rios que preencherem os requisitos devem procurar o Banrisul, que avaliar\u00e1 a concess\u00e3o do benef\u00edcio.<\/p>\n\n\n\n<p>Durante o m\u00eas de setembro, o Gabinete Itinerante coordenado pela Sedec, formado pela JucisRS, vinculada \u00e0 secretaria, e pelo Servi\u00e7o Brasileiro de Apoio \u00e0s Micro e Pequenas Empresas do RS (Sebrae RS), fez um levantamento das empresas afetadas pelo ciclone no Vale do Taquari e constatou que 93% das empresas pesquisadas sofreram preju\u00edzos.<\/p>\n\n\n\n<h2 class=\"wp-block-heading\">Mat\u00e9rias relacionadas<\/h2>\n\n\n\n<figure class=\"wp-block-embed is-type-wp-embed is-provider-folha-popular wp-block-embed-folha-popular\"><div class=\"wp-block-embed__wrapper\">\n<blockquote class=\"wp-embedded-content\" data-secret=\"OKcihnyjOR\"><a href=\"https:\/\/folhapopular.info\/index.php\/2023\/09\/28\/diagnostico-aponta-perdas-de-quase-r-500-milhoes-no-setor-empresarial-em-decorrencia-da-enchente\/\">Diagn\u00f3stico aponta perdas de quase R$ 500 milh\u00f5es no setor empresarial em decorr\u00eancia da enchente<\/a><\/blockquote><iframe loading=\"lazy\" class=\"wp-embedded-content\" sandbox=\"allow-scripts\" security=\"restricted\" style=\"position: absolute; clip: rect(1px, 1px, 1px, 1px);\" title=\"&#8220;Diagn\u00f3stico aponta perdas de quase R$ 500 milh\u00f5es no setor empresarial em decorr\u00eancia da enchente&#8221; &#8212; Folha Popular\" src=\"https:\/\/folhapopular.info\/index.php\/2023\/09\/28\/diagnostico-aponta-perdas-de-quase-r-500-milhoes-no-setor-empresarial-em-decorrencia-da-enchente\/embed\/#?secret=fVTJvLtqUd#?secret=OKcihnyjOR\" data-secret=\"OKcihnyjOR\" width=\"600\" height=\"338\" frameborder=\"0\" marginwidth=\"0\" marginheight=\"0\" scrolling=\"no\"><\/iframe>\n<\/div><\/figure>\n\n\n\n<figure class=\"wp-block-embed is-type-wp-embed is-provider-folha-popular wp-block-embed-folha-popular\"><div class=\"wp-block-embed__wrapper\">\n<blockquote class=\"wp-embedded-content\" data-secret=\"G0ELhlz43Y\"><a href=\"https:\/\/folhapopular.info\/index.php\/2023\/10\/10\/cic-vt-associados-e-governo-do-estado-buscam-incentivos-para-empresas-impactadas-pelas-cheias\/\">CIC VT, associados e Governo do Estado buscam incentivos para empresas impactadas pelas cheias<\/a><\/blockquote><iframe loading=\"lazy\" class=\"wp-embedded-content\" sandbox=\"allow-scripts\" security=\"restricted\" style=\"position: absolute; clip: rect(1px, 1px, 1px, 1px);\" title=\"&#8220;CIC VT, associados e Governo do Estado buscam incentivos para empresas impactadas pelas cheias&#8221; &#8212; Folha Popular\" src=\"https:\/\/folhapopular.info\/index.php\/2023\/10\/10\/cic-vt-associados-e-governo-do-estado-buscam-incentivos-para-empresas-impactadas-pelas-cheias\/embed\/#?secret=Tnds8sglJf#?secret=G0ELhlz43Y\" data-secret=\"G0ELhlz43Y\" width=\"600\" height=\"338\" frameborder=\"0\" marginwidth=\"0\" marginheight=\"0\" scrolling=\"no\"><\/iframe>\n<\/div><\/figure>\n","protected":false},"excerpt":{"rendered":"<p>O governo do Estado, por meio da Secretaria de Desenvolvimento Econ\u00f4mico (Sedec), criou nesta segunda-feira (9\/10) o Programa Reconstruir, que permitir\u00e1 o subs\u00eddio parcial pelo Estado de juros remunerat\u00f3rios devidos e pagos pelos propriet\u00e1rios de neg\u00f3cios que tenham opera\u00e7\u00f5es de cr\u00e9dito contratadas com o Banrisul e foram afetados pelo efeitos das enchentes no Vale do [&hellip;]<\/p>\n","protected":false},"author":8,"featured_media":141436,"comment_status":"open","ping_status":"open","sticky":false,"template":"","format":"standard","meta":{"pmpro_default_level":"","_jetpack_memberships_contains_paid_content":false,"footnotes":""},"categories":[2,10991,12473],"tags":[1079,13379,10023,2025,10746,156],"class_list":{"0":"post-141434","1":"post","2":"type-post","3":"status-publish","4":"format-standard","5":"has-post-thumbnail","7":"category-featured","8":"category-economia","9":"category-negocios","10":"tag-banrisul","11":"tag-financiamentos","12":"tag-governo-do-rs","13":"tag-mei","14":"tag-microempresas","15":"tag-vale-do-taquari","16":"pmpro-has-access"},"yoast_head":"<!-- This site is optimized with the Yoast SEO plugin v27.5 - https:\/\/yoast.com\/product\/yoast-seo-wordpress\/ -->\n<title>Governo vai subsidiar juros de financiamentos tomados por empresas afetadas por eventos clim\u00e1ticos em 2023 - Folha Popular<\/title>\n<meta name=\"robots\" content=\"index, follow, max-snippet:-1, max-image-preview:large, max-video-preview:-1\" \/>\n<link rel=\"canonical\" href=\"https:\/\/folhapopular.info\/index.php\/2023\/10\/10\/governo-vai-subsidiar-juros-de-financiamentos-tomados-por-empresas-afetadas-por-eventos-climaticos-em-2023\/\" \/>\n<meta property=\"og:locale\" content=\"pt_BR\" \/>\n<meta property=\"og:type\" content=\"article\" \/>\n<meta property=\"og:title\" content=\"Governo vai subsidiar juros de financiamentos tomados por empresas afetadas por eventos clim\u00e1ticos em 2023 - Folha Popular\" \/>\n<meta property=\"og:description\" content=\"O governo do Estado, por meio da Secretaria de Desenvolvimento Econ\u00f4mico (Sedec), criou nesta segunda-feira (9\/10) o Programa Reconstruir, que permitir\u00e1 o subs\u00eddio parcial pelo Estado de juros remunerat\u00f3rios devidos e pagos pelos propriet\u00e1rios de neg\u00f3cios que tenham opera\u00e7\u00f5es de cr\u00e9dito contratadas com o Banrisul e foram afetados pelo efeitos das enchentes no Vale do [&hellip;]\" \/>\n<meta property=\"og:url\" content=\"https:\/\/folhapopular.info\/index.php\/2023\/10\/10\/governo-vai-subsidiar-juros-de-financiamentos-tomados-por-empresas-afetadas-por-eventos-climaticos-em-2023\/\" \/>\n<meta property=\"og:site_name\" content=\"Folha Popular\" \/>\n<meta property=\"article:published_time\" content=\"2023-10-10T11:24:32+00:00\" \/>\n<meta property=\"article:modified_time\" content=\"2023-10-10T14:08:46+00:00\" \/>\n<meta property=\"og:image\" content=\"http:\/\/folhapopular.info\/wp-content\/uploads\/2023\/10\/DSC_0285-scaled.jpg\" \/>\n\t<meta property=\"og:image:width\" content=\"2560\" \/>\n\t<meta property=\"og:image:height\" content=\"1711\" \/>\n\t<meta property=\"og:image:type\" content=\"image\/jpeg\" \/>\n<meta name=\"author\" content=\"Reda\u00e7\u00e3o Folha Popular\" \/>\n<meta name=\"twitter:card\" content=\"summary_large_image\" \/>\n<meta name=\"twitter:label1\" content=\"Escrito por\" \/>\n\t<meta name=\"twitter:data1\" content=\"Reda\u00e7\u00e3o Folha Popular\" \/>\n\t<meta name=\"twitter:label2\" content=\"Est. tempo de leitura\" \/>\n\t<meta name=\"twitter:data2\" content=\"3 minutos\" \/>\n<script type=\"application\/ld+json\" class=\"yoast-schema-graph\">{\"@context\":\"https:\\\/\\\/schema.org\",\"@graph\":[{\"@type\":\"Article\",\"@id\":\"https:\\\/\\\/folhapopular.info\\\/index.php\\\/2023\\\/10\\\/10\\\/governo-vai-subsidiar-juros-de-financiamentos-tomados-por-empresas-afetadas-por-eventos-climaticos-em-2023\\\/#article\",\"isPartOf\":{\"@id\":\"https:\\\/\\\/folhapopular.info\\\/index.php\\\/2023\\\/10\\\/10\\\/governo-vai-subsidiar-juros-de-financiamentos-tomados-por-empresas-afetadas-por-eventos-climaticos-em-2023\\\/\"},\"author\":{\"name\":\"Reda\u00e7\u00e3o Folha Popular\",\"@id\":\"https:\\\/\\\/folhapopular.info\\\/#\\\/schema\\\/person\\\/2814e8a0df7643585a9ca38bc6eb9d4b\"},\"headline\":\"Governo vai subsidiar juros de financiamentos tomados por empresas afetadas por eventos clim\u00e1ticos em 2023\",\"datePublished\":\"2023-10-10T11:24:32+00:00\",\"dateModified\":\"2023-10-10T14:08:46+00:00\",\"mainEntityOfPage\":{\"@id\":\"https:\\\/\\\/folhapopular.info\\\/index.php\\\/2023\\\/10\\\/10\\\/governo-vai-subsidiar-juros-de-financiamentos-tomados-por-empresas-afetadas-por-eventos-climaticos-em-2023\\\/\"},\"wordCount\":520,\"commentCount\":0,\"image\":{\"@id\":\"https:\\\/\\\/folhapopular.info\\\/index.php\\\/2023\\\/10\\\/10\\\/governo-vai-subsidiar-juros-de-financiamentos-tomados-por-empresas-afetadas-por-eventos-climaticos-em-2023\\\/#primaryimage\"},\"thumbnailUrl\":\"https:\\\/\\\/folhapopular.info\\\/wp-content\\\/uploads\\\/2023\\\/10\\\/DSC_0285-scaled.jpg\",\"keywords\":[\"Banrisul\",\"Financiamentos\",\"governo do rs\",\"MEI\",\"microempresas\",\"Vale do Taquari\"],\"articleSection\":[\"Destaques\",\"Economia\",\"Neg\u00f3cios\"],\"inLanguage\":\"pt-BR\",\"potentialAction\":[{\"@type\":\"CommentAction\",\"name\":\"Comment\",\"target\":[\"https:\\\/\\\/folhapopular.info\\\/index.php\\\/2023\\\/10\\\/10\\\/governo-vai-subsidiar-juros-de-financiamentos-tomados-por-empresas-afetadas-por-eventos-climaticos-em-2023\\\/#respond\"]}]},{\"@type\":\"WebPage\",\"@id\":\"https:\\\/\\\/folhapopular.info\\\/index.php\\\/2023\\\/10\\\/10\\\/governo-vai-subsidiar-juros-de-financiamentos-tomados-por-empresas-afetadas-por-eventos-climaticos-em-2023\\\/\",\"url\":\"https:\\\/\\\/folhapopular.info\\\/index.php\\\/2023\\\/10\\\/10\\\/governo-vai-subsidiar-juros-de-financiamentos-tomados-por-empresas-afetadas-por-eventos-climaticos-em-2023\\\/\",\"name\":\"Governo vai subsidiar juros de financiamentos tomados por empresas afetadas por eventos clim\u00e1ticos em 2023 - Folha Popular\",\"isPartOf\":{\"@id\":\"https:\\\/\\\/folhapopular.info\\\/#website\"},\"primaryImageOfPage\":{\"@id\":\"https:\\\/\\\/folhapopular.info\\\/index.php\\\/2023\\\/10\\\/10\\\/governo-vai-subsidiar-juros-de-financiamentos-tomados-por-empresas-afetadas-por-eventos-climaticos-em-2023\\\/#primaryimage\"},\"image\":{\"@id\":\"https:\\\/\\\/folhapopular.info\\\/index.php\\\/2023\\\/10\\\/10\\\/governo-vai-subsidiar-juros-de-financiamentos-tomados-por-empresas-afetadas-por-eventos-climaticos-em-2023\\\/#primaryimage\"},\"thumbnailUrl\":\"https:\\\/\\\/folhapopular.info\\\/wp-content\\\/uploads\\\/2023\\\/10\\\/DSC_0285-scaled.jpg\",\"datePublished\":\"2023-10-10T11:24:32+00:00\",\"dateModified\":\"2023-10-10T14:08:46+00:00\",\"author\":{\"@id\":\"https:\\\/\\\/folhapopular.info\\\/#\\\/schema\\\/person\\\/2814e8a0df7643585a9ca38bc6eb9d4b\"},\"breadcrumb\":{\"@id\":\"https:\\\/\\\/folhapopular.info\\\/index.php\\\/2023\\\/10\\\/10\\\/governo-vai-subsidiar-juros-de-financiamentos-tomados-por-empresas-afetadas-por-eventos-climaticos-em-2023\\\/#breadcrumb\"},\"inLanguage\":\"pt-BR\",\"potentialAction\":[{\"@type\":\"ReadAction\",\"target\":[\"https:\\\/\\\/folhapopular.info\\\/index.php\\\/2023\\\/10\\\/10\\\/governo-vai-subsidiar-juros-de-financiamentos-tomados-por-empresas-afetadas-por-eventos-climaticos-em-2023\\\/\"]}]},{\"@type\":\"ImageObject\",\"inLanguage\":\"pt-BR\",\"@id\":\"https:\\\/\\\/folhapopular.info\\\/index.php\\\/2023\\\/10\\\/10\\\/governo-vai-subsidiar-juros-de-financiamentos-tomados-por-empresas-afetadas-por-eventos-climaticos-em-2023\\\/#primaryimage\",\"url\":\"https:\\\/\\\/folhapopular.info\\\/wp-content\\\/uploads\\\/2023\\\/10\\\/DSC_0285-scaled.jpg\",\"contentUrl\":\"https:\\\/\\\/folhapopular.info\\\/wp-content\\\/uploads\\\/2023\\\/10\\\/DSC_0285-scaled.jpg\",\"width\":2560,\"height\":1711,\"caption\":\"Cr\u00e9dito: Camille Lenz da Silva\"},{\"@type\":\"BreadcrumbList\",\"@id\":\"https:\\\/\\\/folhapopular.info\\\/index.php\\\/2023\\\/10\\\/10\\\/governo-vai-subsidiar-juros-de-financiamentos-tomados-por-empresas-afetadas-por-eventos-climaticos-em-2023\\\/#breadcrumb\",\"itemListElement\":[{\"@type\":\"ListItem\",\"position\":1,\"name\":\"In\u00edcio\",\"item\":\"https:\\\/\\\/folhapopular.info\\\/\"},{\"@type\":\"ListItem\",\"position\":2,\"name\":\"Governo vai subsidiar juros de financiamentos tomados por empresas afetadas por eventos clim\u00e1ticos em 2023\"}]},{\"@type\":\"WebSite\",\"@id\":\"https:\\\/\\\/folhapopular.info\\\/#website\",\"url\":\"https:\\\/\\\/folhapopular.info\\\/\",\"name\":\"Folha Popular\",\"description\":\"Onde voc\u00ea tem vez e voz\",\"potentialAction\":[{\"@type\":\"SearchAction\",\"target\":{\"@type\":\"EntryPoint\",\"urlTemplate\":\"https:\\\/\\\/folhapopular.info\\\/?s={search_term_string}\"},\"query-input\":{\"@type\":\"PropertyValueSpecification\",\"valueRequired\":true,\"valueName\":\"search_term_string\"}}],\"inLanguage\":\"pt-BR\"},{\"@type\":\"Person\",\"@id\":\"https:\\\/\\\/folhapopular.info\\\/#\\\/schema\\\/person\\\/2814e8a0df7643585a9ca38bc6eb9d4b\",\"name\":\"Reda\u00e7\u00e3o Folha Popular\",\"image\":{\"@type\":\"ImageObject\",\"inLanguage\":\"pt-BR\",\"@id\":\"https:\\\/\\\/folhapopular.info\\\/wp-content\\\/uploads\\\/2026\\\/04\\\/Folha-1.webp\",\"url\":\"https:\\\/\\\/folhapopular.info\\\/wp-content\\\/uploads\\\/2026\\\/04\\\/Folha-1.webp\",\"contentUrl\":\"https:\\\/\\\/folhapopular.info\\\/wp-content\\\/uploads\\\/2026\\\/04\\\/Folha-1.webp\",\"caption\":\"Reda\u00e7\u00e3o Folha Popular\"},\"url\":\"https:\\\/\\\/folhapopular.info\\\/index.php\\\/author\\\/redacao\\\/\"}]}<\/script>\n<!-- \/ Yoast SEO plugin. -->","yoast_head_json":{"title":"Governo vai subsidiar juros de financiamentos tomados por empresas afetadas por eventos clim\u00e1ticos em 2023 - Folha Popular","robots":{"index":"index","follow":"follow","max-snippet":"max-snippet:-1","max-image-preview":"max-image-preview:large","max-video-preview":"max-video-preview:-1"},"canonical":"https:\/\/folhapopular.info\/index.php\/2023\/10\/10\/governo-vai-subsidiar-juros-de-financiamentos-tomados-por-empresas-afetadas-por-eventos-climaticos-em-2023\/","og_locale":"pt_BR","og_type":"article","og_title":"Governo vai subsidiar juros de financiamentos tomados por empresas afetadas por eventos clim\u00e1ticos em 2023 - Folha Popular","og_description":"O governo do Estado, por meio da Secretaria de Desenvolvimento Econ\u00f4mico (Sedec), criou nesta segunda-feira (9\/10) o Programa Reconstruir, que permitir\u00e1 o subs\u00eddio parcial pelo Estado de juros remunerat\u00f3rios devidos e pagos pelos propriet\u00e1rios de neg\u00f3cios que tenham opera\u00e7\u00f5es de cr\u00e9dito contratadas com o Banrisul e foram afetados pelo efeitos das enchentes no Vale do [&hellip;]","og_url":"https:\/\/folhapopular.info\/index.php\/2023\/10\/10\/governo-vai-subsidiar-juros-de-financiamentos-tomados-por-empresas-afetadas-por-eventos-climaticos-em-2023\/","og_site_name":"Folha Popular","article_published_time":"2023-10-10T11:24:32+00:00","article_modified_time":"2023-10-10T14:08:46+00:00","og_image":[{"width":2560,"height":1711,"url":"http:\/\/folhapopular.info\/wp-content\/uploads\/2023\/10\/DSC_0285-scaled.jpg","type":"image\/jpeg"}],"author":"Reda\u00e7\u00e3o Folha Popular","twitter_card":"summary_large_image","twitter_misc":{"Escrito por":"Reda\u00e7\u00e3o Folha Popular","Est. tempo de leitura":"3 minutos"},"schema":{"@context":"https:\/\/schema.org","@graph":[{"@type":"Article","@id":"https:\/\/folhapopular.info\/index.php\/2023\/10\/10\/governo-vai-subsidiar-juros-de-financiamentos-tomados-por-empresas-afetadas-por-eventos-climaticos-em-2023\/#article","isPartOf":{"@id":"https:\/\/folhapopular.info\/index.php\/2023\/10\/10\/governo-vai-subsidiar-juros-de-financiamentos-tomados-por-empresas-afetadas-por-eventos-climaticos-em-2023\/"},"author":{"name":"Reda\u00e7\u00e3o Folha Popular","@id":"https:\/\/folhapopular.info\/#\/schema\/person\/2814e8a0df7643585a9ca38bc6eb9d4b"},"headline":"Governo vai subsidiar juros de financiamentos tomados por empresas afetadas por eventos clim\u00e1ticos em 2023","datePublished":"2023-10-10T11:24:32+00:00","dateModified":"2023-10-10T14:08:46+00:00","mainEntityOfPage":{"@id":"https:\/\/folhapopular.info\/index.php\/2023\/10\/10\/governo-vai-subsidiar-juros-de-financiamentos-tomados-por-empresas-afetadas-por-eventos-climaticos-em-2023\/"},"wordCount":520,"commentCount":0,"image":{"@id":"https:\/\/folhapopular.info\/index.php\/2023\/10\/10\/governo-vai-subsidiar-juros-de-financiamentos-tomados-por-empresas-afetadas-por-eventos-climaticos-em-2023\/#primaryimage"},"thumbnailUrl":"https:\/\/folhapopular.info\/wp-content\/uploads\/2023\/10\/DSC_0285-scaled.jpg","keywords":["Banrisul","Financiamentos","governo do rs","MEI","microempresas","Vale do Taquari"],"articleSection":["Destaques","Economia","Neg\u00f3cios"],"inLanguage":"pt-BR","potentialAction":[{"@type":"CommentAction","name":"Comment","target":["https:\/\/folhapopular.info\/index.php\/2023\/10\/10\/governo-vai-subsidiar-juros-de-financiamentos-tomados-por-empresas-afetadas-por-eventos-climaticos-em-2023\/#respond"]}]},{"@type":"WebPage","@id":"https:\/\/folhapopular.info\/index.php\/2023\/10\/10\/governo-vai-subsidiar-juros-de-financiamentos-tomados-por-empresas-afetadas-por-eventos-climaticos-em-2023\/","url":"https:\/\/folhapopular.info\/index.php\/2023\/10\/10\/governo-vai-subsidiar-juros-de-financiamentos-tomados-por-empresas-afetadas-por-eventos-climaticos-em-2023\/","name":"Governo vai subsidiar juros de financiamentos tomados por empresas afetadas por eventos clim\u00e1ticos em 2023 - Folha Popular","isPartOf":{"@id":"https:\/\/folhapopular.info\/#website"},"primaryImageOfPage":{"@id":"https:\/\/folhapopular.info\/index.php\/2023\/10\/10\/governo-vai-subsidiar-juros-de-financiamentos-tomados-por-empresas-afetadas-por-eventos-climaticos-em-2023\/#primaryimage"},"image":{"@id":"https:\/\/folhapopular.info\/index.php\/2023\/10\/10\/governo-vai-subsidiar-juros-de-financiamentos-tomados-por-empresas-afetadas-por-eventos-climaticos-em-2023\/#primaryimage"},"thumbnailUrl":"https:\/\/folhapopular.info\/wp-content\/uploads\/2023\/10\/DSC_0285-scaled.jpg","datePublished":"2023-10-10T11:24:32+00:00","dateModified":"2023-10-10T14:08:46+00:00","author":{"@id":"https:\/\/folhapopular.info\/#\/schema\/person\/2814e8a0df7643585a9ca38bc6eb9d4b"},"breadcrumb":{"@id":"https:\/\/folhapopular.info\/index.php\/2023\/10\/10\/governo-vai-subsidiar-juros-de-financiamentos-tomados-por-empresas-afetadas-por-eventos-climaticos-em-2023\/#breadcrumb"},"inLanguage":"pt-BR","potentialAction":[{"@type":"ReadAction","target":["https:\/\/folhapopular.info\/index.php\/2023\/10\/10\/governo-vai-subsidiar-juros-de-financiamentos-tomados-por-empresas-afetadas-por-eventos-climaticos-em-2023\/"]}]},{"@type":"ImageObject","inLanguage":"pt-BR","@id":"https:\/\/folhapopular.info\/index.php\/2023\/10\/10\/governo-vai-subsidiar-juros-de-financiamentos-tomados-por-empresas-afetadas-por-eventos-climaticos-em-2023\/#primaryimage","url":"https:\/\/folhapopular.info\/wp-content\/uploads\/2023\/10\/DSC_0285-scaled.jpg","contentUrl":"https:\/\/folhapopular.info\/wp-content\/uploads\/2023\/10\/DSC_0285-scaled.jpg","width":2560,"height":1711,"caption":"Cr\u00e9dito: Camille Lenz da Silva"},{"@type":"BreadcrumbList","@id":"https:\/\/folhapopular.info\/index.php\/2023\/10\/10\/governo-vai-subsidiar-juros-de-financiamentos-tomados-por-empresas-afetadas-por-eventos-climaticos-em-2023\/#breadcrumb","itemListElement":[{"@type":"ListItem","position":1,"name":"In\u00edcio","item":"https:\/\/folhapopular.info\/"},{"@type":"ListItem","position":2,"name":"Governo vai subsidiar juros de financiamentos tomados por empresas afetadas por eventos clim\u00e1ticos em 2023"}]},{"@type":"WebSite","@id":"https:\/\/folhapopular.info\/#website","url":"https:\/\/folhapopular.info\/","name":"Folha Popular","description":"Onde voc\u00ea tem vez e voz","potentialAction":[{"@type":"SearchAction","target":{"@type":"EntryPoint","urlTemplate":"https:\/\/folhapopular.info\/?s={search_term_string}"},"query-input":{"@type":"PropertyValueSpecification","valueRequired":true,"valueName":"search_term_string"}}],"inLanguage":"pt-BR"},{"@type":"Person","@id":"https:\/\/folhapopular.info\/#\/schema\/person\/2814e8a0df7643585a9ca38bc6eb9d4b","name":"Reda\u00e7\u00e3o Folha Popular","image":{"@type":"ImageObject","inLanguage":"pt-BR","@id":"https:\/\/folhapopular.info\/wp-content\/uploads\/2026\/04\/Folha-1.webp","url":"https:\/\/folhapopular.info\/wp-content\/uploads\/2026\/04\/Folha-1.webp","contentUrl":"https:\/\/folhapopular.info\/wp-content\/uploads\/2026\/04\/Folha-1.webp","caption":"Reda\u00e7\u00e3o Folha Popular"},"url":"https:\/\/folhapopular.info\/index.php\/author\/redacao\/"}]}},"jetpack_featured_media_url":"https:\/\/folhapopular.info\/wp-content\/uploads\/2023\/10\/DSC_0285-scaled.jpg","jetpack_sharing_enabled":true,"amp_enabled":true,"_links":{"self":[{"href":"https:\/\/folhapopular.info\/index.php\/wp-json\/wp\/v2\/posts\/141434","targetHints":{"allow":["GET"]}}],"collection":[{"href":"https:\/\/folhapopular.info\/index.php\/wp-json\/wp\/v2\/posts"}],"about":[{"href":"https:\/\/folhapopular.info\/index.php\/wp-json\/wp\/v2\/types\/post"}],"author":[{"embeddable":true,"href":"https:\/\/folhapopular.info\/index.php\/wp-json\/wp\/v2\/users\/8"}],"replies":[{"embeddable":true,"href":"https:\/\/folhapopular.info\/index.php\/wp-json\/wp\/v2\/comments?post=141434"}],"version-history":[{"count":0,"href":"https:\/\/folhapopular.info\/index.php\/wp-json\/wp\/v2\/posts\/141434\/revisions"}],"wp:featuredmedia":[{"embeddable":true,"href":"https:\/\/folhapopular.info\/index.php\/wp-json\/wp\/v2\/media\/141436"}],"wp:attachment":[{"href":"https:\/\/folhapopular.info\/index.php\/wp-json\/wp\/v2\/media?parent=141434"}],"wp:term":[{"taxonomy":"category","embeddable":true,"href":"https:\/\/folhapopular.info\/index.php\/wp-json\/wp\/v2\/categories?post=141434"},{"taxonomy":"post_tag","embeddable":true,"href":"https:\/\/folhapopular.info\/index.php\/wp-json\/wp\/v2\/tags?post=141434"}],"curies":[{"name":"wp","href":"https:\/\/api.w.org\/{rel}","templated":true}]}}