{"id":141516,"date":"2023-10-11T08:31:52","date_gmt":"2023-10-11T11:31:52","guid":{"rendered":"https:\/\/folhapopular.info\/?p=141516"},"modified":"2023-10-11T08:31:55","modified_gmt":"2023-10-11T11:31:55","slug":"parceria-entre-municipios-e-defesa-civil-sera-discutida-pela-amvat-em-santa-clara-do-sul","status":"publish","type":"post","link":"https:\/\/folhapopular.info\/index.php\/2023\/10\/11\/parceria-entre-municipios-e-defesa-civil-sera-discutida-pela-amvat-em-santa-clara-do-sul\/","title":{"rendered":"Parceria entre munic\u00edpios e Defesa Civil ser\u00e1 discutida pela Amvat em Santa Clara do Sul"},"content":{"rendered":"\n<p>A parceria dos munic\u00edpios e Defesa Civil, principalmente no enfrentamento de cat\u00e1strofes como a cheia que atingiu a regi\u00e3o no in\u00edcio de setembro \u00e9 um dos assuntos em pauta na assembleia geral da Associa\u00e7\u00e3o dos Munic\u00edpios do Vale do Taquari (Amvat), que ocorre nesta quarta-feir (11\/10), \u00e0s 15h30, no Centro Administrativo de Santa Clara do Sul (Avenida Emancipa\u00e7\u00e3o, 615 \u2013 Centro). O debate contar\u00e1 com a participa\u00e7\u00e3o do coordenador regional de Prote\u00e7\u00e3o e Defesa Civil, coronel Everton de Souza Dias.<\/p>\n\n\n\n<p>Tamb\u00e9m participa da assembleia o secret\u00e1rio estadual de Habita\u00e7\u00e3o e Regulariza\u00e7\u00e3o Fundi\u00e1ria, Fabr\u00edcio Peruchin, que apresentar\u00e1 a\u00e7\u00f5es do Governo do Estado na \u00e1rea habitacional, o superintendente regional do Banrisul, Clodemar Borrasca e o gerente geral da Ag\u00eancia de Santa Clara do Sul, Bruno Ruschel, que apresentar\u00e3o linhas de cr\u00e9dito dispon\u00edveis para os munic\u00edpios, turismo e inova\u00e7\u00e3o.<\/p>\n\n\n\n<p>Nessa data ocorre tamb\u00e9m o encontro das Primeiras-Damas, com recep\u00e7\u00e3o no mesmo local e hor\u00e1rio. A assembleia e encontro de Primeiras-Damas fazem parte da programa\u00e7\u00e3o oficial da Santa Flor + SF Summit, que se realiza em Santa Clara do Sul de 11 a 15 de outubro, e cuja abertura oficial est\u00e1 agendada para esta quarta-feira, \u00e0s 18h.<\/p>\n\n\n\n<h2 class=\"wp-block-heading\">Segunda do m\u00eas<\/h2>\n\n\n\n<p>Ainda no m\u00eas de outubro a Amvat far\u00e1 mais uma assembleia, agendada para o dia 19, em Fazenda Vilanova. A reuni\u00e3o est\u00e1 marcada para as 16h, no audit\u00f3rio da Escola Municipal Edgar da Rosa Cardoso (Avenida Rio Grande do Sul, n\u00ba 192, Centro), e faz parte da programa\u00e7\u00e3o oficial da ExpoFaz 2023 \u2013 Feira Comercial, Industrial e Agropecu\u00e1ria \u2013 que ocorre de 19 a 22 de outubro.<\/p>\n\n\n\n<h2 class=\"wp-block-heading\">Mat\u00e9rias relacionadas<\/h2>\n\n\n\n<figure class=\"wp-block-embed is-type-wp-embed is-provider-folha-popular wp-block-embed-folha-popular\"><div class=\"wp-block-embed__wrapper\">\n<blockquote class=\"wp-embedded-content\" data-secret=\"b4oQEXEYa3\"><a href=\"https:\/\/folhapopular.info\/index.php\/2023\/10\/04\/5a-expofaz-fazenda-vilanova-sua-historia-demonstrara-potencialidades-do-municipio\/\">5\u00aa ExpoFaz \u2013 Fazenda Vilanova, Sua Hist\u00f3ria demonstrar\u00e1 potencialidades do munic\u00edpio<\/a><\/blockquote><iframe loading=\"lazy\" class=\"wp-embedded-content\" sandbox=\"allow-scripts\" security=\"restricted\" style=\"position: absolute; clip: rect(1px, 1px, 1px, 1px);\" title=\"&#8220;5\u00aa ExpoFaz \u2013 Fazenda Vilanova, Sua Hist\u00f3ria demonstrar\u00e1 potencialidades do munic\u00edpio&#8221; &#8212; Folha Popular\" src=\"https:\/\/folhapopular.info\/index.php\/2023\/10\/04\/5a-expofaz-fazenda-vilanova-sua-historia-demonstrara-potencialidades-do-municipio\/embed\/#?secret=VLIycJPCvg#?secret=b4oQEXEYa3\" data-secret=\"b4oQEXEYa3\" width=\"600\" height=\"338\" frameborder=\"0\" marginwidth=\"0\" marginheight=\"0\" scrolling=\"no\"><\/iframe>\n<\/div><\/figure>\n","protected":false},"excerpt":{"rendered":"<p>A parceria dos munic\u00edpios e Defesa Civil, principalmente no enfrentamento de cat\u00e1strofes como a cheia que atingiu a regi\u00e3o no in\u00edcio de setembro \u00e9 um dos assuntos em pauta na assembleia geral da Associa\u00e7\u00e3o dos Munic\u00edpios do Vale do Taquari (Amvat), que ocorre nesta quarta-feir (11\/10), \u00e0s 15h30, no Centro Administrativo de Santa Clara do [&hellip;]<\/p>\n","protected":false},"author":8,"featured_media":117725,"comment_status":"open","ping_status":"open","sticky":false,"template":"","format":"standard","meta":{"pmpro_default_level":"","_jetpack_memberships_contains_paid_content":false,"footnotes":""},"categories":[2,10991],"tags":[261,2181,1079,208,13396,3040],"class_list":{"0":"post-141516","1":"post","2":"type-post","3":"status-publish","4":"format-standard","5":"has-post-thumbnail","7":"category-featured","8":"category-economia","9":"tag-amvat","10":"tag-assembleia-geral","11":"tag-banrisul","12":"tag-defesa-civil","13":"tag-fabricio-peruchin","14":"tag-santa-clara-do-sul","15":"pmpro-has-access"},"yoast_head":"<!-- This site is optimized with the Yoast SEO plugin v27.5 - https:\/\/yoast.com\/product\/yoast-seo-wordpress\/ -->\n<title>Parceria entre munic\u00edpios e Defesa Civil ser\u00e1 discutida pela Amvat em Santa Clara do Sul - Folha Popular<\/title>\n<meta name=\"robots\" content=\"index, follow, max-snippet:-1, max-image-preview:large, max-video-preview:-1\" \/>\n<link rel=\"canonical\" href=\"https:\/\/folhapopular.info\/index.php\/2023\/10\/11\/parceria-entre-municipios-e-defesa-civil-sera-discutida-pela-amvat-em-santa-clara-do-sul\/\" \/>\n<meta property=\"og:locale\" content=\"pt_BR\" \/>\n<meta property=\"og:type\" content=\"article\" \/>\n<meta property=\"og:title\" content=\"Parceria entre munic\u00edpios e Defesa Civil ser\u00e1 discutida pela Amvat em Santa Clara do Sul - Folha Popular\" \/>\n<meta property=\"og:description\" content=\"A parceria dos munic\u00edpios e Defesa Civil, principalmente no enfrentamento de cat\u00e1strofes como a cheia que atingiu a regi\u00e3o no in\u00edcio de setembro \u00e9 um dos assuntos em pauta na assembleia geral da Associa\u00e7\u00e3o dos Munic\u00edpios do Vale do Taquari (Amvat), que ocorre nesta quarta-feir (11\/10), \u00e0s 15h30, no Centro Administrativo de Santa Clara do [&hellip;]\" \/>\n<meta property=\"og:url\" content=\"https:\/\/folhapopular.info\/index.php\/2023\/10\/11\/parceria-entre-municipios-e-defesa-civil-sera-discutida-pela-amvat-em-santa-clara-do-sul\/\" \/>\n<meta property=\"og:site_name\" content=\"Folha Popular\" \/>\n<meta property=\"article:published_time\" content=\"2023-10-11T11:31:52+00:00\" \/>\n<meta property=\"article:modified_time\" content=\"2023-10-11T11:31:55+00:00\" \/>\n<meta property=\"og:image\" content=\"http:\/\/folhapopular.info\/wp-content\/uploads\/2022\/12\/2022_12_14_LLB_Assembleia-da-Amvat-4-Medio.jpg\" \/>\n\t<meta property=\"og:image:width\" content=\"1024\" \/>\n\t<meta property=\"og:image:height\" content=\"768\" \/>\n\t<meta property=\"og:image:type\" content=\"image\/jpeg\" \/>\n<meta name=\"author\" content=\"Reda\u00e7\u00e3o Folha Popular\" \/>\n<meta name=\"twitter:card\" content=\"summary_large_image\" \/>\n<meta name=\"twitter:label1\" content=\"Escrito por\" \/>\n\t<meta name=\"twitter:data1\" content=\"Reda\u00e7\u00e3o Folha Popular\" \/>\n\t<meta name=\"twitter:label2\" content=\"Est. tempo de leitura\" \/>\n\t<meta name=\"twitter:data2\" content=\"2 minutos\" \/>\n<script type=\"application\/ld+json\" class=\"yoast-schema-graph\">{\"@context\":\"https:\\\/\\\/schema.org\",\"@graph\":[{\"@type\":\"Article\",\"@id\":\"https:\\\/\\\/folhapopular.info\\\/index.php\\\/2023\\\/10\\\/11\\\/parceria-entre-municipios-e-defesa-civil-sera-discutida-pela-amvat-em-santa-clara-do-sul\\\/#article\",\"isPartOf\":{\"@id\":\"https:\\\/\\\/folhapopular.info\\\/index.php\\\/2023\\\/10\\\/11\\\/parceria-entre-municipios-e-defesa-civil-sera-discutida-pela-amvat-em-santa-clara-do-sul\\\/\"},\"author\":{\"name\":\"Reda\u00e7\u00e3o Folha Popular\",\"@id\":\"https:\\\/\\\/folhapopular.info\\\/#\\\/schema\\\/person\\\/2814e8a0df7643585a9ca38bc6eb9d4b\"},\"headline\":\"Parceria entre munic\u00edpios e Defesa Civil ser\u00e1 discutida pela Amvat em Santa Clara do Sul\",\"datePublished\":\"2023-10-11T11:31:52+00:00\",\"dateModified\":\"2023-10-11T11:31:55+00:00\",\"mainEntityOfPage\":{\"@id\":\"https:\\\/\\\/folhapopular.info\\\/index.php\\\/2023\\\/10\\\/11\\\/parceria-entre-municipios-e-defesa-civil-sera-discutida-pela-amvat-em-santa-clara-do-sul\\\/\"},\"wordCount\":306,\"commentCount\":0,\"image\":{\"@id\":\"https:\\\/\\\/folhapopular.info\\\/index.php\\\/2023\\\/10\\\/11\\\/parceria-entre-municipios-e-defesa-civil-sera-discutida-pela-amvat-em-santa-clara-do-sul\\\/#primaryimage\"},\"thumbnailUrl\":\"https:\\\/\\\/folhapopular.info\\\/wp-content\\\/uploads\\\/2022\\\/12\\\/2022_12_14_LLB_Assembleia-da-Amvat-4-Medio.jpg\",\"keywords\":[\"AMVAT\",\"Assembleia Geral\",\"Banrisul\",\"Defesa Civil\",\"Fabr\u00edcio Peruchin\",\"Santa Clara do Sul\"],\"articleSection\":[\"Destaques\",\"Economia\"],\"inLanguage\":\"pt-BR\",\"potentialAction\":[{\"@type\":\"CommentAction\",\"name\":\"Comment\",\"target\":[\"https:\\\/\\\/folhapopular.info\\\/index.php\\\/2023\\\/10\\\/11\\\/parceria-entre-municipios-e-defesa-civil-sera-discutida-pela-amvat-em-santa-clara-do-sul\\\/#respond\"]}]},{\"@type\":\"WebPage\",\"@id\":\"https:\\\/\\\/folhapopular.info\\\/index.php\\\/2023\\\/10\\\/11\\\/parceria-entre-municipios-e-defesa-civil-sera-discutida-pela-amvat-em-santa-clara-do-sul\\\/\",\"url\":\"https:\\\/\\\/folhapopular.info\\\/index.php\\\/2023\\\/10\\\/11\\\/parceria-entre-municipios-e-defesa-civil-sera-discutida-pela-amvat-em-santa-clara-do-sul\\\/\",\"name\":\"Parceria entre munic\u00edpios e Defesa Civil ser\u00e1 discutida pela Amvat em Santa Clara do Sul - Folha Popular\",\"isPartOf\":{\"@id\":\"https:\\\/\\\/folhapopular.info\\\/#website\"},\"primaryImageOfPage\":{\"@id\":\"https:\\\/\\\/folhapopular.info\\\/index.php\\\/2023\\\/10\\\/11\\\/parceria-entre-municipios-e-defesa-civil-sera-discutida-pela-amvat-em-santa-clara-do-sul\\\/#primaryimage\"},\"image\":{\"@id\":\"https:\\\/\\\/folhapopular.info\\\/index.php\\\/2023\\\/10\\\/11\\\/parceria-entre-municipios-e-defesa-civil-sera-discutida-pela-amvat-em-santa-clara-do-sul\\\/#primaryimage\"},\"thumbnailUrl\":\"https:\\\/\\\/folhapopular.info\\\/wp-content\\\/uploads\\\/2022\\\/12\\\/2022_12_14_LLB_Assembleia-da-Amvat-4-Medio.jpg\",\"datePublished\":\"2023-10-11T11:31:52+00:00\",\"dateModified\":\"2023-10-11T11:31:55+00:00\",\"author\":{\"@id\":\"https:\\\/\\\/folhapopular.info\\\/#\\\/schema\\\/person\\\/2814e8a0df7643585a9ca38bc6eb9d4b\"},\"breadcrumb\":{\"@id\":\"https:\\\/\\\/folhapopular.info\\\/index.php\\\/2023\\\/10\\\/11\\\/parceria-entre-municipios-e-defesa-civil-sera-discutida-pela-amvat-em-santa-clara-do-sul\\\/#breadcrumb\"},\"inLanguage\":\"pt-BR\",\"potentialAction\":[{\"@type\":\"ReadAction\",\"target\":[\"https:\\\/\\\/folhapopular.info\\\/index.php\\\/2023\\\/10\\\/11\\\/parceria-entre-municipios-e-defesa-civil-sera-discutida-pela-amvat-em-santa-clara-do-sul\\\/\"]}]},{\"@type\":\"ImageObject\",\"inLanguage\":\"pt-BR\",\"@id\":\"https:\\\/\\\/folhapopular.info\\\/index.php\\\/2023\\\/10\\\/11\\\/parceria-entre-municipios-e-defesa-civil-sera-discutida-pela-amvat-em-santa-clara-do-sul\\\/#primaryimage\",\"url\":\"https:\\\/\\\/folhapopular.info\\\/wp-content\\\/uploads\\\/2022\\\/12\\\/2022_12_14_LLB_Assembleia-da-Amvat-4-Medio.jpg\",\"contentUrl\":\"https:\\\/\\\/folhapopular.info\\\/wp-content\\\/uploads\\\/2022\\\/12\\\/2022_12_14_LLB_Assembleia-da-Amvat-4-Medio.jpg\",\"width\":1024,\"height\":768,\"caption\":\"Cr\u00e9dito: Lucas Leandro Brune \\\/ arquivo\"},{\"@type\":\"BreadcrumbList\",\"@id\":\"https:\\\/\\\/folhapopular.info\\\/index.php\\\/2023\\\/10\\\/11\\\/parceria-entre-municipios-e-defesa-civil-sera-discutida-pela-amvat-em-santa-clara-do-sul\\\/#breadcrumb\",\"itemListElement\":[{\"@type\":\"ListItem\",\"position\":1,\"name\":\"In\u00edcio\",\"item\":\"https:\\\/\\\/folhapopular.info\\\/\"},{\"@type\":\"ListItem\",\"position\":2,\"name\":\"Parceria entre munic\u00edpios e Defesa Civil ser\u00e1 discutida pela Amvat em Santa Clara do Sul\"}]},{\"@type\":\"WebSite\",\"@id\":\"https:\\\/\\\/folhapopular.info\\\/#website\",\"url\":\"https:\\\/\\\/folhapopular.info\\\/\",\"name\":\"Folha Popular\",\"description\":\"Onde voc\u00ea tem vez e voz\",\"potentialAction\":[{\"@type\":\"SearchAction\",\"target\":{\"@type\":\"EntryPoint\",\"urlTemplate\":\"https:\\\/\\\/folhapopular.info\\\/?s={search_term_string}\"},\"query-input\":{\"@type\":\"PropertyValueSpecification\",\"valueRequired\":true,\"valueName\":\"search_term_string\"}}],\"inLanguage\":\"pt-BR\"},{\"@type\":\"Person\",\"@id\":\"https:\\\/\\\/folhapopular.info\\\/#\\\/schema\\\/person\\\/2814e8a0df7643585a9ca38bc6eb9d4b\",\"name\":\"Reda\u00e7\u00e3o Folha Popular\",\"image\":{\"@type\":\"ImageObject\",\"inLanguage\":\"pt-BR\",\"@id\":\"https:\\\/\\\/folhapopular.info\\\/wp-content\\\/uploads\\\/2026\\\/04\\\/Folha-1.webp\",\"url\":\"https:\\\/\\\/folhapopular.info\\\/wp-content\\\/uploads\\\/2026\\\/04\\\/Folha-1.webp\",\"contentUrl\":\"https:\\\/\\\/folhapopular.info\\\/wp-content\\\/uploads\\\/2026\\\/04\\\/Folha-1.webp\",\"caption\":\"Reda\u00e7\u00e3o Folha Popular\"},\"url\":\"https:\\\/\\\/folhapopular.info\\\/index.php\\\/author\\\/redacao\\\/\"}]}<\/script>\n<!-- \/ Yoast SEO plugin. -->","yoast_head_json":{"title":"Parceria entre munic\u00edpios e Defesa Civil ser\u00e1 discutida pela Amvat em Santa Clara do Sul - Folha Popular","robots":{"index":"index","follow":"follow","max-snippet":"max-snippet:-1","max-image-preview":"max-image-preview:large","max-video-preview":"max-video-preview:-1"},"canonical":"https:\/\/folhapopular.info\/index.php\/2023\/10\/11\/parceria-entre-municipios-e-defesa-civil-sera-discutida-pela-amvat-em-santa-clara-do-sul\/","og_locale":"pt_BR","og_type":"article","og_title":"Parceria entre munic\u00edpios e Defesa Civil ser\u00e1 discutida pela Amvat em Santa Clara do Sul - Folha Popular","og_description":"A parceria dos munic\u00edpios e Defesa Civil, principalmente no enfrentamento de cat\u00e1strofes como a cheia que atingiu a regi\u00e3o no in\u00edcio de setembro \u00e9 um dos assuntos em pauta na assembleia geral da Associa\u00e7\u00e3o dos Munic\u00edpios do Vale do Taquari (Amvat), que ocorre nesta quarta-feir (11\/10), \u00e0s 15h30, no Centro Administrativo de Santa Clara do [&hellip;]","og_url":"https:\/\/folhapopular.info\/index.php\/2023\/10\/11\/parceria-entre-municipios-e-defesa-civil-sera-discutida-pela-amvat-em-santa-clara-do-sul\/","og_site_name":"Folha Popular","article_published_time":"2023-10-11T11:31:52+00:00","article_modified_time":"2023-10-11T11:31:55+00:00","og_image":[{"width":1024,"height":768,"url":"http:\/\/folhapopular.info\/wp-content\/uploads\/2022\/12\/2022_12_14_LLB_Assembleia-da-Amvat-4-Medio.jpg","type":"image\/jpeg"}],"author":"Reda\u00e7\u00e3o Folha Popular","twitter_card":"summary_large_image","twitter_misc":{"Escrito por":"Reda\u00e7\u00e3o Folha Popular","Est. tempo de leitura":"2 minutos"},"schema":{"@context":"https:\/\/schema.org","@graph":[{"@type":"Article","@id":"https:\/\/folhapopular.info\/index.php\/2023\/10\/11\/parceria-entre-municipios-e-defesa-civil-sera-discutida-pela-amvat-em-santa-clara-do-sul\/#article","isPartOf":{"@id":"https:\/\/folhapopular.info\/index.php\/2023\/10\/11\/parceria-entre-municipios-e-defesa-civil-sera-discutida-pela-amvat-em-santa-clara-do-sul\/"},"author":{"name":"Reda\u00e7\u00e3o Folha Popular","@id":"https:\/\/folhapopular.info\/#\/schema\/person\/2814e8a0df7643585a9ca38bc6eb9d4b"},"headline":"Parceria entre munic\u00edpios e Defesa Civil ser\u00e1 discutida pela Amvat em Santa Clara do Sul","datePublished":"2023-10-11T11:31:52+00:00","dateModified":"2023-10-11T11:31:55+00:00","mainEntityOfPage":{"@id":"https:\/\/folhapopular.info\/index.php\/2023\/10\/11\/parceria-entre-municipios-e-defesa-civil-sera-discutida-pela-amvat-em-santa-clara-do-sul\/"},"wordCount":306,"commentCount":0,"image":{"@id":"https:\/\/folhapopular.info\/index.php\/2023\/10\/11\/parceria-entre-municipios-e-defesa-civil-sera-discutida-pela-amvat-em-santa-clara-do-sul\/#primaryimage"},"thumbnailUrl":"https:\/\/folhapopular.info\/wp-content\/uploads\/2022\/12\/2022_12_14_LLB_Assembleia-da-Amvat-4-Medio.jpg","keywords":["AMVAT","Assembleia Geral","Banrisul","Defesa Civil","Fabr\u00edcio Peruchin","Santa Clara do Sul"],"articleSection":["Destaques","Economia"],"inLanguage":"pt-BR","potentialAction":[{"@type":"CommentAction","name":"Comment","target":["https:\/\/folhapopular.info\/index.php\/2023\/10\/11\/parceria-entre-municipios-e-defesa-civil-sera-discutida-pela-amvat-em-santa-clara-do-sul\/#respond"]}]},{"@type":"WebPage","@id":"https:\/\/folhapopular.info\/index.php\/2023\/10\/11\/parceria-entre-municipios-e-defesa-civil-sera-discutida-pela-amvat-em-santa-clara-do-sul\/","url":"https:\/\/folhapopular.info\/index.php\/2023\/10\/11\/parceria-entre-municipios-e-defesa-civil-sera-discutida-pela-amvat-em-santa-clara-do-sul\/","name":"Parceria entre munic\u00edpios e Defesa Civil ser\u00e1 discutida pela Amvat em Santa Clara do Sul - Folha Popular","isPartOf":{"@id":"https:\/\/folhapopular.info\/#website"},"primaryImageOfPage":{"@id":"https:\/\/folhapopular.info\/index.php\/2023\/10\/11\/parceria-entre-municipios-e-defesa-civil-sera-discutida-pela-amvat-em-santa-clara-do-sul\/#primaryimage"},"image":{"@id":"https:\/\/folhapopular.info\/index.php\/2023\/10\/11\/parceria-entre-municipios-e-defesa-civil-sera-discutida-pela-amvat-em-santa-clara-do-sul\/#primaryimage"},"thumbnailUrl":"https:\/\/folhapopular.info\/wp-content\/uploads\/2022\/12\/2022_12_14_LLB_Assembleia-da-Amvat-4-Medio.jpg","datePublished":"2023-10-11T11:31:52+00:00","dateModified":"2023-10-11T11:31:55+00:00","author":{"@id":"https:\/\/folhapopular.info\/#\/schema\/person\/2814e8a0df7643585a9ca38bc6eb9d4b"},"breadcrumb":{"@id":"https:\/\/folhapopular.info\/index.php\/2023\/10\/11\/parceria-entre-municipios-e-defesa-civil-sera-discutida-pela-amvat-em-santa-clara-do-sul\/#breadcrumb"},"inLanguage":"pt-BR","potentialAction":[{"@type":"ReadAction","target":["https:\/\/folhapopular.info\/index.php\/2023\/10\/11\/parceria-entre-municipios-e-defesa-civil-sera-discutida-pela-amvat-em-santa-clara-do-sul\/"]}]},{"@type":"ImageObject","inLanguage":"pt-BR","@id":"https:\/\/folhapopular.info\/index.php\/2023\/10\/11\/parceria-entre-municipios-e-defesa-civil-sera-discutida-pela-amvat-em-santa-clara-do-sul\/#primaryimage","url":"https:\/\/folhapopular.info\/wp-content\/uploads\/2022\/12\/2022_12_14_LLB_Assembleia-da-Amvat-4-Medio.jpg","contentUrl":"https:\/\/folhapopular.info\/wp-content\/uploads\/2022\/12\/2022_12_14_LLB_Assembleia-da-Amvat-4-Medio.jpg","width":1024,"height":768,"caption":"Cr\u00e9dito: Lucas Leandro Brune \/ arquivo"},{"@type":"BreadcrumbList","@id":"https:\/\/folhapopular.info\/index.php\/2023\/10\/11\/parceria-entre-municipios-e-defesa-civil-sera-discutida-pela-amvat-em-santa-clara-do-sul\/#breadcrumb","itemListElement":[{"@type":"ListItem","position":1,"name":"In\u00edcio","item":"https:\/\/folhapopular.info\/"},{"@type":"ListItem","position":2,"name":"Parceria entre munic\u00edpios e Defesa Civil ser\u00e1 discutida pela Amvat em Santa Clara do Sul"}]},{"@type":"WebSite","@id":"https:\/\/folhapopular.info\/#website","url":"https:\/\/folhapopular.info\/","name":"Folha Popular","description":"Onde voc\u00ea tem vez e voz","potentialAction":[{"@type":"SearchAction","target":{"@type":"EntryPoint","urlTemplate":"https:\/\/folhapopular.info\/?s={search_term_string}"},"query-input":{"@type":"PropertyValueSpecification","valueRequired":true,"valueName":"search_term_string"}}],"inLanguage":"pt-BR"},{"@type":"Person","@id":"https:\/\/folhapopular.info\/#\/schema\/person\/2814e8a0df7643585a9ca38bc6eb9d4b","name":"Reda\u00e7\u00e3o Folha Popular","image":{"@type":"ImageObject","inLanguage":"pt-BR","@id":"https:\/\/folhapopular.info\/wp-content\/uploads\/2026\/04\/Folha-1.webp","url":"https:\/\/folhapopular.info\/wp-content\/uploads\/2026\/04\/Folha-1.webp","contentUrl":"https:\/\/folhapopular.info\/wp-content\/uploads\/2026\/04\/Folha-1.webp","caption":"Reda\u00e7\u00e3o Folha Popular"},"url":"https:\/\/folhapopular.info\/index.php\/author\/redacao\/"}]}},"jetpack_featured_media_url":"https:\/\/folhapopular.info\/wp-content\/uploads\/2022\/12\/2022_12_14_LLB_Assembleia-da-Amvat-4-Medio.jpg","jetpack_sharing_enabled":true,"amp_enabled":true,"_links":{"self":[{"href":"https:\/\/folhapopular.info\/index.php\/wp-json\/wp\/v2\/posts\/141516","targetHints":{"allow":["GET"]}}],"collection":[{"href":"https:\/\/folhapopular.info\/index.php\/wp-json\/wp\/v2\/posts"}],"about":[{"href":"https:\/\/folhapopular.info\/index.php\/wp-json\/wp\/v2\/types\/post"}],"author":[{"embeddable":true,"href":"https:\/\/folhapopular.info\/index.php\/wp-json\/wp\/v2\/users\/8"}],"replies":[{"embeddable":true,"href":"https:\/\/folhapopular.info\/index.php\/wp-json\/wp\/v2\/comments?post=141516"}],"version-history":[{"count":0,"href":"https:\/\/folhapopular.info\/index.php\/wp-json\/wp\/v2\/posts\/141516\/revisions"}],"wp:featuredmedia":[{"embeddable":true,"href":"https:\/\/folhapopular.info\/index.php\/wp-json\/wp\/v2\/media\/117725"}],"wp:attachment":[{"href":"https:\/\/folhapopular.info\/index.php\/wp-json\/wp\/v2\/media?parent=141516"}],"wp:term":[{"taxonomy":"category","embeddable":true,"href":"https:\/\/folhapopular.info\/index.php\/wp-json\/wp\/v2\/categories?post=141516"},{"taxonomy":"post_tag","embeddable":true,"href":"https:\/\/folhapopular.info\/index.php\/wp-json\/wp\/v2\/tags?post=141516"}],"curies":[{"name":"wp","href":"https:\/\/api.w.org\/{rel}","templated":true}]}}