{"id":141613,"date":"2023-10-13T09:40:30","date_gmt":"2023-10-13T12:40:30","guid":{"rendered":"https:\/\/folhapopular.info\/?p=141613"},"modified":"2023-10-13T09:40:34","modified_gmt":"2023-10-13T12:40:34","slug":"profissionais-da-regiao-realizam-curso-sobre-vacinacao-do-crie-univates","status":"publish","type":"post","link":"https:\/\/folhapopular.info\/index.php\/2023\/10\/13\/profissionais-da-regiao-realizam-curso-sobre-vacinacao-do-crie-univates\/","title":{"rendered":"Profissionais da regi\u00e3o realizam curso sobre vacina\u00e7\u00e3o do Crie Univates"},"content":{"rendered":"\n<p>Enfermeiros e t\u00e9cnicos em Enfermagem que atuam nos munic\u00edpios de Colinas, Canudos do Vale, Po\u00e7o das Antas, Capit\u00e3o, Travesseiro, Imigrante, Cruzeiro do Sul e Pouso Novo participam de um curso sobre aplica\u00e7\u00e3o segura de vacinas realizado pelo <a href=\"http:\/\/crie.co\" target=\"_blank\" rel=\"noreferrer noopener\">Crie Univates<\/a>. A capacita\u00e7\u00e3o iniciou no dia 2 de outubro e segue at\u00e9 o dia 13 de novembro, com encontros on-line e presenciais.<\/p>\n\n\n\n<p>As aulas t\u00eam como objetivo esclarecer a import\u00e2ncia da imuniza\u00e7\u00e3o para a sa\u00fade p\u00fablica, os protocolos de seguran\u00e7a do paciente durante a administra\u00e7\u00e3o de vacinas, o Programa Nacional de Imuniza\u00e7\u00e3o (PNI) e outros temas relacionados ao servi\u00e7o de vacina\u00e7\u00e3o.<\/p>\n\n\n\n<p>O curso \u00e9 ministrado pela professora Rosel\u00e9ia Regina Halmenschlager, que \u00e9 enfermeira e atualmente coordena a Aten\u00e7\u00e3o B\u00e1sica no munic\u00edpio de Teut\u00f4nia. Rosel\u00e9ia \u00e9 especialista em Humaniza\u00e7\u00e3o da Aten\u00e7\u00e3o e Gest\u00e3o do Sistema \u00danico de Sa\u00fade (SUS) pela Universidade Federal do Rio Grande do Sul (Ufrgs), especialista em Sa\u00fade da Fam\u00edlia pela Universidade Federal de Ci\u00eancias da Sa\u00fade de Porto Alegre, especialista em Enfermagem Obst\u00e9trica pela Universidade Franciscana (UFN) e mestra em Sa\u00fade Materno-Infantil pela UFN.<\/p>\n\n\n\n<p>Informa\u00e7\u00f5es sobre os cursos in company oferecidos pelo Crie Univates podem ser obtidas pelo WhatsApp (51) 99614-5442, pelo telefone (51) 3714-7000, ramal 5646, ou pelo e-mail <a href=\"mailto:comercial@univates.br\" target=\"_blank\" rel=\"noreferrer noopener\">comercial@univates.br<\/a>.<\/p>\n","protected":false},"excerpt":{"rendered":"<p>Enfermeiros e t\u00e9cnicos em Enfermagem que atuam nos munic\u00edpios de Colinas, Canudos do Vale, Po\u00e7o das Antas, Capit\u00e3o, Travesseiro, Imigrante, Cruzeiro do Sul e Pouso Novo participam de um curso sobre aplica\u00e7\u00e3o segura de vacinas realizado pelo Crie Univates. A capacita\u00e7\u00e3o iniciou no dia 2 de outubro e segue at\u00e9 o dia 13 de novembro, [&hellip;]<\/p>\n","protected":false},"author":8,"featured_media":141614,"comment_status":"open","ping_status":"open","sticky":false,"template":"","format":"standard","meta":{"pmpro_default_level":"","_jetpack_memberships_contains_paid_content":false,"footnotes":""},"categories":[2,3,10986],"tags":[183,12475,34,40,87],"class_list":{"0":"post-141613","1":"post","2":"type-post","3":"status-publish","4":"format-standard","5":"has-post-thumbnail","7":"category-featured","8":"category-geral","9":"category-saude","10":"tag-colinas","11":"tag-crie-univates","12":"tag-imigrante","13":"tag-poco-das-antas","14":"tag-vacinacao","15":"pmpro-has-access"},"yoast_head":"<!-- This site is optimized with the Yoast SEO plugin v27.5 - https:\/\/yoast.com\/product\/yoast-seo-wordpress\/ -->\n<title>Profissionais da regi\u00e3o realizam curso sobre vacina\u00e7\u00e3o do Crie Univates - Folha Popular<\/title>\n<meta name=\"robots\" content=\"index, follow, max-snippet:-1, max-image-preview:large, max-video-preview:-1\" \/>\n<link rel=\"canonical\" href=\"https:\/\/folhapopular.info\/index.php\/2023\/10\/13\/profissionais-da-regiao-realizam-curso-sobre-vacinacao-do-crie-univates\/\" \/>\n<meta property=\"og:locale\" content=\"pt_BR\" \/>\n<meta property=\"og:type\" content=\"article\" \/>\n<meta property=\"og:title\" content=\"Profissionais da regi\u00e3o realizam curso sobre vacina\u00e7\u00e3o do Crie Univates - Folha Popular\" \/>\n<meta property=\"og:description\" content=\"Enfermeiros e t\u00e9cnicos em Enfermagem que atuam nos munic\u00edpios de Colinas, Canudos do Vale, Po\u00e7o das Antas, Capit\u00e3o, Travesseiro, Imigrante, Cruzeiro do Sul e Pouso Novo participam de um curso sobre aplica\u00e7\u00e3o segura de vacinas realizado pelo Crie Univates. A capacita\u00e7\u00e3o iniciou no dia 2 de outubro e segue at\u00e9 o dia 13 de novembro, [&hellip;]\" \/>\n<meta property=\"og:url\" content=\"https:\/\/folhapopular.info\/index.php\/2023\/10\/13\/profissionais-da-regiao-realizam-curso-sobre-vacinacao-do-crie-univates\/\" \/>\n<meta property=\"og:site_name\" content=\"Folha Popular\" \/>\n<meta property=\"article:published_time\" content=\"2023-10-13T12:40:30+00:00\" \/>\n<meta property=\"article:modified_time\" content=\"2023-10-13T12:40:34+00:00\" \/>\n<meta property=\"og:image\" content=\"http:\/\/folhapopular.info\/wp-content\/uploads\/2023\/10\/1-Imagem-ilustrativa-vacinacao-Credito-Mat-Napo-Unsplash.jpg\" \/>\n\t<meta property=\"og:image:width\" content=\"2400\" \/>\n\t<meta property=\"og:image:height\" content=\"1600\" \/>\n\t<meta property=\"og:image:type\" content=\"image\/jpeg\" \/>\n<meta name=\"author\" content=\"Reda\u00e7\u00e3o Folha Popular\" \/>\n<meta name=\"twitter:card\" content=\"summary_large_image\" \/>\n<meta name=\"twitter:label1\" content=\"Escrito por\" \/>\n\t<meta name=\"twitter:data1\" content=\"Reda\u00e7\u00e3o Folha Popular\" \/>\n\t<meta name=\"twitter:label2\" content=\"Est. tempo de leitura\" \/>\n\t<meta name=\"twitter:data2\" content=\"2 minutos\" \/>\n<script type=\"application\/ld+json\" class=\"yoast-schema-graph\">{\"@context\":\"https:\\\/\\\/schema.org\",\"@graph\":[{\"@type\":\"Article\",\"@id\":\"https:\\\/\\\/folhapopular.info\\\/index.php\\\/2023\\\/10\\\/13\\\/profissionais-da-regiao-realizam-curso-sobre-vacinacao-do-crie-univates\\\/#article\",\"isPartOf\":{\"@id\":\"https:\\\/\\\/folhapopular.info\\\/index.php\\\/2023\\\/10\\\/13\\\/profissionais-da-regiao-realizam-curso-sobre-vacinacao-do-crie-univates\\\/\"},\"author\":{\"name\":\"Reda\u00e7\u00e3o Folha Popular\",\"@id\":\"https:\\\/\\\/folhapopular.info\\\/#\\\/schema\\\/person\\\/2814e8a0df7643585a9ca38bc6eb9d4b\"},\"headline\":\"Profissionais da regi\u00e3o realizam curso sobre vacina\u00e7\u00e3o do Crie Univates\",\"datePublished\":\"2023-10-13T12:40:30+00:00\",\"dateModified\":\"2023-10-13T12:40:34+00:00\",\"mainEntityOfPage\":{\"@id\":\"https:\\\/\\\/folhapopular.info\\\/index.php\\\/2023\\\/10\\\/13\\\/profissionais-da-regiao-realizam-curso-sobre-vacinacao-do-crie-univates\\\/\"},\"wordCount\":241,\"commentCount\":0,\"image\":{\"@id\":\"https:\\\/\\\/folhapopular.info\\\/index.php\\\/2023\\\/10\\\/13\\\/profissionais-da-regiao-realizam-curso-sobre-vacinacao-do-crie-univates\\\/#primaryimage\"},\"thumbnailUrl\":\"https:\\\/\\\/folhapopular.info\\\/wp-content\\\/uploads\\\/2023\\\/10\\\/1-Imagem-ilustrativa-vacinacao-Credito-Mat-Napo-Unsplash.jpg\",\"keywords\":[\"Colinas\",\"crie univates\",\"Imigrante\",\"Po\u00e7o das Antas\",\"Vacina\u00e7\u00e3o\"],\"articleSection\":[\"Destaques\",\"Geral\",\"Sa\u00fade\"],\"inLanguage\":\"pt-BR\",\"potentialAction\":[{\"@type\":\"CommentAction\",\"name\":\"Comment\",\"target\":[\"https:\\\/\\\/folhapopular.info\\\/index.php\\\/2023\\\/10\\\/13\\\/profissionais-da-regiao-realizam-curso-sobre-vacinacao-do-crie-univates\\\/#respond\"]}]},{\"@type\":\"WebPage\",\"@id\":\"https:\\\/\\\/folhapopular.info\\\/index.php\\\/2023\\\/10\\\/13\\\/profissionais-da-regiao-realizam-curso-sobre-vacinacao-do-crie-univates\\\/\",\"url\":\"https:\\\/\\\/folhapopular.info\\\/index.php\\\/2023\\\/10\\\/13\\\/profissionais-da-regiao-realizam-curso-sobre-vacinacao-do-crie-univates\\\/\",\"name\":\"Profissionais da regi\u00e3o realizam curso sobre vacina\u00e7\u00e3o do Crie Univates - Folha Popular\",\"isPartOf\":{\"@id\":\"https:\\\/\\\/folhapopular.info\\\/#website\"},\"primaryImageOfPage\":{\"@id\":\"https:\\\/\\\/folhapopular.info\\\/index.php\\\/2023\\\/10\\\/13\\\/profissionais-da-regiao-realizam-curso-sobre-vacinacao-do-crie-univates\\\/#primaryimage\"},\"image\":{\"@id\":\"https:\\\/\\\/folhapopular.info\\\/index.php\\\/2023\\\/10\\\/13\\\/profissionais-da-regiao-realizam-curso-sobre-vacinacao-do-crie-univates\\\/#primaryimage\"},\"thumbnailUrl\":\"https:\\\/\\\/folhapopular.info\\\/wp-content\\\/uploads\\\/2023\\\/10\\\/1-Imagem-ilustrativa-vacinacao-Credito-Mat-Napo-Unsplash.jpg\",\"datePublished\":\"2023-10-13T12:40:30+00:00\",\"dateModified\":\"2023-10-13T12:40:34+00:00\",\"author\":{\"@id\":\"https:\\\/\\\/folhapopular.info\\\/#\\\/schema\\\/person\\\/2814e8a0df7643585a9ca38bc6eb9d4b\"},\"breadcrumb\":{\"@id\":\"https:\\\/\\\/folhapopular.info\\\/index.php\\\/2023\\\/10\\\/13\\\/profissionais-da-regiao-realizam-curso-sobre-vacinacao-do-crie-univates\\\/#breadcrumb\"},\"inLanguage\":\"pt-BR\",\"potentialAction\":[{\"@type\":\"ReadAction\",\"target\":[\"https:\\\/\\\/folhapopular.info\\\/index.php\\\/2023\\\/10\\\/13\\\/profissionais-da-regiao-realizam-curso-sobre-vacinacao-do-crie-univates\\\/\"]}]},{\"@type\":\"ImageObject\",\"inLanguage\":\"pt-BR\",\"@id\":\"https:\\\/\\\/folhapopular.info\\\/index.php\\\/2023\\\/10\\\/13\\\/profissionais-da-regiao-realizam-curso-sobre-vacinacao-do-crie-univates\\\/#primaryimage\",\"url\":\"https:\\\/\\\/folhapopular.info\\\/wp-content\\\/uploads\\\/2023\\\/10\\\/1-Imagem-ilustrativa-vacinacao-Credito-Mat-Napo-Unsplash.jpg\",\"contentUrl\":\"https:\\\/\\\/folhapopular.info\\\/wp-content\\\/uploads\\\/2023\\\/10\\\/1-Imagem-ilustrativa-vacinacao-Credito-Mat-Napo-Unsplash.jpg\",\"width\":2400,\"height\":1600,\"caption\":\"Cr\u00e9dito: Reprodu\u00e7\u00e3o\\\/ Unsplash\"},{\"@type\":\"BreadcrumbList\",\"@id\":\"https:\\\/\\\/folhapopular.info\\\/index.php\\\/2023\\\/10\\\/13\\\/profissionais-da-regiao-realizam-curso-sobre-vacinacao-do-crie-univates\\\/#breadcrumb\",\"itemListElement\":[{\"@type\":\"ListItem\",\"position\":1,\"name\":\"In\u00edcio\",\"item\":\"https:\\\/\\\/folhapopular.info\\\/\"},{\"@type\":\"ListItem\",\"position\":2,\"name\":\"Profissionais da regi\u00e3o realizam curso sobre vacina\u00e7\u00e3o do Crie Univates\"}]},{\"@type\":\"WebSite\",\"@id\":\"https:\\\/\\\/folhapopular.info\\\/#website\",\"url\":\"https:\\\/\\\/folhapopular.info\\\/\",\"name\":\"Folha Popular\",\"description\":\"Onde voc\u00ea tem vez e voz\",\"potentialAction\":[{\"@type\":\"SearchAction\",\"target\":{\"@type\":\"EntryPoint\",\"urlTemplate\":\"https:\\\/\\\/folhapopular.info\\\/?s={search_term_string}\"},\"query-input\":{\"@type\":\"PropertyValueSpecification\",\"valueRequired\":true,\"valueName\":\"search_term_string\"}}],\"inLanguage\":\"pt-BR\"},{\"@type\":\"Person\",\"@id\":\"https:\\\/\\\/folhapopular.info\\\/#\\\/schema\\\/person\\\/2814e8a0df7643585a9ca38bc6eb9d4b\",\"name\":\"Reda\u00e7\u00e3o Folha Popular\",\"image\":{\"@type\":\"ImageObject\",\"inLanguage\":\"pt-BR\",\"@id\":\"https:\\\/\\\/folhapopular.info\\\/wp-content\\\/uploads\\\/2026\\\/04\\\/Folha-1.webp\",\"url\":\"https:\\\/\\\/folhapopular.info\\\/wp-content\\\/uploads\\\/2026\\\/04\\\/Folha-1.webp\",\"contentUrl\":\"https:\\\/\\\/folhapopular.info\\\/wp-content\\\/uploads\\\/2026\\\/04\\\/Folha-1.webp\",\"caption\":\"Reda\u00e7\u00e3o Folha Popular\"},\"url\":\"https:\\\/\\\/folhapopular.info\\\/index.php\\\/author\\\/redacao\\\/\"}]}<\/script>\n<!-- \/ Yoast SEO plugin. -->","yoast_head_json":{"title":"Profissionais da regi\u00e3o realizam curso sobre vacina\u00e7\u00e3o do Crie Univates - Folha Popular","robots":{"index":"index","follow":"follow","max-snippet":"max-snippet:-1","max-image-preview":"max-image-preview:large","max-video-preview":"max-video-preview:-1"},"canonical":"https:\/\/folhapopular.info\/index.php\/2023\/10\/13\/profissionais-da-regiao-realizam-curso-sobre-vacinacao-do-crie-univates\/","og_locale":"pt_BR","og_type":"article","og_title":"Profissionais da regi\u00e3o realizam curso sobre vacina\u00e7\u00e3o do Crie Univates - Folha Popular","og_description":"Enfermeiros e t\u00e9cnicos em Enfermagem que atuam nos munic\u00edpios de Colinas, Canudos do Vale, Po\u00e7o das Antas, Capit\u00e3o, Travesseiro, Imigrante, Cruzeiro do Sul e Pouso Novo participam de um curso sobre aplica\u00e7\u00e3o segura de vacinas realizado pelo Crie Univates. A capacita\u00e7\u00e3o iniciou no dia 2 de outubro e segue at\u00e9 o dia 13 de novembro, [&hellip;]","og_url":"https:\/\/folhapopular.info\/index.php\/2023\/10\/13\/profissionais-da-regiao-realizam-curso-sobre-vacinacao-do-crie-univates\/","og_site_name":"Folha Popular","article_published_time":"2023-10-13T12:40:30+00:00","article_modified_time":"2023-10-13T12:40:34+00:00","og_image":[{"width":2400,"height":1600,"url":"http:\/\/folhapopular.info\/wp-content\/uploads\/2023\/10\/1-Imagem-ilustrativa-vacinacao-Credito-Mat-Napo-Unsplash.jpg","type":"image\/jpeg"}],"author":"Reda\u00e7\u00e3o Folha Popular","twitter_card":"summary_large_image","twitter_misc":{"Escrito por":"Reda\u00e7\u00e3o Folha Popular","Est. tempo de leitura":"2 minutos"},"schema":{"@context":"https:\/\/schema.org","@graph":[{"@type":"Article","@id":"https:\/\/folhapopular.info\/index.php\/2023\/10\/13\/profissionais-da-regiao-realizam-curso-sobre-vacinacao-do-crie-univates\/#article","isPartOf":{"@id":"https:\/\/folhapopular.info\/index.php\/2023\/10\/13\/profissionais-da-regiao-realizam-curso-sobre-vacinacao-do-crie-univates\/"},"author":{"name":"Reda\u00e7\u00e3o Folha Popular","@id":"https:\/\/folhapopular.info\/#\/schema\/person\/2814e8a0df7643585a9ca38bc6eb9d4b"},"headline":"Profissionais da regi\u00e3o realizam curso sobre vacina\u00e7\u00e3o do Crie Univates","datePublished":"2023-10-13T12:40:30+00:00","dateModified":"2023-10-13T12:40:34+00:00","mainEntityOfPage":{"@id":"https:\/\/folhapopular.info\/index.php\/2023\/10\/13\/profissionais-da-regiao-realizam-curso-sobre-vacinacao-do-crie-univates\/"},"wordCount":241,"commentCount":0,"image":{"@id":"https:\/\/folhapopular.info\/index.php\/2023\/10\/13\/profissionais-da-regiao-realizam-curso-sobre-vacinacao-do-crie-univates\/#primaryimage"},"thumbnailUrl":"https:\/\/folhapopular.info\/wp-content\/uploads\/2023\/10\/1-Imagem-ilustrativa-vacinacao-Credito-Mat-Napo-Unsplash.jpg","keywords":["Colinas","crie univates","Imigrante","Po\u00e7o das Antas","Vacina\u00e7\u00e3o"],"articleSection":["Destaques","Geral","Sa\u00fade"],"inLanguage":"pt-BR","potentialAction":[{"@type":"CommentAction","name":"Comment","target":["https:\/\/folhapopular.info\/index.php\/2023\/10\/13\/profissionais-da-regiao-realizam-curso-sobre-vacinacao-do-crie-univates\/#respond"]}]},{"@type":"WebPage","@id":"https:\/\/folhapopular.info\/index.php\/2023\/10\/13\/profissionais-da-regiao-realizam-curso-sobre-vacinacao-do-crie-univates\/","url":"https:\/\/folhapopular.info\/index.php\/2023\/10\/13\/profissionais-da-regiao-realizam-curso-sobre-vacinacao-do-crie-univates\/","name":"Profissionais da regi\u00e3o realizam curso sobre vacina\u00e7\u00e3o do Crie Univates - Folha Popular","isPartOf":{"@id":"https:\/\/folhapopular.info\/#website"},"primaryImageOfPage":{"@id":"https:\/\/folhapopular.info\/index.php\/2023\/10\/13\/profissionais-da-regiao-realizam-curso-sobre-vacinacao-do-crie-univates\/#primaryimage"},"image":{"@id":"https:\/\/folhapopular.info\/index.php\/2023\/10\/13\/profissionais-da-regiao-realizam-curso-sobre-vacinacao-do-crie-univates\/#primaryimage"},"thumbnailUrl":"https:\/\/folhapopular.info\/wp-content\/uploads\/2023\/10\/1-Imagem-ilustrativa-vacinacao-Credito-Mat-Napo-Unsplash.jpg","datePublished":"2023-10-13T12:40:30+00:00","dateModified":"2023-10-13T12:40:34+00:00","author":{"@id":"https:\/\/folhapopular.info\/#\/schema\/person\/2814e8a0df7643585a9ca38bc6eb9d4b"},"breadcrumb":{"@id":"https:\/\/folhapopular.info\/index.php\/2023\/10\/13\/profissionais-da-regiao-realizam-curso-sobre-vacinacao-do-crie-univates\/#breadcrumb"},"inLanguage":"pt-BR","potentialAction":[{"@type":"ReadAction","target":["https:\/\/folhapopular.info\/index.php\/2023\/10\/13\/profissionais-da-regiao-realizam-curso-sobre-vacinacao-do-crie-univates\/"]}]},{"@type":"ImageObject","inLanguage":"pt-BR","@id":"https:\/\/folhapopular.info\/index.php\/2023\/10\/13\/profissionais-da-regiao-realizam-curso-sobre-vacinacao-do-crie-univates\/#primaryimage","url":"https:\/\/folhapopular.info\/wp-content\/uploads\/2023\/10\/1-Imagem-ilustrativa-vacinacao-Credito-Mat-Napo-Unsplash.jpg","contentUrl":"https:\/\/folhapopular.info\/wp-content\/uploads\/2023\/10\/1-Imagem-ilustrativa-vacinacao-Credito-Mat-Napo-Unsplash.jpg","width":2400,"height":1600,"caption":"Cr\u00e9dito: Reprodu\u00e7\u00e3o\/ Unsplash"},{"@type":"BreadcrumbList","@id":"https:\/\/folhapopular.info\/index.php\/2023\/10\/13\/profissionais-da-regiao-realizam-curso-sobre-vacinacao-do-crie-univates\/#breadcrumb","itemListElement":[{"@type":"ListItem","position":1,"name":"In\u00edcio","item":"https:\/\/folhapopular.info\/"},{"@type":"ListItem","position":2,"name":"Profissionais da regi\u00e3o realizam curso sobre vacina\u00e7\u00e3o do Crie Univates"}]},{"@type":"WebSite","@id":"https:\/\/folhapopular.info\/#website","url":"https:\/\/folhapopular.info\/","name":"Folha Popular","description":"Onde voc\u00ea tem vez e voz","potentialAction":[{"@type":"SearchAction","target":{"@type":"EntryPoint","urlTemplate":"https:\/\/folhapopular.info\/?s={search_term_string}"},"query-input":{"@type":"PropertyValueSpecification","valueRequired":true,"valueName":"search_term_string"}}],"inLanguage":"pt-BR"},{"@type":"Person","@id":"https:\/\/folhapopular.info\/#\/schema\/person\/2814e8a0df7643585a9ca38bc6eb9d4b","name":"Reda\u00e7\u00e3o Folha Popular","image":{"@type":"ImageObject","inLanguage":"pt-BR","@id":"https:\/\/folhapopular.info\/wp-content\/uploads\/2026\/04\/Folha-1.webp","url":"https:\/\/folhapopular.info\/wp-content\/uploads\/2026\/04\/Folha-1.webp","contentUrl":"https:\/\/folhapopular.info\/wp-content\/uploads\/2026\/04\/Folha-1.webp","caption":"Reda\u00e7\u00e3o Folha Popular"},"url":"https:\/\/folhapopular.info\/index.php\/author\/redacao\/"}]}},"jetpack_featured_media_url":"https:\/\/folhapopular.info\/wp-content\/uploads\/2023\/10\/1-Imagem-ilustrativa-vacinacao-Credito-Mat-Napo-Unsplash.jpg","jetpack_sharing_enabled":true,"amp_enabled":true,"_links":{"self":[{"href":"https:\/\/folhapopular.info\/index.php\/wp-json\/wp\/v2\/posts\/141613","targetHints":{"allow":["GET"]}}],"collection":[{"href":"https:\/\/folhapopular.info\/index.php\/wp-json\/wp\/v2\/posts"}],"about":[{"href":"https:\/\/folhapopular.info\/index.php\/wp-json\/wp\/v2\/types\/post"}],"author":[{"embeddable":true,"href":"https:\/\/folhapopular.info\/index.php\/wp-json\/wp\/v2\/users\/8"}],"replies":[{"embeddable":true,"href":"https:\/\/folhapopular.info\/index.php\/wp-json\/wp\/v2\/comments?post=141613"}],"version-history":[{"count":0,"href":"https:\/\/folhapopular.info\/index.php\/wp-json\/wp\/v2\/posts\/141613\/revisions"}],"wp:featuredmedia":[{"embeddable":true,"href":"https:\/\/folhapopular.info\/index.php\/wp-json\/wp\/v2\/media\/141614"}],"wp:attachment":[{"href":"https:\/\/folhapopular.info\/index.php\/wp-json\/wp\/v2\/media?parent=141613"}],"wp:term":[{"taxonomy":"category","embeddable":true,"href":"https:\/\/folhapopular.info\/index.php\/wp-json\/wp\/v2\/categories?post=141613"},{"taxonomy":"post_tag","embeddable":true,"href":"https:\/\/folhapopular.info\/index.php\/wp-json\/wp\/v2\/tags?post=141613"}],"curies":[{"name":"wp","href":"https:\/\/api.w.org\/{rel}","templated":true}]}}