{"id":141616,"date":"2023-10-13T10:06:21","date_gmt":"2023-10-13T13:06:21","guid":{"rendered":"https:\/\/folhapopular.info\/?p=141616"},"modified":"2023-10-13T10:06:25","modified_gmt":"2023-10-13T13:06:25","slug":"bombeiros-imicol-explicam-desinformacao-sobre-cheias-de-7-e-8-de-outubro","status":"publish","type":"post","link":"https:\/\/folhapopular.info\/index.php\/2023\/10\/13\/bombeiros-imicol-explicam-desinformacao-sobre-cheias-de-7-e-8-de-outubro\/","title":{"rendered":"Bombeiros Imicol explicam desinforma\u00e7\u00e3o sobre cheias de 7 e 8 de outubro"},"content":{"rendered":"\n<p>Devido a questionamentos sobre o n\u00edvel de \u00e1gua de Colinas ter chegado a 30 metros na \u00faltima cheia (7 e 8\/10), causando confus\u00e3o devido \u00e0 cheia de 5 de setembro, que atingiu cerca de 30 metros em Estrela e Lajeado, o Corpo de Bombeiros Volunt\u00e1rios Imicol esclareceu em suas redes sociais o ocorrido. <\/p>\n\n\n\n<p>Confira a posi\u00e7\u00e3o:<\/p>\n\n\n\n<p><em>Muitas pessoas tem nos perguntado: &#8220;a cheia atingiu novamente 30 metros?&#8221;, ent\u00e3o viemos fazer essa publica\u00e7\u00e3o para tirar a d\u00favida de nossos mun\u00edcipes.<\/em> <em>O n\u00edvel do Rio Taquari em Colinas \u00e9 mais alto do que o n\u00edvel no porto de Estrela. Nosso n\u00edvel normal aqui \u00e9 de 23 metros, enquanto em Estrela \u00e9 de 13 metros<\/em>.<\/p>\n\n\n\n<p><em>Portanto, ao dizermos que o Rio Taquari atingiu a marca de 31,80 metros na cheia de 7 de outubro, essa marca \u00e9 no munic\u00edpio de Colinas, dessa forma chegando aos 21,80 metros no Porto de Estrela.<\/em><\/p>\n\n\n\n<p><em>Na grande cheia de 4 de setembro, nosso rio Taquari atingiu a incr\u00edvel marca de 40,67 metros em Colinas, sendo assim 30,67 metros no munic\u00edpio vizinho de Estrela. Portanto, na cheia de 7 e 8 de outubro ficamos 8,87 metros abaixo da maior cheia que j\u00e1 atingiu nossa cidade de Colinas.<\/em><\/p>\n\n\n\n<h2 class=\"wp-block-heading\">Mat\u00e9ria relacionada (exclusiva para assinantes)<\/h2>\n\n\n\n<figure class=\"wp-block-embed is-type-wp-embed is-provider-folha-popular wp-block-embed-folha-popular\"><div class=\"wp-block-embed__wrapper\">\n<blockquote class=\"wp-embedded-content\" data-secret=\"3Egx41eS1h\"><a href=\"https:\/\/folhapopular.info\/index.php\/2023\/09\/13\/enchente-cinco-planos-para-salvar-vidas-no-futuro\/\">Enchente: cinco planos para salvar vidas no futuro<\/a><\/blockquote><iframe loading=\"lazy\" class=\"wp-embedded-content\" sandbox=\"allow-scripts\" security=\"restricted\" style=\"position: absolute; clip: rect(1px, 1px, 1px, 1px);\" title=\"&#8220;Enchente: cinco planos para salvar vidas no futuro&#8221; &#8212; Folha Popular\" src=\"https:\/\/folhapopular.info\/index.php\/2023\/09\/13\/enchente-cinco-planos-para-salvar-vidas-no-futuro\/embed\/#?secret=JqjDSYGscl#?secret=3Egx41eS1h\" data-secret=\"3Egx41eS1h\" width=\"600\" height=\"338\" frameborder=\"0\" marginwidth=\"0\" marginheight=\"0\" scrolling=\"no\"><\/iframe>\n<\/div><\/figure>\n","protected":false},"excerpt":{"rendered":"<p>Devido a questionamentos sobre o n\u00edvel de \u00e1gua de Colinas ter chegado a 30 metros na \u00faltima cheia (7 e 8\/10), causando confus\u00e3o devido \u00e0 cheia de 5 de setembro, que atingiu cerca de 30 metros em Estrela e Lajeado, o Corpo de Bombeiros Volunt\u00e1rios Imicol esclareceu em suas redes sociais o ocorrido. Confira a [&hellip;]<\/p>\n","protected":false},"author":8,"featured_media":141618,"comment_status":"open","ping_status":"open","sticky":false,"template":"","format":"standard","meta":{"pmpro_default_level":"","_jetpack_memberships_contains_paid_content":false,"footnotes":""},"categories":[12655,2,3],"tags":[13407,4170,8,207],"class_list":{"0":"post-141616","1":"post","2":"type-post","3":"status-publish","4":"format-standard","5":"has-post-thumbnail","7":"category-clima","8":"category-featured","9":"category-geral","10":"tag-bombeiros-imicol","11":"tag-enchente","12":"tag-estrela","13":"tag-rio-taquari","14":"pmpro-has-access"},"yoast_head":"<!-- This site is optimized with the Yoast SEO plugin v27.5 - https:\/\/yoast.com\/product\/yoast-seo-wordpress\/ -->\n<title>Bombeiros Imicol explicam desinforma\u00e7\u00e3o sobre cheias de 7 e 8 de outubro - Folha Popular<\/title>\n<meta name=\"robots\" content=\"index, follow, max-snippet:-1, max-image-preview:large, max-video-preview:-1\" \/>\n<link rel=\"canonical\" href=\"https:\/\/folhapopular.info\/index.php\/2023\/10\/13\/bombeiros-imicol-explicam-desinformacao-sobre-cheias-de-7-e-8-de-outubro\/\" \/>\n<meta property=\"og:locale\" content=\"pt_BR\" \/>\n<meta property=\"og:type\" content=\"article\" \/>\n<meta property=\"og:title\" content=\"Bombeiros Imicol explicam desinforma\u00e7\u00e3o sobre cheias de 7 e 8 de outubro - Folha Popular\" \/>\n<meta property=\"og:description\" content=\"Devido a questionamentos sobre o n\u00edvel de \u00e1gua de Colinas ter chegado a 30 metros na \u00faltima cheia (7 e 8\/10), causando confus\u00e3o devido \u00e0 cheia de 5 de setembro, que atingiu cerca de 30 metros em Estrela e Lajeado, o Corpo de Bombeiros Volunt\u00e1rios Imicol esclareceu em suas redes sociais o ocorrido. Confira a [&hellip;]\" \/>\n<meta property=\"og:url\" content=\"https:\/\/folhapopular.info\/index.php\/2023\/10\/13\/bombeiros-imicol-explicam-desinformacao-sobre-cheias-de-7-e-8-de-outubro\/\" \/>\n<meta property=\"og:site_name\" content=\"Folha Popular\" \/>\n<meta property=\"article:published_time\" content=\"2023-10-13T13:06:21+00:00\" \/>\n<meta property=\"article:modified_time\" content=\"2023-10-13T13:06:25+00:00\" \/>\n<meta property=\"og:image\" content=\"http:\/\/folhapopular.info\/wp-content\/uploads\/2023\/10\/Screenshot-2023-10-13-at-10-05-02-Bombeiros-Imicol-@cbvimicol-\u2022-Instagram-photos-and-videos-1024x1024.png\" \/>\n\t<meta property=\"og:image:width\" content=\"1024\" \/>\n\t<meta property=\"og:image:height\" content=\"1024\" \/>\n\t<meta property=\"og:image:type\" content=\"image\/png\" \/>\n<meta name=\"author\" content=\"Reda\u00e7\u00e3o Folha Popular\" \/>\n<meta name=\"twitter:card\" content=\"summary_large_image\" \/>\n<meta name=\"twitter:label1\" content=\"Escrito por\" \/>\n\t<meta name=\"twitter:data1\" content=\"Reda\u00e7\u00e3o Folha Popular\" \/>\n\t<meta name=\"twitter:label2\" content=\"Est. tempo de leitura\" \/>\n\t<meta name=\"twitter:data2\" content=\"2 minutos\" \/>\n<script type=\"application\/ld+json\" class=\"yoast-schema-graph\">{\"@context\":\"https:\\\/\\\/schema.org\",\"@graph\":[{\"@type\":\"Article\",\"@id\":\"https:\\\/\\\/folhapopular.info\\\/index.php\\\/2023\\\/10\\\/13\\\/bombeiros-imicol-explicam-desinformacao-sobre-cheias-de-7-e-8-de-outubro\\\/#article\",\"isPartOf\":{\"@id\":\"https:\\\/\\\/folhapopular.info\\\/index.php\\\/2023\\\/10\\\/13\\\/bombeiros-imicol-explicam-desinformacao-sobre-cheias-de-7-e-8-de-outubro\\\/\"},\"author\":{\"name\":\"Reda\u00e7\u00e3o Folha Popular\",\"@id\":\"https:\\\/\\\/folhapopular.info\\\/#\\\/schema\\\/person\\\/2814e8a0df7643585a9ca38bc6eb9d4b\"},\"headline\":\"Bombeiros Imicol explicam desinforma\u00e7\u00e3o sobre cheias de 7 e 8 de outubro\",\"datePublished\":\"2023-10-13T13:06:21+00:00\",\"dateModified\":\"2023-10-13T13:06:25+00:00\",\"mainEntityOfPage\":{\"@id\":\"https:\\\/\\\/folhapopular.info\\\/index.php\\\/2023\\\/10\\\/13\\\/bombeiros-imicol-explicam-desinformacao-sobre-cheias-de-7-e-8-de-outubro\\\/\"},\"wordCount\":214,\"commentCount\":0,\"image\":{\"@id\":\"https:\\\/\\\/folhapopular.info\\\/index.php\\\/2023\\\/10\\\/13\\\/bombeiros-imicol-explicam-desinformacao-sobre-cheias-de-7-e-8-de-outubro\\\/#primaryimage\"},\"thumbnailUrl\":\"https:\\\/\\\/folhapopular.info\\\/wp-content\\\/uploads\\\/2023\\\/10\\\/Screenshot-2023-10-13-at-10-05-02-Bombeiros-Imicol-@cbvimicol-\u2022-Instagram-photos-and-videos.png\",\"keywords\":[\"Bombeiros Imicol\",\"Enchente\",\"Estrela\",\"Rio Taquari\"],\"articleSection\":[\"Clima\",\"Destaques\",\"Geral\"],\"inLanguage\":\"pt-BR\",\"potentialAction\":[{\"@type\":\"CommentAction\",\"name\":\"Comment\",\"target\":[\"https:\\\/\\\/folhapopular.info\\\/index.php\\\/2023\\\/10\\\/13\\\/bombeiros-imicol-explicam-desinformacao-sobre-cheias-de-7-e-8-de-outubro\\\/#respond\"]}]},{\"@type\":\"WebPage\",\"@id\":\"https:\\\/\\\/folhapopular.info\\\/index.php\\\/2023\\\/10\\\/13\\\/bombeiros-imicol-explicam-desinformacao-sobre-cheias-de-7-e-8-de-outubro\\\/\",\"url\":\"https:\\\/\\\/folhapopular.info\\\/index.php\\\/2023\\\/10\\\/13\\\/bombeiros-imicol-explicam-desinformacao-sobre-cheias-de-7-e-8-de-outubro\\\/\",\"name\":\"Bombeiros Imicol explicam desinforma\u00e7\u00e3o sobre cheias de 7 e 8 de outubro - Folha Popular\",\"isPartOf\":{\"@id\":\"https:\\\/\\\/folhapopular.info\\\/#website\"},\"primaryImageOfPage\":{\"@id\":\"https:\\\/\\\/folhapopular.info\\\/index.php\\\/2023\\\/10\\\/13\\\/bombeiros-imicol-explicam-desinformacao-sobre-cheias-de-7-e-8-de-outubro\\\/#primaryimage\"},\"image\":{\"@id\":\"https:\\\/\\\/folhapopular.info\\\/index.php\\\/2023\\\/10\\\/13\\\/bombeiros-imicol-explicam-desinformacao-sobre-cheias-de-7-e-8-de-outubro\\\/#primaryimage\"},\"thumbnailUrl\":\"https:\\\/\\\/folhapopular.info\\\/wp-content\\\/uploads\\\/2023\\\/10\\\/Screenshot-2023-10-13-at-10-05-02-Bombeiros-Imicol-@cbvimicol-\u2022-Instagram-photos-and-videos.png\",\"datePublished\":\"2023-10-13T13:06:21+00:00\",\"dateModified\":\"2023-10-13T13:06:25+00:00\",\"author\":{\"@id\":\"https:\\\/\\\/folhapopular.info\\\/#\\\/schema\\\/person\\\/2814e8a0df7643585a9ca38bc6eb9d4b\"},\"breadcrumb\":{\"@id\":\"https:\\\/\\\/folhapopular.info\\\/index.php\\\/2023\\\/10\\\/13\\\/bombeiros-imicol-explicam-desinformacao-sobre-cheias-de-7-e-8-de-outubro\\\/#breadcrumb\"},\"inLanguage\":\"pt-BR\",\"potentialAction\":[{\"@type\":\"ReadAction\",\"target\":[\"https:\\\/\\\/folhapopular.info\\\/index.php\\\/2023\\\/10\\\/13\\\/bombeiros-imicol-explicam-desinformacao-sobre-cheias-de-7-e-8-de-outubro\\\/\"]}]},{\"@type\":\"ImageObject\",\"inLanguage\":\"pt-BR\",\"@id\":\"https:\\\/\\\/folhapopular.info\\\/index.php\\\/2023\\\/10\\\/13\\\/bombeiros-imicol-explicam-desinformacao-sobre-cheias-de-7-e-8-de-outubro\\\/#primaryimage\",\"url\":\"https:\\\/\\\/folhapopular.info\\\/wp-content\\\/uploads\\\/2023\\\/10\\\/Screenshot-2023-10-13-at-10-05-02-Bombeiros-Imicol-@cbvimicol-\u2022-Instagram-photos-and-videos.png\",\"contentUrl\":\"https:\\\/\\\/folhapopular.info\\\/wp-content\\\/uploads\\\/2023\\\/10\\\/Screenshot-2023-10-13-at-10-05-02-Bombeiros-Imicol-@cbvimicol-\u2022-Instagram-photos-and-videos.png\",\"width\":1728,\"height\":1728,\"caption\":\"Cr\u00e9dito: Corpo de Bombeiros Volunt\u00e1rios Imicol\"},{\"@type\":\"BreadcrumbList\",\"@id\":\"https:\\\/\\\/folhapopular.info\\\/index.php\\\/2023\\\/10\\\/13\\\/bombeiros-imicol-explicam-desinformacao-sobre-cheias-de-7-e-8-de-outubro\\\/#breadcrumb\",\"itemListElement\":[{\"@type\":\"ListItem\",\"position\":1,\"name\":\"In\u00edcio\",\"item\":\"https:\\\/\\\/folhapopular.info\\\/\"},{\"@type\":\"ListItem\",\"position\":2,\"name\":\"Bombeiros Imicol explicam desinforma\u00e7\u00e3o sobre cheias de 7 e 8 de outubro\"}]},{\"@type\":\"WebSite\",\"@id\":\"https:\\\/\\\/folhapopular.info\\\/#website\",\"url\":\"https:\\\/\\\/folhapopular.info\\\/\",\"name\":\"Folha Popular\",\"description\":\"Onde voc\u00ea tem vez e voz\",\"potentialAction\":[{\"@type\":\"SearchAction\",\"target\":{\"@type\":\"EntryPoint\",\"urlTemplate\":\"https:\\\/\\\/folhapopular.info\\\/?s={search_term_string}\"},\"query-input\":{\"@type\":\"PropertyValueSpecification\",\"valueRequired\":true,\"valueName\":\"search_term_string\"}}],\"inLanguage\":\"pt-BR\"},{\"@type\":\"Person\",\"@id\":\"https:\\\/\\\/folhapopular.info\\\/#\\\/schema\\\/person\\\/2814e8a0df7643585a9ca38bc6eb9d4b\",\"name\":\"Reda\u00e7\u00e3o Folha Popular\",\"image\":{\"@type\":\"ImageObject\",\"inLanguage\":\"pt-BR\",\"@id\":\"https:\\\/\\\/folhapopular.info\\\/wp-content\\\/uploads\\\/2026\\\/04\\\/Folha-1.webp\",\"url\":\"https:\\\/\\\/folhapopular.info\\\/wp-content\\\/uploads\\\/2026\\\/04\\\/Folha-1.webp\",\"contentUrl\":\"https:\\\/\\\/folhapopular.info\\\/wp-content\\\/uploads\\\/2026\\\/04\\\/Folha-1.webp\",\"caption\":\"Reda\u00e7\u00e3o Folha Popular\"},\"url\":\"https:\\\/\\\/folhapopular.info\\\/index.php\\\/author\\\/redacao\\\/\"}]}<\/script>\n<!-- \/ Yoast SEO plugin. -->","yoast_head_json":{"title":"Bombeiros Imicol explicam desinforma\u00e7\u00e3o sobre cheias de 7 e 8 de outubro - Folha Popular","robots":{"index":"index","follow":"follow","max-snippet":"max-snippet:-1","max-image-preview":"max-image-preview:large","max-video-preview":"max-video-preview:-1"},"canonical":"https:\/\/folhapopular.info\/index.php\/2023\/10\/13\/bombeiros-imicol-explicam-desinformacao-sobre-cheias-de-7-e-8-de-outubro\/","og_locale":"pt_BR","og_type":"article","og_title":"Bombeiros Imicol explicam desinforma\u00e7\u00e3o sobre cheias de 7 e 8 de outubro - Folha Popular","og_description":"Devido a questionamentos sobre o n\u00edvel de \u00e1gua de Colinas ter chegado a 30 metros na \u00faltima cheia (7 e 8\/10), causando confus\u00e3o devido \u00e0 cheia de 5 de setembro, que atingiu cerca de 30 metros em Estrela e Lajeado, o Corpo de Bombeiros Volunt\u00e1rios Imicol esclareceu em suas redes sociais o ocorrido. Confira a [&hellip;]","og_url":"https:\/\/folhapopular.info\/index.php\/2023\/10\/13\/bombeiros-imicol-explicam-desinformacao-sobre-cheias-de-7-e-8-de-outubro\/","og_site_name":"Folha Popular","article_published_time":"2023-10-13T13:06:21+00:00","article_modified_time":"2023-10-13T13:06:25+00:00","og_image":[{"width":1024,"height":1024,"url":"http:\/\/folhapopular.info\/wp-content\/uploads\/2023\/10\/Screenshot-2023-10-13-at-10-05-02-Bombeiros-Imicol-@cbvimicol-\u2022-Instagram-photos-and-videos-1024x1024.png","type":"image\/png"}],"author":"Reda\u00e7\u00e3o Folha Popular","twitter_card":"summary_large_image","twitter_misc":{"Escrito por":"Reda\u00e7\u00e3o Folha Popular","Est. tempo de leitura":"2 minutos"},"schema":{"@context":"https:\/\/schema.org","@graph":[{"@type":"Article","@id":"https:\/\/folhapopular.info\/index.php\/2023\/10\/13\/bombeiros-imicol-explicam-desinformacao-sobre-cheias-de-7-e-8-de-outubro\/#article","isPartOf":{"@id":"https:\/\/folhapopular.info\/index.php\/2023\/10\/13\/bombeiros-imicol-explicam-desinformacao-sobre-cheias-de-7-e-8-de-outubro\/"},"author":{"name":"Reda\u00e7\u00e3o Folha Popular","@id":"https:\/\/folhapopular.info\/#\/schema\/person\/2814e8a0df7643585a9ca38bc6eb9d4b"},"headline":"Bombeiros Imicol explicam desinforma\u00e7\u00e3o sobre cheias de 7 e 8 de outubro","datePublished":"2023-10-13T13:06:21+00:00","dateModified":"2023-10-13T13:06:25+00:00","mainEntityOfPage":{"@id":"https:\/\/folhapopular.info\/index.php\/2023\/10\/13\/bombeiros-imicol-explicam-desinformacao-sobre-cheias-de-7-e-8-de-outubro\/"},"wordCount":214,"commentCount":0,"image":{"@id":"https:\/\/folhapopular.info\/index.php\/2023\/10\/13\/bombeiros-imicol-explicam-desinformacao-sobre-cheias-de-7-e-8-de-outubro\/#primaryimage"},"thumbnailUrl":"https:\/\/folhapopular.info\/wp-content\/uploads\/2023\/10\/Screenshot-2023-10-13-at-10-05-02-Bombeiros-Imicol-@cbvimicol-\u2022-Instagram-photos-and-videos.png","keywords":["Bombeiros Imicol","Enchente","Estrela","Rio Taquari"],"articleSection":["Clima","Destaques","Geral"],"inLanguage":"pt-BR","potentialAction":[{"@type":"CommentAction","name":"Comment","target":["https:\/\/folhapopular.info\/index.php\/2023\/10\/13\/bombeiros-imicol-explicam-desinformacao-sobre-cheias-de-7-e-8-de-outubro\/#respond"]}]},{"@type":"WebPage","@id":"https:\/\/folhapopular.info\/index.php\/2023\/10\/13\/bombeiros-imicol-explicam-desinformacao-sobre-cheias-de-7-e-8-de-outubro\/","url":"https:\/\/folhapopular.info\/index.php\/2023\/10\/13\/bombeiros-imicol-explicam-desinformacao-sobre-cheias-de-7-e-8-de-outubro\/","name":"Bombeiros Imicol explicam desinforma\u00e7\u00e3o sobre cheias de 7 e 8 de outubro - Folha Popular","isPartOf":{"@id":"https:\/\/folhapopular.info\/#website"},"primaryImageOfPage":{"@id":"https:\/\/folhapopular.info\/index.php\/2023\/10\/13\/bombeiros-imicol-explicam-desinformacao-sobre-cheias-de-7-e-8-de-outubro\/#primaryimage"},"image":{"@id":"https:\/\/folhapopular.info\/index.php\/2023\/10\/13\/bombeiros-imicol-explicam-desinformacao-sobre-cheias-de-7-e-8-de-outubro\/#primaryimage"},"thumbnailUrl":"https:\/\/folhapopular.info\/wp-content\/uploads\/2023\/10\/Screenshot-2023-10-13-at-10-05-02-Bombeiros-Imicol-@cbvimicol-\u2022-Instagram-photos-and-videos.png","datePublished":"2023-10-13T13:06:21+00:00","dateModified":"2023-10-13T13:06:25+00:00","author":{"@id":"https:\/\/folhapopular.info\/#\/schema\/person\/2814e8a0df7643585a9ca38bc6eb9d4b"},"breadcrumb":{"@id":"https:\/\/folhapopular.info\/index.php\/2023\/10\/13\/bombeiros-imicol-explicam-desinformacao-sobre-cheias-de-7-e-8-de-outubro\/#breadcrumb"},"inLanguage":"pt-BR","potentialAction":[{"@type":"ReadAction","target":["https:\/\/folhapopular.info\/index.php\/2023\/10\/13\/bombeiros-imicol-explicam-desinformacao-sobre-cheias-de-7-e-8-de-outubro\/"]}]},{"@type":"ImageObject","inLanguage":"pt-BR","@id":"https:\/\/folhapopular.info\/index.php\/2023\/10\/13\/bombeiros-imicol-explicam-desinformacao-sobre-cheias-de-7-e-8-de-outubro\/#primaryimage","url":"https:\/\/folhapopular.info\/wp-content\/uploads\/2023\/10\/Screenshot-2023-10-13-at-10-05-02-Bombeiros-Imicol-@cbvimicol-\u2022-Instagram-photos-and-videos.png","contentUrl":"https:\/\/folhapopular.info\/wp-content\/uploads\/2023\/10\/Screenshot-2023-10-13-at-10-05-02-Bombeiros-Imicol-@cbvimicol-\u2022-Instagram-photos-and-videos.png","width":1728,"height":1728,"caption":"Cr\u00e9dito: Corpo de Bombeiros Volunt\u00e1rios Imicol"},{"@type":"BreadcrumbList","@id":"https:\/\/folhapopular.info\/index.php\/2023\/10\/13\/bombeiros-imicol-explicam-desinformacao-sobre-cheias-de-7-e-8-de-outubro\/#breadcrumb","itemListElement":[{"@type":"ListItem","position":1,"name":"In\u00edcio","item":"https:\/\/folhapopular.info\/"},{"@type":"ListItem","position":2,"name":"Bombeiros Imicol explicam desinforma\u00e7\u00e3o sobre cheias de 7 e 8 de outubro"}]},{"@type":"WebSite","@id":"https:\/\/folhapopular.info\/#website","url":"https:\/\/folhapopular.info\/","name":"Folha Popular","description":"Onde voc\u00ea tem vez e voz","potentialAction":[{"@type":"SearchAction","target":{"@type":"EntryPoint","urlTemplate":"https:\/\/folhapopular.info\/?s={search_term_string}"},"query-input":{"@type":"PropertyValueSpecification","valueRequired":true,"valueName":"search_term_string"}}],"inLanguage":"pt-BR"},{"@type":"Person","@id":"https:\/\/folhapopular.info\/#\/schema\/person\/2814e8a0df7643585a9ca38bc6eb9d4b","name":"Reda\u00e7\u00e3o Folha Popular","image":{"@type":"ImageObject","inLanguage":"pt-BR","@id":"https:\/\/folhapopular.info\/wp-content\/uploads\/2026\/04\/Folha-1.webp","url":"https:\/\/folhapopular.info\/wp-content\/uploads\/2026\/04\/Folha-1.webp","contentUrl":"https:\/\/folhapopular.info\/wp-content\/uploads\/2026\/04\/Folha-1.webp","caption":"Reda\u00e7\u00e3o Folha Popular"},"url":"https:\/\/folhapopular.info\/index.php\/author\/redacao\/"}]}},"jetpack_featured_media_url":"https:\/\/folhapopular.info\/wp-content\/uploads\/2023\/10\/Screenshot-2023-10-13-at-10-05-02-Bombeiros-Imicol-@cbvimicol-\u2022-Instagram-photos-and-videos.png","jetpack_sharing_enabled":true,"amp_enabled":true,"_links":{"self":[{"href":"https:\/\/folhapopular.info\/index.php\/wp-json\/wp\/v2\/posts\/141616","targetHints":{"allow":["GET"]}}],"collection":[{"href":"https:\/\/folhapopular.info\/index.php\/wp-json\/wp\/v2\/posts"}],"about":[{"href":"https:\/\/folhapopular.info\/index.php\/wp-json\/wp\/v2\/types\/post"}],"author":[{"embeddable":true,"href":"https:\/\/folhapopular.info\/index.php\/wp-json\/wp\/v2\/users\/8"}],"replies":[{"embeddable":true,"href":"https:\/\/folhapopular.info\/index.php\/wp-json\/wp\/v2\/comments?post=141616"}],"version-history":[{"count":0,"href":"https:\/\/folhapopular.info\/index.php\/wp-json\/wp\/v2\/posts\/141616\/revisions"}],"wp:featuredmedia":[{"embeddable":true,"href":"https:\/\/folhapopular.info\/index.php\/wp-json\/wp\/v2\/media\/141618"}],"wp:attachment":[{"href":"https:\/\/folhapopular.info\/index.php\/wp-json\/wp\/v2\/media?parent=141616"}],"wp:term":[{"taxonomy":"category","embeddable":true,"href":"https:\/\/folhapopular.info\/index.php\/wp-json\/wp\/v2\/categories?post=141616"},{"taxonomy":"post_tag","embeddable":true,"href":"https:\/\/folhapopular.info\/index.php\/wp-json\/wp\/v2\/tags?post=141616"}],"curies":[{"name":"wp","href":"https:\/\/api.w.org\/{rel}","templated":true}]}}