{"id":141625,"date":"2023-10-13T11:20:25","date_gmt":"2023-10-13T14:20:25","guid":{"rendered":"https:\/\/folhapopular.info\/?p=141625"},"modified":"2023-10-13T11:20:29","modified_gmt":"2023-10-13T14:20:29","slug":"comissao-executiva-divulga-expofaz-2023-na-capital","status":"publish","type":"post","link":"https:\/\/folhapopular.info\/index.php\/2023\/10\/13\/comissao-executiva-divulga-expofaz-2023-na-capital\/","title":{"rendered":"Comiss\u00e3o executiva divulga Expofaz 2023 na capital"},"content":{"rendered":"\n<p>A comiss\u00e3o organizadora da 5\u00aa Expofaz esteve em Porto Alegre no in\u00edcio desta semana para divulgar a Exposi\u00e7\u00e3o Comercial, Industrial e Agropecu\u00e1ria, que ocorre entre os dias 19 a 22 de outubro no Parque Encanto da Fazenda, no Centro de Fazenda Vilanova. Al\u00e9m das diversas atra\u00e7\u00f5es de entretenimento, cultura e lazer, a feira reserva aos visitantes e cidad\u00e3os vilanovenses boas oportunidades de neg\u00f3cios e servi\u00e7os.<\/p>\n\n\n\n<p>O presidente da comiss\u00e3o executiva, Edmilson Luis Mallmann esteve acompanhado do prefeito de Fazenda Vilanova, Amarildo Lu\u00eds da Silva, da presidente da Associa\u00e7\u00e3o Cultural Vilanovense, Mara Reis, da secret\u00e1ria adjunta da Administra\u00e7\u00e3o Municipal, Neuza Fell e do coordenador cultural Ederson da Rocha, bem como da corte do munic\u00edpio. Eles divulgaram o evento em v\u00e1rias reparti\u00e7\u00f5es publicas do Estado. Entre os locais, a Assembleia Legislativa, a secretarias de Estado, Cultura e Turismo e Casa Civil. As visita\u00e7\u00f5es tamb\u00e9m se estenderam aos gabinetes dos deputados.<\/p>\n\n\n\n<h2 class=\"wp-block-heading\">Resgate hist\u00f3rico<\/h2>\n\n\n\n<p>O presidente da comiss\u00e3o se diz otimista com o evento. \u201cFizemos v\u00e1rias visitas nas Reparti\u00e7\u00f5es P\u00fablicas do Estado do RS. Na parte da manh\u00e3 a comiss\u00e3o esteve na Assembleia Legislativa, convidamos o presidente Vilmar Zanchin e em seu nome todos os deputados. Foi um dia muito favor\u00e1vel, pois divulgamos a 5\u00aa Expofaz e elevamos o nome de Fazenda Vilanova\u201d, pontua.\u00a0\u00a0<\/p>\n\n\n\n<p>A presidente da Associa\u00e7\u00e3o Cultural Vilanovense, Mara Virg\u00edlia dos Reis, ressalta que a ExpoFaz, al\u00e9m de mostrar as potencialidades do munic\u00edpio, far\u00e1 um resgate hist\u00f3rico. \u201c\u00c9 necess\u00e1rio entender, resgatar a valorizar toda a trajet\u00f3ria de Fazenda Vilanova. Uma hist\u00f3ria de 28 anos que tanto nos orgulha, em que cada mun\u00edcipe tem uma importante contribui\u00e7\u00e3o\u201d, afirma.<\/p>\n\n\n\n<p>Com o slogan \u201cFazenda Vilanova, Sua Hist\u00f3ria\u201d, a 5\u00aa ExpoFaz reunir\u00e1 o que Fazenda Vilanova e regi\u00e3o t\u00eam de melhor no com\u00e9rcio, servi\u00e7os, ind\u00fastria e agroneg\u00f3cio, mostrando os setores que integram a economia e que s\u00e3o fontes de renda e trabalho. Al\u00e9m de incentivar o turismo, o evento visa proporcionar momentos de lazer, entretenimento e integra\u00e7\u00e3o. Todas as atra\u00e7\u00f5es t\u00eam entrada gratuita. A estimativa \u00e9 reunir, nos quatro dias de evento, entre 15 e 20 mil visitantes.<\/p>\n\n\n\n<p>O resgate hist\u00f3rico da coloniza\u00e7\u00e3o desde meados de 1760, conforme retratado no livro \u201cFazenda Vilanova, Sua Hist\u00f3ria\u201d, escrito pelo professor Jovani Farias, ser\u00e1 uma das atra\u00e7\u00f5es da festa. Um teatro, apresentado por atores da comunidade, representar\u00e1 esta hist\u00f3ria ao p\u00fablico durante da 5\u00aa ExpoFaz.<\/p>\n","protected":false},"excerpt":{"rendered":"<p>A comiss\u00e3o organizadora da 5\u00aa Expofaz esteve em Porto Alegre no in\u00edcio desta semana para divulgar a Exposi\u00e7\u00e3o Comercial, Industrial e Agropecu\u00e1ria, que ocorre entre os dias 19 a 22 de outubro no Parque Encanto da Fazenda, no Centro de Fazenda Vilanova. Al\u00e9m das diversas atra\u00e7\u00f5es de entretenimento, cultura e lazer, a feira reserva aos [&hellip;]<\/p>\n","protected":false},"author":8,"featured_media":141626,"comment_status":"open","ping_status":"open","sticky":false,"template":"","format":"standard","meta":{"pmpro_default_level":"","_jetpack_memberships_contains_paid_content":false,"footnotes":""},"categories":[2,6],"tags":[12825,801],"class_list":{"0":"post-141625","1":"post","2":"type-post","3":"status-publish","4":"format-standard","5":"has-post-thumbnail","7":"category-featured","8":"category-inclusive","9":"tag-5a-expofaz","10":"tag-fazenda-vilanova","11":"pmpro-has-access"},"yoast_head":"<!-- This site is optimized with the Yoast SEO plugin v27.5 - https:\/\/yoast.com\/product\/yoast-seo-wordpress\/ -->\n<title>Comiss\u00e3o executiva divulga Expofaz 2023 na capital - Folha Popular<\/title>\n<meta name=\"robots\" content=\"index, follow, max-snippet:-1, max-image-preview:large, max-video-preview:-1\" \/>\n<link rel=\"canonical\" href=\"https:\/\/folhapopular.info\/index.php\/2023\/10\/13\/comissao-executiva-divulga-expofaz-2023-na-capital\/\" \/>\n<meta property=\"og:locale\" content=\"pt_BR\" \/>\n<meta property=\"og:type\" content=\"article\" \/>\n<meta property=\"og:title\" content=\"Comiss\u00e3o executiva divulga Expofaz 2023 na capital - Folha Popular\" \/>\n<meta property=\"og:description\" content=\"A comiss\u00e3o organizadora da 5\u00aa Expofaz esteve em Porto Alegre no in\u00edcio desta semana para divulgar a Exposi\u00e7\u00e3o Comercial, Industrial e Agropecu\u00e1ria, que ocorre entre os dias 19 a 22 de outubro no Parque Encanto da Fazenda, no Centro de Fazenda Vilanova. Al\u00e9m das diversas atra\u00e7\u00f5es de entretenimento, cultura e lazer, a feira reserva aos [&hellip;]\" \/>\n<meta property=\"og:url\" content=\"https:\/\/folhapopular.info\/index.php\/2023\/10\/13\/comissao-executiva-divulga-expofaz-2023-na-capital\/\" \/>\n<meta property=\"og:site_name\" content=\"Folha Popular\" \/>\n<meta property=\"article:published_time\" content=\"2023-10-13T14:20:25+00:00\" \/>\n<meta property=\"article:modified_time\" content=\"2023-10-13T14:20:29+00:00\" \/>\n<meta property=\"og:image\" content=\"http:\/\/folhapopular.info\/wp-content\/uploads\/2023\/10\/Comissao-Executiva-divulga-EXPOFAZ-2023.jpg\" \/>\n\t<meta property=\"og:image:width\" content=\"1600\" \/>\n\t<meta property=\"og:image:height\" content=\"1066\" \/>\n\t<meta property=\"og:image:type\" content=\"image\/jpeg\" \/>\n<meta name=\"author\" content=\"Reda\u00e7\u00e3o Folha Popular\" \/>\n<meta name=\"twitter:card\" content=\"summary_large_image\" \/>\n<meta name=\"twitter:label1\" content=\"Escrito por\" \/>\n\t<meta name=\"twitter:data1\" content=\"Reda\u00e7\u00e3o Folha Popular\" \/>\n\t<meta name=\"twitter:label2\" content=\"Est. tempo de leitura\" \/>\n\t<meta name=\"twitter:data2\" content=\"3 minutos\" \/>\n<script type=\"application\/ld+json\" class=\"yoast-schema-graph\">{\"@context\":\"https:\\\/\\\/schema.org\",\"@graph\":[{\"@type\":\"Article\",\"@id\":\"https:\\\/\\\/folhapopular.info\\\/index.php\\\/2023\\\/10\\\/13\\\/comissao-executiva-divulga-expofaz-2023-na-capital\\\/#article\",\"isPartOf\":{\"@id\":\"https:\\\/\\\/folhapopular.info\\\/index.php\\\/2023\\\/10\\\/13\\\/comissao-executiva-divulga-expofaz-2023-na-capital\\\/\"},\"author\":{\"name\":\"Reda\u00e7\u00e3o Folha Popular\",\"@id\":\"https:\\\/\\\/folhapopular.info\\\/#\\\/schema\\\/person\\\/2814e8a0df7643585a9ca38bc6eb9d4b\"},\"headline\":\"Comiss\u00e3o executiva divulga Expofaz 2023 na capital\",\"datePublished\":\"2023-10-13T14:20:25+00:00\",\"dateModified\":\"2023-10-13T14:20:29+00:00\",\"mainEntityOfPage\":{\"@id\":\"https:\\\/\\\/folhapopular.info\\\/index.php\\\/2023\\\/10\\\/13\\\/comissao-executiva-divulga-expofaz-2023-na-capital\\\/\"},\"wordCount\":435,\"commentCount\":0,\"image\":{\"@id\":\"https:\\\/\\\/folhapopular.info\\\/index.php\\\/2023\\\/10\\\/13\\\/comissao-executiva-divulga-expofaz-2023-na-capital\\\/#primaryimage\"},\"thumbnailUrl\":\"https:\\\/\\\/folhapopular.info\\\/wp-content\\\/uploads\\\/2023\\\/10\\\/Comissao-Executiva-divulga-EXPOFAZ-2023.jpg\",\"keywords\":[\"5\u00aa Expofaz\",\"Fazenda Vilanova\"],\"articleSection\":[\"Destaques\",\"Inclusive\"],\"inLanguage\":\"pt-BR\",\"potentialAction\":[{\"@type\":\"CommentAction\",\"name\":\"Comment\",\"target\":[\"https:\\\/\\\/folhapopular.info\\\/index.php\\\/2023\\\/10\\\/13\\\/comissao-executiva-divulga-expofaz-2023-na-capital\\\/#respond\"]}]},{\"@type\":\"WebPage\",\"@id\":\"https:\\\/\\\/folhapopular.info\\\/index.php\\\/2023\\\/10\\\/13\\\/comissao-executiva-divulga-expofaz-2023-na-capital\\\/\",\"url\":\"https:\\\/\\\/folhapopular.info\\\/index.php\\\/2023\\\/10\\\/13\\\/comissao-executiva-divulga-expofaz-2023-na-capital\\\/\",\"name\":\"Comiss\u00e3o executiva divulga Expofaz 2023 na capital - Folha Popular\",\"isPartOf\":{\"@id\":\"https:\\\/\\\/folhapopular.info\\\/#website\"},\"primaryImageOfPage\":{\"@id\":\"https:\\\/\\\/folhapopular.info\\\/index.php\\\/2023\\\/10\\\/13\\\/comissao-executiva-divulga-expofaz-2023-na-capital\\\/#primaryimage\"},\"image\":{\"@id\":\"https:\\\/\\\/folhapopular.info\\\/index.php\\\/2023\\\/10\\\/13\\\/comissao-executiva-divulga-expofaz-2023-na-capital\\\/#primaryimage\"},\"thumbnailUrl\":\"https:\\\/\\\/folhapopular.info\\\/wp-content\\\/uploads\\\/2023\\\/10\\\/Comissao-Executiva-divulga-EXPOFAZ-2023.jpg\",\"datePublished\":\"2023-10-13T14:20:25+00:00\",\"dateModified\":\"2023-10-13T14:20:29+00:00\",\"author\":{\"@id\":\"https:\\\/\\\/folhapopular.info\\\/#\\\/schema\\\/person\\\/2814e8a0df7643585a9ca38bc6eb9d4b\"},\"breadcrumb\":{\"@id\":\"https:\\\/\\\/folhapopular.info\\\/index.php\\\/2023\\\/10\\\/13\\\/comissao-executiva-divulga-expofaz-2023-na-capital\\\/#breadcrumb\"},\"inLanguage\":\"pt-BR\",\"potentialAction\":[{\"@type\":\"ReadAction\",\"target\":[\"https:\\\/\\\/folhapopular.info\\\/index.php\\\/2023\\\/10\\\/13\\\/comissao-executiva-divulga-expofaz-2023-na-capital\\\/\"]}]},{\"@type\":\"ImageObject\",\"inLanguage\":\"pt-BR\",\"@id\":\"https:\\\/\\\/folhapopular.info\\\/index.php\\\/2023\\\/10\\\/13\\\/comissao-executiva-divulga-expofaz-2023-na-capital\\\/#primaryimage\",\"url\":\"https:\\\/\\\/folhapopular.info\\\/wp-content\\\/uploads\\\/2023\\\/10\\\/Comissao-Executiva-divulga-EXPOFAZ-2023.jpg\",\"contentUrl\":\"https:\\\/\\\/folhapopular.info\\\/wp-content\\\/uploads\\\/2023\\\/10\\\/Comissao-Executiva-divulga-EXPOFAZ-2023.jpg\",\"width\":1600,\"height\":1066,\"caption\":\"Comiss\u00e3o fez o convite ao presidente da Assembleia Legislativa, Vilmar Zanchin. Cr\u00e9dito: Divulga\u00e7\u00e3o\"},{\"@type\":\"BreadcrumbList\",\"@id\":\"https:\\\/\\\/folhapopular.info\\\/index.php\\\/2023\\\/10\\\/13\\\/comissao-executiva-divulga-expofaz-2023-na-capital\\\/#breadcrumb\",\"itemListElement\":[{\"@type\":\"ListItem\",\"position\":1,\"name\":\"In\u00edcio\",\"item\":\"https:\\\/\\\/folhapopular.info\\\/\"},{\"@type\":\"ListItem\",\"position\":2,\"name\":\"Comiss\u00e3o executiva divulga Expofaz 2023 na capital\"}]},{\"@type\":\"WebSite\",\"@id\":\"https:\\\/\\\/folhapopular.info\\\/#website\",\"url\":\"https:\\\/\\\/folhapopular.info\\\/\",\"name\":\"Folha Popular\",\"description\":\"Onde voc\u00ea tem vez e voz\",\"potentialAction\":[{\"@type\":\"SearchAction\",\"target\":{\"@type\":\"EntryPoint\",\"urlTemplate\":\"https:\\\/\\\/folhapopular.info\\\/?s={search_term_string}\"},\"query-input\":{\"@type\":\"PropertyValueSpecification\",\"valueRequired\":true,\"valueName\":\"search_term_string\"}}],\"inLanguage\":\"pt-BR\"},{\"@type\":\"Person\",\"@id\":\"https:\\\/\\\/folhapopular.info\\\/#\\\/schema\\\/person\\\/2814e8a0df7643585a9ca38bc6eb9d4b\",\"name\":\"Reda\u00e7\u00e3o Folha Popular\",\"image\":{\"@type\":\"ImageObject\",\"inLanguage\":\"pt-BR\",\"@id\":\"https:\\\/\\\/folhapopular.info\\\/wp-content\\\/uploads\\\/2026\\\/04\\\/Folha-1.webp\",\"url\":\"https:\\\/\\\/folhapopular.info\\\/wp-content\\\/uploads\\\/2026\\\/04\\\/Folha-1.webp\",\"contentUrl\":\"https:\\\/\\\/folhapopular.info\\\/wp-content\\\/uploads\\\/2026\\\/04\\\/Folha-1.webp\",\"caption\":\"Reda\u00e7\u00e3o Folha Popular\"},\"url\":\"https:\\\/\\\/folhapopular.info\\\/index.php\\\/author\\\/redacao\\\/\"}]}<\/script>\n<!-- \/ Yoast SEO plugin. -->","yoast_head_json":{"title":"Comiss\u00e3o executiva divulga Expofaz 2023 na capital - Folha Popular","robots":{"index":"index","follow":"follow","max-snippet":"max-snippet:-1","max-image-preview":"max-image-preview:large","max-video-preview":"max-video-preview:-1"},"canonical":"https:\/\/folhapopular.info\/index.php\/2023\/10\/13\/comissao-executiva-divulga-expofaz-2023-na-capital\/","og_locale":"pt_BR","og_type":"article","og_title":"Comiss\u00e3o executiva divulga Expofaz 2023 na capital - Folha Popular","og_description":"A comiss\u00e3o organizadora da 5\u00aa Expofaz esteve em Porto Alegre no in\u00edcio desta semana para divulgar a Exposi\u00e7\u00e3o Comercial, Industrial e Agropecu\u00e1ria, que ocorre entre os dias 19 a 22 de outubro no Parque Encanto da Fazenda, no Centro de Fazenda Vilanova. Al\u00e9m das diversas atra\u00e7\u00f5es de entretenimento, cultura e lazer, a feira reserva aos [&hellip;]","og_url":"https:\/\/folhapopular.info\/index.php\/2023\/10\/13\/comissao-executiva-divulga-expofaz-2023-na-capital\/","og_site_name":"Folha Popular","article_published_time":"2023-10-13T14:20:25+00:00","article_modified_time":"2023-10-13T14:20:29+00:00","og_image":[{"width":1600,"height":1066,"url":"http:\/\/folhapopular.info\/wp-content\/uploads\/2023\/10\/Comissao-Executiva-divulga-EXPOFAZ-2023.jpg","type":"image\/jpeg"}],"author":"Reda\u00e7\u00e3o Folha Popular","twitter_card":"summary_large_image","twitter_misc":{"Escrito por":"Reda\u00e7\u00e3o Folha Popular","Est. tempo de leitura":"3 minutos"},"schema":{"@context":"https:\/\/schema.org","@graph":[{"@type":"Article","@id":"https:\/\/folhapopular.info\/index.php\/2023\/10\/13\/comissao-executiva-divulga-expofaz-2023-na-capital\/#article","isPartOf":{"@id":"https:\/\/folhapopular.info\/index.php\/2023\/10\/13\/comissao-executiva-divulga-expofaz-2023-na-capital\/"},"author":{"name":"Reda\u00e7\u00e3o Folha Popular","@id":"https:\/\/folhapopular.info\/#\/schema\/person\/2814e8a0df7643585a9ca38bc6eb9d4b"},"headline":"Comiss\u00e3o executiva divulga Expofaz 2023 na capital","datePublished":"2023-10-13T14:20:25+00:00","dateModified":"2023-10-13T14:20:29+00:00","mainEntityOfPage":{"@id":"https:\/\/folhapopular.info\/index.php\/2023\/10\/13\/comissao-executiva-divulga-expofaz-2023-na-capital\/"},"wordCount":435,"commentCount":0,"image":{"@id":"https:\/\/folhapopular.info\/index.php\/2023\/10\/13\/comissao-executiva-divulga-expofaz-2023-na-capital\/#primaryimage"},"thumbnailUrl":"https:\/\/folhapopular.info\/wp-content\/uploads\/2023\/10\/Comissao-Executiva-divulga-EXPOFAZ-2023.jpg","keywords":["5\u00aa Expofaz","Fazenda Vilanova"],"articleSection":["Destaques","Inclusive"],"inLanguage":"pt-BR","potentialAction":[{"@type":"CommentAction","name":"Comment","target":["https:\/\/folhapopular.info\/index.php\/2023\/10\/13\/comissao-executiva-divulga-expofaz-2023-na-capital\/#respond"]}]},{"@type":"WebPage","@id":"https:\/\/folhapopular.info\/index.php\/2023\/10\/13\/comissao-executiva-divulga-expofaz-2023-na-capital\/","url":"https:\/\/folhapopular.info\/index.php\/2023\/10\/13\/comissao-executiva-divulga-expofaz-2023-na-capital\/","name":"Comiss\u00e3o executiva divulga Expofaz 2023 na capital - Folha Popular","isPartOf":{"@id":"https:\/\/folhapopular.info\/#website"},"primaryImageOfPage":{"@id":"https:\/\/folhapopular.info\/index.php\/2023\/10\/13\/comissao-executiva-divulga-expofaz-2023-na-capital\/#primaryimage"},"image":{"@id":"https:\/\/folhapopular.info\/index.php\/2023\/10\/13\/comissao-executiva-divulga-expofaz-2023-na-capital\/#primaryimage"},"thumbnailUrl":"https:\/\/folhapopular.info\/wp-content\/uploads\/2023\/10\/Comissao-Executiva-divulga-EXPOFAZ-2023.jpg","datePublished":"2023-10-13T14:20:25+00:00","dateModified":"2023-10-13T14:20:29+00:00","author":{"@id":"https:\/\/folhapopular.info\/#\/schema\/person\/2814e8a0df7643585a9ca38bc6eb9d4b"},"breadcrumb":{"@id":"https:\/\/folhapopular.info\/index.php\/2023\/10\/13\/comissao-executiva-divulga-expofaz-2023-na-capital\/#breadcrumb"},"inLanguage":"pt-BR","potentialAction":[{"@type":"ReadAction","target":["https:\/\/folhapopular.info\/index.php\/2023\/10\/13\/comissao-executiva-divulga-expofaz-2023-na-capital\/"]}]},{"@type":"ImageObject","inLanguage":"pt-BR","@id":"https:\/\/folhapopular.info\/index.php\/2023\/10\/13\/comissao-executiva-divulga-expofaz-2023-na-capital\/#primaryimage","url":"https:\/\/folhapopular.info\/wp-content\/uploads\/2023\/10\/Comissao-Executiva-divulga-EXPOFAZ-2023.jpg","contentUrl":"https:\/\/folhapopular.info\/wp-content\/uploads\/2023\/10\/Comissao-Executiva-divulga-EXPOFAZ-2023.jpg","width":1600,"height":1066,"caption":"Comiss\u00e3o fez o convite ao presidente da Assembleia Legislativa, Vilmar Zanchin. Cr\u00e9dito: Divulga\u00e7\u00e3o"},{"@type":"BreadcrumbList","@id":"https:\/\/folhapopular.info\/index.php\/2023\/10\/13\/comissao-executiva-divulga-expofaz-2023-na-capital\/#breadcrumb","itemListElement":[{"@type":"ListItem","position":1,"name":"In\u00edcio","item":"https:\/\/folhapopular.info\/"},{"@type":"ListItem","position":2,"name":"Comiss\u00e3o executiva divulga Expofaz 2023 na capital"}]},{"@type":"WebSite","@id":"https:\/\/folhapopular.info\/#website","url":"https:\/\/folhapopular.info\/","name":"Folha Popular","description":"Onde voc\u00ea tem vez e voz","potentialAction":[{"@type":"SearchAction","target":{"@type":"EntryPoint","urlTemplate":"https:\/\/folhapopular.info\/?s={search_term_string}"},"query-input":{"@type":"PropertyValueSpecification","valueRequired":true,"valueName":"search_term_string"}}],"inLanguage":"pt-BR"},{"@type":"Person","@id":"https:\/\/folhapopular.info\/#\/schema\/person\/2814e8a0df7643585a9ca38bc6eb9d4b","name":"Reda\u00e7\u00e3o Folha Popular","image":{"@type":"ImageObject","inLanguage":"pt-BR","@id":"https:\/\/folhapopular.info\/wp-content\/uploads\/2026\/04\/Folha-1.webp","url":"https:\/\/folhapopular.info\/wp-content\/uploads\/2026\/04\/Folha-1.webp","contentUrl":"https:\/\/folhapopular.info\/wp-content\/uploads\/2026\/04\/Folha-1.webp","caption":"Reda\u00e7\u00e3o Folha Popular"},"url":"https:\/\/folhapopular.info\/index.php\/author\/redacao\/"}]}},"jetpack_featured_media_url":"https:\/\/folhapopular.info\/wp-content\/uploads\/2023\/10\/Comissao-Executiva-divulga-EXPOFAZ-2023.jpg","jetpack_sharing_enabled":true,"amp_enabled":true,"_links":{"self":[{"href":"https:\/\/folhapopular.info\/index.php\/wp-json\/wp\/v2\/posts\/141625","targetHints":{"allow":["GET"]}}],"collection":[{"href":"https:\/\/folhapopular.info\/index.php\/wp-json\/wp\/v2\/posts"}],"about":[{"href":"https:\/\/folhapopular.info\/index.php\/wp-json\/wp\/v2\/types\/post"}],"author":[{"embeddable":true,"href":"https:\/\/folhapopular.info\/index.php\/wp-json\/wp\/v2\/users\/8"}],"replies":[{"embeddable":true,"href":"https:\/\/folhapopular.info\/index.php\/wp-json\/wp\/v2\/comments?post=141625"}],"version-history":[{"count":0,"href":"https:\/\/folhapopular.info\/index.php\/wp-json\/wp\/v2\/posts\/141625\/revisions"}],"wp:featuredmedia":[{"embeddable":true,"href":"https:\/\/folhapopular.info\/index.php\/wp-json\/wp\/v2\/media\/141626"}],"wp:attachment":[{"href":"https:\/\/folhapopular.info\/index.php\/wp-json\/wp\/v2\/media?parent=141625"}],"wp:term":[{"taxonomy":"category","embeddable":true,"href":"https:\/\/folhapopular.info\/index.php\/wp-json\/wp\/v2\/categories?post=141625"},{"taxonomy":"post_tag","embeddable":true,"href":"https:\/\/folhapopular.info\/index.php\/wp-json\/wp\/v2\/tags?post=141625"}],"curies":[{"name":"wp","href":"https:\/\/api.w.org\/{rel}","templated":true}]}}