{"id":141648,"date":"2023-10-13T23:42:29","date_gmt":"2023-10-14T02:42:29","guid":{"rendered":"https:\/\/folhapopular.info\/?p=141648"},"modified":"2023-10-14T00:00:04","modified_gmt":"2023-10-14T03:00:04","slug":"luisa-muller-amanda-bayer-e-xaiane-miguel-sao-as-novas-soberanas-de-teutonia","status":"publish","type":"post","link":"https:\/\/folhapopular.info\/index.php\/2023\/10\/13\/luisa-muller-amanda-bayer-e-xaiane-miguel-sao-as-novas-soberanas-de-teutonia\/","title":{"rendered":"Lu\u00edsa M\u00fcller, Amanda Bayer e Xaiane Miguel s\u00e3o as novas soberanas de Teut\u00f4nia"},"content":{"rendered":"\n<p>Teut\u00f4nia conheceu na noite desta sexta-feira (13\/10) sua nova corte de soberanas. Foram 11 candidatas que participaram da disputa.<\/p>\n\n\n\n<p>E a coroa de rainha ficou com Lu\u00edsa M\u00fcller. Completam a corte a primeira princesa Amanda Francine Bayer e a segunda princesa Xaiane Cardoso Miguel.<br>Elas assumem os lugares deixados por Fernanda Kolling (rainha), Kelly Hentges (primeira princesa) e Viviane Lagemann (segunda princesa) que reinaram de 2019 at\u00e9 2023.<\/p>\n\n\n\n<p>O corpo de jurados foi formado por 11 mulheres, todas soberanas em munic\u00edpios de outras regi\u00f5es. Al\u00e9m das soberanas eleitas, todas as participantes receberam o t\u00edtulo de embaixatrizes de Teut\u00f4nia, assumindo o compromisso de serem divulgadoras do munic\u00edpio. <\/p>\n\n\n\n<p>Tamb\u00e9m houve a elei\u00e7\u00e3o da melhor torcida, escolhida pelo corpo de juradas. A torcida escolhida foi a da candidata Marieli Datsch.<\/p>\n\n\n\n<p>A escolha das soberanas abriu a programa\u00e7\u00e3o da 2\u00aa Teutoberfest que segue at\u00e9 domingo (15\/10). O evento tamb\u00e9m marca o in\u00edcio das celebra\u00e7\u00f5es do bicenten\u00e1rio da imigra\u00e7\u00e3o germ\u00e2nica no Brasil. Por isso, toda a apresenta\u00e7\u00e3o das candidatas, que contou com encena\u00e7\u00e3o e dan\u00e7a, girou em torno da tem\u00e1tica da imigra\u00e7\u00e3o e cultura germ\u00e2nica. As candidatas ainda responderam, ao vivo, perguntas sobre Teut\u00f4nia.<\/p>\n\n\n\n<p>As novas soberanas iniciam as atividades do reinado j\u00e1 na pr\u00f3xima semana. Todos os detalhes sobre a escolha das soberanas de Teut\u00f4nia voc\u00ea confere na edi\u00e7\u00e3o deste s\u00e1bado (14\/10) da Folha Popular.<\/p>\n\n\n\n<figure class=\"wp-block-image size-large\"><img loading=\"lazy\" decoding=\"async\" width=\"1024\" height=\"768\" src=\"https:\/\/folhapopular.info\/wp-content\/uploads\/2023\/10\/WhatsApp-Image-2023-10-13-at-23.37.12-e1697251108391-1024x768.jpeg\" alt=\"\" class=\"wp-image-141656\" srcset=\"https:\/\/folhapopular.info\/wp-content\/uploads\/2023\/10\/WhatsApp-Image-2023-10-13-at-23.37.12-e1697251108391-1024x768.jpeg 1024w, https:\/\/folhapopular.info\/wp-content\/uploads\/2023\/10\/WhatsApp-Image-2023-10-13-at-23.37.12-e1697251108391-300x225.jpeg 300w, https:\/\/folhapopular.info\/wp-content\/uploads\/2023\/10\/WhatsApp-Image-2023-10-13-at-23.37.12-e1697251108391-768x576.jpeg 768w, https:\/\/folhapopular.info\/wp-content\/uploads\/2023\/10\/WhatsApp-Image-2023-10-13-at-23.37.12-e1697251108391-696x522.jpeg 696w, https:\/\/folhapopular.info\/wp-content\/uploads\/2023\/10\/WhatsApp-Image-2023-10-13-at-23.37.12-e1697251108391-1068x801.jpeg 1068w, https:\/\/folhapopular.info\/wp-content\/uploads\/2023\/10\/WhatsApp-Image-2023-10-13-at-23.37.12-e1697251108391.jpeg 1200w\" sizes=\"auto, (max-width: 1024px) 100vw, 1024px\" \/><figcaption class=\"wp-element-caption\">Novo trio de soberanas de Teut\u00f4nia \/ Cr\u00e9dito da foto: Carla Beckmann<\/figcaption><\/figure>\n\n\n\n<div class=\"wp-block-jetpack-slideshow aligncenter\" data-effect=\"slide\"><div class=\"wp-block-jetpack-slideshow_container swiper-container\"><ul class=\"wp-block-jetpack-slideshow_swiper-wrapper swiper-wrapper\"><li class=\"wp-block-jetpack-slideshow_slide swiper-slide\"><figure><img loading=\"lazy\" decoding=\"async\" width=\"1024\" height=\"768\" alt=\"\" class=\"wp-block-jetpack-slideshow_image wp-image-141652\" data-id=\"141652\" src=\"https:\/\/folhapopular.info\/wp-content\/uploads\/2023\/10\/WhatsApp-Image-2023-10-13-at-22.02.31-e1697248676798-1024x768.jpeg\" srcset=\"https:\/\/folhapopular.info\/wp-content\/uploads\/2023\/10\/WhatsApp-Image-2023-10-13-at-22.02.31-e1697248676798-1024x768.jpeg 1024w, https:\/\/folhapopular.info\/wp-content\/uploads\/2023\/10\/WhatsApp-Image-2023-10-13-at-22.02.31-e1697248676798-300x225.jpeg 300w, https:\/\/folhapopular.info\/wp-content\/uploads\/2023\/10\/WhatsApp-Image-2023-10-13-at-22.02.31-e1697248676798-768x576.jpeg 768w, https:\/\/folhapopular.info\/wp-content\/uploads\/2023\/10\/WhatsApp-Image-2023-10-13-at-22.02.31-e1697248676798-696x522.jpeg 696w, https:\/\/folhapopular.info\/wp-content\/uploads\/2023\/10\/WhatsApp-Image-2023-10-13-at-22.02.31-e1697248676798-1068x801.jpeg 1068w, https:\/\/folhapopular.info\/wp-content\/uploads\/2023\/10\/WhatsApp-Image-2023-10-13-at-22.02.31-e1697248676798.jpeg 1200w\" sizes=\"(max-width: 1024px) 100vw, 1024px\" \/><figcaption class=\"wp-block-jetpack-slideshow_caption gallery-caption\">11 candidatas disputaram as coroas \/ Cr\u00e9dito da foto: Carla Beckmann<\/figcaption><\/figure><\/li><li class=\"wp-block-jetpack-slideshow_slide swiper-slide\"><figure><img loading=\"lazy\" decoding=\"async\" width=\"1024\" height=\"768\" alt=\"\" class=\"wp-block-jetpack-slideshow_image wp-image-141649\" data-id=\"141649\" src=\"https:\/\/folhapopular.info\/wp-content\/uploads\/2023\/10\/WhatsApp-Image-2023-10-13-at-21.07.27-e1697248718982-1024x768.jpeg\" srcset=\"https:\/\/folhapopular.info\/wp-content\/uploads\/2023\/10\/WhatsApp-Image-2023-10-13-at-21.07.27-e1697248718982-1024x768.jpeg 1024w, https:\/\/folhapopular.info\/wp-content\/uploads\/2023\/10\/WhatsApp-Image-2023-10-13-at-21.07.27-e1697248718982-300x225.jpeg 300w, https:\/\/folhapopular.info\/wp-content\/uploads\/2023\/10\/WhatsApp-Image-2023-10-13-at-21.07.27-e1697248718982-768x576.jpeg 768w, https:\/\/folhapopular.info\/wp-content\/uploads\/2023\/10\/WhatsApp-Image-2023-10-13-at-21.07.27-e1697248718982-696x522.jpeg 696w, https:\/\/folhapopular.info\/wp-content\/uploads\/2023\/10\/WhatsApp-Image-2023-10-13-at-21.07.27-e1697248718982-1068x801.jpeg 1068w, https:\/\/folhapopular.info\/wp-content\/uploads\/2023\/10\/WhatsApp-Image-2023-10-13-at-21.07.27-e1697248718982.jpeg 1200w\" sizes=\"(max-width: 1024px) 100vw, 1024px\" \/><figcaption class=\"wp-block-jetpack-slideshow_caption gallery-caption\">Encena\u00e7\u00f5es e apresenta\u00e7\u00f5es fizeram parte do evento \/ Cr\u00e9dito da foto: Carla Beckmann<\/figcaption><\/figure><\/li><li class=\"wp-block-jetpack-slideshow_slide swiper-slide\"><figure><img loading=\"lazy\" decoding=\"async\" width=\"768\" height=\"1024\" alt=\"\" class=\"wp-block-jetpack-slideshow_image wp-image-141650\" data-id=\"141650\" src=\"https:\/\/folhapopular.info\/wp-content\/uploads\/2023\/10\/WhatsApp-Image-2023-10-13-at-21.08.09-768x1024.jpeg\" srcset=\"https:\/\/folhapopular.info\/wp-content\/uploads\/2023\/10\/WhatsApp-Image-2023-10-13-at-21.08.09-768x1024.jpeg 768w, https:\/\/folhapopular.info\/wp-content\/uploads\/2023\/10\/WhatsApp-Image-2023-10-13-at-21.08.09-225x300.jpeg 225w, https:\/\/folhapopular.info\/wp-content\/uploads\/2023\/10\/WhatsApp-Image-2023-10-13-at-21.08.09-1152x1536.jpeg 1152w, https:\/\/folhapopular.info\/wp-content\/uploads\/2023\/10\/WhatsApp-Image-2023-10-13-at-21.08.09-696x928.jpeg 696w, https:\/\/folhapopular.info\/wp-content\/uploads\/2023\/10\/WhatsApp-Image-2023-10-13-at-21.08.09-1068x1424.jpeg 1068w, https:\/\/folhapopular.info\/wp-content\/uploads\/2023\/10\/WhatsApp-Image-2023-10-13-at-21.08.09.jpeg 1200w\" sizes=\"(max-width: 768px) 100vw, 768px\" \/><figcaption class=\"wp-block-jetpack-slideshow_caption gallery-caption\">A imigra\u00e7\u00e3o germ\u00e2nica foi tema central, dando in\u00edcio \u00e0s celebra\u00e7\u00f5es do bicenten\u00e1rio da imigra\u00e7\u00e3o \/ Cr\u00e9dito da foto: Carla Beckmann<\/figcaption><\/figure><\/li><li class=\"wp-block-jetpack-slideshow_slide swiper-slide\"><figure><img loading=\"lazy\" decoding=\"async\" width=\"1024\" height=\"768\" alt=\"\" class=\"wp-block-jetpack-slideshow_image wp-image-141651\" data-id=\"141651\" src=\"https:\/\/folhapopular.info\/wp-content\/uploads\/2023\/10\/WhatsApp-Image-2023-10-13-at-21.23.31-e1697248693956-1024x768.jpeg\" srcset=\"https:\/\/folhapopular.info\/wp-content\/uploads\/2023\/10\/WhatsApp-Image-2023-10-13-at-21.23.31-e1697248693956-1024x768.jpeg 1024w, https:\/\/folhapopular.info\/wp-content\/uploads\/2023\/10\/WhatsApp-Image-2023-10-13-at-21.23.31-e1697248693956-300x225.jpeg 300w, https:\/\/folhapopular.info\/wp-content\/uploads\/2023\/10\/WhatsApp-Image-2023-10-13-at-21.23.31-e1697248693956-768x576.jpeg 768w, https:\/\/folhapopular.info\/wp-content\/uploads\/2023\/10\/WhatsApp-Image-2023-10-13-at-21.23.31-e1697248693956-696x522.jpeg 696w, https:\/\/folhapopular.info\/wp-content\/uploads\/2023\/10\/WhatsApp-Image-2023-10-13-at-21.23.31-e1697248693956-1068x801.jpeg 1068w, https:\/\/folhapopular.info\/wp-content\/uploads\/2023\/10\/WhatsApp-Image-2023-10-13-at-21.23.31-e1697248693956.jpeg 1200w\" sizes=\"(max-width: 1024px) 100vw, 1024px\" \/><figcaption class=\"wp-block-jetpack-slideshow_caption gallery-caption\">Trajes t\u00edpicos tamb\u00e9m embelezaram a apresenta\u00e7\u00e3o \/ Cr\u00e9dito da foto: Carla Beckmann<\/figcaption><\/figure><\/li><li class=\"wp-block-jetpack-slideshow_slide swiper-slide\"><figure><img loading=\"lazy\" decoding=\"async\" width=\"1024\" height=\"768\" alt=\"\" class=\"wp-block-jetpack-slideshow_image wp-image-141653\" data-id=\"141653\" src=\"https:\/\/folhapopular.info\/wp-content\/uploads\/2023\/10\/WhatsApp-Image-2023-10-13-at-22.44.40-e1697249084995-1024x768.jpeg\" srcset=\"https:\/\/folhapopular.info\/wp-content\/uploads\/2023\/10\/WhatsApp-Image-2023-10-13-at-22.44.40-e1697249084995-1024x768.jpeg 1024w, https:\/\/folhapopular.info\/wp-content\/uploads\/2023\/10\/WhatsApp-Image-2023-10-13-at-22.44.40-e1697249084995-300x225.jpeg 300w, https:\/\/folhapopular.info\/wp-content\/uploads\/2023\/10\/WhatsApp-Image-2023-10-13-at-22.44.40-e1697249084995-768x576.jpeg 768w, https:\/\/folhapopular.info\/wp-content\/uploads\/2023\/10\/WhatsApp-Image-2023-10-13-at-22.44.40-e1697249084995-696x522.jpeg 696w, https:\/\/folhapopular.info\/wp-content\/uploads\/2023\/10\/WhatsApp-Image-2023-10-13-at-22.44.40-e1697249084995-1068x801.jpeg 1068w, https:\/\/folhapopular.info\/wp-content\/uploads\/2023\/10\/WhatsApp-Image-2023-10-13-at-22.44.40-e1697249084995.jpeg 1200w\" sizes=\"(max-width: 1024px) 100vw, 1024px\" \/><figcaption class=\"wp-block-jetpack-slideshow_caption gallery-caption\">11 soberanas de outras cidades foram as juradas \/ Cr\u00e9dito da foto: Carla Beckmann<\/figcaption><\/figure><\/li><li class=\"wp-block-jetpack-slideshow_slide swiper-slide\"><figure><img loading=\"lazy\" decoding=\"async\" width=\"1024\" height=\"768\" alt=\"\" class=\"wp-block-jetpack-slideshow_image wp-image-141654\" data-id=\"141654\" src=\"https:\/\/folhapopular.info\/wp-content\/uploads\/2023\/10\/WhatsApp-Image-2023-10-13-at-23.01.30-e1697249034562-1024x768.jpeg\" srcset=\"https:\/\/folhapopular.info\/wp-content\/uploads\/2023\/10\/WhatsApp-Image-2023-10-13-at-23.01.30-e1697249034562-1024x768.jpeg 1024w, https:\/\/folhapopular.info\/wp-content\/uploads\/2023\/10\/WhatsApp-Image-2023-10-13-at-23.01.30-e1697249034562-300x225.jpeg 300w, https:\/\/folhapopular.info\/wp-content\/uploads\/2023\/10\/WhatsApp-Image-2023-10-13-at-23.01.30-e1697249034562-768x576.jpeg 768w, https:\/\/folhapopular.info\/wp-content\/uploads\/2023\/10\/WhatsApp-Image-2023-10-13-at-23.01.30-e1697249034562-696x522.jpeg 696w, https:\/\/folhapopular.info\/wp-content\/uploads\/2023\/10\/WhatsApp-Image-2023-10-13-at-23.01.30-e1697249034562-1068x801.jpeg 1068w, https:\/\/folhapopular.info\/wp-content\/uploads\/2023\/10\/WhatsApp-Image-2023-10-13-at-23.01.30-e1697249034562.jpeg 1200w\" sizes=\"(max-width: 1024px) 100vw, 1024px\" \/><figcaption class=\"wp-block-jetpack-slideshow_caption gallery-caption\">Antigas soberanas se despediram \/ Cr\u00e9dito da foto: Carla Beckmann<\/figcaption><\/figure><\/li><li class=\"wp-block-jetpack-slideshow_slide swiper-slide\"><figure><img loading=\"lazy\" decoding=\"async\" width=\"1024\" height=\"768\" alt=\"\" class=\"wp-block-jetpack-slideshow_image wp-image-141655\" data-id=\"141655\" src=\"https:\/\/folhapopular.info\/wp-content\/uploads\/2023\/10\/WhatsApp-Image-2023-10-13-at-23.04.50-e1697249140576-1024x768.jpeg\" srcset=\"https:\/\/folhapopular.info\/wp-content\/uploads\/2023\/10\/WhatsApp-Image-2023-10-13-at-23.04.50-e1697249140576-1024x768.jpeg 1024w, https:\/\/folhapopular.info\/wp-content\/uploads\/2023\/10\/WhatsApp-Image-2023-10-13-at-23.04.50-e1697249140576-300x225.jpeg 300w, https:\/\/folhapopular.info\/wp-content\/uploads\/2023\/10\/WhatsApp-Image-2023-10-13-at-23.04.50-e1697249140576-768x576.jpeg 768w, https:\/\/folhapopular.info\/wp-content\/uploads\/2023\/10\/WhatsApp-Image-2023-10-13-at-23.04.50-e1697249140576-696x522.jpeg 696w, https:\/\/folhapopular.info\/wp-content\/uploads\/2023\/10\/WhatsApp-Image-2023-10-13-at-23.04.50-e1697249140576-1068x801.jpeg 1068w, https:\/\/folhapopular.info\/wp-content\/uploads\/2023\/10\/WhatsApp-Image-2023-10-13-at-23.04.50-e1697249140576.jpeg 1200w\" sizes=\"(max-width: 1024px) 100vw, 1024px\" \/><figcaption class=\"wp-block-jetpack-slideshow_caption gallery-caption\">Soberanas que deixaram cargo foram homenageadas \/ Cr\u00e9dito da foto: Carla Beckmann<\/figcaption><\/figure><\/li><li class=\"wp-block-jetpack-slideshow_slide swiper-slide\"><figure><img loading=\"lazy\" decoding=\"async\" width=\"1024\" height=\"768\" alt=\"\" class=\"wp-block-jetpack-slideshow_image wp-image-141660\" data-id=\"141660\" src=\"https:\/\/folhapopular.info\/wp-content\/uploads\/2023\/10\/WhatsApp-Image-2023-10-13-at-23.46.10-1024x768.jpeg\" srcset=\"https:\/\/folhapopular.info\/wp-content\/uploads\/2023\/10\/WhatsApp-Image-2023-10-13-at-23.46.10-1024x768.jpeg 1024w, https:\/\/folhapopular.info\/wp-content\/uploads\/2023\/10\/WhatsApp-Image-2023-10-13-at-23.46.10-300x225.jpeg 300w, https:\/\/folhapopular.info\/wp-content\/uploads\/2023\/10\/WhatsApp-Image-2023-10-13-at-23.46.10-768x576.jpeg 768w, https:\/\/folhapopular.info\/wp-content\/uploads\/2023\/10\/WhatsApp-Image-2023-10-13-at-23.46.10-1536x1152.jpeg 1536w, https:\/\/folhapopular.info\/wp-content\/uploads\/2023\/10\/WhatsApp-Image-2023-10-13-at-23.46.10-696x522.jpeg 696w, https:\/\/folhapopular.info\/wp-content\/uploads\/2023\/10\/WhatsApp-Image-2023-10-13-at-23.46.10-1068x801.jpeg 1068w, https:\/\/folhapopular.info\/wp-content\/uploads\/2023\/10\/WhatsApp-Image-2023-10-13-at-23.46.10.jpeg 1600w\" sizes=\"(max-width: 1024px) 100vw, 1024px\" \/><figcaption class=\"wp-block-jetpack-slideshow_caption gallery-caption\">Cr\u00e9dito da foto: Carla Beckmann<\/figcaption><\/figure><\/li><li class=\"wp-block-jetpack-slideshow_slide swiper-slide\"><figure><img loading=\"lazy\" decoding=\"async\" width=\"1024\" height=\"768\" alt=\"\" class=\"wp-block-jetpack-slideshow_image wp-image-141661\" data-id=\"141661\" src=\"https:\/\/folhapopular.info\/wp-content\/uploads\/2023\/10\/WhatsApp-Image-2023-10-13-at-23.44.56-1-1024x768.jpeg\" srcset=\"https:\/\/folhapopular.info\/wp-content\/uploads\/2023\/10\/WhatsApp-Image-2023-10-13-at-23.44.56-1-1024x768.jpeg 1024w, https:\/\/folhapopular.info\/wp-content\/uploads\/2023\/10\/WhatsApp-Image-2023-10-13-at-23.44.56-1-300x225.jpeg 300w, https:\/\/folhapopular.info\/wp-content\/uploads\/2023\/10\/WhatsApp-Image-2023-10-13-at-23.44.56-1-768x576.jpeg 768w, https:\/\/folhapopular.info\/wp-content\/uploads\/2023\/10\/WhatsApp-Image-2023-10-13-at-23.44.56-1-1536x1152.jpeg 1536w, https:\/\/folhapopular.info\/wp-content\/uploads\/2023\/10\/WhatsApp-Image-2023-10-13-at-23.44.56-1-696x522.jpeg 696w, https:\/\/folhapopular.info\/wp-content\/uploads\/2023\/10\/WhatsApp-Image-2023-10-13-at-23.44.56-1-1068x801.jpeg 1068w, https:\/\/folhapopular.info\/wp-content\/uploads\/2023\/10\/WhatsApp-Image-2023-10-13-at-23.44.56-1.jpeg 1600w\" sizes=\"(max-width: 1024px) 100vw, 1024px\" \/><figcaption class=\"wp-block-jetpack-slideshow_caption gallery-caption\">Nova corte com o corpo de juradas \/ Cr\u00e9dito da foto: Carla Beckmann<\/figcaption><\/figure><\/li><\/ul><a class=\"wp-block-jetpack-slideshow_button-prev swiper-button-prev swiper-button-white\" role=\"button\"><\/a><a class=\"wp-block-jetpack-slideshow_button-next swiper-button-next swiper-button-white\" role=\"button\"><\/a><a aria-label=\"Pause Slideshow\" class=\"wp-block-jetpack-slideshow_button-pause\" role=\"button\"><\/a><div class=\"wp-block-jetpack-slideshow_pagination swiper-pagination swiper-pagination-white\"><\/div><\/div><\/div>\n\n\n\n<p><strong>Assista a cerim\u00f4nia de escolha das soberanas<\/strong><\/p>\n\n\n\n<figure class=\"wp-block-embed is-type-video is-provider-youtube wp-block-embed-youtube wp-embed-aspect-16-9 wp-has-aspect-ratio\"><div class=\"wp-block-embed__wrapper\">\n<div class=\"youtube-embed\" data-video_id=\"\"><iframe loading=\"lazy\" title=\"ESCOLHA DAS SOBERANAS DE TEUT\u00d4NIA\" width=\"696\" height=\"392\" src=\"https:\/\/www.youtube.com\/embed\/JQ1ZpgLB6Ig?feature=oembed&#038;enablejsapi=1\" frameborder=\"0\" allow=\"accelerometer; autoplay; clipboard-write; encrypted-media; gyroscope; picture-in-picture; web-share\" allowfullscreen><\/iframe><\/div>\n<\/div><\/figure>\n","protected":false},"excerpt":{"rendered":"<p>Teut\u00f4nia conheceu na noite desta sexta-feira (13\/10) sua nova corte de soberanas. Foram 11 candidatas que participaram da disputa. E a coroa de rainha ficou com Lu\u00edsa M\u00fcller. Completam a corte a primeira princesa Amanda Francine Bayer e a segunda princesa Xaiane Cardoso Miguel.Elas assumem os lugares deixados por Fernanda Kolling (rainha), Kelly Hentges (primeira [&hellip;]<\/p>\n","protected":false},"author":5,"featured_media":141657,"comment_status":"open","ping_status":"open","sticky":false,"template":"","format":"standard","meta":{"pmpro_default_level":"","_jetpack_memberships_contains_paid_content":false,"footnotes":""},"categories":[2,6],"tags":[],"class_list":{"0":"post-141648","1":"post","2":"type-post","3":"status-publish","4":"format-standard","5":"has-post-thumbnail","7":"category-featured","8":"category-inclusive","9":"pmpro-has-access"},"yoast_head":"<!-- This site is optimized with the Yoast SEO plugin v27.5 - https:\/\/yoast.com\/product\/yoast-seo-wordpress\/ -->\n<title>Lu\u00edsa M\u00fcller, Amanda Bayer e Xaiane Miguel s\u00e3o as novas soberanas de Teut\u00f4nia - Folha Popular<\/title>\n<meta name=\"robots\" content=\"index, follow, max-snippet:-1, max-image-preview:large, max-video-preview:-1\" \/>\n<link rel=\"canonical\" href=\"https:\/\/folhapopular.info\/index.php\/2023\/10\/13\/luisa-muller-amanda-bayer-e-xaiane-miguel-sao-as-novas-soberanas-de-teutonia\/\" \/>\n<meta property=\"og:locale\" content=\"pt_BR\" \/>\n<meta property=\"og:type\" content=\"article\" \/>\n<meta property=\"og:title\" content=\"Lu\u00edsa M\u00fcller, Amanda Bayer e Xaiane Miguel s\u00e3o as novas soberanas de Teut\u00f4nia - Folha Popular\" \/>\n<meta property=\"og:description\" content=\"Teut\u00f4nia conheceu na noite desta sexta-feira (13\/10) sua nova corte de soberanas. Foram 11 candidatas que participaram da disputa. E a coroa de rainha ficou com Lu\u00edsa M\u00fcller. Completam a corte a primeira princesa Amanda Francine Bayer e a segunda princesa Xaiane Cardoso Miguel.Elas assumem os lugares deixados por Fernanda Kolling (rainha), Kelly Hentges (primeira [&hellip;]\" \/>\n<meta property=\"og:url\" content=\"https:\/\/folhapopular.info\/index.php\/2023\/10\/13\/luisa-muller-amanda-bayer-e-xaiane-miguel-sao-as-novas-soberanas-de-teutonia\/\" \/>\n<meta property=\"og:site_name\" content=\"Folha Popular\" \/>\n<meta property=\"article:published_time\" content=\"2023-10-14T02:42:29+00:00\" \/>\n<meta property=\"article:modified_time\" content=\"2023-10-14T03:00:04+00:00\" \/>\n<meta property=\"og:image\" content=\"http:\/\/folhapopular.info\/wp-content\/uploads\/2023\/10\/WhatsApp-Image-2023-10-13-at-23.40.44-e1697251337419.jpeg\" \/>\n\t<meta property=\"og:image:width\" content=\"1200\" \/>\n\t<meta property=\"og:image:height\" content=\"900\" \/>\n\t<meta property=\"og:image:type\" content=\"image\/jpeg\" \/>\n<meta name=\"author\" content=\"Paloma Cristine Griesang\" \/>\n<meta name=\"twitter:card\" content=\"summary_large_image\" \/>\n<meta name=\"twitter:label1\" content=\"Escrito por\" \/>\n\t<meta name=\"twitter:data1\" content=\"Paloma Cristine Griesang\" \/>\n\t<meta name=\"twitter:label2\" content=\"Est. tempo de leitura\" \/>\n\t<meta name=\"twitter:data2\" content=\"4 minutos\" \/>\n<script type=\"application\/ld+json\" class=\"yoast-schema-graph\">{\"@context\":\"https:\\\/\\\/schema.org\",\"@graph\":[{\"@type\":\"Article\",\"@id\":\"https:\\\/\\\/folhapopular.info\\\/index.php\\\/2023\\\/10\\\/13\\\/luisa-muller-amanda-bayer-e-xaiane-miguel-sao-as-novas-soberanas-de-teutonia\\\/#article\",\"isPartOf\":{\"@id\":\"https:\\\/\\\/folhapopular.info\\\/index.php\\\/2023\\\/10\\\/13\\\/luisa-muller-amanda-bayer-e-xaiane-miguel-sao-as-novas-soberanas-de-teutonia\\\/\"},\"author\":{\"name\":\"Paloma Cristine Griesang\",\"@id\":\"https:\\\/\\\/folhapopular.info\\\/#\\\/schema\\\/person\\\/6441c3adb14a6337552a9700ef5698d2\"},\"headline\":\"Lu\u00edsa M\u00fcller, Amanda Bayer e Xaiane Miguel s\u00e3o as novas soberanas de Teut\u00f4nia\",\"datePublished\":\"2023-10-14T02:42:29+00:00\",\"dateModified\":\"2023-10-14T03:00:04+00:00\",\"mainEntityOfPage\":{\"@id\":\"https:\\\/\\\/folhapopular.info\\\/index.php\\\/2023\\\/10\\\/13\\\/luisa-muller-amanda-bayer-e-xaiane-miguel-sao-as-novas-soberanas-de-teutonia\\\/\"},\"wordCount\":411,\"commentCount\":0,\"image\":{\"@id\":\"https:\\\/\\\/folhapopular.info\\\/index.php\\\/2023\\\/10\\\/13\\\/luisa-muller-amanda-bayer-e-xaiane-miguel-sao-as-novas-soberanas-de-teutonia\\\/#primaryimage\"},\"thumbnailUrl\":\"https:\\\/\\\/folhapopular.info\\\/wp-content\\\/uploads\\\/2023\\\/10\\\/WhatsApp-Image-2023-10-13-at-23.40.44-e1697251337419.jpeg\",\"articleSection\":[\"Destaques\",\"Inclusive\"],\"inLanguage\":\"pt-BR\",\"potentialAction\":[{\"@type\":\"CommentAction\",\"name\":\"Comment\",\"target\":[\"https:\\\/\\\/folhapopular.info\\\/index.php\\\/2023\\\/10\\\/13\\\/luisa-muller-amanda-bayer-e-xaiane-miguel-sao-as-novas-soberanas-de-teutonia\\\/#respond\"]}]},{\"@type\":\"WebPage\",\"@id\":\"https:\\\/\\\/folhapopular.info\\\/index.php\\\/2023\\\/10\\\/13\\\/luisa-muller-amanda-bayer-e-xaiane-miguel-sao-as-novas-soberanas-de-teutonia\\\/\",\"url\":\"https:\\\/\\\/folhapopular.info\\\/index.php\\\/2023\\\/10\\\/13\\\/luisa-muller-amanda-bayer-e-xaiane-miguel-sao-as-novas-soberanas-de-teutonia\\\/\",\"name\":\"Lu\u00edsa M\u00fcller, Amanda Bayer e Xaiane Miguel s\u00e3o as novas soberanas de Teut\u00f4nia - Folha Popular\",\"isPartOf\":{\"@id\":\"https:\\\/\\\/folhapopular.info\\\/#website\"},\"primaryImageOfPage\":{\"@id\":\"https:\\\/\\\/folhapopular.info\\\/index.php\\\/2023\\\/10\\\/13\\\/luisa-muller-amanda-bayer-e-xaiane-miguel-sao-as-novas-soberanas-de-teutonia\\\/#primaryimage\"},\"image\":{\"@id\":\"https:\\\/\\\/folhapopular.info\\\/index.php\\\/2023\\\/10\\\/13\\\/luisa-muller-amanda-bayer-e-xaiane-miguel-sao-as-novas-soberanas-de-teutonia\\\/#primaryimage\"},\"thumbnailUrl\":\"https:\\\/\\\/folhapopular.info\\\/wp-content\\\/uploads\\\/2023\\\/10\\\/WhatsApp-Image-2023-10-13-at-23.40.44-e1697251337419.jpeg\",\"datePublished\":\"2023-10-14T02:42:29+00:00\",\"dateModified\":\"2023-10-14T03:00:04+00:00\",\"author\":{\"@id\":\"https:\\\/\\\/folhapopular.info\\\/#\\\/schema\\\/person\\\/6441c3adb14a6337552a9700ef5698d2\"},\"breadcrumb\":{\"@id\":\"https:\\\/\\\/folhapopular.info\\\/index.php\\\/2023\\\/10\\\/13\\\/luisa-muller-amanda-bayer-e-xaiane-miguel-sao-as-novas-soberanas-de-teutonia\\\/#breadcrumb\"},\"inLanguage\":\"pt-BR\",\"potentialAction\":[{\"@type\":\"ReadAction\",\"target\":[\"https:\\\/\\\/folhapopular.info\\\/index.php\\\/2023\\\/10\\\/13\\\/luisa-muller-amanda-bayer-e-xaiane-miguel-sao-as-novas-soberanas-de-teutonia\\\/\"]}]},{\"@type\":\"ImageObject\",\"inLanguage\":\"pt-BR\",\"@id\":\"https:\\\/\\\/folhapopular.info\\\/index.php\\\/2023\\\/10\\\/13\\\/luisa-muller-amanda-bayer-e-xaiane-miguel-sao-as-novas-soberanas-de-teutonia\\\/#primaryimage\",\"url\":\"https:\\\/\\\/folhapopular.info\\\/wp-content\\\/uploads\\\/2023\\\/10\\\/WhatsApp-Image-2023-10-13-at-23.40.44-e1697251337419.jpeg\",\"contentUrl\":\"https:\\\/\\\/folhapopular.info\\\/wp-content\\\/uploads\\\/2023\\\/10\\\/WhatsApp-Image-2023-10-13-at-23.40.44-e1697251337419.jpeg\",\"width\":1200,\"height\":900,\"caption\":\"Luisa M\u00fcller (c) \u00e9 a nova rainha, acompanhada pela primeira princesa Amanda Bayer (e) e a segunda princesa Xaiane Miguel (d) \\\/ Cr\u00e9dito da foto: Carla Beckmann\"},{\"@type\":\"BreadcrumbList\",\"@id\":\"https:\\\/\\\/folhapopular.info\\\/index.php\\\/2023\\\/10\\\/13\\\/luisa-muller-amanda-bayer-e-xaiane-miguel-sao-as-novas-soberanas-de-teutonia\\\/#breadcrumb\",\"itemListElement\":[{\"@type\":\"ListItem\",\"position\":1,\"name\":\"In\u00edcio\",\"item\":\"https:\\\/\\\/folhapopular.info\\\/\"},{\"@type\":\"ListItem\",\"position\":2,\"name\":\"Lu\u00edsa M\u00fcller, Amanda Bayer e Xaiane Miguel s\u00e3o as novas soberanas de Teut\u00f4nia\"}]},{\"@type\":\"WebSite\",\"@id\":\"https:\\\/\\\/folhapopular.info\\\/#website\",\"url\":\"https:\\\/\\\/folhapopular.info\\\/\",\"name\":\"Folha Popular\",\"description\":\"Onde voc\u00ea tem vez e voz\",\"potentialAction\":[{\"@type\":\"SearchAction\",\"target\":{\"@type\":\"EntryPoint\",\"urlTemplate\":\"https:\\\/\\\/folhapopular.info\\\/?s={search_term_string}\"},\"query-input\":{\"@type\":\"PropertyValueSpecification\",\"valueRequired\":true,\"valueName\":\"search_term_string\"}}],\"inLanguage\":\"pt-BR\"},{\"@type\":\"Person\",\"@id\":\"https:\\\/\\\/folhapopular.info\\\/#\\\/schema\\\/person\\\/6441c3adb14a6337552a9700ef5698d2\",\"name\":\"Paloma Cristine Griesang\",\"image\":{\"@type\":\"ImageObject\",\"inLanguage\":\"pt-BR\",\"@id\":\"https:\\\/\\\/secure.gravatar.com\\\/avatar\\\/7a1c3f1e1b05846882a13987cf3bd04239fe0ea8fd472d7d16d7f21c265005a5?s=96&d=mm&r=g\",\"url\":\"https:\\\/\\\/secure.gravatar.com\\\/avatar\\\/7a1c3f1e1b05846882a13987cf3bd04239fe0ea8fd472d7d16d7f21c265005a5?s=96&d=mm&r=g\",\"contentUrl\":\"https:\\\/\\\/secure.gravatar.com\\\/avatar\\\/7a1c3f1e1b05846882a13987cf3bd04239fe0ea8fd472d7d16d7f21c265005a5?s=96&d=mm&r=g\",\"caption\":\"Paloma Cristine Griesang\"},\"url\":\"https:\\\/\\\/folhapopular.info\\\/index.php\\\/author\\\/paloma-griesang\\\/\"}]}<\/script>\n<!-- \/ Yoast SEO plugin. -->","yoast_head_json":{"title":"Lu\u00edsa M\u00fcller, Amanda Bayer e Xaiane Miguel s\u00e3o as novas soberanas de Teut\u00f4nia - Folha Popular","robots":{"index":"index","follow":"follow","max-snippet":"max-snippet:-1","max-image-preview":"max-image-preview:large","max-video-preview":"max-video-preview:-1"},"canonical":"https:\/\/folhapopular.info\/index.php\/2023\/10\/13\/luisa-muller-amanda-bayer-e-xaiane-miguel-sao-as-novas-soberanas-de-teutonia\/","og_locale":"pt_BR","og_type":"article","og_title":"Lu\u00edsa M\u00fcller, Amanda Bayer e Xaiane Miguel s\u00e3o as novas soberanas de Teut\u00f4nia - Folha Popular","og_description":"Teut\u00f4nia conheceu na noite desta sexta-feira (13\/10) sua nova corte de soberanas. Foram 11 candidatas que participaram da disputa. E a coroa de rainha ficou com Lu\u00edsa M\u00fcller. Completam a corte a primeira princesa Amanda Francine Bayer e a segunda princesa Xaiane Cardoso Miguel.Elas assumem os lugares deixados por Fernanda Kolling (rainha), Kelly Hentges (primeira [&hellip;]","og_url":"https:\/\/folhapopular.info\/index.php\/2023\/10\/13\/luisa-muller-amanda-bayer-e-xaiane-miguel-sao-as-novas-soberanas-de-teutonia\/","og_site_name":"Folha Popular","article_published_time":"2023-10-14T02:42:29+00:00","article_modified_time":"2023-10-14T03:00:04+00:00","og_image":[{"width":1200,"height":900,"url":"http:\/\/folhapopular.info\/wp-content\/uploads\/2023\/10\/WhatsApp-Image-2023-10-13-at-23.40.44-e1697251337419.jpeg","type":"image\/jpeg"}],"author":"Paloma Cristine Griesang","twitter_card":"summary_large_image","twitter_misc":{"Escrito por":"Paloma Cristine Griesang","Est. tempo de leitura":"4 minutos"},"schema":{"@context":"https:\/\/schema.org","@graph":[{"@type":"Article","@id":"https:\/\/folhapopular.info\/index.php\/2023\/10\/13\/luisa-muller-amanda-bayer-e-xaiane-miguel-sao-as-novas-soberanas-de-teutonia\/#article","isPartOf":{"@id":"https:\/\/folhapopular.info\/index.php\/2023\/10\/13\/luisa-muller-amanda-bayer-e-xaiane-miguel-sao-as-novas-soberanas-de-teutonia\/"},"author":{"name":"Paloma Cristine Griesang","@id":"https:\/\/folhapopular.info\/#\/schema\/person\/6441c3adb14a6337552a9700ef5698d2"},"headline":"Lu\u00edsa M\u00fcller, Amanda Bayer e Xaiane Miguel s\u00e3o as novas soberanas de Teut\u00f4nia","datePublished":"2023-10-14T02:42:29+00:00","dateModified":"2023-10-14T03:00:04+00:00","mainEntityOfPage":{"@id":"https:\/\/folhapopular.info\/index.php\/2023\/10\/13\/luisa-muller-amanda-bayer-e-xaiane-miguel-sao-as-novas-soberanas-de-teutonia\/"},"wordCount":411,"commentCount":0,"image":{"@id":"https:\/\/folhapopular.info\/index.php\/2023\/10\/13\/luisa-muller-amanda-bayer-e-xaiane-miguel-sao-as-novas-soberanas-de-teutonia\/#primaryimage"},"thumbnailUrl":"https:\/\/folhapopular.info\/wp-content\/uploads\/2023\/10\/WhatsApp-Image-2023-10-13-at-23.40.44-e1697251337419.jpeg","articleSection":["Destaques","Inclusive"],"inLanguage":"pt-BR","potentialAction":[{"@type":"CommentAction","name":"Comment","target":["https:\/\/folhapopular.info\/index.php\/2023\/10\/13\/luisa-muller-amanda-bayer-e-xaiane-miguel-sao-as-novas-soberanas-de-teutonia\/#respond"]}]},{"@type":"WebPage","@id":"https:\/\/folhapopular.info\/index.php\/2023\/10\/13\/luisa-muller-amanda-bayer-e-xaiane-miguel-sao-as-novas-soberanas-de-teutonia\/","url":"https:\/\/folhapopular.info\/index.php\/2023\/10\/13\/luisa-muller-amanda-bayer-e-xaiane-miguel-sao-as-novas-soberanas-de-teutonia\/","name":"Lu\u00edsa M\u00fcller, Amanda Bayer e Xaiane Miguel s\u00e3o as novas soberanas de Teut\u00f4nia - Folha Popular","isPartOf":{"@id":"https:\/\/folhapopular.info\/#website"},"primaryImageOfPage":{"@id":"https:\/\/folhapopular.info\/index.php\/2023\/10\/13\/luisa-muller-amanda-bayer-e-xaiane-miguel-sao-as-novas-soberanas-de-teutonia\/#primaryimage"},"image":{"@id":"https:\/\/folhapopular.info\/index.php\/2023\/10\/13\/luisa-muller-amanda-bayer-e-xaiane-miguel-sao-as-novas-soberanas-de-teutonia\/#primaryimage"},"thumbnailUrl":"https:\/\/folhapopular.info\/wp-content\/uploads\/2023\/10\/WhatsApp-Image-2023-10-13-at-23.40.44-e1697251337419.jpeg","datePublished":"2023-10-14T02:42:29+00:00","dateModified":"2023-10-14T03:00:04+00:00","author":{"@id":"https:\/\/folhapopular.info\/#\/schema\/person\/6441c3adb14a6337552a9700ef5698d2"},"breadcrumb":{"@id":"https:\/\/folhapopular.info\/index.php\/2023\/10\/13\/luisa-muller-amanda-bayer-e-xaiane-miguel-sao-as-novas-soberanas-de-teutonia\/#breadcrumb"},"inLanguage":"pt-BR","potentialAction":[{"@type":"ReadAction","target":["https:\/\/folhapopular.info\/index.php\/2023\/10\/13\/luisa-muller-amanda-bayer-e-xaiane-miguel-sao-as-novas-soberanas-de-teutonia\/"]}]},{"@type":"ImageObject","inLanguage":"pt-BR","@id":"https:\/\/folhapopular.info\/index.php\/2023\/10\/13\/luisa-muller-amanda-bayer-e-xaiane-miguel-sao-as-novas-soberanas-de-teutonia\/#primaryimage","url":"https:\/\/folhapopular.info\/wp-content\/uploads\/2023\/10\/WhatsApp-Image-2023-10-13-at-23.40.44-e1697251337419.jpeg","contentUrl":"https:\/\/folhapopular.info\/wp-content\/uploads\/2023\/10\/WhatsApp-Image-2023-10-13-at-23.40.44-e1697251337419.jpeg","width":1200,"height":900,"caption":"Luisa M\u00fcller (c) \u00e9 a nova rainha, acompanhada pela primeira princesa Amanda Bayer (e) e a segunda princesa Xaiane Miguel (d) \/ Cr\u00e9dito da foto: Carla Beckmann"},{"@type":"BreadcrumbList","@id":"https:\/\/folhapopular.info\/index.php\/2023\/10\/13\/luisa-muller-amanda-bayer-e-xaiane-miguel-sao-as-novas-soberanas-de-teutonia\/#breadcrumb","itemListElement":[{"@type":"ListItem","position":1,"name":"In\u00edcio","item":"https:\/\/folhapopular.info\/"},{"@type":"ListItem","position":2,"name":"Lu\u00edsa M\u00fcller, Amanda Bayer e Xaiane Miguel s\u00e3o as novas soberanas de Teut\u00f4nia"}]},{"@type":"WebSite","@id":"https:\/\/folhapopular.info\/#website","url":"https:\/\/folhapopular.info\/","name":"Folha Popular","description":"Onde voc\u00ea tem vez e voz","potentialAction":[{"@type":"SearchAction","target":{"@type":"EntryPoint","urlTemplate":"https:\/\/folhapopular.info\/?s={search_term_string}"},"query-input":{"@type":"PropertyValueSpecification","valueRequired":true,"valueName":"search_term_string"}}],"inLanguage":"pt-BR"},{"@type":"Person","@id":"https:\/\/folhapopular.info\/#\/schema\/person\/6441c3adb14a6337552a9700ef5698d2","name":"Paloma Cristine Griesang","image":{"@type":"ImageObject","inLanguage":"pt-BR","@id":"https:\/\/secure.gravatar.com\/avatar\/7a1c3f1e1b05846882a13987cf3bd04239fe0ea8fd472d7d16d7f21c265005a5?s=96&d=mm&r=g","url":"https:\/\/secure.gravatar.com\/avatar\/7a1c3f1e1b05846882a13987cf3bd04239fe0ea8fd472d7d16d7f21c265005a5?s=96&d=mm&r=g","contentUrl":"https:\/\/secure.gravatar.com\/avatar\/7a1c3f1e1b05846882a13987cf3bd04239fe0ea8fd472d7d16d7f21c265005a5?s=96&d=mm&r=g","caption":"Paloma Cristine Griesang"},"url":"https:\/\/folhapopular.info\/index.php\/author\/paloma-griesang\/"}]}},"jetpack_featured_media_url":"https:\/\/folhapopular.info\/wp-content\/uploads\/2023\/10\/WhatsApp-Image-2023-10-13-at-23.40.44-e1697251337419.jpeg","jetpack_sharing_enabled":true,"amp_enabled":true,"_links":{"self":[{"href":"https:\/\/folhapopular.info\/index.php\/wp-json\/wp\/v2\/posts\/141648","targetHints":{"allow":["GET"]}}],"collection":[{"href":"https:\/\/folhapopular.info\/index.php\/wp-json\/wp\/v2\/posts"}],"about":[{"href":"https:\/\/folhapopular.info\/index.php\/wp-json\/wp\/v2\/types\/post"}],"author":[{"embeddable":true,"href":"https:\/\/folhapopular.info\/index.php\/wp-json\/wp\/v2\/users\/5"}],"replies":[{"embeddable":true,"href":"https:\/\/folhapopular.info\/index.php\/wp-json\/wp\/v2\/comments?post=141648"}],"version-history":[{"count":0,"href":"https:\/\/folhapopular.info\/index.php\/wp-json\/wp\/v2\/posts\/141648\/revisions"}],"wp:featuredmedia":[{"embeddable":true,"href":"https:\/\/folhapopular.info\/index.php\/wp-json\/wp\/v2\/media\/141657"}],"wp:attachment":[{"href":"https:\/\/folhapopular.info\/index.php\/wp-json\/wp\/v2\/media?parent=141648"}],"wp:term":[{"taxonomy":"category","embeddable":true,"href":"https:\/\/folhapopular.info\/index.php\/wp-json\/wp\/v2\/categories?post=141648"},{"taxonomy":"post_tag","embeddable":true,"href":"https:\/\/folhapopular.info\/index.php\/wp-json\/wp\/v2\/tags?post=141648"}],"curies":[{"name":"wp","href":"https:\/\/api.w.org\/{rel}","templated":true}]}}