{"id":141708,"date":"2023-10-15T15:47:08","date_gmt":"2023-10-15T18:47:08","guid":{"rendered":"https:\/\/folhapopular.info\/?p=141708"},"modified":"2023-10-15T15:47:11","modified_gmt":"2023-10-15T18:47:11","slug":"sao-luiz-vence-e-e-vice-lider-do-regional-de-veteranos","status":"publish","type":"post","link":"https:\/\/folhapopular.info\/index.php\/2023\/10\/15\/sao-luiz-vence-e-e-vice-lider-do-regional-de-veteranos\/","title":{"rendered":"S\u00e3o Luiz vence e \u00e9 vice-l\u00edder do Regional de Veteranos"},"content":{"rendered":"\n<p>O S\u00e3o Luiz de Santa Em\u00edlia &#8211; Ven\u00e2ncio Aires &#8211; venceu a primeira partida no Regional de Veteranos &#8211; Copa Certel Sicredi 2023. O S\u00e3o Luiz derrotou o Rudibar por 2 a 0, no Est\u00e1dio dos Eucaliptos, em Bom Retiro do Sul, e agora \u00e9 vice-l\u00edder da competi\u00e7\u00e3o com 5 pontos, dois atr\u00e1s do l\u00edder Canarinho.<\/p>\n\n\n\n<p>O atual campe\u00e3o Fluminense de Mato Leit\u00e3o segue sem vencer na edi\u00e7\u00e3o deste ano do Regional de Veteranos. O tricolor empatou o terceiro jogo, desta vez ficou no 1 a 1 com o S\u00e3o Jos\u00e9, em Taquari.<\/p>\n\n\n\n<p>No pr\u00f3ximo domingo (22\/10), a rodada ser\u00e1 espelhada, com a invers\u00e3o do mando de campo, com os mesmos enfrentamentos.<\/p>\n\n\n\n<figure class=\"wp-block-table is-style-stripes\"><table><tbody><tr><td colspan=\"6\"><strong>3\u00aa rodada &#8211; 8\/10 e 15\/10<\/strong><\/td><td><\/td><\/tr><tr><td><strong>Local<\/strong><\/td><td><\/td><td colspan=\"3\"><strong>Confronto<\/strong><\/td><td><\/td><td><\/td><\/tr><tr><td>Taquari<\/td><td>S\u00e3o Jos\u00e9<\/td><td>1<\/td><td>X<\/td><td>1<\/td><td>Fluminense<\/td><td>15\/10<\/td><\/tr><tr><td>Bom Retiro do Sul<\/td><td>Rudibar<\/td><td>0<\/td><td>X<\/td><td>2<\/td><td>S\u00e3o Luiz<\/td><td>15\/10<\/td><\/tr><tr><td>Lajeado<\/td><td>Penharol<\/td><td>0<\/td><td>X<\/td><td>1<\/td><td>Canarinho<\/td><td>8\/10<\/td><\/tr><\/tbody><\/table><\/figure>\n\n\n\n<h2 class=\"wp-block-heading\"><strong>Classifica\u00e7\u00e3o dos Veteranos<\/strong><\/h2>\n\n\n\n<figure class=\"wp-block-table is-style-stripes\"><table><tbody><tr><td><\/td><td><strong>EQUIPES<\/strong><\/td><td>PG<\/td><td>J<\/td><td>V<\/td><td>E<\/td><td>D<\/td><td>GP<\/td><td>GS<\/td><td>SG<\/td><td>%<\/td><\/tr><tr><td>1\u00ba<\/td><td>Canarinho<\/td><td>7<\/td><td>3<\/td><td>2<\/td><td>1<\/td><td>0<\/td><td>4<\/td><td>2<\/td><td>2<\/td><td>78<\/td><\/tr><tr><td>2\u00ba<\/td><td>S\u00e3o Luiz<\/td><td>5<\/td><td>3<\/td><td>1<\/td><td>2<\/td><td>0<\/td><td>4<\/td><td>2<\/td><td>2<\/td><td>56<\/td><\/tr><tr><td>3\u00ba<\/td><td>Penharol<\/td><td>4<\/td><td>3<\/td><td>1<\/td><td>1<\/td><td>1<\/td><td>2<\/td><td>1<\/td><td>1<\/td><td>44<\/td><\/tr><tr><td>4\u00ba<\/td><td>Fluminense<\/td><td>3<\/td><td>3<\/td><td>0<\/td><td>3<\/td><td>0<\/td><td>2<\/td><td>2<\/td><td>0<\/td><td>33<\/td><\/tr><tr><td>5\u00ba<\/td><td>S\u00e3o Jos\u00e9<\/td><td>2<\/td><td>3<\/td><td>0<\/td><td>2<\/td><td>1<\/td><td>2<\/td><td>4<\/td><td>-2<\/td><td>22<\/td><\/tr><tr><td>6\u00ba<\/td><td>Rudibar<\/td><td>1<\/td><td>3<\/td><td>0<\/td><td>1<\/td><td>2<\/td><td>2<\/td><td>5<\/td><td>-3<\/td><td>11<\/td><\/tr><\/tbody><\/table><\/figure>\n\n\n\n<figure class=\"wp-block-table is-style-stripes\"><table><tbody><tr><td colspan=\"6\"><strong>4\u00aa rodada &#8211; 22\/10<\/strong><\/td><\/tr><tr><td><strong>Local<\/strong><\/td><td><\/td><td><\/td><\/tr><tr><td>Mato Leit\u00e3o<\/td><td>Fluminense<\/td><td>X<\/td><td>S\u00e3o Jos\u00e9<\/td><\/tr><tr><td>Ven\u00e2ncio Aires<\/td><td>S\u00e3o Luiz<\/td><td>X<\/td><td>Rudibar<\/td><\/tr><tr><td>Cruzeiro do Sul<\/td><td>Canarinho<\/td><td>X<\/td><td>Penharol<\/td><\/tr><\/tbody><\/table><\/figure>\n","protected":false},"excerpt":{"rendered":"<p>O S\u00e3o Luiz de Santa Em\u00edlia &#8211; Ven\u00e2ncio Aires &#8211; venceu a primeira partida no Regional de Veteranos &#8211; Copa Certel Sicredi 2023. O S\u00e3o Luiz derrotou o Rudibar por 2 a 0, no Est\u00e1dio dos Eucaliptos, em Bom Retiro do Sul, e agora \u00e9 vice-l\u00edder da competi\u00e7\u00e3o com 5 pontos, dois atr\u00e1s do l\u00edder [&hellip;]<\/p>\n","protected":false},"author":7,"featured_media":89234,"comment_status":"open","ping_status":"open","sticky":false,"template":"","format":"standard","meta":{"pmpro_default_level":"","_jetpack_memberships_contains_paid_content":false,"footnotes":""},"categories":[5,240,288],"tags":[318,147,156],"class_list":{"0":"post-141708","1":"post","2":"type-post","3":"status-publish","4":"format-standard","5":"has-post-thumbnail","7":"category-esportes","8":"category-futebol-amador","9":"category-regional-da-aslivata","10":"tag-copa-certel-sicredi","11":"tag-futebol-amador","12":"tag-vale-do-taquari","13":"pmpro-has-access"},"yoast_head":"<!-- This site is optimized with the Yoast SEO plugin v27.5 - https:\/\/yoast.com\/product\/yoast-seo-wordpress\/ -->\n<title>S\u00e3o Luiz vence e \u00e9 vice-l\u00edder do Regional de Veteranos - Folha Popular<\/title>\n<meta name=\"robots\" content=\"index, follow, max-snippet:-1, max-image-preview:large, max-video-preview:-1\" \/>\n<link rel=\"canonical\" href=\"https:\/\/folhapopular.info\/index.php\/2023\/10\/15\/sao-luiz-vence-e-e-vice-lider-do-regional-de-veteranos\/\" \/>\n<meta property=\"og:locale\" content=\"pt_BR\" \/>\n<meta property=\"og:type\" content=\"article\" \/>\n<meta property=\"og:title\" content=\"S\u00e3o Luiz vence e \u00e9 vice-l\u00edder do Regional de Veteranos - Folha Popular\" \/>\n<meta property=\"og:description\" content=\"O S\u00e3o Luiz de Santa Em\u00edlia &#8211; Ven\u00e2ncio Aires &#8211; venceu a primeira partida no Regional de Veteranos &#8211; Copa Certel Sicredi 2023. O S\u00e3o Luiz derrotou o Rudibar por 2 a 0, no Est\u00e1dio dos Eucaliptos, em Bom Retiro do Sul, e agora \u00e9 vice-l\u00edder da competi\u00e7\u00e3o com 5 pontos, dois atr\u00e1s do l\u00edder [&hellip;]\" \/>\n<meta property=\"og:url\" content=\"https:\/\/folhapopular.info\/index.php\/2023\/10\/15\/sao-luiz-vence-e-e-vice-lider-do-regional-de-veteranos\/\" \/>\n<meta property=\"og:site_name\" content=\"Folha Popular\" \/>\n<meta property=\"article:published_time\" content=\"2023-10-15T18:47:08+00:00\" \/>\n<meta property=\"article:modified_time\" content=\"2023-10-15T18:47:11+00:00\" \/>\n<meta property=\"og:image\" content=\"http:\/\/folhapopular.info\/wp-content\/uploads\/2021\/09\/futebol-e1497908572695-696x414-1.jpg\" \/>\n\t<meta property=\"og:image:width\" content=\"696\" \/>\n\t<meta property=\"og:image:height\" content=\"414\" \/>\n\t<meta property=\"og:image:type\" content=\"image\/jpeg\" \/>\n<meta name=\"author\" content=\"Lucas Leandro Brune\" \/>\n<meta name=\"twitter:card\" content=\"summary_large_image\" \/>\n<meta name=\"twitter:label1\" content=\"Escrito por\" \/>\n\t<meta name=\"twitter:data1\" content=\"Lucas Leandro Brune\" \/>\n\t<meta name=\"twitter:label2\" content=\"Est. tempo de leitura\" \/>\n\t<meta name=\"twitter:data2\" content=\"2 minutos\" \/>\n<script type=\"application\/ld+json\" class=\"yoast-schema-graph\">{\"@context\":\"https:\\\/\\\/schema.org\",\"@graph\":[{\"@type\":\"Article\",\"@id\":\"https:\\\/\\\/folhapopular.info\\\/index.php\\\/2023\\\/10\\\/15\\\/sao-luiz-vence-e-e-vice-lider-do-regional-de-veteranos\\\/#article\",\"isPartOf\":{\"@id\":\"https:\\\/\\\/folhapopular.info\\\/index.php\\\/2023\\\/10\\\/15\\\/sao-luiz-vence-e-e-vice-lider-do-regional-de-veteranos\\\/\"},\"author\":{\"name\":\"Lucas Leandro Brune\",\"@id\":\"https:\\\/\\\/folhapopular.info\\\/#\\\/schema\\\/person\\\/533a15f60cd49e81ab3a90b4ca33cb36\"},\"headline\":\"S\u00e3o Luiz vence e \u00e9 vice-l\u00edder do Regional de Veteranos\",\"datePublished\":\"2023-10-15T18:47:08+00:00\",\"dateModified\":\"2023-10-15T18:47:11+00:00\",\"mainEntityOfPage\":{\"@id\":\"https:\\\/\\\/folhapopular.info\\\/index.php\\\/2023\\\/10\\\/15\\\/sao-luiz-vence-e-e-vice-lider-do-regional-de-veteranos\\\/\"},\"wordCount\":204,\"commentCount\":0,\"image\":{\"@id\":\"https:\\\/\\\/folhapopular.info\\\/index.php\\\/2023\\\/10\\\/15\\\/sao-luiz-vence-e-e-vice-lider-do-regional-de-veteranos\\\/#primaryimage\"},\"thumbnailUrl\":\"https:\\\/\\\/folhapopular.info\\\/wp-content\\\/uploads\\\/2021\\\/09\\\/futebol-e1497908572695-696x414-1.jpg\",\"keywords\":[\"Copa Certel Sicredi\",\"futebol amador\",\"Vale do Taquari\"],\"articleSection\":[\"Esportes\",\"Futebol Amador\",\"Regional da Aslivata\"],\"inLanguage\":\"pt-BR\",\"potentialAction\":[{\"@type\":\"CommentAction\",\"name\":\"Comment\",\"target\":[\"https:\\\/\\\/folhapopular.info\\\/index.php\\\/2023\\\/10\\\/15\\\/sao-luiz-vence-e-e-vice-lider-do-regional-de-veteranos\\\/#respond\"]}]},{\"@type\":\"WebPage\",\"@id\":\"https:\\\/\\\/folhapopular.info\\\/index.php\\\/2023\\\/10\\\/15\\\/sao-luiz-vence-e-e-vice-lider-do-regional-de-veteranos\\\/\",\"url\":\"https:\\\/\\\/folhapopular.info\\\/index.php\\\/2023\\\/10\\\/15\\\/sao-luiz-vence-e-e-vice-lider-do-regional-de-veteranos\\\/\",\"name\":\"S\u00e3o Luiz vence e \u00e9 vice-l\u00edder do Regional de Veteranos - Folha Popular\",\"isPartOf\":{\"@id\":\"https:\\\/\\\/folhapopular.info\\\/#website\"},\"primaryImageOfPage\":{\"@id\":\"https:\\\/\\\/folhapopular.info\\\/index.php\\\/2023\\\/10\\\/15\\\/sao-luiz-vence-e-e-vice-lider-do-regional-de-veteranos\\\/#primaryimage\"},\"image\":{\"@id\":\"https:\\\/\\\/folhapopular.info\\\/index.php\\\/2023\\\/10\\\/15\\\/sao-luiz-vence-e-e-vice-lider-do-regional-de-veteranos\\\/#primaryimage\"},\"thumbnailUrl\":\"https:\\\/\\\/folhapopular.info\\\/wp-content\\\/uploads\\\/2021\\\/09\\\/futebol-e1497908572695-696x414-1.jpg\",\"datePublished\":\"2023-10-15T18:47:08+00:00\",\"dateModified\":\"2023-10-15T18:47:11+00:00\",\"author\":{\"@id\":\"https:\\\/\\\/folhapopular.info\\\/#\\\/schema\\\/person\\\/533a15f60cd49e81ab3a90b4ca33cb36\"},\"breadcrumb\":{\"@id\":\"https:\\\/\\\/folhapopular.info\\\/index.php\\\/2023\\\/10\\\/15\\\/sao-luiz-vence-e-e-vice-lider-do-regional-de-veteranos\\\/#breadcrumb\"},\"inLanguage\":\"pt-BR\",\"potentialAction\":[{\"@type\":\"ReadAction\",\"target\":[\"https:\\\/\\\/folhapopular.info\\\/index.php\\\/2023\\\/10\\\/15\\\/sao-luiz-vence-e-e-vice-lider-do-regional-de-veteranos\\\/\"]}]},{\"@type\":\"ImageObject\",\"inLanguage\":\"pt-BR\",\"@id\":\"https:\\\/\\\/folhapopular.info\\\/index.php\\\/2023\\\/10\\\/15\\\/sao-luiz-vence-e-e-vice-lider-do-regional-de-veteranos\\\/#primaryimage\",\"url\":\"https:\\\/\\\/folhapopular.info\\\/wp-content\\\/uploads\\\/2021\\\/09\\\/futebol-e1497908572695-696x414-1.jpg\",\"contentUrl\":\"https:\\\/\\\/folhapopular.info\\\/wp-content\\\/uploads\\\/2021\\\/09\\\/futebol-e1497908572695-696x414-1.jpg\",\"width\":696,\"height\":414,\"caption\":\"Cr\u00e9dito: Divulga\u00e7\u00e3o\"},{\"@type\":\"BreadcrumbList\",\"@id\":\"https:\\\/\\\/folhapopular.info\\\/index.php\\\/2023\\\/10\\\/15\\\/sao-luiz-vence-e-e-vice-lider-do-regional-de-veteranos\\\/#breadcrumb\",\"itemListElement\":[{\"@type\":\"ListItem\",\"position\":1,\"name\":\"In\u00edcio\",\"item\":\"https:\\\/\\\/folhapopular.info\\\/\"},{\"@type\":\"ListItem\",\"position\":2,\"name\":\"S\u00e3o Luiz vence e \u00e9 vice-l\u00edder do Regional de Veteranos\"}]},{\"@type\":\"WebSite\",\"@id\":\"https:\\\/\\\/folhapopular.info\\\/#website\",\"url\":\"https:\\\/\\\/folhapopular.info\\\/\",\"name\":\"Folha Popular\",\"description\":\"Onde voc\u00ea tem vez e voz\",\"potentialAction\":[{\"@type\":\"SearchAction\",\"target\":{\"@type\":\"EntryPoint\",\"urlTemplate\":\"https:\\\/\\\/folhapopular.info\\\/?s={search_term_string}\"},\"query-input\":{\"@type\":\"PropertyValueSpecification\",\"valueRequired\":true,\"valueName\":\"search_term_string\"}}],\"inLanguage\":\"pt-BR\"},{\"@type\":\"Person\",\"@id\":\"https:\\\/\\\/folhapopular.info\\\/#\\\/schema\\\/person\\\/533a15f60cd49e81ab3a90b4ca33cb36\",\"name\":\"Lucas Leandro Brune\",\"image\":{\"@type\":\"ImageObject\",\"inLanguage\":\"pt-BR\",\"@id\":\"https:\\\/\\\/folhapopular.info\\\/wp-content\\\/uploads\\\/2026\\\/04\\\/LUCAS-1-1.webp\",\"url\":\"https:\\\/\\\/folhapopular.info\\\/wp-content\\\/uploads\\\/2026\\\/04\\\/LUCAS-1-1.webp\",\"contentUrl\":\"https:\\\/\\\/folhapopular.info\\\/wp-content\\\/uploads\\\/2026\\\/04\\\/LUCAS-1-1.webp\",\"caption\":\"Lucas Leandro Brune\"},\"description\":\"Jornalista Profissional Diplomado MTB\\\/RS 14.333\",\"url\":\"https:\\\/\\\/folhapopular.info\\\/index.php\\\/author\\\/lucas-brune\\\/\"}]}<\/script>\n<!-- \/ Yoast SEO plugin. -->","yoast_head_json":{"title":"S\u00e3o Luiz vence e \u00e9 vice-l\u00edder do Regional de Veteranos - Folha Popular","robots":{"index":"index","follow":"follow","max-snippet":"max-snippet:-1","max-image-preview":"max-image-preview:large","max-video-preview":"max-video-preview:-1"},"canonical":"https:\/\/folhapopular.info\/index.php\/2023\/10\/15\/sao-luiz-vence-e-e-vice-lider-do-regional-de-veteranos\/","og_locale":"pt_BR","og_type":"article","og_title":"S\u00e3o Luiz vence e \u00e9 vice-l\u00edder do Regional de Veteranos - Folha Popular","og_description":"O S\u00e3o Luiz de Santa Em\u00edlia &#8211; Ven\u00e2ncio Aires &#8211; venceu a primeira partida no Regional de Veteranos &#8211; Copa Certel Sicredi 2023. O S\u00e3o Luiz derrotou o Rudibar por 2 a 0, no Est\u00e1dio dos Eucaliptos, em Bom Retiro do Sul, e agora \u00e9 vice-l\u00edder da competi\u00e7\u00e3o com 5 pontos, dois atr\u00e1s do l\u00edder [&hellip;]","og_url":"https:\/\/folhapopular.info\/index.php\/2023\/10\/15\/sao-luiz-vence-e-e-vice-lider-do-regional-de-veteranos\/","og_site_name":"Folha Popular","article_published_time":"2023-10-15T18:47:08+00:00","article_modified_time":"2023-10-15T18:47:11+00:00","og_image":[{"width":696,"height":414,"url":"http:\/\/folhapopular.info\/wp-content\/uploads\/2021\/09\/futebol-e1497908572695-696x414-1.jpg","type":"image\/jpeg"}],"author":"Lucas Leandro Brune","twitter_card":"summary_large_image","twitter_misc":{"Escrito por":"Lucas Leandro Brune","Est. tempo de leitura":"2 minutos"},"schema":{"@context":"https:\/\/schema.org","@graph":[{"@type":"Article","@id":"https:\/\/folhapopular.info\/index.php\/2023\/10\/15\/sao-luiz-vence-e-e-vice-lider-do-regional-de-veteranos\/#article","isPartOf":{"@id":"https:\/\/folhapopular.info\/index.php\/2023\/10\/15\/sao-luiz-vence-e-e-vice-lider-do-regional-de-veteranos\/"},"author":{"name":"Lucas Leandro Brune","@id":"https:\/\/folhapopular.info\/#\/schema\/person\/533a15f60cd49e81ab3a90b4ca33cb36"},"headline":"S\u00e3o Luiz vence e \u00e9 vice-l\u00edder do Regional de Veteranos","datePublished":"2023-10-15T18:47:08+00:00","dateModified":"2023-10-15T18:47:11+00:00","mainEntityOfPage":{"@id":"https:\/\/folhapopular.info\/index.php\/2023\/10\/15\/sao-luiz-vence-e-e-vice-lider-do-regional-de-veteranos\/"},"wordCount":204,"commentCount":0,"image":{"@id":"https:\/\/folhapopular.info\/index.php\/2023\/10\/15\/sao-luiz-vence-e-e-vice-lider-do-regional-de-veteranos\/#primaryimage"},"thumbnailUrl":"https:\/\/folhapopular.info\/wp-content\/uploads\/2021\/09\/futebol-e1497908572695-696x414-1.jpg","keywords":["Copa Certel Sicredi","futebol amador","Vale do Taquari"],"articleSection":["Esportes","Futebol Amador","Regional da Aslivata"],"inLanguage":"pt-BR","potentialAction":[{"@type":"CommentAction","name":"Comment","target":["https:\/\/folhapopular.info\/index.php\/2023\/10\/15\/sao-luiz-vence-e-e-vice-lider-do-regional-de-veteranos\/#respond"]}]},{"@type":"WebPage","@id":"https:\/\/folhapopular.info\/index.php\/2023\/10\/15\/sao-luiz-vence-e-e-vice-lider-do-regional-de-veteranos\/","url":"https:\/\/folhapopular.info\/index.php\/2023\/10\/15\/sao-luiz-vence-e-e-vice-lider-do-regional-de-veteranos\/","name":"S\u00e3o Luiz vence e \u00e9 vice-l\u00edder do Regional de Veteranos - Folha Popular","isPartOf":{"@id":"https:\/\/folhapopular.info\/#website"},"primaryImageOfPage":{"@id":"https:\/\/folhapopular.info\/index.php\/2023\/10\/15\/sao-luiz-vence-e-e-vice-lider-do-regional-de-veteranos\/#primaryimage"},"image":{"@id":"https:\/\/folhapopular.info\/index.php\/2023\/10\/15\/sao-luiz-vence-e-e-vice-lider-do-regional-de-veteranos\/#primaryimage"},"thumbnailUrl":"https:\/\/folhapopular.info\/wp-content\/uploads\/2021\/09\/futebol-e1497908572695-696x414-1.jpg","datePublished":"2023-10-15T18:47:08+00:00","dateModified":"2023-10-15T18:47:11+00:00","author":{"@id":"https:\/\/folhapopular.info\/#\/schema\/person\/533a15f60cd49e81ab3a90b4ca33cb36"},"breadcrumb":{"@id":"https:\/\/folhapopular.info\/index.php\/2023\/10\/15\/sao-luiz-vence-e-e-vice-lider-do-regional-de-veteranos\/#breadcrumb"},"inLanguage":"pt-BR","potentialAction":[{"@type":"ReadAction","target":["https:\/\/folhapopular.info\/index.php\/2023\/10\/15\/sao-luiz-vence-e-e-vice-lider-do-regional-de-veteranos\/"]}]},{"@type":"ImageObject","inLanguage":"pt-BR","@id":"https:\/\/folhapopular.info\/index.php\/2023\/10\/15\/sao-luiz-vence-e-e-vice-lider-do-regional-de-veteranos\/#primaryimage","url":"https:\/\/folhapopular.info\/wp-content\/uploads\/2021\/09\/futebol-e1497908572695-696x414-1.jpg","contentUrl":"https:\/\/folhapopular.info\/wp-content\/uploads\/2021\/09\/futebol-e1497908572695-696x414-1.jpg","width":696,"height":414,"caption":"Cr\u00e9dito: Divulga\u00e7\u00e3o"},{"@type":"BreadcrumbList","@id":"https:\/\/folhapopular.info\/index.php\/2023\/10\/15\/sao-luiz-vence-e-e-vice-lider-do-regional-de-veteranos\/#breadcrumb","itemListElement":[{"@type":"ListItem","position":1,"name":"In\u00edcio","item":"https:\/\/folhapopular.info\/"},{"@type":"ListItem","position":2,"name":"S\u00e3o Luiz vence e \u00e9 vice-l\u00edder do Regional de Veteranos"}]},{"@type":"WebSite","@id":"https:\/\/folhapopular.info\/#website","url":"https:\/\/folhapopular.info\/","name":"Folha Popular","description":"Onde voc\u00ea tem vez e voz","potentialAction":[{"@type":"SearchAction","target":{"@type":"EntryPoint","urlTemplate":"https:\/\/folhapopular.info\/?s={search_term_string}"},"query-input":{"@type":"PropertyValueSpecification","valueRequired":true,"valueName":"search_term_string"}}],"inLanguage":"pt-BR"},{"@type":"Person","@id":"https:\/\/folhapopular.info\/#\/schema\/person\/533a15f60cd49e81ab3a90b4ca33cb36","name":"Lucas Leandro Brune","image":{"@type":"ImageObject","inLanguage":"pt-BR","@id":"https:\/\/folhapopular.info\/wp-content\/uploads\/2026\/04\/LUCAS-1-1.webp","url":"https:\/\/folhapopular.info\/wp-content\/uploads\/2026\/04\/LUCAS-1-1.webp","contentUrl":"https:\/\/folhapopular.info\/wp-content\/uploads\/2026\/04\/LUCAS-1-1.webp","caption":"Lucas Leandro Brune"},"description":"Jornalista Profissional Diplomado MTB\/RS 14.333","url":"https:\/\/folhapopular.info\/index.php\/author\/lucas-brune\/"}]}},"jetpack_featured_media_url":"https:\/\/folhapopular.info\/wp-content\/uploads\/2021\/09\/futebol-e1497908572695-696x414-1.jpg","jetpack_sharing_enabled":true,"amp_enabled":true,"_links":{"self":[{"href":"https:\/\/folhapopular.info\/index.php\/wp-json\/wp\/v2\/posts\/141708","targetHints":{"allow":["GET"]}}],"collection":[{"href":"https:\/\/folhapopular.info\/index.php\/wp-json\/wp\/v2\/posts"}],"about":[{"href":"https:\/\/folhapopular.info\/index.php\/wp-json\/wp\/v2\/types\/post"}],"author":[{"embeddable":true,"href":"https:\/\/folhapopular.info\/index.php\/wp-json\/wp\/v2\/users\/7"}],"replies":[{"embeddable":true,"href":"https:\/\/folhapopular.info\/index.php\/wp-json\/wp\/v2\/comments?post=141708"}],"version-history":[{"count":0,"href":"https:\/\/folhapopular.info\/index.php\/wp-json\/wp\/v2\/posts\/141708\/revisions"}],"wp:featuredmedia":[{"embeddable":true,"href":"https:\/\/folhapopular.info\/index.php\/wp-json\/wp\/v2\/media\/89234"}],"wp:attachment":[{"href":"https:\/\/folhapopular.info\/index.php\/wp-json\/wp\/v2\/media?parent=141708"}],"wp:term":[{"taxonomy":"category","embeddable":true,"href":"https:\/\/folhapopular.info\/index.php\/wp-json\/wp\/v2\/categories?post=141708"},{"taxonomy":"post_tag","embeddable":true,"href":"https:\/\/folhapopular.info\/index.php\/wp-json\/wp\/v2\/tags?post=141708"}],"curies":[{"name":"wp","href":"https:\/\/api.w.org\/{rel}","templated":true}]}}