{"id":141742,"date":"2023-10-16T08:22:00","date_gmt":"2023-10-16T11:22:00","guid":{"rendered":"https:\/\/folhapopular.info\/?p=141742"},"modified":"2023-10-16T08:22:55","modified_gmt":"2023-10-16T11:22:55","slug":"santa-flor-sf-summit-encerra-com-saldo-de-qualidade","status":"publish","type":"post","link":"https:\/\/folhapopular.info\/index.php\/2023\/10\/16\/santa-flor-sf-summit-encerra-com-saldo-de-qualidade\/","title":{"rendered":"Santa Flor + SF Summit encerra com saldo de qualidade"},"content":{"rendered":"\n<p>Receber bem os visitantes, oferecer boa infraestrutura e dispor de caracter\u00edsticas \u00fanicas foram prop\u00f3sitos alcan\u00e7ados pela comiss\u00e3o organizadora da Santa Flor + SF Summit 2023. O prefeito de Santa Clara do Sul, Paulo Kohlrausch, avaliou de forma positiva os cinco dias de evento, conclu\u00eddos neste domingo (15\/10). &#8220;Estamos muitos satisfeitos e felizes, porque dentro do que nos propomos e o que planejamos estamos executar com excel\u00eancia&#8221;, disse.<\/p>\n\n\n\n<p>O evento conseguiu integrar: eventos culturais com artistas regionais e estaduais, feira de neg\u00f3cios feitos por empresas e expositores de qualidade; eventos de debate e desenvolvimento de turismo, agroecologia e produ\u00e7\u00e3o de flores. &#8220;Conseguimos atingir bem esse objetivo&#8221;, avalia Kohrausch.<\/p>\n\n\n\n<p>A Santa Flor foi constru\u00edda para ser diferenciada. &#8220;A feira das flores precisa ter flores e cheiro de flores. Tivemos o cuidado de desenvolver um aromatizador espec\u00edfico com o cheiro da Santa Flor, inclusive sendo comercializado no evento. A feira ficou bonito, tudo aconteceu conforme gostar\u00edamos e estamos muito felizes&#8221;, complementa o prefeito.<\/p>\n\n\n\n<p>A feira estava centralizada no Parque de Eventos Broenstrup, mas havia a possibilidade de visitar os neg\u00f3cios espalhados pelas diferentes localidades do munic\u00edpio. &#8220;Nossos empreendimentos tur\u00edsticos est\u00e3o abertos para receber o p\u00fablico que veio e resolve fazer um tour. <\/p>\n\n\n\n<h2 class=\"wp-block-heading\"><strong>P\u00fablico bem atendido<\/strong><\/h2>\n\n\n\n<p>Quando se fala em expectativa de p\u00fablico em eventos desta envergadura, geralmente fala-se em n\u00famero de pessoas presentes. &#8220;Nossa expectativa n\u00e3o era baseada na quantidade &#8211; se vai ter 40, 50 ou 60 mil pessoas &#8211; mas, quem vier se sinta acolhido, bem recebido, em ambiente agrad\u00e1vel e pensem em retornar. N\u00f3s queremos proporcionar momentos para constru\u00e7\u00e3o de mem\u00f3rias positivas, que tenham experi\u00eancias que aumentem seu n\u00edvel de felicidade&#8221;, sustenta Paulo Kohlrausch.<\/p>\n\n\n\n<p>Mesmo com o olhar voltado para a qualidade do evento e do atendimento, at\u00e9 s\u00e1bado j\u00e1 tinham passado mais de 30 mil pessoas pela Santa Flor. Isto que houve o tempo chuvoso na quarta-feira \u00e0 noite, quinta-feira e sexta-feira. A ideia foi propagar o conceito &#8220;Vem ser feliz em Santa Clara&#8221; e o evento tamb\u00e9m gera visibilidade para a cidade tamb\u00e9m para atrair investimentos.<\/p>\n\n\n\n<div class=\"wp-block-jetpack-slideshow aligncenter\" data-effect=\"slide\"><div class=\"wp-block-jetpack-slideshow_container swiper-container\"><ul class=\"wp-block-jetpack-slideshow_swiper-wrapper swiper-wrapper\"><li class=\"wp-block-jetpack-slideshow_slide swiper-slide\"><figure><img loading=\"lazy\" decoding=\"async\" width=\"1024\" height=\"768\" alt=\"\" class=\"wp-block-jetpack-slideshow_image wp-image-141746\" data-id=\"141746\" src=\"https:\/\/folhapopular.info\/wp-content\/uploads\/2023\/10\/WhatsApp-Image-2023-10-16-at-08.03.13.jpeg\" srcset=\"https:\/\/folhapopular.info\/wp-content\/uploads\/2023\/10\/WhatsApp-Image-2023-10-16-at-08.03.13.jpeg 1024w, https:\/\/folhapopular.info\/wp-content\/uploads\/2023\/10\/WhatsApp-Image-2023-10-16-at-08.03.13-300x225.jpeg 300w, https:\/\/folhapopular.info\/wp-content\/uploads\/2023\/10\/WhatsApp-Image-2023-10-16-at-08.03.13-768x576.jpeg 768w, https:\/\/folhapopular.info\/wp-content\/uploads\/2023\/10\/WhatsApp-Image-2023-10-16-at-08.03.13-696x522.jpeg 696w\" sizes=\"(max-width: 1024px) 100vw, 1024px\" \/><figcaption class=\"wp-block-jetpack-slideshow_caption gallery-caption\">Prefeito Paulo Kohlrausch e a primeira-dama e secret\u00e1ria de Sa\u00fade e Assist\u00eancia Social, Iara Kohlrausch \/\/ Cr\u00e9dito: Lucas Leandro Brune<\/figcaption><\/figure><\/li><li class=\"wp-block-jetpack-slideshow_slide swiper-slide\"><figure><img loading=\"lazy\" decoding=\"async\" width=\"1024\" height=\"768\" alt=\"\" class=\"wp-block-jetpack-slideshow_image wp-image-141745\" data-id=\"141745\" src=\"https:\/\/folhapopular.info\/wp-content\/uploads\/2023\/10\/WhatsApp-Image-2023-10-16-at-08.03.13-2.jpeg\" srcset=\"https:\/\/folhapopular.info\/wp-content\/uploads\/2023\/10\/WhatsApp-Image-2023-10-16-at-08.03.13-2.jpeg 1024w, https:\/\/folhapopular.info\/wp-content\/uploads\/2023\/10\/WhatsApp-Image-2023-10-16-at-08.03.13-2-300x225.jpeg 300w, https:\/\/folhapopular.info\/wp-content\/uploads\/2023\/10\/WhatsApp-Image-2023-10-16-at-08.03.13-2-768x576.jpeg 768w, https:\/\/folhapopular.info\/wp-content\/uploads\/2023\/10\/WhatsApp-Image-2023-10-16-at-08.03.13-2-696x522.jpeg 696w\" sizes=\"(max-width: 1024px) 100vw, 1024px\" \/><figcaption class=\"wp-block-jetpack-slideshow_caption gallery-caption\">P\u00fablico p\u00f4de visitar os estandes e conhecer a produ\u00e7\u00e3o de flores \/\/ Cr\u00e9dito: Lucas Leandro Brune<\/figcaption><\/figure><\/li><li class=\"wp-block-jetpack-slideshow_slide swiper-slide\"><figure><img loading=\"lazy\" decoding=\"async\" width=\"1024\" height=\"768\" alt=\"\" class=\"wp-block-jetpack-slideshow_image wp-image-141748\" data-id=\"141748\" src=\"https:\/\/folhapopular.info\/wp-content\/uploads\/2023\/10\/WhatsApp-Image-2023-10-15-at-22.14.55-3.jpeg\" srcset=\"https:\/\/folhapopular.info\/wp-content\/uploads\/2023\/10\/WhatsApp-Image-2023-10-15-at-22.14.55-3.jpeg 1024w, https:\/\/folhapopular.info\/wp-content\/uploads\/2023\/10\/WhatsApp-Image-2023-10-15-at-22.14.55-3-300x225.jpeg 300w, https:\/\/folhapopular.info\/wp-content\/uploads\/2023\/10\/WhatsApp-Image-2023-10-15-at-22.14.55-3-768x576.jpeg 768w, https:\/\/folhapopular.info\/wp-content\/uploads\/2023\/10\/WhatsApp-Image-2023-10-15-at-22.14.55-3-696x522.jpeg 696w\" sizes=\"(max-width: 1024px) 100vw, 1024px\" \/><figcaption class=\"wp-block-jetpack-slideshow_caption gallery-caption\">Flores embelezaram e deram o cheiro especial \u00e0 Santa Flor + SF Summit \/\/ Cr\u00e9dito: Luciana Brune<\/figcaption><\/figure><\/li><li class=\"wp-block-jetpack-slideshow_slide swiper-slide\"><figure><img loading=\"lazy\" decoding=\"async\" width=\"1024\" height=\"768\" alt=\"\" class=\"wp-block-jetpack-slideshow_image wp-image-141749\" data-id=\"141749\" src=\"https:\/\/folhapopular.info\/wp-content\/uploads\/2023\/10\/WhatsApp-Image-2023-10-15-at-22.14.55-2.jpeg\" srcset=\"https:\/\/folhapopular.info\/wp-content\/uploads\/2023\/10\/WhatsApp-Image-2023-10-15-at-22.14.55-2.jpeg 1024w, https:\/\/folhapopular.info\/wp-content\/uploads\/2023\/10\/WhatsApp-Image-2023-10-15-at-22.14.55-2-300x225.jpeg 300w, https:\/\/folhapopular.info\/wp-content\/uploads\/2023\/10\/WhatsApp-Image-2023-10-15-at-22.14.55-2-768x576.jpeg 768w, https:\/\/folhapopular.info\/wp-content\/uploads\/2023\/10\/WhatsApp-Image-2023-10-15-at-22.14.55-2-696x522.jpeg 696w\" sizes=\"(max-width: 1024px) 100vw, 1024px\" \/><figcaption class=\"wp-block-jetpack-slideshow_caption gallery-caption\">Espa\u00e7o da Agricultura Familiar comercializou produtos de agroind\u00fastrias da regi\u00e3o \/\/ Cr\u00e9dito: Luciana Brune<\/figcaption><\/figure><\/li><li class=\"wp-block-jetpack-slideshow_slide swiper-slide\"><figure><img loading=\"lazy\" decoding=\"async\" width=\"1024\" height=\"768\" alt=\"\" class=\"wp-block-jetpack-slideshow_image wp-image-141750\" data-id=\"141750\" src=\"https:\/\/folhapopular.info\/wp-content\/uploads\/2023\/10\/WhatsApp-Image-2023-10-15-at-22.14.55.jpeg\" srcset=\"https:\/\/folhapopular.info\/wp-content\/uploads\/2023\/10\/WhatsApp-Image-2023-10-15-at-22.14.55.jpeg 1024w, https:\/\/folhapopular.info\/wp-content\/uploads\/2023\/10\/WhatsApp-Image-2023-10-15-at-22.14.55-300x225.jpeg 300w, https:\/\/folhapopular.info\/wp-content\/uploads\/2023\/10\/WhatsApp-Image-2023-10-15-at-22.14.55-768x576.jpeg 768w, https:\/\/folhapopular.info\/wp-content\/uploads\/2023\/10\/WhatsApp-Image-2023-10-15-at-22.14.55-696x522.jpeg 696w\" sizes=\"(max-width: 1024px) 100vw, 1024px\" \/><figcaption class=\"wp-block-jetpack-slideshow_caption gallery-caption\">Flores embelezaram e deram o cheiro especial \u00e0 Santa Flor + SF Summit \/\/ Cr\u00e9dito: Luciana Brune<\/figcaption><\/figure><\/li><li class=\"wp-block-jetpack-slideshow_slide swiper-slide\"><figure><img loading=\"lazy\" decoding=\"async\" width=\"1024\" height=\"768\" alt=\"\" class=\"wp-block-jetpack-slideshow_image wp-image-141751\" data-id=\"141751\" src=\"https:\/\/folhapopular.info\/wp-content\/uploads\/2023\/10\/WhatsApp-Image-2023-10-15-at-22.14.55-5.jpeg\" srcset=\"https:\/\/folhapopular.info\/wp-content\/uploads\/2023\/10\/WhatsApp-Image-2023-10-15-at-22.14.55-5.jpeg 1024w, https:\/\/folhapopular.info\/wp-content\/uploads\/2023\/10\/WhatsApp-Image-2023-10-15-at-22.14.55-5-300x225.jpeg 300w, https:\/\/folhapopular.info\/wp-content\/uploads\/2023\/10\/WhatsApp-Image-2023-10-15-at-22.14.55-5-768x576.jpeg 768w, https:\/\/folhapopular.info\/wp-content\/uploads\/2023\/10\/WhatsApp-Image-2023-10-15-at-22.14.55-5-696x522.jpeg 696w\" sizes=\"(max-width: 1024px) 100vw, 1024px\" \/><figcaption class=\"wp-block-jetpack-slideshow_caption gallery-caption\">Espa\u00e7o da Agricultura Familiar comercializou produtos de agroind\u00fastrias da regi\u00e3o \/\/ Cr\u00e9dito: Luciana Brune<\/figcaption><\/figure><\/li><\/ul><a class=\"wp-block-jetpack-slideshow_button-prev swiper-button-prev swiper-button-white\" role=\"button\"><\/a><a class=\"wp-block-jetpack-slideshow_button-next swiper-button-next swiper-button-white\" role=\"button\"><\/a><a aria-label=\"Pause Slideshow\" class=\"wp-block-jetpack-slideshow_button-pause\" role=\"button\"><\/a><div class=\"wp-block-jetpack-slideshow_pagination swiper-pagination swiper-pagination-white\"><\/div><\/div><\/div>\n","protected":false},"excerpt":{"rendered":"<p>Receber bem os visitantes, oferecer boa infraestrutura e dispor de caracter\u00edsticas \u00fanicas foram prop\u00f3sitos alcan\u00e7ados pela comiss\u00e3o organizadora da Santa Flor + SF Summit 2023. O prefeito de Santa Clara do Sul, Paulo Kohlrausch, avaliou de forma positiva os cinco dias de evento, conclu\u00eddos neste domingo (15\/10). &#8220;Estamos muitos satisfeitos e felizes, porque dentro do [&hellip;]<\/p>\n","protected":false},"author":7,"featured_media":141747,"comment_status":"open","ping_status":"open","sticky":false,"template":"","format":"standard","meta":{"pmpro_default_level":"","_jetpack_memberships_contains_paid_content":false,"footnotes":""},"categories":[2,10991,10999,6,11000],"tags":[3040,156],"class_list":{"0":"post-141742","1":"post","2":"type-post","3":"status-publish","4":"format-standard","5":"has-post-thumbnail","7":"category-featured","8":"category-economia","9":"category-entretenimento","10":"category-inclusive","11":"category-turismo","12":"tag-santa-clara-do-sul","13":"tag-vale-do-taquari","14":"pmpro-has-access"},"yoast_head":"<!-- This site is optimized with the Yoast SEO plugin v27.5 - https:\/\/yoast.com\/product\/yoast-seo-wordpress\/ -->\n<title>Santa Flor + SF Summit encerra com saldo de qualidade - Folha Popular<\/title>\n<meta name=\"robots\" content=\"index, follow, max-snippet:-1, max-image-preview:large, max-video-preview:-1\" \/>\n<link rel=\"canonical\" href=\"https:\/\/folhapopular.info\/index.php\/2023\/10\/16\/santa-flor-sf-summit-encerra-com-saldo-de-qualidade\/\" \/>\n<meta property=\"og:locale\" content=\"pt_BR\" \/>\n<meta property=\"og:type\" content=\"article\" \/>\n<meta property=\"og:title\" content=\"Santa Flor + SF Summit encerra com saldo de qualidade - Folha Popular\" \/>\n<meta property=\"og:description\" content=\"Receber bem os visitantes, oferecer boa infraestrutura e dispor de caracter\u00edsticas \u00fanicas foram prop\u00f3sitos alcan\u00e7ados pela comiss\u00e3o organizadora da Santa Flor + SF Summit 2023. O prefeito de Santa Clara do Sul, Paulo Kohlrausch, avaliou de forma positiva os cinco dias de evento, conclu\u00eddos neste domingo (15\/10). &#8220;Estamos muitos satisfeitos e felizes, porque dentro do [&hellip;]\" \/>\n<meta property=\"og:url\" content=\"https:\/\/folhapopular.info\/index.php\/2023\/10\/16\/santa-flor-sf-summit-encerra-com-saldo-de-qualidade\/\" \/>\n<meta property=\"og:site_name\" content=\"Folha Popular\" \/>\n<meta property=\"article:published_time\" content=\"2023-10-16T11:22:00+00:00\" \/>\n<meta property=\"article:modified_time\" content=\"2023-10-16T11:22:55+00:00\" \/>\n<meta property=\"og:image\" content=\"http:\/\/folhapopular.info\/wp-content\/uploads\/2023\/10\/WhatsApp-Image-2023-10-15-at-22.14.55-4.jpeg\" \/>\n\t<meta property=\"og:image:width\" content=\"1024\" \/>\n\t<meta property=\"og:image:height\" content=\"768\" \/>\n\t<meta property=\"og:image:type\" content=\"image\/jpeg\" \/>\n<meta name=\"author\" content=\"Lucas Leandro Brune\" \/>\n<meta name=\"twitter:card\" content=\"summary_large_image\" \/>\n<meta name=\"twitter:label1\" content=\"Escrito por\" \/>\n\t<meta name=\"twitter:data1\" content=\"Lucas Leandro Brune\" \/>\n\t<meta name=\"twitter:label2\" content=\"Est. tempo de leitura\" \/>\n\t<meta name=\"twitter:data2\" content=\"4 minutos\" \/>\n<script type=\"application\/ld+json\" class=\"yoast-schema-graph\">{\"@context\":\"https:\\\/\\\/schema.org\",\"@graph\":[{\"@type\":\"Article\",\"@id\":\"https:\\\/\\\/folhapopular.info\\\/index.php\\\/2023\\\/10\\\/16\\\/santa-flor-sf-summit-encerra-com-saldo-de-qualidade\\\/#article\",\"isPartOf\":{\"@id\":\"https:\\\/\\\/folhapopular.info\\\/index.php\\\/2023\\\/10\\\/16\\\/santa-flor-sf-summit-encerra-com-saldo-de-qualidade\\\/\"},\"author\":{\"name\":\"Lucas Leandro Brune\",\"@id\":\"https:\\\/\\\/folhapopular.info\\\/#\\\/schema\\\/person\\\/533a15f60cd49e81ab3a90b4ca33cb36\"},\"headline\":\"Santa Flor + SF Summit encerra com saldo de qualidade\",\"datePublished\":\"2023-10-16T11:22:00+00:00\",\"dateModified\":\"2023-10-16T11:22:55+00:00\",\"mainEntityOfPage\":{\"@id\":\"https:\\\/\\\/folhapopular.info\\\/index.php\\\/2023\\\/10\\\/16\\\/santa-flor-sf-summit-encerra-com-saldo-de-qualidade\\\/\"},\"wordCount\":474,\"commentCount\":0,\"image\":{\"@id\":\"https:\\\/\\\/folhapopular.info\\\/index.php\\\/2023\\\/10\\\/16\\\/santa-flor-sf-summit-encerra-com-saldo-de-qualidade\\\/#primaryimage\"},\"thumbnailUrl\":\"https:\\\/\\\/folhapopular.info\\\/wp-content\\\/uploads\\\/2023\\\/10\\\/WhatsApp-Image-2023-10-15-at-22.14.55-4.jpeg\",\"keywords\":[\"Santa Clara do Sul\",\"Vale do Taquari\"],\"articleSection\":[\"Destaques\",\"Economia\",\"Entretenimento\",\"Inclusive\",\"Turismo\"],\"inLanguage\":\"pt-BR\",\"potentialAction\":[{\"@type\":\"CommentAction\",\"name\":\"Comment\",\"target\":[\"https:\\\/\\\/folhapopular.info\\\/index.php\\\/2023\\\/10\\\/16\\\/santa-flor-sf-summit-encerra-com-saldo-de-qualidade\\\/#respond\"]}]},{\"@type\":\"WebPage\",\"@id\":\"https:\\\/\\\/folhapopular.info\\\/index.php\\\/2023\\\/10\\\/16\\\/santa-flor-sf-summit-encerra-com-saldo-de-qualidade\\\/\",\"url\":\"https:\\\/\\\/folhapopular.info\\\/index.php\\\/2023\\\/10\\\/16\\\/santa-flor-sf-summit-encerra-com-saldo-de-qualidade\\\/\",\"name\":\"Santa Flor + SF Summit encerra com saldo de qualidade - Folha Popular\",\"isPartOf\":{\"@id\":\"https:\\\/\\\/folhapopular.info\\\/#website\"},\"primaryImageOfPage\":{\"@id\":\"https:\\\/\\\/folhapopular.info\\\/index.php\\\/2023\\\/10\\\/16\\\/santa-flor-sf-summit-encerra-com-saldo-de-qualidade\\\/#primaryimage\"},\"image\":{\"@id\":\"https:\\\/\\\/folhapopular.info\\\/index.php\\\/2023\\\/10\\\/16\\\/santa-flor-sf-summit-encerra-com-saldo-de-qualidade\\\/#primaryimage\"},\"thumbnailUrl\":\"https:\\\/\\\/folhapopular.info\\\/wp-content\\\/uploads\\\/2023\\\/10\\\/WhatsApp-Image-2023-10-15-at-22.14.55-4.jpeg\",\"datePublished\":\"2023-10-16T11:22:00+00:00\",\"dateModified\":\"2023-10-16T11:22:55+00:00\",\"author\":{\"@id\":\"https:\\\/\\\/folhapopular.info\\\/#\\\/schema\\\/person\\\/533a15f60cd49e81ab3a90b4ca33cb36\"},\"breadcrumb\":{\"@id\":\"https:\\\/\\\/folhapopular.info\\\/index.php\\\/2023\\\/10\\\/16\\\/santa-flor-sf-summit-encerra-com-saldo-de-qualidade\\\/#breadcrumb\"},\"inLanguage\":\"pt-BR\",\"potentialAction\":[{\"@type\":\"ReadAction\",\"target\":[\"https:\\\/\\\/folhapopular.info\\\/index.php\\\/2023\\\/10\\\/16\\\/santa-flor-sf-summit-encerra-com-saldo-de-qualidade\\\/\"]}]},{\"@type\":\"ImageObject\",\"inLanguage\":\"pt-BR\",\"@id\":\"https:\\\/\\\/folhapopular.info\\\/index.php\\\/2023\\\/10\\\/16\\\/santa-flor-sf-summit-encerra-com-saldo-de-qualidade\\\/#primaryimage\",\"url\":\"https:\\\/\\\/folhapopular.info\\\/wp-content\\\/uploads\\\/2023\\\/10\\\/WhatsApp-Image-2023-10-15-at-22.14.55-4.jpeg\",\"contentUrl\":\"https:\\\/\\\/folhapopular.info\\\/wp-content\\\/uploads\\\/2023\\\/10\\\/WhatsApp-Image-2023-10-15-at-22.14.55-4.jpeg\",\"width\":1024,\"height\":768,\"caption\":\"Santa Clara do Sul recebeu o p\u00fablico de 11 a 15 de outubro \\\/\\\/ Cr\u00e9dito: Luciana Brune\"},{\"@type\":\"BreadcrumbList\",\"@id\":\"https:\\\/\\\/folhapopular.info\\\/index.php\\\/2023\\\/10\\\/16\\\/santa-flor-sf-summit-encerra-com-saldo-de-qualidade\\\/#breadcrumb\",\"itemListElement\":[{\"@type\":\"ListItem\",\"position\":1,\"name\":\"In\u00edcio\",\"item\":\"https:\\\/\\\/folhapopular.info\\\/\"},{\"@type\":\"ListItem\",\"position\":2,\"name\":\"Santa Flor + SF Summit encerra com saldo de qualidade\"}]},{\"@type\":\"WebSite\",\"@id\":\"https:\\\/\\\/folhapopular.info\\\/#website\",\"url\":\"https:\\\/\\\/folhapopular.info\\\/\",\"name\":\"Folha Popular\",\"description\":\"Onde voc\u00ea tem vez e voz\",\"potentialAction\":[{\"@type\":\"SearchAction\",\"target\":{\"@type\":\"EntryPoint\",\"urlTemplate\":\"https:\\\/\\\/folhapopular.info\\\/?s={search_term_string}\"},\"query-input\":{\"@type\":\"PropertyValueSpecification\",\"valueRequired\":true,\"valueName\":\"search_term_string\"}}],\"inLanguage\":\"pt-BR\"},{\"@type\":\"Person\",\"@id\":\"https:\\\/\\\/folhapopular.info\\\/#\\\/schema\\\/person\\\/533a15f60cd49e81ab3a90b4ca33cb36\",\"name\":\"Lucas Leandro Brune\",\"image\":{\"@type\":\"ImageObject\",\"inLanguage\":\"pt-BR\",\"@id\":\"https:\\\/\\\/folhapopular.info\\\/wp-content\\\/uploads\\\/2026\\\/04\\\/LUCAS-1-1.webp\",\"url\":\"https:\\\/\\\/folhapopular.info\\\/wp-content\\\/uploads\\\/2026\\\/04\\\/LUCAS-1-1.webp\",\"contentUrl\":\"https:\\\/\\\/folhapopular.info\\\/wp-content\\\/uploads\\\/2026\\\/04\\\/LUCAS-1-1.webp\",\"caption\":\"Lucas Leandro Brune\"},\"description\":\"Jornalista Profissional Diplomado MTB\\\/RS 14.333\",\"url\":\"https:\\\/\\\/folhapopular.info\\\/index.php\\\/author\\\/lucas-brune\\\/\"}]}<\/script>\n<!-- \/ Yoast SEO plugin. -->","yoast_head_json":{"title":"Santa Flor + SF Summit encerra com saldo de qualidade - Folha Popular","robots":{"index":"index","follow":"follow","max-snippet":"max-snippet:-1","max-image-preview":"max-image-preview:large","max-video-preview":"max-video-preview:-1"},"canonical":"https:\/\/folhapopular.info\/index.php\/2023\/10\/16\/santa-flor-sf-summit-encerra-com-saldo-de-qualidade\/","og_locale":"pt_BR","og_type":"article","og_title":"Santa Flor + SF Summit encerra com saldo de qualidade - Folha Popular","og_description":"Receber bem os visitantes, oferecer boa infraestrutura e dispor de caracter\u00edsticas \u00fanicas foram prop\u00f3sitos alcan\u00e7ados pela comiss\u00e3o organizadora da Santa Flor + SF Summit 2023. O prefeito de Santa Clara do Sul, Paulo Kohlrausch, avaliou de forma positiva os cinco dias de evento, conclu\u00eddos neste domingo (15\/10). &#8220;Estamos muitos satisfeitos e felizes, porque dentro do [&hellip;]","og_url":"https:\/\/folhapopular.info\/index.php\/2023\/10\/16\/santa-flor-sf-summit-encerra-com-saldo-de-qualidade\/","og_site_name":"Folha Popular","article_published_time":"2023-10-16T11:22:00+00:00","article_modified_time":"2023-10-16T11:22:55+00:00","og_image":[{"width":1024,"height":768,"url":"http:\/\/folhapopular.info\/wp-content\/uploads\/2023\/10\/WhatsApp-Image-2023-10-15-at-22.14.55-4.jpeg","type":"image\/jpeg"}],"author":"Lucas Leandro Brune","twitter_card":"summary_large_image","twitter_misc":{"Escrito por":"Lucas Leandro Brune","Est. tempo de leitura":"4 minutos"},"schema":{"@context":"https:\/\/schema.org","@graph":[{"@type":"Article","@id":"https:\/\/folhapopular.info\/index.php\/2023\/10\/16\/santa-flor-sf-summit-encerra-com-saldo-de-qualidade\/#article","isPartOf":{"@id":"https:\/\/folhapopular.info\/index.php\/2023\/10\/16\/santa-flor-sf-summit-encerra-com-saldo-de-qualidade\/"},"author":{"name":"Lucas Leandro Brune","@id":"https:\/\/folhapopular.info\/#\/schema\/person\/533a15f60cd49e81ab3a90b4ca33cb36"},"headline":"Santa Flor + SF Summit encerra com saldo de qualidade","datePublished":"2023-10-16T11:22:00+00:00","dateModified":"2023-10-16T11:22:55+00:00","mainEntityOfPage":{"@id":"https:\/\/folhapopular.info\/index.php\/2023\/10\/16\/santa-flor-sf-summit-encerra-com-saldo-de-qualidade\/"},"wordCount":474,"commentCount":0,"image":{"@id":"https:\/\/folhapopular.info\/index.php\/2023\/10\/16\/santa-flor-sf-summit-encerra-com-saldo-de-qualidade\/#primaryimage"},"thumbnailUrl":"https:\/\/folhapopular.info\/wp-content\/uploads\/2023\/10\/WhatsApp-Image-2023-10-15-at-22.14.55-4.jpeg","keywords":["Santa Clara do Sul","Vale do Taquari"],"articleSection":["Destaques","Economia","Entretenimento","Inclusive","Turismo"],"inLanguage":"pt-BR","potentialAction":[{"@type":"CommentAction","name":"Comment","target":["https:\/\/folhapopular.info\/index.php\/2023\/10\/16\/santa-flor-sf-summit-encerra-com-saldo-de-qualidade\/#respond"]}]},{"@type":"WebPage","@id":"https:\/\/folhapopular.info\/index.php\/2023\/10\/16\/santa-flor-sf-summit-encerra-com-saldo-de-qualidade\/","url":"https:\/\/folhapopular.info\/index.php\/2023\/10\/16\/santa-flor-sf-summit-encerra-com-saldo-de-qualidade\/","name":"Santa Flor + SF Summit encerra com saldo de qualidade - Folha Popular","isPartOf":{"@id":"https:\/\/folhapopular.info\/#website"},"primaryImageOfPage":{"@id":"https:\/\/folhapopular.info\/index.php\/2023\/10\/16\/santa-flor-sf-summit-encerra-com-saldo-de-qualidade\/#primaryimage"},"image":{"@id":"https:\/\/folhapopular.info\/index.php\/2023\/10\/16\/santa-flor-sf-summit-encerra-com-saldo-de-qualidade\/#primaryimage"},"thumbnailUrl":"https:\/\/folhapopular.info\/wp-content\/uploads\/2023\/10\/WhatsApp-Image-2023-10-15-at-22.14.55-4.jpeg","datePublished":"2023-10-16T11:22:00+00:00","dateModified":"2023-10-16T11:22:55+00:00","author":{"@id":"https:\/\/folhapopular.info\/#\/schema\/person\/533a15f60cd49e81ab3a90b4ca33cb36"},"breadcrumb":{"@id":"https:\/\/folhapopular.info\/index.php\/2023\/10\/16\/santa-flor-sf-summit-encerra-com-saldo-de-qualidade\/#breadcrumb"},"inLanguage":"pt-BR","potentialAction":[{"@type":"ReadAction","target":["https:\/\/folhapopular.info\/index.php\/2023\/10\/16\/santa-flor-sf-summit-encerra-com-saldo-de-qualidade\/"]}]},{"@type":"ImageObject","inLanguage":"pt-BR","@id":"https:\/\/folhapopular.info\/index.php\/2023\/10\/16\/santa-flor-sf-summit-encerra-com-saldo-de-qualidade\/#primaryimage","url":"https:\/\/folhapopular.info\/wp-content\/uploads\/2023\/10\/WhatsApp-Image-2023-10-15-at-22.14.55-4.jpeg","contentUrl":"https:\/\/folhapopular.info\/wp-content\/uploads\/2023\/10\/WhatsApp-Image-2023-10-15-at-22.14.55-4.jpeg","width":1024,"height":768,"caption":"Santa Clara do Sul recebeu o p\u00fablico de 11 a 15 de outubro \/\/ Cr\u00e9dito: Luciana Brune"},{"@type":"BreadcrumbList","@id":"https:\/\/folhapopular.info\/index.php\/2023\/10\/16\/santa-flor-sf-summit-encerra-com-saldo-de-qualidade\/#breadcrumb","itemListElement":[{"@type":"ListItem","position":1,"name":"In\u00edcio","item":"https:\/\/folhapopular.info\/"},{"@type":"ListItem","position":2,"name":"Santa Flor + SF Summit encerra com saldo de qualidade"}]},{"@type":"WebSite","@id":"https:\/\/folhapopular.info\/#website","url":"https:\/\/folhapopular.info\/","name":"Folha Popular","description":"Onde voc\u00ea tem vez e voz","potentialAction":[{"@type":"SearchAction","target":{"@type":"EntryPoint","urlTemplate":"https:\/\/folhapopular.info\/?s={search_term_string}"},"query-input":{"@type":"PropertyValueSpecification","valueRequired":true,"valueName":"search_term_string"}}],"inLanguage":"pt-BR"},{"@type":"Person","@id":"https:\/\/folhapopular.info\/#\/schema\/person\/533a15f60cd49e81ab3a90b4ca33cb36","name":"Lucas Leandro Brune","image":{"@type":"ImageObject","inLanguage":"pt-BR","@id":"https:\/\/folhapopular.info\/wp-content\/uploads\/2026\/04\/LUCAS-1-1.webp","url":"https:\/\/folhapopular.info\/wp-content\/uploads\/2026\/04\/LUCAS-1-1.webp","contentUrl":"https:\/\/folhapopular.info\/wp-content\/uploads\/2026\/04\/LUCAS-1-1.webp","caption":"Lucas Leandro Brune"},"description":"Jornalista Profissional Diplomado MTB\/RS 14.333","url":"https:\/\/folhapopular.info\/index.php\/author\/lucas-brune\/"}]}},"jetpack_featured_media_url":"https:\/\/folhapopular.info\/wp-content\/uploads\/2023\/10\/WhatsApp-Image-2023-10-15-at-22.14.55-4.jpeg","jetpack_sharing_enabled":true,"amp_enabled":true,"_links":{"self":[{"href":"https:\/\/folhapopular.info\/index.php\/wp-json\/wp\/v2\/posts\/141742","targetHints":{"allow":["GET"]}}],"collection":[{"href":"https:\/\/folhapopular.info\/index.php\/wp-json\/wp\/v2\/posts"}],"about":[{"href":"https:\/\/folhapopular.info\/index.php\/wp-json\/wp\/v2\/types\/post"}],"author":[{"embeddable":true,"href":"https:\/\/folhapopular.info\/index.php\/wp-json\/wp\/v2\/users\/7"}],"replies":[{"embeddable":true,"href":"https:\/\/folhapopular.info\/index.php\/wp-json\/wp\/v2\/comments?post=141742"}],"version-history":[{"count":0,"href":"https:\/\/folhapopular.info\/index.php\/wp-json\/wp\/v2\/posts\/141742\/revisions"}],"wp:featuredmedia":[{"embeddable":true,"href":"https:\/\/folhapopular.info\/index.php\/wp-json\/wp\/v2\/media\/141747"}],"wp:attachment":[{"href":"https:\/\/folhapopular.info\/index.php\/wp-json\/wp\/v2\/media?parent=141742"}],"wp:term":[{"taxonomy":"category","embeddable":true,"href":"https:\/\/folhapopular.info\/index.php\/wp-json\/wp\/v2\/categories?post=141742"},{"taxonomy":"post_tag","embeddable":true,"href":"https:\/\/folhapopular.info\/index.php\/wp-json\/wp\/v2\/tags?post=141742"}],"curies":[{"name":"wp","href":"https:\/\/api.w.org\/{rel}","templated":true}]}}