{"id":141797,"date":"2023-10-16T14:46:04","date_gmt":"2023-10-16T17:46:04","guid":{"rendered":"https:\/\/folhapopular.info\/?p=141797"},"modified":"2023-10-16T14:46:07","modified_gmt":"2023-10-16T17:46:07","slug":"faltam-quatro-dias-para-a-5a-expofaz-2023","status":"publish","type":"post","link":"https:\/\/folhapopular.info\/index.php\/2023\/10\/16\/faltam-quatro-dias-para-a-5a-expofaz-2023\/","title":{"rendered":"Faltam quatro dias para a 5\u00aa Expofaz 2023"},"content":{"rendered":"\n<p>Nesta quinta-feira (19\/10) ocorre a abertura da 5\u00aa Expofaz 2023, que acontecer\u00e1 at\u00e9 o domingo (22\/10)\u00a0no Parque Encanto da Fazenda, no Centro do munic\u00edpio. A Expofaz \u00e9 uma feira que, al\u00e9m das diversas atra\u00e7\u00f5es de entretenimento, cultura e lazer, reserva aos visitantes e vilanovenses boas oportunidades de neg\u00f3cios e servi\u00e7os.<\/p>\n\n\n\n<p>Nesta 5\u00aa edi\u00e7\u00e3o da Expofaz, a Associa\u00e7\u00e3o Cultural Vilanovense, respons\u00e1vel pela feira, trar\u00e1 como tema o resgate hist\u00f3rico da coloniza\u00e7\u00e3o, desde meados de 1760, conforme retratado no livro \u201cFazenda Vilanova, Sua Hist\u00f3ria\u201d, escrito pelo professor Jovani Farias.<\/p>\n\n\n\n<p>Para que o p\u00fablico possa entender a hist\u00f3ria do munic\u00edpio, uma das atra\u00e7\u00f5es desta quinta-feira ser\u00e1 a apresenta\u00e7\u00e3o teatral feita por atores da comunidade. A pe\u00e7a inicia \u00e0s 20h, no palco principal. A Orquestra de Teut\u00f4nia encerrar\u00e1 a noite. \u00a0<\/p>\n\n\n\n<p>Al\u00e9m de um grande n\u00famero de expositores dos mais variados segmentos agroindustrial e comercial, o p\u00fablico poder\u00e1 se divertir com uma extensa programa\u00e7\u00e3o de shows com talentos locais e tr\u00eas grandes atra\u00e7\u00f5es. A primeira acontece na sexta-feira (20\/10), \u00e0s 22h com Paulinho Mocelin. No s\u00e1bado \u00e0s 23h, quem se apresenta \u00e9 a banda Os Atuais, e no domingo a partir das 18h, haver\u00e1 o show de Baitaca e Grupo Fundo da Grota.\u00a0<\/p>\n\n\n\n<p>O presidente da Comiss\u00e3o organizadora da Expofaz 2023,\u00a0Edmilson Luis Mallmann, explica que nesta semana o trabalho se concentra nos retoques finais para que os visitantes possam ver o que Fazenda Vilanova tem de melhor no com\u00e9rcio, servi\u00e7os, ind\u00fastria e agroneg\u00f3cio, mostrando os setores que integram a economia e que s\u00e3o fontes de renda e trabalho. \u201cAl\u00e9m de incentivar o turismo, o evento visa proporcionar momentos de lazer, entretenimento e integra\u00e7\u00e3o. Todas as atra\u00e7\u00f5es t\u00eam entrada gratuita,\u201d frisa. A estimativa segundo Mallmann \u00e9 reunir, nos quatro dias de evento, 20 mil visitantes.<\/p>\n\n\n\n<h2 class=\"wp-block-heading\">Programa\u00e7\u00e3o<\/h2>\n\n\n\n<p>Local: Parque Encanto da Fazenda, Centro | Entrada gratuita<\/p>\n\n\n\n<p><strong>19\/10 &#8211; quinta-feira<\/strong><br>17h30: Reuni\u00e3o da AMVAT<br>18h30: Abertura oficial<br>20h: Espet\u00e1culo Teatral &#8211; A Hist\u00f3ria de Fazenda Vilanova<br>21h: Orquestra de Teut\u00f4nia<\/p>\n\n\n\n<p><strong>20\/10 &#8211; sexta-feira<\/strong><br>9h: Resenha Coletiva de Cavalos Crioulos (NCCC \u2013 VTRP)<br>9h30: encontro Jovem Cidad\u00e3o<br>10h: Encontro de Produtores Rurais<br>13h: Encontro Regional dos Grupos da Melhor Idade<br>14h: Concentra\u00e7\u00e3o de Machos Crioulos (NCCC-VTRP)<br>18h30: Lan\u00e7amento oficial da 2\u00aa edi\u00e7\u00e3o do livro \u201cFazenda Vilanova, Sua Hist\u00f3ria\u201d<br>19h: Espet\u00e1culo Teatral &#8211; A Hist\u00f3ria de Fazenda Vilanova<br>20h30: Orquestra Municipal de Fazenda Vilanova<br>21h30: Espet\u00e1culo da Invernada Art\u00edstica do CTG Pousada dos Tropeiros<br>22h:Show com Paulinho Mocelin<br>0h: DJ Anderson<\/p>\n\n\n\n<p><strong>21\/10 &#8211; s\u00e1bado<\/strong><br>8h: 11\u00aa de R\u00fastica de Fazenda Vilanova<br>7h30: Admiss\u00e3o de Cavalos crioulos (NCCC-VTRP)<br>9h: Julgamento dos Cavalos Crioulos (NCCC-VTRP)<br>10h: Palco Aberto para Novos Talentos<br>14h: Encontro de Soberanas, com presen\u00e7a da Ex-Miss Brasil Gabriela Markus<br>15h: Banda Reprises Shows<br>18h: Grupo de Dan\u00e7a BoomDan\u00e7e<br>18h30: Grupo de Dan\u00e7as Senhoras da Fazenda<br>19h: Vibezinha do Guiga<br>20h Dead Master<br>21h Banda Estilo Brasileiro<br>23h: Show com Os Atuais<br>1h: DJ Matheus Grana<\/p>\n\n\n\n<p><strong>22\/10 &#8211; domingo<\/strong><br>8h: 3\u00ba Pedalando na Fazenda<br>10h30: Banda Unidos em Cristo Tch\u00ea<br>12h: Bar\u00f5es do Bail\u00e3o<br>14h: Trio Canarinhos<br>16h: Elytte Shows<br>18h: Show com Baitaca e Grupo Fundo da Grota<\/p>\n","protected":false},"excerpt":{"rendered":"<p>Nesta quinta-feira (19\/10) ocorre a abertura da 5\u00aa Expofaz 2023, que acontecer\u00e1 at\u00e9 o domingo (22\/10)\u00a0no Parque Encanto da Fazenda, no Centro do munic\u00edpio. A Expofaz \u00e9 uma feira que, al\u00e9m das diversas atra\u00e7\u00f5es de entretenimento, cultura e lazer, reserva aos visitantes e vilanovenses boas oportunidades de neg\u00f3cios e servi\u00e7os. Nesta 5\u00aa edi\u00e7\u00e3o da Expofaz, [&hellip;]<\/p>\n","protected":false},"author":8,"featured_media":141799,"comment_status":"open","ping_status":"open","sticky":false,"template":"","format":"standard","meta":{"pmpro_default_level":"","_jetpack_memberships_contains_paid_content":false,"footnotes":""},"categories":[2,10991,12473],"tags":[12825,801,1522],"class_list":{"0":"post-141797","1":"post","2":"type-post","3":"status-publish","4":"format-standard","5":"has-post-thumbnail","7":"category-featured","8":"category-economia","9":"category-negocios","10":"tag-5a-expofaz","11":"tag-fazenda-vilanova","12":"tag-feira","13":"pmpro-has-access"},"yoast_head":"<!-- This site is optimized with the Yoast SEO plugin v27.5 - https:\/\/yoast.com\/product\/yoast-seo-wordpress\/ -->\n<title>Faltam quatro dias para a 5\u00aa Expofaz 2023 - Folha Popular<\/title>\n<meta name=\"robots\" content=\"index, follow, max-snippet:-1, max-image-preview:large, max-video-preview:-1\" \/>\n<link rel=\"canonical\" href=\"https:\/\/folhapopular.info\/index.php\/2023\/10\/16\/faltam-quatro-dias-para-a-5a-expofaz-2023\/\" \/>\n<meta property=\"og:locale\" content=\"pt_BR\" \/>\n<meta property=\"og:type\" content=\"article\" \/>\n<meta property=\"og:title\" content=\"Faltam quatro dias para a 5\u00aa Expofaz 2023 - Folha Popular\" \/>\n<meta property=\"og:description\" content=\"Nesta quinta-feira (19\/10) ocorre a abertura da 5\u00aa Expofaz 2023, que acontecer\u00e1 at\u00e9 o domingo (22\/10)\u00a0no Parque Encanto da Fazenda, no Centro do munic\u00edpio. A Expofaz \u00e9 uma feira que, al\u00e9m das diversas atra\u00e7\u00f5es de entretenimento, cultura e lazer, reserva aos visitantes e vilanovenses boas oportunidades de neg\u00f3cios e servi\u00e7os. Nesta 5\u00aa edi\u00e7\u00e3o da Expofaz, [&hellip;]\" \/>\n<meta property=\"og:url\" content=\"https:\/\/folhapopular.info\/index.php\/2023\/10\/16\/faltam-quatro-dias-para-a-5a-expofaz-2023\/\" \/>\n<meta property=\"og:site_name\" content=\"Folha Popular\" \/>\n<meta property=\"article:published_time\" content=\"2023-10-16T17:46:04+00:00\" \/>\n<meta property=\"article:modified_time\" content=\"2023-10-16T17:46:07+00:00\" \/>\n<meta property=\"og:image\" content=\"http:\/\/folhapopular.info\/wp-content\/uploads\/2023\/10\/Faltam-quatro-dias-para-a-5a-Expofaz-2023-02.jpg\" \/>\n\t<meta property=\"og:image:width\" content=\"1600\" \/>\n\t<meta property=\"og:image:height\" content=\"900\" \/>\n\t<meta property=\"og:image:type\" content=\"image\/jpeg\" \/>\n<meta name=\"author\" content=\"Reda\u00e7\u00e3o Folha Popular\" \/>\n<meta name=\"twitter:card\" content=\"summary_large_image\" \/>\n<meta name=\"twitter:label1\" content=\"Escrito por\" \/>\n\t<meta name=\"twitter:data1\" content=\"Reda\u00e7\u00e3o Folha Popular\" \/>\n\t<meta name=\"twitter:label2\" content=\"Est. tempo de leitura\" \/>\n\t<meta name=\"twitter:data2\" content=\"3 minutos\" \/>\n<script type=\"application\/ld+json\" class=\"yoast-schema-graph\">{\"@context\":\"https:\\\/\\\/schema.org\",\"@graph\":[{\"@type\":\"Article\",\"@id\":\"https:\\\/\\\/folhapopular.info\\\/index.php\\\/2023\\\/10\\\/16\\\/faltam-quatro-dias-para-a-5a-expofaz-2023\\\/#article\",\"isPartOf\":{\"@id\":\"https:\\\/\\\/folhapopular.info\\\/index.php\\\/2023\\\/10\\\/16\\\/faltam-quatro-dias-para-a-5a-expofaz-2023\\\/\"},\"author\":{\"name\":\"Reda\u00e7\u00e3o Folha Popular\",\"@id\":\"https:\\\/\\\/folhapopular.info\\\/#\\\/schema\\\/person\\\/2814e8a0df7643585a9ca38bc6eb9d4b\"},\"headline\":\"Faltam quatro dias para a 5\u00aa Expofaz 2023\",\"datePublished\":\"2023-10-16T17:46:04+00:00\",\"dateModified\":\"2023-10-16T17:46:07+00:00\",\"mainEntityOfPage\":{\"@id\":\"https:\\\/\\\/folhapopular.info\\\/index.php\\\/2023\\\/10\\\/16\\\/faltam-quatro-dias-para-a-5a-expofaz-2023\\\/\"},\"wordCount\":555,\"commentCount\":0,\"image\":{\"@id\":\"https:\\\/\\\/folhapopular.info\\\/index.php\\\/2023\\\/10\\\/16\\\/faltam-quatro-dias-para-a-5a-expofaz-2023\\\/#primaryimage\"},\"thumbnailUrl\":\"https:\\\/\\\/folhapopular.info\\\/wp-content\\\/uploads\\\/2023\\\/10\\\/Faltam-quatro-dias-para-a-5a-Expofaz-2023-02.jpg\",\"keywords\":[\"5\u00aa Expofaz\",\"Fazenda Vilanova\",\"Feira\"],\"articleSection\":[\"Destaques\",\"Economia\",\"Neg\u00f3cios\"],\"inLanguage\":\"pt-BR\",\"potentialAction\":[{\"@type\":\"CommentAction\",\"name\":\"Comment\",\"target\":[\"https:\\\/\\\/folhapopular.info\\\/index.php\\\/2023\\\/10\\\/16\\\/faltam-quatro-dias-para-a-5a-expofaz-2023\\\/#respond\"]}]},{\"@type\":\"WebPage\",\"@id\":\"https:\\\/\\\/folhapopular.info\\\/index.php\\\/2023\\\/10\\\/16\\\/faltam-quatro-dias-para-a-5a-expofaz-2023\\\/\",\"url\":\"https:\\\/\\\/folhapopular.info\\\/index.php\\\/2023\\\/10\\\/16\\\/faltam-quatro-dias-para-a-5a-expofaz-2023\\\/\",\"name\":\"Faltam quatro dias para a 5\u00aa Expofaz 2023 - Folha Popular\",\"isPartOf\":{\"@id\":\"https:\\\/\\\/folhapopular.info\\\/#website\"},\"primaryImageOfPage\":{\"@id\":\"https:\\\/\\\/folhapopular.info\\\/index.php\\\/2023\\\/10\\\/16\\\/faltam-quatro-dias-para-a-5a-expofaz-2023\\\/#primaryimage\"},\"image\":{\"@id\":\"https:\\\/\\\/folhapopular.info\\\/index.php\\\/2023\\\/10\\\/16\\\/faltam-quatro-dias-para-a-5a-expofaz-2023\\\/#primaryimage\"},\"thumbnailUrl\":\"https:\\\/\\\/folhapopular.info\\\/wp-content\\\/uploads\\\/2023\\\/10\\\/Faltam-quatro-dias-para-a-5a-Expofaz-2023-02.jpg\",\"datePublished\":\"2023-10-16T17:46:04+00:00\",\"dateModified\":\"2023-10-16T17:46:07+00:00\",\"author\":{\"@id\":\"https:\\\/\\\/folhapopular.info\\\/#\\\/schema\\\/person\\\/2814e8a0df7643585a9ca38bc6eb9d4b\"},\"breadcrumb\":{\"@id\":\"https:\\\/\\\/folhapopular.info\\\/index.php\\\/2023\\\/10\\\/16\\\/faltam-quatro-dias-para-a-5a-expofaz-2023\\\/#breadcrumb\"},\"inLanguage\":\"pt-BR\",\"potentialAction\":[{\"@type\":\"ReadAction\",\"target\":[\"https:\\\/\\\/folhapopular.info\\\/index.php\\\/2023\\\/10\\\/16\\\/faltam-quatro-dias-para-a-5a-expofaz-2023\\\/\"]}]},{\"@type\":\"ImageObject\",\"inLanguage\":\"pt-BR\",\"@id\":\"https:\\\/\\\/folhapopular.info\\\/index.php\\\/2023\\\/10\\\/16\\\/faltam-quatro-dias-para-a-5a-expofaz-2023\\\/#primaryimage\",\"url\":\"https:\\\/\\\/folhapopular.info\\\/wp-content\\\/uploads\\\/2023\\\/10\\\/Faltam-quatro-dias-para-a-5a-Expofaz-2023-02.jpg\",\"contentUrl\":\"https:\\\/\\\/folhapopular.info\\\/wp-content\\\/uploads\\\/2023\\\/10\\\/Faltam-quatro-dias-para-a-5a-Expofaz-2023-02.jpg\",\"width\":1600,\"height\":900,\"caption\":\"Gin\u00e1sios da Avenida Rio Grande do Sul ser\u00e3o palco para a Expofaz 2023. Cr\u00e9dito: Roberto de Castro \\\/ Divulga\u00e7\u00e3o\"},{\"@type\":\"BreadcrumbList\",\"@id\":\"https:\\\/\\\/folhapopular.info\\\/index.php\\\/2023\\\/10\\\/16\\\/faltam-quatro-dias-para-a-5a-expofaz-2023\\\/#breadcrumb\",\"itemListElement\":[{\"@type\":\"ListItem\",\"position\":1,\"name\":\"In\u00edcio\",\"item\":\"https:\\\/\\\/folhapopular.info\\\/\"},{\"@type\":\"ListItem\",\"position\":2,\"name\":\"Faltam quatro dias para a 5\u00aa Expofaz 2023\"}]},{\"@type\":\"WebSite\",\"@id\":\"https:\\\/\\\/folhapopular.info\\\/#website\",\"url\":\"https:\\\/\\\/folhapopular.info\\\/\",\"name\":\"Folha Popular\",\"description\":\"Onde voc\u00ea tem vez e voz\",\"potentialAction\":[{\"@type\":\"SearchAction\",\"target\":{\"@type\":\"EntryPoint\",\"urlTemplate\":\"https:\\\/\\\/folhapopular.info\\\/?s={search_term_string}\"},\"query-input\":{\"@type\":\"PropertyValueSpecification\",\"valueRequired\":true,\"valueName\":\"search_term_string\"}}],\"inLanguage\":\"pt-BR\"},{\"@type\":\"Person\",\"@id\":\"https:\\\/\\\/folhapopular.info\\\/#\\\/schema\\\/person\\\/2814e8a0df7643585a9ca38bc6eb9d4b\",\"name\":\"Reda\u00e7\u00e3o Folha Popular\",\"image\":{\"@type\":\"ImageObject\",\"inLanguage\":\"pt-BR\",\"@id\":\"https:\\\/\\\/folhapopular.info\\\/wp-content\\\/uploads\\\/2026\\\/04\\\/Folha-1.webp\",\"url\":\"https:\\\/\\\/folhapopular.info\\\/wp-content\\\/uploads\\\/2026\\\/04\\\/Folha-1.webp\",\"contentUrl\":\"https:\\\/\\\/folhapopular.info\\\/wp-content\\\/uploads\\\/2026\\\/04\\\/Folha-1.webp\",\"caption\":\"Reda\u00e7\u00e3o Folha Popular\"},\"url\":\"https:\\\/\\\/folhapopular.info\\\/index.php\\\/author\\\/redacao\\\/\"}]}<\/script>\n<!-- \/ Yoast SEO plugin. -->","yoast_head_json":{"title":"Faltam quatro dias para a 5\u00aa Expofaz 2023 - Folha Popular","robots":{"index":"index","follow":"follow","max-snippet":"max-snippet:-1","max-image-preview":"max-image-preview:large","max-video-preview":"max-video-preview:-1"},"canonical":"https:\/\/folhapopular.info\/index.php\/2023\/10\/16\/faltam-quatro-dias-para-a-5a-expofaz-2023\/","og_locale":"pt_BR","og_type":"article","og_title":"Faltam quatro dias para a 5\u00aa Expofaz 2023 - Folha Popular","og_description":"Nesta quinta-feira (19\/10) ocorre a abertura da 5\u00aa Expofaz 2023, que acontecer\u00e1 at\u00e9 o domingo (22\/10)\u00a0no Parque Encanto da Fazenda, no Centro do munic\u00edpio. A Expofaz \u00e9 uma feira que, al\u00e9m das diversas atra\u00e7\u00f5es de entretenimento, cultura e lazer, reserva aos visitantes e vilanovenses boas oportunidades de neg\u00f3cios e servi\u00e7os. Nesta 5\u00aa edi\u00e7\u00e3o da Expofaz, [&hellip;]","og_url":"https:\/\/folhapopular.info\/index.php\/2023\/10\/16\/faltam-quatro-dias-para-a-5a-expofaz-2023\/","og_site_name":"Folha Popular","article_published_time":"2023-10-16T17:46:04+00:00","article_modified_time":"2023-10-16T17:46:07+00:00","og_image":[{"width":1600,"height":900,"url":"http:\/\/folhapopular.info\/wp-content\/uploads\/2023\/10\/Faltam-quatro-dias-para-a-5a-Expofaz-2023-02.jpg","type":"image\/jpeg"}],"author":"Reda\u00e7\u00e3o Folha Popular","twitter_card":"summary_large_image","twitter_misc":{"Escrito por":"Reda\u00e7\u00e3o Folha Popular","Est. tempo de leitura":"3 minutos"},"schema":{"@context":"https:\/\/schema.org","@graph":[{"@type":"Article","@id":"https:\/\/folhapopular.info\/index.php\/2023\/10\/16\/faltam-quatro-dias-para-a-5a-expofaz-2023\/#article","isPartOf":{"@id":"https:\/\/folhapopular.info\/index.php\/2023\/10\/16\/faltam-quatro-dias-para-a-5a-expofaz-2023\/"},"author":{"name":"Reda\u00e7\u00e3o Folha Popular","@id":"https:\/\/folhapopular.info\/#\/schema\/person\/2814e8a0df7643585a9ca38bc6eb9d4b"},"headline":"Faltam quatro dias para a 5\u00aa Expofaz 2023","datePublished":"2023-10-16T17:46:04+00:00","dateModified":"2023-10-16T17:46:07+00:00","mainEntityOfPage":{"@id":"https:\/\/folhapopular.info\/index.php\/2023\/10\/16\/faltam-quatro-dias-para-a-5a-expofaz-2023\/"},"wordCount":555,"commentCount":0,"image":{"@id":"https:\/\/folhapopular.info\/index.php\/2023\/10\/16\/faltam-quatro-dias-para-a-5a-expofaz-2023\/#primaryimage"},"thumbnailUrl":"https:\/\/folhapopular.info\/wp-content\/uploads\/2023\/10\/Faltam-quatro-dias-para-a-5a-Expofaz-2023-02.jpg","keywords":["5\u00aa Expofaz","Fazenda Vilanova","Feira"],"articleSection":["Destaques","Economia","Neg\u00f3cios"],"inLanguage":"pt-BR","potentialAction":[{"@type":"CommentAction","name":"Comment","target":["https:\/\/folhapopular.info\/index.php\/2023\/10\/16\/faltam-quatro-dias-para-a-5a-expofaz-2023\/#respond"]}]},{"@type":"WebPage","@id":"https:\/\/folhapopular.info\/index.php\/2023\/10\/16\/faltam-quatro-dias-para-a-5a-expofaz-2023\/","url":"https:\/\/folhapopular.info\/index.php\/2023\/10\/16\/faltam-quatro-dias-para-a-5a-expofaz-2023\/","name":"Faltam quatro dias para a 5\u00aa Expofaz 2023 - Folha Popular","isPartOf":{"@id":"https:\/\/folhapopular.info\/#website"},"primaryImageOfPage":{"@id":"https:\/\/folhapopular.info\/index.php\/2023\/10\/16\/faltam-quatro-dias-para-a-5a-expofaz-2023\/#primaryimage"},"image":{"@id":"https:\/\/folhapopular.info\/index.php\/2023\/10\/16\/faltam-quatro-dias-para-a-5a-expofaz-2023\/#primaryimage"},"thumbnailUrl":"https:\/\/folhapopular.info\/wp-content\/uploads\/2023\/10\/Faltam-quatro-dias-para-a-5a-Expofaz-2023-02.jpg","datePublished":"2023-10-16T17:46:04+00:00","dateModified":"2023-10-16T17:46:07+00:00","author":{"@id":"https:\/\/folhapopular.info\/#\/schema\/person\/2814e8a0df7643585a9ca38bc6eb9d4b"},"breadcrumb":{"@id":"https:\/\/folhapopular.info\/index.php\/2023\/10\/16\/faltam-quatro-dias-para-a-5a-expofaz-2023\/#breadcrumb"},"inLanguage":"pt-BR","potentialAction":[{"@type":"ReadAction","target":["https:\/\/folhapopular.info\/index.php\/2023\/10\/16\/faltam-quatro-dias-para-a-5a-expofaz-2023\/"]}]},{"@type":"ImageObject","inLanguage":"pt-BR","@id":"https:\/\/folhapopular.info\/index.php\/2023\/10\/16\/faltam-quatro-dias-para-a-5a-expofaz-2023\/#primaryimage","url":"https:\/\/folhapopular.info\/wp-content\/uploads\/2023\/10\/Faltam-quatro-dias-para-a-5a-Expofaz-2023-02.jpg","contentUrl":"https:\/\/folhapopular.info\/wp-content\/uploads\/2023\/10\/Faltam-quatro-dias-para-a-5a-Expofaz-2023-02.jpg","width":1600,"height":900,"caption":"Gin\u00e1sios da Avenida Rio Grande do Sul ser\u00e3o palco para a Expofaz 2023. Cr\u00e9dito: Roberto de Castro \/ Divulga\u00e7\u00e3o"},{"@type":"BreadcrumbList","@id":"https:\/\/folhapopular.info\/index.php\/2023\/10\/16\/faltam-quatro-dias-para-a-5a-expofaz-2023\/#breadcrumb","itemListElement":[{"@type":"ListItem","position":1,"name":"In\u00edcio","item":"https:\/\/folhapopular.info\/"},{"@type":"ListItem","position":2,"name":"Faltam quatro dias para a 5\u00aa Expofaz 2023"}]},{"@type":"WebSite","@id":"https:\/\/folhapopular.info\/#website","url":"https:\/\/folhapopular.info\/","name":"Folha Popular","description":"Onde voc\u00ea tem vez e voz","potentialAction":[{"@type":"SearchAction","target":{"@type":"EntryPoint","urlTemplate":"https:\/\/folhapopular.info\/?s={search_term_string}"},"query-input":{"@type":"PropertyValueSpecification","valueRequired":true,"valueName":"search_term_string"}}],"inLanguage":"pt-BR"},{"@type":"Person","@id":"https:\/\/folhapopular.info\/#\/schema\/person\/2814e8a0df7643585a9ca38bc6eb9d4b","name":"Reda\u00e7\u00e3o Folha Popular","image":{"@type":"ImageObject","inLanguage":"pt-BR","@id":"https:\/\/folhapopular.info\/wp-content\/uploads\/2026\/04\/Folha-1.webp","url":"https:\/\/folhapopular.info\/wp-content\/uploads\/2026\/04\/Folha-1.webp","contentUrl":"https:\/\/folhapopular.info\/wp-content\/uploads\/2026\/04\/Folha-1.webp","caption":"Reda\u00e7\u00e3o Folha Popular"},"url":"https:\/\/folhapopular.info\/index.php\/author\/redacao\/"}]}},"jetpack_featured_media_url":"https:\/\/folhapopular.info\/wp-content\/uploads\/2023\/10\/Faltam-quatro-dias-para-a-5a-Expofaz-2023-02.jpg","jetpack_sharing_enabled":true,"amp_enabled":true,"_links":{"self":[{"href":"https:\/\/folhapopular.info\/index.php\/wp-json\/wp\/v2\/posts\/141797","targetHints":{"allow":["GET"]}}],"collection":[{"href":"https:\/\/folhapopular.info\/index.php\/wp-json\/wp\/v2\/posts"}],"about":[{"href":"https:\/\/folhapopular.info\/index.php\/wp-json\/wp\/v2\/types\/post"}],"author":[{"embeddable":true,"href":"https:\/\/folhapopular.info\/index.php\/wp-json\/wp\/v2\/users\/8"}],"replies":[{"embeddable":true,"href":"https:\/\/folhapopular.info\/index.php\/wp-json\/wp\/v2\/comments?post=141797"}],"version-history":[{"count":0,"href":"https:\/\/folhapopular.info\/index.php\/wp-json\/wp\/v2\/posts\/141797\/revisions"}],"wp:featuredmedia":[{"embeddable":true,"href":"https:\/\/folhapopular.info\/index.php\/wp-json\/wp\/v2\/media\/141799"}],"wp:attachment":[{"href":"https:\/\/folhapopular.info\/index.php\/wp-json\/wp\/v2\/media?parent=141797"}],"wp:term":[{"taxonomy":"category","embeddable":true,"href":"https:\/\/folhapopular.info\/index.php\/wp-json\/wp\/v2\/categories?post=141797"},{"taxonomy":"post_tag","embeddable":true,"href":"https:\/\/folhapopular.info\/index.php\/wp-json\/wp\/v2\/tags?post=141797"}],"curies":[{"name":"wp","href":"https:\/\/api.w.org\/{rel}","templated":true}]}}