{"id":141816,"date":"2023-10-16T16:47:44","date_gmt":"2023-10-16T19:47:44","guid":{"rendered":"https:\/\/folhapopular.info\/?p=141816"},"modified":"2023-10-16T16:47:47","modified_gmt":"2023-10-16T19:47:47","slug":"2a-teutoberfest-recebeu-mais-de-5-mil-pessoas-neste-fim-de-semana","status":"publish","type":"post","link":"https:\/\/folhapopular.info\/index.php\/2023\/10\/16\/2a-teutoberfest-recebeu-mais-de-5-mil-pessoas-neste-fim-de-semana\/","title":{"rendered":"2\u00aa Teutoberfest recebeu mais de 5 mil pessoas neste fim de semana"},"content":{"rendered":"\n<p>Cerca de 5 mil pessoas prestigiaram o final de semana de programa\u00e7\u00f5es da 2\u00aa Teutoberfest, com a escolha da nova Corte de Soberanas, apresenta\u00e7\u00f5es de dan\u00e7as alem\u00e3s e corais, oficinas educativas, Jogos Germ\u00e2nicos, shows de bandas, feira de artesanato, al\u00e9m da ampla variedade gastron\u00f4mica, feita exclusivamente pelas comunidades teutonienses.<\/p>\n\n\n\n<p>Na sexta-feira (13\/10), a <a href=\"https:\/\/folhapopular.info\/index.php\/2023\/10\/13\/luisa-muller-amanda-bayer-e-xaiane-miguel-sao-as-novas-soberanas-de-teutonia\/\" target=\"_blank\" rel=\"noreferrer noopener\">escolha da nova Corte de Soberanas<\/a> emocionou a todos os presentes, com a apresenta\u00e7\u00e3o das candidatas ao p\u00fablico realizada por meio de uma homenagem \u00e0 hist\u00f3ria dos imigrantes que chegaram ao Brasil, especialmente ao Vale do Taquari, tornando a regi\u00e3o um peda\u00e7o da Europa de forma\u00e7\u00e3o de novos n\u00facleos de cultura e tradi\u00e7\u00f5es. <\/p>\n\n\n\n<p>A nova rainha do munic\u00edpio \u00e9 Lu\u00edsa M\u00fcller, acompanhada pela 1\u00aa princesa Amanda Francine Bayer e pela 2\u00aa princesa, Xaiane Cardoso Miguel. A nova corte representar\u00e1 o munic\u00edpio pelos pr\u00f3ximos dois anos. Uma das grandes novidades \u00e9 que, a partir de agora, as demais candidatas representar\u00e3o o munic\u00edpio como embaixatrizes, podendo participar das festividades locais, al\u00e9m de auxiliar na divulga\u00e7\u00e3o dos eventos em outras cidades conforme as necessidades do munic\u00edpio.<\/p>\n\n\n\n<p>No s\u00e1bado e domingo, a principal atra\u00e7\u00e3o foi o 2\u00ba Jogos Germ\u00e2nicos, que visa promover uma disputa saud\u00e1vel e de integra\u00e7\u00e3o entre as comunidades e\/ou entidades de Teut\u00f4nia, resgatando brincadeiras da cultura germ\u00e2nica. Nesta edi\u00e7\u00e3o, participaram tr\u00eas equipes, sendo que a campe\u00e3 foi a equipe CPC (Linha Catarina, Pontes Filho e Linha Clara). A vice-campe\u00e3 foi a equipe Knal Pix e o terceiro lugar ficou com a equipe do Piquete das Gurias.<\/p>\n\n\n\n<p>A programa\u00e7\u00e3o contou com shows de diversas bandas, que animaram o p\u00fablico: Banda Signus, Fam\u00edlia Reis, Banda Estilo Brasileiro e o show com a Super Banda 0800.<\/p>\n\n\n\n<div class=\"wp-block-jetpack-slideshow aligncenter\" data-effect=\"slide\"><div class=\"wp-block-jetpack-slideshow_container swiper-container\"><ul class=\"wp-block-jetpack-slideshow_swiper-wrapper swiper-wrapper\"><li class=\"wp-block-jetpack-slideshow_slide swiper-slide\"><figure><img loading=\"lazy\" decoding=\"async\" width=\"1024\" height=\"683\" alt=\"\" class=\"wp-block-jetpack-slideshow_image wp-image-141819\" data-id=\"141819\" src=\"https:\/\/folhapopular.info\/wp-content\/uploads\/2023\/10\/fotos-7-1024x683.jpg\" srcset=\"https:\/\/folhapopular.info\/wp-content\/uploads\/2023\/10\/fotos-7-1024x683.jpg 1024w, https:\/\/folhapopular.info\/wp-content\/uploads\/2023\/10\/fotos-7-300x200.jpg 300w, https:\/\/folhapopular.info\/wp-content\/uploads\/2023\/10\/fotos-7-768x512.jpg 768w, https:\/\/folhapopular.info\/wp-content\/uploads\/2023\/10\/fotos-7-1536x1024.jpg 1536w, https:\/\/folhapopular.info\/wp-content\/uploads\/2023\/10\/fotos-7-2048x1365.jpg 2048w, https:\/\/folhapopular.info\/wp-content\/uploads\/2023\/10\/fotos-7-696x464.jpg 696w, https:\/\/folhapopular.info\/wp-content\/uploads\/2023\/10\/fotos-7-1068x712.jpg 1068w, https:\/\/folhapopular.info\/wp-content\/uploads\/2023\/10\/fotos-7-1920x1280.jpg 1920w\" sizes=\"(max-width: 1024px) 100vw, 1024px\" \/><figcaption class=\"wp-block-jetpack-slideshow_caption gallery-caption\">Cr\u00e9dito: Andrieli Magedanz \/ Divulga\u00e7\u00e3o<\/figcaption><\/figure><\/li><li class=\"wp-block-jetpack-slideshow_slide swiper-slide\"><figure><img loading=\"lazy\" decoding=\"async\" width=\"1024\" height=\"683\" alt=\"\" class=\"wp-block-jetpack-slideshow_image wp-image-141818\" data-id=\"141818\" src=\"https:\/\/folhapopular.info\/wp-content\/uploads\/2023\/10\/fotos-6-1024x683.jpg\" srcset=\"https:\/\/folhapopular.info\/wp-content\/uploads\/2023\/10\/fotos-6-1024x683.jpg 1024w, https:\/\/folhapopular.info\/wp-content\/uploads\/2023\/10\/fotos-6-300x200.jpg 300w, https:\/\/folhapopular.info\/wp-content\/uploads\/2023\/10\/fotos-6-768x512.jpg 768w, https:\/\/folhapopular.info\/wp-content\/uploads\/2023\/10\/fotos-6-1536x1024.jpg 1536w, https:\/\/folhapopular.info\/wp-content\/uploads\/2023\/10\/fotos-6-2048x1365.jpg 2048w, https:\/\/folhapopular.info\/wp-content\/uploads\/2023\/10\/fotos-6-696x464.jpg 696w, https:\/\/folhapopular.info\/wp-content\/uploads\/2023\/10\/fotos-6-1068x712.jpg 1068w, https:\/\/folhapopular.info\/wp-content\/uploads\/2023\/10\/fotos-6-1920x1280.jpg 1920w\" sizes=\"(max-width: 1024px) 100vw, 1024px\" \/><figcaption class=\"wp-block-jetpack-slideshow_caption gallery-caption\">Cr\u00e9dito: Andrieli Magedanz \/ Divulga\u00e7\u00e3o<\/figcaption><\/figure><\/li><li class=\"wp-block-jetpack-slideshow_slide swiper-slide\"><figure><img loading=\"lazy\" decoding=\"async\" width=\"1024\" height=\"683\" alt=\"\" class=\"wp-block-jetpack-slideshow_image wp-image-141820\" data-id=\"141820\" src=\"https:\/\/folhapopular.info\/wp-content\/uploads\/2023\/10\/fotos-8-1024x683.jpg\" srcset=\"https:\/\/folhapopular.info\/wp-content\/uploads\/2023\/10\/fotos-8-1024x683.jpg 1024w, https:\/\/folhapopular.info\/wp-content\/uploads\/2023\/10\/fotos-8-300x200.jpg 300w, https:\/\/folhapopular.info\/wp-content\/uploads\/2023\/10\/fotos-8-768x512.jpg 768w, https:\/\/folhapopular.info\/wp-content\/uploads\/2023\/10\/fotos-8-1536x1024.jpg 1536w, https:\/\/folhapopular.info\/wp-content\/uploads\/2023\/10\/fotos-8-2048x1365.jpg 2048w, https:\/\/folhapopular.info\/wp-content\/uploads\/2023\/10\/fotos-8-696x464.jpg 696w, https:\/\/folhapopular.info\/wp-content\/uploads\/2023\/10\/fotos-8-1068x712.jpg 1068w, https:\/\/folhapopular.info\/wp-content\/uploads\/2023\/10\/fotos-8-1920x1280.jpg 1920w\" sizes=\"(max-width: 1024px) 100vw, 1024px\" \/><figcaption class=\"wp-block-jetpack-slideshow_caption gallery-caption\">Cr\u00e9dito: Andrieli Magedanz \/ Divulga\u00e7\u00e3o<\/figcaption><\/figure><\/li><li class=\"wp-block-jetpack-slideshow_slide swiper-slide\"><figure><img loading=\"lazy\" decoding=\"async\" width=\"1024\" height=\"683\" alt=\"\" class=\"wp-block-jetpack-slideshow_image wp-image-141821\" data-id=\"141821\" src=\"https:\/\/folhapopular.info\/wp-content\/uploads\/2023\/10\/fotos-16-1024x683.jpg\" srcset=\"https:\/\/folhapopular.info\/wp-content\/uploads\/2023\/10\/fotos-16-1024x683.jpg 1024w, https:\/\/folhapopular.info\/wp-content\/uploads\/2023\/10\/fotos-16-300x200.jpg 300w, https:\/\/folhapopular.info\/wp-content\/uploads\/2023\/10\/fotos-16-768x512.jpg 768w, https:\/\/folhapopular.info\/wp-content\/uploads\/2023\/10\/fotos-16-1536x1024.jpg 1536w, https:\/\/folhapopular.info\/wp-content\/uploads\/2023\/10\/fotos-16-2048x1365.jpg 2048w, https:\/\/folhapopular.info\/wp-content\/uploads\/2023\/10\/fotos-16-696x464.jpg 696w, https:\/\/folhapopular.info\/wp-content\/uploads\/2023\/10\/fotos-16-1068x712.jpg 1068w, https:\/\/folhapopular.info\/wp-content\/uploads\/2023\/10\/fotos-16-1920x1280.jpg 1920w\" sizes=\"(max-width: 1024px) 100vw, 1024px\" \/><figcaption class=\"wp-block-jetpack-slideshow_caption gallery-caption\">Cr\u00e9dito: Andrieli Magedanz \/ Divulga\u00e7\u00e3o<\/figcaption><\/figure><\/li><li class=\"wp-block-jetpack-slideshow_slide swiper-slide\"><figure><img loading=\"lazy\" decoding=\"async\" width=\"1024\" height=\"683\" alt=\"\" class=\"wp-block-jetpack-slideshow_image wp-image-141822\" data-id=\"141822\" src=\"https:\/\/folhapopular.info\/wp-content\/uploads\/2023\/10\/fotos-18-1024x683.jpg\" srcset=\"https:\/\/folhapopular.info\/wp-content\/uploads\/2023\/10\/fotos-18-1024x683.jpg 1024w, https:\/\/folhapopular.info\/wp-content\/uploads\/2023\/10\/fotos-18-300x200.jpg 300w, https:\/\/folhapopular.info\/wp-content\/uploads\/2023\/10\/fotos-18-768x512.jpg 768w, https:\/\/folhapopular.info\/wp-content\/uploads\/2023\/10\/fotos-18-1536x1024.jpg 1536w, https:\/\/folhapopular.info\/wp-content\/uploads\/2023\/10\/fotos-18-2048x1365.jpg 2048w, https:\/\/folhapopular.info\/wp-content\/uploads\/2023\/10\/fotos-18-696x464.jpg 696w, https:\/\/folhapopular.info\/wp-content\/uploads\/2023\/10\/fotos-18-1068x712.jpg 1068w, https:\/\/folhapopular.info\/wp-content\/uploads\/2023\/10\/fotos-18-1920x1280.jpg 1920w\" sizes=\"(max-width: 1024px) 100vw, 1024px\" \/><figcaption class=\"wp-block-jetpack-slideshow_caption gallery-caption\">Cr\u00e9dito: Andrieli Magedanz \/ Divulga\u00e7\u00e3o<\/figcaption><\/figure><\/li><li class=\"wp-block-jetpack-slideshow_slide swiper-slide\"><figure><img loading=\"lazy\" decoding=\"async\" width=\"1024\" height=\"683\" alt=\"\" class=\"wp-block-jetpack-slideshow_image wp-image-141823\" data-id=\"141823\" src=\"https:\/\/folhapopular.info\/wp-content\/uploads\/2023\/10\/fotos-57-1024x683.jpg\" srcset=\"https:\/\/folhapopular.info\/wp-content\/uploads\/2023\/10\/fotos-57-1024x683.jpg 1024w, https:\/\/folhapopular.info\/wp-content\/uploads\/2023\/10\/fotos-57-300x200.jpg 300w, https:\/\/folhapopular.info\/wp-content\/uploads\/2023\/10\/fotos-57-768x512.jpg 768w, https:\/\/folhapopular.info\/wp-content\/uploads\/2023\/10\/fotos-57-1536x1024.jpg 1536w, https:\/\/folhapopular.info\/wp-content\/uploads\/2023\/10\/fotos-57-2048x1365.jpg 2048w, https:\/\/folhapopular.info\/wp-content\/uploads\/2023\/10\/fotos-57-696x464.jpg 696w, https:\/\/folhapopular.info\/wp-content\/uploads\/2023\/10\/fotos-57-1068x712.jpg 1068w, https:\/\/folhapopular.info\/wp-content\/uploads\/2023\/10\/fotos-57-1920x1280.jpg 1920w\" sizes=\"(max-width: 1024px) 100vw, 1024px\" \/><figcaption class=\"wp-block-jetpack-slideshow_caption gallery-caption\">Cr\u00e9dito: Andrieli Magedanz \/ Divulga\u00e7\u00e3o<\/figcaption><\/figure><\/li><li class=\"wp-block-jetpack-slideshow_slide swiper-slide\"><figure><img loading=\"lazy\" decoding=\"async\" width=\"1024\" height=\"683\" alt=\"\" class=\"wp-block-jetpack-slideshow_image wp-image-141824\" data-id=\"141824\" src=\"https:\/\/folhapopular.info\/wp-content\/uploads\/2023\/10\/fotos-59-1024x683.jpg\" srcset=\"https:\/\/folhapopular.info\/wp-content\/uploads\/2023\/10\/fotos-59-1024x683.jpg 1024w, https:\/\/folhapopular.info\/wp-content\/uploads\/2023\/10\/fotos-59-300x200.jpg 300w, https:\/\/folhapopular.info\/wp-content\/uploads\/2023\/10\/fotos-59-768x512.jpg 768w, https:\/\/folhapopular.info\/wp-content\/uploads\/2023\/10\/fotos-59-1536x1024.jpg 1536w, https:\/\/folhapopular.info\/wp-content\/uploads\/2023\/10\/fotos-59-2048x1365.jpg 2048w, https:\/\/folhapopular.info\/wp-content\/uploads\/2023\/10\/fotos-59-696x464.jpg 696w, https:\/\/folhapopular.info\/wp-content\/uploads\/2023\/10\/fotos-59-1068x712.jpg 1068w, https:\/\/folhapopular.info\/wp-content\/uploads\/2023\/10\/fotos-59-1920x1280.jpg 1920w\" sizes=\"(max-width: 1024px) 100vw, 1024px\" \/><figcaption class=\"wp-block-jetpack-slideshow_caption gallery-caption\">Cr\u00e9dito: Andrieli Magedanz \/ Divulga\u00e7\u00e3o<\/figcaption><\/figure><\/li><li class=\"wp-block-jetpack-slideshow_slide swiper-slide\"><figure><img loading=\"lazy\" decoding=\"async\" width=\"1024\" height=\"683\" alt=\"\" class=\"wp-block-jetpack-slideshow_image wp-image-141825\" data-id=\"141825\" src=\"https:\/\/folhapopular.info\/wp-content\/uploads\/2023\/10\/fotos-62-1-1024x683.jpg\" srcset=\"https:\/\/folhapopular.info\/wp-content\/uploads\/2023\/10\/fotos-62-1-1024x683.jpg 1024w, https:\/\/folhapopular.info\/wp-content\/uploads\/2023\/10\/fotos-62-1-300x200.jpg 300w, https:\/\/folhapopular.info\/wp-content\/uploads\/2023\/10\/fotos-62-1-768x512.jpg 768w, https:\/\/folhapopular.info\/wp-content\/uploads\/2023\/10\/fotos-62-1-1536x1024.jpg 1536w, https:\/\/folhapopular.info\/wp-content\/uploads\/2023\/10\/fotos-62-1-2048x1365.jpg 2048w, https:\/\/folhapopular.info\/wp-content\/uploads\/2023\/10\/fotos-62-1-696x464.jpg 696w, https:\/\/folhapopular.info\/wp-content\/uploads\/2023\/10\/fotos-62-1-1068x712.jpg 1068w, https:\/\/folhapopular.info\/wp-content\/uploads\/2023\/10\/fotos-62-1-1920x1280.jpg 1920w\" sizes=\"(max-width: 1024px) 100vw, 1024px\" \/><figcaption class=\"wp-block-jetpack-slideshow_caption gallery-caption\">Cr\u00e9dito: Andrieli Magedanz \/ Divulga\u00e7\u00e3o<\/figcaption><\/figure><\/li><li class=\"wp-block-jetpack-slideshow_slide swiper-slide\"><figure><img loading=\"lazy\" decoding=\"async\" width=\"1024\" height=\"683\" alt=\"\" class=\"wp-block-jetpack-slideshow_image wp-image-141826\" data-id=\"141826\" src=\"https:\/\/folhapopular.info\/wp-content\/uploads\/2023\/10\/fotos-62-2-1024x683.jpg\" srcset=\"https:\/\/folhapopular.info\/wp-content\/uploads\/2023\/10\/fotos-62-2-1024x683.jpg 1024w, https:\/\/folhapopular.info\/wp-content\/uploads\/2023\/10\/fotos-62-2-300x200.jpg 300w, https:\/\/folhapopular.info\/wp-content\/uploads\/2023\/10\/fotos-62-2-768x512.jpg 768w, https:\/\/folhapopular.info\/wp-content\/uploads\/2023\/10\/fotos-62-2-1536x1024.jpg 1536w, https:\/\/folhapopular.info\/wp-content\/uploads\/2023\/10\/fotos-62-2-2048x1365.jpg 2048w, https:\/\/folhapopular.info\/wp-content\/uploads\/2023\/10\/fotos-62-2-696x464.jpg 696w, https:\/\/folhapopular.info\/wp-content\/uploads\/2023\/10\/fotos-62-2-1068x712.jpg 1068w, https:\/\/folhapopular.info\/wp-content\/uploads\/2023\/10\/fotos-62-2-1920x1280.jpg 1920w\" sizes=\"(max-width: 1024px) 100vw, 1024px\" \/><\/figure><\/li><li class=\"wp-block-jetpack-slideshow_slide swiper-slide\"><figure><img loading=\"lazy\" decoding=\"async\" width=\"1024\" height=\"683\" alt=\"\" class=\"wp-block-jetpack-slideshow_image wp-image-141827\" data-id=\"141827\" src=\"https:\/\/folhapopular.info\/wp-content\/uploads\/2023\/10\/fotos-62-3-1024x683.jpg\" srcset=\"https:\/\/folhapopular.info\/wp-content\/uploads\/2023\/10\/fotos-62-3-1024x683.jpg 1024w, https:\/\/folhapopular.info\/wp-content\/uploads\/2023\/10\/fotos-62-3-300x200.jpg 300w, https:\/\/folhapopular.info\/wp-content\/uploads\/2023\/10\/fotos-62-3-768x512.jpg 768w, https:\/\/folhapopular.info\/wp-content\/uploads\/2023\/10\/fotos-62-3-1536x1024.jpg 1536w, https:\/\/folhapopular.info\/wp-content\/uploads\/2023\/10\/fotos-62-3-2048x1365.jpg 2048w, https:\/\/folhapopular.info\/wp-content\/uploads\/2023\/10\/fotos-62-3-696x464.jpg 696w, https:\/\/folhapopular.info\/wp-content\/uploads\/2023\/10\/fotos-62-3-1068x712.jpg 1068w, https:\/\/folhapopular.info\/wp-content\/uploads\/2023\/10\/fotos-62-3-1920x1280.jpg 1920w\" sizes=\"(max-width: 1024px) 100vw, 1024px\" \/><figcaption class=\"wp-block-jetpack-slideshow_caption gallery-caption\">Cr\u00e9dito: Andrieli Magedanz \/ Divulga\u00e7\u00e3o<\/figcaption><\/figure><\/li><li class=\"wp-block-jetpack-slideshow_slide swiper-slide\"><figure><img loading=\"lazy\" decoding=\"async\" width=\"1024\" height=\"683\" alt=\"\" class=\"wp-block-jetpack-slideshow_image wp-image-141828\" data-id=\"141828\" src=\"https:\/\/folhapopular.info\/wp-content\/uploads\/2023\/10\/fotos-63-1024x683.jpg\" srcset=\"https:\/\/folhapopular.info\/wp-content\/uploads\/2023\/10\/fotos-63-1024x683.jpg 1024w, https:\/\/folhapopular.info\/wp-content\/uploads\/2023\/10\/fotos-63-300x200.jpg 300w, https:\/\/folhapopular.info\/wp-content\/uploads\/2023\/10\/fotos-63-768x512.jpg 768w, https:\/\/folhapopular.info\/wp-content\/uploads\/2023\/10\/fotos-63-1536x1024.jpg 1536w, https:\/\/folhapopular.info\/wp-content\/uploads\/2023\/10\/fotos-63-2048x1365.jpg 2048w, https:\/\/folhapopular.info\/wp-content\/uploads\/2023\/10\/fotos-63-696x464.jpg 696w, https:\/\/folhapopular.info\/wp-content\/uploads\/2023\/10\/fotos-63-1068x712.jpg 1068w, https:\/\/folhapopular.info\/wp-content\/uploads\/2023\/10\/fotos-63-1920x1280.jpg 1920w\" sizes=\"(max-width: 1024px) 100vw, 1024px\" \/><figcaption class=\"wp-block-jetpack-slideshow_caption gallery-caption\">Cr\u00e9dito: Andrieli Magedanz \/ Divulga\u00e7\u00e3o<\/figcaption><\/figure><\/li><\/ul><a class=\"wp-block-jetpack-slideshow_button-prev swiper-button-prev swiper-button-white\" role=\"button\"><\/a><a class=\"wp-block-jetpack-slideshow_button-next swiper-button-next swiper-button-white\" role=\"button\"><\/a><a aria-label=\"Pause Slideshow\" class=\"wp-block-jetpack-slideshow_button-pause\" role=\"button\"><\/a><div class=\"wp-block-jetpack-slideshow_pagination swiper-pagination swiper-pagination-white\"><\/div><\/div><\/div>\n","protected":false},"excerpt":{"rendered":"<p>Cerca de 5 mil pessoas prestigiaram o final de semana de programa\u00e7\u00f5es da 2\u00aa Teutoberfest, com a escolha da nova Corte de Soberanas, apresenta\u00e7\u00f5es de dan\u00e7as alem\u00e3s e corais, oficinas educativas, Jogos Germ\u00e2nicos, shows de bandas, feira de artesanato, al\u00e9m da ampla variedade gastron\u00f4mica, feita exclusivamente pelas comunidades teutonienses. Na sexta-feira (13\/10), a escolha da [&hellip;]<\/p>\n","protected":false},"author":8,"featured_media":141817,"comment_status":"open","ping_status":"open","sticky":false,"template":"","format":"standard","meta":{"pmpro_default_level":"","_jetpack_memberships_contains_paid_content":false,"footnotes":""},"categories":[10996,2,10999,11640,6],"tags":[13279,13416,13417],"class_list":{"0":"post-141816","1":"post","2":"type-post","3":"status-publish","4":"format-standard","5":"has-post-thumbnail","7":"category-cultura","8":"category-featured","9":"category-entretenimento","10":"category-gastronomia","11":"category-inclusive","12":"tag-2a-teutoberfest","13":"tag-2o-jogos-germanicos","14":"tag-escolha-das-soberanas-de-teutonia","15":"pmpro-has-access"},"yoast_head":"<!-- This site is optimized with the Yoast SEO plugin v27.5 - https:\/\/yoast.com\/product\/yoast-seo-wordpress\/ -->\n<title>2\u00aa Teutoberfest recebeu mais de 5 mil pessoas neste fim de semana - Folha Popular<\/title>\n<meta name=\"robots\" content=\"index, follow, max-snippet:-1, max-image-preview:large, max-video-preview:-1\" \/>\n<link rel=\"canonical\" href=\"https:\/\/folhapopular.info\/index.php\/2023\/10\/16\/2a-teutoberfest-recebeu-mais-de-5-mil-pessoas-neste-fim-de-semana\/\" \/>\n<meta property=\"og:locale\" content=\"pt_BR\" \/>\n<meta property=\"og:type\" content=\"article\" \/>\n<meta property=\"og:title\" content=\"2\u00aa Teutoberfest recebeu mais de 5 mil pessoas neste fim de semana - Folha Popular\" \/>\n<meta property=\"og:description\" content=\"Cerca de 5 mil pessoas prestigiaram o final de semana de programa\u00e7\u00f5es da 2\u00aa Teutoberfest, com a escolha da nova Corte de Soberanas, apresenta\u00e7\u00f5es de dan\u00e7as alem\u00e3s e corais, oficinas educativas, Jogos Germ\u00e2nicos, shows de bandas, feira de artesanato, al\u00e9m da ampla variedade gastron\u00f4mica, feita exclusivamente pelas comunidades teutonienses. Na sexta-feira (13\/10), a escolha da [&hellip;]\" \/>\n<meta property=\"og:url\" content=\"https:\/\/folhapopular.info\/index.php\/2023\/10\/16\/2a-teutoberfest-recebeu-mais-de-5-mil-pessoas-neste-fim-de-semana\/\" \/>\n<meta property=\"og:site_name\" content=\"Folha Popular\" \/>\n<meta property=\"article:published_time\" content=\"2023-10-16T19:47:44+00:00\" \/>\n<meta property=\"article:modified_time\" content=\"2023-10-16T19:47:47+00:00\" \/>\n<meta property=\"og:image\" content=\"http:\/\/folhapopular.info\/wp-content\/uploads\/2023\/10\/fotos-47-scaled.jpg\" \/>\n\t<meta property=\"og:image:width\" content=\"2560\" \/>\n\t<meta property=\"og:image:height\" content=\"1707\" \/>\n\t<meta property=\"og:image:type\" content=\"image\/jpeg\" \/>\n<meta name=\"author\" content=\"Reda\u00e7\u00e3o Folha Popular\" \/>\n<meta name=\"twitter:card\" content=\"summary_large_image\" \/>\n<meta name=\"twitter:label1\" content=\"Escrito por\" \/>\n\t<meta name=\"twitter:data1\" content=\"Reda\u00e7\u00e3o Folha Popular\" \/>\n\t<meta name=\"twitter:label2\" content=\"Est. tempo de leitura\" \/>\n\t<meta name=\"twitter:data2\" content=\"4 minutos\" \/>\n<script type=\"application\/ld+json\" class=\"yoast-schema-graph\">{\"@context\":\"https:\\\/\\\/schema.org\",\"@graph\":[{\"@type\":\"Article\",\"@id\":\"https:\\\/\\\/folhapopular.info\\\/index.php\\\/2023\\\/10\\\/16\\\/2a-teutoberfest-recebeu-mais-de-5-mil-pessoas-neste-fim-de-semana\\\/#article\",\"isPartOf\":{\"@id\":\"https:\\\/\\\/folhapopular.info\\\/index.php\\\/2023\\\/10\\\/16\\\/2a-teutoberfest-recebeu-mais-de-5-mil-pessoas-neste-fim-de-semana\\\/\"},\"author\":{\"name\":\"Reda\u00e7\u00e3o Folha Popular\",\"@id\":\"https:\\\/\\\/folhapopular.info\\\/#\\\/schema\\\/person\\\/2814e8a0df7643585a9ca38bc6eb9d4b\"},\"headline\":\"2\u00aa Teutoberfest recebeu mais de 5 mil pessoas neste fim de semana\",\"datePublished\":\"2023-10-16T19:47:44+00:00\",\"dateModified\":\"2023-10-16T19:47:47+00:00\",\"mainEntityOfPage\":{\"@id\":\"https:\\\/\\\/folhapopular.info\\\/index.php\\\/2023\\\/10\\\/16\\\/2a-teutoberfest-recebeu-mais-de-5-mil-pessoas-neste-fim-de-semana\\\/\"},\"wordCount\":373,\"commentCount\":0,\"image\":{\"@id\":\"https:\\\/\\\/folhapopular.info\\\/index.php\\\/2023\\\/10\\\/16\\\/2a-teutoberfest-recebeu-mais-de-5-mil-pessoas-neste-fim-de-semana\\\/#primaryimage\"},\"thumbnailUrl\":\"https:\\\/\\\/folhapopular.info\\\/wp-content\\\/uploads\\\/2023\\\/10\\\/fotos-47-scaled.jpg\",\"keywords\":[\"2\u00aa Teutoberfest\",\"2\u00ba Jogos Germ\u00e2nicos\",\"Escolha das Soberanas de Teut\u00f4nia\"],\"articleSection\":[\"Cultura\",\"Destaques\",\"Entretenimento\",\"gastronomia\",\"Inclusive\"],\"inLanguage\":\"pt-BR\",\"potentialAction\":[{\"@type\":\"CommentAction\",\"name\":\"Comment\",\"target\":[\"https:\\\/\\\/folhapopular.info\\\/index.php\\\/2023\\\/10\\\/16\\\/2a-teutoberfest-recebeu-mais-de-5-mil-pessoas-neste-fim-de-semana\\\/#respond\"]}]},{\"@type\":\"WebPage\",\"@id\":\"https:\\\/\\\/folhapopular.info\\\/index.php\\\/2023\\\/10\\\/16\\\/2a-teutoberfest-recebeu-mais-de-5-mil-pessoas-neste-fim-de-semana\\\/\",\"url\":\"https:\\\/\\\/folhapopular.info\\\/index.php\\\/2023\\\/10\\\/16\\\/2a-teutoberfest-recebeu-mais-de-5-mil-pessoas-neste-fim-de-semana\\\/\",\"name\":\"2\u00aa Teutoberfest recebeu mais de 5 mil pessoas neste fim de semana - Folha Popular\",\"isPartOf\":{\"@id\":\"https:\\\/\\\/folhapopular.info\\\/#website\"},\"primaryImageOfPage\":{\"@id\":\"https:\\\/\\\/folhapopular.info\\\/index.php\\\/2023\\\/10\\\/16\\\/2a-teutoberfest-recebeu-mais-de-5-mil-pessoas-neste-fim-de-semana\\\/#primaryimage\"},\"image\":{\"@id\":\"https:\\\/\\\/folhapopular.info\\\/index.php\\\/2023\\\/10\\\/16\\\/2a-teutoberfest-recebeu-mais-de-5-mil-pessoas-neste-fim-de-semana\\\/#primaryimage\"},\"thumbnailUrl\":\"https:\\\/\\\/folhapopular.info\\\/wp-content\\\/uploads\\\/2023\\\/10\\\/fotos-47-scaled.jpg\",\"datePublished\":\"2023-10-16T19:47:44+00:00\",\"dateModified\":\"2023-10-16T19:47:47+00:00\",\"author\":{\"@id\":\"https:\\\/\\\/folhapopular.info\\\/#\\\/schema\\\/person\\\/2814e8a0df7643585a9ca38bc6eb9d4b\"},\"breadcrumb\":{\"@id\":\"https:\\\/\\\/folhapopular.info\\\/index.php\\\/2023\\\/10\\\/16\\\/2a-teutoberfest-recebeu-mais-de-5-mil-pessoas-neste-fim-de-semana\\\/#breadcrumb\"},\"inLanguage\":\"pt-BR\",\"potentialAction\":[{\"@type\":\"ReadAction\",\"target\":[\"https:\\\/\\\/folhapopular.info\\\/index.php\\\/2023\\\/10\\\/16\\\/2a-teutoberfest-recebeu-mais-de-5-mil-pessoas-neste-fim-de-semana\\\/\"]}]},{\"@type\":\"ImageObject\",\"inLanguage\":\"pt-BR\",\"@id\":\"https:\\\/\\\/folhapopular.info\\\/index.php\\\/2023\\\/10\\\/16\\\/2a-teutoberfest-recebeu-mais-de-5-mil-pessoas-neste-fim-de-semana\\\/#primaryimage\",\"url\":\"https:\\\/\\\/folhapopular.info\\\/wp-content\\\/uploads\\\/2023\\\/10\\\/fotos-47-scaled.jpg\",\"contentUrl\":\"https:\\\/\\\/folhapopular.info\\\/wp-content\\\/uploads\\\/2023\\\/10\\\/fotos-47-scaled.jpg\",\"width\":2560,\"height\":1707,\"caption\":\"Cr\u00e9dito: Andrieli Magedanz \\\/ Divulga\u00e7\u00e3o\"},{\"@type\":\"BreadcrumbList\",\"@id\":\"https:\\\/\\\/folhapopular.info\\\/index.php\\\/2023\\\/10\\\/16\\\/2a-teutoberfest-recebeu-mais-de-5-mil-pessoas-neste-fim-de-semana\\\/#breadcrumb\",\"itemListElement\":[{\"@type\":\"ListItem\",\"position\":1,\"name\":\"In\u00edcio\",\"item\":\"https:\\\/\\\/folhapopular.info\\\/\"},{\"@type\":\"ListItem\",\"position\":2,\"name\":\"2\u00aa Teutoberfest recebeu mais de 5 mil pessoas neste fim de semana\"}]},{\"@type\":\"WebSite\",\"@id\":\"https:\\\/\\\/folhapopular.info\\\/#website\",\"url\":\"https:\\\/\\\/folhapopular.info\\\/\",\"name\":\"Folha Popular\",\"description\":\"Onde voc\u00ea tem vez e voz\",\"potentialAction\":[{\"@type\":\"SearchAction\",\"target\":{\"@type\":\"EntryPoint\",\"urlTemplate\":\"https:\\\/\\\/folhapopular.info\\\/?s={search_term_string}\"},\"query-input\":{\"@type\":\"PropertyValueSpecification\",\"valueRequired\":true,\"valueName\":\"search_term_string\"}}],\"inLanguage\":\"pt-BR\"},{\"@type\":\"Person\",\"@id\":\"https:\\\/\\\/folhapopular.info\\\/#\\\/schema\\\/person\\\/2814e8a0df7643585a9ca38bc6eb9d4b\",\"name\":\"Reda\u00e7\u00e3o Folha Popular\",\"image\":{\"@type\":\"ImageObject\",\"inLanguage\":\"pt-BR\",\"@id\":\"https:\\\/\\\/folhapopular.info\\\/wp-content\\\/uploads\\\/2026\\\/04\\\/Folha-1.webp\",\"url\":\"https:\\\/\\\/folhapopular.info\\\/wp-content\\\/uploads\\\/2026\\\/04\\\/Folha-1.webp\",\"contentUrl\":\"https:\\\/\\\/folhapopular.info\\\/wp-content\\\/uploads\\\/2026\\\/04\\\/Folha-1.webp\",\"caption\":\"Reda\u00e7\u00e3o Folha Popular\"},\"url\":\"https:\\\/\\\/folhapopular.info\\\/index.php\\\/author\\\/redacao\\\/\"}]}<\/script>\n<!-- \/ Yoast SEO plugin. -->","yoast_head_json":{"title":"2\u00aa Teutoberfest recebeu mais de 5 mil pessoas neste fim de semana - Folha Popular","robots":{"index":"index","follow":"follow","max-snippet":"max-snippet:-1","max-image-preview":"max-image-preview:large","max-video-preview":"max-video-preview:-1"},"canonical":"https:\/\/folhapopular.info\/index.php\/2023\/10\/16\/2a-teutoberfest-recebeu-mais-de-5-mil-pessoas-neste-fim-de-semana\/","og_locale":"pt_BR","og_type":"article","og_title":"2\u00aa Teutoberfest recebeu mais de 5 mil pessoas neste fim de semana - Folha Popular","og_description":"Cerca de 5 mil pessoas prestigiaram o final de semana de programa\u00e7\u00f5es da 2\u00aa Teutoberfest, com a escolha da nova Corte de Soberanas, apresenta\u00e7\u00f5es de dan\u00e7as alem\u00e3s e corais, oficinas educativas, Jogos Germ\u00e2nicos, shows de bandas, feira de artesanato, al\u00e9m da ampla variedade gastron\u00f4mica, feita exclusivamente pelas comunidades teutonienses. Na sexta-feira (13\/10), a escolha da [&hellip;]","og_url":"https:\/\/folhapopular.info\/index.php\/2023\/10\/16\/2a-teutoberfest-recebeu-mais-de-5-mil-pessoas-neste-fim-de-semana\/","og_site_name":"Folha Popular","article_published_time":"2023-10-16T19:47:44+00:00","article_modified_time":"2023-10-16T19:47:47+00:00","og_image":[{"width":2560,"height":1707,"url":"http:\/\/folhapopular.info\/wp-content\/uploads\/2023\/10\/fotos-47-scaled.jpg","type":"image\/jpeg"}],"author":"Reda\u00e7\u00e3o Folha Popular","twitter_card":"summary_large_image","twitter_misc":{"Escrito por":"Reda\u00e7\u00e3o Folha Popular","Est. tempo de leitura":"4 minutos"},"schema":{"@context":"https:\/\/schema.org","@graph":[{"@type":"Article","@id":"https:\/\/folhapopular.info\/index.php\/2023\/10\/16\/2a-teutoberfest-recebeu-mais-de-5-mil-pessoas-neste-fim-de-semana\/#article","isPartOf":{"@id":"https:\/\/folhapopular.info\/index.php\/2023\/10\/16\/2a-teutoberfest-recebeu-mais-de-5-mil-pessoas-neste-fim-de-semana\/"},"author":{"name":"Reda\u00e7\u00e3o Folha Popular","@id":"https:\/\/folhapopular.info\/#\/schema\/person\/2814e8a0df7643585a9ca38bc6eb9d4b"},"headline":"2\u00aa Teutoberfest recebeu mais de 5 mil pessoas neste fim de semana","datePublished":"2023-10-16T19:47:44+00:00","dateModified":"2023-10-16T19:47:47+00:00","mainEntityOfPage":{"@id":"https:\/\/folhapopular.info\/index.php\/2023\/10\/16\/2a-teutoberfest-recebeu-mais-de-5-mil-pessoas-neste-fim-de-semana\/"},"wordCount":373,"commentCount":0,"image":{"@id":"https:\/\/folhapopular.info\/index.php\/2023\/10\/16\/2a-teutoberfest-recebeu-mais-de-5-mil-pessoas-neste-fim-de-semana\/#primaryimage"},"thumbnailUrl":"https:\/\/folhapopular.info\/wp-content\/uploads\/2023\/10\/fotos-47-scaled.jpg","keywords":["2\u00aa Teutoberfest","2\u00ba Jogos Germ\u00e2nicos","Escolha das Soberanas de Teut\u00f4nia"],"articleSection":["Cultura","Destaques","Entretenimento","gastronomia","Inclusive"],"inLanguage":"pt-BR","potentialAction":[{"@type":"CommentAction","name":"Comment","target":["https:\/\/folhapopular.info\/index.php\/2023\/10\/16\/2a-teutoberfest-recebeu-mais-de-5-mil-pessoas-neste-fim-de-semana\/#respond"]}]},{"@type":"WebPage","@id":"https:\/\/folhapopular.info\/index.php\/2023\/10\/16\/2a-teutoberfest-recebeu-mais-de-5-mil-pessoas-neste-fim-de-semana\/","url":"https:\/\/folhapopular.info\/index.php\/2023\/10\/16\/2a-teutoberfest-recebeu-mais-de-5-mil-pessoas-neste-fim-de-semana\/","name":"2\u00aa Teutoberfest recebeu mais de 5 mil pessoas neste fim de semana - Folha Popular","isPartOf":{"@id":"https:\/\/folhapopular.info\/#website"},"primaryImageOfPage":{"@id":"https:\/\/folhapopular.info\/index.php\/2023\/10\/16\/2a-teutoberfest-recebeu-mais-de-5-mil-pessoas-neste-fim-de-semana\/#primaryimage"},"image":{"@id":"https:\/\/folhapopular.info\/index.php\/2023\/10\/16\/2a-teutoberfest-recebeu-mais-de-5-mil-pessoas-neste-fim-de-semana\/#primaryimage"},"thumbnailUrl":"https:\/\/folhapopular.info\/wp-content\/uploads\/2023\/10\/fotos-47-scaled.jpg","datePublished":"2023-10-16T19:47:44+00:00","dateModified":"2023-10-16T19:47:47+00:00","author":{"@id":"https:\/\/folhapopular.info\/#\/schema\/person\/2814e8a0df7643585a9ca38bc6eb9d4b"},"breadcrumb":{"@id":"https:\/\/folhapopular.info\/index.php\/2023\/10\/16\/2a-teutoberfest-recebeu-mais-de-5-mil-pessoas-neste-fim-de-semana\/#breadcrumb"},"inLanguage":"pt-BR","potentialAction":[{"@type":"ReadAction","target":["https:\/\/folhapopular.info\/index.php\/2023\/10\/16\/2a-teutoberfest-recebeu-mais-de-5-mil-pessoas-neste-fim-de-semana\/"]}]},{"@type":"ImageObject","inLanguage":"pt-BR","@id":"https:\/\/folhapopular.info\/index.php\/2023\/10\/16\/2a-teutoberfest-recebeu-mais-de-5-mil-pessoas-neste-fim-de-semana\/#primaryimage","url":"https:\/\/folhapopular.info\/wp-content\/uploads\/2023\/10\/fotos-47-scaled.jpg","contentUrl":"https:\/\/folhapopular.info\/wp-content\/uploads\/2023\/10\/fotos-47-scaled.jpg","width":2560,"height":1707,"caption":"Cr\u00e9dito: Andrieli Magedanz \/ Divulga\u00e7\u00e3o"},{"@type":"BreadcrumbList","@id":"https:\/\/folhapopular.info\/index.php\/2023\/10\/16\/2a-teutoberfest-recebeu-mais-de-5-mil-pessoas-neste-fim-de-semana\/#breadcrumb","itemListElement":[{"@type":"ListItem","position":1,"name":"In\u00edcio","item":"https:\/\/folhapopular.info\/"},{"@type":"ListItem","position":2,"name":"2\u00aa Teutoberfest recebeu mais de 5 mil pessoas neste fim de semana"}]},{"@type":"WebSite","@id":"https:\/\/folhapopular.info\/#website","url":"https:\/\/folhapopular.info\/","name":"Folha Popular","description":"Onde voc\u00ea tem vez e voz","potentialAction":[{"@type":"SearchAction","target":{"@type":"EntryPoint","urlTemplate":"https:\/\/folhapopular.info\/?s={search_term_string}"},"query-input":{"@type":"PropertyValueSpecification","valueRequired":true,"valueName":"search_term_string"}}],"inLanguage":"pt-BR"},{"@type":"Person","@id":"https:\/\/folhapopular.info\/#\/schema\/person\/2814e8a0df7643585a9ca38bc6eb9d4b","name":"Reda\u00e7\u00e3o Folha Popular","image":{"@type":"ImageObject","inLanguage":"pt-BR","@id":"https:\/\/folhapopular.info\/wp-content\/uploads\/2026\/04\/Folha-1.webp","url":"https:\/\/folhapopular.info\/wp-content\/uploads\/2026\/04\/Folha-1.webp","contentUrl":"https:\/\/folhapopular.info\/wp-content\/uploads\/2026\/04\/Folha-1.webp","caption":"Reda\u00e7\u00e3o Folha Popular"},"url":"https:\/\/folhapopular.info\/index.php\/author\/redacao\/"}]}},"jetpack_featured_media_url":"https:\/\/folhapopular.info\/wp-content\/uploads\/2023\/10\/fotos-47-scaled.jpg","jetpack_sharing_enabled":true,"amp_enabled":true,"_links":{"self":[{"href":"https:\/\/folhapopular.info\/index.php\/wp-json\/wp\/v2\/posts\/141816","targetHints":{"allow":["GET"]}}],"collection":[{"href":"https:\/\/folhapopular.info\/index.php\/wp-json\/wp\/v2\/posts"}],"about":[{"href":"https:\/\/folhapopular.info\/index.php\/wp-json\/wp\/v2\/types\/post"}],"author":[{"embeddable":true,"href":"https:\/\/folhapopular.info\/index.php\/wp-json\/wp\/v2\/users\/8"}],"replies":[{"embeddable":true,"href":"https:\/\/folhapopular.info\/index.php\/wp-json\/wp\/v2\/comments?post=141816"}],"version-history":[{"count":0,"href":"https:\/\/folhapopular.info\/index.php\/wp-json\/wp\/v2\/posts\/141816\/revisions"}],"wp:featuredmedia":[{"embeddable":true,"href":"https:\/\/folhapopular.info\/index.php\/wp-json\/wp\/v2\/media\/141817"}],"wp:attachment":[{"href":"https:\/\/folhapopular.info\/index.php\/wp-json\/wp\/v2\/media?parent=141816"}],"wp:term":[{"taxonomy":"category","embeddable":true,"href":"https:\/\/folhapopular.info\/index.php\/wp-json\/wp\/v2\/categories?post=141816"},{"taxonomy":"post_tag","embeddable":true,"href":"https:\/\/folhapopular.info\/index.php\/wp-json\/wp\/v2\/tags?post=141816"}],"curies":[{"name":"wp","href":"https:\/\/api.w.org\/{rel}","templated":true}]}}