{"id":141888,"date":"2023-10-18T13:40:56","date_gmt":"2023-10-18T16:40:56","guid":{"rendered":"https:\/\/folhapopular.info\/?p=141888"},"modified":"2023-10-18T13:40:59","modified_gmt":"2023-10-18T16:40:59","slug":"agroindustria-familiar-e-exposicao-de-animais-sao-algumas-das-atracoes-da-5a-expofaz","status":"publish","type":"post","link":"https:\/\/folhapopular.info\/index.php\/2023\/10\/18\/agroindustria-familiar-e-exposicao-de-animais-sao-algumas-das-atracoes-da-5a-expofaz\/","title":{"rendered":"Agroind\u00fastria familiar e exposi\u00e7\u00e3o de animais s\u00e3o algumas das atra\u00e7\u00f5es da 5\u00aa Expofaz"},"content":{"rendered":"\n<p>Dentro das mais variadas atra\u00e7\u00f5es de entretenimento, cultura e lazer e boas oportunidades de neg\u00f3cios e servi\u00e7os, a 5\u00aa Expofaz &#8211; feira comercial, industrial e agropecu\u00e1ria de Fazenda Vilanova, que inicia nesta quinta-feira e encerra no domingo (19 a 22\/10), no Parque Encanto da Fazenda, no centro do munic\u00edpio, vai mostrar aos visitantes o seu potencial no setor da agroind\u00fastria familiar.\u00a0<\/p>\n\n\n\n<p>O evento coordenado pela Emater\/RS-Ascar de Fazenda Vilanova e apoiado pela Secretaria Municipal de Agricultura reunir\u00e1 produtores rurais do munic\u00edpio e tamb\u00e9m de cidades vizinhas.<\/p>\n\n\n\n<p>O visitante da Expofaz poder\u00e1 degustar e comprar produtos derivados de panifica\u00e7\u00e3o, doces, mel, embutidos de carne su\u00edna e queijos artesanais premiados a pre\u00e7os m\u00f3dicos.<\/p>\n\n\n\n<p>Al\u00e9m dos estandes da agroind\u00fastria, os visitantes poder\u00e3o interagir em uma Casa Colonial, que ser\u00e1 reproduzida com pomar de frutas e verduras, jardim e abelhas sem ferr\u00e3o. Tamb\u00e9m produzindo mel em um ambiente de vidro, haver\u00e1 abelhas africanas para que as pessoas possam entender como funciona a sua produ\u00e7\u00e3o. A piscicultura tamb\u00e9m estar\u00e1 em evid\u00eancia no espa\u00e7o.<\/p>\n\n\n\n<p>Uma segunda atra\u00e7\u00e3o, tamb\u00e9m coordenada pela Emater, \u00e9 a exposi\u00e7\u00e3o de animais. Entre eles, destaque para ovinos da Cabanha Iguatam\u00e3 e Cabanha Rainha, estes que foram premiados neste ano na Expointer. Outros animais que abrilhantar\u00e3o a exposi\u00e7\u00e3o s\u00e3o caprinos, novilhos, terneiros e vacas leiteiras, al\u00e9m de cavalos da ra\u00e7a crioulo.\u00a0\u00a0\u00a0<\/p>\n","protected":false},"excerpt":{"rendered":"<p>Dentro das mais variadas atra\u00e7\u00f5es de entretenimento, cultura e lazer e boas oportunidades de neg\u00f3cios e servi\u00e7os, a 5\u00aa Expofaz &#8211; feira comercial, industrial e agropecu\u00e1ria de Fazenda Vilanova, que inicia nesta quinta-feira e encerra no domingo (19 a 22\/10), no Parque Encanto da Fazenda, no centro do munic\u00edpio, vai mostrar aos visitantes o seu [&hellip;]<\/p>\n","protected":false},"author":8,"featured_media":141909,"comment_status":"open","ping_status":"open","sticky":false,"template":"","format":"standard","meta":{"pmpro_default_level":"","_jetpack_memberships_contains_paid_content":false,"footnotes":""},"categories":[2,10991,12473],"tags":[12825,1868,801],"class_list":{"0":"post-141888","1":"post","2":"type-post","3":"status-publish","4":"format-standard","5":"has-post-thumbnail","7":"category-featured","8":"category-economia","9":"category-negocios","10":"tag-5a-expofaz","11":"tag-agroindustria-familiar","12":"tag-fazenda-vilanova","13":"pmpro-has-access"},"yoast_head":"<!-- This site is optimized with the Yoast SEO plugin v27.5 - https:\/\/yoast.com\/product\/yoast-seo-wordpress\/ -->\n<title>Agroind\u00fastria familiar e exposi\u00e7\u00e3o de animais s\u00e3o algumas das atra\u00e7\u00f5es da 5\u00aa Expofaz - Folha Popular<\/title>\n<meta name=\"robots\" content=\"index, follow, max-snippet:-1, max-image-preview:large, max-video-preview:-1\" \/>\n<link rel=\"canonical\" href=\"https:\/\/folhapopular.info\/index.php\/2023\/10\/18\/agroindustria-familiar-e-exposicao-de-animais-sao-algumas-das-atracoes-da-5a-expofaz\/\" \/>\n<meta property=\"og:locale\" content=\"pt_BR\" \/>\n<meta property=\"og:type\" content=\"article\" \/>\n<meta property=\"og:title\" content=\"Agroind\u00fastria familiar e exposi\u00e7\u00e3o de animais s\u00e3o algumas das atra\u00e7\u00f5es da 5\u00aa Expofaz - Folha Popular\" \/>\n<meta property=\"og:description\" content=\"Dentro das mais variadas atra\u00e7\u00f5es de entretenimento, cultura e lazer e boas oportunidades de neg\u00f3cios e servi\u00e7os, a 5\u00aa Expofaz &#8211; feira comercial, industrial e agropecu\u00e1ria de Fazenda Vilanova, que inicia nesta quinta-feira e encerra no domingo (19 a 22\/10), no Parque Encanto da Fazenda, no centro do munic\u00edpio, vai mostrar aos visitantes o seu [&hellip;]\" \/>\n<meta property=\"og:url\" content=\"https:\/\/folhapopular.info\/index.php\/2023\/10\/18\/agroindustria-familiar-e-exposicao-de-animais-sao-algumas-das-atracoes-da-5a-expofaz\/\" \/>\n<meta property=\"og:site_name\" content=\"Folha Popular\" \/>\n<meta property=\"article:published_time\" content=\"2023-10-18T16:40:56+00:00\" \/>\n<meta property=\"article:modified_time\" content=\"2023-10-18T16:40:59+00:00\" \/>\n<meta property=\"og:image\" content=\"http:\/\/folhapopular.info\/wp-content\/uploads\/2023\/10\/WhatsApp-Image-2023-10-18-at-11.33.44.jpeg\" \/>\n\t<meta property=\"og:image:width\" content=\"1600\" \/>\n\t<meta property=\"og:image:height\" content=\"900\" \/>\n\t<meta property=\"og:image:type\" content=\"image\/jpeg\" \/>\n<meta name=\"author\" content=\"Reda\u00e7\u00e3o Folha Popular\" \/>\n<meta name=\"twitter:card\" content=\"summary_large_image\" \/>\n<meta name=\"twitter:label1\" content=\"Escrito por\" \/>\n\t<meta name=\"twitter:data1\" content=\"Reda\u00e7\u00e3o Folha Popular\" \/>\n\t<meta name=\"twitter:label2\" content=\"Est. tempo de leitura\" \/>\n\t<meta name=\"twitter:data2\" content=\"2 minutos\" \/>\n<script type=\"application\/ld+json\" class=\"yoast-schema-graph\">{\"@context\":\"https:\\\/\\\/schema.org\",\"@graph\":[{\"@type\":\"Article\",\"@id\":\"https:\\\/\\\/folhapopular.info\\\/index.php\\\/2023\\\/10\\\/18\\\/agroindustria-familiar-e-exposicao-de-animais-sao-algumas-das-atracoes-da-5a-expofaz\\\/#article\",\"isPartOf\":{\"@id\":\"https:\\\/\\\/folhapopular.info\\\/index.php\\\/2023\\\/10\\\/18\\\/agroindustria-familiar-e-exposicao-de-animais-sao-algumas-das-atracoes-da-5a-expofaz\\\/\"},\"author\":{\"name\":\"Reda\u00e7\u00e3o Folha Popular\",\"@id\":\"https:\\\/\\\/folhapopular.info\\\/#\\\/schema\\\/person\\\/2814e8a0df7643585a9ca38bc6eb9d4b\"},\"headline\":\"Agroind\u00fastria familiar e exposi\u00e7\u00e3o de animais s\u00e3o algumas das atra\u00e7\u00f5es da 5\u00aa Expofaz\",\"datePublished\":\"2023-10-18T16:40:56+00:00\",\"dateModified\":\"2023-10-18T16:40:59+00:00\",\"mainEntityOfPage\":{\"@id\":\"https:\\\/\\\/folhapopular.info\\\/index.php\\\/2023\\\/10\\\/18\\\/agroindustria-familiar-e-exposicao-de-animais-sao-algumas-das-atracoes-da-5a-expofaz\\\/\"},\"wordCount\":260,\"commentCount\":0,\"image\":{\"@id\":\"https:\\\/\\\/folhapopular.info\\\/index.php\\\/2023\\\/10\\\/18\\\/agroindustria-familiar-e-exposicao-de-animais-sao-algumas-das-atracoes-da-5a-expofaz\\\/#primaryimage\"},\"thumbnailUrl\":\"https:\\\/\\\/folhapopular.info\\\/wp-content\\\/uploads\\\/2023\\\/10\\\/WhatsApp-Image-2023-10-18-at-11.33.44.jpeg\",\"keywords\":[\"5\u00aa Expofaz\",\"Agroind\u00fastria Familiar\",\"Fazenda Vilanova\"],\"articleSection\":[\"Destaques\",\"Economia\",\"Neg\u00f3cios\"],\"inLanguage\":\"pt-BR\",\"potentialAction\":[{\"@type\":\"CommentAction\",\"name\":\"Comment\",\"target\":[\"https:\\\/\\\/folhapopular.info\\\/index.php\\\/2023\\\/10\\\/18\\\/agroindustria-familiar-e-exposicao-de-animais-sao-algumas-das-atracoes-da-5a-expofaz\\\/#respond\"]}]},{\"@type\":\"WebPage\",\"@id\":\"https:\\\/\\\/folhapopular.info\\\/index.php\\\/2023\\\/10\\\/18\\\/agroindustria-familiar-e-exposicao-de-animais-sao-algumas-das-atracoes-da-5a-expofaz\\\/\",\"url\":\"https:\\\/\\\/folhapopular.info\\\/index.php\\\/2023\\\/10\\\/18\\\/agroindustria-familiar-e-exposicao-de-animais-sao-algumas-das-atracoes-da-5a-expofaz\\\/\",\"name\":\"Agroind\u00fastria familiar e exposi\u00e7\u00e3o de animais s\u00e3o algumas das atra\u00e7\u00f5es da 5\u00aa Expofaz - Folha Popular\",\"isPartOf\":{\"@id\":\"https:\\\/\\\/folhapopular.info\\\/#website\"},\"primaryImageOfPage\":{\"@id\":\"https:\\\/\\\/folhapopular.info\\\/index.php\\\/2023\\\/10\\\/18\\\/agroindustria-familiar-e-exposicao-de-animais-sao-algumas-das-atracoes-da-5a-expofaz\\\/#primaryimage\"},\"image\":{\"@id\":\"https:\\\/\\\/folhapopular.info\\\/index.php\\\/2023\\\/10\\\/18\\\/agroindustria-familiar-e-exposicao-de-animais-sao-algumas-das-atracoes-da-5a-expofaz\\\/#primaryimage\"},\"thumbnailUrl\":\"https:\\\/\\\/folhapopular.info\\\/wp-content\\\/uploads\\\/2023\\\/10\\\/WhatsApp-Image-2023-10-18-at-11.33.44.jpeg\",\"datePublished\":\"2023-10-18T16:40:56+00:00\",\"dateModified\":\"2023-10-18T16:40:59+00:00\",\"author\":{\"@id\":\"https:\\\/\\\/folhapopular.info\\\/#\\\/schema\\\/person\\\/2814e8a0df7643585a9ca38bc6eb9d4b\"},\"breadcrumb\":{\"@id\":\"https:\\\/\\\/folhapopular.info\\\/index.php\\\/2023\\\/10\\\/18\\\/agroindustria-familiar-e-exposicao-de-animais-sao-algumas-das-atracoes-da-5a-expofaz\\\/#breadcrumb\"},\"inLanguage\":\"pt-BR\",\"potentialAction\":[{\"@type\":\"ReadAction\",\"target\":[\"https:\\\/\\\/folhapopular.info\\\/index.php\\\/2023\\\/10\\\/18\\\/agroindustria-familiar-e-exposicao-de-animais-sao-algumas-das-atracoes-da-5a-expofaz\\\/\"]}]},{\"@type\":\"ImageObject\",\"inLanguage\":\"pt-BR\",\"@id\":\"https:\\\/\\\/folhapopular.info\\\/index.php\\\/2023\\\/10\\\/18\\\/agroindustria-familiar-e-exposicao-de-animais-sao-algumas-das-atracoes-da-5a-expofaz\\\/#primaryimage\",\"url\":\"https:\\\/\\\/folhapopular.info\\\/wp-content\\\/uploads\\\/2023\\\/10\\\/WhatsApp-Image-2023-10-18-at-11.33.44.jpeg\",\"contentUrl\":\"https:\\\/\\\/folhapopular.info\\\/wp-content\\\/uploads\\\/2023\\\/10\\\/WhatsApp-Image-2023-10-18-at-11.33.44.jpeg\",\"width\":1600,\"height\":900,\"caption\":\"Cr\u00e9dito: Paulo S\u00e9rgio Rosa \\\/ Divulga\u00e7\u00e3o\"},{\"@type\":\"BreadcrumbList\",\"@id\":\"https:\\\/\\\/folhapopular.info\\\/index.php\\\/2023\\\/10\\\/18\\\/agroindustria-familiar-e-exposicao-de-animais-sao-algumas-das-atracoes-da-5a-expofaz\\\/#breadcrumb\",\"itemListElement\":[{\"@type\":\"ListItem\",\"position\":1,\"name\":\"In\u00edcio\",\"item\":\"https:\\\/\\\/folhapopular.info\\\/\"},{\"@type\":\"ListItem\",\"position\":2,\"name\":\"Agroind\u00fastria familiar e exposi\u00e7\u00e3o de animais s\u00e3o algumas das atra\u00e7\u00f5es da 5\u00aa Expofaz\"}]},{\"@type\":\"WebSite\",\"@id\":\"https:\\\/\\\/folhapopular.info\\\/#website\",\"url\":\"https:\\\/\\\/folhapopular.info\\\/\",\"name\":\"Folha Popular\",\"description\":\"Onde voc\u00ea tem vez e voz\",\"potentialAction\":[{\"@type\":\"SearchAction\",\"target\":{\"@type\":\"EntryPoint\",\"urlTemplate\":\"https:\\\/\\\/folhapopular.info\\\/?s={search_term_string}\"},\"query-input\":{\"@type\":\"PropertyValueSpecification\",\"valueRequired\":true,\"valueName\":\"search_term_string\"}}],\"inLanguage\":\"pt-BR\"},{\"@type\":\"Person\",\"@id\":\"https:\\\/\\\/folhapopular.info\\\/#\\\/schema\\\/person\\\/2814e8a0df7643585a9ca38bc6eb9d4b\",\"name\":\"Reda\u00e7\u00e3o Folha Popular\",\"image\":{\"@type\":\"ImageObject\",\"inLanguage\":\"pt-BR\",\"@id\":\"https:\\\/\\\/folhapopular.info\\\/wp-content\\\/uploads\\\/2026\\\/04\\\/Folha-1.webp\",\"url\":\"https:\\\/\\\/folhapopular.info\\\/wp-content\\\/uploads\\\/2026\\\/04\\\/Folha-1.webp\",\"contentUrl\":\"https:\\\/\\\/folhapopular.info\\\/wp-content\\\/uploads\\\/2026\\\/04\\\/Folha-1.webp\",\"caption\":\"Reda\u00e7\u00e3o Folha Popular\"},\"url\":\"https:\\\/\\\/folhapopular.info\\\/index.php\\\/author\\\/redacao\\\/\"}]}<\/script>\n<!-- \/ Yoast SEO plugin. -->","yoast_head_json":{"title":"Agroind\u00fastria familiar e exposi\u00e7\u00e3o de animais s\u00e3o algumas das atra\u00e7\u00f5es da 5\u00aa Expofaz - Folha Popular","robots":{"index":"index","follow":"follow","max-snippet":"max-snippet:-1","max-image-preview":"max-image-preview:large","max-video-preview":"max-video-preview:-1"},"canonical":"https:\/\/folhapopular.info\/index.php\/2023\/10\/18\/agroindustria-familiar-e-exposicao-de-animais-sao-algumas-das-atracoes-da-5a-expofaz\/","og_locale":"pt_BR","og_type":"article","og_title":"Agroind\u00fastria familiar e exposi\u00e7\u00e3o de animais s\u00e3o algumas das atra\u00e7\u00f5es da 5\u00aa Expofaz - Folha Popular","og_description":"Dentro das mais variadas atra\u00e7\u00f5es de entretenimento, cultura e lazer e boas oportunidades de neg\u00f3cios e servi\u00e7os, a 5\u00aa Expofaz &#8211; feira comercial, industrial e agropecu\u00e1ria de Fazenda Vilanova, que inicia nesta quinta-feira e encerra no domingo (19 a 22\/10), no Parque Encanto da Fazenda, no centro do munic\u00edpio, vai mostrar aos visitantes o seu [&hellip;]","og_url":"https:\/\/folhapopular.info\/index.php\/2023\/10\/18\/agroindustria-familiar-e-exposicao-de-animais-sao-algumas-das-atracoes-da-5a-expofaz\/","og_site_name":"Folha Popular","article_published_time":"2023-10-18T16:40:56+00:00","article_modified_time":"2023-10-18T16:40:59+00:00","og_image":[{"width":1600,"height":900,"url":"http:\/\/folhapopular.info\/wp-content\/uploads\/2023\/10\/WhatsApp-Image-2023-10-18-at-11.33.44.jpeg","type":"image\/jpeg"}],"author":"Reda\u00e7\u00e3o Folha Popular","twitter_card":"summary_large_image","twitter_misc":{"Escrito por":"Reda\u00e7\u00e3o Folha Popular","Est. tempo de leitura":"2 minutos"},"schema":{"@context":"https:\/\/schema.org","@graph":[{"@type":"Article","@id":"https:\/\/folhapopular.info\/index.php\/2023\/10\/18\/agroindustria-familiar-e-exposicao-de-animais-sao-algumas-das-atracoes-da-5a-expofaz\/#article","isPartOf":{"@id":"https:\/\/folhapopular.info\/index.php\/2023\/10\/18\/agroindustria-familiar-e-exposicao-de-animais-sao-algumas-das-atracoes-da-5a-expofaz\/"},"author":{"name":"Reda\u00e7\u00e3o Folha Popular","@id":"https:\/\/folhapopular.info\/#\/schema\/person\/2814e8a0df7643585a9ca38bc6eb9d4b"},"headline":"Agroind\u00fastria familiar e exposi\u00e7\u00e3o de animais s\u00e3o algumas das atra\u00e7\u00f5es da 5\u00aa Expofaz","datePublished":"2023-10-18T16:40:56+00:00","dateModified":"2023-10-18T16:40:59+00:00","mainEntityOfPage":{"@id":"https:\/\/folhapopular.info\/index.php\/2023\/10\/18\/agroindustria-familiar-e-exposicao-de-animais-sao-algumas-das-atracoes-da-5a-expofaz\/"},"wordCount":260,"commentCount":0,"image":{"@id":"https:\/\/folhapopular.info\/index.php\/2023\/10\/18\/agroindustria-familiar-e-exposicao-de-animais-sao-algumas-das-atracoes-da-5a-expofaz\/#primaryimage"},"thumbnailUrl":"https:\/\/folhapopular.info\/wp-content\/uploads\/2023\/10\/WhatsApp-Image-2023-10-18-at-11.33.44.jpeg","keywords":["5\u00aa Expofaz","Agroind\u00fastria Familiar","Fazenda Vilanova"],"articleSection":["Destaques","Economia","Neg\u00f3cios"],"inLanguage":"pt-BR","potentialAction":[{"@type":"CommentAction","name":"Comment","target":["https:\/\/folhapopular.info\/index.php\/2023\/10\/18\/agroindustria-familiar-e-exposicao-de-animais-sao-algumas-das-atracoes-da-5a-expofaz\/#respond"]}]},{"@type":"WebPage","@id":"https:\/\/folhapopular.info\/index.php\/2023\/10\/18\/agroindustria-familiar-e-exposicao-de-animais-sao-algumas-das-atracoes-da-5a-expofaz\/","url":"https:\/\/folhapopular.info\/index.php\/2023\/10\/18\/agroindustria-familiar-e-exposicao-de-animais-sao-algumas-das-atracoes-da-5a-expofaz\/","name":"Agroind\u00fastria familiar e exposi\u00e7\u00e3o de animais s\u00e3o algumas das atra\u00e7\u00f5es da 5\u00aa Expofaz - Folha Popular","isPartOf":{"@id":"https:\/\/folhapopular.info\/#website"},"primaryImageOfPage":{"@id":"https:\/\/folhapopular.info\/index.php\/2023\/10\/18\/agroindustria-familiar-e-exposicao-de-animais-sao-algumas-das-atracoes-da-5a-expofaz\/#primaryimage"},"image":{"@id":"https:\/\/folhapopular.info\/index.php\/2023\/10\/18\/agroindustria-familiar-e-exposicao-de-animais-sao-algumas-das-atracoes-da-5a-expofaz\/#primaryimage"},"thumbnailUrl":"https:\/\/folhapopular.info\/wp-content\/uploads\/2023\/10\/WhatsApp-Image-2023-10-18-at-11.33.44.jpeg","datePublished":"2023-10-18T16:40:56+00:00","dateModified":"2023-10-18T16:40:59+00:00","author":{"@id":"https:\/\/folhapopular.info\/#\/schema\/person\/2814e8a0df7643585a9ca38bc6eb9d4b"},"breadcrumb":{"@id":"https:\/\/folhapopular.info\/index.php\/2023\/10\/18\/agroindustria-familiar-e-exposicao-de-animais-sao-algumas-das-atracoes-da-5a-expofaz\/#breadcrumb"},"inLanguage":"pt-BR","potentialAction":[{"@type":"ReadAction","target":["https:\/\/folhapopular.info\/index.php\/2023\/10\/18\/agroindustria-familiar-e-exposicao-de-animais-sao-algumas-das-atracoes-da-5a-expofaz\/"]}]},{"@type":"ImageObject","inLanguage":"pt-BR","@id":"https:\/\/folhapopular.info\/index.php\/2023\/10\/18\/agroindustria-familiar-e-exposicao-de-animais-sao-algumas-das-atracoes-da-5a-expofaz\/#primaryimage","url":"https:\/\/folhapopular.info\/wp-content\/uploads\/2023\/10\/WhatsApp-Image-2023-10-18-at-11.33.44.jpeg","contentUrl":"https:\/\/folhapopular.info\/wp-content\/uploads\/2023\/10\/WhatsApp-Image-2023-10-18-at-11.33.44.jpeg","width":1600,"height":900,"caption":"Cr\u00e9dito: Paulo S\u00e9rgio Rosa \/ Divulga\u00e7\u00e3o"},{"@type":"BreadcrumbList","@id":"https:\/\/folhapopular.info\/index.php\/2023\/10\/18\/agroindustria-familiar-e-exposicao-de-animais-sao-algumas-das-atracoes-da-5a-expofaz\/#breadcrumb","itemListElement":[{"@type":"ListItem","position":1,"name":"In\u00edcio","item":"https:\/\/folhapopular.info\/"},{"@type":"ListItem","position":2,"name":"Agroind\u00fastria familiar e exposi\u00e7\u00e3o de animais s\u00e3o algumas das atra\u00e7\u00f5es da 5\u00aa Expofaz"}]},{"@type":"WebSite","@id":"https:\/\/folhapopular.info\/#website","url":"https:\/\/folhapopular.info\/","name":"Folha Popular","description":"Onde voc\u00ea tem vez e voz","potentialAction":[{"@type":"SearchAction","target":{"@type":"EntryPoint","urlTemplate":"https:\/\/folhapopular.info\/?s={search_term_string}"},"query-input":{"@type":"PropertyValueSpecification","valueRequired":true,"valueName":"search_term_string"}}],"inLanguage":"pt-BR"},{"@type":"Person","@id":"https:\/\/folhapopular.info\/#\/schema\/person\/2814e8a0df7643585a9ca38bc6eb9d4b","name":"Reda\u00e7\u00e3o Folha Popular","image":{"@type":"ImageObject","inLanguage":"pt-BR","@id":"https:\/\/folhapopular.info\/wp-content\/uploads\/2026\/04\/Folha-1.webp","url":"https:\/\/folhapopular.info\/wp-content\/uploads\/2026\/04\/Folha-1.webp","contentUrl":"https:\/\/folhapopular.info\/wp-content\/uploads\/2026\/04\/Folha-1.webp","caption":"Reda\u00e7\u00e3o Folha Popular"},"url":"https:\/\/folhapopular.info\/index.php\/author\/redacao\/"}]}},"jetpack_featured_media_url":"https:\/\/folhapopular.info\/wp-content\/uploads\/2023\/10\/WhatsApp-Image-2023-10-18-at-11.33.44.jpeg","jetpack_sharing_enabled":true,"amp_enabled":true,"_links":{"self":[{"href":"https:\/\/folhapopular.info\/index.php\/wp-json\/wp\/v2\/posts\/141888","targetHints":{"allow":["GET"]}}],"collection":[{"href":"https:\/\/folhapopular.info\/index.php\/wp-json\/wp\/v2\/posts"}],"about":[{"href":"https:\/\/folhapopular.info\/index.php\/wp-json\/wp\/v2\/types\/post"}],"author":[{"embeddable":true,"href":"https:\/\/folhapopular.info\/index.php\/wp-json\/wp\/v2\/users\/8"}],"replies":[{"embeddable":true,"href":"https:\/\/folhapopular.info\/index.php\/wp-json\/wp\/v2\/comments?post=141888"}],"version-history":[{"count":0,"href":"https:\/\/folhapopular.info\/index.php\/wp-json\/wp\/v2\/posts\/141888\/revisions"}],"wp:featuredmedia":[{"embeddable":true,"href":"https:\/\/folhapopular.info\/index.php\/wp-json\/wp\/v2\/media\/141909"}],"wp:attachment":[{"href":"https:\/\/folhapopular.info\/index.php\/wp-json\/wp\/v2\/media?parent=141888"}],"wp:term":[{"taxonomy":"category","embeddable":true,"href":"https:\/\/folhapopular.info\/index.php\/wp-json\/wp\/v2\/categories?post=141888"},{"taxonomy":"post_tag","embeddable":true,"href":"https:\/\/folhapopular.info\/index.php\/wp-json\/wp\/v2\/tags?post=141888"}],"curies":[{"name":"wp","href":"https:\/\/api.w.org\/{rel}","templated":true}]}}