{"id":141920,"date":"2023-10-18T15:32:15","date_gmt":"2023-10-18T18:32:15","guid":{"rendered":"https:\/\/folhapopular.info\/?p=141920"},"modified":"2023-10-18T15:32:18","modified_gmt":"2023-10-18T18:32:18","slug":"inscricoes-para-processo-seletivo-do-pim-pcf-encerram-nesta-sexta-feira-em-bom-retiro-do-sul","status":"publish","type":"post","link":"https:\/\/folhapopular.info\/index.php\/2023\/10\/18\/inscricoes-para-processo-seletivo-do-pim-pcf-encerram-nesta-sexta-feira-em-bom-retiro-do-sul\/","title":{"rendered":"Inscri\u00e7\u00f5es para processo seletivo do PIM\/PCF encerram nesta sexta-feira em Bom Retiro do Sul"},"content":{"rendered":"\n<p>Encerra na sexta-feira, 20 de outubro, o prazo para os interessados em participar do processo seletivo simplificado para a contrata\u00e7\u00e3o de pessoal e forma\u00e7\u00e3o de cadastro reserva para desempenhar a fun\u00e7\u00e3o de Visitador (a) dos programas Primeira Inf\u00e2ncia Melhor (PIM) e Crian\u00e7a Feliz (PCF) da Prefeitura de Bom Retiro do Sul.<\/p>\n\n\n\n<p>As inscri\u00e7\u00f5es s\u00e3o gratuitas e devem ser feitas de forma presencial com a entrega da documenta\u00e7\u00e3o necess\u00e1ria junto \u00e0 Secretaria de Sa\u00fade, na Rua Osvaldo Aranha, n\u00ba 154, Bairro Centro, das 8h30 \u00e0s 11h30 ou das 13h30 \u00e0s 16h30. Mais informa\u00e7\u00f5es podem ser obtidas pelo telefone (51) 3766-3464.<\/p>\n\n\n\n<p>Confira o edital n\u00ba 060\/2023 com todos os detalhes do processo seletivo:<\/p>\n\n\n\n<p> <\/p>\n\n\n\n<div data-wp-interactive=\"core\/file\" class=\"wp-block-file\"><object data-wp-bind--hidden=\"!state.hasPdfPreview\" hidden class=\"wp-block-file__embed\" data=\"https:\/\/folhapopular.info\/wp-content\/uploads\/2023\/10\/1696979434.711.pdf\" type=\"application\/pdf\" style=\"width:100%;height:600px\" aria-label=\"Incorporado de 1696979434.711.\"><\/object><a id=\"wp-block-file--media-09d0299f-4762-4d01-86db-2a5231454b51\" href=\"https:\/\/folhapopular.info\/wp-content\/uploads\/2023\/10\/1696979434.711.pdf\">1696979434.711<\/a><a href=\"https:\/\/folhapopular.info\/wp-content\/uploads\/2023\/10\/1696979434.711.pdf\" class=\"wp-block-file__button wp-element-button\" download aria-describedby=\"wp-block-file--media-09d0299f-4762-4d01-86db-2a5231454b51\">Baixar<\/a><\/div>\n","protected":false},"excerpt":{"rendered":"<p>Encerra na sexta-feira, 20 de outubro, o prazo para os interessados em participar do processo seletivo simplificado para a contrata\u00e7\u00e3o de pessoal e forma\u00e7\u00e3o de cadastro reserva para desempenhar a fun\u00e7\u00e3o de Visitador (a) dos programas Primeira Inf\u00e2ncia Melhor (PIM) e Crian\u00e7a Feliz (PCF) da Prefeitura de Bom Retiro do Sul. As inscri\u00e7\u00f5es s\u00e3o gratuitas [&hellip;]<\/p>\n","protected":false},"author":639,"featured_media":141520,"comment_status":"open","ping_status":"open","sticky":false,"template":"","format":"standard","meta":{"pmpro_default_level":"","_jetpack_memberships_contains_paid_content":false,"footnotes":""},"categories":[2,12041],"tags":[146,1233,481,13397],"class_list":{"0":"post-141920","1":"post","2":"type-post","3":"status-publish","4":"format-standard","5":"has-post-thumbnail","7":"category-featured","8":"category-oportunidades","9":"tag-bom-retiro-do-sul","10":"tag-pim","11":"tag-processo-seletivo","12":"tag-programa-crianca-feliz","13":"pmpro-has-access"},"yoast_head":"<!-- This site is optimized with the Yoast SEO plugin v27.5 - https:\/\/yoast.com\/product\/yoast-seo-wordpress\/ -->\n<title>Inscri\u00e7\u00f5es para processo seletivo do PIM\/PCF encerram nesta sexta-feira em Bom Retiro do Sul - Folha Popular<\/title>\n<meta name=\"robots\" content=\"index, follow, max-snippet:-1, max-image-preview:large, max-video-preview:-1\" \/>\n<link rel=\"canonical\" href=\"https:\/\/folhapopular.info\/index.php\/2023\/10\/18\/inscricoes-para-processo-seletivo-do-pim-pcf-encerram-nesta-sexta-feira-em-bom-retiro-do-sul\/\" \/>\n<meta property=\"og:locale\" content=\"pt_BR\" \/>\n<meta property=\"og:type\" content=\"article\" \/>\n<meta property=\"og:title\" content=\"Inscri\u00e7\u00f5es para processo seletivo do PIM\/PCF encerram nesta sexta-feira em Bom Retiro do Sul - Folha Popular\" \/>\n<meta property=\"og:description\" content=\"Encerra na sexta-feira, 20 de outubro, o prazo para os interessados em participar do processo seletivo simplificado para a contrata\u00e7\u00e3o de pessoal e forma\u00e7\u00e3o de cadastro reserva para desempenhar a fun\u00e7\u00e3o de Visitador (a) dos programas Primeira Inf\u00e2ncia Melhor (PIM) e Crian\u00e7a Feliz (PCF) da Prefeitura de Bom Retiro do Sul. As inscri\u00e7\u00f5es s\u00e3o gratuitas [&hellip;]\" \/>\n<meta property=\"og:url\" content=\"https:\/\/folhapopular.info\/index.php\/2023\/10\/18\/inscricoes-para-processo-seletivo-do-pim-pcf-encerram-nesta-sexta-feira-em-bom-retiro-do-sul\/\" \/>\n<meta property=\"og:site_name\" content=\"Folha Popular\" \/>\n<meta property=\"article:published_time\" content=\"2023-10-18T18:32:15+00:00\" \/>\n<meta property=\"article:modified_time\" content=\"2023-10-18T18:32:18+00:00\" \/>\n<meta property=\"og:image\" content=\"http:\/\/folhapopular.info\/wp-content\/uploads\/2023\/10\/noticias_273_20180504093710.jpg\" \/>\n\t<meta property=\"og:image:width\" content=\"800\" \/>\n\t<meta property=\"og:image:height\" content=\"533\" \/>\n\t<meta property=\"og:image:type\" content=\"image\/jpeg\" \/>\n<meta name=\"author\" content=\"Camille Lenz da Silva\" \/>\n<meta name=\"twitter:card\" content=\"summary_large_image\" \/>\n<meta name=\"twitter:label1\" content=\"Escrito por\" \/>\n\t<meta name=\"twitter:data1\" content=\"Camille Lenz da Silva\" \/>\n\t<meta name=\"twitter:label2\" content=\"Est. tempo de leitura\" \/>\n\t<meta name=\"twitter:data2\" content=\"1 minuto\" \/>\n<script type=\"application\/ld+json\" class=\"yoast-schema-graph\">{\"@context\":\"https:\\\/\\\/schema.org\",\"@graph\":[{\"@type\":\"Article\",\"@id\":\"https:\\\/\\\/folhapopular.info\\\/index.php\\\/2023\\\/10\\\/18\\\/inscricoes-para-processo-seletivo-do-pim-pcf-encerram-nesta-sexta-feira-em-bom-retiro-do-sul\\\/#article\",\"isPartOf\":{\"@id\":\"https:\\\/\\\/folhapopular.info\\\/index.php\\\/2023\\\/10\\\/18\\\/inscricoes-para-processo-seletivo-do-pim-pcf-encerram-nesta-sexta-feira-em-bom-retiro-do-sul\\\/\"},\"author\":{\"name\":\"Camille Lenz da Silva\",\"@id\":\"https:\\\/\\\/folhapopular.info\\\/#\\\/schema\\\/person\\\/f0b811f932ef2505faf473ffaef49df5\"},\"headline\":\"Inscri\u00e7\u00f5es para processo seletivo do PIM\\\/PCF encerram nesta sexta-feira em Bom Retiro do Sul\",\"datePublished\":\"2023-10-18T18:32:15+00:00\",\"dateModified\":\"2023-10-18T18:32:18+00:00\",\"mainEntityOfPage\":{\"@id\":\"https:\\\/\\\/folhapopular.info\\\/index.php\\\/2023\\\/10\\\/18\\\/inscricoes-para-processo-seletivo-do-pim-pcf-encerram-nesta-sexta-feira-em-bom-retiro-do-sul\\\/\"},\"wordCount\":134,\"commentCount\":0,\"image\":{\"@id\":\"https:\\\/\\\/folhapopular.info\\\/index.php\\\/2023\\\/10\\\/18\\\/inscricoes-para-processo-seletivo-do-pim-pcf-encerram-nesta-sexta-feira-em-bom-retiro-do-sul\\\/#primaryimage\"},\"thumbnailUrl\":\"https:\\\/\\\/folhapopular.info\\\/wp-content\\\/uploads\\\/2023\\\/10\\\/noticias_273_20180504093710.jpg\",\"keywords\":[\"Bom Retiro do Sul\",\"PIM\",\"Processo Seletivo\",\"Programa Crian\u00e7a Feliz\"],\"articleSection\":[\"Destaques\",\"Oportunidades\"],\"inLanguage\":\"pt-BR\",\"potentialAction\":[{\"@type\":\"CommentAction\",\"name\":\"Comment\",\"target\":[\"https:\\\/\\\/folhapopular.info\\\/index.php\\\/2023\\\/10\\\/18\\\/inscricoes-para-processo-seletivo-do-pim-pcf-encerram-nesta-sexta-feira-em-bom-retiro-do-sul\\\/#respond\"]}]},{\"@type\":\"WebPage\",\"@id\":\"https:\\\/\\\/folhapopular.info\\\/index.php\\\/2023\\\/10\\\/18\\\/inscricoes-para-processo-seletivo-do-pim-pcf-encerram-nesta-sexta-feira-em-bom-retiro-do-sul\\\/\",\"url\":\"https:\\\/\\\/folhapopular.info\\\/index.php\\\/2023\\\/10\\\/18\\\/inscricoes-para-processo-seletivo-do-pim-pcf-encerram-nesta-sexta-feira-em-bom-retiro-do-sul\\\/\",\"name\":\"Inscri\u00e7\u00f5es para processo seletivo do PIM\\\/PCF encerram nesta sexta-feira em Bom Retiro do Sul - Folha Popular\",\"isPartOf\":{\"@id\":\"https:\\\/\\\/folhapopular.info\\\/#website\"},\"primaryImageOfPage\":{\"@id\":\"https:\\\/\\\/folhapopular.info\\\/index.php\\\/2023\\\/10\\\/18\\\/inscricoes-para-processo-seletivo-do-pim-pcf-encerram-nesta-sexta-feira-em-bom-retiro-do-sul\\\/#primaryimage\"},\"image\":{\"@id\":\"https:\\\/\\\/folhapopular.info\\\/index.php\\\/2023\\\/10\\\/18\\\/inscricoes-para-processo-seletivo-do-pim-pcf-encerram-nesta-sexta-feira-em-bom-retiro-do-sul\\\/#primaryimage\"},\"thumbnailUrl\":\"https:\\\/\\\/folhapopular.info\\\/wp-content\\\/uploads\\\/2023\\\/10\\\/noticias_273_20180504093710.jpg\",\"datePublished\":\"2023-10-18T18:32:15+00:00\",\"dateModified\":\"2023-10-18T18:32:18+00:00\",\"author\":{\"@id\":\"https:\\\/\\\/folhapopular.info\\\/#\\\/schema\\\/person\\\/f0b811f932ef2505faf473ffaef49df5\"},\"breadcrumb\":{\"@id\":\"https:\\\/\\\/folhapopular.info\\\/index.php\\\/2023\\\/10\\\/18\\\/inscricoes-para-processo-seletivo-do-pim-pcf-encerram-nesta-sexta-feira-em-bom-retiro-do-sul\\\/#breadcrumb\"},\"inLanguage\":\"pt-BR\",\"potentialAction\":[{\"@type\":\"ReadAction\",\"target\":[\"https:\\\/\\\/folhapopular.info\\\/index.php\\\/2023\\\/10\\\/18\\\/inscricoes-para-processo-seletivo-do-pim-pcf-encerram-nesta-sexta-feira-em-bom-retiro-do-sul\\\/\"]}]},{\"@type\":\"ImageObject\",\"inLanguage\":\"pt-BR\",\"@id\":\"https:\\\/\\\/folhapopular.info\\\/index.php\\\/2023\\\/10\\\/18\\\/inscricoes-para-processo-seletivo-do-pim-pcf-encerram-nesta-sexta-feira-em-bom-retiro-do-sul\\\/#primaryimage\",\"url\":\"https:\\\/\\\/folhapopular.info\\\/wp-content\\\/uploads\\\/2023\\\/10\\\/noticias_273_20180504093710.jpg\",\"contentUrl\":\"https:\\\/\\\/folhapopular.info\\\/wp-content\\\/uploads\\\/2023\\\/10\\\/noticias_273_20180504093710.jpg\",\"width\":800,\"height\":533,\"caption\":\"Cr\u00e9dito: Divulga\u00e7\u00e3o\"},{\"@type\":\"BreadcrumbList\",\"@id\":\"https:\\\/\\\/folhapopular.info\\\/index.php\\\/2023\\\/10\\\/18\\\/inscricoes-para-processo-seletivo-do-pim-pcf-encerram-nesta-sexta-feira-em-bom-retiro-do-sul\\\/#breadcrumb\",\"itemListElement\":[{\"@type\":\"ListItem\",\"position\":1,\"name\":\"In\u00edcio\",\"item\":\"https:\\\/\\\/folhapopular.info\\\/\"},{\"@type\":\"ListItem\",\"position\":2,\"name\":\"Inscri\u00e7\u00f5es para processo seletivo do PIM\\\/PCF encerram nesta sexta-feira em Bom Retiro do Sul\"}]},{\"@type\":\"WebSite\",\"@id\":\"https:\\\/\\\/folhapopular.info\\\/#website\",\"url\":\"https:\\\/\\\/folhapopular.info\\\/\",\"name\":\"Folha Popular\",\"description\":\"Onde voc\u00ea tem vez e voz\",\"potentialAction\":[{\"@type\":\"SearchAction\",\"target\":{\"@type\":\"EntryPoint\",\"urlTemplate\":\"https:\\\/\\\/folhapopular.info\\\/?s={search_term_string}\"},\"query-input\":{\"@type\":\"PropertyValueSpecification\",\"valueRequired\":true,\"valueName\":\"search_term_string\"}}],\"inLanguage\":\"pt-BR\"},{\"@type\":\"Person\",\"@id\":\"https:\\\/\\\/folhapopular.info\\\/#\\\/schema\\\/person\\\/f0b811f932ef2505faf473ffaef49df5\",\"name\":\"Camille Lenz da Silva\",\"image\":{\"@type\":\"ImageObject\",\"inLanguage\":\"pt-BR\",\"@id\":\"https:\\\/\\\/secure.gravatar.com\\\/avatar\\\/50be826d73ca259ec0e0a88a407f5de800c576c46cfdc57e50ef28551e216fff?s=96&d=mm&r=g\",\"url\":\"https:\\\/\\\/secure.gravatar.com\\\/avatar\\\/50be826d73ca259ec0e0a88a407f5de800c576c46cfdc57e50ef28551e216fff?s=96&d=mm&r=g\",\"contentUrl\":\"https:\\\/\\\/secure.gravatar.com\\\/avatar\\\/50be826d73ca259ec0e0a88a407f5de800c576c46cfdc57e50ef28551e216fff?s=96&d=mm&r=g\",\"caption\":\"Camille Lenz da Silva\"},\"url\":\"https:\\\/\\\/folhapopular.info\\\/index.php\\\/author\\\/camillelenzgmail-com\\\/\"}]}<\/script>\n<!-- \/ Yoast SEO plugin. -->","yoast_head_json":{"title":"Inscri\u00e7\u00f5es para processo seletivo do PIM\/PCF encerram nesta sexta-feira em Bom Retiro do Sul - Folha Popular","robots":{"index":"index","follow":"follow","max-snippet":"max-snippet:-1","max-image-preview":"max-image-preview:large","max-video-preview":"max-video-preview:-1"},"canonical":"https:\/\/folhapopular.info\/index.php\/2023\/10\/18\/inscricoes-para-processo-seletivo-do-pim-pcf-encerram-nesta-sexta-feira-em-bom-retiro-do-sul\/","og_locale":"pt_BR","og_type":"article","og_title":"Inscri\u00e7\u00f5es para processo seletivo do PIM\/PCF encerram nesta sexta-feira em Bom Retiro do Sul - Folha Popular","og_description":"Encerra na sexta-feira, 20 de outubro, o prazo para os interessados em participar do processo seletivo simplificado para a contrata\u00e7\u00e3o de pessoal e forma\u00e7\u00e3o de cadastro reserva para desempenhar a fun\u00e7\u00e3o de Visitador (a) dos programas Primeira Inf\u00e2ncia Melhor (PIM) e Crian\u00e7a Feliz (PCF) da Prefeitura de Bom Retiro do Sul. As inscri\u00e7\u00f5es s\u00e3o gratuitas [&hellip;]","og_url":"https:\/\/folhapopular.info\/index.php\/2023\/10\/18\/inscricoes-para-processo-seletivo-do-pim-pcf-encerram-nesta-sexta-feira-em-bom-retiro-do-sul\/","og_site_name":"Folha Popular","article_published_time":"2023-10-18T18:32:15+00:00","article_modified_time":"2023-10-18T18:32:18+00:00","og_image":[{"width":800,"height":533,"url":"http:\/\/folhapopular.info\/wp-content\/uploads\/2023\/10\/noticias_273_20180504093710.jpg","type":"image\/jpeg"}],"author":"Camille Lenz da Silva","twitter_card":"summary_large_image","twitter_misc":{"Escrito por":"Camille Lenz da Silva","Est. tempo de leitura":"1 minuto"},"schema":{"@context":"https:\/\/schema.org","@graph":[{"@type":"Article","@id":"https:\/\/folhapopular.info\/index.php\/2023\/10\/18\/inscricoes-para-processo-seletivo-do-pim-pcf-encerram-nesta-sexta-feira-em-bom-retiro-do-sul\/#article","isPartOf":{"@id":"https:\/\/folhapopular.info\/index.php\/2023\/10\/18\/inscricoes-para-processo-seletivo-do-pim-pcf-encerram-nesta-sexta-feira-em-bom-retiro-do-sul\/"},"author":{"name":"Camille Lenz da Silva","@id":"https:\/\/folhapopular.info\/#\/schema\/person\/f0b811f932ef2505faf473ffaef49df5"},"headline":"Inscri\u00e7\u00f5es para processo seletivo do PIM\/PCF encerram nesta sexta-feira em Bom Retiro do Sul","datePublished":"2023-10-18T18:32:15+00:00","dateModified":"2023-10-18T18:32:18+00:00","mainEntityOfPage":{"@id":"https:\/\/folhapopular.info\/index.php\/2023\/10\/18\/inscricoes-para-processo-seletivo-do-pim-pcf-encerram-nesta-sexta-feira-em-bom-retiro-do-sul\/"},"wordCount":134,"commentCount":0,"image":{"@id":"https:\/\/folhapopular.info\/index.php\/2023\/10\/18\/inscricoes-para-processo-seletivo-do-pim-pcf-encerram-nesta-sexta-feira-em-bom-retiro-do-sul\/#primaryimage"},"thumbnailUrl":"https:\/\/folhapopular.info\/wp-content\/uploads\/2023\/10\/noticias_273_20180504093710.jpg","keywords":["Bom Retiro do Sul","PIM","Processo Seletivo","Programa Crian\u00e7a Feliz"],"articleSection":["Destaques","Oportunidades"],"inLanguage":"pt-BR","potentialAction":[{"@type":"CommentAction","name":"Comment","target":["https:\/\/folhapopular.info\/index.php\/2023\/10\/18\/inscricoes-para-processo-seletivo-do-pim-pcf-encerram-nesta-sexta-feira-em-bom-retiro-do-sul\/#respond"]}]},{"@type":"WebPage","@id":"https:\/\/folhapopular.info\/index.php\/2023\/10\/18\/inscricoes-para-processo-seletivo-do-pim-pcf-encerram-nesta-sexta-feira-em-bom-retiro-do-sul\/","url":"https:\/\/folhapopular.info\/index.php\/2023\/10\/18\/inscricoes-para-processo-seletivo-do-pim-pcf-encerram-nesta-sexta-feira-em-bom-retiro-do-sul\/","name":"Inscri\u00e7\u00f5es para processo seletivo do PIM\/PCF encerram nesta sexta-feira em Bom Retiro do Sul - Folha Popular","isPartOf":{"@id":"https:\/\/folhapopular.info\/#website"},"primaryImageOfPage":{"@id":"https:\/\/folhapopular.info\/index.php\/2023\/10\/18\/inscricoes-para-processo-seletivo-do-pim-pcf-encerram-nesta-sexta-feira-em-bom-retiro-do-sul\/#primaryimage"},"image":{"@id":"https:\/\/folhapopular.info\/index.php\/2023\/10\/18\/inscricoes-para-processo-seletivo-do-pim-pcf-encerram-nesta-sexta-feira-em-bom-retiro-do-sul\/#primaryimage"},"thumbnailUrl":"https:\/\/folhapopular.info\/wp-content\/uploads\/2023\/10\/noticias_273_20180504093710.jpg","datePublished":"2023-10-18T18:32:15+00:00","dateModified":"2023-10-18T18:32:18+00:00","author":{"@id":"https:\/\/folhapopular.info\/#\/schema\/person\/f0b811f932ef2505faf473ffaef49df5"},"breadcrumb":{"@id":"https:\/\/folhapopular.info\/index.php\/2023\/10\/18\/inscricoes-para-processo-seletivo-do-pim-pcf-encerram-nesta-sexta-feira-em-bom-retiro-do-sul\/#breadcrumb"},"inLanguage":"pt-BR","potentialAction":[{"@type":"ReadAction","target":["https:\/\/folhapopular.info\/index.php\/2023\/10\/18\/inscricoes-para-processo-seletivo-do-pim-pcf-encerram-nesta-sexta-feira-em-bom-retiro-do-sul\/"]}]},{"@type":"ImageObject","inLanguage":"pt-BR","@id":"https:\/\/folhapopular.info\/index.php\/2023\/10\/18\/inscricoes-para-processo-seletivo-do-pim-pcf-encerram-nesta-sexta-feira-em-bom-retiro-do-sul\/#primaryimage","url":"https:\/\/folhapopular.info\/wp-content\/uploads\/2023\/10\/noticias_273_20180504093710.jpg","contentUrl":"https:\/\/folhapopular.info\/wp-content\/uploads\/2023\/10\/noticias_273_20180504093710.jpg","width":800,"height":533,"caption":"Cr\u00e9dito: Divulga\u00e7\u00e3o"},{"@type":"BreadcrumbList","@id":"https:\/\/folhapopular.info\/index.php\/2023\/10\/18\/inscricoes-para-processo-seletivo-do-pim-pcf-encerram-nesta-sexta-feira-em-bom-retiro-do-sul\/#breadcrumb","itemListElement":[{"@type":"ListItem","position":1,"name":"In\u00edcio","item":"https:\/\/folhapopular.info\/"},{"@type":"ListItem","position":2,"name":"Inscri\u00e7\u00f5es para processo seletivo do PIM\/PCF encerram nesta sexta-feira em Bom Retiro do Sul"}]},{"@type":"WebSite","@id":"https:\/\/folhapopular.info\/#website","url":"https:\/\/folhapopular.info\/","name":"Folha Popular","description":"Onde voc\u00ea tem vez e voz","potentialAction":[{"@type":"SearchAction","target":{"@type":"EntryPoint","urlTemplate":"https:\/\/folhapopular.info\/?s={search_term_string}"},"query-input":{"@type":"PropertyValueSpecification","valueRequired":true,"valueName":"search_term_string"}}],"inLanguage":"pt-BR"},{"@type":"Person","@id":"https:\/\/folhapopular.info\/#\/schema\/person\/f0b811f932ef2505faf473ffaef49df5","name":"Camille Lenz da Silva","image":{"@type":"ImageObject","inLanguage":"pt-BR","@id":"https:\/\/secure.gravatar.com\/avatar\/50be826d73ca259ec0e0a88a407f5de800c576c46cfdc57e50ef28551e216fff?s=96&d=mm&r=g","url":"https:\/\/secure.gravatar.com\/avatar\/50be826d73ca259ec0e0a88a407f5de800c576c46cfdc57e50ef28551e216fff?s=96&d=mm&r=g","contentUrl":"https:\/\/secure.gravatar.com\/avatar\/50be826d73ca259ec0e0a88a407f5de800c576c46cfdc57e50ef28551e216fff?s=96&d=mm&r=g","caption":"Camille Lenz da Silva"},"url":"https:\/\/folhapopular.info\/index.php\/author\/camillelenzgmail-com\/"}]}},"jetpack_featured_media_url":"https:\/\/folhapopular.info\/wp-content\/uploads\/2023\/10\/noticias_273_20180504093710.jpg","jetpack_sharing_enabled":true,"amp_enabled":true,"_links":{"self":[{"href":"https:\/\/folhapopular.info\/index.php\/wp-json\/wp\/v2\/posts\/141920","targetHints":{"allow":["GET"]}}],"collection":[{"href":"https:\/\/folhapopular.info\/index.php\/wp-json\/wp\/v2\/posts"}],"about":[{"href":"https:\/\/folhapopular.info\/index.php\/wp-json\/wp\/v2\/types\/post"}],"author":[{"embeddable":true,"href":"https:\/\/folhapopular.info\/index.php\/wp-json\/wp\/v2\/users\/639"}],"replies":[{"embeddable":true,"href":"https:\/\/folhapopular.info\/index.php\/wp-json\/wp\/v2\/comments?post=141920"}],"version-history":[{"count":0,"href":"https:\/\/folhapopular.info\/index.php\/wp-json\/wp\/v2\/posts\/141920\/revisions"}],"wp:featuredmedia":[{"embeddable":true,"href":"https:\/\/folhapopular.info\/index.php\/wp-json\/wp\/v2\/media\/141520"}],"wp:attachment":[{"href":"https:\/\/folhapopular.info\/index.php\/wp-json\/wp\/v2\/media?parent=141920"}],"wp:term":[{"taxonomy":"category","embeddable":true,"href":"https:\/\/folhapopular.info\/index.php\/wp-json\/wp\/v2\/categories?post=141920"},{"taxonomy":"post_tag","embeddable":true,"href":"https:\/\/folhapopular.info\/index.php\/wp-json\/wp\/v2\/tags?post=141920"}],"curies":[{"name":"wp","href":"https:\/\/api.w.org\/{rel}","templated":true}]}}