{"id":141926,"date":"2023-10-18T18:58:00","date_gmt":"2023-10-18T21:58:00","guid":{"rendered":"https:\/\/folhapopular.info\/?p=141926"},"modified":"2023-10-18T16:09:25","modified_gmt":"2023-10-18T19:09:25","slug":"bom-retiro-do-sul-sediara-curso-internacional-de-busca-e-salvamento-em-cheias-urbanas","status":"publish","type":"post","link":"https:\/\/folhapopular.info\/index.php\/2023\/10\/18\/bom-retiro-do-sul-sediara-curso-internacional-de-busca-e-salvamento-em-cheias-urbanas\/","title":{"rendered":"Bom Retiro do Sul sediar\u00e1 Curso Internacional de Busca e Salvamento em Cheias Urbanas"},"content":{"rendered":"\n<p>Com o objetivo de formar elementos capazes de responderem a situa\u00e7\u00f5es de cheias urbanas, com t\u00e9cnicas simples e seguras de interven\u00e7\u00e3o, Bom Retiro do Sul sediar\u00e1 em novembro o Curso Internacional de Busca e Salvamento em Cheias Urbanas. Em parceria entre a  Administra\u00e7\u00e3o Municipal e a Associa\u00e7\u00e3o Ga\u00facha de Resgate, Salvamento e Combate a Inc\u00eandio, o curso ser\u00e1 realizado de 27 a 29 de novembro, com as aulas te\u00f3ricas no audit\u00f3rio da Prefeitura. As vagas s\u00e3o limitadas.<\/p>\n\n\n\n<p>O curso \u00e9 voltado para integrantes das defesas civis municipais e ser\u00e1 ministrado pelo instrutor portugu\u00eas Francisco Rocha, formador de profissionais de emerg\u00eancia. Munic\u00edpios interessados em participar devem entrar em contato com a Asgresci pelo telefone (51) 9 9897-8114. <\/p>\n","protected":false},"excerpt":{"rendered":"<p>Com o objetivo de formar elementos capazes de responderem a situa\u00e7\u00f5es de cheias urbanas, com t\u00e9cnicas simples e seguras de interven\u00e7\u00e3o, Bom Retiro do Sul sediar\u00e1 em novembro o Curso Internacional de Busca e Salvamento em Cheias Urbanas. Em parceria entre a Administra\u00e7\u00e3o Municipal e a Associa\u00e7\u00e3o Ga\u00facha de Resgate, Salvamento e Combate a Inc\u00eandio, [&hellip;]<\/p>\n","protected":false},"author":8,"featured_media":141927,"comment_status":"open","ping_status":"open","sticky":false,"template":"","format":"standard","meta":{"pmpro_default_level":"","_jetpack_memberships_contains_paid_content":false,"footnotes":""},"categories":[2,7],"tags":[146,13434,180],"class_list":{"0":"post-141926","1":"post","2":"type-post","3":"status-publish","4":"format-standard","5":"has-post-thumbnail","7":"category-featured","8":"category-seguranca","9":"tag-bom-retiro-do-sul","10":"tag-curso-internacional-de-bsuca-e-salvamento-em-cheias-urbanas","11":"tag-seguranca","12":"pmpro-has-access"},"yoast_head":"<!-- This site is optimized with the Yoast SEO plugin v27.5 - https:\/\/yoast.com\/product\/yoast-seo-wordpress\/ -->\n<title>Bom Retiro do Sul sediar\u00e1 Curso Internacional de Busca e Salvamento em Cheias Urbanas - Folha Popular<\/title>\n<meta name=\"robots\" content=\"index, follow, max-snippet:-1, max-image-preview:large, max-video-preview:-1\" \/>\n<link rel=\"canonical\" href=\"https:\/\/folhapopular.info\/index.php\/2023\/10\/18\/bom-retiro-do-sul-sediara-curso-internacional-de-busca-e-salvamento-em-cheias-urbanas\/\" \/>\n<meta property=\"og:locale\" content=\"pt_BR\" \/>\n<meta property=\"og:type\" content=\"article\" \/>\n<meta property=\"og:title\" content=\"Bom Retiro do Sul sediar\u00e1 Curso Internacional de Busca e Salvamento em Cheias Urbanas - Folha Popular\" \/>\n<meta property=\"og:description\" content=\"Com o objetivo de formar elementos capazes de responderem a situa\u00e7\u00f5es de cheias urbanas, com t\u00e9cnicas simples e seguras de interven\u00e7\u00e3o, Bom Retiro do Sul sediar\u00e1 em novembro o Curso Internacional de Busca e Salvamento em Cheias Urbanas. Em parceria entre a Administra\u00e7\u00e3o Municipal e a Associa\u00e7\u00e3o Ga\u00facha de Resgate, Salvamento e Combate a Inc\u00eandio, [&hellip;]\" \/>\n<meta property=\"og:url\" content=\"https:\/\/folhapopular.info\/index.php\/2023\/10\/18\/bom-retiro-do-sul-sediara-curso-internacional-de-busca-e-salvamento-em-cheias-urbanas\/\" \/>\n<meta property=\"og:site_name\" content=\"Folha Popular\" \/>\n<meta property=\"article:published_time\" content=\"2023-10-18T21:58:00+00:00\" \/>\n<meta property=\"og:image\" content=\"https:\/\/folhapopular.info\/wp-content\/uploads\/2023\/10\/Reuniao-ASGRESCI-scaled.jpg\" \/>\n\t<meta property=\"og:image:width\" content=\"2560\" \/>\n\t<meta property=\"og:image:height\" content=\"1776\" \/>\n\t<meta property=\"og:image:type\" content=\"image\/jpeg\" \/>\n<meta name=\"author\" content=\"Reda\u00e7\u00e3o Folha Popular\" \/>\n<meta name=\"twitter:card\" content=\"summary_large_image\" \/>\n<meta name=\"twitter:label1\" content=\"Escrito por\" \/>\n\t<meta name=\"twitter:data1\" content=\"Reda\u00e7\u00e3o Folha Popular\" \/>\n\t<meta name=\"twitter:label2\" content=\"Est. tempo de leitura\" \/>\n\t<meta name=\"twitter:data2\" content=\"1 minuto\" \/>\n<script type=\"application\/ld+json\" class=\"yoast-schema-graph\">{\"@context\":\"https:\\\/\\\/schema.org\",\"@graph\":[{\"@type\":\"Article\",\"@id\":\"https:\\\/\\\/folhapopular.info\\\/index.php\\\/2023\\\/10\\\/18\\\/bom-retiro-do-sul-sediara-curso-internacional-de-busca-e-salvamento-em-cheias-urbanas\\\/#article\",\"isPartOf\":{\"@id\":\"https:\\\/\\\/folhapopular.info\\\/index.php\\\/2023\\\/10\\\/18\\\/bom-retiro-do-sul-sediara-curso-internacional-de-busca-e-salvamento-em-cheias-urbanas\\\/\"},\"author\":{\"name\":\"Reda\u00e7\u00e3o Folha Popular\",\"@id\":\"https:\\\/\\\/folhapopular.info\\\/#\\\/schema\\\/person\\\/2814e8a0df7643585a9ca38bc6eb9d4b\"},\"headline\":\"Bom Retiro do Sul sediar\u00e1 Curso Internacional de Busca e Salvamento em Cheias Urbanas\",\"datePublished\":\"2023-10-18T21:58:00+00:00\",\"mainEntityOfPage\":{\"@id\":\"https:\\\/\\\/folhapopular.info\\\/index.php\\\/2023\\\/10\\\/18\\\/bom-retiro-do-sul-sediara-curso-internacional-de-busca-e-salvamento-em-cheias-urbanas\\\/\"},\"wordCount\":138,\"commentCount\":0,\"image\":{\"@id\":\"https:\\\/\\\/folhapopular.info\\\/index.php\\\/2023\\\/10\\\/18\\\/bom-retiro-do-sul-sediara-curso-internacional-de-busca-e-salvamento-em-cheias-urbanas\\\/#primaryimage\"},\"thumbnailUrl\":\"https:\\\/\\\/folhapopular.info\\\/wp-content\\\/uploads\\\/2023\\\/10\\\/Reuniao-ASGRESCI-scaled.jpg\",\"keywords\":[\"Bom Retiro do Sul\",\"Curso Internacional de Bsuca e Salvamento em Cheias Urbanas\",\"Seguran\u00e7a\"],\"articleSection\":[\"Destaques\",\"Seguran\u00e7a\"],\"inLanguage\":\"pt-BR\",\"potentialAction\":[{\"@type\":\"CommentAction\",\"name\":\"Comment\",\"target\":[\"https:\\\/\\\/folhapopular.info\\\/index.php\\\/2023\\\/10\\\/18\\\/bom-retiro-do-sul-sediara-curso-internacional-de-busca-e-salvamento-em-cheias-urbanas\\\/#respond\"]}]},{\"@type\":\"WebPage\",\"@id\":\"https:\\\/\\\/folhapopular.info\\\/index.php\\\/2023\\\/10\\\/18\\\/bom-retiro-do-sul-sediara-curso-internacional-de-busca-e-salvamento-em-cheias-urbanas\\\/\",\"url\":\"https:\\\/\\\/folhapopular.info\\\/index.php\\\/2023\\\/10\\\/18\\\/bom-retiro-do-sul-sediara-curso-internacional-de-busca-e-salvamento-em-cheias-urbanas\\\/\",\"name\":\"Bom Retiro do Sul sediar\u00e1 Curso Internacional de Busca e Salvamento em Cheias Urbanas - Folha Popular\",\"isPartOf\":{\"@id\":\"https:\\\/\\\/folhapopular.info\\\/#website\"},\"primaryImageOfPage\":{\"@id\":\"https:\\\/\\\/folhapopular.info\\\/index.php\\\/2023\\\/10\\\/18\\\/bom-retiro-do-sul-sediara-curso-internacional-de-busca-e-salvamento-em-cheias-urbanas\\\/#primaryimage\"},\"image\":{\"@id\":\"https:\\\/\\\/folhapopular.info\\\/index.php\\\/2023\\\/10\\\/18\\\/bom-retiro-do-sul-sediara-curso-internacional-de-busca-e-salvamento-em-cheias-urbanas\\\/#primaryimage\"},\"thumbnailUrl\":\"https:\\\/\\\/folhapopular.info\\\/wp-content\\\/uploads\\\/2023\\\/10\\\/Reuniao-ASGRESCI-scaled.jpg\",\"datePublished\":\"2023-10-18T21:58:00+00:00\",\"author\":{\"@id\":\"https:\\\/\\\/folhapopular.info\\\/#\\\/schema\\\/person\\\/2814e8a0df7643585a9ca38bc6eb9d4b\"},\"breadcrumb\":{\"@id\":\"https:\\\/\\\/folhapopular.info\\\/index.php\\\/2023\\\/10\\\/18\\\/bom-retiro-do-sul-sediara-curso-internacional-de-busca-e-salvamento-em-cheias-urbanas\\\/#breadcrumb\"},\"inLanguage\":\"pt-BR\",\"potentialAction\":[{\"@type\":\"ReadAction\",\"target\":[\"https:\\\/\\\/folhapopular.info\\\/index.php\\\/2023\\\/10\\\/18\\\/bom-retiro-do-sul-sediara-curso-internacional-de-busca-e-salvamento-em-cheias-urbanas\\\/\"]}]},{\"@type\":\"ImageObject\",\"inLanguage\":\"pt-BR\",\"@id\":\"https:\\\/\\\/folhapopular.info\\\/index.php\\\/2023\\\/10\\\/18\\\/bom-retiro-do-sul-sediara-curso-internacional-de-busca-e-salvamento-em-cheias-urbanas\\\/#primaryimage\",\"url\":\"https:\\\/\\\/folhapopular.info\\\/wp-content\\\/uploads\\\/2023\\\/10\\\/Reuniao-ASGRESCI-scaled.jpg\",\"contentUrl\":\"https:\\\/\\\/folhapopular.info\\\/wp-content\\\/uploads\\\/2023\\\/10\\\/Reuniao-ASGRESCI-scaled.jpg\",\"width\":2560,\"height\":1776,\"caption\":\"Cr\u00e9dito: Fernando Dias \\\/ AI Bom Retiro do Sul\"},{\"@type\":\"BreadcrumbList\",\"@id\":\"https:\\\/\\\/folhapopular.info\\\/index.php\\\/2023\\\/10\\\/18\\\/bom-retiro-do-sul-sediara-curso-internacional-de-busca-e-salvamento-em-cheias-urbanas\\\/#breadcrumb\",\"itemListElement\":[{\"@type\":\"ListItem\",\"position\":1,\"name\":\"In\u00edcio\",\"item\":\"https:\\\/\\\/folhapopular.info\\\/\"},{\"@type\":\"ListItem\",\"position\":2,\"name\":\"Bom Retiro do Sul sediar\u00e1 Curso Internacional de Busca e Salvamento em Cheias Urbanas\"}]},{\"@type\":\"WebSite\",\"@id\":\"https:\\\/\\\/folhapopular.info\\\/#website\",\"url\":\"https:\\\/\\\/folhapopular.info\\\/\",\"name\":\"Folha Popular\",\"description\":\"Onde voc\u00ea tem vez e voz\",\"potentialAction\":[{\"@type\":\"SearchAction\",\"target\":{\"@type\":\"EntryPoint\",\"urlTemplate\":\"https:\\\/\\\/folhapopular.info\\\/?s={search_term_string}\"},\"query-input\":{\"@type\":\"PropertyValueSpecification\",\"valueRequired\":true,\"valueName\":\"search_term_string\"}}],\"inLanguage\":\"pt-BR\"},{\"@type\":\"Person\",\"@id\":\"https:\\\/\\\/folhapopular.info\\\/#\\\/schema\\\/person\\\/2814e8a0df7643585a9ca38bc6eb9d4b\",\"name\":\"Reda\u00e7\u00e3o Folha Popular\",\"image\":{\"@type\":\"ImageObject\",\"inLanguage\":\"pt-BR\",\"@id\":\"https:\\\/\\\/folhapopular.info\\\/wp-content\\\/uploads\\\/2026\\\/04\\\/Folha-1.webp\",\"url\":\"https:\\\/\\\/folhapopular.info\\\/wp-content\\\/uploads\\\/2026\\\/04\\\/Folha-1.webp\",\"contentUrl\":\"https:\\\/\\\/folhapopular.info\\\/wp-content\\\/uploads\\\/2026\\\/04\\\/Folha-1.webp\",\"caption\":\"Reda\u00e7\u00e3o Folha Popular\"},\"url\":\"https:\\\/\\\/folhapopular.info\\\/index.php\\\/author\\\/redacao\\\/\"}]}<\/script>\n<!-- \/ Yoast SEO plugin. -->","yoast_head_json":{"title":"Bom Retiro do Sul sediar\u00e1 Curso Internacional de Busca e Salvamento em Cheias Urbanas - Folha Popular","robots":{"index":"index","follow":"follow","max-snippet":"max-snippet:-1","max-image-preview":"max-image-preview:large","max-video-preview":"max-video-preview:-1"},"canonical":"https:\/\/folhapopular.info\/index.php\/2023\/10\/18\/bom-retiro-do-sul-sediara-curso-internacional-de-busca-e-salvamento-em-cheias-urbanas\/","og_locale":"pt_BR","og_type":"article","og_title":"Bom Retiro do Sul sediar\u00e1 Curso Internacional de Busca e Salvamento em Cheias Urbanas - Folha Popular","og_description":"Com o objetivo de formar elementos capazes de responderem a situa\u00e7\u00f5es de cheias urbanas, com t\u00e9cnicas simples e seguras de interven\u00e7\u00e3o, Bom Retiro do Sul sediar\u00e1 em novembro o Curso Internacional de Busca e Salvamento em Cheias Urbanas. Em parceria entre a Administra\u00e7\u00e3o Municipal e a Associa\u00e7\u00e3o Ga\u00facha de Resgate, Salvamento e Combate a Inc\u00eandio, [&hellip;]","og_url":"https:\/\/folhapopular.info\/index.php\/2023\/10\/18\/bom-retiro-do-sul-sediara-curso-internacional-de-busca-e-salvamento-em-cheias-urbanas\/","og_site_name":"Folha Popular","article_published_time":"2023-10-18T21:58:00+00:00","og_image":[{"width":2560,"height":1776,"url":"https:\/\/folhapopular.info\/wp-content\/uploads\/2023\/10\/Reuniao-ASGRESCI-scaled.jpg","type":"image\/jpeg"}],"author":"Reda\u00e7\u00e3o Folha Popular","twitter_card":"summary_large_image","twitter_misc":{"Escrito por":"Reda\u00e7\u00e3o Folha Popular","Est. tempo de leitura":"1 minuto"},"schema":{"@context":"https:\/\/schema.org","@graph":[{"@type":"Article","@id":"https:\/\/folhapopular.info\/index.php\/2023\/10\/18\/bom-retiro-do-sul-sediara-curso-internacional-de-busca-e-salvamento-em-cheias-urbanas\/#article","isPartOf":{"@id":"https:\/\/folhapopular.info\/index.php\/2023\/10\/18\/bom-retiro-do-sul-sediara-curso-internacional-de-busca-e-salvamento-em-cheias-urbanas\/"},"author":{"name":"Reda\u00e7\u00e3o Folha Popular","@id":"https:\/\/folhapopular.info\/#\/schema\/person\/2814e8a0df7643585a9ca38bc6eb9d4b"},"headline":"Bom Retiro do Sul sediar\u00e1 Curso Internacional de Busca e Salvamento em Cheias Urbanas","datePublished":"2023-10-18T21:58:00+00:00","mainEntityOfPage":{"@id":"https:\/\/folhapopular.info\/index.php\/2023\/10\/18\/bom-retiro-do-sul-sediara-curso-internacional-de-busca-e-salvamento-em-cheias-urbanas\/"},"wordCount":138,"commentCount":0,"image":{"@id":"https:\/\/folhapopular.info\/index.php\/2023\/10\/18\/bom-retiro-do-sul-sediara-curso-internacional-de-busca-e-salvamento-em-cheias-urbanas\/#primaryimage"},"thumbnailUrl":"https:\/\/folhapopular.info\/wp-content\/uploads\/2023\/10\/Reuniao-ASGRESCI-scaled.jpg","keywords":["Bom Retiro do Sul","Curso Internacional de Bsuca e Salvamento em Cheias Urbanas","Seguran\u00e7a"],"articleSection":["Destaques","Seguran\u00e7a"],"inLanguage":"pt-BR","potentialAction":[{"@type":"CommentAction","name":"Comment","target":["https:\/\/folhapopular.info\/index.php\/2023\/10\/18\/bom-retiro-do-sul-sediara-curso-internacional-de-busca-e-salvamento-em-cheias-urbanas\/#respond"]}]},{"@type":"WebPage","@id":"https:\/\/folhapopular.info\/index.php\/2023\/10\/18\/bom-retiro-do-sul-sediara-curso-internacional-de-busca-e-salvamento-em-cheias-urbanas\/","url":"https:\/\/folhapopular.info\/index.php\/2023\/10\/18\/bom-retiro-do-sul-sediara-curso-internacional-de-busca-e-salvamento-em-cheias-urbanas\/","name":"Bom Retiro do Sul sediar\u00e1 Curso Internacional de Busca e Salvamento em Cheias Urbanas - Folha Popular","isPartOf":{"@id":"https:\/\/folhapopular.info\/#website"},"primaryImageOfPage":{"@id":"https:\/\/folhapopular.info\/index.php\/2023\/10\/18\/bom-retiro-do-sul-sediara-curso-internacional-de-busca-e-salvamento-em-cheias-urbanas\/#primaryimage"},"image":{"@id":"https:\/\/folhapopular.info\/index.php\/2023\/10\/18\/bom-retiro-do-sul-sediara-curso-internacional-de-busca-e-salvamento-em-cheias-urbanas\/#primaryimage"},"thumbnailUrl":"https:\/\/folhapopular.info\/wp-content\/uploads\/2023\/10\/Reuniao-ASGRESCI-scaled.jpg","datePublished":"2023-10-18T21:58:00+00:00","author":{"@id":"https:\/\/folhapopular.info\/#\/schema\/person\/2814e8a0df7643585a9ca38bc6eb9d4b"},"breadcrumb":{"@id":"https:\/\/folhapopular.info\/index.php\/2023\/10\/18\/bom-retiro-do-sul-sediara-curso-internacional-de-busca-e-salvamento-em-cheias-urbanas\/#breadcrumb"},"inLanguage":"pt-BR","potentialAction":[{"@type":"ReadAction","target":["https:\/\/folhapopular.info\/index.php\/2023\/10\/18\/bom-retiro-do-sul-sediara-curso-internacional-de-busca-e-salvamento-em-cheias-urbanas\/"]}]},{"@type":"ImageObject","inLanguage":"pt-BR","@id":"https:\/\/folhapopular.info\/index.php\/2023\/10\/18\/bom-retiro-do-sul-sediara-curso-internacional-de-busca-e-salvamento-em-cheias-urbanas\/#primaryimage","url":"https:\/\/folhapopular.info\/wp-content\/uploads\/2023\/10\/Reuniao-ASGRESCI-scaled.jpg","contentUrl":"https:\/\/folhapopular.info\/wp-content\/uploads\/2023\/10\/Reuniao-ASGRESCI-scaled.jpg","width":2560,"height":1776,"caption":"Cr\u00e9dito: Fernando Dias \/ AI Bom Retiro do Sul"},{"@type":"BreadcrumbList","@id":"https:\/\/folhapopular.info\/index.php\/2023\/10\/18\/bom-retiro-do-sul-sediara-curso-internacional-de-busca-e-salvamento-em-cheias-urbanas\/#breadcrumb","itemListElement":[{"@type":"ListItem","position":1,"name":"In\u00edcio","item":"https:\/\/folhapopular.info\/"},{"@type":"ListItem","position":2,"name":"Bom Retiro do Sul sediar\u00e1 Curso Internacional de Busca e Salvamento em Cheias Urbanas"}]},{"@type":"WebSite","@id":"https:\/\/folhapopular.info\/#website","url":"https:\/\/folhapopular.info\/","name":"Folha Popular","description":"Onde voc\u00ea tem vez e voz","potentialAction":[{"@type":"SearchAction","target":{"@type":"EntryPoint","urlTemplate":"https:\/\/folhapopular.info\/?s={search_term_string}"},"query-input":{"@type":"PropertyValueSpecification","valueRequired":true,"valueName":"search_term_string"}}],"inLanguage":"pt-BR"},{"@type":"Person","@id":"https:\/\/folhapopular.info\/#\/schema\/person\/2814e8a0df7643585a9ca38bc6eb9d4b","name":"Reda\u00e7\u00e3o Folha Popular","image":{"@type":"ImageObject","inLanguage":"pt-BR","@id":"https:\/\/folhapopular.info\/wp-content\/uploads\/2026\/04\/Folha-1.webp","url":"https:\/\/folhapopular.info\/wp-content\/uploads\/2026\/04\/Folha-1.webp","contentUrl":"https:\/\/folhapopular.info\/wp-content\/uploads\/2026\/04\/Folha-1.webp","caption":"Reda\u00e7\u00e3o Folha Popular"},"url":"https:\/\/folhapopular.info\/index.php\/author\/redacao\/"}]}},"jetpack_featured_media_url":"https:\/\/folhapopular.info\/wp-content\/uploads\/2023\/10\/Reuniao-ASGRESCI-scaled.jpg","jetpack_sharing_enabled":true,"amp_enabled":true,"_links":{"self":[{"href":"https:\/\/folhapopular.info\/index.php\/wp-json\/wp\/v2\/posts\/141926","targetHints":{"allow":["GET"]}}],"collection":[{"href":"https:\/\/folhapopular.info\/index.php\/wp-json\/wp\/v2\/posts"}],"about":[{"href":"https:\/\/folhapopular.info\/index.php\/wp-json\/wp\/v2\/types\/post"}],"author":[{"embeddable":true,"href":"https:\/\/folhapopular.info\/index.php\/wp-json\/wp\/v2\/users\/8"}],"replies":[{"embeddable":true,"href":"https:\/\/folhapopular.info\/index.php\/wp-json\/wp\/v2\/comments?post=141926"}],"version-history":[{"count":0,"href":"https:\/\/folhapopular.info\/index.php\/wp-json\/wp\/v2\/posts\/141926\/revisions"}],"wp:featuredmedia":[{"embeddable":true,"href":"https:\/\/folhapopular.info\/index.php\/wp-json\/wp\/v2\/media\/141927"}],"wp:attachment":[{"href":"https:\/\/folhapopular.info\/index.php\/wp-json\/wp\/v2\/media?parent=141926"}],"wp:term":[{"taxonomy":"category","embeddable":true,"href":"https:\/\/folhapopular.info\/index.php\/wp-json\/wp\/v2\/categories?post=141926"},{"taxonomy":"post_tag","embeddable":true,"href":"https:\/\/folhapopular.info\/index.php\/wp-json\/wp\/v2\/tags?post=141926"}],"curies":[{"name":"wp","href":"https:\/\/api.w.org\/{rel}","templated":true}]}}