{"id":142003,"date":"2023-10-20T08:24:29","date_gmt":"2023-10-20T11:24:29","guid":{"rendered":"https:\/\/folhapopular.info\/?p=142003"},"modified":"2023-10-20T08:25:16","modified_gmt":"2023-10-20T11:25:16","slug":"5a-expofaz-sedia-encontro-de-produtores-rurais-nesta-sexta-feira","status":"publish","type":"post","link":"https:\/\/folhapopular.info\/index.php\/2023\/10\/20\/5a-expofaz-sedia-encontro-de-produtores-rurais-nesta-sexta-feira\/","title":{"rendered":"5\u00aa Expofaz sedia Encontro de Produtores Rurais nesta sexta-feira"},"content":{"rendered":"\n<p>A 5\u00aa Expofaz, que teve sua abertura nesta quinta-feira (19\/10), segue at\u00e9 o domingo, 22 de outubro e reunir\u00e1 o que Fazenda Vilanova e regi\u00e3o t\u00eam de melhor no com\u00e9rcio, servi\u00e7os, ind\u00fastria e agroneg\u00f3cio, mostrando os setores que integram a economia e que s\u00e3o fontes de renda e trabalho.<\/p>\n\n\n\n<p>Al\u00e9m de divulgar o turismo, o evento visa proporcionar momentos de lazer, entretenimento e integra\u00e7\u00e3o valorizando e incentivando tamb\u00e9m o setor prim\u00e1rio da cidade, que atualmente det\u00e9m 78% do PIB. Diante disso, a Administra\u00e7\u00e3o Municipal, em parceria com a equipe do escrit\u00f3rio local da Emater\/RS-Ascar realizar\u00e1, nesta sexta-feira (20\/10), o Encontro Regional dos Produtores Rurais de Fazenda Vilanova. <\/p>\n\n\n\n<p>Com in\u00edcio \u00e0s 10h no palco principal, na ocasi\u00e3o ser\u00e3o homenageados os 10 primeiros produtores que obtiveram a inscri\u00e7\u00e3o estadual no setor prim\u00e1rio. Ap\u00f3s as homenagens, ser\u00e3o relatadas em v\u00eddeo as hist\u00f3rias de duas fam\u00edlias de agricultores. Os v\u00eddeos mostrar\u00e3o o pioneirismo, suas dificuldades e conquistas. Logo em seguida, 317 produtores receber\u00e3o o cheque retorno do tal\u00e3o de produtor. As comemora\u00e7\u00f5es se encerram com almo\u00e7o no gin\u00e1sio de esportes.<\/p>\n","protected":false},"excerpt":{"rendered":"<p>A 5\u00aa Expofaz, que teve sua abertura nesta quinta-feira (19\/10), segue at\u00e9 o domingo, 22 de outubro e reunir\u00e1 o que Fazenda Vilanova e regi\u00e3o t\u00eam de melhor no com\u00e9rcio, servi\u00e7os, ind\u00fastria e agroneg\u00f3cio, mostrando os setores que integram a economia e que s\u00e3o fontes de renda e trabalho. Al\u00e9m de divulgar o turismo, o [&hellip;]<\/p>\n","protected":false},"author":8,"featured_media":142005,"comment_status":"open","ping_status":"open","sticky":false,"template":"","format":"standard","meta":{"pmpro_default_level":"","_jetpack_memberships_contains_paid_content":false,"footnotes":""},"categories":[2,10991,10994],"tags":[12825,13458,801],"class_list":{"0":"post-142003","1":"post","2":"type-post","3":"status-publish","4":"format-standard","5":"has-post-thumbnail","7":"category-featured","8":"category-economia","9":"category-rural","10":"tag-5a-expofaz","11":"tag-encontro-de-produtores-rurais","12":"tag-fazenda-vilanova","13":"pmpro-has-access"},"yoast_head":"<!-- This site is optimized with the Yoast SEO plugin v27.5 - https:\/\/yoast.com\/product\/yoast-seo-wordpress\/ -->\n<title>5\u00aa Expofaz sedia Encontro de Produtores Rurais nesta sexta-feira - Folha Popular<\/title>\n<meta name=\"robots\" content=\"index, follow, max-snippet:-1, max-image-preview:large, max-video-preview:-1\" \/>\n<link rel=\"canonical\" href=\"https:\/\/folhapopular.info\/index.php\/2023\/10\/20\/5a-expofaz-sedia-encontro-de-produtores-rurais-nesta-sexta-feira\/\" \/>\n<meta property=\"og:locale\" content=\"pt_BR\" \/>\n<meta property=\"og:type\" content=\"article\" \/>\n<meta property=\"og:title\" content=\"5\u00aa Expofaz sedia Encontro de Produtores Rurais nesta sexta-feira - Folha Popular\" \/>\n<meta property=\"og:description\" content=\"A 5\u00aa Expofaz, que teve sua abertura nesta quinta-feira (19\/10), segue at\u00e9 o domingo, 22 de outubro e reunir\u00e1 o que Fazenda Vilanova e regi\u00e3o t\u00eam de melhor no com\u00e9rcio, servi\u00e7os, ind\u00fastria e agroneg\u00f3cio, mostrando os setores que integram a economia e que s\u00e3o fontes de renda e trabalho. Al\u00e9m de divulgar o turismo, o [&hellip;]\" \/>\n<meta property=\"og:url\" content=\"https:\/\/folhapopular.info\/index.php\/2023\/10\/20\/5a-expofaz-sedia-encontro-de-produtores-rurais-nesta-sexta-feira\/\" \/>\n<meta property=\"og:site_name\" content=\"Folha Popular\" \/>\n<meta property=\"article:published_time\" content=\"2023-10-20T11:24:29+00:00\" \/>\n<meta property=\"article:modified_time\" content=\"2023-10-20T11:25:16+00:00\" \/>\n<meta property=\"og:image\" content=\"http:\/\/folhapopular.info\/wp-content\/uploads\/2023\/10\/fazenda-vilanova.png\" \/>\n\t<meta property=\"og:image:width\" content=\"882\" \/>\n\t<meta property=\"og:image:height\" content=\"622\" \/>\n\t<meta property=\"og:image:type\" content=\"image\/png\" \/>\n<meta name=\"author\" content=\"Reda\u00e7\u00e3o Folha Popular\" \/>\n<meta name=\"twitter:card\" content=\"summary_large_image\" \/>\n<meta name=\"twitter:label1\" content=\"Escrito por\" \/>\n\t<meta name=\"twitter:data1\" content=\"Reda\u00e7\u00e3o Folha Popular\" \/>\n\t<meta name=\"twitter:label2\" content=\"Est. tempo de leitura\" \/>\n\t<meta name=\"twitter:data2\" content=\"1 minuto\" \/>\n<script type=\"application\/ld+json\" class=\"yoast-schema-graph\">{\"@context\":\"https:\\\/\\\/schema.org\",\"@graph\":[{\"@type\":\"Article\",\"@id\":\"https:\\\/\\\/folhapopular.info\\\/index.php\\\/2023\\\/10\\\/20\\\/5a-expofaz-sedia-encontro-de-produtores-rurais-nesta-sexta-feira\\\/#article\",\"isPartOf\":{\"@id\":\"https:\\\/\\\/folhapopular.info\\\/index.php\\\/2023\\\/10\\\/20\\\/5a-expofaz-sedia-encontro-de-produtores-rurais-nesta-sexta-feira\\\/\"},\"author\":{\"name\":\"Reda\u00e7\u00e3o Folha Popular\",\"@id\":\"https:\\\/\\\/folhapopular.info\\\/#\\\/schema\\\/person\\\/2814e8a0df7643585a9ca38bc6eb9d4b\"},\"headline\":\"5\u00aa Expofaz sedia Encontro de Produtores Rurais nesta sexta-feira\",\"datePublished\":\"2023-10-20T11:24:29+00:00\",\"dateModified\":\"2023-10-20T11:25:16+00:00\",\"mainEntityOfPage\":{\"@id\":\"https:\\\/\\\/folhapopular.info\\\/index.php\\\/2023\\\/10\\\/20\\\/5a-expofaz-sedia-encontro-de-produtores-rurais-nesta-sexta-feira\\\/\"},\"wordCount\":209,\"commentCount\":0,\"image\":{\"@id\":\"https:\\\/\\\/folhapopular.info\\\/index.php\\\/2023\\\/10\\\/20\\\/5a-expofaz-sedia-encontro-de-produtores-rurais-nesta-sexta-feira\\\/#primaryimage\"},\"thumbnailUrl\":\"https:\\\/\\\/folhapopular.info\\\/wp-content\\\/uploads\\\/2023\\\/10\\\/fazenda-vilanova.png\",\"keywords\":[\"5\u00aa Expofaz\",\"Encontro de Produtores Rurais\",\"Fazenda Vilanova\"],\"articleSection\":[\"Destaques\",\"Economia\",\"Rural\"],\"inLanguage\":\"pt-BR\",\"potentialAction\":[{\"@type\":\"CommentAction\",\"name\":\"Comment\",\"target\":[\"https:\\\/\\\/folhapopular.info\\\/index.php\\\/2023\\\/10\\\/20\\\/5a-expofaz-sedia-encontro-de-produtores-rurais-nesta-sexta-feira\\\/#respond\"]}]},{\"@type\":\"WebPage\",\"@id\":\"https:\\\/\\\/folhapopular.info\\\/index.php\\\/2023\\\/10\\\/20\\\/5a-expofaz-sedia-encontro-de-produtores-rurais-nesta-sexta-feira\\\/\",\"url\":\"https:\\\/\\\/folhapopular.info\\\/index.php\\\/2023\\\/10\\\/20\\\/5a-expofaz-sedia-encontro-de-produtores-rurais-nesta-sexta-feira\\\/\",\"name\":\"5\u00aa Expofaz sedia Encontro de Produtores Rurais nesta sexta-feira - Folha Popular\",\"isPartOf\":{\"@id\":\"https:\\\/\\\/folhapopular.info\\\/#website\"},\"primaryImageOfPage\":{\"@id\":\"https:\\\/\\\/folhapopular.info\\\/index.php\\\/2023\\\/10\\\/20\\\/5a-expofaz-sedia-encontro-de-produtores-rurais-nesta-sexta-feira\\\/#primaryimage\"},\"image\":{\"@id\":\"https:\\\/\\\/folhapopular.info\\\/index.php\\\/2023\\\/10\\\/20\\\/5a-expofaz-sedia-encontro-de-produtores-rurais-nesta-sexta-feira\\\/#primaryimage\"},\"thumbnailUrl\":\"https:\\\/\\\/folhapopular.info\\\/wp-content\\\/uploads\\\/2023\\\/10\\\/fazenda-vilanova.png\",\"datePublished\":\"2023-10-20T11:24:29+00:00\",\"dateModified\":\"2023-10-20T11:25:16+00:00\",\"author\":{\"@id\":\"https:\\\/\\\/folhapopular.info\\\/#\\\/schema\\\/person\\\/2814e8a0df7643585a9ca38bc6eb9d4b\"},\"breadcrumb\":{\"@id\":\"https:\\\/\\\/folhapopular.info\\\/index.php\\\/2023\\\/10\\\/20\\\/5a-expofaz-sedia-encontro-de-produtores-rurais-nesta-sexta-feira\\\/#breadcrumb\"},\"inLanguage\":\"pt-BR\",\"potentialAction\":[{\"@type\":\"ReadAction\",\"target\":[\"https:\\\/\\\/folhapopular.info\\\/index.php\\\/2023\\\/10\\\/20\\\/5a-expofaz-sedia-encontro-de-produtores-rurais-nesta-sexta-feira\\\/\"]}]},{\"@type\":\"ImageObject\",\"inLanguage\":\"pt-BR\",\"@id\":\"https:\\\/\\\/folhapopular.info\\\/index.php\\\/2023\\\/10\\\/20\\\/5a-expofaz-sedia-encontro-de-produtores-rurais-nesta-sexta-feira\\\/#primaryimage\",\"url\":\"https:\\\/\\\/folhapopular.info\\\/wp-content\\\/uploads\\\/2023\\\/10\\\/fazenda-vilanova.png\",\"contentUrl\":\"https:\\\/\\\/folhapopular.info\\\/wp-content\\\/uploads\\\/2023\\\/10\\\/fazenda-vilanova.png\",\"width\":882,\"height\":622,\"caption\":\"Cr\u00e9dito: Divulga\u00e7\u00e3o\"},{\"@type\":\"BreadcrumbList\",\"@id\":\"https:\\\/\\\/folhapopular.info\\\/index.php\\\/2023\\\/10\\\/20\\\/5a-expofaz-sedia-encontro-de-produtores-rurais-nesta-sexta-feira\\\/#breadcrumb\",\"itemListElement\":[{\"@type\":\"ListItem\",\"position\":1,\"name\":\"In\u00edcio\",\"item\":\"https:\\\/\\\/folhapopular.info\\\/\"},{\"@type\":\"ListItem\",\"position\":2,\"name\":\"5\u00aa Expofaz sedia Encontro de Produtores Rurais nesta sexta-feira\"}]},{\"@type\":\"WebSite\",\"@id\":\"https:\\\/\\\/folhapopular.info\\\/#website\",\"url\":\"https:\\\/\\\/folhapopular.info\\\/\",\"name\":\"Folha Popular\",\"description\":\"Onde voc\u00ea tem vez e voz\",\"potentialAction\":[{\"@type\":\"SearchAction\",\"target\":{\"@type\":\"EntryPoint\",\"urlTemplate\":\"https:\\\/\\\/folhapopular.info\\\/?s={search_term_string}\"},\"query-input\":{\"@type\":\"PropertyValueSpecification\",\"valueRequired\":true,\"valueName\":\"search_term_string\"}}],\"inLanguage\":\"pt-BR\"},{\"@type\":\"Person\",\"@id\":\"https:\\\/\\\/folhapopular.info\\\/#\\\/schema\\\/person\\\/2814e8a0df7643585a9ca38bc6eb9d4b\",\"name\":\"Reda\u00e7\u00e3o Folha Popular\",\"image\":{\"@type\":\"ImageObject\",\"inLanguage\":\"pt-BR\",\"@id\":\"https:\\\/\\\/folhapopular.info\\\/wp-content\\\/uploads\\\/2026\\\/04\\\/Folha-1.webp\",\"url\":\"https:\\\/\\\/folhapopular.info\\\/wp-content\\\/uploads\\\/2026\\\/04\\\/Folha-1.webp\",\"contentUrl\":\"https:\\\/\\\/folhapopular.info\\\/wp-content\\\/uploads\\\/2026\\\/04\\\/Folha-1.webp\",\"caption\":\"Reda\u00e7\u00e3o Folha Popular\"},\"url\":\"https:\\\/\\\/folhapopular.info\\\/index.php\\\/author\\\/redacao\\\/\"}]}<\/script>\n<!-- \/ Yoast SEO plugin. -->","yoast_head_json":{"title":"5\u00aa Expofaz sedia Encontro de Produtores Rurais nesta sexta-feira - Folha Popular","robots":{"index":"index","follow":"follow","max-snippet":"max-snippet:-1","max-image-preview":"max-image-preview:large","max-video-preview":"max-video-preview:-1"},"canonical":"https:\/\/folhapopular.info\/index.php\/2023\/10\/20\/5a-expofaz-sedia-encontro-de-produtores-rurais-nesta-sexta-feira\/","og_locale":"pt_BR","og_type":"article","og_title":"5\u00aa Expofaz sedia Encontro de Produtores Rurais nesta sexta-feira - Folha Popular","og_description":"A 5\u00aa Expofaz, que teve sua abertura nesta quinta-feira (19\/10), segue at\u00e9 o domingo, 22 de outubro e reunir\u00e1 o que Fazenda Vilanova e regi\u00e3o t\u00eam de melhor no com\u00e9rcio, servi\u00e7os, ind\u00fastria e agroneg\u00f3cio, mostrando os setores que integram a economia e que s\u00e3o fontes de renda e trabalho. Al\u00e9m de divulgar o turismo, o [&hellip;]","og_url":"https:\/\/folhapopular.info\/index.php\/2023\/10\/20\/5a-expofaz-sedia-encontro-de-produtores-rurais-nesta-sexta-feira\/","og_site_name":"Folha Popular","article_published_time":"2023-10-20T11:24:29+00:00","article_modified_time":"2023-10-20T11:25:16+00:00","og_image":[{"width":882,"height":622,"url":"http:\/\/folhapopular.info\/wp-content\/uploads\/2023\/10\/fazenda-vilanova.png","type":"image\/png"}],"author":"Reda\u00e7\u00e3o Folha Popular","twitter_card":"summary_large_image","twitter_misc":{"Escrito por":"Reda\u00e7\u00e3o Folha Popular","Est. tempo de leitura":"1 minuto"},"schema":{"@context":"https:\/\/schema.org","@graph":[{"@type":"Article","@id":"https:\/\/folhapopular.info\/index.php\/2023\/10\/20\/5a-expofaz-sedia-encontro-de-produtores-rurais-nesta-sexta-feira\/#article","isPartOf":{"@id":"https:\/\/folhapopular.info\/index.php\/2023\/10\/20\/5a-expofaz-sedia-encontro-de-produtores-rurais-nesta-sexta-feira\/"},"author":{"name":"Reda\u00e7\u00e3o Folha Popular","@id":"https:\/\/folhapopular.info\/#\/schema\/person\/2814e8a0df7643585a9ca38bc6eb9d4b"},"headline":"5\u00aa Expofaz sedia Encontro de Produtores Rurais nesta sexta-feira","datePublished":"2023-10-20T11:24:29+00:00","dateModified":"2023-10-20T11:25:16+00:00","mainEntityOfPage":{"@id":"https:\/\/folhapopular.info\/index.php\/2023\/10\/20\/5a-expofaz-sedia-encontro-de-produtores-rurais-nesta-sexta-feira\/"},"wordCount":209,"commentCount":0,"image":{"@id":"https:\/\/folhapopular.info\/index.php\/2023\/10\/20\/5a-expofaz-sedia-encontro-de-produtores-rurais-nesta-sexta-feira\/#primaryimage"},"thumbnailUrl":"https:\/\/folhapopular.info\/wp-content\/uploads\/2023\/10\/fazenda-vilanova.png","keywords":["5\u00aa Expofaz","Encontro de Produtores Rurais","Fazenda Vilanova"],"articleSection":["Destaques","Economia","Rural"],"inLanguage":"pt-BR","potentialAction":[{"@type":"CommentAction","name":"Comment","target":["https:\/\/folhapopular.info\/index.php\/2023\/10\/20\/5a-expofaz-sedia-encontro-de-produtores-rurais-nesta-sexta-feira\/#respond"]}]},{"@type":"WebPage","@id":"https:\/\/folhapopular.info\/index.php\/2023\/10\/20\/5a-expofaz-sedia-encontro-de-produtores-rurais-nesta-sexta-feira\/","url":"https:\/\/folhapopular.info\/index.php\/2023\/10\/20\/5a-expofaz-sedia-encontro-de-produtores-rurais-nesta-sexta-feira\/","name":"5\u00aa Expofaz sedia Encontro de Produtores Rurais nesta sexta-feira - Folha Popular","isPartOf":{"@id":"https:\/\/folhapopular.info\/#website"},"primaryImageOfPage":{"@id":"https:\/\/folhapopular.info\/index.php\/2023\/10\/20\/5a-expofaz-sedia-encontro-de-produtores-rurais-nesta-sexta-feira\/#primaryimage"},"image":{"@id":"https:\/\/folhapopular.info\/index.php\/2023\/10\/20\/5a-expofaz-sedia-encontro-de-produtores-rurais-nesta-sexta-feira\/#primaryimage"},"thumbnailUrl":"https:\/\/folhapopular.info\/wp-content\/uploads\/2023\/10\/fazenda-vilanova.png","datePublished":"2023-10-20T11:24:29+00:00","dateModified":"2023-10-20T11:25:16+00:00","author":{"@id":"https:\/\/folhapopular.info\/#\/schema\/person\/2814e8a0df7643585a9ca38bc6eb9d4b"},"breadcrumb":{"@id":"https:\/\/folhapopular.info\/index.php\/2023\/10\/20\/5a-expofaz-sedia-encontro-de-produtores-rurais-nesta-sexta-feira\/#breadcrumb"},"inLanguage":"pt-BR","potentialAction":[{"@type":"ReadAction","target":["https:\/\/folhapopular.info\/index.php\/2023\/10\/20\/5a-expofaz-sedia-encontro-de-produtores-rurais-nesta-sexta-feira\/"]}]},{"@type":"ImageObject","inLanguage":"pt-BR","@id":"https:\/\/folhapopular.info\/index.php\/2023\/10\/20\/5a-expofaz-sedia-encontro-de-produtores-rurais-nesta-sexta-feira\/#primaryimage","url":"https:\/\/folhapopular.info\/wp-content\/uploads\/2023\/10\/fazenda-vilanova.png","contentUrl":"https:\/\/folhapopular.info\/wp-content\/uploads\/2023\/10\/fazenda-vilanova.png","width":882,"height":622,"caption":"Cr\u00e9dito: Divulga\u00e7\u00e3o"},{"@type":"BreadcrumbList","@id":"https:\/\/folhapopular.info\/index.php\/2023\/10\/20\/5a-expofaz-sedia-encontro-de-produtores-rurais-nesta-sexta-feira\/#breadcrumb","itemListElement":[{"@type":"ListItem","position":1,"name":"In\u00edcio","item":"https:\/\/folhapopular.info\/"},{"@type":"ListItem","position":2,"name":"5\u00aa Expofaz sedia Encontro de Produtores Rurais nesta sexta-feira"}]},{"@type":"WebSite","@id":"https:\/\/folhapopular.info\/#website","url":"https:\/\/folhapopular.info\/","name":"Folha Popular","description":"Onde voc\u00ea tem vez e voz","potentialAction":[{"@type":"SearchAction","target":{"@type":"EntryPoint","urlTemplate":"https:\/\/folhapopular.info\/?s={search_term_string}"},"query-input":{"@type":"PropertyValueSpecification","valueRequired":true,"valueName":"search_term_string"}}],"inLanguage":"pt-BR"},{"@type":"Person","@id":"https:\/\/folhapopular.info\/#\/schema\/person\/2814e8a0df7643585a9ca38bc6eb9d4b","name":"Reda\u00e7\u00e3o Folha Popular","image":{"@type":"ImageObject","inLanguage":"pt-BR","@id":"https:\/\/folhapopular.info\/wp-content\/uploads\/2026\/04\/Folha-1.webp","url":"https:\/\/folhapopular.info\/wp-content\/uploads\/2026\/04\/Folha-1.webp","contentUrl":"https:\/\/folhapopular.info\/wp-content\/uploads\/2026\/04\/Folha-1.webp","caption":"Reda\u00e7\u00e3o Folha Popular"},"url":"https:\/\/folhapopular.info\/index.php\/author\/redacao\/"}]}},"jetpack_featured_media_url":"https:\/\/folhapopular.info\/wp-content\/uploads\/2023\/10\/fazenda-vilanova.png","jetpack_sharing_enabled":true,"amp_enabled":true,"_links":{"self":[{"href":"https:\/\/folhapopular.info\/index.php\/wp-json\/wp\/v2\/posts\/142003","targetHints":{"allow":["GET"]}}],"collection":[{"href":"https:\/\/folhapopular.info\/index.php\/wp-json\/wp\/v2\/posts"}],"about":[{"href":"https:\/\/folhapopular.info\/index.php\/wp-json\/wp\/v2\/types\/post"}],"author":[{"embeddable":true,"href":"https:\/\/folhapopular.info\/index.php\/wp-json\/wp\/v2\/users\/8"}],"replies":[{"embeddable":true,"href":"https:\/\/folhapopular.info\/index.php\/wp-json\/wp\/v2\/comments?post=142003"}],"version-history":[{"count":0,"href":"https:\/\/folhapopular.info\/index.php\/wp-json\/wp\/v2\/posts\/142003\/revisions"}],"wp:featuredmedia":[{"embeddable":true,"href":"https:\/\/folhapopular.info\/index.php\/wp-json\/wp\/v2\/media\/142005"}],"wp:attachment":[{"href":"https:\/\/folhapopular.info\/index.php\/wp-json\/wp\/v2\/media?parent=142003"}],"wp:term":[{"taxonomy":"category","embeddable":true,"href":"https:\/\/folhapopular.info\/index.php\/wp-json\/wp\/v2\/categories?post=142003"},{"taxonomy":"post_tag","embeddable":true,"href":"https:\/\/folhapopular.info\/index.php\/wp-json\/wp\/v2\/tags?post=142003"}],"curies":[{"name":"wp","href":"https:\/\/api.w.org\/{rel}","templated":true}]}}