{"id":142143,"date":"2023-10-22T15:38:32","date_gmt":"2023-10-22T18:38:32","guid":{"rendered":"https:\/\/folhapopular.info\/?p=142143"},"modified":"2023-10-22T15:41:42","modified_gmt":"2023-10-22T18:41:42","slug":"finalistas-de-2022-seguem-sem-vencer-no-regional-de-veteranos-deste-ano","status":"publish","type":"post","link":"https:\/\/folhapopular.info\/index.php\/2023\/10\/22\/finalistas-de-2022-seguem-sem-vencer-no-regional-de-veteranos-deste-ano\/","title":{"rendered":"Finalistas de 2022 seguem sem vencer no Regional de Veteranos deste ano"},"content":{"rendered":"\n<p>O campe\u00e3o Fluminense de Mato Leit\u00e3o e o vice-campe\u00e3o Rudibar de Bom Retiro do Sul t\u00eam mais duas rodadas da fase classificat\u00f3ria para avan\u00e7ar \u00e0s semifinais do Regional de Veteranos de 2023 &#8211; Copa Certel Sicredi. Os dois finalistas do ano passado ainda n\u00e3o ganharam um jogo na edi\u00e7\u00e3o desta temporada e, neste momento, estariam de fora da pr\u00f3xima fase.<\/p>\n\n\n\n<p>Na manh\u00e3 deste domingo (22\/10), o Fluminense de Mato Leit\u00e3o perdeu em casa para o S\u00e3o Jos\u00e9 de Taquari pelo placar de 3 a 1. O Rudibar ficou no empate sem gols com o S\u00e3o Luiz, em Santa Em\u00edlia &#8211; Ven\u00e2ncio Aires. E o Penharol goleou o Canarinho por 4 a 0, em S\u00e3o Bento &#8211; Cruzeiro do Sul.<\/p>\n\n\n\n<h2 class=\"wp-block-heading\"><strong>Resultados &#8211; 4\u00aa rodada &#8211; 22\/10<\/strong><\/h2>\n\n\n\n<figure class=\"wp-block-table is-style-stripes\"><table><tbody><tr><td><strong>Local<\/strong><\/td><td><\/td><td colspan=\"3\"><strong>Confronto<\/strong><\/td><td><\/td><\/tr><tr><td>Mato Leit\u00e3o<\/td><td>Fluminense<\/td><td>1<\/td><td>X<\/td><td>3<\/td><td>S\u00e3o Jos\u00e9<\/td><\/tr><tr><td>Ven\u00e2ncio Aires<\/td><td>S\u00e3o Luiz<\/td><td>0<\/td><td>X<\/td><td>0<\/td><td>Rudibar<\/td><\/tr><tr><td>Cruzeiro do Sul<\/td><td>Canarinho<\/td><td>0<\/td><td>X<\/td><td>4<\/td><td>Penharol<\/td><\/tr><\/tbody><\/table><\/figure>\n\n\n\n<h2 class=\"wp-block-heading\"><strong>Classifica\u00e7\u00e3o dos Veteranos<\/strong><\/h2>\n\n\n\n<figure class=\"wp-block-table is-style-stripes\"><table><tbody><tr><td><\/td><td><strong>EQUIPES<\/strong><\/td><td>PG<\/td><td>J<\/td><td>V<\/td><td>E<\/td><td>D<\/td><td>GP<\/td><td>GS<\/td><td>SG<\/td><td>%<\/td><\/tr><tr><td>1\u00ba<\/td><td>Canarinho<\/td><td>7<\/td><td>4<\/td><td>2<\/td><td>1<\/td><td>1<\/td><td>4<\/td><td>6<\/td><td>-2<\/td><td>58<\/td><\/tr><tr><td>2\u00ba<\/td><td>Penharol<\/td><td>7<\/td><td>4<\/td><td>2<\/td><td>1<\/td><td>1<\/td><td>6<\/td><td>1<\/td><td>5<\/td><td>58<\/td><\/tr><tr><td>3\u00ba<\/td><td>S\u00e3o Luiz<\/td><td>6<\/td><td>4<\/td><td>1<\/td><td>3<\/td><td>0<\/td><td>4<\/td><td>2<\/td><td>2<\/td><td>50<\/td><\/tr><tr><td>4\u00ba<\/td><td>S\u00e3o Jos\u00e9<\/td><td>5<\/td><td>4<\/td><td>1<\/td><td>2<\/td><td>1<\/td><td>5<\/td><td>5<\/td><td>0<\/td><td>42<\/td><\/tr><tr><td>5\u00ba<\/td><td>Fluminense<\/td><td>3<\/td><td>4<\/td><td>0<\/td><td>3<\/td><td>1<\/td><td>3<\/td><td>5<\/td><td>-2<\/td><td>25<\/td><\/tr><tr><td>6\u00ba<\/td><td>Rudibar<\/td><td>2<\/td><td>4<\/td><td>0<\/td><td>2<\/td><td>2<\/td><td>2<\/td><td>5<\/td><td>-3<\/td><td>17<\/td><\/tr><\/tbody><\/table><\/figure>\n","protected":false},"excerpt":{"rendered":"<p>O campe\u00e3o Fluminense de Mato Leit\u00e3o e o vice-campe\u00e3o Rudibar de Bom Retiro do Sul t\u00eam mais duas rodadas da fase classificat\u00f3ria para avan\u00e7ar \u00e0s semifinais do Regional de Veteranos de 2023 &#8211; Copa Certel Sicredi. Os dois finalistas do ano passado ainda n\u00e3o ganharam um jogo na edi\u00e7\u00e3o desta temporada e, neste momento, estariam [&hellip;]<\/p>\n","protected":false},"author":7,"featured_media":116302,"comment_status":"open","ping_status":"open","sticky":false,"template":"","format":"standard","meta":{"pmpro_default_level":"","_jetpack_memberships_contains_paid_content":false,"footnotes":""},"categories":[5,240,288],"tags":[318,147,3334,156],"class_list":{"0":"post-142143","1":"post","2":"type-post","3":"status-publish","4":"format-standard","5":"has-post-thumbnail","7":"category-esportes","8":"category-futebol-amador","9":"category-regional-da-aslivata","10":"tag-copa-certel-sicredi","11":"tag-futebol-amador","12":"tag-regional-de-veteranos","13":"tag-vale-do-taquari","14":"pmpro-has-access"},"yoast_head":"<!-- This site is optimized with the Yoast SEO plugin v27.5 - https:\/\/yoast.com\/product\/yoast-seo-wordpress\/ -->\n<title>Finalistas de 2022 seguem sem vencer no Regional de Veteranos deste ano - Folha Popular<\/title>\n<meta name=\"robots\" content=\"index, follow, max-snippet:-1, max-image-preview:large, max-video-preview:-1\" \/>\n<link rel=\"canonical\" href=\"https:\/\/folhapopular.info\/index.php\/2023\/10\/22\/finalistas-de-2022-seguem-sem-vencer-no-regional-de-veteranos-deste-ano\/\" \/>\n<meta property=\"og:locale\" content=\"pt_BR\" \/>\n<meta property=\"og:type\" content=\"article\" \/>\n<meta property=\"og:title\" content=\"Finalistas de 2022 seguem sem vencer no Regional de Veteranos deste ano - Folha Popular\" \/>\n<meta property=\"og:description\" content=\"O campe\u00e3o Fluminense de Mato Leit\u00e3o e o vice-campe\u00e3o Rudibar de Bom Retiro do Sul t\u00eam mais duas rodadas da fase classificat\u00f3ria para avan\u00e7ar \u00e0s semifinais do Regional de Veteranos de 2023 &#8211; Copa Certel Sicredi. Os dois finalistas do ano passado ainda n\u00e3o ganharam um jogo na edi\u00e7\u00e3o desta temporada e, neste momento, estariam [&hellip;]\" \/>\n<meta property=\"og:url\" content=\"https:\/\/folhapopular.info\/index.php\/2023\/10\/22\/finalistas-de-2022-seguem-sem-vencer-no-regional-de-veteranos-deste-ano\/\" \/>\n<meta property=\"og:site_name\" content=\"Folha Popular\" \/>\n<meta property=\"article:published_time\" content=\"2023-10-22T18:38:32+00:00\" \/>\n<meta property=\"article:modified_time\" content=\"2023-10-22T18:41:42+00:00\" \/>\n<meta property=\"og:image\" content=\"http:\/\/folhapopular.info\/wp-content\/uploads\/2022\/11\/IMG_0582.jpg\" \/>\n\t<meta property=\"og:image:width\" content=\"1280\" \/>\n\t<meta property=\"og:image:height\" content=\"720\" \/>\n\t<meta property=\"og:image:type\" content=\"image\/jpeg\" \/>\n<meta name=\"author\" content=\"Lucas Leandro Brune\" \/>\n<meta name=\"twitter:card\" content=\"summary_large_image\" \/>\n<meta name=\"twitter:label1\" content=\"Escrito por\" \/>\n\t<meta name=\"twitter:data1\" content=\"Lucas Leandro Brune\" \/>\n\t<meta name=\"twitter:label2\" content=\"Est. tempo de leitura\" \/>\n\t<meta name=\"twitter:data2\" content=\"2 minutos\" \/>\n<script type=\"application\/ld+json\" class=\"yoast-schema-graph\">{\"@context\":\"https:\\\/\\\/schema.org\",\"@graph\":[{\"@type\":\"Article\",\"@id\":\"https:\\\/\\\/folhapopular.info\\\/index.php\\\/2023\\\/10\\\/22\\\/finalistas-de-2022-seguem-sem-vencer-no-regional-de-veteranos-deste-ano\\\/#article\",\"isPartOf\":{\"@id\":\"https:\\\/\\\/folhapopular.info\\\/index.php\\\/2023\\\/10\\\/22\\\/finalistas-de-2022-seguem-sem-vencer-no-regional-de-veteranos-deste-ano\\\/\"},\"author\":{\"name\":\"Lucas Leandro Brune\",\"@id\":\"https:\\\/\\\/folhapopular.info\\\/#\\\/schema\\\/person\\\/533a15f60cd49e81ab3a90b4ca33cb36\"},\"headline\":\"Finalistas de 2022 seguem sem vencer no Regional de Veteranos deste ano\",\"datePublished\":\"2023-10-22T18:38:32+00:00\",\"dateModified\":\"2023-10-22T18:41:42+00:00\",\"mainEntityOfPage\":{\"@id\":\"https:\\\/\\\/folhapopular.info\\\/index.php\\\/2023\\\/10\\\/22\\\/finalistas-de-2022-seguem-sem-vencer-no-regional-de-veteranos-deste-ano\\\/\"},\"wordCount\":193,\"commentCount\":0,\"image\":{\"@id\":\"https:\\\/\\\/folhapopular.info\\\/index.php\\\/2023\\\/10\\\/22\\\/finalistas-de-2022-seguem-sem-vencer-no-regional-de-veteranos-deste-ano\\\/#primaryimage\"},\"thumbnailUrl\":\"https:\\\/\\\/folhapopular.info\\\/wp-content\\\/uploads\\\/2022\\\/11\\\/IMG_0582.jpg\",\"keywords\":[\"Copa Certel Sicredi\",\"futebol amador\",\"Regional de Veteranos\",\"Vale do Taquari\"],\"articleSection\":[\"Esportes\",\"Futebol Amador\",\"Regional da Aslivata\"],\"inLanguage\":\"pt-BR\",\"potentialAction\":[{\"@type\":\"CommentAction\",\"name\":\"Comment\",\"target\":[\"https:\\\/\\\/folhapopular.info\\\/index.php\\\/2023\\\/10\\\/22\\\/finalistas-de-2022-seguem-sem-vencer-no-regional-de-veteranos-deste-ano\\\/#respond\"]}]},{\"@type\":\"WebPage\",\"@id\":\"https:\\\/\\\/folhapopular.info\\\/index.php\\\/2023\\\/10\\\/22\\\/finalistas-de-2022-seguem-sem-vencer-no-regional-de-veteranos-deste-ano\\\/\",\"url\":\"https:\\\/\\\/folhapopular.info\\\/index.php\\\/2023\\\/10\\\/22\\\/finalistas-de-2022-seguem-sem-vencer-no-regional-de-veteranos-deste-ano\\\/\",\"name\":\"Finalistas de 2022 seguem sem vencer no Regional de Veteranos deste ano - Folha Popular\",\"isPartOf\":{\"@id\":\"https:\\\/\\\/folhapopular.info\\\/#website\"},\"primaryImageOfPage\":{\"@id\":\"https:\\\/\\\/folhapopular.info\\\/index.php\\\/2023\\\/10\\\/22\\\/finalistas-de-2022-seguem-sem-vencer-no-regional-de-veteranos-deste-ano\\\/#primaryimage\"},\"image\":{\"@id\":\"https:\\\/\\\/folhapopular.info\\\/index.php\\\/2023\\\/10\\\/22\\\/finalistas-de-2022-seguem-sem-vencer-no-regional-de-veteranos-deste-ano\\\/#primaryimage\"},\"thumbnailUrl\":\"https:\\\/\\\/folhapopular.info\\\/wp-content\\\/uploads\\\/2022\\\/11\\\/IMG_0582.jpg\",\"datePublished\":\"2023-10-22T18:38:32+00:00\",\"dateModified\":\"2023-10-22T18:41:42+00:00\",\"author\":{\"@id\":\"https:\\\/\\\/folhapopular.info\\\/#\\\/schema\\\/person\\\/533a15f60cd49e81ab3a90b4ca33cb36\"},\"breadcrumb\":{\"@id\":\"https:\\\/\\\/folhapopular.info\\\/index.php\\\/2023\\\/10\\\/22\\\/finalistas-de-2022-seguem-sem-vencer-no-regional-de-veteranos-deste-ano\\\/#breadcrumb\"},\"inLanguage\":\"pt-BR\",\"potentialAction\":[{\"@type\":\"ReadAction\",\"target\":[\"https:\\\/\\\/folhapopular.info\\\/index.php\\\/2023\\\/10\\\/22\\\/finalistas-de-2022-seguem-sem-vencer-no-regional-de-veteranos-deste-ano\\\/\"]}]},{\"@type\":\"ImageObject\",\"inLanguage\":\"pt-BR\",\"@id\":\"https:\\\/\\\/folhapopular.info\\\/index.php\\\/2023\\\/10\\\/22\\\/finalistas-de-2022-seguem-sem-vencer-no-regional-de-veteranos-deste-ano\\\/#primaryimage\",\"url\":\"https:\\\/\\\/folhapopular.info\\\/wp-content\\\/uploads\\\/2022\\\/11\\\/IMG_0582.jpg\",\"contentUrl\":\"https:\\\/\\\/folhapopular.info\\\/wp-content\\\/uploads\\\/2022\\\/11\\\/IMG_0582.jpg\",\"width\":1280,\"height\":720,\"caption\":\"Fluminense de Mato Leit\u00e3o foi o campe\u00e3o Regional de Veteranos em 2022 \\\/\\\/\\\/ Cr\u00e9dito: Lucas Leandro Brune\"},{\"@type\":\"BreadcrumbList\",\"@id\":\"https:\\\/\\\/folhapopular.info\\\/index.php\\\/2023\\\/10\\\/22\\\/finalistas-de-2022-seguem-sem-vencer-no-regional-de-veteranos-deste-ano\\\/#breadcrumb\",\"itemListElement\":[{\"@type\":\"ListItem\",\"position\":1,\"name\":\"In\u00edcio\",\"item\":\"https:\\\/\\\/folhapopular.info\\\/\"},{\"@type\":\"ListItem\",\"position\":2,\"name\":\"Finalistas de 2022 seguem sem vencer no Regional de Veteranos deste ano\"}]},{\"@type\":\"WebSite\",\"@id\":\"https:\\\/\\\/folhapopular.info\\\/#website\",\"url\":\"https:\\\/\\\/folhapopular.info\\\/\",\"name\":\"Folha Popular\",\"description\":\"Onde voc\u00ea tem vez e voz\",\"potentialAction\":[{\"@type\":\"SearchAction\",\"target\":{\"@type\":\"EntryPoint\",\"urlTemplate\":\"https:\\\/\\\/folhapopular.info\\\/?s={search_term_string}\"},\"query-input\":{\"@type\":\"PropertyValueSpecification\",\"valueRequired\":true,\"valueName\":\"search_term_string\"}}],\"inLanguage\":\"pt-BR\"},{\"@type\":\"Person\",\"@id\":\"https:\\\/\\\/folhapopular.info\\\/#\\\/schema\\\/person\\\/533a15f60cd49e81ab3a90b4ca33cb36\",\"name\":\"Lucas Leandro Brune\",\"image\":{\"@type\":\"ImageObject\",\"inLanguage\":\"pt-BR\",\"@id\":\"https:\\\/\\\/folhapopular.info\\\/wp-content\\\/uploads\\\/2026\\\/04\\\/LUCAS-1-1.webp\",\"url\":\"https:\\\/\\\/folhapopular.info\\\/wp-content\\\/uploads\\\/2026\\\/04\\\/LUCAS-1-1.webp\",\"contentUrl\":\"https:\\\/\\\/folhapopular.info\\\/wp-content\\\/uploads\\\/2026\\\/04\\\/LUCAS-1-1.webp\",\"caption\":\"Lucas Leandro Brune\"},\"description\":\"Jornalista Profissional Diplomado MTB\\\/RS 14.333\",\"url\":\"https:\\\/\\\/folhapopular.info\\\/index.php\\\/author\\\/lucas-brune\\\/\"}]}<\/script>\n<!-- \/ Yoast SEO plugin. -->","yoast_head_json":{"title":"Finalistas de 2022 seguem sem vencer no Regional de Veteranos deste ano - Folha Popular","robots":{"index":"index","follow":"follow","max-snippet":"max-snippet:-1","max-image-preview":"max-image-preview:large","max-video-preview":"max-video-preview:-1"},"canonical":"https:\/\/folhapopular.info\/index.php\/2023\/10\/22\/finalistas-de-2022-seguem-sem-vencer-no-regional-de-veteranos-deste-ano\/","og_locale":"pt_BR","og_type":"article","og_title":"Finalistas de 2022 seguem sem vencer no Regional de Veteranos deste ano - Folha Popular","og_description":"O campe\u00e3o Fluminense de Mato Leit\u00e3o e o vice-campe\u00e3o Rudibar de Bom Retiro do Sul t\u00eam mais duas rodadas da fase classificat\u00f3ria para avan\u00e7ar \u00e0s semifinais do Regional de Veteranos de 2023 &#8211; Copa Certel Sicredi. Os dois finalistas do ano passado ainda n\u00e3o ganharam um jogo na edi\u00e7\u00e3o desta temporada e, neste momento, estariam [&hellip;]","og_url":"https:\/\/folhapopular.info\/index.php\/2023\/10\/22\/finalistas-de-2022-seguem-sem-vencer-no-regional-de-veteranos-deste-ano\/","og_site_name":"Folha Popular","article_published_time":"2023-10-22T18:38:32+00:00","article_modified_time":"2023-10-22T18:41:42+00:00","og_image":[{"width":1280,"height":720,"url":"http:\/\/folhapopular.info\/wp-content\/uploads\/2022\/11\/IMG_0582.jpg","type":"image\/jpeg"}],"author":"Lucas Leandro Brune","twitter_card":"summary_large_image","twitter_misc":{"Escrito por":"Lucas Leandro Brune","Est. tempo de leitura":"2 minutos"},"schema":{"@context":"https:\/\/schema.org","@graph":[{"@type":"Article","@id":"https:\/\/folhapopular.info\/index.php\/2023\/10\/22\/finalistas-de-2022-seguem-sem-vencer-no-regional-de-veteranos-deste-ano\/#article","isPartOf":{"@id":"https:\/\/folhapopular.info\/index.php\/2023\/10\/22\/finalistas-de-2022-seguem-sem-vencer-no-regional-de-veteranos-deste-ano\/"},"author":{"name":"Lucas Leandro Brune","@id":"https:\/\/folhapopular.info\/#\/schema\/person\/533a15f60cd49e81ab3a90b4ca33cb36"},"headline":"Finalistas de 2022 seguem sem vencer no Regional de Veteranos deste ano","datePublished":"2023-10-22T18:38:32+00:00","dateModified":"2023-10-22T18:41:42+00:00","mainEntityOfPage":{"@id":"https:\/\/folhapopular.info\/index.php\/2023\/10\/22\/finalistas-de-2022-seguem-sem-vencer-no-regional-de-veteranos-deste-ano\/"},"wordCount":193,"commentCount":0,"image":{"@id":"https:\/\/folhapopular.info\/index.php\/2023\/10\/22\/finalistas-de-2022-seguem-sem-vencer-no-regional-de-veteranos-deste-ano\/#primaryimage"},"thumbnailUrl":"https:\/\/folhapopular.info\/wp-content\/uploads\/2022\/11\/IMG_0582.jpg","keywords":["Copa Certel Sicredi","futebol amador","Regional de Veteranos","Vale do Taquari"],"articleSection":["Esportes","Futebol Amador","Regional da Aslivata"],"inLanguage":"pt-BR","potentialAction":[{"@type":"CommentAction","name":"Comment","target":["https:\/\/folhapopular.info\/index.php\/2023\/10\/22\/finalistas-de-2022-seguem-sem-vencer-no-regional-de-veteranos-deste-ano\/#respond"]}]},{"@type":"WebPage","@id":"https:\/\/folhapopular.info\/index.php\/2023\/10\/22\/finalistas-de-2022-seguem-sem-vencer-no-regional-de-veteranos-deste-ano\/","url":"https:\/\/folhapopular.info\/index.php\/2023\/10\/22\/finalistas-de-2022-seguem-sem-vencer-no-regional-de-veteranos-deste-ano\/","name":"Finalistas de 2022 seguem sem vencer no Regional de Veteranos deste ano - Folha Popular","isPartOf":{"@id":"https:\/\/folhapopular.info\/#website"},"primaryImageOfPage":{"@id":"https:\/\/folhapopular.info\/index.php\/2023\/10\/22\/finalistas-de-2022-seguem-sem-vencer-no-regional-de-veteranos-deste-ano\/#primaryimage"},"image":{"@id":"https:\/\/folhapopular.info\/index.php\/2023\/10\/22\/finalistas-de-2022-seguem-sem-vencer-no-regional-de-veteranos-deste-ano\/#primaryimage"},"thumbnailUrl":"https:\/\/folhapopular.info\/wp-content\/uploads\/2022\/11\/IMG_0582.jpg","datePublished":"2023-10-22T18:38:32+00:00","dateModified":"2023-10-22T18:41:42+00:00","author":{"@id":"https:\/\/folhapopular.info\/#\/schema\/person\/533a15f60cd49e81ab3a90b4ca33cb36"},"breadcrumb":{"@id":"https:\/\/folhapopular.info\/index.php\/2023\/10\/22\/finalistas-de-2022-seguem-sem-vencer-no-regional-de-veteranos-deste-ano\/#breadcrumb"},"inLanguage":"pt-BR","potentialAction":[{"@type":"ReadAction","target":["https:\/\/folhapopular.info\/index.php\/2023\/10\/22\/finalistas-de-2022-seguem-sem-vencer-no-regional-de-veteranos-deste-ano\/"]}]},{"@type":"ImageObject","inLanguage":"pt-BR","@id":"https:\/\/folhapopular.info\/index.php\/2023\/10\/22\/finalistas-de-2022-seguem-sem-vencer-no-regional-de-veteranos-deste-ano\/#primaryimage","url":"https:\/\/folhapopular.info\/wp-content\/uploads\/2022\/11\/IMG_0582.jpg","contentUrl":"https:\/\/folhapopular.info\/wp-content\/uploads\/2022\/11\/IMG_0582.jpg","width":1280,"height":720,"caption":"Fluminense de Mato Leit\u00e3o foi o campe\u00e3o Regional de Veteranos em 2022 \/\/\/ Cr\u00e9dito: Lucas Leandro Brune"},{"@type":"BreadcrumbList","@id":"https:\/\/folhapopular.info\/index.php\/2023\/10\/22\/finalistas-de-2022-seguem-sem-vencer-no-regional-de-veteranos-deste-ano\/#breadcrumb","itemListElement":[{"@type":"ListItem","position":1,"name":"In\u00edcio","item":"https:\/\/folhapopular.info\/"},{"@type":"ListItem","position":2,"name":"Finalistas de 2022 seguem sem vencer no Regional de Veteranos deste ano"}]},{"@type":"WebSite","@id":"https:\/\/folhapopular.info\/#website","url":"https:\/\/folhapopular.info\/","name":"Folha Popular","description":"Onde voc\u00ea tem vez e voz","potentialAction":[{"@type":"SearchAction","target":{"@type":"EntryPoint","urlTemplate":"https:\/\/folhapopular.info\/?s={search_term_string}"},"query-input":{"@type":"PropertyValueSpecification","valueRequired":true,"valueName":"search_term_string"}}],"inLanguage":"pt-BR"},{"@type":"Person","@id":"https:\/\/folhapopular.info\/#\/schema\/person\/533a15f60cd49e81ab3a90b4ca33cb36","name":"Lucas Leandro Brune","image":{"@type":"ImageObject","inLanguage":"pt-BR","@id":"https:\/\/folhapopular.info\/wp-content\/uploads\/2026\/04\/LUCAS-1-1.webp","url":"https:\/\/folhapopular.info\/wp-content\/uploads\/2026\/04\/LUCAS-1-1.webp","contentUrl":"https:\/\/folhapopular.info\/wp-content\/uploads\/2026\/04\/LUCAS-1-1.webp","caption":"Lucas Leandro Brune"},"description":"Jornalista Profissional Diplomado MTB\/RS 14.333","url":"https:\/\/folhapopular.info\/index.php\/author\/lucas-brune\/"}]}},"jetpack_featured_media_url":"https:\/\/folhapopular.info\/wp-content\/uploads\/2022\/11\/IMG_0582.jpg","jetpack_sharing_enabled":true,"amp_enabled":true,"_links":{"self":[{"href":"https:\/\/folhapopular.info\/index.php\/wp-json\/wp\/v2\/posts\/142143","targetHints":{"allow":["GET"]}}],"collection":[{"href":"https:\/\/folhapopular.info\/index.php\/wp-json\/wp\/v2\/posts"}],"about":[{"href":"https:\/\/folhapopular.info\/index.php\/wp-json\/wp\/v2\/types\/post"}],"author":[{"embeddable":true,"href":"https:\/\/folhapopular.info\/index.php\/wp-json\/wp\/v2\/users\/7"}],"replies":[{"embeddable":true,"href":"https:\/\/folhapopular.info\/index.php\/wp-json\/wp\/v2\/comments?post=142143"}],"version-history":[{"count":0,"href":"https:\/\/folhapopular.info\/index.php\/wp-json\/wp\/v2\/posts\/142143\/revisions"}],"wp:featuredmedia":[{"embeddable":true,"href":"https:\/\/folhapopular.info\/index.php\/wp-json\/wp\/v2\/media\/116302"}],"wp:attachment":[{"href":"https:\/\/folhapopular.info\/index.php\/wp-json\/wp\/v2\/media?parent=142143"}],"wp:term":[{"taxonomy":"category","embeddable":true,"href":"https:\/\/folhapopular.info\/index.php\/wp-json\/wp\/v2\/categories?post=142143"},{"taxonomy":"post_tag","embeddable":true,"href":"https:\/\/folhapopular.info\/index.php\/wp-json\/wp\/v2\/tags?post=142143"}],"curies":[{"name":"wp","href":"https:\/\/api.w.org\/{rel}","templated":true}]}}