{"id":142363,"date":"2023-10-25T09:12:40","date_gmt":"2023-10-25T12:12:40","guid":{"rendered":"https:\/\/folhapopular.info\/?p=142363"},"modified":"2023-10-25T09:14:04","modified_gmt":"2023-10-25T12:14:04","slug":"cooperativa-languiru-confirma-fechamento-de-cinco-mercados-ja-a-partir-desta-quarta-feira","status":"publish","type":"post","link":"https:\/\/folhapopular.info\/index.php\/2023\/10\/25\/cooperativa-languiru-confirma-fechamento-de-cinco-mercados-ja-a-partir-desta-quarta-feira\/","title":{"rendered":"Cooperativa Languiru confirma fechamento de cinco mercados j\u00e1 a partir desta quarta-feira"},"content":{"rendered":"\n<p>A Cooperativa Languiru \u2013 Em Liquida\u00e7\u00e3o est\u00e1 com tratativas de negocia\u00e7\u00e3o da sua rede de supermercados. Nesta ter\u00e7a-feira (24\/10), a cooperativa <a href=\"https:\/\/folhapopular.info\/index.php\/2023\/10\/24\/com-queima-de-estoque-repentina-supermercados-languiru-pode-fechar-portas-ainda-nesta-semana\/\" target=\"_blank\" rel=\"noreferrer noopener\">anunciou queima de estoque repentina<\/a> em todos os seis supermercados, com produtos por 50% do pre\u00e7o. <\/p>\n\n\n\n<p>Segundo a Languiru, diante do atual momento de dificuldade em oferta de produtos nas g\u00f4ndolas dessas unidades, os Supermercados Languiru no Bairro Canabarro, em Teut\u00f4nia, em Po\u00e7o das Antas, Cruzeiro do Sul e Arroio do Meio n\u00e3o ter\u00e3o mais atendimento externo a partir desta quarta-feira (25\/10). <\/p>\n\n\n\n<p>A loja matriz, no Bairro Languiru, em Teut\u00f4nia, tem previs\u00e3o de seguir com o atendimento aos clientes enquanto durarem os estoques ou at\u00e9 o pr\u00f3ximo s\u00e1bado, dia 28 de outubro. &#8220;Situa\u00e7\u00f5es envolvendo os funcion\u00e1rios dessas unidades est\u00e3o sendo tratadas pela Cooperativa Languiru junto aos sindicatos da categoria. A partir da consolida\u00e7\u00e3o de negocia\u00e7\u00f5es em andamento, a Cooperativa Languiru far\u00e1 a devida divulga\u00e7\u00e3o, respeitando sigilo e confidencialidade que as mesmas exigem nesse momento, as etapas dos tr\u00e2mites e as organiza\u00e7\u00f5es envolvidas no processo&#8221;, diz a nota.<\/p>\n","protected":false},"excerpt":{"rendered":"<p>A Cooperativa Languiru \u2013 Em Liquida\u00e7\u00e3o est\u00e1 com tratativas de negocia\u00e7\u00e3o da sua rede de supermercados. Nesta ter\u00e7a-feira (24\/10), a cooperativa anunciou queima de estoque repentina em todos os seis supermercados, com produtos por 50% do pre\u00e7o. Segundo a Languiru, diante do atual momento de dificuldade em oferta de produtos nas g\u00f4ndolas dessas unidades, os [&hellip;]<\/p>\n","protected":false},"author":8,"featured_media":141684,"comment_status":"open","ping_status":"open","sticky":false,"template":"","format":"standard","meta":{"pmpro_default_level":"","_jetpack_memberships_contains_paid_content":false,"footnotes":""},"categories":[2,10991],"tags":[313,6394],"class_list":{"0":"post-142363","1":"post","2":"type-post","3":"status-publish","4":"format-standard","5":"has-post-thumbnail","7":"category-featured","8":"category-economia","9":"tag-cooperativa-languiru","10":"tag-supermercados-languiru","11":"pmpro-has-access"},"yoast_head":"<!-- This site is optimized with the Yoast SEO plugin v27.5 - https:\/\/yoast.com\/product\/yoast-seo-wordpress\/ -->\n<title>Cooperativa Languiru confirma fechamento de cinco mercados j\u00e1 a partir desta quarta-feira - Folha Popular<\/title>\n<meta name=\"robots\" content=\"index, follow, max-snippet:-1, max-image-preview:large, max-video-preview:-1\" \/>\n<link rel=\"canonical\" href=\"https:\/\/folhapopular.info\/index.php\/2023\/10\/25\/cooperativa-languiru-confirma-fechamento-de-cinco-mercados-ja-a-partir-desta-quarta-feira\/\" \/>\n<meta property=\"og:locale\" content=\"pt_BR\" \/>\n<meta property=\"og:type\" content=\"article\" \/>\n<meta property=\"og:title\" content=\"Cooperativa Languiru confirma fechamento de cinco mercados j\u00e1 a partir desta quarta-feira - Folha Popular\" \/>\n<meta property=\"og:description\" content=\"A Cooperativa Languiru \u2013 Em Liquida\u00e7\u00e3o est\u00e1 com tratativas de negocia\u00e7\u00e3o da sua rede de supermercados. Nesta ter\u00e7a-feira (24\/10), a cooperativa anunciou queima de estoque repentina em todos os seis supermercados, com produtos por 50% do pre\u00e7o. Segundo a Languiru, diante do atual momento de dificuldade em oferta de produtos nas g\u00f4ndolas dessas unidades, os [&hellip;]\" \/>\n<meta property=\"og:url\" content=\"https:\/\/folhapopular.info\/index.php\/2023\/10\/25\/cooperativa-languiru-confirma-fechamento-de-cinco-mercados-ja-a-partir-desta-quarta-feira\/\" \/>\n<meta property=\"og:site_name\" content=\"Folha Popular\" \/>\n<meta property=\"article:published_time\" content=\"2023-10-25T12:12:40+00:00\" \/>\n<meta property=\"article:modified_time\" content=\"2023-10-25T12:14:04+00:00\" \/>\n<meta property=\"og:image\" content=\"http:\/\/folhapopular.info\/wp-content\/uploads\/2023\/10\/Supermercado-Languiru-do-Bairro-Languiru-Teutonia-e-o-maior-da-rede_Divulgacao-Languiru.jpeg\" \/>\n\t<meta property=\"og:image:width\" content=\"1200\" \/>\n\t<meta property=\"og:image:height\" content=\"850\" \/>\n\t<meta property=\"og:image:type\" content=\"image\/jpeg\" \/>\n<meta name=\"author\" content=\"Reda\u00e7\u00e3o Folha Popular\" \/>\n<meta name=\"twitter:card\" content=\"summary_large_image\" \/>\n<meta name=\"twitter:label1\" content=\"Escrito por\" \/>\n\t<meta name=\"twitter:data1\" content=\"Reda\u00e7\u00e3o Folha Popular\" \/>\n\t<meta name=\"twitter:label2\" content=\"Est. tempo de leitura\" \/>\n\t<meta name=\"twitter:data2\" content=\"1 minuto\" \/>\n<script type=\"application\/ld+json\" class=\"yoast-schema-graph\">{\"@context\":\"https:\\\/\\\/schema.org\",\"@graph\":[{\"@type\":\"Article\",\"@id\":\"https:\\\/\\\/folhapopular.info\\\/index.php\\\/2023\\\/10\\\/25\\\/cooperativa-languiru-confirma-fechamento-de-cinco-mercados-ja-a-partir-desta-quarta-feira\\\/#article\",\"isPartOf\":{\"@id\":\"https:\\\/\\\/folhapopular.info\\\/index.php\\\/2023\\\/10\\\/25\\\/cooperativa-languiru-confirma-fechamento-de-cinco-mercados-ja-a-partir-desta-quarta-feira\\\/\"},\"author\":{\"name\":\"Reda\u00e7\u00e3o Folha Popular\",\"@id\":\"https:\\\/\\\/folhapopular.info\\\/#\\\/schema\\\/person\\\/2814e8a0df7643585a9ca38bc6eb9d4b\"},\"headline\":\"Cooperativa Languiru confirma fechamento de cinco mercados j\u00e1 a partir desta quarta-feira\",\"datePublished\":\"2023-10-25T12:12:40+00:00\",\"dateModified\":\"2023-10-25T12:14:04+00:00\",\"mainEntityOfPage\":{\"@id\":\"https:\\\/\\\/folhapopular.info\\\/index.php\\\/2023\\\/10\\\/25\\\/cooperativa-languiru-confirma-fechamento-de-cinco-mercados-ja-a-partir-desta-quarta-feira\\\/\"},\"wordCount\":196,\"commentCount\":0,\"image\":{\"@id\":\"https:\\\/\\\/folhapopular.info\\\/index.php\\\/2023\\\/10\\\/25\\\/cooperativa-languiru-confirma-fechamento-de-cinco-mercados-ja-a-partir-desta-quarta-feira\\\/#primaryimage\"},\"thumbnailUrl\":\"https:\\\/\\\/folhapopular.info\\\/wp-content\\\/uploads\\\/2023\\\/10\\\/Supermercado-Languiru-do-Bairro-Languiru-Teutonia-e-o-maior-da-rede_Divulgacao-Languiru.jpeg\",\"keywords\":[\"Cooperativa Languiru\",\"Supermercados Languiru\"],\"articleSection\":[\"Destaques\",\"Economia\"],\"inLanguage\":\"pt-BR\",\"potentialAction\":[{\"@type\":\"CommentAction\",\"name\":\"Comment\",\"target\":[\"https:\\\/\\\/folhapopular.info\\\/index.php\\\/2023\\\/10\\\/25\\\/cooperativa-languiru-confirma-fechamento-de-cinco-mercados-ja-a-partir-desta-quarta-feira\\\/#respond\"]}]},{\"@type\":\"WebPage\",\"@id\":\"https:\\\/\\\/folhapopular.info\\\/index.php\\\/2023\\\/10\\\/25\\\/cooperativa-languiru-confirma-fechamento-de-cinco-mercados-ja-a-partir-desta-quarta-feira\\\/\",\"url\":\"https:\\\/\\\/folhapopular.info\\\/index.php\\\/2023\\\/10\\\/25\\\/cooperativa-languiru-confirma-fechamento-de-cinco-mercados-ja-a-partir-desta-quarta-feira\\\/\",\"name\":\"Cooperativa Languiru confirma fechamento de cinco mercados j\u00e1 a partir desta quarta-feira - Folha Popular\",\"isPartOf\":{\"@id\":\"https:\\\/\\\/folhapopular.info\\\/#website\"},\"primaryImageOfPage\":{\"@id\":\"https:\\\/\\\/folhapopular.info\\\/index.php\\\/2023\\\/10\\\/25\\\/cooperativa-languiru-confirma-fechamento-de-cinco-mercados-ja-a-partir-desta-quarta-feira\\\/#primaryimage\"},\"image\":{\"@id\":\"https:\\\/\\\/folhapopular.info\\\/index.php\\\/2023\\\/10\\\/25\\\/cooperativa-languiru-confirma-fechamento-de-cinco-mercados-ja-a-partir-desta-quarta-feira\\\/#primaryimage\"},\"thumbnailUrl\":\"https:\\\/\\\/folhapopular.info\\\/wp-content\\\/uploads\\\/2023\\\/10\\\/Supermercado-Languiru-do-Bairro-Languiru-Teutonia-e-o-maior-da-rede_Divulgacao-Languiru.jpeg\",\"datePublished\":\"2023-10-25T12:12:40+00:00\",\"dateModified\":\"2023-10-25T12:14:04+00:00\",\"author\":{\"@id\":\"https:\\\/\\\/folhapopular.info\\\/#\\\/schema\\\/person\\\/2814e8a0df7643585a9ca38bc6eb9d4b\"},\"breadcrumb\":{\"@id\":\"https:\\\/\\\/folhapopular.info\\\/index.php\\\/2023\\\/10\\\/25\\\/cooperativa-languiru-confirma-fechamento-de-cinco-mercados-ja-a-partir-desta-quarta-feira\\\/#breadcrumb\"},\"inLanguage\":\"pt-BR\",\"potentialAction\":[{\"@type\":\"ReadAction\",\"target\":[\"https:\\\/\\\/folhapopular.info\\\/index.php\\\/2023\\\/10\\\/25\\\/cooperativa-languiru-confirma-fechamento-de-cinco-mercados-ja-a-partir-desta-quarta-feira\\\/\"]}]},{\"@type\":\"ImageObject\",\"inLanguage\":\"pt-BR\",\"@id\":\"https:\\\/\\\/folhapopular.info\\\/index.php\\\/2023\\\/10\\\/25\\\/cooperativa-languiru-confirma-fechamento-de-cinco-mercados-ja-a-partir-desta-quarta-feira\\\/#primaryimage\",\"url\":\"https:\\\/\\\/folhapopular.info\\\/wp-content\\\/uploads\\\/2023\\\/10\\\/Supermercado-Languiru-do-Bairro-Languiru-Teutonia-e-o-maior-da-rede_Divulgacao-Languiru.jpeg\",\"contentUrl\":\"https:\\\/\\\/folhapopular.info\\\/wp-content\\\/uploads\\\/2023\\\/10\\\/Supermercado-Languiru-do-Bairro-Languiru-Teutonia-e-o-maior-da-rede_Divulgacao-Languiru.jpeg\",\"width\":1200,\"height\":850,\"caption\":\"Cr\u00e9dito: Divulgac\u0327a\u0303o Languiru\"},{\"@type\":\"BreadcrumbList\",\"@id\":\"https:\\\/\\\/folhapopular.info\\\/index.php\\\/2023\\\/10\\\/25\\\/cooperativa-languiru-confirma-fechamento-de-cinco-mercados-ja-a-partir-desta-quarta-feira\\\/#breadcrumb\",\"itemListElement\":[{\"@type\":\"ListItem\",\"position\":1,\"name\":\"In\u00edcio\",\"item\":\"https:\\\/\\\/folhapopular.info\\\/\"},{\"@type\":\"ListItem\",\"position\":2,\"name\":\"Cooperativa Languiru confirma fechamento de cinco mercados j\u00e1 a partir desta quarta-feira\"}]},{\"@type\":\"WebSite\",\"@id\":\"https:\\\/\\\/folhapopular.info\\\/#website\",\"url\":\"https:\\\/\\\/folhapopular.info\\\/\",\"name\":\"Folha Popular\",\"description\":\"Onde voc\u00ea tem vez e voz\",\"potentialAction\":[{\"@type\":\"SearchAction\",\"target\":{\"@type\":\"EntryPoint\",\"urlTemplate\":\"https:\\\/\\\/folhapopular.info\\\/?s={search_term_string}\"},\"query-input\":{\"@type\":\"PropertyValueSpecification\",\"valueRequired\":true,\"valueName\":\"search_term_string\"}}],\"inLanguage\":\"pt-BR\"},{\"@type\":\"Person\",\"@id\":\"https:\\\/\\\/folhapopular.info\\\/#\\\/schema\\\/person\\\/2814e8a0df7643585a9ca38bc6eb9d4b\",\"name\":\"Reda\u00e7\u00e3o Folha Popular\",\"image\":{\"@type\":\"ImageObject\",\"inLanguage\":\"pt-BR\",\"@id\":\"https:\\\/\\\/folhapopular.info\\\/wp-content\\\/uploads\\\/2026\\\/04\\\/Folha-1.webp\",\"url\":\"https:\\\/\\\/folhapopular.info\\\/wp-content\\\/uploads\\\/2026\\\/04\\\/Folha-1.webp\",\"contentUrl\":\"https:\\\/\\\/folhapopular.info\\\/wp-content\\\/uploads\\\/2026\\\/04\\\/Folha-1.webp\",\"caption\":\"Reda\u00e7\u00e3o Folha Popular\"},\"url\":\"https:\\\/\\\/folhapopular.info\\\/index.php\\\/author\\\/redacao\\\/\"}]}<\/script>\n<!-- \/ Yoast SEO plugin. -->","yoast_head_json":{"title":"Cooperativa Languiru confirma fechamento de cinco mercados j\u00e1 a partir desta quarta-feira - Folha Popular","robots":{"index":"index","follow":"follow","max-snippet":"max-snippet:-1","max-image-preview":"max-image-preview:large","max-video-preview":"max-video-preview:-1"},"canonical":"https:\/\/folhapopular.info\/index.php\/2023\/10\/25\/cooperativa-languiru-confirma-fechamento-de-cinco-mercados-ja-a-partir-desta-quarta-feira\/","og_locale":"pt_BR","og_type":"article","og_title":"Cooperativa Languiru confirma fechamento de cinco mercados j\u00e1 a partir desta quarta-feira - Folha Popular","og_description":"A Cooperativa Languiru \u2013 Em Liquida\u00e7\u00e3o est\u00e1 com tratativas de negocia\u00e7\u00e3o da sua rede de supermercados. Nesta ter\u00e7a-feira (24\/10), a cooperativa anunciou queima de estoque repentina em todos os seis supermercados, com produtos por 50% do pre\u00e7o. Segundo a Languiru, diante do atual momento de dificuldade em oferta de produtos nas g\u00f4ndolas dessas unidades, os [&hellip;]","og_url":"https:\/\/folhapopular.info\/index.php\/2023\/10\/25\/cooperativa-languiru-confirma-fechamento-de-cinco-mercados-ja-a-partir-desta-quarta-feira\/","og_site_name":"Folha Popular","article_published_time":"2023-10-25T12:12:40+00:00","article_modified_time":"2023-10-25T12:14:04+00:00","og_image":[{"width":1200,"height":850,"url":"http:\/\/folhapopular.info\/wp-content\/uploads\/2023\/10\/Supermercado-Languiru-do-Bairro-Languiru-Teutonia-e-o-maior-da-rede_Divulgacao-Languiru.jpeg","type":"image\/jpeg"}],"author":"Reda\u00e7\u00e3o Folha Popular","twitter_card":"summary_large_image","twitter_misc":{"Escrito por":"Reda\u00e7\u00e3o Folha Popular","Est. tempo de leitura":"1 minuto"},"schema":{"@context":"https:\/\/schema.org","@graph":[{"@type":"Article","@id":"https:\/\/folhapopular.info\/index.php\/2023\/10\/25\/cooperativa-languiru-confirma-fechamento-de-cinco-mercados-ja-a-partir-desta-quarta-feira\/#article","isPartOf":{"@id":"https:\/\/folhapopular.info\/index.php\/2023\/10\/25\/cooperativa-languiru-confirma-fechamento-de-cinco-mercados-ja-a-partir-desta-quarta-feira\/"},"author":{"name":"Reda\u00e7\u00e3o Folha Popular","@id":"https:\/\/folhapopular.info\/#\/schema\/person\/2814e8a0df7643585a9ca38bc6eb9d4b"},"headline":"Cooperativa Languiru confirma fechamento de cinco mercados j\u00e1 a partir desta quarta-feira","datePublished":"2023-10-25T12:12:40+00:00","dateModified":"2023-10-25T12:14:04+00:00","mainEntityOfPage":{"@id":"https:\/\/folhapopular.info\/index.php\/2023\/10\/25\/cooperativa-languiru-confirma-fechamento-de-cinco-mercados-ja-a-partir-desta-quarta-feira\/"},"wordCount":196,"commentCount":0,"image":{"@id":"https:\/\/folhapopular.info\/index.php\/2023\/10\/25\/cooperativa-languiru-confirma-fechamento-de-cinco-mercados-ja-a-partir-desta-quarta-feira\/#primaryimage"},"thumbnailUrl":"https:\/\/folhapopular.info\/wp-content\/uploads\/2023\/10\/Supermercado-Languiru-do-Bairro-Languiru-Teutonia-e-o-maior-da-rede_Divulgacao-Languiru.jpeg","keywords":["Cooperativa Languiru","Supermercados Languiru"],"articleSection":["Destaques","Economia"],"inLanguage":"pt-BR","potentialAction":[{"@type":"CommentAction","name":"Comment","target":["https:\/\/folhapopular.info\/index.php\/2023\/10\/25\/cooperativa-languiru-confirma-fechamento-de-cinco-mercados-ja-a-partir-desta-quarta-feira\/#respond"]}]},{"@type":"WebPage","@id":"https:\/\/folhapopular.info\/index.php\/2023\/10\/25\/cooperativa-languiru-confirma-fechamento-de-cinco-mercados-ja-a-partir-desta-quarta-feira\/","url":"https:\/\/folhapopular.info\/index.php\/2023\/10\/25\/cooperativa-languiru-confirma-fechamento-de-cinco-mercados-ja-a-partir-desta-quarta-feira\/","name":"Cooperativa Languiru confirma fechamento de cinco mercados j\u00e1 a partir desta quarta-feira - Folha Popular","isPartOf":{"@id":"https:\/\/folhapopular.info\/#website"},"primaryImageOfPage":{"@id":"https:\/\/folhapopular.info\/index.php\/2023\/10\/25\/cooperativa-languiru-confirma-fechamento-de-cinco-mercados-ja-a-partir-desta-quarta-feira\/#primaryimage"},"image":{"@id":"https:\/\/folhapopular.info\/index.php\/2023\/10\/25\/cooperativa-languiru-confirma-fechamento-de-cinco-mercados-ja-a-partir-desta-quarta-feira\/#primaryimage"},"thumbnailUrl":"https:\/\/folhapopular.info\/wp-content\/uploads\/2023\/10\/Supermercado-Languiru-do-Bairro-Languiru-Teutonia-e-o-maior-da-rede_Divulgacao-Languiru.jpeg","datePublished":"2023-10-25T12:12:40+00:00","dateModified":"2023-10-25T12:14:04+00:00","author":{"@id":"https:\/\/folhapopular.info\/#\/schema\/person\/2814e8a0df7643585a9ca38bc6eb9d4b"},"breadcrumb":{"@id":"https:\/\/folhapopular.info\/index.php\/2023\/10\/25\/cooperativa-languiru-confirma-fechamento-de-cinco-mercados-ja-a-partir-desta-quarta-feira\/#breadcrumb"},"inLanguage":"pt-BR","potentialAction":[{"@type":"ReadAction","target":["https:\/\/folhapopular.info\/index.php\/2023\/10\/25\/cooperativa-languiru-confirma-fechamento-de-cinco-mercados-ja-a-partir-desta-quarta-feira\/"]}]},{"@type":"ImageObject","inLanguage":"pt-BR","@id":"https:\/\/folhapopular.info\/index.php\/2023\/10\/25\/cooperativa-languiru-confirma-fechamento-de-cinco-mercados-ja-a-partir-desta-quarta-feira\/#primaryimage","url":"https:\/\/folhapopular.info\/wp-content\/uploads\/2023\/10\/Supermercado-Languiru-do-Bairro-Languiru-Teutonia-e-o-maior-da-rede_Divulgacao-Languiru.jpeg","contentUrl":"https:\/\/folhapopular.info\/wp-content\/uploads\/2023\/10\/Supermercado-Languiru-do-Bairro-Languiru-Teutonia-e-o-maior-da-rede_Divulgacao-Languiru.jpeg","width":1200,"height":850,"caption":"Cr\u00e9dito: Divulgac\u0327a\u0303o Languiru"},{"@type":"BreadcrumbList","@id":"https:\/\/folhapopular.info\/index.php\/2023\/10\/25\/cooperativa-languiru-confirma-fechamento-de-cinco-mercados-ja-a-partir-desta-quarta-feira\/#breadcrumb","itemListElement":[{"@type":"ListItem","position":1,"name":"In\u00edcio","item":"https:\/\/folhapopular.info\/"},{"@type":"ListItem","position":2,"name":"Cooperativa Languiru confirma fechamento de cinco mercados j\u00e1 a partir desta quarta-feira"}]},{"@type":"WebSite","@id":"https:\/\/folhapopular.info\/#website","url":"https:\/\/folhapopular.info\/","name":"Folha Popular","description":"Onde voc\u00ea tem vez e voz","potentialAction":[{"@type":"SearchAction","target":{"@type":"EntryPoint","urlTemplate":"https:\/\/folhapopular.info\/?s={search_term_string}"},"query-input":{"@type":"PropertyValueSpecification","valueRequired":true,"valueName":"search_term_string"}}],"inLanguage":"pt-BR"},{"@type":"Person","@id":"https:\/\/folhapopular.info\/#\/schema\/person\/2814e8a0df7643585a9ca38bc6eb9d4b","name":"Reda\u00e7\u00e3o Folha Popular","image":{"@type":"ImageObject","inLanguage":"pt-BR","@id":"https:\/\/folhapopular.info\/wp-content\/uploads\/2026\/04\/Folha-1.webp","url":"https:\/\/folhapopular.info\/wp-content\/uploads\/2026\/04\/Folha-1.webp","contentUrl":"https:\/\/folhapopular.info\/wp-content\/uploads\/2026\/04\/Folha-1.webp","caption":"Reda\u00e7\u00e3o Folha Popular"},"url":"https:\/\/folhapopular.info\/index.php\/author\/redacao\/"}]}},"jetpack_featured_media_url":"https:\/\/folhapopular.info\/wp-content\/uploads\/2023\/10\/Supermercado-Languiru-do-Bairro-Languiru-Teutonia-e-o-maior-da-rede_Divulgacao-Languiru.jpeg","jetpack_sharing_enabled":true,"amp_enabled":true,"_links":{"self":[{"href":"https:\/\/folhapopular.info\/index.php\/wp-json\/wp\/v2\/posts\/142363","targetHints":{"allow":["GET"]}}],"collection":[{"href":"https:\/\/folhapopular.info\/index.php\/wp-json\/wp\/v2\/posts"}],"about":[{"href":"https:\/\/folhapopular.info\/index.php\/wp-json\/wp\/v2\/types\/post"}],"author":[{"embeddable":true,"href":"https:\/\/folhapopular.info\/index.php\/wp-json\/wp\/v2\/users\/8"}],"replies":[{"embeddable":true,"href":"https:\/\/folhapopular.info\/index.php\/wp-json\/wp\/v2\/comments?post=142363"}],"version-history":[{"count":0,"href":"https:\/\/folhapopular.info\/index.php\/wp-json\/wp\/v2\/posts\/142363\/revisions"}],"wp:featuredmedia":[{"embeddable":true,"href":"https:\/\/folhapopular.info\/index.php\/wp-json\/wp\/v2\/media\/141684"}],"wp:attachment":[{"href":"https:\/\/folhapopular.info\/index.php\/wp-json\/wp\/v2\/media?parent=142363"}],"wp:term":[{"taxonomy":"category","embeddable":true,"href":"https:\/\/folhapopular.info\/index.php\/wp-json\/wp\/v2\/categories?post=142363"},{"taxonomy":"post_tag","embeddable":true,"href":"https:\/\/folhapopular.info\/index.php\/wp-json\/wp\/v2\/tags?post=142363"}],"curies":[{"name":"wp","href":"https:\/\/api.w.org\/{rel}","templated":true}]}}