{"id":142399,"date":"2023-10-25T15:14:44","date_gmt":"2023-10-25T18:14:44","guid":{"rendered":"https:\/\/folhapopular.info\/?p=142399"},"modified":"2023-10-25T15:14:47","modified_gmt":"2023-10-25T18:14:47","slug":"mte-flexibiliza-recolhimentos-de-fgts-para-empresas-atingidas-pelas-enchentes-no-rs","status":"publish","type":"post","link":"https:\/\/folhapopular.info\/index.php\/2023\/10\/25\/mte-flexibiliza-recolhimentos-de-fgts-para-empresas-atingidas-pelas-enchentes-no-rs\/","title":{"rendered":"MTE flexibiliza recolhimentos de FGTS para empresas atingidas pelas enchentes no RS\u00a0"},"content":{"rendered":"\n<p>O Minist\u00e9rio do Trabalho e Emprego publicou, nesta ter\u00e7a-feira (24\/10) a <a href=\"https:\/\/www.in.gov.br\/en\/web\/dou\/-\/portaria-mte-n-3.553-de-23-de-outubro-de-2023-518473284\" target=\"_blank\" rel=\"noreferrer noopener\">portaria n\u00ba 3.553\/2023<\/a>, que flexibiliza os recolhimentos do Fundo de Garantia do Tempo de Servi\u00e7o (FGTS) para os empregadores situados em 20 munic\u00edpios do Rio Grande do Sul atingidos pelas enchentes e reconhecidos em estado de calamidade p\u00fablica pelo Minist\u00e9rio da Integra\u00e7\u00e3o e do Desenvolvimento Regional. A medida atende a um pleito da Fecom\u00e9rcio-RS para auxiliar os empres\u00e1rios ga\u00fachos na reestrutura\u00e7\u00e3o de seus neg\u00f3cios.<\/p>\n\n\n\n<p>Dessa forma, fica autorizada a suspens\u00e3o da exigibilidade dos pagamentos do FGTS referentes \u00e0s compet\u00eancias de outubro de 2023 a janeiro de 2024, para recolhimento posterior a ser realizado em at\u00e9 seis parcelas a partir de mar\u00e7o de 2024. <\/p>\n\n\n\n<p>Ser\u00e3o beneficiadas empresas dos munic\u00edpios de Arroio do Meio, Bento Gon\u00e7alves, Bom Jesus, Bom Retiro do Sul, Colinas, Cruzeiro do Sul, Dois Lajeados, Encantado, Estrela, Farroupilha, Guapor\u00e9, Lajeado, Mu\u00e7um, Para\u00ed, Roca Sales, Santa Tereza, S\u00e3o Valentim do Sul, Serafina Corr\u00eaa, Taquari e Ven\u00e2ncio Aires. A Portaria j\u00e1 est\u00e1 em vigor desde a data de sua publica\u00e7\u00e3o.<\/p>\n","protected":false},"excerpt":{"rendered":"<p>O Minist\u00e9rio do Trabalho e Emprego publicou, nesta ter\u00e7a-feira (24\/10) a portaria n\u00ba 3.553\/2023, que flexibiliza os recolhimentos do Fundo de Garantia do Tempo de Servi\u00e7o (FGTS) para os empregadores situados em 20 munic\u00edpios do Rio Grande do Sul atingidos pelas enchentes e reconhecidos em estado de calamidade p\u00fablica pelo Minist\u00e9rio da Integra\u00e7\u00e3o e do [&hellip;]<\/p>\n","protected":false},"author":8,"featured_media":100959,"comment_status":"open","ping_status":"open","sticky":false,"template":"","format":"standard","meta":{"pmpro_default_level":"","_jetpack_memberships_contains_paid_content":false,"footnotes":""},"categories":[2,10991,12473],"tags":[4170,339,13511],"class_list":{"0":"post-142399","1":"post","2":"type-post","3":"status-publish","4":"format-standard","5":"has-post-thumbnail","7":"category-featured","8":"category-economia","9":"category-negocios","10":"tag-enchente","11":"tag-fgts","12":"tag-ministerio-do-trabalho-e-emprego","13":"pmpro-has-access"},"yoast_head":"<!-- This site is optimized with the Yoast SEO plugin v27.5 - https:\/\/yoast.com\/product\/yoast-seo-wordpress\/ -->\n<title>MTE flexibiliza recolhimentos de FGTS para empresas atingidas pelas enchentes no RS\u00a0 - Folha Popular<\/title>\n<meta name=\"robots\" content=\"index, follow, max-snippet:-1, max-image-preview:large, max-video-preview:-1\" \/>\n<link rel=\"canonical\" href=\"https:\/\/folhapopular.info\/index.php\/2023\/10\/25\/mte-flexibiliza-recolhimentos-de-fgts-para-empresas-atingidas-pelas-enchentes-no-rs\/\" \/>\n<meta property=\"og:locale\" content=\"pt_BR\" \/>\n<meta property=\"og:type\" content=\"article\" \/>\n<meta property=\"og:title\" content=\"MTE flexibiliza recolhimentos de FGTS para empresas atingidas pelas enchentes no RS\u00a0 - Folha Popular\" \/>\n<meta property=\"og:description\" content=\"O Minist\u00e9rio do Trabalho e Emprego publicou, nesta ter\u00e7a-feira (24\/10) a portaria n\u00ba 3.553\/2023, que flexibiliza os recolhimentos do Fundo de Garantia do Tempo de Servi\u00e7o (FGTS) para os empregadores situados em 20 munic\u00edpios do Rio Grande do Sul atingidos pelas enchentes e reconhecidos em estado de calamidade p\u00fablica pelo Minist\u00e9rio da Integra\u00e7\u00e3o e do [&hellip;]\" \/>\n<meta property=\"og:url\" content=\"https:\/\/folhapopular.info\/index.php\/2023\/10\/25\/mte-flexibiliza-recolhimentos-de-fgts-para-empresas-atingidas-pelas-enchentes-no-rs\/\" \/>\n<meta property=\"og:site_name\" content=\"Folha Popular\" \/>\n<meta property=\"article:published_time\" content=\"2023-10-25T18:14:44+00:00\" \/>\n<meta property=\"article:modified_time\" content=\"2023-10-25T18:14:47+00:00\" \/>\n<meta property=\"og:image\" content=\"http:\/\/folhapopular.info\/wp-content\/uploads\/2022\/03\/FGTS_CB-e1648043778781.jpeg\" \/>\n\t<meta property=\"og:image:width\" content=\"600\" \/>\n\t<meta property=\"og:image:height\" content=\"800\" \/>\n\t<meta property=\"og:image:type\" content=\"image\/jpeg\" \/>\n<meta name=\"author\" content=\"Reda\u00e7\u00e3o Folha Popular\" \/>\n<meta name=\"twitter:card\" content=\"summary_large_image\" \/>\n<meta name=\"twitter:label1\" content=\"Escrito por\" \/>\n\t<meta name=\"twitter:data1\" content=\"Reda\u00e7\u00e3o Folha Popular\" \/>\n\t<meta name=\"twitter:label2\" content=\"Est. tempo de leitura\" \/>\n\t<meta name=\"twitter:data2\" content=\"1 minuto\" \/>\n<script type=\"application\/ld+json\" class=\"yoast-schema-graph\">{\"@context\":\"https:\\\/\\\/schema.org\",\"@graph\":[{\"@type\":\"Article\",\"@id\":\"https:\\\/\\\/folhapopular.info\\\/index.php\\\/2023\\\/10\\\/25\\\/mte-flexibiliza-recolhimentos-de-fgts-para-empresas-atingidas-pelas-enchentes-no-rs\\\/#article\",\"isPartOf\":{\"@id\":\"https:\\\/\\\/folhapopular.info\\\/index.php\\\/2023\\\/10\\\/25\\\/mte-flexibiliza-recolhimentos-de-fgts-para-empresas-atingidas-pelas-enchentes-no-rs\\\/\"},\"author\":{\"name\":\"Reda\u00e7\u00e3o Folha Popular\",\"@id\":\"https:\\\/\\\/folhapopular.info\\\/#\\\/schema\\\/person\\\/2814e8a0df7643585a9ca38bc6eb9d4b\"},\"headline\":\"MTE flexibiliza recolhimentos de FGTS para empresas atingidas pelas enchentes no RS\u00a0\",\"datePublished\":\"2023-10-25T18:14:44+00:00\",\"dateModified\":\"2023-10-25T18:14:47+00:00\",\"mainEntityOfPage\":{\"@id\":\"https:\\\/\\\/folhapopular.info\\\/index.php\\\/2023\\\/10\\\/25\\\/mte-flexibiliza-recolhimentos-de-fgts-para-empresas-atingidas-pelas-enchentes-no-rs\\\/\"},\"wordCount\":199,\"commentCount\":0,\"image\":{\"@id\":\"https:\\\/\\\/folhapopular.info\\\/index.php\\\/2023\\\/10\\\/25\\\/mte-flexibiliza-recolhimentos-de-fgts-para-empresas-atingidas-pelas-enchentes-no-rs\\\/#primaryimage\"},\"thumbnailUrl\":\"https:\\\/\\\/folhapopular.info\\\/wp-content\\\/uploads\\\/2022\\\/03\\\/FGTS_CB-e1648043778781.jpeg\",\"keywords\":[\"Enchente\",\"FGTS\",\"Minist\u00e9rio do Trabalho e Emprego\"],\"articleSection\":[\"Destaques\",\"Economia\",\"Neg\u00f3cios\"],\"inLanguage\":\"pt-BR\",\"potentialAction\":[{\"@type\":\"CommentAction\",\"name\":\"Comment\",\"target\":[\"https:\\\/\\\/folhapopular.info\\\/index.php\\\/2023\\\/10\\\/25\\\/mte-flexibiliza-recolhimentos-de-fgts-para-empresas-atingidas-pelas-enchentes-no-rs\\\/#respond\"]}]},{\"@type\":\"WebPage\",\"@id\":\"https:\\\/\\\/folhapopular.info\\\/index.php\\\/2023\\\/10\\\/25\\\/mte-flexibiliza-recolhimentos-de-fgts-para-empresas-atingidas-pelas-enchentes-no-rs\\\/\",\"url\":\"https:\\\/\\\/folhapopular.info\\\/index.php\\\/2023\\\/10\\\/25\\\/mte-flexibiliza-recolhimentos-de-fgts-para-empresas-atingidas-pelas-enchentes-no-rs\\\/\",\"name\":\"MTE flexibiliza recolhimentos de FGTS para empresas atingidas pelas enchentes no RS\u00a0 - Folha Popular\",\"isPartOf\":{\"@id\":\"https:\\\/\\\/folhapopular.info\\\/#website\"},\"primaryImageOfPage\":{\"@id\":\"https:\\\/\\\/folhapopular.info\\\/index.php\\\/2023\\\/10\\\/25\\\/mte-flexibiliza-recolhimentos-de-fgts-para-empresas-atingidas-pelas-enchentes-no-rs\\\/#primaryimage\"},\"image\":{\"@id\":\"https:\\\/\\\/folhapopular.info\\\/index.php\\\/2023\\\/10\\\/25\\\/mte-flexibiliza-recolhimentos-de-fgts-para-empresas-atingidas-pelas-enchentes-no-rs\\\/#primaryimage\"},\"thumbnailUrl\":\"https:\\\/\\\/folhapopular.info\\\/wp-content\\\/uploads\\\/2022\\\/03\\\/FGTS_CB-e1648043778781.jpeg\",\"datePublished\":\"2023-10-25T18:14:44+00:00\",\"dateModified\":\"2023-10-25T18:14:47+00:00\",\"author\":{\"@id\":\"https:\\\/\\\/folhapopular.info\\\/#\\\/schema\\\/person\\\/2814e8a0df7643585a9ca38bc6eb9d4b\"},\"breadcrumb\":{\"@id\":\"https:\\\/\\\/folhapopular.info\\\/index.php\\\/2023\\\/10\\\/25\\\/mte-flexibiliza-recolhimentos-de-fgts-para-empresas-atingidas-pelas-enchentes-no-rs\\\/#breadcrumb\"},\"inLanguage\":\"pt-BR\",\"potentialAction\":[{\"@type\":\"ReadAction\",\"target\":[\"https:\\\/\\\/folhapopular.info\\\/index.php\\\/2023\\\/10\\\/25\\\/mte-flexibiliza-recolhimentos-de-fgts-para-empresas-atingidas-pelas-enchentes-no-rs\\\/\"]}]},{\"@type\":\"ImageObject\",\"inLanguage\":\"pt-BR\",\"@id\":\"https:\\\/\\\/folhapopular.info\\\/index.php\\\/2023\\\/10\\\/25\\\/mte-flexibiliza-recolhimentos-de-fgts-para-empresas-atingidas-pelas-enchentes-no-rs\\\/#primaryimage\",\"url\":\"https:\\\/\\\/folhapopular.info\\\/wp-content\\\/uploads\\\/2022\\\/03\\\/FGTS_CB-e1648043778781.jpeg\",\"contentUrl\":\"https:\\\/\\\/folhapopular.info\\\/wp-content\\\/uploads\\\/2022\\\/03\\\/FGTS_CB-e1648043778781.jpeg\",\"width\":600,\"height\":800,\"caption\":\"Cr\u00e9dito: Carla Beckmann\"},{\"@type\":\"BreadcrumbList\",\"@id\":\"https:\\\/\\\/folhapopular.info\\\/index.php\\\/2023\\\/10\\\/25\\\/mte-flexibiliza-recolhimentos-de-fgts-para-empresas-atingidas-pelas-enchentes-no-rs\\\/#breadcrumb\",\"itemListElement\":[{\"@type\":\"ListItem\",\"position\":1,\"name\":\"In\u00edcio\",\"item\":\"https:\\\/\\\/folhapopular.info\\\/\"},{\"@type\":\"ListItem\",\"position\":2,\"name\":\"MTE flexibiliza recolhimentos de FGTS para empresas atingidas pelas enchentes no RS\u00a0\"}]},{\"@type\":\"WebSite\",\"@id\":\"https:\\\/\\\/folhapopular.info\\\/#website\",\"url\":\"https:\\\/\\\/folhapopular.info\\\/\",\"name\":\"Folha Popular\",\"description\":\"Onde voc\u00ea tem vez e voz\",\"potentialAction\":[{\"@type\":\"SearchAction\",\"target\":{\"@type\":\"EntryPoint\",\"urlTemplate\":\"https:\\\/\\\/folhapopular.info\\\/?s={search_term_string}\"},\"query-input\":{\"@type\":\"PropertyValueSpecification\",\"valueRequired\":true,\"valueName\":\"search_term_string\"}}],\"inLanguage\":\"pt-BR\"},{\"@type\":\"Person\",\"@id\":\"https:\\\/\\\/folhapopular.info\\\/#\\\/schema\\\/person\\\/2814e8a0df7643585a9ca38bc6eb9d4b\",\"name\":\"Reda\u00e7\u00e3o Folha Popular\",\"image\":{\"@type\":\"ImageObject\",\"inLanguage\":\"pt-BR\",\"@id\":\"https:\\\/\\\/folhapopular.info\\\/wp-content\\\/uploads\\\/2026\\\/04\\\/Folha-1.webp\",\"url\":\"https:\\\/\\\/folhapopular.info\\\/wp-content\\\/uploads\\\/2026\\\/04\\\/Folha-1.webp\",\"contentUrl\":\"https:\\\/\\\/folhapopular.info\\\/wp-content\\\/uploads\\\/2026\\\/04\\\/Folha-1.webp\",\"caption\":\"Reda\u00e7\u00e3o Folha Popular\"},\"url\":\"https:\\\/\\\/folhapopular.info\\\/index.php\\\/author\\\/redacao\\\/\"}]}<\/script>\n<!-- \/ Yoast SEO plugin. -->","yoast_head_json":{"title":"MTE flexibiliza recolhimentos de FGTS para empresas atingidas pelas enchentes no RS\u00a0 - Folha Popular","robots":{"index":"index","follow":"follow","max-snippet":"max-snippet:-1","max-image-preview":"max-image-preview:large","max-video-preview":"max-video-preview:-1"},"canonical":"https:\/\/folhapopular.info\/index.php\/2023\/10\/25\/mte-flexibiliza-recolhimentos-de-fgts-para-empresas-atingidas-pelas-enchentes-no-rs\/","og_locale":"pt_BR","og_type":"article","og_title":"MTE flexibiliza recolhimentos de FGTS para empresas atingidas pelas enchentes no RS\u00a0 - Folha Popular","og_description":"O Minist\u00e9rio do Trabalho e Emprego publicou, nesta ter\u00e7a-feira (24\/10) a portaria n\u00ba 3.553\/2023, que flexibiliza os recolhimentos do Fundo de Garantia do Tempo de Servi\u00e7o (FGTS) para os empregadores situados em 20 munic\u00edpios do Rio Grande do Sul atingidos pelas enchentes e reconhecidos em estado de calamidade p\u00fablica pelo Minist\u00e9rio da Integra\u00e7\u00e3o e do [&hellip;]","og_url":"https:\/\/folhapopular.info\/index.php\/2023\/10\/25\/mte-flexibiliza-recolhimentos-de-fgts-para-empresas-atingidas-pelas-enchentes-no-rs\/","og_site_name":"Folha Popular","article_published_time":"2023-10-25T18:14:44+00:00","article_modified_time":"2023-10-25T18:14:47+00:00","og_image":[{"width":600,"height":800,"url":"http:\/\/folhapopular.info\/wp-content\/uploads\/2022\/03\/FGTS_CB-e1648043778781.jpeg","type":"image\/jpeg"}],"author":"Reda\u00e7\u00e3o Folha Popular","twitter_card":"summary_large_image","twitter_misc":{"Escrito por":"Reda\u00e7\u00e3o Folha Popular","Est. tempo de leitura":"1 minuto"},"schema":{"@context":"https:\/\/schema.org","@graph":[{"@type":"Article","@id":"https:\/\/folhapopular.info\/index.php\/2023\/10\/25\/mte-flexibiliza-recolhimentos-de-fgts-para-empresas-atingidas-pelas-enchentes-no-rs\/#article","isPartOf":{"@id":"https:\/\/folhapopular.info\/index.php\/2023\/10\/25\/mte-flexibiliza-recolhimentos-de-fgts-para-empresas-atingidas-pelas-enchentes-no-rs\/"},"author":{"name":"Reda\u00e7\u00e3o Folha Popular","@id":"https:\/\/folhapopular.info\/#\/schema\/person\/2814e8a0df7643585a9ca38bc6eb9d4b"},"headline":"MTE flexibiliza recolhimentos de FGTS para empresas atingidas pelas enchentes no RS\u00a0","datePublished":"2023-10-25T18:14:44+00:00","dateModified":"2023-10-25T18:14:47+00:00","mainEntityOfPage":{"@id":"https:\/\/folhapopular.info\/index.php\/2023\/10\/25\/mte-flexibiliza-recolhimentos-de-fgts-para-empresas-atingidas-pelas-enchentes-no-rs\/"},"wordCount":199,"commentCount":0,"image":{"@id":"https:\/\/folhapopular.info\/index.php\/2023\/10\/25\/mte-flexibiliza-recolhimentos-de-fgts-para-empresas-atingidas-pelas-enchentes-no-rs\/#primaryimage"},"thumbnailUrl":"https:\/\/folhapopular.info\/wp-content\/uploads\/2022\/03\/FGTS_CB-e1648043778781.jpeg","keywords":["Enchente","FGTS","Minist\u00e9rio do Trabalho e Emprego"],"articleSection":["Destaques","Economia","Neg\u00f3cios"],"inLanguage":"pt-BR","potentialAction":[{"@type":"CommentAction","name":"Comment","target":["https:\/\/folhapopular.info\/index.php\/2023\/10\/25\/mte-flexibiliza-recolhimentos-de-fgts-para-empresas-atingidas-pelas-enchentes-no-rs\/#respond"]}]},{"@type":"WebPage","@id":"https:\/\/folhapopular.info\/index.php\/2023\/10\/25\/mte-flexibiliza-recolhimentos-de-fgts-para-empresas-atingidas-pelas-enchentes-no-rs\/","url":"https:\/\/folhapopular.info\/index.php\/2023\/10\/25\/mte-flexibiliza-recolhimentos-de-fgts-para-empresas-atingidas-pelas-enchentes-no-rs\/","name":"MTE flexibiliza recolhimentos de FGTS para empresas atingidas pelas enchentes no RS\u00a0 - Folha Popular","isPartOf":{"@id":"https:\/\/folhapopular.info\/#website"},"primaryImageOfPage":{"@id":"https:\/\/folhapopular.info\/index.php\/2023\/10\/25\/mte-flexibiliza-recolhimentos-de-fgts-para-empresas-atingidas-pelas-enchentes-no-rs\/#primaryimage"},"image":{"@id":"https:\/\/folhapopular.info\/index.php\/2023\/10\/25\/mte-flexibiliza-recolhimentos-de-fgts-para-empresas-atingidas-pelas-enchentes-no-rs\/#primaryimage"},"thumbnailUrl":"https:\/\/folhapopular.info\/wp-content\/uploads\/2022\/03\/FGTS_CB-e1648043778781.jpeg","datePublished":"2023-10-25T18:14:44+00:00","dateModified":"2023-10-25T18:14:47+00:00","author":{"@id":"https:\/\/folhapopular.info\/#\/schema\/person\/2814e8a0df7643585a9ca38bc6eb9d4b"},"breadcrumb":{"@id":"https:\/\/folhapopular.info\/index.php\/2023\/10\/25\/mte-flexibiliza-recolhimentos-de-fgts-para-empresas-atingidas-pelas-enchentes-no-rs\/#breadcrumb"},"inLanguage":"pt-BR","potentialAction":[{"@type":"ReadAction","target":["https:\/\/folhapopular.info\/index.php\/2023\/10\/25\/mte-flexibiliza-recolhimentos-de-fgts-para-empresas-atingidas-pelas-enchentes-no-rs\/"]}]},{"@type":"ImageObject","inLanguage":"pt-BR","@id":"https:\/\/folhapopular.info\/index.php\/2023\/10\/25\/mte-flexibiliza-recolhimentos-de-fgts-para-empresas-atingidas-pelas-enchentes-no-rs\/#primaryimage","url":"https:\/\/folhapopular.info\/wp-content\/uploads\/2022\/03\/FGTS_CB-e1648043778781.jpeg","contentUrl":"https:\/\/folhapopular.info\/wp-content\/uploads\/2022\/03\/FGTS_CB-e1648043778781.jpeg","width":600,"height":800,"caption":"Cr\u00e9dito: Carla Beckmann"},{"@type":"BreadcrumbList","@id":"https:\/\/folhapopular.info\/index.php\/2023\/10\/25\/mte-flexibiliza-recolhimentos-de-fgts-para-empresas-atingidas-pelas-enchentes-no-rs\/#breadcrumb","itemListElement":[{"@type":"ListItem","position":1,"name":"In\u00edcio","item":"https:\/\/folhapopular.info\/"},{"@type":"ListItem","position":2,"name":"MTE flexibiliza recolhimentos de FGTS para empresas atingidas pelas enchentes no RS\u00a0"}]},{"@type":"WebSite","@id":"https:\/\/folhapopular.info\/#website","url":"https:\/\/folhapopular.info\/","name":"Folha Popular","description":"Onde voc\u00ea tem vez e voz","potentialAction":[{"@type":"SearchAction","target":{"@type":"EntryPoint","urlTemplate":"https:\/\/folhapopular.info\/?s={search_term_string}"},"query-input":{"@type":"PropertyValueSpecification","valueRequired":true,"valueName":"search_term_string"}}],"inLanguage":"pt-BR"},{"@type":"Person","@id":"https:\/\/folhapopular.info\/#\/schema\/person\/2814e8a0df7643585a9ca38bc6eb9d4b","name":"Reda\u00e7\u00e3o Folha Popular","image":{"@type":"ImageObject","inLanguage":"pt-BR","@id":"https:\/\/folhapopular.info\/wp-content\/uploads\/2026\/04\/Folha-1.webp","url":"https:\/\/folhapopular.info\/wp-content\/uploads\/2026\/04\/Folha-1.webp","contentUrl":"https:\/\/folhapopular.info\/wp-content\/uploads\/2026\/04\/Folha-1.webp","caption":"Reda\u00e7\u00e3o Folha Popular"},"url":"https:\/\/folhapopular.info\/index.php\/author\/redacao\/"}]}},"jetpack_featured_media_url":"https:\/\/folhapopular.info\/wp-content\/uploads\/2022\/03\/FGTS_CB-e1648043778781.jpeg","jetpack_sharing_enabled":true,"amp_enabled":true,"_links":{"self":[{"href":"https:\/\/folhapopular.info\/index.php\/wp-json\/wp\/v2\/posts\/142399","targetHints":{"allow":["GET"]}}],"collection":[{"href":"https:\/\/folhapopular.info\/index.php\/wp-json\/wp\/v2\/posts"}],"about":[{"href":"https:\/\/folhapopular.info\/index.php\/wp-json\/wp\/v2\/types\/post"}],"author":[{"embeddable":true,"href":"https:\/\/folhapopular.info\/index.php\/wp-json\/wp\/v2\/users\/8"}],"replies":[{"embeddable":true,"href":"https:\/\/folhapopular.info\/index.php\/wp-json\/wp\/v2\/comments?post=142399"}],"version-history":[{"count":0,"href":"https:\/\/folhapopular.info\/index.php\/wp-json\/wp\/v2\/posts\/142399\/revisions"}],"wp:featuredmedia":[{"embeddable":true,"href":"https:\/\/folhapopular.info\/index.php\/wp-json\/wp\/v2\/media\/100959"}],"wp:attachment":[{"href":"https:\/\/folhapopular.info\/index.php\/wp-json\/wp\/v2\/media?parent=142399"}],"wp:term":[{"taxonomy":"category","embeddable":true,"href":"https:\/\/folhapopular.info\/index.php\/wp-json\/wp\/v2\/categories?post=142399"},{"taxonomy":"post_tag","embeddable":true,"href":"https:\/\/folhapopular.info\/index.php\/wp-json\/wp\/v2\/tags?post=142399"}],"curies":[{"name":"wp","href":"https:\/\/api.w.org\/{rel}","templated":true}]}}