{"id":142409,"date":"2023-10-25T16:40:01","date_gmt":"2023-10-25T19:40:01","guid":{"rendered":"https:\/\/folhapopular.info\/?p=142409"},"modified":"2023-10-25T16:40:05","modified_gmt":"2023-10-25T19:40:05","slug":"equipe-masculina-do-colegio-teutonia-e-vice-campea-estadual-de-atletismo","status":"publish","type":"post","link":"https:\/\/folhapopular.info\/index.php\/2023\/10\/25\/equipe-masculina-do-colegio-teutonia-e-vice-campea-estadual-de-atletismo\/","title":{"rendered":"Equipe masculina do Col\u00e9gio Teut\u00f4nia \u00e9 vice-campe\u00e3 estadual de atletismo"},"content":{"rendered":"\n<p>A Equipe de Atletismo Col\u00e9gio Teut\u00f4nia\/Languiru\/Sicredi, projeto que tamb\u00e9m conta com o apoio das Prefeituras de Teut\u00f4nia e Westf\u00e1lia, disputou o Campeonato Estadual de Atletismo Sub-14 no s\u00e1bado passado (21\/10), em Santa Cruz do Sul.<\/p>\n\n\n\n<p>Na oportunidade, a equipe teutoniense ficou em 5\u00ba lugar na classifica\u00e7\u00e3o final geral, apenas quatro pontos atr\u00e1s do 4\u00ba colocado. O t\u00edtulo ficou com a equipe da Sogipa, de Porto Alegre. Na categoria Feminino, o CT foi 6\u00ba colocado, enquanto que o masculino sagrou-se vice-campe\u00e3o estadual, atr\u00e1s apenas da Sogipa.<\/p>\n\n\n\n<p>Entre os medalhistas teutonienses estiveram Valentina Barth, ouro nos 150m rasos e prata nos 800m rasos; Isabelle Wieth\u00f6lter, bronze no salto em altura; Pietro Schwarz Guimar\u00e3es, prata nos 60m com barreiras e bronze no salto em altura; Caio Augusto Konrad, Gustavo Becker, Lucas Vogt e Pietro Schwarz Guimar\u00e3es, bronze no revezamento 4x60m; Mateus da Cruz, prata no salto em altura; Renan Ahlert, prata no lan\u00e7amento do disco e bronze no lan\u00e7amento do dardo; e Lorenzo Soares, ouro no lan\u00e7amento do martelo.<\/p>\n","protected":false},"excerpt":{"rendered":"<p>A Equipe de Atletismo Col\u00e9gio Teut\u00f4nia\/Languiru\/Sicredi, projeto que tamb\u00e9m conta com o apoio das Prefeituras de Teut\u00f4nia e Westf\u00e1lia, disputou o Campeonato Estadual de Atletismo Sub-14 no s\u00e1bado passado (21\/10), em Santa Cruz do Sul. Na oportunidade, a equipe teutoniense ficou em 5\u00ba lugar na classifica\u00e7\u00e3o final geral, apenas quatro pontos atr\u00e1s do 4\u00ba colocado. [&hellip;]<\/p>\n","protected":false},"author":8,"featured_media":142410,"comment_status":"open","ping_status":"open","sticky":false,"template":"","format":"standard","meta":{"pmpro_default_level":"","_jetpack_memberships_contains_paid_content":false,"footnotes":""},"categories":[5],"tags":[80,131,137,3518,26,6827],"class_list":{"0":"post-142409","1":"post","2":"type-post","3":"status-publish","4":"format-standard","5":"has-post-thumbnail","7":"category-esportes","8":"tag-atletismo","9":"tag-colegio-teutonia","10":"tag-esporte","11":"tag-estadual","12":"tag-teutonia","13":"tag-vice-campeao","14":"pmpro-has-access"},"yoast_head":"<!-- This site is optimized with the Yoast SEO plugin v27.5 - https:\/\/yoast.com\/product\/yoast-seo-wordpress\/ -->\n<title>Equipe masculina do Col\u00e9gio Teut\u00f4nia \u00e9 vice-campe\u00e3 estadual de atletismo - Folha Popular<\/title>\n<meta name=\"robots\" content=\"index, follow, max-snippet:-1, max-image-preview:large, max-video-preview:-1\" \/>\n<link rel=\"canonical\" href=\"https:\/\/folhapopular.info\/index.php\/2023\/10\/25\/equipe-masculina-do-colegio-teutonia-e-vice-campea-estadual-de-atletismo\/\" \/>\n<meta property=\"og:locale\" content=\"pt_BR\" \/>\n<meta property=\"og:type\" content=\"article\" \/>\n<meta property=\"og:title\" content=\"Equipe masculina do Col\u00e9gio Teut\u00f4nia \u00e9 vice-campe\u00e3 estadual de atletismo - Folha Popular\" \/>\n<meta property=\"og:description\" content=\"A Equipe de Atletismo Col\u00e9gio Teut\u00f4nia\/Languiru\/Sicredi, projeto que tamb\u00e9m conta com o apoio das Prefeituras de Teut\u00f4nia e Westf\u00e1lia, disputou o Campeonato Estadual de Atletismo Sub-14 no s\u00e1bado passado (21\/10), em Santa Cruz do Sul. Na oportunidade, a equipe teutoniense ficou em 5\u00ba lugar na classifica\u00e7\u00e3o final geral, apenas quatro pontos atr\u00e1s do 4\u00ba colocado. [&hellip;]\" \/>\n<meta property=\"og:url\" content=\"https:\/\/folhapopular.info\/index.php\/2023\/10\/25\/equipe-masculina-do-colegio-teutonia-e-vice-campea-estadual-de-atletismo\/\" \/>\n<meta property=\"og:site_name\" content=\"Folha Popular\" \/>\n<meta property=\"article:published_time\" content=\"2023-10-25T19:40:01+00:00\" \/>\n<meta property=\"article:modified_time\" content=\"2023-10-25T19:40:05+00:00\" \/>\n<meta property=\"og:image\" content=\"http:\/\/folhapopular.info\/wp-content\/uploads\/2023\/10\/estadual-sub14-2-JORNAL.jpeg\" \/>\n\t<meta property=\"og:image:width\" content=\"720\" \/>\n\t<meta property=\"og:image:height\" content=\"614\" \/>\n\t<meta property=\"og:image:type\" content=\"image\/jpeg\" \/>\n<meta name=\"author\" content=\"Reda\u00e7\u00e3o Folha Popular\" \/>\n<meta name=\"twitter:card\" content=\"summary_large_image\" \/>\n<meta name=\"twitter:label1\" content=\"Escrito por\" \/>\n\t<meta name=\"twitter:data1\" content=\"Reda\u00e7\u00e3o Folha Popular\" \/>\n\t<meta name=\"twitter:label2\" content=\"Est. tempo de leitura\" \/>\n\t<meta name=\"twitter:data2\" content=\"1 minuto\" \/>\n<script type=\"application\/ld+json\" class=\"yoast-schema-graph\">{\"@context\":\"https:\\\/\\\/schema.org\",\"@graph\":[{\"@type\":\"Article\",\"@id\":\"https:\\\/\\\/folhapopular.info\\\/index.php\\\/2023\\\/10\\\/25\\\/equipe-masculina-do-colegio-teutonia-e-vice-campea-estadual-de-atletismo\\\/#article\",\"isPartOf\":{\"@id\":\"https:\\\/\\\/folhapopular.info\\\/index.php\\\/2023\\\/10\\\/25\\\/equipe-masculina-do-colegio-teutonia-e-vice-campea-estadual-de-atletismo\\\/\"},\"author\":{\"name\":\"Reda\u00e7\u00e3o Folha Popular\",\"@id\":\"https:\\\/\\\/folhapopular.info\\\/#\\\/schema\\\/person\\\/2814e8a0df7643585a9ca38bc6eb9d4b\"},\"headline\":\"Equipe masculina do Col\u00e9gio Teut\u00f4nia \u00e9 vice-campe\u00e3 estadual de atletismo\",\"datePublished\":\"2023-10-25T19:40:01+00:00\",\"dateModified\":\"2023-10-25T19:40:05+00:00\",\"mainEntityOfPage\":{\"@id\":\"https:\\\/\\\/folhapopular.info\\\/index.php\\\/2023\\\/10\\\/25\\\/equipe-masculina-do-colegio-teutonia-e-vice-campea-estadual-de-atletismo\\\/\"},\"wordCount\":193,\"commentCount\":0,\"image\":{\"@id\":\"https:\\\/\\\/folhapopular.info\\\/index.php\\\/2023\\\/10\\\/25\\\/equipe-masculina-do-colegio-teutonia-e-vice-campea-estadual-de-atletismo\\\/#primaryimage\"},\"thumbnailUrl\":\"https:\\\/\\\/folhapopular.info\\\/wp-content\\\/uploads\\\/2023\\\/10\\\/estadual-sub14-2-JORNAL.jpeg\",\"keywords\":[\"Atletismo\",\"Col\u00e9gio Teut\u00f4nia\",\"Esporte\",\"Estadual\",\"Teut\u00f4nia\",\"vice-campe\u00e3o\"],\"articleSection\":[\"Esportes\"],\"inLanguage\":\"pt-BR\",\"potentialAction\":[{\"@type\":\"CommentAction\",\"name\":\"Comment\",\"target\":[\"https:\\\/\\\/folhapopular.info\\\/index.php\\\/2023\\\/10\\\/25\\\/equipe-masculina-do-colegio-teutonia-e-vice-campea-estadual-de-atletismo\\\/#respond\"]}]},{\"@type\":\"WebPage\",\"@id\":\"https:\\\/\\\/folhapopular.info\\\/index.php\\\/2023\\\/10\\\/25\\\/equipe-masculina-do-colegio-teutonia-e-vice-campea-estadual-de-atletismo\\\/\",\"url\":\"https:\\\/\\\/folhapopular.info\\\/index.php\\\/2023\\\/10\\\/25\\\/equipe-masculina-do-colegio-teutonia-e-vice-campea-estadual-de-atletismo\\\/\",\"name\":\"Equipe masculina do Col\u00e9gio Teut\u00f4nia \u00e9 vice-campe\u00e3 estadual de atletismo - Folha Popular\",\"isPartOf\":{\"@id\":\"https:\\\/\\\/folhapopular.info\\\/#website\"},\"primaryImageOfPage\":{\"@id\":\"https:\\\/\\\/folhapopular.info\\\/index.php\\\/2023\\\/10\\\/25\\\/equipe-masculina-do-colegio-teutonia-e-vice-campea-estadual-de-atletismo\\\/#primaryimage\"},\"image\":{\"@id\":\"https:\\\/\\\/folhapopular.info\\\/index.php\\\/2023\\\/10\\\/25\\\/equipe-masculina-do-colegio-teutonia-e-vice-campea-estadual-de-atletismo\\\/#primaryimage\"},\"thumbnailUrl\":\"https:\\\/\\\/folhapopular.info\\\/wp-content\\\/uploads\\\/2023\\\/10\\\/estadual-sub14-2-JORNAL.jpeg\",\"datePublished\":\"2023-10-25T19:40:01+00:00\",\"dateModified\":\"2023-10-25T19:40:05+00:00\",\"author\":{\"@id\":\"https:\\\/\\\/folhapopular.info\\\/#\\\/schema\\\/person\\\/2814e8a0df7643585a9ca38bc6eb9d4b\"},\"breadcrumb\":{\"@id\":\"https:\\\/\\\/folhapopular.info\\\/index.php\\\/2023\\\/10\\\/25\\\/equipe-masculina-do-colegio-teutonia-e-vice-campea-estadual-de-atletismo\\\/#breadcrumb\"},\"inLanguage\":\"pt-BR\",\"potentialAction\":[{\"@type\":\"ReadAction\",\"target\":[\"https:\\\/\\\/folhapopular.info\\\/index.php\\\/2023\\\/10\\\/25\\\/equipe-masculina-do-colegio-teutonia-e-vice-campea-estadual-de-atletismo\\\/\"]}]},{\"@type\":\"ImageObject\",\"inLanguage\":\"pt-BR\",\"@id\":\"https:\\\/\\\/folhapopular.info\\\/index.php\\\/2023\\\/10\\\/25\\\/equipe-masculina-do-colegio-teutonia-e-vice-campea-estadual-de-atletismo\\\/#primaryimage\",\"url\":\"https:\\\/\\\/folhapopular.info\\\/wp-content\\\/uploads\\\/2023\\\/10\\\/estadual-sub14-2-JORNAL.jpeg\",\"contentUrl\":\"https:\\\/\\\/folhapopular.info\\\/wp-content\\\/uploads\\\/2023\\\/10\\\/estadual-sub14-2-JORNAL.jpeg\",\"width\":720,\"height\":614,\"caption\":\"Grupo que representou a Equipe de Atletismo Col\u00e9gio Teut\u00f4nia\\\/Languiru\\\/Sicredi em Santa Cruz do Sul\"},{\"@type\":\"BreadcrumbList\",\"@id\":\"https:\\\/\\\/folhapopular.info\\\/index.php\\\/2023\\\/10\\\/25\\\/equipe-masculina-do-colegio-teutonia-e-vice-campea-estadual-de-atletismo\\\/#breadcrumb\",\"itemListElement\":[{\"@type\":\"ListItem\",\"position\":1,\"name\":\"In\u00edcio\",\"item\":\"https:\\\/\\\/folhapopular.info\\\/\"},{\"@type\":\"ListItem\",\"position\":2,\"name\":\"Equipe masculina do Col\u00e9gio Teut\u00f4nia \u00e9 vice-campe\u00e3 estadual de atletismo\"}]},{\"@type\":\"WebSite\",\"@id\":\"https:\\\/\\\/folhapopular.info\\\/#website\",\"url\":\"https:\\\/\\\/folhapopular.info\\\/\",\"name\":\"Folha Popular\",\"description\":\"Onde voc\u00ea tem vez e voz\",\"potentialAction\":[{\"@type\":\"SearchAction\",\"target\":{\"@type\":\"EntryPoint\",\"urlTemplate\":\"https:\\\/\\\/folhapopular.info\\\/?s={search_term_string}\"},\"query-input\":{\"@type\":\"PropertyValueSpecification\",\"valueRequired\":true,\"valueName\":\"search_term_string\"}}],\"inLanguage\":\"pt-BR\"},{\"@type\":\"Person\",\"@id\":\"https:\\\/\\\/folhapopular.info\\\/#\\\/schema\\\/person\\\/2814e8a0df7643585a9ca38bc6eb9d4b\",\"name\":\"Reda\u00e7\u00e3o Folha Popular\",\"image\":{\"@type\":\"ImageObject\",\"inLanguage\":\"pt-BR\",\"@id\":\"https:\\\/\\\/folhapopular.info\\\/wp-content\\\/uploads\\\/2026\\\/04\\\/Folha-1.webp\",\"url\":\"https:\\\/\\\/folhapopular.info\\\/wp-content\\\/uploads\\\/2026\\\/04\\\/Folha-1.webp\",\"contentUrl\":\"https:\\\/\\\/folhapopular.info\\\/wp-content\\\/uploads\\\/2026\\\/04\\\/Folha-1.webp\",\"caption\":\"Reda\u00e7\u00e3o Folha Popular\"},\"url\":\"https:\\\/\\\/folhapopular.info\\\/index.php\\\/author\\\/redacao\\\/\"}]}<\/script>\n<!-- \/ Yoast SEO plugin. -->","yoast_head_json":{"title":"Equipe masculina do Col\u00e9gio Teut\u00f4nia \u00e9 vice-campe\u00e3 estadual de atletismo - Folha Popular","robots":{"index":"index","follow":"follow","max-snippet":"max-snippet:-1","max-image-preview":"max-image-preview:large","max-video-preview":"max-video-preview:-1"},"canonical":"https:\/\/folhapopular.info\/index.php\/2023\/10\/25\/equipe-masculina-do-colegio-teutonia-e-vice-campea-estadual-de-atletismo\/","og_locale":"pt_BR","og_type":"article","og_title":"Equipe masculina do Col\u00e9gio Teut\u00f4nia \u00e9 vice-campe\u00e3 estadual de atletismo - Folha Popular","og_description":"A Equipe de Atletismo Col\u00e9gio Teut\u00f4nia\/Languiru\/Sicredi, projeto que tamb\u00e9m conta com o apoio das Prefeituras de Teut\u00f4nia e Westf\u00e1lia, disputou o Campeonato Estadual de Atletismo Sub-14 no s\u00e1bado passado (21\/10), em Santa Cruz do Sul. Na oportunidade, a equipe teutoniense ficou em 5\u00ba lugar na classifica\u00e7\u00e3o final geral, apenas quatro pontos atr\u00e1s do 4\u00ba colocado. [&hellip;]","og_url":"https:\/\/folhapopular.info\/index.php\/2023\/10\/25\/equipe-masculina-do-colegio-teutonia-e-vice-campea-estadual-de-atletismo\/","og_site_name":"Folha Popular","article_published_time":"2023-10-25T19:40:01+00:00","article_modified_time":"2023-10-25T19:40:05+00:00","og_image":[{"width":720,"height":614,"url":"http:\/\/folhapopular.info\/wp-content\/uploads\/2023\/10\/estadual-sub14-2-JORNAL.jpeg","type":"image\/jpeg"}],"author":"Reda\u00e7\u00e3o Folha Popular","twitter_card":"summary_large_image","twitter_misc":{"Escrito por":"Reda\u00e7\u00e3o Folha Popular","Est. tempo de leitura":"1 minuto"},"schema":{"@context":"https:\/\/schema.org","@graph":[{"@type":"Article","@id":"https:\/\/folhapopular.info\/index.php\/2023\/10\/25\/equipe-masculina-do-colegio-teutonia-e-vice-campea-estadual-de-atletismo\/#article","isPartOf":{"@id":"https:\/\/folhapopular.info\/index.php\/2023\/10\/25\/equipe-masculina-do-colegio-teutonia-e-vice-campea-estadual-de-atletismo\/"},"author":{"name":"Reda\u00e7\u00e3o Folha Popular","@id":"https:\/\/folhapopular.info\/#\/schema\/person\/2814e8a0df7643585a9ca38bc6eb9d4b"},"headline":"Equipe masculina do Col\u00e9gio Teut\u00f4nia \u00e9 vice-campe\u00e3 estadual de atletismo","datePublished":"2023-10-25T19:40:01+00:00","dateModified":"2023-10-25T19:40:05+00:00","mainEntityOfPage":{"@id":"https:\/\/folhapopular.info\/index.php\/2023\/10\/25\/equipe-masculina-do-colegio-teutonia-e-vice-campea-estadual-de-atletismo\/"},"wordCount":193,"commentCount":0,"image":{"@id":"https:\/\/folhapopular.info\/index.php\/2023\/10\/25\/equipe-masculina-do-colegio-teutonia-e-vice-campea-estadual-de-atletismo\/#primaryimage"},"thumbnailUrl":"https:\/\/folhapopular.info\/wp-content\/uploads\/2023\/10\/estadual-sub14-2-JORNAL.jpeg","keywords":["Atletismo","Col\u00e9gio Teut\u00f4nia","Esporte","Estadual","Teut\u00f4nia","vice-campe\u00e3o"],"articleSection":["Esportes"],"inLanguage":"pt-BR","potentialAction":[{"@type":"CommentAction","name":"Comment","target":["https:\/\/folhapopular.info\/index.php\/2023\/10\/25\/equipe-masculina-do-colegio-teutonia-e-vice-campea-estadual-de-atletismo\/#respond"]}]},{"@type":"WebPage","@id":"https:\/\/folhapopular.info\/index.php\/2023\/10\/25\/equipe-masculina-do-colegio-teutonia-e-vice-campea-estadual-de-atletismo\/","url":"https:\/\/folhapopular.info\/index.php\/2023\/10\/25\/equipe-masculina-do-colegio-teutonia-e-vice-campea-estadual-de-atletismo\/","name":"Equipe masculina do Col\u00e9gio Teut\u00f4nia \u00e9 vice-campe\u00e3 estadual de atletismo - Folha Popular","isPartOf":{"@id":"https:\/\/folhapopular.info\/#website"},"primaryImageOfPage":{"@id":"https:\/\/folhapopular.info\/index.php\/2023\/10\/25\/equipe-masculina-do-colegio-teutonia-e-vice-campea-estadual-de-atletismo\/#primaryimage"},"image":{"@id":"https:\/\/folhapopular.info\/index.php\/2023\/10\/25\/equipe-masculina-do-colegio-teutonia-e-vice-campea-estadual-de-atletismo\/#primaryimage"},"thumbnailUrl":"https:\/\/folhapopular.info\/wp-content\/uploads\/2023\/10\/estadual-sub14-2-JORNAL.jpeg","datePublished":"2023-10-25T19:40:01+00:00","dateModified":"2023-10-25T19:40:05+00:00","author":{"@id":"https:\/\/folhapopular.info\/#\/schema\/person\/2814e8a0df7643585a9ca38bc6eb9d4b"},"breadcrumb":{"@id":"https:\/\/folhapopular.info\/index.php\/2023\/10\/25\/equipe-masculina-do-colegio-teutonia-e-vice-campea-estadual-de-atletismo\/#breadcrumb"},"inLanguage":"pt-BR","potentialAction":[{"@type":"ReadAction","target":["https:\/\/folhapopular.info\/index.php\/2023\/10\/25\/equipe-masculina-do-colegio-teutonia-e-vice-campea-estadual-de-atletismo\/"]}]},{"@type":"ImageObject","inLanguage":"pt-BR","@id":"https:\/\/folhapopular.info\/index.php\/2023\/10\/25\/equipe-masculina-do-colegio-teutonia-e-vice-campea-estadual-de-atletismo\/#primaryimage","url":"https:\/\/folhapopular.info\/wp-content\/uploads\/2023\/10\/estadual-sub14-2-JORNAL.jpeg","contentUrl":"https:\/\/folhapopular.info\/wp-content\/uploads\/2023\/10\/estadual-sub14-2-JORNAL.jpeg","width":720,"height":614,"caption":"Grupo que representou a Equipe de Atletismo Col\u00e9gio Teut\u00f4nia\/Languiru\/Sicredi em Santa Cruz do Sul"},{"@type":"BreadcrumbList","@id":"https:\/\/folhapopular.info\/index.php\/2023\/10\/25\/equipe-masculina-do-colegio-teutonia-e-vice-campea-estadual-de-atletismo\/#breadcrumb","itemListElement":[{"@type":"ListItem","position":1,"name":"In\u00edcio","item":"https:\/\/folhapopular.info\/"},{"@type":"ListItem","position":2,"name":"Equipe masculina do Col\u00e9gio Teut\u00f4nia \u00e9 vice-campe\u00e3 estadual de atletismo"}]},{"@type":"WebSite","@id":"https:\/\/folhapopular.info\/#website","url":"https:\/\/folhapopular.info\/","name":"Folha Popular","description":"Onde voc\u00ea tem vez e voz","potentialAction":[{"@type":"SearchAction","target":{"@type":"EntryPoint","urlTemplate":"https:\/\/folhapopular.info\/?s={search_term_string}"},"query-input":{"@type":"PropertyValueSpecification","valueRequired":true,"valueName":"search_term_string"}}],"inLanguage":"pt-BR"},{"@type":"Person","@id":"https:\/\/folhapopular.info\/#\/schema\/person\/2814e8a0df7643585a9ca38bc6eb9d4b","name":"Reda\u00e7\u00e3o Folha Popular","image":{"@type":"ImageObject","inLanguage":"pt-BR","@id":"https:\/\/folhapopular.info\/wp-content\/uploads\/2026\/04\/Folha-1.webp","url":"https:\/\/folhapopular.info\/wp-content\/uploads\/2026\/04\/Folha-1.webp","contentUrl":"https:\/\/folhapopular.info\/wp-content\/uploads\/2026\/04\/Folha-1.webp","caption":"Reda\u00e7\u00e3o Folha Popular"},"url":"https:\/\/folhapopular.info\/index.php\/author\/redacao\/"}]}},"jetpack_featured_media_url":"https:\/\/folhapopular.info\/wp-content\/uploads\/2023\/10\/estadual-sub14-2-JORNAL.jpeg","jetpack_sharing_enabled":true,"amp_enabled":true,"_links":{"self":[{"href":"https:\/\/folhapopular.info\/index.php\/wp-json\/wp\/v2\/posts\/142409","targetHints":{"allow":["GET"]}}],"collection":[{"href":"https:\/\/folhapopular.info\/index.php\/wp-json\/wp\/v2\/posts"}],"about":[{"href":"https:\/\/folhapopular.info\/index.php\/wp-json\/wp\/v2\/types\/post"}],"author":[{"embeddable":true,"href":"https:\/\/folhapopular.info\/index.php\/wp-json\/wp\/v2\/users\/8"}],"replies":[{"embeddable":true,"href":"https:\/\/folhapopular.info\/index.php\/wp-json\/wp\/v2\/comments?post=142409"}],"version-history":[{"count":0,"href":"https:\/\/folhapopular.info\/index.php\/wp-json\/wp\/v2\/posts\/142409\/revisions"}],"wp:featuredmedia":[{"embeddable":true,"href":"https:\/\/folhapopular.info\/index.php\/wp-json\/wp\/v2\/media\/142410"}],"wp:attachment":[{"href":"https:\/\/folhapopular.info\/index.php\/wp-json\/wp\/v2\/media?parent=142409"}],"wp:term":[{"taxonomy":"category","embeddable":true,"href":"https:\/\/folhapopular.info\/index.php\/wp-json\/wp\/v2\/categories?post=142409"},{"taxonomy":"post_tag","embeddable":true,"href":"https:\/\/folhapopular.info\/index.php\/wp-json\/wp\/v2\/tags?post=142409"}],"curies":[{"name":"wp","href":"https:\/\/api.w.org\/{rel}","templated":true}]}}