{"id":142457,"date":"2023-10-26T14:12:45","date_gmt":"2023-10-26T17:12:45","guid":{"rendered":"https:\/\/folhapopular.info\/?p=142457"},"modified":"2023-10-26T14:12:47","modified_gmt":"2023-10-26T17:12:47","slug":"certel-divulga-comercializacao-de-energia-para-sao-paulo-parana-e-mato-grosso-do-sul","status":"publish","type":"post","link":"https:\/\/folhapopular.info\/index.php\/2023\/10\/26\/certel-divulga-comercializacao-de-energia-para-sao-paulo-parana-e-mato-grosso-do-sul\/","title":{"rendered":"Certel divulga comercializa\u00e7\u00e3o de energia para S\u00e3o Paulo, Paran\u00e1 e Mato Grosso do Sul"},"content":{"rendered":"\n<p>O vice-presidente da Certel, Daniel Luis Sechi apresentou, na ter\u00e7a-feira (24\/10) em Campinas, S\u00e3o Paulo, o servi\u00e7o de comercializa\u00e7\u00e3o de energia el\u00e9trica da cooperativa \u00e0s Federa\u00e7\u00f5es das Cooperativas de Eletrifica\u00e7\u00e3o Rural dos Estados de S\u00e3o Paulo (Fecoeresp), Paran\u00e1 (Fecoerpa) e Mato Grosso do Sul (Fecoerms). <\/p>\n\n\n\n<p>Acompanhado pelo superintendente da Federa\u00e7\u00e3o das Cooperativas de Energia, Telefonia e Desenvolvimento Rural do Estado do Rio Grande do Sul (Fecoergs) e da Confedera\u00e7\u00e3o Nacional das Cooperativas de Infraestrutura (Infracoop), Jos\u00e9 Zordan, Sechi enfatizou o importante benef\u00edcio da Certel Comercializadora, que possibilita esta comercializa\u00e7\u00e3o em \u00e2mbito nacional.<\/p>\n\n\n\n<p>Conforme Sechi, as cooperativas visitadas ainda n\u00e3o est\u00e3o estruturadas a ponto de poderem comercializar sua energia para o Mercado Livre. Logo, atrav\u00e9s desse interc\u00e2mbio, a Certel compartilhou todas as metodologias de como implementar e fortalecer ainda mais o cooperativismo de infraestrutura. \u201cAcreditamos que \u00e9 assim que podemos avan\u00e7ar neste novo neg\u00f3cio. N\u00e3o com um olhar de competitividade, mas sim de parceria e alian\u00e7a, para que possamos fortalecer o cooperativismo. Essa \u00e9 uma grande tend\u00eancia, sempre enxergando uma oportunidade de ampliar nossas receitas e expandir a Certel para al\u00e9m dos 48 munic\u00edpios atendidos em solo ga\u00facho\u201d, analisa.<\/p>\n\n\n\n<p>Tamb\u00e9m foram debatidos na reuni\u00e3o outros temas inerentes ao setor, como revis\u00e3o tarif\u00e1ria, quest\u00f5es t\u00e9cnicas e regulat\u00f3rias, gera\u00e7\u00e3o distribu\u00edda e Mercado Livre. Igualmente integrou a pauta a necessidade de um estreitamento de rela\u00e7\u00f5es com o Minist\u00e9rio de Minas e Energia, em n\u00edvel de Infracoop, para que o segmento possa ter uma atua\u00e7\u00e3o cada vez mais expressiva. \u201cPrecisamos continuar evoluindo nossas redes, usinas e tudo que j\u00e1 desenvolvemos t\u00e3o profissionalmente e dentro da legalidade do Setor El\u00e9trico. Necessitamos que estas pautas sejam avan\u00e7adas para o Minist\u00e9rio, at\u00e9 porque nossas cooperativas s\u00e3o fundamentais para o desenvolvimento da Na\u00e7\u00e3o\u201d, complementa o vice-presidente.<\/p>\n\n\n\n<p>Segundo Zordan, este \u00e9 o terceiro evento promovido pela Infracoop integrando as cooperativas. Os primeiros ocorreram no Rio Grande do Sul e em Santa Catarina. \u201cO pr\u00f3ximo ser\u00e1 com as cooperativas do Rio de Janeiro, quando concluiremos o atendimento \u00e0s seis federa\u00e7\u00f5es estaduais vinculadas \u00e0 confedera\u00e7\u00e3o. S\u00e3o passos importantes para que se amplie a intercoopera\u00e7\u00e3o, tornando o setor uma refer\u00eancia cada vez maior em termos de qualidade e confiabilidade\u201d, assinala.<\/p>\n","protected":false},"excerpt":{"rendered":"<p>O vice-presidente da Certel, Daniel Luis Sechi apresentou, na ter\u00e7a-feira (24\/10) em Campinas, S\u00e3o Paulo, o servi\u00e7o de comercializa\u00e7\u00e3o de energia el\u00e9trica da cooperativa \u00e0s Federa\u00e7\u00f5es das Cooperativas de Eletrifica\u00e7\u00e3o Rural dos Estados de S\u00e3o Paulo (Fecoeresp), Paran\u00e1 (Fecoerpa) e Mato Grosso do Sul (Fecoerms). Acompanhado pelo superintendente da Federa\u00e7\u00e3o das Cooperativas de Energia, Telefonia [&hellip;]<\/p>\n","protected":false},"author":8,"featured_media":142458,"comment_status":"open","ping_status":"open","sticky":false,"template":"","format":"standard","meta":{"pmpro_default_level":"","_jetpack_memberships_contains_paid_content":false,"footnotes":""},"categories":[10992,10991],"tags":[291,5187,2920],"class_list":{"0":"post-142457","1":"post","2":"type-post","3":"status-publish","4":"format-standard","5":"has-post-thumbnail","7":"category-coopop","8":"category-economia","9":"tag-certel","10":"tag-cooperativas","11":"tag-energia","12":"pmpro-has-access"},"yoast_head":"<!-- This site is optimized with the Yoast SEO plugin v27.5 - https:\/\/yoast.com\/product\/yoast-seo-wordpress\/ -->\n<title>Certel divulga comercializa\u00e7\u00e3o de energia para S\u00e3o Paulo, Paran\u00e1 e Mato Grosso do Sul - Folha Popular<\/title>\n<meta name=\"robots\" content=\"index, follow, max-snippet:-1, max-image-preview:large, max-video-preview:-1\" \/>\n<link rel=\"canonical\" href=\"https:\/\/folhapopular.info\/index.php\/2023\/10\/26\/certel-divulga-comercializacao-de-energia-para-sao-paulo-parana-e-mato-grosso-do-sul\/\" \/>\n<meta property=\"og:locale\" content=\"pt_BR\" \/>\n<meta property=\"og:type\" content=\"article\" \/>\n<meta property=\"og:title\" content=\"Certel divulga comercializa\u00e7\u00e3o de energia para S\u00e3o Paulo, Paran\u00e1 e Mato Grosso do Sul - Folha Popular\" \/>\n<meta property=\"og:description\" content=\"O vice-presidente da Certel, Daniel Luis Sechi apresentou, na ter\u00e7a-feira (24\/10) em Campinas, S\u00e3o Paulo, o servi\u00e7o de comercializa\u00e7\u00e3o de energia el\u00e9trica da cooperativa \u00e0s Federa\u00e7\u00f5es das Cooperativas de Eletrifica\u00e7\u00e3o Rural dos Estados de S\u00e3o Paulo (Fecoeresp), Paran\u00e1 (Fecoerpa) e Mato Grosso do Sul (Fecoerms). Acompanhado pelo superintendente da Federa\u00e7\u00e3o das Cooperativas de Energia, Telefonia [&hellip;]\" \/>\n<meta property=\"og:url\" content=\"https:\/\/folhapopular.info\/index.php\/2023\/10\/26\/certel-divulga-comercializacao-de-energia-para-sao-paulo-parana-e-mato-grosso-do-sul\/\" \/>\n<meta property=\"og:site_name\" content=\"Folha Popular\" \/>\n<meta property=\"article:published_time\" content=\"2023-10-26T17:12:45+00:00\" \/>\n<meta property=\"article:modified_time\" content=\"2023-10-26T17:12:47+00:00\" \/>\n<meta property=\"og:image\" content=\"http:\/\/folhapopular.info\/wp-content\/uploads\/2023\/10\/4f8ae87b-c290-4bb3-b243-9da38fa76a3c.jpg\" \/>\n\t<meta property=\"og:image:width\" content=\"1600\" \/>\n\t<meta property=\"og:image:height\" content=\"1200\" \/>\n\t<meta property=\"og:image:type\" content=\"image\/jpeg\" \/>\n<meta name=\"author\" content=\"Reda\u00e7\u00e3o Folha Popular\" \/>\n<meta name=\"twitter:card\" content=\"summary_large_image\" \/>\n<meta name=\"twitter:label1\" content=\"Escrito por\" \/>\n\t<meta name=\"twitter:data1\" content=\"Reda\u00e7\u00e3o Folha Popular\" \/>\n\t<meta name=\"twitter:label2\" content=\"Est. tempo de leitura\" \/>\n\t<meta name=\"twitter:data2\" content=\"2 minutos\" \/>\n<script type=\"application\/ld+json\" class=\"yoast-schema-graph\">{\"@context\":\"https:\\\/\\\/schema.org\",\"@graph\":[{\"@type\":\"Article\",\"@id\":\"https:\\\/\\\/folhapopular.info\\\/index.php\\\/2023\\\/10\\\/26\\\/certel-divulga-comercializacao-de-energia-para-sao-paulo-parana-e-mato-grosso-do-sul\\\/#article\",\"isPartOf\":{\"@id\":\"https:\\\/\\\/folhapopular.info\\\/index.php\\\/2023\\\/10\\\/26\\\/certel-divulga-comercializacao-de-energia-para-sao-paulo-parana-e-mato-grosso-do-sul\\\/\"},\"author\":{\"name\":\"Reda\u00e7\u00e3o Folha Popular\",\"@id\":\"https:\\\/\\\/folhapopular.info\\\/#\\\/schema\\\/person\\\/2814e8a0df7643585a9ca38bc6eb9d4b\"},\"headline\":\"Certel divulga comercializa\u00e7\u00e3o de energia para S\u00e3o Paulo, Paran\u00e1 e Mato Grosso do Sul\",\"datePublished\":\"2023-10-26T17:12:45+00:00\",\"dateModified\":\"2023-10-26T17:12:47+00:00\",\"mainEntityOfPage\":{\"@id\":\"https:\\\/\\\/folhapopular.info\\\/index.php\\\/2023\\\/10\\\/26\\\/certel-divulga-comercializacao-de-energia-para-sao-paulo-parana-e-mato-grosso-do-sul\\\/\"},\"wordCount\":416,\"commentCount\":0,\"image\":{\"@id\":\"https:\\\/\\\/folhapopular.info\\\/index.php\\\/2023\\\/10\\\/26\\\/certel-divulga-comercializacao-de-energia-para-sao-paulo-parana-e-mato-grosso-do-sul\\\/#primaryimage\"},\"thumbnailUrl\":\"https:\\\/\\\/folhapopular.info\\\/wp-content\\\/uploads\\\/2023\\\/10\\\/4f8ae87b-c290-4bb3-b243-9da38fa76a3c.jpg\",\"keywords\":[\"Certel\",\"cooperativas\",\"Energia\"],\"articleSection\":[\"Coopop\",\"Economia\"],\"inLanguage\":\"pt-BR\",\"potentialAction\":[{\"@type\":\"CommentAction\",\"name\":\"Comment\",\"target\":[\"https:\\\/\\\/folhapopular.info\\\/index.php\\\/2023\\\/10\\\/26\\\/certel-divulga-comercializacao-de-energia-para-sao-paulo-parana-e-mato-grosso-do-sul\\\/#respond\"]}]},{\"@type\":\"WebPage\",\"@id\":\"https:\\\/\\\/folhapopular.info\\\/index.php\\\/2023\\\/10\\\/26\\\/certel-divulga-comercializacao-de-energia-para-sao-paulo-parana-e-mato-grosso-do-sul\\\/\",\"url\":\"https:\\\/\\\/folhapopular.info\\\/index.php\\\/2023\\\/10\\\/26\\\/certel-divulga-comercializacao-de-energia-para-sao-paulo-parana-e-mato-grosso-do-sul\\\/\",\"name\":\"Certel divulga comercializa\u00e7\u00e3o de energia para S\u00e3o Paulo, Paran\u00e1 e Mato Grosso do Sul - Folha Popular\",\"isPartOf\":{\"@id\":\"https:\\\/\\\/folhapopular.info\\\/#website\"},\"primaryImageOfPage\":{\"@id\":\"https:\\\/\\\/folhapopular.info\\\/index.php\\\/2023\\\/10\\\/26\\\/certel-divulga-comercializacao-de-energia-para-sao-paulo-parana-e-mato-grosso-do-sul\\\/#primaryimage\"},\"image\":{\"@id\":\"https:\\\/\\\/folhapopular.info\\\/index.php\\\/2023\\\/10\\\/26\\\/certel-divulga-comercializacao-de-energia-para-sao-paulo-parana-e-mato-grosso-do-sul\\\/#primaryimage\"},\"thumbnailUrl\":\"https:\\\/\\\/folhapopular.info\\\/wp-content\\\/uploads\\\/2023\\\/10\\\/4f8ae87b-c290-4bb3-b243-9da38fa76a3c.jpg\",\"datePublished\":\"2023-10-26T17:12:45+00:00\",\"dateModified\":\"2023-10-26T17:12:47+00:00\",\"author\":{\"@id\":\"https:\\\/\\\/folhapopular.info\\\/#\\\/schema\\\/person\\\/2814e8a0df7643585a9ca38bc6eb9d4b\"},\"breadcrumb\":{\"@id\":\"https:\\\/\\\/folhapopular.info\\\/index.php\\\/2023\\\/10\\\/26\\\/certel-divulga-comercializacao-de-energia-para-sao-paulo-parana-e-mato-grosso-do-sul\\\/#breadcrumb\"},\"inLanguage\":\"pt-BR\",\"potentialAction\":[{\"@type\":\"ReadAction\",\"target\":[\"https:\\\/\\\/folhapopular.info\\\/index.php\\\/2023\\\/10\\\/26\\\/certel-divulga-comercializacao-de-energia-para-sao-paulo-parana-e-mato-grosso-do-sul\\\/\"]}]},{\"@type\":\"ImageObject\",\"inLanguage\":\"pt-BR\",\"@id\":\"https:\\\/\\\/folhapopular.info\\\/index.php\\\/2023\\\/10\\\/26\\\/certel-divulga-comercializacao-de-energia-para-sao-paulo-parana-e-mato-grosso-do-sul\\\/#primaryimage\",\"url\":\"https:\\\/\\\/folhapopular.info\\\/wp-content\\\/uploads\\\/2023\\\/10\\\/4f8ae87b-c290-4bb3-b243-9da38fa76a3c.jpg\",\"contentUrl\":\"https:\\\/\\\/folhapopular.info\\\/wp-content\\\/uploads\\\/2023\\\/10\\\/4f8ae87b-c290-4bb3-b243-9da38fa76a3c.jpg\",\"width\":1600,\"height\":1200,\"caption\":\"Cr\u00e9dito: Certel \\\/ Divulga\u00e7\u00e3o\"},{\"@type\":\"BreadcrumbList\",\"@id\":\"https:\\\/\\\/folhapopular.info\\\/index.php\\\/2023\\\/10\\\/26\\\/certel-divulga-comercializacao-de-energia-para-sao-paulo-parana-e-mato-grosso-do-sul\\\/#breadcrumb\",\"itemListElement\":[{\"@type\":\"ListItem\",\"position\":1,\"name\":\"In\u00edcio\",\"item\":\"https:\\\/\\\/folhapopular.info\\\/\"},{\"@type\":\"ListItem\",\"position\":2,\"name\":\"Certel divulga comercializa\u00e7\u00e3o de energia para S\u00e3o Paulo, Paran\u00e1 e Mato Grosso do Sul\"}]},{\"@type\":\"WebSite\",\"@id\":\"https:\\\/\\\/folhapopular.info\\\/#website\",\"url\":\"https:\\\/\\\/folhapopular.info\\\/\",\"name\":\"Folha Popular\",\"description\":\"Onde voc\u00ea tem vez e voz\",\"potentialAction\":[{\"@type\":\"SearchAction\",\"target\":{\"@type\":\"EntryPoint\",\"urlTemplate\":\"https:\\\/\\\/folhapopular.info\\\/?s={search_term_string}\"},\"query-input\":{\"@type\":\"PropertyValueSpecification\",\"valueRequired\":true,\"valueName\":\"search_term_string\"}}],\"inLanguage\":\"pt-BR\"},{\"@type\":\"Person\",\"@id\":\"https:\\\/\\\/folhapopular.info\\\/#\\\/schema\\\/person\\\/2814e8a0df7643585a9ca38bc6eb9d4b\",\"name\":\"Reda\u00e7\u00e3o Folha Popular\",\"image\":{\"@type\":\"ImageObject\",\"inLanguage\":\"pt-BR\",\"@id\":\"https:\\\/\\\/folhapopular.info\\\/wp-content\\\/uploads\\\/2026\\\/04\\\/Folha-1.webp\",\"url\":\"https:\\\/\\\/folhapopular.info\\\/wp-content\\\/uploads\\\/2026\\\/04\\\/Folha-1.webp\",\"contentUrl\":\"https:\\\/\\\/folhapopular.info\\\/wp-content\\\/uploads\\\/2026\\\/04\\\/Folha-1.webp\",\"caption\":\"Reda\u00e7\u00e3o Folha Popular\"},\"url\":\"https:\\\/\\\/folhapopular.info\\\/index.php\\\/author\\\/redacao\\\/\"}]}<\/script>\n<!-- \/ Yoast SEO plugin. -->","yoast_head_json":{"title":"Certel divulga comercializa\u00e7\u00e3o de energia para S\u00e3o Paulo, Paran\u00e1 e Mato Grosso do Sul - Folha Popular","robots":{"index":"index","follow":"follow","max-snippet":"max-snippet:-1","max-image-preview":"max-image-preview:large","max-video-preview":"max-video-preview:-1"},"canonical":"https:\/\/folhapopular.info\/index.php\/2023\/10\/26\/certel-divulga-comercializacao-de-energia-para-sao-paulo-parana-e-mato-grosso-do-sul\/","og_locale":"pt_BR","og_type":"article","og_title":"Certel divulga comercializa\u00e7\u00e3o de energia para S\u00e3o Paulo, Paran\u00e1 e Mato Grosso do Sul - Folha Popular","og_description":"O vice-presidente da Certel, Daniel Luis Sechi apresentou, na ter\u00e7a-feira (24\/10) em Campinas, S\u00e3o Paulo, o servi\u00e7o de comercializa\u00e7\u00e3o de energia el\u00e9trica da cooperativa \u00e0s Federa\u00e7\u00f5es das Cooperativas de Eletrifica\u00e7\u00e3o Rural dos Estados de S\u00e3o Paulo (Fecoeresp), Paran\u00e1 (Fecoerpa) e Mato Grosso do Sul (Fecoerms). Acompanhado pelo superintendente da Federa\u00e7\u00e3o das Cooperativas de Energia, Telefonia [&hellip;]","og_url":"https:\/\/folhapopular.info\/index.php\/2023\/10\/26\/certel-divulga-comercializacao-de-energia-para-sao-paulo-parana-e-mato-grosso-do-sul\/","og_site_name":"Folha Popular","article_published_time":"2023-10-26T17:12:45+00:00","article_modified_time":"2023-10-26T17:12:47+00:00","og_image":[{"width":1600,"height":1200,"url":"http:\/\/folhapopular.info\/wp-content\/uploads\/2023\/10\/4f8ae87b-c290-4bb3-b243-9da38fa76a3c.jpg","type":"image\/jpeg"}],"author":"Reda\u00e7\u00e3o Folha Popular","twitter_card":"summary_large_image","twitter_misc":{"Escrito por":"Reda\u00e7\u00e3o Folha Popular","Est. tempo de leitura":"2 minutos"},"schema":{"@context":"https:\/\/schema.org","@graph":[{"@type":"Article","@id":"https:\/\/folhapopular.info\/index.php\/2023\/10\/26\/certel-divulga-comercializacao-de-energia-para-sao-paulo-parana-e-mato-grosso-do-sul\/#article","isPartOf":{"@id":"https:\/\/folhapopular.info\/index.php\/2023\/10\/26\/certel-divulga-comercializacao-de-energia-para-sao-paulo-parana-e-mato-grosso-do-sul\/"},"author":{"name":"Reda\u00e7\u00e3o Folha Popular","@id":"https:\/\/folhapopular.info\/#\/schema\/person\/2814e8a0df7643585a9ca38bc6eb9d4b"},"headline":"Certel divulga comercializa\u00e7\u00e3o de energia para S\u00e3o Paulo, Paran\u00e1 e Mato Grosso do Sul","datePublished":"2023-10-26T17:12:45+00:00","dateModified":"2023-10-26T17:12:47+00:00","mainEntityOfPage":{"@id":"https:\/\/folhapopular.info\/index.php\/2023\/10\/26\/certel-divulga-comercializacao-de-energia-para-sao-paulo-parana-e-mato-grosso-do-sul\/"},"wordCount":416,"commentCount":0,"image":{"@id":"https:\/\/folhapopular.info\/index.php\/2023\/10\/26\/certel-divulga-comercializacao-de-energia-para-sao-paulo-parana-e-mato-grosso-do-sul\/#primaryimage"},"thumbnailUrl":"https:\/\/folhapopular.info\/wp-content\/uploads\/2023\/10\/4f8ae87b-c290-4bb3-b243-9da38fa76a3c.jpg","keywords":["Certel","cooperativas","Energia"],"articleSection":["Coopop","Economia"],"inLanguage":"pt-BR","potentialAction":[{"@type":"CommentAction","name":"Comment","target":["https:\/\/folhapopular.info\/index.php\/2023\/10\/26\/certel-divulga-comercializacao-de-energia-para-sao-paulo-parana-e-mato-grosso-do-sul\/#respond"]}]},{"@type":"WebPage","@id":"https:\/\/folhapopular.info\/index.php\/2023\/10\/26\/certel-divulga-comercializacao-de-energia-para-sao-paulo-parana-e-mato-grosso-do-sul\/","url":"https:\/\/folhapopular.info\/index.php\/2023\/10\/26\/certel-divulga-comercializacao-de-energia-para-sao-paulo-parana-e-mato-grosso-do-sul\/","name":"Certel divulga comercializa\u00e7\u00e3o de energia para S\u00e3o Paulo, Paran\u00e1 e Mato Grosso do Sul - Folha Popular","isPartOf":{"@id":"https:\/\/folhapopular.info\/#website"},"primaryImageOfPage":{"@id":"https:\/\/folhapopular.info\/index.php\/2023\/10\/26\/certel-divulga-comercializacao-de-energia-para-sao-paulo-parana-e-mato-grosso-do-sul\/#primaryimage"},"image":{"@id":"https:\/\/folhapopular.info\/index.php\/2023\/10\/26\/certel-divulga-comercializacao-de-energia-para-sao-paulo-parana-e-mato-grosso-do-sul\/#primaryimage"},"thumbnailUrl":"https:\/\/folhapopular.info\/wp-content\/uploads\/2023\/10\/4f8ae87b-c290-4bb3-b243-9da38fa76a3c.jpg","datePublished":"2023-10-26T17:12:45+00:00","dateModified":"2023-10-26T17:12:47+00:00","author":{"@id":"https:\/\/folhapopular.info\/#\/schema\/person\/2814e8a0df7643585a9ca38bc6eb9d4b"},"breadcrumb":{"@id":"https:\/\/folhapopular.info\/index.php\/2023\/10\/26\/certel-divulga-comercializacao-de-energia-para-sao-paulo-parana-e-mato-grosso-do-sul\/#breadcrumb"},"inLanguage":"pt-BR","potentialAction":[{"@type":"ReadAction","target":["https:\/\/folhapopular.info\/index.php\/2023\/10\/26\/certel-divulga-comercializacao-de-energia-para-sao-paulo-parana-e-mato-grosso-do-sul\/"]}]},{"@type":"ImageObject","inLanguage":"pt-BR","@id":"https:\/\/folhapopular.info\/index.php\/2023\/10\/26\/certel-divulga-comercializacao-de-energia-para-sao-paulo-parana-e-mato-grosso-do-sul\/#primaryimage","url":"https:\/\/folhapopular.info\/wp-content\/uploads\/2023\/10\/4f8ae87b-c290-4bb3-b243-9da38fa76a3c.jpg","contentUrl":"https:\/\/folhapopular.info\/wp-content\/uploads\/2023\/10\/4f8ae87b-c290-4bb3-b243-9da38fa76a3c.jpg","width":1600,"height":1200,"caption":"Cr\u00e9dito: Certel \/ Divulga\u00e7\u00e3o"},{"@type":"BreadcrumbList","@id":"https:\/\/folhapopular.info\/index.php\/2023\/10\/26\/certel-divulga-comercializacao-de-energia-para-sao-paulo-parana-e-mato-grosso-do-sul\/#breadcrumb","itemListElement":[{"@type":"ListItem","position":1,"name":"In\u00edcio","item":"https:\/\/folhapopular.info\/"},{"@type":"ListItem","position":2,"name":"Certel divulga comercializa\u00e7\u00e3o de energia para S\u00e3o Paulo, Paran\u00e1 e Mato Grosso do Sul"}]},{"@type":"WebSite","@id":"https:\/\/folhapopular.info\/#website","url":"https:\/\/folhapopular.info\/","name":"Folha Popular","description":"Onde voc\u00ea tem vez e voz","potentialAction":[{"@type":"SearchAction","target":{"@type":"EntryPoint","urlTemplate":"https:\/\/folhapopular.info\/?s={search_term_string}"},"query-input":{"@type":"PropertyValueSpecification","valueRequired":true,"valueName":"search_term_string"}}],"inLanguage":"pt-BR"},{"@type":"Person","@id":"https:\/\/folhapopular.info\/#\/schema\/person\/2814e8a0df7643585a9ca38bc6eb9d4b","name":"Reda\u00e7\u00e3o Folha Popular","image":{"@type":"ImageObject","inLanguage":"pt-BR","@id":"https:\/\/folhapopular.info\/wp-content\/uploads\/2026\/04\/Folha-1.webp","url":"https:\/\/folhapopular.info\/wp-content\/uploads\/2026\/04\/Folha-1.webp","contentUrl":"https:\/\/folhapopular.info\/wp-content\/uploads\/2026\/04\/Folha-1.webp","caption":"Reda\u00e7\u00e3o Folha Popular"},"url":"https:\/\/folhapopular.info\/index.php\/author\/redacao\/"}]}},"jetpack_featured_media_url":"https:\/\/folhapopular.info\/wp-content\/uploads\/2023\/10\/4f8ae87b-c290-4bb3-b243-9da38fa76a3c.jpg","jetpack_sharing_enabled":true,"amp_enabled":true,"_links":{"self":[{"href":"https:\/\/folhapopular.info\/index.php\/wp-json\/wp\/v2\/posts\/142457","targetHints":{"allow":["GET"]}}],"collection":[{"href":"https:\/\/folhapopular.info\/index.php\/wp-json\/wp\/v2\/posts"}],"about":[{"href":"https:\/\/folhapopular.info\/index.php\/wp-json\/wp\/v2\/types\/post"}],"author":[{"embeddable":true,"href":"https:\/\/folhapopular.info\/index.php\/wp-json\/wp\/v2\/users\/8"}],"replies":[{"embeddable":true,"href":"https:\/\/folhapopular.info\/index.php\/wp-json\/wp\/v2\/comments?post=142457"}],"version-history":[{"count":0,"href":"https:\/\/folhapopular.info\/index.php\/wp-json\/wp\/v2\/posts\/142457\/revisions"}],"wp:featuredmedia":[{"embeddable":true,"href":"https:\/\/folhapopular.info\/index.php\/wp-json\/wp\/v2\/media\/142458"}],"wp:attachment":[{"href":"https:\/\/folhapopular.info\/index.php\/wp-json\/wp\/v2\/media?parent=142457"}],"wp:term":[{"taxonomy":"category","embeddable":true,"href":"https:\/\/folhapopular.info\/index.php\/wp-json\/wp\/v2\/categories?post=142457"},{"taxonomy":"post_tag","embeddable":true,"href":"https:\/\/folhapopular.info\/index.php\/wp-json\/wp\/v2\/tags?post=142457"}],"curies":[{"name":"wp","href":"https:\/\/api.w.org\/{rel}","templated":true}]}}