{"id":142494,"date":"2023-10-27T08:55:45","date_gmt":"2023-10-27T11:55:45","guid":{"rendered":"https:\/\/folhapopular.info\/?p=142494"},"modified":"2023-10-27T08:55:48","modified_gmt":"2023-10-27T11:55:48","slug":"casa-e-consumida-por-incendio-no-interior-de-encantado","status":"publish","type":"post","link":"https:\/\/folhapopular.info\/index.php\/2023\/10\/27\/casa-e-consumida-por-incendio-no-interior-de-encantado\/","title":{"rendered":"Casa \u00e9 consumida por inc\u00eandio no interior de Encantado"},"content":{"rendered":"\n<p>Duas pessoas sofreram ferimentos em um inc\u00eandio ocorrido no fim da tarde dessa quinta-feira (26\/10), em Encantado.<\/p>\n\n\n\n<p>O Corpo de Bombeiros Militar foi acionado \u00e0s 17h30 e se dirigiu at\u00e9 uma moradia localizada na Estrada Vale do Jacar\u00e9, no Bairro Jacarezinho. No local foi verificado um inc\u00eandio de grandes propor\u00e7\u00f5es em uma resid\u00eancia de dois andares, aproximadamente 80 metros quadrados.&nbsp;<\/p>\n\n\n\n<p>A corpora\u00e7\u00e3o montou duas linhas de mangueiras, sendo realizado o combate ofensivo e defensivo. Foram utilizados aproximadamente 10 mil litros de \u00e1gua, sendo necess\u00e1rio voltar ao quartel para reabastecer a viatura. O trabalho se estendeu por cerca de uma hora e meia.<\/p>\n\n\n\n<p>O propriet\u00e1rio da resid\u00eancia e sua filha, de 75 e 38 anos de idade, respectivamente, sofreram queimaduras leves no rosto e inalaram fuma\u00e7a. A equipe do Samu conduziu as v\u00edtimas at\u00e9 o Hospital Santa Terezinha para atendimento.&nbsp;<\/p>\n\n\n\n<p>As causas do in\u00edcio do sinistro ainda s\u00e3o desconhecidas.<\/p>\n","protected":false},"excerpt":{"rendered":"<p>Duas pessoas sofreram ferimentos em um inc\u00eandio ocorrido no fim da tarde dessa quinta-feira (26\/10), em Encantado. O Corpo de Bombeiros Militar foi acionado \u00e0s 17h30 e se dirigiu at\u00e9 uma moradia localizada na Estrada Vale do Jacar\u00e9, no Bairro Jacarezinho. No local foi verificado um inc\u00eandio de grandes propor\u00e7\u00f5es em uma resid\u00eancia de dois [&hellip;]<\/p>\n","protected":false},"author":8,"featured_media":142495,"comment_status":"open","ping_status":"open","sticky":false,"template":"","format":"standard","meta":{"pmpro_default_level":"","_jetpack_memberships_contains_paid_content":false,"footnotes":""},"categories":[10984,7],"tags":[4357,8162,466,775,42],"class_list":{"0":"post-142494","1":"post","2":"type-post","3":"status-publish","4":"format-standard","5":"has-post-thumbnail","7":"category-bombeiros","8":"category-seguranca","9":"tag-casa","10":"tag-consumida","11":"tag-encantado","12":"tag-fogo","13":"tag-incendio","14":"pmpro-has-access"},"yoast_head":"<!-- This site is optimized with the Yoast SEO plugin v27.5 - https:\/\/yoast.com\/product\/yoast-seo-wordpress\/ -->\n<title>Casa \u00e9 consumida por inc\u00eandio no interior de Encantado - Folha Popular<\/title>\n<meta name=\"robots\" content=\"index, follow, max-snippet:-1, max-image-preview:large, max-video-preview:-1\" \/>\n<link rel=\"canonical\" href=\"https:\/\/folhapopular.info\/index.php\/2023\/10\/27\/casa-e-consumida-por-incendio-no-interior-de-encantado\/\" \/>\n<meta property=\"og:locale\" content=\"pt_BR\" \/>\n<meta property=\"og:type\" content=\"article\" \/>\n<meta property=\"og:title\" content=\"Casa \u00e9 consumida por inc\u00eandio no interior de Encantado - Folha Popular\" \/>\n<meta property=\"og:description\" content=\"Duas pessoas sofreram ferimentos em um inc\u00eandio ocorrido no fim da tarde dessa quinta-feira (26\/10), em Encantado. O Corpo de Bombeiros Militar foi acionado \u00e0s 17h30 e se dirigiu at\u00e9 uma moradia localizada na Estrada Vale do Jacar\u00e9, no Bairro Jacarezinho. No local foi verificado um inc\u00eandio de grandes propor\u00e7\u00f5es em uma resid\u00eancia de dois [&hellip;]\" \/>\n<meta property=\"og:url\" content=\"https:\/\/folhapopular.info\/index.php\/2023\/10\/27\/casa-e-consumida-por-incendio-no-interior-de-encantado\/\" \/>\n<meta property=\"og:site_name\" content=\"Folha Popular\" \/>\n<meta property=\"article:published_time\" content=\"2023-10-27T11:55:45+00:00\" \/>\n<meta property=\"article:modified_time\" content=\"2023-10-27T11:55:48+00:00\" \/>\n<meta property=\"og:image\" content=\"http:\/\/folhapopular.info\/wp-content\/uploads\/2023\/10\/WhatsApp-Image-2023-10-26-at-21.34.15.jpeg\" \/>\n\t<meta property=\"og:image:width\" content=\"1600\" \/>\n\t<meta property=\"og:image:height\" content=\"1200\" \/>\n\t<meta property=\"og:image:type\" content=\"image\/jpeg\" \/>\n<meta name=\"author\" content=\"Reda\u00e7\u00e3o Folha Popular\" \/>\n<meta name=\"twitter:card\" content=\"summary_large_image\" \/>\n<meta name=\"twitter:label1\" content=\"Escrito por\" \/>\n\t<meta name=\"twitter:data1\" content=\"Reda\u00e7\u00e3o Folha Popular\" \/>\n\t<meta name=\"twitter:label2\" content=\"Est. tempo de leitura\" \/>\n\t<meta name=\"twitter:data2\" content=\"1 minuto\" \/>\n<script type=\"application\/ld+json\" class=\"yoast-schema-graph\">{\"@context\":\"https:\\\/\\\/schema.org\",\"@graph\":[{\"@type\":\"Article\",\"@id\":\"https:\\\/\\\/folhapopular.info\\\/index.php\\\/2023\\\/10\\\/27\\\/casa-e-consumida-por-incendio-no-interior-de-encantado\\\/#article\",\"isPartOf\":{\"@id\":\"https:\\\/\\\/folhapopular.info\\\/index.php\\\/2023\\\/10\\\/27\\\/casa-e-consumida-por-incendio-no-interior-de-encantado\\\/\"},\"author\":{\"name\":\"Reda\u00e7\u00e3o Folha Popular\",\"@id\":\"https:\\\/\\\/folhapopular.info\\\/#\\\/schema\\\/person\\\/2814e8a0df7643585a9ca38bc6eb9d4b\"},\"headline\":\"Casa \u00e9 consumida por inc\u00eandio no interior de Encantado\",\"datePublished\":\"2023-10-27T11:55:45+00:00\",\"dateModified\":\"2023-10-27T11:55:48+00:00\",\"mainEntityOfPage\":{\"@id\":\"https:\\\/\\\/folhapopular.info\\\/index.php\\\/2023\\\/10\\\/27\\\/casa-e-consumida-por-incendio-no-interior-de-encantado\\\/\"},\"wordCount\":166,\"commentCount\":0,\"image\":{\"@id\":\"https:\\\/\\\/folhapopular.info\\\/index.php\\\/2023\\\/10\\\/27\\\/casa-e-consumida-por-incendio-no-interior-de-encantado\\\/#primaryimage\"},\"thumbnailUrl\":\"https:\\\/\\\/folhapopular.info\\\/wp-content\\\/uploads\\\/2023\\\/10\\\/WhatsApp-Image-2023-10-26-at-21.34.15.jpeg\",\"keywords\":[\"Casa\",\"Consumida\",\"Encantado\",\"fogo\",\"Inc\u00eandio\"],\"articleSection\":[\"Bombeiros\",\"Seguran\u00e7a\"],\"inLanguage\":\"pt-BR\",\"potentialAction\":[{\"@type\":\"CommentAction\",\"name\":\"Comment\",\"target\":[\"https:\\\/\\\/folhapopular.info\\\/index.php\\\/2023\\\/10\\\/27\\\/casa-e-consumida-por-incendio-no-interior-de-encantado\\\/#respond\"]}]},{\"@type\":\"WebPage\",\"@id\":\"https:\\\/\\\/folhapopular.info\\\/index.php\\\/2023\\\/10\\\/27\\\/casa-e-consumida-por-incendio-no-interior-de-encantado\\\/\",\"url\":\"https:\\\/\\\/folhapopular.info\\\/index.php\\\/2023\\\/10\\\/27\\\/casa-e-consumida-por-incendio-no-interior-de-encantado\\\/\",\"name\":\"Casa \u00e9 consumida por inc\u00eandio no interior de Encantado - Folha Popular\",\"isPartOf\":{\"@id\":\"https:\\\/\\\/folhapopular.info\\\/#website\"},\"primaryImageOfPage\":{\"@id\":\"https:\\\/\\\/folhapopular.info\\\/index.php\\\/2023\\\/10\\\/27\\\/casa-e-consumida-por-incendio-no-interior-de-encantado\\\/#primaryimage\"},\"image\":{\"@id\":\"https:\\\/\\\/folhapopular.info\\\/index.php\\\/2023\\\/10\\\/27\\\/casa-e-consumida-por-incendio-no-interior-de-encantado\\\/#primaryimage\"},\"thumbnailUrl\":\"https:\\\/\\\/folhapopular.info\\\/wp-content\\\/uploads\\\/2023\\\/10\\\/WhatsApp-Image-2023-10-26-at-21.34.15.jpeg\",\"datePublished\":\"2023-10-27T11:55:45+00:00\",\"dateModified\":\"2023-10-27T11:55:48+00:00\",\"author\":{\"@id\":\"https:\\\/\\\/folhapopular.info\\\/#\\\/schema\\\/person\\\/2814e8a0df7643585a9ca38bc6eb9d4b\"},\"breadcrumb\":{\"@id\":\"https:\\\/\\\/folhapopular.info\\\/index.php\\\/2023\\\/10\\\/27\\\/casa-e-consumida-por-incendio-no-interior-de-encantado\\\/#breadcrumb\"},\"inLanguage\":\"pt-BR\",\"potentialAction\":[{\"@type\":\"ReadAction\",\"target\":[\"https:\\\/\\\/folhapopular.info\\\/index.php\\\/2023\\\/10\\\/27\\\/casa-e-consumida-por-incendio-no-interior-de-encantado\\\/\"]}]},{\"@type\":\"ImageObject\",\"inLanguage\":\"pt-BR\",\"@id\":\"https:\\\/\\\/folhapopular.info\\\/index.php\\\/2023\\\/10\\\/27\\\/casa-e-consumida-por-incendio-no-interior-de-encantado\\\/#primaryimage\",\"url\":\"https:\\\/\\\/folhapopular.info\\\/wp-content\\\/uploads\\\/2023\\\/10\\\/WhatsApp-Image-2023-10-26-at-21.34.15.jpeg\",\"contentUrl\":\"https:\\\/\\\/folhapopular.info\\\/wp-content\\\/uploads\\\/2023\\\/10\\\/WhatsApp-Image-2023-10-26-at-21.34.15.jpeg\",\"width\":1600,\"height\":1200,\"caption\":\"Cr\u00e9dito: Bombeiros Militares \\\/ Divulga\u00e7\u00e3o\"},{\"@type\":\"BreadcrumbList\",\"@id\":\"https:\\\/\\\/folhapopular.info\\\/index.php\\\/2023\\\/10\\\/27\\\/casa-e-consumida-por-incendio-no-interior-de-encantado\\\/#breadcrumb\",\"itemListElement\":[{\"@type\":\"ListItem\",\"position\":1,\"name\":\"In\u00edcio\",\"item\":\"https:\\\/\\\/folhapopular.info\\\/\"},{\"@type\":\"ListItem\",\"position\":2,\"name\":\"Casa \u00e9 consumida por inc\u00eandio no interior de Encantado\"}]},{\"@type\":\"WebSite\",\"@id\":\"https:\\\/\\\/folhapopular.info\\\/#website\",\"url\":\"https:\\\/\\\/folhapopular.info\\\/\",\"name\":\"Folha Popular\",\"description\":\"Onde voc\u00ea tem vez e voz\",\"potentialAction\":[{\"@type\":\"SearchAction\",\"target\":{\"@type\":\"EntryPoint\",\"urlTemplate\":\"https:\\\/\\\/folhapopular.info\\\/?s={search_term_string}\"},\"query-input\":{\"@type\":\"PropertyValueSpecification\",\"valueRequired\":true,\"valueName\":\"search_term_string\"}}],\"inLanguage\":\"pt-BR\"},{\"@type\":\"Person\",\"@id\":\"https:\\\/\\\/folhapopular.info\\\/#\\\/schema\\\/person\\\/2814e8a0df7643585a9ca38bc6eb9d4b\",\"name\":\"Reda\u00e7\u00e3o Folha Popular\",\"image\":{\"@type\":\"ImageObject\",\"inLanguage\":\"pt-BR\",\"@id\":\"https:\\\/\\\/folhapopular.info\\\/wp-content\\\/uploads\\\/2026\\\/04\\\/Folha-1.webp\",\"url\":\"https:\\\/\\\/folhapopular.info\\\/wp-content\\\/uploads\\\/2026\\\/04\\\/Folha-1.webp\",\"contentUrl\":\"https:\\\/\\\/folhapopular.info\\\/wp-content\\\/uploads\\\/2026\\\/04\\\/Folha-1.webp\",\"caption\":\"Reda\u00e7\u00e3o Folha Popular\"},\"url\":\"https:\\\/\\\/folhapopular.info\\\/index.php\\\/author\\\/redacao\\\/\"}]}<\/script>\n<!-- \/ Yoast SEO plugin. -->","yoast_head_json":{"title":"Casa \u00e9 consumida por inc\u00eandio no interior de Encantado - Folha Popular","robots":{"index":"index","follow":"follow","max-snippet":"max-snippet:-1","max-image-preview":"max-image-preview:large","max-video-preview":"max-video-preview:-1"},"canonical":"https:\/\/folhapopular.info\/index.php\/2023\/10\/27\/casa-e-consumida-por-incendio-no-interior-de-encantado\/","og_locale":"pt_BR","og_type":"article","og_title":"Casa \u00e9 consumida por inc\u00eandio no interior de Encantado - Folha Popular","og_description":"Duas pessoas sofreram ferimentos em um inc\u00eandio ocorrido no fim da tarde dessa quinta-feira (26\/10), em Encantado. O Corpo de Bombeiros Militar foi acionado \u00e0s 17h30 e se dirigiu at\u00e9 uma moradia localizada na Estrada Vale do Jacar\u00e9, no Bairro Jacarezinho. No local foi verificado um inc\u00eandio de grandes propor\u00e7\u00f5es em uma resid\u00eancia de dois [&hellip;]","og_url":"https:\/\/folhapopular.info\/index.php\/2023\/10\/27\/casa-e-consumida-por-incendio-no-interior-de-encantado\/","og_site_name":"Folha Popular","article_published_time":"2023-10-27T11:55:45+00:00","article_modified_time":"2023-10-27T11:55:48+00:00","og_image":[{"width":1600,"height":1200,"url":"http:\/\/folhapopular.info\/wp-content\/uploads\/2023\/10\/WhatsApp-Image-2023-10-26-at-21.34.15.jpeg","type":"image\/jpeg"}],"author":"Reda\u00e7\u00e3o Folha Popular","twitter_card":"summary_large_image","twitter_misc":{"Escrito por":"Reda\u00e7\u00e3o Folha Popular","Est. tempo de leitura":"1 minuto"},"schema":{"@context":"https:\/\/schema.org","@graph":[{"@type":"Article","@id":"https:\/\/folhapopular.info\/index.php\/2023\/10\/27\/casa-e-consumida-por-incendio-no-interior-de-encantado\/#article","isPartOf":{"@id":"https:\/\/folhapopular.info\/index.php\/2023\/10\/27\/casa-e-consumida-por-incendio-no-interior-de-encantado\/"},"author":{"name":"Reda\u00e7\u00e3o Folha Popular","@id":"https:\/\/folhapopular.info\/#\/schema\/person\/2814e8a0df7643585a9ca38bc6eb9d4b"},"headline":"Casa \u00e9 consumida por inc\u00eandio no interior de Encantado","datePublished":"2023-10-27T11:55:45+00:00","dateModified":"2023-10-27T11:55:48+00:00","mainEntityOfPage":{"@id":"https:\/\/folhapopular.info\/index.php\/2023\/10\/27\/casa-e-consumida-por-incendio-no-interior-de-encantado\/"},"wordCount":166,"commentCount":0,"image":{"@id":"https:\/\/folhapopular.info\/index.php\/2023\/10\/27\/casa-e-consumida-por-incendio-no-interior-de-encantado\/#primaryimage"},"thumbnailUrl":"https:\/\/folhapopular.info\/wp-content\/uploads\/2023\/10\/WhatsApp-Image-2023-10-26-at-21.34.15.jpeg","keywords":["Casa","Consumida","Encantado","fogo","Inc\u00eandio"],"articleSection":["Bombeiros","Seguran\u00e7a"],"inLanguage":"pt-BR","potentialAction":[{"@type":"CommentAction","name":"Comment","target":["https:\/\/folhapopular.info\/index.php\/2023\/10\/27\/casa-e-consumida-por-incendio-no-interior-de-encantado\/#respond"]}]},{"@type":"WebPage","@id":"https:\/\/folhapopular.info\/index.php\/2023\/10\/27\/casa-e-consumida-por-incendio-no-interior-de-encantado\/","url":"https:\/\/folhapopular.info\/index.php\/2023\/10\/27\/casa-e-consumida-por-incendio-no-interior-de-encantado\/","name":"Casa \u00e9 consumida por inc\u00eandio no interior de Encantado - Folha Popular","isPartOf":{"@id":"https:\/\/folhapopular.info\/#website"},"primaryImageOfPage":{"@id":"https:\/\/folhapopular.info\/index.php\/2023\/10\/27\/casa-e-consumida-por-incendio-no-interior-de-encantado\/#primaryimage"},"image":{"@id":"https:\/\/folhapopular.info\/index.php\/2023\/10\/27\/casa-e-consumida-por-incendio-no-interior-de-encantado\/#primaryimage"},"thumbnailUrl":"https:\/\/folhapopular.info\/wp-content\/uploads\/2023\/10\/WhatsApp-Image-2023-10-26-at-21.34.15.jpeg","datePublished":"2023-10-27T11:55:45+00:00","dateModified":"2023-10-27T11:55:48+00:00","author":{"@id":"https:\/\/folhapopular.info\/#\/schema\/person\/2814e8a0df7643585a9ca38bc6eb9d4b"},"breadcrumb":{"@id":"https:\/\/folhapopular.info\/index.php\/2023\/10\/27\/casa-e-consumida-por-incendio-no-interior-de-encantado\/#breadcrumb"},"inLanguage":"pt-BR","potentialAction":[{"@type":"ReadAction","target":["https:\/\/folhapopular.info\/index.php\/2023\/10\/27\/casa-e-consumida-por-incendio-no-interior-de-encantado\/"]}]},{"@type":"ImageObject","inLanguage":"pt-BR","@id":"https:\/\/folhapopular.info\/index.php\/2023\/10\/27\/casa-e-consumida-por-incendio-no-interior-de-encantado\/#primaryimage","url":"https:\/\/folhapopular.info\/wp-content\/uploads\/2023\/10\/WhatsApp-Image-2023-10-26-at-21.34.15.jpeg","contentUrl":"https:\/\/folhapopular.info\/wp-content\/uploads\/2023\/10\/WhatsApp-Image-2023-10-26-at-21.34.15.jpeg","width":1600,"height":1200,"caption":"Cr\u00e9dito: Bombeiros Militares \/ Divulga\u00e7\u00e3o"},{"@type":"BreadcrumbList","@id":"https:\/\/folhapopular.info\/index.php\/2023\/10\/27\/casa-e-consumida-por-incendio-no-interior-de-encantado\/#breadcrumb","itemListElement":[{"@type":"ListItem","position":1,"name":"In\u00edcio","item":"https:\/\/folhapopular.info\/"},{"@type":"ListItem","position":2,"name":"Casa \u00e9 consumida por inc\u00eandio no interior de Encantado"}]},{"@type":"WebSite","@id":"https:\/\/folhapopular.info\/#website","url":"https:\/\/folhapopular.info\/","name":"Folha Popular","description":"Onde voc\u00ea tem vez e voz","potentialAction":[{"@type":"SearchAction","target":{"@type":"EntryPoint","urlTemplate":"https:\/\/folhapopular.info\/?s={search_term_string}"},"query-input":{"@type":"PropertyValueSpecification","valueRequired":true,"valueName":"search_term_string"}}],"inLanguage":"pt-BR"},{"@type":"Person","@id":"https:\/\/folhapopular.info\/#\/schema\/person\/2814e8a0df7643585a9ca38bc6eb9d4b","name":"Reda\u00e7\u00e3o Folha Popular","image":{"@type":"ImageObject","inLanguage":"pt-BR","@id":"https:\/\/folhapopular.info\/wp-content\/uploads\/2026\/04\/Folha-1.webp","url":"https:\/\/folhapopular.info\/wp-content\/uploads\/2026\/04\/Folha-1.webp","contentUrl":"https:\/\/folhapopular.info\/wp-content\/uploads\/2026\/04\/Folha-1.webp","caption":"Reda\u00e7\u00e3o Folha Popular"},"url":"https:\/\/folhapopular.info\/index.php\/author\/redacao\/"}]}},"jetpack_featured_media_url":"https:\/\/folhapopular.info\/wp-content\/uploads\/2023\/10\/WhatsApp-Image-2023-10-26-at-21.34.15.jpeg","jetpack_sharing_enabled":true,"amp_enabled":true,"_links":{"self":[{"href":"https:\/\/folhapopular.info\/index.php\/wp-json\/wp\/v2\/posts\/142494","targetHints":{"allow":["GET"]}}],"collection":[{"href":"https:\/\/folhapopular.info\/index.php\/wp-json\/wp\/v2\/posts"}],"about":[{"href":"https:\/\/folhapopular.info\/index.php\/wp-json\/wp\/v2\/types\/post"}],"author":[{"embeddable":true,"href":"https:\/\/folhapopular.info\/index.php\/wp-json\/wp\/v2\/users\/8"}],"replies":[{"embeddable":true,"href":"https:\/\/folhapopular.info\/index.php\/wp-json\/wp\/v2\/comments?post=142494"}],"version-history":[{"count":0,"href":"https:\/\/folhapopular.info\/index.php\/wp-json\/wp\/v2\/posts\/142494\/revisions"}],"wp:featuredmedia":[{"embeddable":true,"href":"https:\/\/folhapopular.info\/index.php\/wp-json\/wp\/v2\/media\/142495"}],"wp:attachment":[{"href":"https:\/\/folhapopular.info\/index.php\/wp-json\/wp\/v2\/media?parent=142494"}],"wp:term":[{"taxonomy":"category","embeddable":true,"href":"https:\/\/folhapopular.info\/index.php\/wp-json\/wp\/v2\/categories?post=142494"},{"taxonomy":"post_tag","embeddable":true,"href":"https:\/\/folhapopular.info\/index.php\/wp-json\/wp\/v2\/tags?post=142494"}],"curies":[{"name":"wp","href":"https:\/\/api.w.org\/{rel}","templated":true}]}}