{"id":142612,"date":"2023-10-29T14:52:57","date_gmt":"2023-10-29T17:52:57","guid":{"rendered":"https:\/\/folhapopular.info\/?p=142612"},"modified":"2023-10-29T14:53:00","modified_gmt":"2023-10-29T17:53:00","slug":"declaracao-anual-de-rebanho-de-paverama-deve-ser-feita-ate-esta-segunda-feira","status":"publish","type":"post","link":"https:\/\/folhapopular.info\/index.php\/2023\/10\/29\/declaracao-anual-de-rebanho-de-paverama-deve-ser-feita-ate-esta-segunda-feira\/","title":{"rendered":"Declara\u00e7\u00e3o Anual de Rebanho de Paverama deve ser feita at\u00e9 esta segunda-feira"},"content":{"rendered":"\n<p>A Prefeitura de Paverama alerta que a Declara\u00e7\u00e3o Anual de Rebanho, obrigat\u00f3ria a todos os produtores rurais, deve ser feita at\u00e9 esta segunda-feira, 31 de outubro. Todos os produtores dever\u00e3o comparecer \u00e0 Secretaria de Agricultura e Meio Ambiente, situada na Rua 04 de Julho, n\u00ba 7098, entre 7h e 13h, de segunda a sexta-feira. O produtor deve informar verbalmente os dados a serem lan\u00e7ados em sua propriedade.<\/p>\n","protected":false},"excerpt":{"rendered":"<p>A Prefeitura de Paverama alerta que a Declara\u00e7\u00e3o Anual de Rebanho, obrigat\u00f3ria a todos os produtores rurais, deve ser feita at\u00e9 esta segunda-feira, 31 de outubro. Todos os produtores dever\u00e3o comparecer \u00e0 Secretaria de Agricultura e Meio Ambiente, situada na Rua 04 de Julho, n\u00ba 7098, entre 7h e 13h, de segunda a sexta-feira. O [&hellip;]<\/p>\n","protected":false},"author":8,"featured_media":142613,"comment_status":"open","ping_status":"open","sticky":false,"template":"","format":"standard","meta":{"pmpro_default_level":"","_jetpack_memberships_contains_paid_content":false,"footnotes":""},"categories":[2,10994],"tags":[12440,46,11027],"class_list":{"0":"post-142612","1":"post","2":"type-post","3":"status-publish","4":"format-standard","5":"has-post-thumbnail","7":"category-featured","8":"category-rural","9":"tag-declaracao-anual-de-rebanho","10":"tag-paverama","11":"tag-rural","12":"pmpro-has-access"},"yoast_head":"<!-- This site is optimized with the Yoast SEO plugin v27.5 - https:\/\/yoast.com\/product\/yoast-seo-wordpress\/ -->\n<title>Declara\u00e7\u00e3o Anual de Rebanho de Paverama deve ser feita at\u00e9 esta segunda-feira - Folha Popular<\/title>\n<meta name=\"robots\" content=\"index, follow, max-snippet:-1, max-image-preview:large, max-video-preview:-1\" \/>\n<link rel=\"canonical\" href=\"https:\/\/folhapopular.info\/index.php\/2023\/10\/29\/declaracao-anual-de-rebanho-de-paverama-deve-ser-feita-ate-esta-segunda-feira\/\" \/>\n<meta property=\"og:locale\" content=\"pt_BR\" \/>\n<meta property=\"og:type\" content=\"article\" \/>\n<meta property=\"og:title\" content=\"Declara\u00e7\u00e3o Anual de Rebanho de Paverama deve ser feita at\u00e9 esta segunda-feira - Folha Popular\" \/>\n<meta property=\"og:description\" content=\"A Prefeitura de Paverama alerta que a Declara\u00e7\u00e3o Anual de Rebanho, obrigat\u00f3ria a todos os produtores rurais, deve ser feita at\u00e9 esta segunda-feira, 31 de outubro. Todos os produtores dever\u00e3o comparecer \u00e0 Secretaria de Agricultura e Meio Ambiente, situada na Rua 04 de Julho, n\u00ba 7098, entre 7h e 13h, de segunda a sexta-feira. O [&hellip;]\" \/>\n<meta property=\"og:url\" content=\"https:\/\/folhapopular.info\/index.php\/2023\/10\/29\/declaracao-anual-de-rebanho-de-paverama-deve-ser-feita-ate-esta-segunda-feira\/\" \/>\n<meta property=\"og:site_name\" content=\"Folha Popular\" \/>\n<meta property=\"article:published_time\" content=\"2023-10-29T17:52:57+00:00\" \/>\n<meta property=\"article:modified_time\" content=\"2023-10-29T17:53:00+00:00\" \/>\n<meta property=\"og:image\" content=\"http:\/\/folhapopular.info\/wp-content\/uploads\/2023\/10\/pexels-mark-stebnicki-2737166.jpg\" \/>\n\t<meta property=\"og:image:width\" content=\"1280\" \/>\n\t<meta property=\"og:image:height\" content=\"853\" \/>\n\t<meta property=\"og:image:type\" content=\"image\/jpeg\" \/>\n<meta name=\"author\" content=\"Reda\u00e7\u00e3o Folha Popular\" \/>\n<meta name=\"twitter:card\" content=\"summary_large_image\" \/>\n<meta name=\"twitter:label1\" content=\"Escrito por\" \/>\n\t<meta name=\"twitter:data1\" content=\"Reda\u00e7\u00e3o Folha Popular\" \/>\n\t<meta name=\"twitter:label2\" content=\"Est. tempo de leitura\" \/>\n\t<meta name=\"twitter:data2\" content=\"1 minuto\" \/>\n<script type=\"application\/ld+json\" class=\"yoast-schema-graph\">{\"@context\":\"https:\\\/\\\/schema.org\",\"@graph\":[{\"@type\":\"Article\",\"@id\":\"https:\\\/\\\/folhapopular.info\\\/index.php\\\/2023\\\/10\\\/29\\\/declaracao-anual-de-rebanho-de-paverama-deve-ser-feita-ate-esta-segunda-feira\\\/#article\",\"isPartOf\":{\"@id\":\"https:\\\/\\\/folhapopular.info\\\/index.php\\\/2023\\\/10\\\/29\\\/declaracao-anual-de-rebanho-de-paverama-deve-ser-feita-ate-esta-segunda-feira\\\/\"},\"author\":{\"name\":\"Reda\u00e7\u00e3o Folha Popular\",\"@id\":\"https:\\\/\\\/folhapopular.info\\\/#\\\/schema\\\/person\\\/2814e8a0df7643585a9ca38bc6eb9d4b\"},\"headline\":\"Declara\u00e7\u00e3o Anual de Rebanho de Paverama deve ser feita at\u00e9 esta segunda-feira\",\"datePublished\":\"2023-10-29T17:52:57+00:00\",\"dateModified\":\"2023-10-29T17:53:00+00:00\",\"mainEntityOfPage\":{\"@id\":\"https:\\\/\\\/folhapopular.info\\\/index.php\\\/2023\\\/10\\\/29\\\/declaracao-anual-de-rebanho-de-paverama-deve-ser-feita-ate-esta-segunda-feira\\\/\"},\"wordCount\":80,\"commentCount\":0,\"image\":{\"@id\":\"https:\\\/\\\/folhapopular.info\\\/index.php\\\/2023\\\/10\\\/29\\\/declaracao-anual-de-rebanho-de-paverama-deve-ser-feita-ate-esta-segunda-feira\\\/#primaryimage\"},\"thumbnailUrl\":\"https:\\\/\\\/folhapopular.info\\\/wp-content\\\/uploads\\\/2023\\\/10\\\/pexels-mark-stebnicki-2737166.jpg\",\"keywords\":[\"declara\u00e7\u00e3o anual de rebanho\",\"Paverama\",\"rural\"],\"articleSection\":[\"Destaques\",\"Rural\"],\"inLanguage\":\"pt-BR\",\"potentialAction\":[{\"@type\":\"CommentAction\",\"name\":\"Comment\",\"target\":[\"https:\\\/\\\/folhapopular.info\\\/index.php\\\/2023\\\/10\\\/29\\\/declaracao-anual-de-rebanho-de-paverama-deve-ser-feita-ate-esta-segunda-feira\\\/#respond\"]}]},{\"@type\":\"WebPage\",\"@id\":\"https:\\\/\\\/folhapopular.info\\\/index.php\\\/2023\\\/10\\\/29\\\/declaracao-anual-de-rebanho-de-paverama-deve-ser-feita-ate-esta-segunda-feira\\\/\",\"url\":\"https:\\\/\\\/folhapopular.info\\\/index.php\\\/2023\\\/10\\\/29\\\/declaracao-anual-de-rebanho-de-paverama-deve-ser-feita-ate-esta-segunda-feira\\\/\",\"name\":\"Declara\u00e7\u00e3o Anual de Rebanho de Paverama deve ser feita at\u00e9 esta segunda-feira - Folha Popular\",\"isPartOf\":{\"@id\":\"https:\\\/\\\/folhapopular.info\\\/#website\"},\"primaryImageOfPage\":{\"@id\":\"https:\\\/\\\/folhapopular.info\\\/index.php\\\/2023\\\/10\\\/29\\\/declaracao-anual-de-rebanho-de-paverama-deve-ser-feita-ate-esta-segunda-feira\\\/#primaryimage\"},\"image\":{\"@id\":\"https:\\\/\\\/folhapopular.info\\\/index.php\\\/2023\\\/10\\\/29\\\/declaracao-anual-de-rebanho-de-paverama-deve-ser-feita-ate-esta-segunda-feira\\\/#primaryimage\"},\"thumbnailUrl\":\"https:\\\/\\\/folhapopular.info\\\/wp-content\\\/uploads\\\/2023\\\/10\\\/pexels-mark-stebnicki-2737166.jpg\",\"datePublished\":\"2023-10-29T17:52:57+00:00\",\"dateModified\":\"2023-10-29T17:53:00+00:00\",\"author\":{\"@id\":\"https:\\\/\\\/folhapopular.info\\\/#\\\/schema\\\/person\\\/2814e8a0df7643585a9ca38bc6eb9d4b\"},\"breadcrumb\":{\"@id\":\"https:\\\/\\\/folhapopular.info\\\/index.php\\\/2023\\\/10\\\/29\\\/declaracao-anual-de-rebanho-de-paverama-deve-ser-feita-ate-esta-segunda-feira\\\/#breadcrumb\"},\"inLanguage\":\"pt-BR\",\"potentialAction\":[{\"@type\":\"ReadAction\",\"target\":[\"https:\\\/\\\/folhapopular.info\\\/index.php\\\/2023\\\/10\\\/29\\\/declaracao-anual-de-rebanho-de-paverama-deve-ser-feita-ate-esta-segunda-feira\\\/\"]}]},{\"@type\":\"ImageObject\",\"inLanguage\":\"pt-BR\",\"@id\":\"https:\\\/\\\/folhapopular.info\\\/index.php\\\/2023\\\/10\\\/29\\\/declaracao-anual-de-rebanho-de-paverama-deve-ser-feita-ate-esta-segunda-feira\\\/#primaryimage\",\"url\":\"https:\\\/\\\/folhapopular.info\\\/wp-content\\\/uploads\\\/2023\\\/10\\\/pexels-mark-stebnicki-2737166.jpg\",\"contentUrl\":\"https:\\\/\\\/folhapopular.info\\\/wp-content\\\/uploads\\\/2023\\\/10\\\/pexels-mark-stebnicki-2737166.jpg\",\"width\":1280,\"height\":853,\"caption\":\"Cr\u00e9dito: Pexels\"},{\"@type\":\"BreadcrumbList\",\"@id\":\"https:\\\/\\\/folhapopular.info\\\/index.php\\\/2023\\\/10\\\/29\\\/declaracao-anual-de-rebanho-de-paverama-deve-ser-feita-ate-esta-segunda-feira\\\/#breadcrumb\",\"itemListElement\":[{\"@type\":\"ListItem\",\"position\":1,\"name\":\"In\u00edcio\",\"item\":\"https:\\\/\\\/folhapopular.info\\\/\"},{\"@type\":\"ListItem\",\"position\":2,\"name\":\"Declara\u00e7\u00e3o Anual de Rebanho de Paverama deve ser feita at\u00e9 esta segunda-feira\"}]},{\"@type\":\"WebSite\",\"@id\":\"https:\\\/\\\/folhapopular.info\\\/#website\",\"url\":\"https:\\\/\\\/folhapopular.info\\\/\",\"name\":\"Folha Popular\",\"description\":\"Onde voc\u00ea tem vez e voz\",\"potentialAction\":[{\"@type\":\"SearchAction\",\"target\":{\"@type\":\"EntryPoint\",\"urlTemplate\":\"https:\\\/\\\/folhapopular.info\\\/?s={search_term_string}\"},\"query-input\":{\"@type\":\"PropertyValueSpecification\",\"valueRequired\":true,\"valueName\":\"search_term_string\"}}],\"inLanguage\":\"pt-BR\"},{\"@type\":\"Person\",\"@id\":\"https:\\\/\\\/folhapopular.info\\\/#\\\/schema\\\/person\\\/2814e8a0df7643585a9ca38bc6eb9d4b\",\"name\":\"Reda\u00e7\u00e3o Folha Popular\",\"image\":{\"@type\":\"ImageObject\",\"inLanguage\":\"pt-BR\",\"@id\":\"https:\\\/\\\/folhapopular.info\\\/wp-content\\\/uploads\\\/2026\\\/04\\\/Folha-1.webp\",\"url\":\"https:\\\/\\\/folhapopular.info\\\/wp-content\\\/uploads\\\/2026\\\/04\\\/Folha-1.webp\",\"contentUrl\":\"https:\\\/\\\/folhapopular.info\\\/wp-content\\\/uploads\\\/2026\\\/04\\\/Folha-1.webp\",\"caption\":\"Reda\u00e7\u00e3o Folha Popular\"},\"url\":\"https:\\\/\\\/folhapopular.info\\\/index.php\\\/author\\\/redacao\\\/\"}]}<\/script>\n<!-- \/ Yoast SEO plugin. -->","yoast_head_json":{"title":"Declara\u00e7\u00e3o Anual de Rebanho de Paverama deve ser feita at\u00e9 esta segunda-feira - Folha Popular","robots":{"index":"index","follow":"follow","max-snippet":"max-snippet:-1","max-image-preview":"max-image-preview:large","max-video-preview":"max-video-preview:-1"},"canonical":"https:\/\/folhapopular.info\/index.php\/2023\/10\/29\/declaracao-anual-de-rebanho-de-paverama-deve-ser-feita-ate-esta-segunda-feira\/","og_locale":"pt_BR","og_type":"article","og_title":"Declara\u00e7\u00e3o Anual de Rebanho de Paverama deve ser feita at\u00e9 esta segunda-feira - Folha Popular","og_description":"A Prefeitura de Paverama alerta que a Declara\u00e7\u00e3o Anual de Rebanho, obrigat\u00f3ria a todos os produtores rurais, deve ser feita at\u00e9 esta segunda-feira, 31 de outubro. Todos os produtores dever\u00e3o comparecer \u00e0 Secretaria de Agricultura e Meio Ambiente, situada na Rua 04 de Julho, n\u00ba 7098, entre 7h e 13h, de segunda a sexta-feira. O [&hellip;]","og_url":"https:\/\/folhapopular.info\/index.php\/2023\/10\/29\/declaracao-anual-de-rebanho-de-paverama-deve-ser-feita-ate-esta-segunda-feira\/","og_site_name":"Folha Popular","article_published_time":"2023-10-29T17:52:57+00:00","article_modified_time":"2023-10-29T17:53:00+00:00","og_image":[{"width":1280,"height":853,"url":"http:\/\/folhapopular.info\/wp-content\/uploads\/2023\/10\/pexels-mark-stebnicki-2737166.jpg","type":"image\/jpeg"}],"author":"Reda\u00e7\u00e3o Folha Popular","twitter_card":"summary_large_image","twitter_misc":{"Escrito por":"Reda\u00e7\u00e3o Folha Popular","Est. tempo de leitura":"1 minuto"},"schema":{"@context":"https:\/\/schema.org","@graph":[{"@type":"Article","@id":"https:\/\/folhapopular.info\/index.php\/2023\/10\/29\/declaracao-anual-de-rebanho-de-paverama-deve-ser-feita-ate-esta-segunda-feira\/#article","isPartOf":{"@id":"https:\/\/folhapopular.info\/index.php\/2023\/10\/29\/declaracao-anual-de-rebanho-de-paverama-deve-ser-feita-ate-esta-segunda-feira\/"},"author":{"name":"Reda\u00e7\u00e3o Folha Popular","@id":"https:\/\/folhapopular.info\/#\/schema\/person\/2814e8a0df7643585a9ca38bc6eb9d4b"},"headline":"Declara\u00e7\u00e3o Anual de Rebanho de Paverama deve ser feita at\u00e9 esta segunda-feira","datePublished":"2023-10-29T17:52:57+00:00","dateModified":"2023-10-29T17:53:00+00:00","mainEntityOfPage":{"@id":"https:\/\/folhapopular.info\/index.php\/2023\/10\/29\/declaracao-anual-de-rebanho-de-paverama-deve-ser-feita-ate-esta-segunda-feira\/"},"wordCount":80,"commentCount":0,"image":{"@id":"https:\/\/folhapopular.info\/index.php\/2023\/10\/29\/declaracao-anual-de-rebanho-de-paverama-deve-ser-feita-ate-esta-segunda-feira\/#primaryimage"},"thumbnailUrl":"https:\/\/folhapopular.info\/wp-content\/uploads\/2023\/10\/pexels-mark-stebnicki-2737166.jpg","keywords":["declara\u00e7\u00e3o anual de rebanho","Paverama","rural"],"articleSection":["Destaques","Rural"],"inLanguage":"pt-BR","potentialAction":[{"@type":"CommentAction","name":"Comment","target":["https:\/\/folhapopular.info\/index.php\/2023\/10\/29\/declaracao-anual-de-rebanho-de-paverama-deve-ser-feita-ate-esta-segunda-feira\/#respond"]}]},{"@type":"WebPage","@id":"https:\/\/folhapopular.info\/index.php\/2023\/10\/29\/declaracao-anual-de-rebanho-de-paverama-deve-ser-feita-ate-esta-segunda-feira\/","url":"https:\/\/folhapopular.info\/index.php\/2023\/10\/29\/declaracao-anual-de-rebanho-de-paverama-deve-ser-feita-ate-esta-segunda-feira\/","name":"Declara\u00e7\u00e3o Anual de Rebanho de Paverama deve ser feita at\u00e9 esta segunda-feira - Folha Popular","isPartOf":{"@id":"https:\/\/folhapopular.info\/#website"},"primaryImageOfPage":{"@id":"https:\/\/folhapopular.info\/index.php\/2023\/10\/29\/declaracao-anual-de-rebanho-de-paverama-deve-ser-feita-ate-esta-segunda-feira\/#primaryimage"},"image":{"@id":"https:\/\/folhapopular.info\/index.php\/2023\/10\/29\/declaracao-anual-de-rebanho-de-paverama-deve-ser-feita-ate-esta-segunda-feira\/#primaryimage"},"thumbnailUrl":"https:\/\/folhapopular.info\/wp-content\/uploads\/2023\/10\/pexels-mark-stebnicki-2737166.jpg","datePublished":"2023-10-29T17:52:57+00:00","dateModified":"2023-10-29T17:53:00+00:00","author":{"@id":"https:\/\/folhapopular.info\/#\/schema\/person\/2814e8a0df7643585a9ca38bc6eb9d4b"},"breadcrumb":{"@id":"https:\/\/folhapopular.info\/index.php\/2023\/10\/29\/declaracao-anual-de-rebanho-de-paverama-deve-ser-feita-ate-esta-segunda-feira\/#breadcrumb"},"inLanguage":"pt-BR","potentialAction":[{"@type":"ReadAction","target":["https:\/\/folhapopular.info\/index.php\/2023\/10\/29\/declaracao-anual-de-rebanho-de-paverama-deve-ser-feita-ate-esta-segunda-feira\/"]}]},{"@type":"ImageObject","inLanguage":"pt-BR","@id":"https:\/\/folhapopular.info\/index.php\/2023\/10\/29\/declaracao-anual-de-rebanho-de-paverama-deve-ser-feita-ate-esta-segunda-feira\/#primaryimage","url":"https:\/\/folhapopular.info\/wp-content\/uploads\/2023\/10\/pexels-mark-stebnicki-2737166.jpg","contentUrl":"https:\/\/folhapopular.info\/wp-content\/uploads\/2023\/10\/pexels-mark-stebnicki-2737166.jpg","width":1280,"height":853,"caption":"Cr\u00e9dito: Pexels"},{"@type":"BreadcrumbList","@id":"https:\/\/folhapopular.info\/index.php\/2023\/10\/29\/declaracao-anual-de-rebanho-de-paverama-deve-ser-feita-ate-esta-segunda-feira\/#breadcrumb","itemListElement":[{"@type":"ListItem","position":1,"name":"In\u00edcio","item":"https:\/\/folhapopular.info\/"},{"@type":"ListItem","position":2,"name":"Declara\u00e7\u00e3o Anual de Rebanho de Paverama deve ser feita at\u00e9 esta segunda-feira"}]},{"@type":"WebSite","@id":"https:\/\/folhapopular.info\/#website","url":"https:\/\/folhapopular.info\/","name":"Folha Popular","description":"Onde voc\u00ea tem vez e voz","potentialAction":[{"@type":"SearchAction","target":{"@type":"EntryPoint","urlTemplate":"https:\/\/folhapopular.info\/?s={search_term_string}"},"query-input":{"@type":"PropertyValueSpecification","valueRequired":true,"valueName":"search_term_string"}}],"inLanguage":"pt-BR"},{"@type":"Person","@id":"https:\/\/folhapopular.info\/#\/schema\/person\/2814e8a0df7643585a9ca38bc6eb9d4b","name":"Reda\u00e7\u00e3o Folha Popular","image":{"@type":"ImageObject","inLanguage":"pt-BR","@id":"https:\/\/folhapopular.info\/wp-content\/uploads\/2026\/04\/Folha-1.webp","url":"https:\/\/folhapopular.info\/wp-content\/uploads\/2026\/04\/Folha-1.webp","contentUrl":"https:\/\/folhapopular.info\/wp-content\/uploads\/2026\/04\/Folha-1.webp","caption":"Reda\u00e7\u00e3o Folha Popular"},"url":"https:\/\/folhapopular.info\/index.php\/author\/redacao\/"}]}},"jetpack_featured_media_url":"https:\/\/folhapopular.info\/wp-content\/uploads\/2023\/10\/pexels-mark-stebnicki-2737166.jpg","jetpack_sharing_enabled":true,"amp_enabled":true,"_links":{"self":[{"href":"https:\/\/folhapopular.info\/index.php\/wp-json\/wp\/v2\/posts\/142612","targetHints":{"allow":["GET"]}}],"collection":[{"href":"https:\/\/folhapopular.info\/index.php\/wp-json\/wp\/v2\/posts"}],"about":[{"href":"https:\/\/folhapopular.info\/index.php\/wp-json\/wp\/v2\/types\/post"}],"author":[{"embeddable":true,"href":"https:\/\/folhapopular.info\/index.php\/wp-json\/wp\/v2\/users\/8"}],"replies":[{"embeddable":true,"href":"https:\/\/folhapopular.info\/index.php\/wp-json\/wp\/v2\/comments?post=142612"}],"version-history":[{"count":0,"href":"https:\/\/folhapopular.info\/index.php\/wp-json\/wp\/v2\/posts\/142612\/revisions"}],"wp:featuredmedia":[{"embeddable":true,"href":"https:\/\/folhapopular.info\/index.php\/wp-json\/wp\/v2\/media\/142613"}],"wp:attachment":[{"href":"https:\/\/folhapopular.info\/index.php\/wp-json\/wp\/v2\/media?parent=142612"}],"wp:term":[{"taxonomy":"category","embeddable":true,"href":"https:\/\/folhapopular.info\/index.php\/wp-json\/wp\/v2\/categories?post=142612"},{"taxonomy":"post_tag","embeddable":true,"href":"https:\/\/folhapopular.info\/index.php\/wp-json\/wp\/v2\/tags?post=142612"}],"curies":[{"name":"wp","href":"https:\/\/api.w.org\/{rel}","templated":true}]}}