{"id":142733,"date":"2023-11-01T09:07:46","date_gmt":"2023-11-01T12:07:46","guid":{"rendered":"https:\/\/folhapopular.info\/?p=142733"},"modified":"2023-11-01T09:07:50","modified_gmt":"2023-11-01T12:07:50","slug":"lajeado-e-finalista-do-5o-premio-famurs-boas-praticas-na-gestao-publica-municipal-com-o-labila","status":"publish","type":"post","link":"https:\/\/folhapopular.info\/index.php\/2023\/11\/01\/lajeado-e-finalista-do-5o-premio-famurs-boas-praticas-na-gestao-publica-municipal-com-o-labila\/","title":{"rendered":"Lajeado \u00e9 finalista do 5\u00ba Pr\u00eamio Famurs Boas Pr\u00e1ticas na Gest\u00e3o P\u00fablica Municipal com o Labil\u00e1"},"content":{"rendered":"\n<p>Com o projeto do&nbsp;Labil\u00e1 &#8211; Laborat\u00f3rio de Inova\u00e7\u00e3o Social e Governamental, o munic\u00edpio de Lajeado \u00e9 finalista, pelo segundo ano consecutivo, do 5\u00ba Pr\u00eamio Boas Pr\u00e1ticas na Gest\u00e3o P\u00fablica Municipal, concedido pela Federa\u00e7\u00e3o das Associa\u00e7\u00f5es de Munic\u00edpios do Rio Grande do Sul (Famurs). O projeto foi inscrito na categoria &#8220;Ecossistemas de Inova\u00e7\u00e3o&#8221;. Em 2022, o munic\u00edpio ficou em segundo lugar com o projeto do Pro_Move Lajeado, que estava inscrito na mesma categoria.<\/p>\n\n\n\n<p>&#8220;Nosso projeto na \u00e1rea da inova\u00e7\u00e3o vem se fortalecendo ao longo dos anos e sendo reconhecido no Rio Grande do Sul e em todo o pa\u00eds, o que indica que \u00e9 uma proposta s\u00f3lida e que poder\u00e1 trazer muitos resultados positivos para nossa cidade&#8221;, disse o prefeito de Lajeado, Marcelo Caumo.<\/p>\n\n\n\n<p>O Pr\u00eamio Boas Pr\u00e1ticas foi criado pela Famurs para identificar, reconhecer, disseminar e estimular a realiza\u00e7\u00e3o de pr\u00e1ticas bem-sucedidas, inovadoras e replic\u00e1veis, desenvolvidas pelas administra\u00e7\u00f5es municipais, que possam contribuir para a implementa\u00e7\u00e3o de pol\u00edticas p\u00fablicas locais.<\/p>\n\n\n\n<p>Este ano, os vencedores ser\u00e3o conhecidos durante o evento Smart Cities Park, a ser realizado em Nova Petr\u00f3polis no dia 22 de novembro. Ser\u00e3o premiados tr\u00eas projetos finalistas em cada uma das 16 \u00e1reas, que receber\u00e3o os t\u00edtulos de 1\u00ba, 2\u00ba e 3\u00ba lugares. Concorrem ao pr\u00eamio 369 trabalhos, desenvolvidos em 176 munic\u00edpios.<\/p>\n\n\n\n<h2 class=\"wp-block-heading\">Sobre o Labil\u00e1<\/h2>\n\n\n\n<p>O Labil\u00e1 \u00e9 um espa\u00e7o criado para promover e incentivar a inova\u00e7\u00e3o no munic\u00edpio. O laborat\u00f3rio funciona em um pr\u00e9dio na Rua Marechal Deodoro, n\u00ba 379, com espa\u00e7o concebido para operar como um escrit\u00f3rio multifun\u00e7\u00f5es.<\/p>\n\n\n\n<p>O local conta com uma arena para apresenta\u00e7\u00f5es, dois espa\u00e7os para treinamentos e oficinas, espa\u00e7o administrativo, cozinha compartilhada, sala de estar e p\u00e1tio. No Laborat\u00f3rio, a administra\u00e7\u00e3o municipal realiza palestras, encontros, treinamentos e reuni\u00f5es. Nas pr\u00f3ximas semanas, a Ag\u00eancia de Inova\u00e7\u00e3o e Desenvolvimento Local (Agil) e a Diretoria de Inova\u00e7\u00e3o da Prefeitura se instalar\u00e3o no local.&nbsp;<\/p>\n\n\n\n<p>O espa\u00e7o tamb\u00e9m pode ser usado por entidades e empresas para encontros e eventos sem fins lucrativos. Para informa\u00e7\u00f5es e reservas, o telefone \u00e9 (51) 3982-1262.\u00a0<\/p>\n","protected":false},"excerpt":{"rendered":"<p>Com o projeto do&nbsp;Labil\u00e1 &#8211; Laborat\u00f3rio de Inova\u00e7\u00e3o Social e Governamental, o munic\u00edpio de Lajeado \u00e9 finalista, pelo segundo ano consecutivo, do 5\u00ba Pr\u00eamio Boas Pr\u00e1ticas na Gest\u00e3o P\u00fablica Municipal, concedido pela Federa\u00e7\u00e3o das Associa\u00e7\u00f5es de Munic\u00edpios do Rio Grande do Sul (Famurs). O projeto foi inscrito na categoria &#8220;Ecossistemas de Inova\u00e7\u00e3o&#8221;. Em 2022, o [&hellip;]<\/p>\n","protected":false},"author":8,"featured_media":142734,"comment_status":"open","ping_status":"open","sticky":false,"template":"","format":"standard","meta":{"pmpro_default_level":"","_jetpack_memberships_contains_paid_content":false,"footnotes":""},"categories":[3],"tags":[13554,10646,27],"class_list":{"0":"post-142733","1":"post","2":"type-post","3":"status-publish","4":"format-standard","5":"has-post-thumbnail","7":"category-geral","8":"tag-5o-premio-famurs-boas-praticas","9":"tag-labila","10":"tag-lajeado","11":"pmpro-has-access"},"yoast_head":"<!-- This site is optimized with the Yoast SEO plugin v27.5 - https:\/\/yoast.com\/product\/yoast-seo-wordpress\/ -->\n<title>Lajeado \u00e9 finalista do 5\u00ba Pr\u00eamio Famurs Boas Pr\u00e1ticas na Gest\u00e3o P\u00fablica Municipal com o Labil\u00e1 - Folha Popular<\/title>\n<meta name=\"robots\" content=\"index, follow, max-snippet:-1, max-image-preview:large, max-video-preview:-1\" \/>\n<link rel=\"canonical\" href=\"https:\/\/folhapopular.info\/index.php\/2023\/11\/01\/lajeado-e-finalista-do-5o-premio-famurs-boas-praticas-na-gestao-publica-municipal-com-o-labila\/\" \/>\n<meta property=\"og:locale\" content=\"pt_BR\" \/>\n<meta property=\"og:type\" content=\"article\" \/>\n<meta property=\"og:title\" content=\"Lajeado \u00e9 finalista do 5\u00ba Pr\u00eamio Famurs Boas Pr\u00e1ticas na Gest\u00e3o P\u00fablica Municipal com o Labil\u00e1 - Folha Popular\" \/>\n<meta property=\"og:description\" content=\"Com o projeto do&nbsp;Labil\u00e1 &#8211; Laborat\u00f3rio de Inova\u00e7\u00e3o Social e Governamental, o munic\u00edpio de Lajeado \u00e9 finalista, pelo segundo ano consecutivo, do 5\u00ba Pr\u00eamio Boas Pr\u00e1ticas na Gest\u00e3o P\u00fablica Municipal, concedido pela Federa\u00e7\u00e3o das Associa\u00e7\u00f5es de Munic\u00edpios do Rio Grande do Sul (Famurs). O projeto foi inscrito na categoria &#8220;Ecossistemas de Inova\u00e7\u00e3o&#8221;. Em 2022, o [&hellip;]\" \/>\n<meta property=\"og:url\" content=\"https:\/\/folhapopular.info\/index.php\/2023\/11\/01\/lajeado-e-finalista-do-5o-premio-famurs-boas-praticas-na-gestao-publica-municipal-com-o-labila\/\" \/>\n<meta property=\"og:site_name\" content=\"Folha Popular\" \/>\n<meta property=\"article:published_time\" content=\"2023-11-01T12:07:46+00:00\" \/>\n<meta property=\"article:modified_time\" content=\"2023-11-01T12:07:50+00:00\" \/>\n<meta property=\"og:image\" content=\"http:\/\/folhapopular.info\/wp-content\/uploads\/2023\/11\/Fachada-Labila-scaled.jpg\" \/>\n\t<meta property=\"og:image:width\" content=\"2560\" \/>\n\t<meta property=\"og:image:height\" content=\"1707\" \/>\n\t<meta property=\"og:image:type\" content=\"image\/jpeg\" \/>\n<meta name=\"author\" content=\"Reda\u00e7\u00e3o Folha Popular\" \/>\n<meta name=\"twitter:card\" content=\"summary_large_image\" \/>\n<meta name=\"twitter:label1\" content=\"Escrito por\" \/>\n\t<meta name=\"twitter:data1\" content=\"Reda\u00e7\u00e3o Folha Popular\" \/>\n\t<meta name=\"twitter:label2\" content=\"Est. tempo de leitura\" \/>\n\t<meta name=\"twitter:data2\" content=\"2 minutos\" \/>\n<script type=\"application\/ld+json\" class=\"yoast-schema-graph\">{\"@context\":\"https:\\\/\\\/schema.org\",\"@graph\":[{\"@type\":\"Article\",\"@id\":\"https:\\\/\\\/folhapopular.info\\\/index.php\\\/2023\\\/11\\\/01\\\/lajeado-e-finalista-do-5o-premio-famurs-boas-praticas-na-gestao-publica-municipal-com-o-labila\\\/#article\",\"isPartOf\":{\"@id\":\"https:\\\/\\\/folhapopular.info\\\/index.php\\\/2023\\\/11\\\/01\\\/lajeado-e-finalista-do-5o-premio-famurs-boas-praticas-na-gestao-publica-municipal-com-o-labila\\\/\"},\"author\":{\"name\":\"Reda\u00e7\u00e3o Folha Popular\",\"@id\":\"https:\\\/\\\/folhapopular.info\\\/#\\\/schema\\\/person\\\/2814e8a0df7643585a9ca38bc6eb9d4b\"},\"headline\":\"Lajeado \u00e9 finalista do 5\u00ba Pr\u00eamio Famurs Boas Pr\u00e1ticas na Gest\u00e3o P\u00fablica Municipal com o Labil\u00e1\",\"datePublished\":\"2023-11-01T12:07:46+00:00\",\"dateModified\":\"2023-11-01T12:07:50+00:00\",\"mainEntityOfPage\":{\"@id\":\"https:\\\/\\\/folhapopular.info\\\/index.php\\\/2023\\\/11\\\/01\\\/lajeado-e-finalista-do-5o-premio-famurs-boas-praticas-na-gestao-publica-municipal-com-o-labila\\\/\"},\"wordCount\":394,\"commentCount\":0,\"image\":{\"@id\":\"https:\\\/\\\/folhapopular.info\\\/index.php\\\/2023\\\/11\\\/01\\\/lajeado-e-finalista-do-5o-premio-famurs-boas-praticas-na-gestao-publica-municipal-com-o-labila\\\/#primaryimage\"},\"thumbnailUrl\":\"https:\\\/\\\/folhapopular.info\\\/wp-content\\\/uploads\\\/2023\\\/11\\\/Fachada-Labila-scaled.jpg\",\"keywords\":[\"5\u00ba Pr\u00eamio Famurs Boas Pr\u00e1ticas\",\"labil\u00e1\",\"Lajeado\"],\"articleSection\":[\"Geral\"],\"inLanguage\":\"pt-BR\",\"potentialAction\":[{\"@type\":\"CommentAction\",\"name\":\"Comment\",\"target\":[\"https:\\\/\\\/folhapopular.info\\\/index.php\\\/2023\\\/11\\\/01\\\/lajeado-e-finalista-do-5o-premio-famurs-boas-praticas-na-gestao-publica-municipal-com-o-labila\\\/#respond\"]}]},{\"@type\":\"WebPage\",\"@id\":\"https:\\\/\\\/folhapopular.info\\\/index.php\\\/2023\\\/11\\\/01\\\/lajeado-e-finalista-do-5o-premio-famurs-boas-praticas-na-gestao-publica-municipal-com-o-labila\\\/\",\"url\":\"https:\\\/\\\/folhapopular.info\\\/index.php\\\/2023\\\/11\\\/01\\\/lajeado-e-finalista-do-5o-premio-famurs-boas-praticas-na-gestao-publica-municipal-com-o-labila\\\/\",\"name\":\"Lajeado \u00e9 finalista do 5\u00ba Pr\u00eamio Famurs Boas Pr\u00e1ticas na Gest\u00e3o P\u00fablica Municipal com o Labil\u00e1 - Folha Popular\",\"isPartOf\":{\"@id\":\"https:\\\/\\\/folhapopular.info\\\/#website\"},\"primaryImageOfPage\":{\"@id\":\"https:\\\/\\\/folhapopular.info\\\/index.php\\\/2023\\\/11\\\/01\\\/lajeado-e-finalista-do-5o-premio-famurs-boas-praticas-na-gestao-publica-municipal-com-o-labila\\\/#primaryimage\"},\"image\":{\"@id\":\"https:\\\/\\\/folhapopular.info\\\/index.php\\\/2023\\\/11\\\/01\\\/lajeado-e-finalista-do-5o-premio-famurs-boas-praticas-na-gestao-publica-municipal-com-o-labila\\\/#primaryimage\"},\"thumbnailUrl\":\"https:\\\/\\\/folhapopular.info\\\/wp-content\\\/uploads\\\/2023\\\/11\\\/Fachada-Labila-scaled.jpg\",\"datePublished\":\"2023-11-01T12:07:46+00:00\",\"dateModified\":\"2023-11-01T12:07:50+00:00\",\"author\":{\"@id\":\"https:\\\/\\\/folhapopular.info\\\/#\\\/schema\\\/person\\\/2814e8a0df7643585a9ca38bc6eb9d4b\"},\"breadcrumb\":{\"@id\":\"https:\\\/\\\/folhapopular.info\\\/index.php\\\/2023\\\/11\\\/01\\\/lajeado-e-finalista-do-5o-premio-famurs-boas-praticas-na-gestao-publica-municipal-com-o-labila\\\/#breadcrumb\"},\"inLanguage\":\"pt-BR\",\"potentialAction\":[{\"@type\":\"ReadAction\",\"target\":[\"https:\\\/\\\/folhapopular.info\\\/index.php\\\/2023\\\/11\\\/01\\\/lajeado-e-finalista-do-5o-premio-famurs-boas-praticas-na-gestao-publica-municipal-com-o-labila\\\/\"]}]},{\"@type\":\"ImageObject\",\"inLanguage\":\"pt-BR\",\"@id\":\"https:\\\/\\\/folhapopular.info\\\/index.php\\\/2023\\\/11\\\/01\\\/lajeado-e-finalista-do-5o-premio-famurs-boas-praticas-na-gestao-publica-municipal-com-o-labila\\\/#primaryimage\",\"url\":\"https:\\\/\\\/folhapopular.info\\\/wp-content\\\/uploads\\\/2023\\\/11\\\/Fachada-Labila-scaled.jpg\",\"contentUrl\":\"https:\\\/\\\/folhapopular.info\\\/wp-content\\\/uploads\\\/2023\\\/11\\\/Fachada-Labila-scaled.jpg\",\"width\":2560,\"height\":1707,\"caption\":\"Cr\u00e9dito: Divulga\u00e7\u00e3o\"},{\"@type\":\"BreadcrumbList\",\"@id\":\"https:\\\/\\\/folhapopular.info\\\/index.php\\\/2023\\\/11\\\/01\\\/lajeado-e-finalista-do-5o-premio-famurs-boas-praticas-na-gestao-publica-municipal-com-o-labila\\\/#breadcrumb\",\"itemListElement\":[{\"@type\":\"ListItem\",\"position\":1,\"name\":\"In\u00edcio\",\"item\":\"https:\\\/\\\/folhapopular.info\\\/\"},{\"@type\":\"ListItem\",\"position\":2,\"name\":\"Lajeado \u00e9 finalista do 5\u00ba Pr\u00eamio Famurs Boas Pr\u00e1ticas na Gest\u00e3o P\u00fablica Municipal com o Labil\u00e1\"}]},{\"@type\":\"WebSite\",\"@id\":\"https:\\\/\\\/folhapopular.info\\\/#website\",\"url\":\"https:\\\/\\\/folhapopular.info\\\/\",\"name\":\"Folha Popular\",\"description\":\"Onde voc\u00ea tem vez e voz\",\"potentialAction\":[{\"@type\":\"SearchAction\",\"target\":{\"@type\":\"EntryPoint\",\"urlTemplate\":\"https:\\\/\\\/folhapopular.info\\\/?s={search_term_string}\"},\"query-input\":{\"@type\":\"PropertyValueSpecification\",\"valueRequired\":true,\"valueName\":\"search_term_string\"}}],\"inLanguage\":\"pt-BR\"},{\"@type\":\"Person\",\"@id\":\"https:\\\/\\\/folhapopular.info\\\/#\\\/schema\\\/person\\\/2814e8a0df7643585a9ca38bc6eb9d4b\",\"name\":\"Reda\u00e7\u00e3o Folha Popular\",\"image\":{\"@type\":\"ImageObject\",\"inLanguage\":\"pt-BR\",\"@id\":\"https:\\\/\\\/folhapopular.info\\\/wp-content\\\/uploads\\\/2026\\\/04\\\/Folha-1.webp\",\"url\":\"https:\\\/\\\/folhapopular.info\\\/wp-content\\\/uploads\\\/2026\\\/04\\\/Folha-1.webp\",\"contentUrl\":\"https:\\\/\\\/folhapopular.info\\\/wp-content\\\/uploads\\\/2026\\\/04\\\/Folha-1.webp\",\"caption\":\"Reda\u00e7\u00e3o Folha Popular\"},\"url\":\"https:\\\/\\\/folhapopular.info\\\/index.php\\\/author\\\/redacao\\\/\"}]}<\/script>\n<!-- \/ Yoast SEO plugin. -->","yoast_head_json":{"title":"Lajeado \u00e9 finalista do 5\u00ba Pr\u00eamio Famurs Boas Pr\u00e1ticas na Gest\u00e3o P\u00fablica Municipal com o Labil\u00e1 - Folha Popular","robots":{"index":"index","follow":"follow","max-snippet":"max-snippet:-1","max-image-preview":"max-image-preview:large","max-video-preview":"max-video-preview:-1"},"canonical":"https:\/\/folhapopular.info\/index.php\/2023\/11\/01\/lajeado-e-finalista-do-5o-premio-famurs-boas-praticas-na-gestao-publica-municipal-com-o-labila\/","og_locale":"pt_BR","og_type":"article","og_title":"Lajeado \u00e9 finalista do 5\u00ba Pr\u00eamio Famurs Boas Pr\u00e1ticas na Gest\u00e3o P\u00fablica Municipal com o Labil\u00e1 - Folha Popular","og_description":"Com o projeto do&nbsp;Labil\u00e1 &#8211; Laborat\u00f3rio de Inova\u00e7\u00e3o Social e Governamental, o munic\u00edpio de Lajeado \u00e9 finalista, pelo segundo ano consecutivo, do 5\u00ba Pr\u00eamio Boas Pr\u00e1ticas na Gest\u00e3o P\u00fablica Municipal, concedido pela Federa\u00e7\u00e3o das Associa\u00e7\u00f5es de Munic\u00edpios do Rio Grande do Sul (Famurs). O projeto foi inscrito na categoria &#8220;Ecossistemas de Inova\u00e7\u00e3o&#8221;. Em 2022, o [&hellip;]","og_url":"https:\/\/folhapopular.info\/index.php\/2023\/11\/01\/lajeado-e-finalista-do-5o-premio-famurs-boas-praticas-na-gestao-publica-municipal-com-o-labila\/","og_site_name":"Folha Popular","article_published_time":"2023-11-01T12:07:46+00:00","article_modified_time":"2023-11-01T12:07:50+00:00","og_image":[{"width":2560,"height":1707,"url":"http:\/\/folhapopular.info\/wp-content\/uploads\/2023\/11\/Fachada-Labila-scaled.jpg","type":"image\/jpeg"}],"author":"Reda\u00e7\u00e3o Folha Popular","twitter_card":"summary_large_image","twitter_misc":{"Escrito por":"Reda\u00e7\u00e3o Folha Popular","Est. tempo de leitura":"2 minutos"},"schema":{"@context":"https:\/\/schema.org","@graph":[{"@type":"Article","@id":"https:\/\/folhapopular.info\/index.php\/2023\/11\/01\/lajeado-e-finalista-do-5o-premio-famurs-boas-praticas-na-gestao-publica-municipal-com-o-labila\/#article","isPartOf":{"@id":"https:\/\/folhapopular.info\/index.php\/2023\/11\/01\/lajeado-e-finalista-do-5o-premio-famurs-boas-praticas-na-gestao-publica-municipal-com-o-labila\/"},"author":{"name":"Reda\u00e7\u00e3o Folha Popular","@id":"https:\/\/folhapopular.info\/#\/schema\/person\/2814e8a0df7643585a9ca38bc6eb9d4b"},"headline":"Lajeado \u00e9 finalista do 5\u00ba Pr\u00eamio Famurs Boas Pr\u00e1ticas na Gest\u00e3o P\u00fablica Municipal com o Labil\u00e1","datePublished":"2023-11-01T12:07:46+00:00","dateModified":"2023-11-01T12:07:50+00:00","mainEntityOfPage":{"@id":"https:\/\/folhapopular.info\/index.php\/2023\/11\/01\/lajeado-e-finalista-do-5o-premio-famurs-boas-praticas-na-gestao-publica-municipal-com-o-labila\/"},"wordCount":394,"commentCount":0,"image":{"@id":"https:\/\/folhapopular.info\/index.php\/2023\/11\/01\/lajeado-e-finalista-do-5o-premio-famurs-boas-praticas-na-gestao-publica-municipal-com-o-labila\/#primaryimage"},"thumbnailUrl":"https:\/\/folhapopular.info\/wp-content\/uploads\/2023\/11\/Fachada-Labila-scaled.jpg","keywords":["5\u00ba Pr\u00eamio Famurs Boas Pr\u00e1ticas","labil\u00e1","Lajeado"],"articleSection":["Geral"],"inLanguage":"pt-BR","potentialAction":[{"@type":"CommentAction","name":"Comment","target":["https:\/\/folhapopular.info\/index.php\/2023\/11\/01\/lajeado-e-finalista-do-5o-premio-famurs-boas-praticas-na-gestao-publica-municipal-com-o-labila\/#respond"]}]},{"@type":"WebPage","@id":"https:\/\/folhapopular.info\/index.php\/2023\/11\/01\/lajeado-e-finalista-do-5o-premio-famurs-boas-praticas-na-gestao-publica-municipal-com-o-labila\/","url":"https:\/\/folhapopular.info\/index.php\/2023\/11\/01\/lajeado-e-finalista-do-5o-premio-famurs-boas-praticas-na-gestao-publica-municipal-com-o-labila\/","name":"Lajeado \u00e9 finalista do 5\u00ba Pr\u00eamio Famurs Boas Pr\u00e1ticas na Gest\u00e3o P\u00fablica Municipal com o Labil\u00e1 - Folha Popular","isPartOf":{"@id":"https:\/\/folhapopular.info\/#website"},"primaryImageOfPage":{"@id":"https:\/\/folhapopular.info\/index.php\/2023\/11\/01\/lajeado-e-finalista-do-5o-premio-famurs-boas-praticas-na-gestao-publica-municipal-com-o-labila\/#primaryimage"},"image":{"@id":"https:\/\/folhapopular.info\/index.php\/2023\/11\/01\/lajeado-e-finalista-do-5o-premio-famurs-boas-praticas-na-gestao-publica-municipal-com-o-labila\/#primaryimage"},"thumbnailUrl":"https:\/\/folhapopular.info\/wp-content\/uploads\/2023\/11\/Fachada-Labila-scaled.jpg","datePublished":"2023-11-01T12:07:46+00:00","dateModified":"2023-11-01T12:07:50+00:00","author":{"@id":"https:\/\/folhapopular.info\/#\/schema\/person\/2814e8a0df7643585a9ca38bc6eb9d4b"},"breadcrumb":{"@id":"https:\/\/folhapopular.info\/index.php\/2023\/11\/01\/lajeado-e-finalista-do-5o-premio-famurs-boas-praticas-na-gestao-publica-municipal-com-o-labila\/#breadcrumb"},"inLanguage":"pt-BR","potentialAction":[{"@type":"ReadAction","target":["https:\/\/folhapopular.info\/index.php\/2023\/11\/01\/lajeado-e-finalista-do-5o-premio-famurs-boas-praticas-na-gestao-publica-municipal-com-o-labila\/"]}]},{"@type":"ImageObject","inLanguage":"pt-BR","@id":"https:\/\/folhapopular.info\/index.php\/2023\/11\/01\/lajeado-e-finalista-do-5o-premio-famurs-boas-praticas-na-gestao-publica-municipal-com-o-labila\/#primaryimage","url":"https:\/\/folhapopular.info\/wp-content\/uploads\/2023\/11\/Fachada-Labila-scaled.jpg","contentUrl":"https:\/\/folhapopular.info\/wp-content\/uploads\/2023\/11\/Fachada-Labila-scaled.jpg","width":2560,"height":1707,"caption":"Cr\u00e9dito: Divulga\u00e7\u00e3o"},{"@type":"BreadcrumbList","@id":"https:\/\/folhapopular.info\/index.php\/2023\/11\/01\/lajeado-e-finalista-do-5o-premio-famurs-boas-praticas-na-gestao-publica-municipal-com-o-labila\/#breadcrumb","itemListElement":[{"@type":"ListItem","position":1,"name":"In\u00edcio","item":"https:\/\/folhapopular.info\/"},{"@type":"ListItem","position":2,"name":"Lajeado \u00e9 finalista do 5\u00ba Pr\u00eamio Famurs Boas Pr\u00e1ticas na Gest\u00e3o P\u00fablica Municipal com o Labil\u00e1"}]},{"@type":"WebSite","@id":"https:\/\/folhapopular.info\/#website","url":"https:\/\/folhapopular.info\/","name":"Folha Popular","description":"Onde voc\u00ea tem vez e voz","potentialAction":[{"@type":"SearchAction","target":{"@type":"EntryPoint","urlTemplate":"https:\/\/folhapopular.info\/?s={search_term_string}"},"query-input":{"@type":"PropertyValueSpecification","valueRequired":true,"valueName":"search_term_string"}}],"inLanguage":"pt-BR"},{"@type":"Person","@id":"https:\/\/folhapopular.info\/#\/schema\/person\/2814e8a0df7643585a9ca38bc6eb9d4b","name":"Reda\u00e7\u00e3o Folha Popular","image":{"@type":"ImageObject","inLanguage":"pt-BR","@id":"https:\/\/folhapopular.info\/wp-content\/uploads\/2026\/04\/Folha-1.webp","url":"https:\/\/folhapopular.info\/wp-content\/uploads\/2026\/04\/Folha-1.webp","contentUrl":"https:\/\/folhapopular.info\/wp-content\/uploads\/2026\/04\/Folha-1.webp","caption":"Reda\u00e7\u00e3o Folha Popular"},"url":"https:\/\/folhapopular.info\/index.php\/author\/redacao\/"}]}},"jetpack_featured_media_url":"https:\/\/folhapopular.info\/wp-content\/uploads\/2023\/11\/Fachada-Labila-scaled.jpg","jetpack_sharing_enabled":true,"amp_enabled":true,"_links":{"self":[{"href":"https:\/\/folhapopular.info\/index.php\/wp-json\/wp\/v2\/posts\/142733","targetHints":{"allow":["GET"]}}],"collection":[{"href":"https:\/\/folhapopular.info\/index.php\/wp-json\/wp\/v2\/posts"}],"about":[{"href":"https:\/\/folhapopular.info\/index.php\/wp-json\/wp\/v2\/types\/post"}],"author":[{"embeddable":true,"href":"https:\/\/folhapopular.info\/index.php\/wp-json\/wp\/v2\/users\/8"}],"replies":[{"embeddable":true,"href":"https:\/\/folhapopular.info\/index.php\/wp-json\/wp\/v2\/comments?post=142733"}],"version-history":[{"count":0,"href":"https:\/\/folhapopular.info\/index.php\/wp-json\/wp\/v2\/posts\/142733\/revisions"}],"wp:featuredmedia":[{"embeddable":true,"href":"https:\/\/folhapopular.info\/index.php\/wp-json\/wp\/v2\/media\/142734"}],"wp:attachment":[{"href":"https:\/\/folhapopular.info\/index.php\/wp-json\/wp\/v2\/media?parent=142733"}],"wp:term":[{"taxonomy":"category","embeddable":true,"href":"https:\/\/folhapopular.info\/index.php\/wp-json\/wp\/v2\/categories?post=142733"},{"taxonomy":"post_tag","embeddable":true,"href":"https:\/\/folhapopular.info\/index.php\/wp-json\/wp\/v2\/tags?post=142733"}],"curies":[{"name":"wp","href":"https:\/\/api.w.org\/{rel}","templated":true}]}}