{"id":142739,"date":"2023-11-01T10:27:54","date_gmt":"2023-11-01T13:27:54","guid":{"rendered":"https:\/\/folhapopular.info\/?p=142739"},"modified":"2023-11-01T10:29:41","modified_gmt":"2023-11-01T13:29:41","slug":"jaque-weber-inicia-disputa-dos-jogos-pan-americanos-nesta-sexta-feira","status":"publish","type":"post","link":"https:\/\/folhapopular.info\/index.php\/2023\/11\/01\/jaque-weber-inicia-disputa-dos-jogos-pan-americanos-nesta-sexta-feira\/","title":{"rendered":"Jaque Weber inicia disputa dos Jogos Pan-Americanos nesta sexta-feira"},"content":{"rendered":"\n<p>A atleta do Praia Clube\/Miller\/Certel\/Florestal, Jaqueline Beatriz Weber, embarcou para o Chile nessa ter\u00e7a-feira (31\/10) para disputa dos Jogos Pan-Americanos. Na segunda-feira (30\/10), ela realizou o \u00faltimo treinamento na Pista do Est\u00e1dio Ol\u00edmpico da Univates, em Lajeado.<\/p>\n\n\n\n<p>\u201cEstamos prontos. Todo processo de treinamento foi feito, sem nenhuma les\u00e3o ou outro problema. Foram mais de 30 dias fora de casa, al\u00e9m de treinos espec\u00edficos nessa semana que estive no Rio Grande do Sul\u201d, destaca a atleta.<\/p>\n\n\n\n<p>O atletismo de pista iniciou nessa segunda, e segue at\u00e9 este s\u00e1bado (4\/11). A atleta teutoniense entra na pista \u00e0s 17h desta sexta-feira (3\/11) para semifinal dos 800 metros. Em caso de classifica\u00e7\u00e3o, volta \u00e0 pista no s\u00e1bado, \u00e0s 18h, para a grande final. As competi\u00e7\u00f5es t\u00eam transmiss\u00e3o pelo Canal Ol\u00edmpico do Brasil e Caz\u00e9TV no YouTube.<\/p>\n\n\n\n<p>\u201cJaque fez todo processo de treinamento com uma entrega total. Fez sua parte ao m\u00e1ximo para chegar na melhor forma neste que \u00e9 o maior evento das Am\u00e9ricas. Participar de um Pan \u00e9 realizar um sonho, mas Jaque sempre quer fazer o melhor e vai tentar uma medalha para o pa\u00eds. Participar com ela desse processo \u00e9 um orgulho sem tamanho\u201d, comenta Fabiano, que est\u00e1 em Santiago.<\/p>\n\n\n\n<p>\u201cEstou muito feliz. \u00c9 a realiza\u00e7\u00e3o de um sonho. Agora quero desfrutar deste momento, de conviv\u00eancia com grandes atletas em um gigantesco evento. E na hora que entrar na pista, deixar o meu m\u00e1ximo l\u00e1\u201d, finaliza a atleta.<\/p>\n","protected":false},"excerpt":{"rendered":"<p>A atleta do Praia Clube\/Miller\/Certel\/Florestal, Jaqueline Beatriz Weber, embarcou para o Chile nessa ter\u00e7a-feira (31\/10) para disputa dos Jogos Pan-Americanos. Na segunda-feira (30\/10), ela realizou o \u00faltimo treinamento na Pista do Est\u00e1dio Ol\u00edmpico da Univates, em Lajeado. \u201cEstamos prontos. Todo processo de treinamento foi feito, sem nenhuma les\u00e3o ou outro problema. Foram mais de 30 [&hellip;]<\/p>\n","protected":false},"author":8,"featured_media":142740,"comment_status":"open","ping_status":"open","sticky":false,"template":"","format":"standard","meta":{"pmpro_default_level":"","_jetpack_memberships_contains_paid_content":false,"footnotes":""},"categories":[5],"tags":[13556,9447,80,4939,5063,4446,26],"class_list":{"0":"post-142739","1":"post","2":"type-post","3":"status-publish","4":"format-standard","5":"has-post-thumbnail","7":"category-esportes","8":"tag-800-mestros","9":"tag-800-metros","10":"tag-atletismo","11":"tag-jaque-weber","12":"tag-jogos","13":"tag-semifinal","14":"tag-teutonia","15":"pmpro-has-access"},"yoast_head":"<!-- This site is optimized with the Yoast SEO plugin v27.5 - https:\/\/yoast.com\/product\/yoast-seo-wordpress\/ -->\n<title>Jaque Weber inicia disputa dos Jogos Pan-Americanos nesta sexta-feira - Folha Popular<\/title>\n<meta name=\"robots\" content=\"index, follow, max-snippet:-1, max-image-preview:large, max-video-preview:-1\" \/>\n<link rel=\"canonical\" href=\"https:\/\/folhapopular.info\/index.php\/2023\/11\/01\/jaque-weber-inicia-disputa-dos-jogos-pan-americanos-nesta-sexta-feira\/\" \/>\n<meta property=\"og:locale\" content=\"pt_BR\" \/>\n<meta property=\"og:type\" content=\"article\" \/>\n<meta property=\"og:title\" content=\"Jaque Weber inicia disputa dos Jogos Pan-Americanos nesta sexta-feira - Folha Popular\" \/>\n<meta property=\"og:description\" content=\"A atleta do Praia Clube\/Miller\/Certel\/Florestal, Jaqueline Beatriz Weber, embarcou para o Chile nessa ter\u00e7a-feira (31\/10) para disputa dos Jogos Pan-Americanos. Na segunda-feira (30\/10), ela realizou o \u00faltimo treinamento na Pista do Est\u00e1dio Ol\u00edmpico da Univates, em Lajeado. \u201cEstamos prontos. Todo processo de treinamento foi feito, sem nenhuma les\u00e3o ou outro problema. Foram mais de 30 [&hellip;]\" \/>\n<meta property=\"og:url\" content=\"https:\/\/folhapopular.info\/index.php\/2023\/11\/01\/jaque-weber-inicia-disputa-dos-jogos-pan-americanos-nesta-sexta-feira\/\" \/>\n<meta property=\"og:site_name\" content=\"Folha Popular\" \/>\n<meta property=\"article:published_time\" content=\"2023-11-01T13:27:54+00:00\" \/>\n<meta property=\"article:modified_time\" content=\"2023-11-01T13:29:41+00:00\" \/>\n<meta property=\"og:image\" content=\"http:\/\/folhapopular.info\/wp-content\/uploads\/2023\/11\/20231030_104030-scaled.jpg\" \/>\n\t<meta property=\"og:image:width\" content=\"1441\" \/>\n\t<meta property=\"og:image:height\" content=\"2560\" \/>\n\t<meta property=\"og:image:type\" content=\"image\/jpeg\" \/>\n<meta name=\"author\" content=\"Reda\u00e7\u00e3o Folha Popular\" \/>\n<meta name=\"twitter:card\" content=\"summary_large_image\" \/>\n<meta name=\"twitter:label1\" content=\"Escrito por\" \/>\n\t<meta name=\"twitter:data1\" content=\"Reda\u00e7\u00e3o Folha Popular\" \/>\n\t<meta name=\"twitter:label2\" content=\"Est. tempo de leitura\" \/>\n\t<meta name=\"twitter:data2\" content=\"2 minutos\" \/>\n<script type=\"application\/ld+json\" class=\"yoast-schema-graph\">{\"@context\":\"https:\\\/\\\/schema.org\",\"@graph\":[{\"@type\":\"Article\",\"@id\":\"https:\\\/\\\/folhapopular.info\\\/index.php\\\/2023\\\/11\\\/01\\\/jaque-weber-inicia-disputa-dos-jogos-pan-americanos-nesta-sexta-feira\\\/#article\",\"isPartOf\":{\"@id\":\"https:\\\/\\\/folhapopular.info\\\/index.php\\\/2023\\\/11\\\/01\\\/jaque-weber-inicia-disputa-dos-jogos-pan-americanos-nesta-sexta-feira\\\/\"},\"author\":{\"name\":\"Reda\u00e7\u00e3o Folha Popular\",\"@id\":\"https:\\\/\\\/folhapopular.info\\\/#\\\/schema\\\/person\\\/2814e8a0df7643585a9ca38bc6eb9d4b\"},\"headline\":\"Jaque Weber inicia disputa dos Jogos Pan-Americanos nesta sexta-feira\",\"datePublished\":\"2023-11-01T13:27:54+00:00\",\"dateModified\":\"2023-11-01T13:29:41+00:00\",\"mainEntityOfPage\":{\"@id\":\"https:\\\/\\\/folhapopular.info\\\/index.php\\\/2023\\\/11\\\/01\\\/jaque-weber-inicia-disputa-dos-jogos-pan-americanos-nesta-sexta-feira\\\/\"},\"wordCount\":258,\"commentCount\":0,\"image\":{\"@id\":\"https:\\\/\\\/folhapopular.info\\\/index.php\\\/2023\\\/11\\\/01\\\/jaque-weber-inicia-disputa-dos-jogos-pan-americanos-nesta-sexta-feira\\\/#primaryimage\"},\"thumbnailUrl\":\"https:\\\/\\\/folhapopular.info\\\/wp-content\\\/uploads\\\/2023\\\/11\\\/20231030_104030-scaled.jpg\",\"keywords\":[\"800 mestros\",\"800 metros\",\"Atletismo\",\"Jaque Weber\",\"jogos\",\"semifinal\",\"Teut\u00f4nia\"],\"articleSection\":[\"Esportes\"],\"inLanguage\":\"pt-BR\",\"potentialAction\":[{\"@type\":\"CommentAction\",\"name\":\"Comment\",\"target\":[\"https:\\\/\\\/folhapopular.info\\\/index.php\\\/2023\\\/11\\\/01\\\/jaque-weber-inicia-disputa-dos-jogos-pan-americanos-nesta-sexta-feira\\\/#respond\"]}]},{\"@type\":\"WebPage\",\"@id\":\"https:\\\/\\\/folhapopular.info\\\/index.php\\\/2023\\\/11\\\/01\\\/jaque-weber-inicia-disputa-dos-jogos-pan-americanos-nesta-sexta-feira\\\/\",\"url\":\"https:\\\/\\\/folhapopular.info\\\/index.php\\\/2023\\\/11\\\/01\\\/jaque-weber-inicia-disputa-dos-jogos-pan-americanos-nesta-sexta-feira\\\/\",\"name\":\"Jaque Weber inicia disputa dos Jogos Pan-Americanos nesta sexta-feira - Folha Popular\",\"isPartOf\":{\"@id\":\"https:\\\/\\\/folhapopular.info\\\/#website\"},\"primaryImageOfPage\":{\"@id\":\"https:\\\/\\\/folhapopular.info\\\/index.php\\\/2023\\\/11\\\/01\\\/jaque-weber-inicia-disputa-dos-jogos-pan-americanos-nesta-sexta-feira\\\/#primaryimage\"},\"image\":{\"@id\":\"https:\\\/\\\/folhapopular.info\\\/index.php\\\/2023\\\/11\\\/01\\\/jaque-weber-inicia-disputa-dos-jogos-pan-americanos-nesta-sexta-feira\\\/#primaryimage\"},\"thumbnailUrl\":\"https:\\\/\\\/folhapopular.info\\\/wp-content\\\/uploads\\\/2023\\\/11\\\/20231030_104030-scaled.jpg\",\"datePublished\":\"2023-11-01T13:27:54+00:00\",\"dateModified\":\"2023-11-01T13:29:41+00:00\",\"author\":{\"@id\":\"https:\\\/\\\/folhapopular.info\\\/#\\\/schema\\\/person\\\/2814e8a0df7643585a9ca38bc6eb9d4b\"},\"breadcrumb\":{\"@id\":\"https:\\\/\\\/folhapopular.info\\\/index.php\\\/2023\\\/11\\\/01\\\/jaque-weber-inicia-disputa-dos-jogos-pan-americanos-nesta-sexta-feira\\\/#breadcrumb\"},\"inLanguage\":\"pt-BR\",\"potentialAction\":[{\"@type\":\"ReadAction\",\"target\":[\"https:\\\/\\\/folhapopular.info\\\/index.php\\\/2023\\\/11\\\/01\\\/jaque-weber-inicia-disputa-dos-jogos-pan-americanos-nesta-sexta-feira\\\/\"]}]},{\"@type\":\"ImageObject\",\"inLanguage\":\"pt-BR\",\"@id\":\"https:\\\/\\\/folhapopular.info\\\/index.php\\\/2023\\\/11\\\/01\\\/jaque-weber-inicia-disputa-dos-jogos-pan-americanos-nesta-sexta-feira\\\/#primaryimage\",\"url\":\"https:\\\/\\\/folhapopular.info\\\/wp-content\\\/uploads\\\/2023\\\/11\\\/20231030_104030-scaled.jpg\",\"contentUrl\":\"https:\\\/\\\/folhapopular.info\\\/wp-content\\\/uploads\\\/2023\\\/11\\\/20231030_104030-scaled.jpg\",\"width\":1441,\"height\":2560,\"caption\":\"O \u00faltimo treinamento da atleta foi na Pista do Est\u00e1dio Ol\u00edmpico da Univates, em Lajeado.\"},{\"@type\":\"BreadcrumbList\",\"@id\":\"https:\\\/\\\/folhapopular.info\\\/index.php\\\/2023\\\/11\\\/01\\\/jaque-weber-inicia-disputa-dos-jogos-pan-americanos-nesta-sexta-feira\\\/#breadcrumb\",\"itemListElement\":[{\"@type\":\"ListItem\",\"position\":1,\"name\":\"In\u00edcio\",\"item\":\"https:\\\/\\\/folhapopular.info\\\/\"},{\"@type\":\"ListItem\",\"position\":2,\"name\":\"Jaque Weber inicia disputa dos Jogos Pan-Americanos nesta sexta-feira\"}]},{\"@type\":\"WebSite\",\"@id\":\"https:\\\/\\\/folhapopular.info\\\/#website\",\"url\":\"https:\\\/\\\/folhapopular.info\\\/\",\"name\":\"Folha Popular\",\"description\":\"Onde voc\u00ea tem vez e voz\",\"potentialAction\":[{\"@type\":\"SearchAction\",\"target\":{\"@type\":\"EntryPoint\",\"urlTemplate\":\"https:\\\/\\\/folhapopular.info\\\/?s={search_term_string}\"},\"query-input\":{\"@type\":\"PropertyValueSpecification\",\"valueRequired\":true,\"valueName\":\"search_term_string\"}}],\"inLanguage\":\"pt-BR\"},{\"@type\":\"Person\",\"@id\":\"https:\\\/\\\/folhapopular.info\\\/#\\\/schema\\\/person\\\/2814e8a0df7643585a9ca38bc6eb9d4b\",\"name\":\"Reda\u00e7\u00e3o Folha Popular\",\"image\":{\"@type\":\"ImageObject\",\"inLanguage\":\"pt-BR\",\"@id\":\"https:\\\/\\\/folhapopular.info\\\/wp-content\\\/uploads\\\/2026\\\/04\\\/Folha-1.webp\",\"url\":\"https:\\\/\\\/folhapopular.info\\\/wp-content\\\/uploads\\\/2026\\\/04\\\/Folha-1.webp\",\"contentUrl\":\"https:\\\/\\\/folhapopular.info\\\/wp-content\\\/uploads\\\/2026\\\/04\\\/Folha-1.webp\",\"caption\":\"Reda\u00e7\u00e3o Folha Popular\"},\"url\":\"https:\\\/\\\/folhapopular.info\\\/index.php\\\/author\\\/redacao\\\/\"}]}<\/script>\n<!-- \/ Yoast SEO plugin. -->","yoast_head_json":{"title":"Jaque Weber inicia disputa dos Jogos Pan-Americanos nesta sexta-feira - Folha Popular","robots":{"index":"index","follow":"follow","max-snippet":"max-snippet:-1","max-image-preview":"max-image-preview:large","max-video-preview":"max-video-preview:-1"},"canonical":"https:\/\/folhapopular.info\/index.php\/2023\/11\/01\/jaque-weber-inicia-disputa-dos-jogos-pan-americanos-nesta-sexta-feira\/","og_locale":"pt_BR","og_type":"article","og_title":"Jaque Weber inicia disputa dos Jogos Pan-Americanos nesta sexta-feira - Folha Popular","og_description":"A atleta do Praia Clube\/Miller\/Certel\/Florestal, Jaqueline Beatriz Weber, embarcou para o Chile nessa ter\u00e7a-feira (31\/10) para disputa dos Jogos Pan-Americanos. Na segunda-feira (30\/10), ela realizou o \u00faltimo treinamento na Pista do Est\u00e1dio Ol\u00edmpico da Univates, em Lajeado. \u201cEstamos prontos. Todo processo de treinamento foi feito, sem nenhuma les\u00e3o ou outro problema. Foram mais de 30 [&hellip;]","og_url":"https:\/\/folhapopular.info\/index.php\/2023\/11\/01\/jaque-weber-inicia-disputa-dos-jogos-pan-americanos-nesta-sexta-feira\/","og_site_name":"Folha Popular","article_published_time":"2023-11-01T13:27:54+00:00","article_modified_time":"2023-11-01T13:29:41+00:00","og_image":[{"width":1441,"height":2560,"url":"http:\/\/folhapopular.info\/wp-content\/uploads\/2023\/11\/20231030_104030-scaled.jpg","type":"image\/jpeg"}],"author":"Reda\u00e7\u00e3o Folha Popular","twitter_card":"summary_large_image","twitter_misc":{"Escrito por":"Reda\u00e7\u00e3o Folha Popular","Est. tempo de leitura":"2 minutos"},"schema":{"@context":"https:\/\/schema.org","@graph":[{"@type":"Article","@id":"https:\/\/folhapopular.info\/index.php\/2023\/11\/01\/jaque-weber-inicia-disputa-dos-jogos-pan-americanos-nesta-sexta-feira\/#article","isPartOf":{"@id":"https:\/\/folhapopular.info\/index.php\/2023\/11\/01\/jaque-weber-inicia-disputa-dos-jogos-pan-americanos-nesta-sexta-feira\/"},"author":{"name":"Reda\u00e7\u00e3o Folha Popular","@id":"https:\/\/folhapopular.info\/#\/schema\/person\/2814e8a0df7643585a9ca38bc6eb9d4b"},"headline":"Jaque Weber inicia disputa dos Jogos Pan-Americanos nesta sexta-feira","datePublished":"2023-11-01T13:27:54+00:00","dateModified":"2023-11-01T13:29:41+00:00","mainEntityOfPage":{"@id":"https:\/\/folhapopular.info\/index.php\/2023\/11\/01\/jaque-weber-inicia-disputa-dos-jogos-pan-americanos-nesta-sexta-feira\/"},"wordCount":258,"commentCount":0,"image":{"@id":"https:\/\/folhapopular.info\/index.php\/2023\/11\/01\/jaque-weber-inicia-disputa-dos-jogos-pan-americanos-nesta-sexta-feira\/#primaryimage"},"thumbnailUrl":"https:\/\/folhapopular.info\/wp-content\/uploads\/2023\/11\/20231030_104030-scaled.jpg","keywords":["800 mestros","800 metros","Atletismo","Jaque Weber","jogos","semifinal","Teut\u00f4nia"],"articleSection":["Esportes"],"inLanguage":"pt-BR","potentialAction":[{"@type":"CommentAction","name":"Comment","target":["https:\/\/folhapopular.info\/index.php\/2023\/11\/01\/jaque-weber-inicia-disputa-dos-jogos-pan-americanos-nesta-sexta-feira\/#respond"]}]},{"@type":"WebPage","@id":"https:\/\/folhapopular.info\/index.php\/2023\/11\/01\/jaque-weber-inicia-disputa-dos-jogos-pan-americanos-nesta-sexta-feira\/","url":"https:\/\/folhapopular.info\/index.php\/2023\/11\/01\/jaque-weber-inicia-disputa-dos-jogos-pan-americanos-nesta-sexta-feira\/","name":"Jaque Weber inicia disputa dos Jogos Pan-Americanos nesta sexta-feira - Folha Popular","isPartOf":{"@id":"https:\/\/folhapopular.info\/#website"},"primaryImageOfPage":{"@id":"https:\/\/folhapopular.info\/index.php\/2023\/11\/01\/jaque-weber-inicia-disputa-dos-jogos-pan-americanos-nesta-sexta-feira\/#primaryimage"},"image":{"@id":"https:\/\/folhapopular.info\/index.php\/2023\/11\/01\/jaque-weber-inicia-disputa-dos-jogos-pan-americanos-nesta-sexta-feira\/#primaryimage"},"thumbnailUrl":"https:\/\/folhapopular.info\/wp-content\/uploads\/2023\/11\/20231030_104030-scaled.jpg","datePublished":"2023-11-01T13:27:54+00:00","dateModified":"2023-11-01T13:29:41+00:00","author":{"@id":"https:\/\/folhapopular.info\/#\/schema\/person\/2814e8a0df7643585a9ca38bc6eb9d4b"},"breadcrumb":{"@id":"https:\/\/folhapopular.info\/index.php\/2023\/11\/01\/jaque-weber-inicia-disputa-dos-jogos-pan-americanos-nesta-sexta-feira\/#breadcrumb"},"inLanguage":"pt-BR","potentialAction":[{"@type":"ReadAction","target":["https:\/\/folhapopular.info\/index.php\/2023\/11\/01\/jaque-weber-inicia-disputa-dos-jogos-pan-americanos-nesta-sexta-feira\/"]}]},{"@type":"ImageObject","inLanguage":"pt-BR","@id":"https:\/\/folhapopular.info\/index.php\/2023\/11\/01\/jaque-weber-inicia-disputa-dos-jogos-pan-americanos-nesta-sexta-feira\/#primaryimage","url":"https:\/\/folhapopular.info\/wp-content\/uploads\/2023\/11\/20231030_104030-scaled.jpg","contentUrl":"https:\/\/folhapopular.info\/wp-content\/uploads\/2023\/11\/20231030_104030-scaled.jpg","width":1441,"height":2560,"caption":"O \u00faltimo treinamento da atleta foi na Pista do Est\u00e1dio Ol\u00edmpico da Univates, em Lajeado."},{"@type":"BreadcrumbList","@id":"https:\/\/folhapopular.info\/index.php\/2023\/11\/01\/jaque-weber-inicia-disputa-dos-jogos-pan-americanos-nesta-sexta-feira\/#breadcrumb","itemListElement":[{"@type":"ListItem","position":1,"name":"In\u00edcio","item":"https:\/\/folhapopular.info\/"},{"@type":"ListItem","position":2,"name":"Jaque Weber inicia disputa dos Jogos Pan-Americanos nesta sexta-feira"}]},{"@type":"WebSite","@id":"https:\/\/folhapopular.info\/#website","url":"https:\/\/folhapopular.info\/","name":"Folha Popular","description":"Onde voc\u00ea tem vez e voz","potentialAction":[{"@type":"SearchAction","target":{"@type":"EntryPoint","urlTemplate":"https:\/\/folhapopular.info\/?s={search_term_string}"},"query-input":{"@type":"PropertyValueSpecification","valueRequired":true,"valueName":"search_term_string"}}],"inLanguage":"pt-BR"},{"@type":"Person","@id":"https:\/\/folhapopular.info\/#\/schema\/person\/2814e8a0df7643585a9ca38bc6eb9d4b","name":"Reda\u00e7\u00e3o Folha Popular","image":{"@type":"ImageObject","inLanguage":"pt-BR","@id":"https:\/\/folhapopular.info\/wp-content\/uploads\/2026\/04\/Folha-1.webp","url":"https:\/\/folhapopular.info\/wp-content\/uploads\/2026\/04\/Folha-1.webp","contentUrl":"https:\/\/folhapopular.info\/wp-content\/uploads\/2026\/04\/Folha-1.webp","caption":"Reda\u00e7\u00e3o Folha Popular"},"url":"https:\/\/folhapopular.info\/index.php\/author\/redacao\/"}]}},"jetpack_featured_media_url":"https:\/\/folhapopular.info\/wp-content\/uploads\/2023\/11\/20231030_104030-scaled.jpg","jetpack_sharing_enabled":true,"amp_enabled":true,"_links":{"self":[{"href":"https:\/\/folhapopular.info\/index.php\/wp-json\/wp\/v2\/posts\/142739","targetHints":{"allow":["GET"]}}],"collection":[{"href":"https:\/\/folhapopular.info\/index.php\/wp-json\/wp\/v2\/posts"}],"about":[{"href":"https:\/\/folhapopular.info\/index.php\/wp-json\/wp\/v2\/types\/post"}],"author":[{"embeddable":true,"href":"https:\/\/folhapopular.info\/index.php\/wp-json\/wp\/v2\/users\/8"}],"replies":[{"embeddable":true,"href":"https:\/\/folhapopular.info\/index.php\/wp-json\/wp\/v2\/comments?post=142739"}],"version-history":[{"count":0,"href":"https:\/\/folhapopular.info\/index.php\/wp-json\/wp\/v2\/posts\/142739\/revisions"}],"wp:featuredmedia":[{"embeddable":true,"href":"https:\/\/folhapopular.info\/index.php\/wp-json\/wp\/v2\/media\/142740"}],"wp:attachment":[{"href":"https:\/\/folhapopular.info\/index.php\/wp-json\/wp\/v2\/media?parent=142739"}],"wp:term":[{"taxonomy":"category","embeddable":true,"href":"https:\/\/folhapopular.info\/index.php\/wp-json\/wp\/v2\/categories?post=142739"},{"taxonomy":"post_tag","embeddable":true,"href":"https:\/\/folhapopular.info\/index.php\/wp-json\/wp\/v2\/tags?post=142739"}],"curies":[{"name":"wp","href":"https:\/\/api.w.org\/{rel}","templated":true}]}}