{"id":142861,"date":"2023-11-05T10:03:25","date_gmt":"2023-11-05T13:03:25","guid":{"rendered":"https:\/\/folhapopular.info\/?p=142861"},"modified":"2023-11-05T10:08:22","modified_gmt":"2023-11-05T13:08:22","slug":"copa-vale-do-boa-vista-abre-semifinais-neste-domingo","status":"publish","type":"post","link":"https:\/\/folhapopular.info\/index.php\/2023\/11\/05\/copa-vale-do-boa-vista-abre-semifinais-neste-domingo\/","title":{"rendered":"Copa Vale do Boa Vista abre semifinais neste domingo"},"content":{"rendered":"\n<p>Os quatro melhores times disputar\u00e3o a fase semifinal da Copa Vale do Boa Vista \u2013 competi\u00e7\u00e3o integrante da Copa Certel Sicredi 2023. O equil\u00edbrio prevaleceu entre os quatro primeiros da categoria Titulares, com pouca varia\u00e7\u00e3o de pontos, e os cruzamentos prometem disputa intensa pelas vagas na final.&nbsp;<\/p>\n\n\n\n<p>Po\u00e7o das Antas e 11 Amigos fizeram as melhores campanhas, cada um com 13 pontos. A vantagem do Po\u00e7o est\u00e1 no confronto direto durante a fase classificat\u00f3ria. O Juventude da Frank ficou em terceiro porque tamb\u00e9m levou a melhor no confronto direto com o Juventude de Brochier.<\/p>\n\n\n\n<p>Na semifinal, o Juventude da Frank recebe o 11 Amigos de Po\u00e7o das Antas para o primeiro jogo. E no Est\u00e1dio Ol\u00e1vio Fetzner, em Brochier, o Juventude joga a primeira em casa frente o Po\u00e7o das Antas.<\/p>\n\n\n\n<p>Se os Titulares de Delfinense e Uni\u00e3o da Germano n\u00e3o avan\u00e7aram, nos Aspirantes os dois clubes conseguiram a classifica\u00e7\u00e3o e podem brigar pelo t\u00edtulo da categoria.<\/p>\n\n\n\n<p><strong>Semifinais Titulares &#8211; jogo de ida &#8211; 5\/11 &#8211; 16h<\/strong><\/p>\n\n\n\n<figure class=\"wp-block-table is-style-stripes\"><table><tbody><tr><td><strong>Local<\/strong><\/td><td><\/td><td><strong>Jogos<\/strong><\/td><\/tr><tr><td>Brochier<\/td><td>Juventude-Brochier<\/td><td>X<\/td><td>Po\u00e7o das Antas<\/td><\/tr><tr><td>Teut\u00f4nia<\/td><td>Juventude-TT<\/td><td>X<\/td><td>11 Amigos<\/td><\/tr><\/tbody><\/table><\/figure>\n\n\n\n<p><strong>Semifinais Aspirantes &#8211; jogo de ida &#8211; 5\/11 &#8211; 14h<\/strong><\/p>\n\n\n\n<figure class=\"wp-block-table is-style-stripes\"><table><tbody><tr><td><strong>Local<\/strong><\/td><td><\/td><td><strong>Jogos<\/strong><\/td><\/tr><tr><td>Brochier<\/td><td>Juventude-Brochier<\/td><td>X<\/td><td>Delfinense<\/td><\/tr><tr><td>Teut\u00f4nia<\/td><td>Uni\u00e3o-G<\/td><td>X<\/td><td>11 Amigos<\/td><\/tr><\/tbody><\/table><\/figure>\n\n\n\n<div class=\"wp-block-jetpack-slideshow aligncenter\" data-effect=\"slide\"><div class=\"wp-block-jetpack-slideshow_container swiper-container\"><ul class=\"wp-block-jetpack-slideshow_swiper-wrapper swiper-wrapper\"><li class=\"wp-block-jetpack-slideshow_slide swiper-slide\"><figure><img loading=\"lazy\" decoding=\"async\" width=\"1024\" height=\"768\" alt=\"\" class=\"wp-block-jetpack-slideshow_image wp-image-142863\" data-id=\"142863\" src=\"https:\/\/folhapopular.info\/wp-content\/uploads\/2023\/11\/Juventude-da-Frank-conquistou-a-vaga-a-semifinal-e-joga-primeira-partida-em-casa-1024x768.jpeg\" srcset=\"https:\/\/folhapopular.info\/wp-content\/uploads\/2023\/11\/Juventude-da-Frank-conquistou-a-vaga-a-semifinal-e-joga-primeira-partida-em-casa-1024x768.jpeg 1024w, https:\/\/folhapopular.info\/wp-content\/uploads\/2023\/11\/Juventude-da-Frank-conquistou-a-vaga-a-semifinal-e-joga-primeira-partida-em-casa-300x225.jpeg 300w, https:\/\/folhapopular.info\/wp-content\/uploads\/2023\/11\/Juventude-da-Frank-conquistou-a-vaga-a-semifinal-e-joga-primeira-partida-em-casa-768x576.jpeg 768w, https:\/\/folhapopular.info\/wp-content\/uploads\/2023\/11\/Juventude-da-Frank-conquistou-a-vaga-a-semifinal-e-joga-primeira-partida-em-casa-1536x1152.jpeg 1536w, https:\/\/folhapopular.info\/wp-content\/uploads\/2023\/11\/Juventude-da-Frank-conquistou-a-vaga-a-semifinal-e-joga-primeira-partida-em-casa-696x522.jpeg 696w, https:\/\/folhapopular.info\/wp-content\/uploads\/2023\/11\/Juventude-da-Frank-conquistou-a-vaga-a-semifinal-e-joga-primeira-partida-em-casa-1068x801.jpeg 1068w, https:\/\/folhapopular.info\/wp-content\/uploads\/2023\/11\/Juventude-da-Frank-conquistou-a-vaga-a-semifinal-e-joga-primeira-partida-em-casa.jpeg 1600w\" sizes=\"(max-width: 1024px) 100vw, 1024px\" \/><figcaption class=\"wp-block-jetpack-slideshow_caption gallery-caption\">Juventude da Frank conquistou a vaga \u00e0 semifinal e joga primeira partida em casa \/\/ Cr\u00e9dito: Rodrigo Schons \/ Especial FP<\/figcaption><\/figure><\/li><li class=\"wp-block-jetpack-slideshow_slide swiper-slide\"><figure><img loading=\"lazy\" decoding=\"async\" width=\"1024\" height=\"768\" alt=\"\" class=\"wp-block-jetpack-slideshow_image wp-image-142864\" data-id=\"142864\" src=\"https:\/\/folhapopular.info\/wp-content\/uploads\/2023\/11\/Juventude-de-Brochier-joga-primeira-semifinal-em-casa-1024x768.jpeg\" srcset=\"https:\/\/folhapopular.info\/wp-content\/uploads\/2023\/11\/Juventude-de-Brochier-joga-primeira-semifinal-em-casa-1024x768.jpeg 1024w, https:\/\/folhapopular.info\/wp-content\/uploads\/2023\/11\/Juventude-de-Brochier-joga-primeira-semifinal-em-casa-300x225.jpeg 300w, https:\/\/folhapopular.info\/wp-content\/uploads\/2023\/11\/Juventude-de-Brochier-joga-primeira-semifinal-em-casa-768x576.jpeg 768w, https:\/\/folhapopular.info\/wp-content\/uploads\/2023\/11\/Juventude-de-Brochier-joga-primeira-semifinal-em-casa-1536x1152.jpeg 1536w, https:\/\/folhapopular.info\/wp-content\/uploads\/2023\/11\/Juventude-de-Brochier-joga-primeira-semifinal-em-casa-696x522.jpeg 696w, https:\/\/folhapopular.info\/wp-content\/uploads\/2023\/11\/Juventude-de-Brochier-joga-primeira-semifinal-em-casa-1068x801.jpeg 1068w, https:\/\/folhapopular.info\/wp-content\/uploads\/2023\/11\/Juventude-de-Brochier-joga-primeira-semifinal-em-casa.jpeg 1600w\" sizes=\"(max-width: 1024px) 100vw, 1024px\" \/><figcaption class=\"wp-block-jetpack-slideshow_caption gallery-caption\">Juventude de Brochier joga primeira semifinal em casa \/\/ Cr\u00e9dito: Rodrigo Schons \/ Especial FP<\/figcaption><\/figure><\/li><\/ul><a class=\"wp-block-jetpack-slideshow_button-prev swiper-button-prev swiper-button-white\" role=\"button\"><\/a><a class=\"wp-block-jetpack-slideshow_button-next swiper-button-next swiper-button-white\" role=\"button\"><\/a><a aria-label=\"Pause Slideshow\" class=\"wp-block-jetpack-slideshow_button-pause\" role=\"button\"><\/a><div class=\"wp-block-jetpack-slideshow_pagination swiper-pagination swiper-pagination-white\"><\/div><\/div><\/div>\n\n\n\n<h2 class=\"wp-block-heading\"><strong>GOLEADORES<\/strong><\/h2>\n\n\n\n<figure class=\"wp-block-table is-style-stripes\"><table><tbody><tr><td><strong>Titulares<\/strong><\/td><td><\/td><td><\/td><\/tr><tr><td><strong>Gols<\/strong><\/td><td><strong>Nome do Atleta<\/strong><\/td><td><strong>Clube<\/strong><\/td><\/tr><tr><td>9<\/td><td>Adriano Alfonso Schneider<\/td><td>11 Amigos<\/td><\/tr><tr><td>4<\/td><td>J\u00falio Cesar Machado<\/td><td>Po\u00e7o das Antas<\/td><\/tr><tr><td>4<\/td><td>Elivelton Santos Basso<\/td><td>Juventude Brochier<\/td><\/tr><tr><td>4<\/td><td>\u00c9verton Luis de Souza Queiroz<\/td><td>Juventude Teut\u00f4nia<\/td><\/tr><tr><td>4<\/td><td>Adalberto Amilton Borba<\/td><td>Delfinense<\/td><\/tr><tr><td>3<\/td><td>Josimar Togni<\/td><td>11 Amigos<\/td><\/tr><tr><td>3<\/td><td>Rodrigo da Costa Kunzler<\/td><td>11 Amigos<\/td><\/tr><tr><td>3<\/td><td>Rafael G. Pereira \u201cNegreti\u201d<\/td><td>Juventude Teut\u00f4nia<\/td><\/tr><\/tbody><\/table><\/figure>\n\n\n\n<figure class=\"wp-block-table is-style-stripes\"><table><tbody><tr><td><strong>Aspirantes<\/strong><\/td><td><\/td><td><\/td><\/tr><tr><td><strong>Gols<\/strong><\/td><td><strong>Nome do Atleta<\/strong><\/td><td><strong>Clube<\/strong><\/td><\/tr><tr><td>3<\/td><td>Jo\u00e3o Henrique G. de Freitas<\/td><td>Uni\u00e3o-G<\/td><\/tr><tr><td>3<\/td><td>Darlei Luis Deuner<\/td><td>11 Amigos<\/td><\/tr><tr><td>3<\/td><td>Yure Wegner dos Santos<\/td><td>11 Amigos<\/td><\/tr><tr><td>2<\/td><td>Alexandre Reckziegel<\/td><td>Uni\u00e3o-G<\/td><\/tr><tr><td>2<\/td><td>Davi Henrique Schaeffer<\/td><td>Uni\u00e3o-G<\/td><\/tr><tr><td>2<\/td><td>Djonatan Natanael Flores<\/td><td>11 Amigos<\/td><\/tr><tr><td>2<\/td><td>Rafael Reinher<\/td><td>11 Amigos<\/td><\/tr><tr><td>2<\/td><td>Alisson Spiecker<\/td><td>Delfinense<\/td><\/tr><tr><td>2<\/td><td>Ederson Luis Pires Saraiva<\/td><td>Delfinense<\/td><\/tr><tr><td>2<\/td><td>Eduardo Matias Petter<\/td><td>Delfinense<\/td><\/tr><tr><td>2<\/td><td>Jo\u00e3o Vitor Cardoso Birck<\/td><td>Delfinense<\/td><\/tr><tr><td>2<\/td><td>Vitor Hugo Pires Barboza<\/td><td>Delfinense<\/td><\/tr><\/tbody><\/table><\/figure>\n","protected":false},"excerpt":{"rendered":"<p>Os quatro melhores times disputar\u00e3o a fase semifinal da Copa Vale do Boa Vista \u2013 competi\u00e7\u00e3o integrante da Copa Certel Sicredi 2023. O equil\u00edbrio prevaleceu entre os quatro primeiros da categoria Titulares, com pouca varia\u00e7\u00e3o de pontos, e os cruzamentos prometem disputa intensa pelas vagas na final.&nbsp; Po\u00e7o das Antas e 11 Amigos fizeram as [&hellip;]<\/p>\n","protected":false},"author":7,"featured_media":142862,"comment_status":"open","ping_status":"open","sticky":false,"template":"","format":"standard","meta":{"pmpro_default_level":"","_jetpack_memberships_contains_paid_content":false,"footnotes":""},"categories":[5,240,288],"tags":[318,156],"class_list":{"0":"post-142861","1":"post","2":"type-post","3":"status-publish","4":"format-standard","5":"has-post-thumbnail","7":"category-esportes","8":"category-futebol-amador","9":"category-regional-da-aslivata","10":"tag-copa-certel-sicredi","11":"tag-vale-do-taquari","12":"pmpro-has-access"},"yoast_head":"<!-- This site is optimized with the Yoast SEO plugin v27.5 - https:\/\/yoast.com\/product\/yoast-seo-wordpress\/ -->\n<title>Copa Vale do Boa Vista abre semifinais neste domingo - Folha Popular<\/title>\n<meta name=\"robots\" content=\"index, follow, max-snippet:-1, max-image-preview:large, max-video-preview:-1\" \/>\n<link rel=\"canonical\" href=\"https:\/\/folhapopular.info\/index.php\/2023\/11\/05\/copa-vale-do-boa-vista-abre-semifinais-neste-domingo\/\" \/>\n<meta property=\"og:locale\" content=\"pt_BR\" \/>\n<meta property=\"og:type\" content=\"article\" \/>\n<meta property=\"og:title\" content=\"Copa Vale do Boa Vista abre semifinais neste domingo - Folha Popular\" \/>\n<meta property=\"og:description\" content=\"Os quatro melhores times disputar\u00e3o a fase semifinal da Copa Vale do Boa Vista \u2013 competi\u00e7\u00e3o integrante da Copa Certel Sicredi 2023. O equil\u00edbrio prevaleceu entre os quatro primeiros da categoria Titulares, com pouca varia\u00e7\u00e3o de pontos, e os cruzamentos prometem disputa intensa pelas vagas na final.&nbsp; Po\u00e7o das Antas e 11 Amigos fizeram as [&hellip;]\" \/>\n<meta property=\"og:url\" content=\"https:\/\/folhapopular.info\/index.php\/2023\/11\/05\/copa-vale-do-boa-vista-abre-semifinais-neste-domingo\/\" \/>\n<meta property=\"og:site_name\" content=\"Folha Popular\" \/>\n<meta property=\"article:published_time\" content=\"2023-11-05T13:03:25+00:00\" \/>\n<meta property=\"article:modified_time\" content=\"2023-11-05T13:08:22+00:00\" \/>\n<meta property=\"og:image\" content=\"http:\/\/folhapopular.info\/wp-content\/uploads\/2023\/11\/Julinho-camisa-10-do-Poco-das-Antas-fez-o-terceiro-gol-na-vitoria-por-3x1-diante-do-Delfinense.jpeg\" \/>\n\t<meta property=\"og:image:width\" content=\"1280\" \/>\n\t<meta property=\"og:image:height\" content=\"995\" \/>\n\t<meta property=\"og:image:type\" content=\"image\/jpeg\" \/>\n<meta name=\"author\" content=\"Lucas Leandro Brune\" \/>\n<meta name=\"twitter:card\" content=\"summary_large_image\" \/>\n<meta name=\"twitter:label1\" content=\"Escrito por\" \/>\n\t<meta name=\"twitter:data1\" content=\"Lucas Leandro Brune\" \/>\n\t<meta name=\"twitter:label2\" content=\"Est. tempo de leitura\" \/>\n\t<meta name=\"twitter:data2\" content=\"3 minutos\" \/>\n<script type=\"application\/ld+json\" class=\"yoast-schema-graph\">{\"@context\":\"https:\\\/\\\/schema.org\",\"@graph\":[{\"@type\":\"Article\",\"@id\":\"https:\\\/\\\/folhapopular.info\\\/index.php\\\/2023\\\/11\\\/05\\\/copa-vale-do-boa-vista-abre-semifinais-neste-domingo\\\/#article\",\"isPartOf\":{\"@id\":\"https:\\\/\\\/folhapopular.info\\\/index.php\\\/2023\\\/11\\\/05\\\/copa-vale-do-boa-vista-abre-semifinais-neste-domingo\\\/\"},\"author\":{\"name\":\"Lucas Leandro Brune\",\"@id\":\"https:\\\/\\\/folhapopular.info\\\/#\\\/schema\\\/person\\\/533a15f60cd49e81ab3a90b4ca33cb36\"},\"headline\":\"Copa Vale do Boa Vista abre semifinais neste domingo\",\"datePublished\":\"2023-11-05T13:03:25+00:00\",\"dateModified\":\"2023-11-05T13:08:22+00:00\",\"mainEntityOfPage\":{\"@id\":\"https:\\\/\\\/folhapopular.info\\\/index.php\\\/2023\\\/11\\\/05\\\/copa-vale-do-boa-vista-abre-semifinais-neste-domingo\\\/\"},\"wordCount\":369,\"commentCount\":0,\"image\":{\"@id\":\"https:\\\/\\\/folhapopular.info\\\/index.php\\\/2023\\\/11\\\/05\\\/copa-vale-do-boa-vista-abre-semifinais-neste-domingo\\\/#primaryimage\"},\"thumbnailUrl\":\"https:\\\/\\\/folhapopular.info\\\/wp-content\\\/uploads\\\/2023\\\/11\\\/Julinho-camisa-10-do-Poco-das-Antas-fez-o-terceiro-gol-na-vitoria-por-3x1-diante-do-Delfinense.jpeg\",\"keywords\":[\"Copa Certel Sicredi\",\"Vale do Taquari\"],\"articleSection\":[\"Esportes\",\"Futebol Amador\",\"Regional da Aslivata\"],\"inLanguage\":\"pt-BR\",\"potentialAction\":[{\"@type\":\"CommentAction\",\"name\":\"Comment\",\"target\":[\"https:\\\/\\\/folhapopular.info\\\/index.php\\\/2023\\\/11\\\/05\\\/copa-vale-do-boa-vista-abre-semifinais-neste-domingo\\\/#respond\"]}]},{\"@type\":\"WebPage\",\"@id\":\"https:\\\/\\\/folhapopular.info\\\/index.php\\\/2023\\\/11\\\/05\\\/copa-vale-do-boa-vista-abre-semifinais-neste-domingo\\\/\",\"url\":\"https:\\\/\\\/folhapopular.info\\\/index.php\\\/2023\\\/11\\\/05\\\/copa-vale-do-boa-vista-abre-semifinais-neste-domingo\\\/\",\"name\":\"Copa Vale do Boa Vista abre semifinais neste domingo - Folha Popular\",\"isPartOf\":{\"@id\":\"https:\\\/\\\/folhapopular.info\\\/#website\"},\"primaryImageOfPage\":{\"@id\":\"https:\\\/\\\/folhapopular.info\\\/index.php\\\/2023\\\/11\\\/05\\\/copa-vale-do-boa-vista-abre-semifinais-neste-domingo\\\/#primaryimage\"},\"image\":{\"@id\":\"https:\\\/\\\/folhapopular.info\\\/index.php\\\/2023\\\/11\\\/05\\\/copa-vale-do-boa-vista-abre-semifinais-neste-domingo\\\/#primaryimage\"},\"thumbnailUrl\":\"https:\\\/\\\/folhapopular.info\\\/wp-content\\\/uploads\\\/2023\\\/11\\\/Julinho-camisa-10-do-Poco-das-Antas-fez-o-terceiro-gol-na-vitoria-por-3x1-diante-do-Delfinense.jpeg\",\"datePublished\":\"2023-11-05T13:03:25+00:00\",\"dateModified\":\"2023-11-05T13:08:22+00:00\",\"author\":{\"@id\":\"https:\\\/\\\/folhapopular.info\\\/#\\\/schema\\\/person\\\/533a15f60cd49e81ab3a90b4ca33cb36\"},\"breadcrumb\":{\"@id\":\"https:\\\/\\\/folhapopular.info\\\/index.php\\\/2023\\\/11\\\/05\\\/copa-vale-do-boa-vista-abre-semifinais-neste-domingo\\\/#breadcrumb\"},\"inLanguage\":\"pt-BR\",\"potentialAction\":[{\"@type\":\"ReadAction\",\"target\":[\"https:\\\/\\\/folhapopular.info\\\/index.php\\\/2023\\\/11\\\/05\\\/copa-vale-do-boa-vista-abre-semifinais-neste-domingo\\\/\"]}]},{\"@type\":\"ImageObject\",\"inLanguage\":\"pt-BR\",\"@id\":\"https:\\\/\\\/folhapopular.info\\\/index.php\\\/2023\\\/11\\\/05\\\/copa-vale-do-boa-vista-abre-semifinais-neste-domingo\\\/#primaryimage\",\"url\":\"https:\\\/\\\/folhapopular.info\\\/wp-content\\\/uploads\\\/2023\\\/11\\\/Julinho-camisa-10-do-Poco-das-Antas-fez-o-terceiro-gol-na-vitoria-por-3x1-diante-do-Delfinense.jpeg\",\"contentUrl\":\"https:\\\/\\\/folhapopular.info\\\/wp-content\\\/uploads\\\/2023\\\/11\\\/Julinho-camisa-10-do-Poco-das-Antas-fez-o-terceiro-gol-na-vitoria-por-3x1-diante-do-Delfinense.jpeg\",\"width\":1280,\"height\":995,\"caption\":\"Po\u00e7o das Antas de Julinho (10) ter\u00e1 cl\u00e1ssico contra o Juventude de Brochier na semifinal \\\/\\\/ Cr\u00e9dito: Ilocir Jos\u00e9 F\u00fchr \\\/ Especial FP\"},{\"@type\":\"BreadcrumbList\",\"@id\":\"https:\\\/\\\/folhapopular.info\\\/index.php\\\/2023\\\/11\\\/05\\\/copa-vale-do-boa-vista-abre-semifinais-neste-domingo\\\/#breadcrumb\",\"itemListElement\":[{\"@type\":\"ListItem\",\"position\":1,\"name\":\"In\u00edcio\",\"item\":\"https:\\\/\\\/folhapopular.info\\\/\"},{\"@type\":\"ListItem\",\"position\":2,\"name\":\"Copa Vale do Boa Vista abre semifinais neste domingo\"}]},{\"@type\":\"WebSite\",\"@id\":\"https:\\\/\\\/folhapopular.info\\\/#website\",\"url\":\"https:\\\/\\\/folhapopular.info\\\/\",\"name\":\"Folha Popular\",\"description\":\"Onde voc\u00ea tem vez e voz\",\"potentialAction\":[{\"@type\":\"SearchAction\",\"target\":{\"@type\":\"EntryPoint\",\"urlTemplate\":\"https:\\\/\\\/folhapopular.info\\\/?s={search_term_string}\"},\"query-input\":{\"@type\":\"PropertyValueSpecification\",\"valueRequired\":true,\"valueName\":\"search_term_string\"}}],\"inLanguage\":\"pt-BR\"},{\"@type\":\"Person\",\"@id\":\"https:\\\/\\\/folhapopular.info\\\/#\\\/schema\\\/person\\\/533a15f60cd49e81ab3a90b4ca33cb36\",\"name\":\"Lucas Leandro Brune\",\"image\":{\"@type\":\"ImageObject\",\"inLanguage\":\"pt-BR\",\"@id\":\"https:\\\/\\\/folhapopular.info\\\/wp-content\\\/uploads\\\/2026\\\/04\\\/LUCAS-1-1.webp\",\"url\":\"https:\\\/\\\/folhapopular.info\\\/wp-content\\\/uploads\\\/2026\\\/04\\\/LUCAS-1-1.webp\",\"contentUrl\":\"https:\\\/\\\/folhapopular.info\\\/wp-content\\\/uploads\\\/2026\\\/04\\\/LUCAS-1-1.webp\",\"caption\":\"Lucas Leandro Brune\"},\"description\":\"Jornalista Profissional Diplomado MTB\\\/RS 14.333\",\"url\":\"https:\\\/\\\/folhapopular.info\\\/index.php\\\/author\\\/lucas-brune\\\/\"}]}<\/script>\n<!-- \/ Yoast SEO plugin. -->","yoast_head_json":{"title":"Copa Vale do Boa Vista abre semifinais neste domingo - Folha Popular","robots":{"index":"index","follow":"follow","max-snippet":"max-snippet:-1","max-image-preview":"max-image-preview:large","max-video-preview":"max-video-preview:-1"},"canonical":"https:\/\/folhapopular.info\/index.php\/2023\/11\/05\/copa-vale-do-boa-vista-abre-semifinais-neste-domingo\/","og_locale":"pt_BR","og_type":"article","og_title":"Copa Vale do Boa Vista abre semifinais neste domingo - Folha Popular","og_description":"Os quatro melhores times disputar\u00e3o a fase semifinal da Copa Vale do Boa Vista \u2013 competi\u00e7\u00e3o integrante da Copa Certel Sicredi 2023. O equil\u00edbrio prevaleceu entre os quatro primeiros da categoria Titulares, com pouca varia\u00e7\u00e3o de pontos, e os cruzamentos prometem disputa intensa pelas vagas na final.&nbsp; Po\u00e7o das Antas e 11 Amigos fizeram as [&hellip;]","og_url":"https:\/\/folhapopular.info\/index.php\/2023\/11\/05\/copa-vale-do-boa-vista-abre-semifinais-neste-domingo\/","og_site_name":"Folha Popular","article_published_time":"2023-11-05T13:03:25+00:00","article_modified_time":"2023-11-05T13:08:22+00:00","og_image":[{"width":1280,"height":995,"url":"http:\/\/folhapopular.info\/wp-content\/uploads\/2023\/11\/Julinho-camisa-10-do-Poco-das-Antas-fez-o-terceiro-gol-na-vitoria-por-3x1-diante-do-Delfinense.jpeg","type":"image\/jpeg"}],"author":"Lucas Leandro Brune","twitter_card":"summary_large_image","twitter_misc":{"Escrito por":"Lucas Leandro Brune","Est. tempo de leitura":"3 minutos"},"schema":{"@context":"https:\/\/schema.org","@graph":[{"@type":"Article","@id":"https:\/\/folhapopular.info\/index.php\/2023\/11\/05\/copa-vale-do-boa-vista-abre-semifinais-neste-domingo\/#article","isPartOf":{"@id":"https:\/\/folhapopular.info\/index.php\/2023\/11\/05\/copa-vale-do-boa-vista-abre-semifinais-neste-domingo\/"},"author":{"name":"Lucas Leandro Brune","@id":"https:\/\/folhapopular.info\/#\/schema\/person\/533a15f60cd49e81ab3a90b4ca33cb36"},"headline":"Copa Vale do Boa Vista abre semifinais neste domingo","datePublished":"2023-11-05T13:03:25+00:00","dateModified":"2023-11-05T13:08:22+00:00","mainEntityOfPage":{"@id":"https:\/\/folhapopular.info\/index.php\/2023\/11\/05\/copa-vale-do-boa-vista-abre-semifinais-neste-domingo\/"},"wordCount":369,"commentCount":0,"image":{"@id":"https:\/\/folhapopular.info\/index.php\/2023\/11\/05\/copa-vale-do-boa-vista-abre-semifinais-neste-domingo\/#primaryimage"},"thumbnailUrl":"https:\/\/folhapopular.info\/wp-content\/uploads\/2023\/11\/Julinho-camisa-10-do-Poco-das-Antas-fez-o-terceiro-gol-na-vitoria-por-3x1-diante-do-Delfinense.jpeg","keywords":["Copa Certel Sicredi","Vale do Taquari"],"articleSection":["Esportes","Futebol Amador","Regional da Aslivata"],"inLanguage":"pt-BR","potentialAction":[{"@type":"CommentAction","name":"Comment","target":["https:\/\/folhapopular.info\/index.php\/2023\/11\/05\/copa-vale-do-boa-vista-abre-semifinais-neste-domingo\/#respond"]}]},{"@type":"WebPage","@id":"https:\/\/folhapopular.info\/index.php\/2023\/11\/05\/copa-vale-do-boa-vista-abre-semifinais-neste-domingo\/","url":"https:\/\/folhapopular.info\/index.php\/2023\/11\/05\/copa-vale-do-boa-vista-abre-semifinais-neste-domingo\/","name":"Copa Vale do Boa Vista abre semifinais neste domingo - Folha Popular","isPartOf":{"@id":"https:\/\/folhapopular.info\/#website"},"primaryImageOfPage":{"@id":"https:\/\/folhapopular.info\/index.php\/2023\/11\/05\/copa-vale-do-boa-vista-abre-semifinais-neste-domingo\/#primaryimage"},"image":{"@id":"https:\/\/folhapopular.info\/index.php\/2023\/11\/05\/copa-vale-do-boa-vista-abre-semifinais-neste-domingo\/#primaryimage"},"thumbnailUrl":"https:\/\/folhapopular.info\/wp-content\/uploads\/2023\/11\/Julinho-camisa-10-do-Poco-das-Antas-fez-o-terceiro-gol-na-vitoria-por-3x1-diante-do-Delfinense.jpeg","datePublished":"2023-11-05T13:03:25+00:00","dateModified":"2023-11-05T13:08:22+00:00","author":{"@id":"https:\/\/folhapopular.info\/#\/schema\/person\/533a15f60cd49e81ab3a90b4ca33cb36"},"breadcrumb":{"@id":"https:\/\/folhapopular.info\/index.php\/2023\/11\/05\/copa-vale-do-boa-vista-abre-semifinais-neste-domingo\/#breadcrumb"},"inLanguage":"pt-BR","potentialAction":[{"@type":"ReadAction","target":["https:\/\/folhapopular.info\/index.php\/2023\/11\/05\/copa-vale-do-boa-vista-abre-semifinais-neste-domingo\/"]}]},{"@type":"ImageObject","inLanguage":"pt-BR","@id":"https:\/\/folhapopular.info\/index.php\/2023\/11\/05\/copa-vale-do-boa-vista-abre-semifinais-neste-domingo\/#primaryimage","url":"https:\/\/folhapopular.info\/wp-content\/uploads\/2023\/11\/Julinho-camisa-10-do-Poco-das-Antas-fez-o-terceiro-gol-na-vitoria-por-3x1-diante-do-Delfinense.jpeg","contentUrl":"https:\/\/folhapopular.info\/wp-content\/uploads\/2023\/11\/Julinho-camisa-10-do-Poco-das-Antas-fez-o-terceiro-gol-na-vitoria-por-3x1-diante-do-Delfinense.jpeg","width":1280,"height":995,"caption":"Po\u00e7o das Antas de Julinho (10) ter\u00e1 cl\u00e1ssico contra o Juventude de Brochier na semifinal \/\/ Cr\u00e9dito: Ilocir Jos\u00e9 F\u00fchr \/ Especial FP"},{"@type":"BreadcrumbList","@id":"https:\/\/folhapopular.info\/index.php\/2023\/11\/05\/copa-vale-do-boa-vista-abre-semifinais-neste-domingo\/#breadcrumb","itemListElement":[{"@type":"ListItem","position":1,"name":"In\u00edcio","item":"https:\/\/folhapopular.info\/"},{"@type":"ListItem","position":2,"name":"Copa Vale do Boa Vista abre semifinais neste domingo"}]},{"@type":"WebSite","@id":"https:\/\/folhapopular.info\/#website","url":"https:\/\/folhapopular.info\/","name":"Folha Popular","description":"Onde voc\u00ea tem vez e voz","potentialAction":[{"@type":"SearchAction","target":{"@type":"EntryPoint","urlTemplate":"https:\/\/folhapopular.info\/?s={search_term_string}"},"query-input":{"@type":"PropertyValueSpecification","valueRequired":true,"valueName":"search_term_string"}}],"inLanguage":"pt-BR"},{"@type":"Person","@id":"https:\/\/folhapopular.info\/#\/schema\/person\/533a15f60cd49e81ab3a90b4ca33cb36","name":"Lucas Leandro Brune","image":{"@type":"ImageObject","inLanguage":"pt-BR","@id":"https:\/\/folhapopular.info\/wp-content\/uploads\/2026\/04\/LUCAS-1-1.webp","url":"https:\/\/folhapopular.info\/wp-content\/uploads\/2026\/04\/LUCAS-1-1.webp","contentUrl":"https:\/\/folhapopular.info\/wp-content\/uploads\/2026\/04\/LUCAS-1-1.webp","caption":"Lucas Leandro Brune"},"description":"Jornalista Profissional Diplomado MTB\/RS 14.333","url":"https:\/\/folhapopular.info\/index.php\/author\/lucas-brune\/"}]}},"jetpack_featured_media_url":"https:\/\/folhapopular.info\/wp-content\/uploads\/2023\/11\/Julinho-camisa-10-do-Poco-das-Antas-fez-o-terceiro-gol-na-vitoria-por-3x1-diante-do-Delfinense.jpeg","jetpack_sharing_enabled":true,"amp_enabled":true,"_links":{"self":[{"href":"https:\/\/folhapopular.info\/index.php\/wp-json\/wp\/v2\/posts\/142861","targetHints":{"allow":["GET"]}}],"collection":[{"href":"https:\/\/folhapopular.info\/index.php\/wp-json\/wp\/v2\/posts"}],"about":[{"href":"https:\/\/folhapopular.info\/index.php\/wp-json\/wp\/v2\/types\/post"}],"author":[{"embeddable":true,"href":"https:\/\/folhapopular.info\/index.php\/wp-json\/wp\/v2\/users\/7"}],"replies":[{"embeddable":true,"href":"https:\/\/folhapopular.info\/index.php\/wp-json\/wp\/v2\/comments?post=142861"}],"version-history":[{"count":0,"href":"https:\/\/folhapopular.info\/index.php\/wp-json\/wp\/v2\/posts\/142861\/revisions"}],"wp:featuredmedia":[{"embeddable":true,"href":"https:\/\/folhapopular.info\/index.php\/wp-json\/wp\/v2\/media\/142862"}],"wp:attachment":[{"href":"https:\/\/folhapopular.info\/index.php\/wp-json\/wp\/v2\/media?parent=142861"}],"wp:term":[{"taxonomy":"category","embeddable":true,"href":"https:\/\/folhapopular.info\/index.php\/wp-json\/wp\/v2\/categories?post=142861"},{"taxonomy":"post_tag","embeddable":true,"href":"https:\/\/folhapopular.info\/index.php\/wp-json\/wp\/v2\/tags?post=142861"}],"curies":[{"name":"wp","href":"https:\/\/api.w.org\/{rel}","templated":true}]}}