{"id":142927,"date":"2023-11-06T10:37:18","date_gmt":"2023-11-06T13:37:18","guid":{"rendered":"https:\/\/folhapopular.info\/?p=142927"},"modified":"2023-11-06T10:37:23","modified_gmt":"2023-11-06T13:37:23","slug":"projeto-um-novo-cantar-busca-incentivar-o-canto-coral-entre-criancas-de-teutonia","status":"publish","type":"post","link":"https:\/\/folhapopular.info\/index.php\/2023\/11\/06\/projeto-um-novo-cantar-busca-incentivar-o-canto-coral-entre-criancas-de-teutonia\/","title":{"rendered":"Projeto &#8220;Um novo cantar&#8221; busca incentivar o canto coral entre crian\u00e7as de Teut\u00f4nia"},"content":{"rendered":"\n<p>Buscando frear a redu\u00e7\u00e3o do n\u00famero de corais comunit\u00e1rios, o projeto \u201cUm Novo Cantar\u201d, idealizado pela Associa\u00e7\u00e3o de Coros de Teut\u00f4nia (Acote) passar\u00e1 a ser desenvolvido nas escolas do munic\u00edpio. A proposta visa \u00e0 forma\u00e7\u00e3o de jovens cantores por meio de corais nos educand\u00e1rios, buscando incentivar o canto coral entre crian\u00e7as de 7 a 11 anos. A proposta contempla sete oficinas em seis escolas \u2013 Cemef (duas), Alfredo Schneider, S\u00e3o Jac\u00f3, Bento Gon\u00e7alves, Dom Pedro I e na Teobaldo Closs. Cada oficina ter\u00e1 a dura\u00e7\u00e3o de uma hora por semana e ocorerr\u00e1 no contraturno escolar. Apesar de abertas \u00e0 comunidade, ser\u00e1 dada prioridade para alunos destas escolas.<\/p>\n\n\n\n<p>O projeto, que tem n\u00famero m\u00ednimo de 15 alunos, est\u00e1 em fase final de tramita\u00e7\u00e3o e deve iniciar ainda em novembro, se estendendo at\u00e9 dezembro e, em 2024, de mar\u00e7o a outubro. Ao longo do ano dever\u00e3o ser realizadas seis apresenta\u00e7\u00f5es. \u201c\u00c9 um sonho que estamos lapidando para que gere bons frutos, mas precisa ser apoiado pelos pais e pela comunidade escolar\u201d, disse Rosita Jussara Schneider, integrante da Acote e idealizadora da proposta. A associa\u00e7\u00e3o gerenciar\u00e1 o projeto, que receber\u00e1 subs\u00eddio da Prefeitura.<\/p>\n\n\n\n<p>\u201cN\u00f3s compreendemos, enquanto gest\u00e3o municipal, que investir no ser humano \u00e9 o melhor que podemos fazer, e ap\u00f3s a mostra que tivemos de que o projeto Teut\u00f4nia Cultural est\u00e1 dando bons frutos, chegou a vez de investir nessa nova proposta. A m\u00fasica tem o poder de contar hist\u00f3rias, ent\u00e3o se est\u00e1 dando um passo muito importante, resgatando e jamais querendo perder esse t\u00edtulo que foi t\u00e3o dif\u00edcil de conquistar, da Capital Nacional do Canto Coral\u201d, relatou a vice-prefeita, Aline R\u00f6hrig Kohl.<\/p>\n\n\n\n<p>Hoje, dos mais de 40 corais comunit\u00e1rios de Teut\u00f4nia, cerca de 50% encerraram suas atividades. Muitos dos desligamentos ocorreram ap\u00f3s a pandemia, que apressou o que Rosita chama de \u201cdesmantelamento\u201d dos corais. \u201cDesde 2017 ou\u00e7o que os grupos est\u00e3o morrendo, com o envelhecimento das pessoas e a falta de jovens para suprir esse espa\u00e7o. O que n\u00f3s temos que fazer para que eles passem a ter vontade de fazer parte desse espa\u00e7o cultural que \u00e9 o canto coral? Esse eu acho que foi o sonho inicial que fez surgir esse projeto\u201d, disse.<\/p>\n\n\n\n<p>Segundo ela, foram realizadas diversas reuni\u00f5es entre a Acote, os espa\u00e7os culturais e a Prefeitura desde 2018. \u201cUm projeto desse n\u00e3o se cria do dia para a noite. Por isso tamb\u00e9m vem a nossa aposta numa professora jovem, que \u00e9 a Criste Hoffmann\u201d, contou.<\/p>\n\n\n\n<p>Criste tem 21 anos, \u00e9 natural do Esp\u00edrito Santo e trabalha desde maio na par\u00f3quia Teut\u00f4nia Sul como musicista. \u201cNessa idade ocorre o in\u00edcio da socializa\u00e7\u00e3o das crian\u00e7as, momento em que v\u00e3o descobrindo suas habilidades. O canto coral \u00e9 uma grande forma de trabalhar a express\u00e3o, o emocional, as habilidades motoras, o ritmo e a sensibilidade auditiva. Tudo isso a m\u00fasica consegue desenvolver\u201d, explica Criste.<\/p>\n\n\n\n<p>Apesar de ainda n\u00e3o ter sido oficialmente lan\u00e7ado, Rosita e Aline recomendam que os pais de alunos interessados conversem com as escolas-sede para saber mais sobre o projeto.<\/p>\n","protected":false},"excerpt":{"rendered":"<p>Buscando frear a redu\u00e7\u00e3o do n\u00famero de corais comunit\u00e1rios, o projeto \u201cUm Novo Cantar\u201d, idealizado pela Associa\u00e7\u00e3o de Coros de Teut\u00f4nia (Acote) passar\u00e1 a ser desenvolvido nas escolas do munic\u00edpio. A proposta visa \u00e0 forma\u00e7\u00e3o de jovens cantores por meio de corais nos educand\u00e1rios, buscando incentivar o canto coral entre crian\u00e7as de 7 a 11 [&hellip;]<\/p>\n","protected":false},"author":639,"featured_media":142929,"comment_status":"open","ping_status":"open","sticky":false,"template":"","format":"standard","meta":{"pmpro_default_level":"","_jetpack_memberships_contains_paid_content":false,"footnotes":""},"categories":[10996,2,6],"tags":[553,552,13574],"class_list":{"0":"post-142927","1":"post","2":"type-post","3":"status-publish","4":"format-standard","5":"has-post-thumbnail","7":"category-cultura","8":"category-featured","9":"category-inclusive","10":"tag-canto-coral","11":"tag-corais","12":"tag-projeto-um-novo-cantar","13":"pmpro-has-access"},"yoast_head":"<!-- This site is optimized with the Yoast SEO plugin v27.5 - https:\/\/yoast.com\/product\/yoast-seo-wordpress\/ -->\n<title>Projeto &quot;Um novo cantar&quot; busca incentivar o canto coral entre crian\u00e7as de Teut\u00f4nia - Folha Popular<\/title>\n<meta name=\"robots\" content=\"index, follow, max-snippet:-1, max-image-preview:large, max-video-preview:-1\" \/>\n<link rel=\"canonical\" href=\"https:\/\/folhapopular.info\/index.php\/2023\/11\/06\/projeto-um-novo-cantar-busca-incentivar-o-canto-coral-entre-criancas-de-teutonia\/\" \/>\n<meta property=\"og:locale\" content=\"pt_BR\" \/>\n<meta property=\"og:type\" content=\"article\" \/>\n<meta property=\"og:title\" content=\"Projeto &quot;Um novo cantar&quot; busca incentivar o canto coral entre crian\u00e7as de Teut\u00f4nia - Folha Popular\" \/>\n<meta property=\"og:description\" content=\"Buscando frear a redu\u00e7\u00e3o do n\u00famero de corais comunit\u00e1rios, o projeto \u201cUm Novo Cantar\u201d, idealizado pela Associa\u00e7\u00e3o de Coros de Teut\u00f4nia (Acote) passar\u00e1 a ser desenvolvido nas escolas do munic\u00edpio. A proposta visa \u00e0 forma\u00e7\u00e3o de jovens cantores por meio de corais nos educand\u00e1rios, buscando incentivar o canto coral entre crian\u00e7as de 7 a 11 [&hellip;]\" \/>\n<meta property=\"og:url\" content=\"https:\/\/folhapopular.info\/index.php\/2023\/11\/06\/projeto-um-novo-cantar-busca-incentivar-o-canto-coral-entre-criancas-de-teutonia\/\" \/>\n<meta property=\"og:site_name\" content=\"Folha Popular\" \/>\n<meta property=\"article:published_time\" content=\"2023-11-06T13:37:18+00:00\" \/>\n<meta property=\"article:modified_time\" content=\"2023-11-06T13:37:23+00:00\" \/>\n<meta property=\"og:image\" content=\"http:\/\/folhapopular.info\/wp-content\/uploads\/2023\/11\/Canto-coral_LB-1-e1699277795576.jpeg\" \/>\n\t<meta property=\"og:image:width\" content=\"1024\" \/>\n\t<meta property=\"og:image:height\" content=\"481\" \/>\n\t<meta property=\"og:image:type\" content=\"image\/jpeg\" \/>\n<meta name=\"author\" content=\"Camille Lenz da Silva\" \/>\n<meta name=\"twitter:card\" content=\"summary_large_image\" \/>\n<meta name=\"twitter:label1\" content=\"Escrito por\" \/>\n\t<meta name=\"twitter:data1\" content=\"Camille Lenz da Silva\" \/>\n\t<meta name=\"twitter:label2\" content=\"Est. tempo de leitura\" \/>\n\t<meta name=\"twitter:data2\" content=\"3 minutos\" \/>\n<script type=\"application\/ld+json\" class=\"yoast-schema-graph\">{\"@context\":\"https:\\\/\\\/schema.org\",\"@graph\":[{\"@type\":\"Article\",\"@id\":\"https:\\\/\\\/folhapopular.info\\\/index.php\\\/2023\\\/11\\\/06\\\/projeto-um-novo-cantar-busca-incentivar-o-canto-coral-entre-criancas-de-teutonia\\\/#article\",\"isPartOf\":{\"@id\":\"https:\\\/\\\/folhapopular.info\\\/index.php\\\/2023\\\/11\\\/06\\\/projeto-um-novo-cantar-busca-incentivar-o-canto-coral-entre-criancas-de-teutonia\\\/\"},\"author\":{\"name\":\"Camille Lenz da Silva\",\"@id\":\"https:\\\/\\\/folhapopular.info\\\/#\\\/schema\\\/person\\\/f0b811f932ef2505faf473ffaef49df5\"},\"headline\":\"Projeto &#8220;Um novo cantar&#8221; busca incentivar o canto coral entre crian\u00e7as de Teut\u00f4nia\",\"datePublished\":\"2023-11-06T13:37:18+00:00\",\"dateModified\":\"2023-11-06T13:37:23+00:00\",\"mainEntityOfPage\":{\"@id\":\"https:\\\/\\\/folhapopular.info\\\/index.php\\\/2023\\\/11\\\/06\\\/projeto-um-novo-cantar-busca-incentivar-o-canto-coral-entre-criancas-de-teutonia\\\/\"},\"wordCount\":551,\"commentCount\":0,\"image\":{\"@id\":\"https:\\\/\\\/folhapopular.info\\\/index.php\\\/2023\\\/11\\\/06\\\/projeto-um-novo-cantar-busca-incentivar-o-canto-coral-entre-criancas-de-teutonia\\\/#primaryimage\"},\"thumbnailUrl\":\"https:\\\/\\\/folhapopular.info\\\/wp-content\\\/uploads\\\/2023\\\/11\\\/Canto-coral_LB-1-e1699277795576.jpeg\",\"keywords\":[\"Canto Coral\",\"Corais\",\"Projeto Um Novo Cantar\"],\"articleSection\":[\"Cultura\",\"Destaques\",\"Inclusive\"],\"inLanguage\":\"pt-BR\",\"potentialAction\":[{\"@type\":\"CommentAction\",\"name\":\"Comment\",\"target\":[\"https:\\\/\\\/folhapopular.info\\\/index.php\\\/2023\\\/11\\\/06\\\/projeto-um-novo-cantar-busca-incentivar-o-canto-coral-entre-criancas-de-teutonia\\\/#respond\"]}]},{\"@type\":\"WebPage\",\"@id\":\"https:\\\/\\\/folhapopular.info\\\/index.php\\\/2023\\\/11\\\/06\\\/projeto-um-novo-cantar-busca-incentivar-o-canto-coral-entre-criancas-de-teutonia\\\/\",\"url\":\"https:\\\/\\\/folhapopular.info\\\/index.php\\\/2023\\\/11\\\/06\\\/projeto-um-novo-cantar-busca-incentivar-o-canto-coral-entre-criancas-de-teutonia\\\/\",\"name\":\"Projeto \\\"Um novo cantar\\\" busca incentivar o canto coral entre crian\u00e7as de Teut\u00f4nia - Folha Popular\",\"isPartOf\":{\"@id\":\"https:\\\/\\\/folhapopular.info\\\/#website\"},\"primaryImageOfPage\":{\"@id\":\"https:\\\/\\\/folhapopular.info\\\/index.php\\\/2023\\\/11\\\/06\\\/projeto-um-novo-cantar-busca-incentivar-o-canto-coral-entre-criancas-de-teutonia\\\/#primaryimage\"},\"image\":{\"@id\":\"https:\\\/\\\/folhapopular.info\\\/index.php\\\/2023\\\/11\\\/06\\\/projeto-um-novo-cantar-busca-incentivar-o-canto-coral-entre-criancas-de-teutonia\\\/#primaryimage\"},\"thumbnailUrl\":\"https:\\\/\\\/folhapopular.info\\\/wp-content\\\/uploads\\\/2023\\\/11\\\/Canto-coral_LB-1-e1699277795576.jpeg\",\"datePublished\":\"2023-11-06T13:37:18+00:00\",\"dateModified\":\"2023-11-06T13:37:23+00:00\",\"author\":{\"@id\":\"https:\\\/\\\/folhapopular.info\\\/#\\\/schema\\\/person\\\/f0b811f932ef2505faf473ffaef49df5\"},\"breadcrumb\":{\"@id\":\"https:\\\/\\\/folhapopular.info\\\/index.php\\\/2023\\\/11\\\/06\\\/projeto-um-novo-cantar-busca-incentivar-o-canto-coral-entre-criancas-de-teutonia\\\/#breadcrumb\"},\"inLanguage\":\"pt-BR\",\"potentialAction\":[{\"@type\":\"ReadAction\",\"target\":[\"https:\\\/\\\/folhapopular.info\\\/index.php\\\/2023\\\/11\\\/06\\\/projeto-um-novo-cantar-busca-incentivar-o-canto-coral-entre-criancas-de-teutonia\\\/\"]}]},{\"@type\":\"ImageObject\",\"inLanguage\":\"pt-BR\",\"@id\":\"https:\\\/\\\/folhapopular.info\\\/index.php\\\/2023\\\/11\\\/06\\\/projeto-um-novo-cantar-busca-incentivar-o-canto-coral-entre-criancas-de-teutonia\\\/#primaryimage\",\"url\":\"https:\\\/\\\/folhapopular.info\\\/wp-content\\\/uploads\\\/2023\\\/11\\\/Canto-coral_LB-1-e1699277795576.jpeg\",\"contentUrl\":\"https:\\\/\\\/folhapopular.info\\\/wp-content\\\/uploads\\\/2023\\\/11\\\/Canto-coral_LB-1-e1699277795576.jpeg\",\"width\":1024,\"height\":481,\"caption\":\"Cr\u00e9dito: Luciana Brune\"},{\"@type\":\"BreadcrumbList\",\"@id\":\"https:\\\/\\\/folhapopular.info\\\/index.php\\\/2023\\\/11\\\/06\\\/projeto-um-novo-cantar-busca-incentivar-o-canto-coral-entre-criancas-de-teutonia\\\/#breadcrumb\",\"itemListElement\":[{\"@type\":\"ListItem\",\"position\":1,\"name\":\"In\u00edcio\",\"item\":\"https:\\\/\\\/folhapopular.info\\\/\"},{\"@type\":\"ListItem\",\"position\":2,\"name\":\"Projeto &#8220;Um novo cantar&#8221; busca incentivar o canto coral entre crian\u00e7as de Teut\u00f4nia\"}]},{\"@type\":\"WebSite\",\"@id\":\"https:\\\/\\\/folhapopular.info\\\/#website\",\"url\":\"https:\\\/\\\/folhapopular.info\\\/\",\"name\":\"Folha Popular\",\"description\":\"Onde voc\u00ea tem vez e voz\",\"potentialAction\":[{\"@type\":\"SearchAction\",\"target\":{\"@type\":\"EntryPoint\",\"urlTemplate\":\"https:\\\/\\\/folhapopular.info\\\/?s={search_term_string}\"},\"query-input\":{\"@type\":\"PropertyValueSpecification\",\"valueRequired\":true,\"valueName\":\"search_term_string\"}}],\"inLanguage\":\"pt-BR\"},{\"@type\":\"Person\",\"@id\":\"https:\\\/\\\/folhapopular.info\\\/#\\\/schema\\\/person\\\/f0b811f932ef2505faf473ffaef49df5\",\"name\":\"Camille Lenz da Silva\",\"image\":{\"@type\":\"ImageObject\",\"inLanguage\":\"pt-BR\",\"@id\":\"https:\\\/\\\/secure.gravatar.com\\\/avatar\\\/50be826d73ca259ec0e0a88a407f5de800c576c46cfdc57e50ef28551e216fff?s=96&d=mm&r=g\",\"url\":\"https:\\\/\\\/secure.gravatar.com\\\/avatar\\\/50be826d73ca259ec0e0a88a407f5de800c576c46cfdc57e50ef28551e216fff?s=96&d=mm&r=g\",\"contentUrl\":\"https:\\\/\\\/secure.gravatar.com\\\/avatar\\\/50be826d73ca259ec0e0a88a407f5de800c576c46cfdc57e50ef28551e216fff?s=96&d=mm&r=g\",\"caption\":\"Camille Lenz da Silva\"},\"url\":\"https:\\\/\\\/folhapopular.info\\\/index.php\\\/author\\\/camillelenzgmail-com\\\/\"}]}<\/script>\n<!-- \/ Yoast SEO plugin. -->","yoast_head_json":{"title":"Projeto \"Um novo cantar\" busca incentivar o canto coral entre crian\u00e7as de Teut\u00f4nia - Folha Popular","robots":{"index":"index","follow":"follow","max-snippet":"max-snippet:-1","max-image-preview":"max-image-preview:large","max-video-preview":"max-video-preview:-1"},"canonical":"https:\/\/folhapopular.info\/index.php\/2023\/11\/06\/projeto-um-novo-cantar-busca-incentivar-o-canto-coral-entre-criancas-de-teutonia\/","og_locale":"pt_BR","og_type":"article","og_title":"Projeto \"Um novo cantar\" busca incentivar o canto coral entre crian\u00e7as de Teut\u00f4nia - Folha Popular","og_description":"Buscando frear a redu\u00e7\u00e3o do n\u00famero de corais comunit\u00e1rios, o projeto \u201cUm Novo Cantar\u201d, idealizado pela Associa\u00e7\u00e3o de Coros de Teut\u00f4nia (Acote) passar\u00e1 a ser desenvolvido nas escolas do munic\u00edpio. A proposta visa \u00e0 forma\u00e7\u00e3o de jovens cantores por meio de corais nos educand\u00e1rios, buscando incentivar o canto coral entre crian\u00e7as de 7 a 11 [&hellip;]","og_url":"https:\/\/folhapopular.info\/index.php\/2023\/11\/06\/projeto-um-novo-cantar-busca-incentivar-o-canto-coral-entre-criancas-de-teutonia\/","og_site_name":"Folha Popular","article_published_time":"2023-11-06T13:37:18+00:00","article_modified_time":"2023-11-06T13:37:23+00:00","og_image":[{"width":1024,"height":481,"url":"http:\/\/folhapopular.info\/wp-content\/uploads\/2023\/11\/Canto-coral_LB-1-e1699277795576.jpeg","type":"image\/jpeg"}],"author":"Camille Lenz da Silva","twitter_card":"summary_large_image","twitter_misc":{"Escrito por":"Camille Lenz da Silva","Est. tempo de leitura":"3 minutos"},"schema":{"@context":"https:\/\/schema.org","@graph":[{"@type":"Article","@id":"https:\/\/folhapopular.info\/index.php\/2023\/11\/06\/projeto-um-novo-cantar-busca-incentivar-o-canto-coral-entre-criancas-de-teutonia\/#article","isPartOf":{"@id":"https:\/\/folhapopular.info\/index.php\/2023\/11\/06\/projeto-um-novo-cantar-busca-incentivar-o-canto-coral-entre-criancas-de-teutonia\/"},"author":{"name":"Camille Lenz da Silva","@id":"https:\/\/folhapopular.info\/#\/schema\/person\/f0b811f932ef2505faf473ffaef49df5"},"headline":"Projeto &#8220;Um novo cantar&#8221; busca incentivar o canto coral entre crian\u00e7as de Teut\u00f4nia","datePublished":"2023-11-06T13:37:18+00:00","dateModified":"2023-11-06T13:37:23+00:00","mainEntityOfPage":{"@id":"https:\/\/folhapopular.info\/index.php\/2023\/11\/06\/projeto-um-novo-cantar-busca-incentivar-o-canto-coral-entre-criancas-de-teutonia\/"},"wordCount":551,"commentCount":0,"image":{"@id":"https:\/\/folhapopular.info\/index.php\/2023\/11\/06\/projeto-um-novo-cantar-busca-incentivar-o-canto-coral-entre-criancas-de-teutonia\/#primaryimage"},"thumbnailUrl":"https:\/\/folhapopular.info\/wp-content\/uploads\/2023\/11\/Canto-coral_LB-1-e1699277795576.jpeg","keywords":["Canto Coral","Corais","Projeto Um Novo Cantar"],"articleSection":["Cultura","Destaques","Inclusive"],"inLanguage":"pt-BR","potentialAction":[{"@type":"CommentAction","name":"Comment","target":["https:\/\/folhapopular.info\/index.php\/2023\/11\/06\/projeto-um-novo-cantar-busca-incentivar-o-canto-coral-entre-criancas-de-teutonia\/#respond"]}]},{"@type":"WebPage","@id":"https:\/\/folhapopular.info\/index.php\/2023\/11\/06\/projeto-um-novo-cantar-busca-incentivar-o-canto-coral-entre-criancas-de-teutonia\/","url":"https:\/\/folhapopular.info\/index.php\/2023\/11\/06\/projeto-um-novo-cantar-busca-incentivar-o-canto-coral-entre-criancas-de-teutonia\/","name":"Projeto \"Um novo cantar\" busca incentivar o canto coral entre crian\u00e7as de Teut\u00f4nia - Folha Popular","isPartOf":{"@id":"https:\/\/folhapopular.info\/#website"},"primaryImageOfPage":{"@id":"https:\/\/folhapopular.info\/index.php\/2023\/11\/06\/projeto-um-novo-cantar-busca-incentivar-o-canto-coral-entre-criancas-de-teutonia\/#primaryimage"},"image":{"@id":"https:\/\/folhapopular.info\/index.php\/2023\/11\/06\/projeto-um-novo-cantar-busca-incentivar-o-canto-coral-entre-criancas-de-teutonia\/#primaryimage"},"thumbnailUrl":"https:\/\/folhapopular.info\/wp-content\/uploads\/2023\/11\/Canto-coral_LB-1-e1699277795576.jpeg","datePublished":"2023-11-06T13:37:18+00:00","dateModified":"2023-11-06T13:37:23+00:00","author":{"@id":"https:\/\/folhapopular.info\/#\/schema\/person\/f0b811f932ef2505faf473ffaef49df5"},"breadcrumb":{"@id":"https:\/\/folhapopular.info\/index.php\/2023\/11\/06\/projeto-um-novo-cantar-busca-incentivar-o-canto-coral-entre-criancas-de-teutonia\/#breadcrumb"},"inLanguage":"pt-BR","potentialAction":[{"@type":"ReadAction","target":["https:\/\/folhapopular.info\/index.php\/2023\/11\/06\/projeto-um-novo-cantar-busca-incentivar-o-canto-coral-entre-criancas-de-teutonia\/"]}]},{"@type":"ImageObject","inLanguage":"pt-BR","@id":"https:\/\/folhapopular.info\/index.php\/2023\/11\/06\/projeto-um-novo-cantar-busca-incentivar-o-canto-coral-entre-criancas-de-teutonia\/#primaryimage","url":"https:\/\/folhapopular.info\/wp-content\/uploads\/2023\/11\/Canto-coral_LB-1-e1699277795576.jpeg","contentUrl":"https:\/\/folhapopular.info\/wp-content\/uploads\/2023\/11\/Canto-coral_LB-1-e1699277795576.jpeg","width":1024,"height":481,"caption":"Cr\u00e9dito: Luciana Brune"},{"@type":"BreadcrumbList","@id":"https:\/\/folhapopular.info\/index.php\/2023\/11\/06\/projeto-um-novo-cantar-busca-incentivar-o-canto-coral-entre-criancas-de-teutonia\/#breadcrumb","itemListElement":[{"@type":"ListItem","position":1,"name":"In\u00edcio","item":"https:\/\/folhapopular.info\/"},{"@type":"ListItem","position":2,"name":"Projeto &#8220;Um novo cantar&#8221; busca incentivar o canto coral entre crian\u00e7as de Teut\u00f4nia"}]},{"@type":"WebSite","@id":"https:\/\/folhapopular.info\/#website","url":"https:\/\/folhapopular.info\/","name":"Folha Popular","description":"Onde voc\u00ea tem vez e voz","potentialAction":[{"@type":"SearchAction","target":{"@type":"EntryPoint","urlTemplate":"https:\/\/folhapopular.info\/?s={search_term_string}"},"query-input":{"@type":"PropertyValueSpecification","valueRequired":true,"valueName":"search_term_string"}}],"inLanguage":"pt-BR"},{"@type":"Person","@id":"https:\/\/folhapopular.info\/#\/schema\/person\/f0b811f932ef2505faf473ffaef49df5","name":"Camille Lenz da Silva","image":{"@type":"ImageObject","inLanguage":"pt-BR","@id":"https:\/\/secure.gravatar.com\/avatar\/50be826d73ca259ec0e0a88a407f5de800c576c46cfdc57e50ef28551e216fff?s=96&d=mm&r=g","url":"https:\/\/secure.gravatar.com\/avatar\/50be826d73ca259ec0e0a88a407f5de800c576c46cfdc57e50ef28551e216fff?s=96&d=mm&r=g","contentUrl":"https:\/\/secure.gravatar.com\/avatar\/50be826d73ca259ec0e0a88a407f5de800c576c46cfdc57e50ef28551e216fff?s=96&d=mm&r=g","caption":"Camille Lenz da Silva"},"url":"https:\/\/folhapopular.info\/index.php\/author\/camillelenzgmail-com\/"}]}},"jetpack_featured_media_url":"https:\/\/folhapopular.info\/wp-content\/uploads\/2023\/11\/Canto-coral_LB-1-e1699277795576.jpeg","jetpack_sharing_enabled":true,"amp_enabled":true,"_links":{"self":[{"href":"https:\/\/folhapopular.info\/index.php\/wp-json\/wp\/v2\/posts\/142927","targetHints":{"allow":["GET"]}}],"collection":[{"href":"https:\/\/folhapopular.info\/index.php\/wp-json\/wp\/v2\/posts"}],"about":[{"href":"https:\/\/folhapopular.info\/index.php\/wp-json\/wp\/v2\/types\/post"}],"author":[{"embeddable":true,"href":"https:\/\/folhapopular.info\/index.php\/wp-json\/wp\/v2\/users\/639"}],"replies":[{"embeddable":true,"href":"https:\/\/folhapopular.info\/index.php\/wp-json\/wp\/v2\/comments?post=142927"}],"version-history":[{"count":0,"href":"https:\/\/folhapopular.info\/index.php\/wp-json\/wp\/v2\/posts\/142927\/revisions"}],"wp:featuredmedia":[{"embeddable":true,"href":"https:\/\/folhapopular.info\/index.php\/wp-json\/wp\/v2\/media\/142929"}],"wp:attachment":[{"href":"https:\/\/folhapopular.info\/index.php\/wp-json\/wp\/v2\/media?parent=142927"}],"wp:term":[{"taxonomy":"category","embeddable":true,"href":"https:\/\/folhapopular.info\/index.php\/wp-json\/wp\/v2\/categories?post=142927"},{"taxonomy":"post_tag","embeddable":true,"href":"https:\/\/folhapopular.info\/index.php\/wp-json\/wp\/v2\/tags?post=142927"}],"curies":[{"name":"wp","href":"https:\/\/api.w.org\/{rel}","templated":true}]}}