{"id":142943,"date":"2023-11-06T14:05:55","date_gmt":"2023-11-06T17:05:55","guid":{"rendered":"https:\/\/folhapopular.info\/?p=142943"},"modified":"2023-11-07T15:42:03","modified_gmt":"2023-11-07T18:42:03","slug":"pais-suspeitam-de-irregularidades-na-merenda-e-exigem-respostas-da-prefeitura-de-colinas","status":"publish","type":"post","link":"https:\/\/folhapopular.info\/index.php\/2023\/11\/06\/pais-suspeitam-de-irregularidades-na-merenda-e-exigem-respostas-da-prefeitura-de-colinas\/","title":{"rendered":"Pais suspeitam de irregularidades na merenda e exigem respostas da Prefeitura de Colinas"},"content":{"rendered":"\n<p>No dia 9 de outubro, um grupo de pais de alunos da Emef Ipiranga, de Colinas, encaminhou den\u00fancia ao Minist\u00e9rio P\u00fablico devido \u00e0 qualidade da merenda escolar oferecida. Segundo eles, fotos tiradas no educand\u00e1rio d\u00e3o conta de p\u00e3es mofados, alimentos embutidos, frutas batidas e higiene impr\u00f3pria dos materiais utilizados para servir os alimentos.<\/p>\n\n\n\n<p>M\u00e3e de duas crian\u00e7as que estudam na escola, Elisa Morete afirma que seus filhos e de outras m\u00e3es come\u00e7aram a relatar sobre os alimentos diferentes e repetidos ofertados na escola. \u201cAno passado a minha menina baixou duas vezes no hospital devido a uma intoxica\u00e7\u00e3o alimentar. Na \u00e9poca a gente n\u00e3o deu bola, mas naquele dia me chamou a aten\u00e7\u00e3o porque outras seis crian\u00e7as da turma dela tamb\u00e9m estiveram no hospital. O pr\u00f3prio m\u00e9dico falou que poderia ser fruto de uma intoxica\u00e7\u00e3o alimentar, n\u00e3o de uma virose. Ficou por isso, mas agora v\u00e1rias m\u00e3es receberam fotos e relatos e come\u00e7amos a investigar\u201d, diz.<\/p>\n\n\n\n<p>A m\u00e3e comenta que entrou em contato com representantes da Associa\u00e7\u00e3o de Pais e Mestres, que segundo ela, tentaram \u201cabafar a situa\u00e7\u00e3o\u201d. \u201cEnt\u00e3o os pais t\u00eam que tomar atitude, \u00e9 um assunto que diz respeito \u00e0 Secretaria de Educa\u00e7\u00e3o e \u00e0 Sa\u00fade P\u00fablica\u201d, disse outra m\u00e3e.<\/p>\n\n\n\n<p>Elisa ressalta ter ido conversar com o secret\u00e1rio de Educa\u00e7\u00e3o, Edelbert Jasper, que teria informado a abertura de uma investiga\u00e7\u00e3o. Ela aponta que, anteriormente, uma den\u00fancia j\u00e1 havia sido feita na Ouvidoria do Munic\u00edpio, que n\u00e3o retornou. Da mesma forma, sem respostas por parte do Minist\u00e9rio P\u00fablico. \u201cMas queremos atitude imediata para evitar que nossos filhos fiquem doentes\u201d, enfatizou.<\/p>\n\n\n\n<p>Ela compartilha que as fam\u00edlias n\u00e3o t\u00eam acesso ao local onde s\u00e3o preparados os alimentos, e acredita que a nutricionista e as cozinheiras n\u00e3o d\u00e3o a devida aten\u00e7\u00e3o ao card\u00e1pio institu\u00eddo, oferecendo alimentos inapropriados para crian\u00e7as com restri\u00e7\u00f5es alimentares, por exemplo. \u201cO armazenamento e transporte dos alimentos tamb\u00e9m deixam a desejar. Tenho outro filho na creche do munic\u00edpio, que recebe a mesma comida, mas l\u00e1 h\u00e1 outra equipe e as crian\u00e7as amam a comida. Ent\u00e3o assim, est\u00e1 faltando capricho e a fiscaliza\u00e7\u00e3o da pr\u00f3pria Prefeitura\u201d, concluiu.<\/p>\n\n\n\n<h2 class=\"wp-block-heading\">Outro lado<\/h2>\n\n\n\n<p>Questionado sobre a situa\u00e7\u00e3o, o prefeito Sandro Herrmann citou que foi aberto um Processo Administrativo Disciplinar (PAD) para averiguar as situa\u00e7\u00f5es referidas na escola. \u201cEu n\u00e3o posso culpar ningu\u00e9m sem o resultado do PAD, que pode levar at\u00e9 tr\u00eas meses para ser conclu\u00eddo\u201d. Enquanto os resultados n\u00e3o saem, apontou a\u00e7\u00f5es imediatas. Segundo Herrmann, na quarta-feira (1\u00ba\/11), mais uma nutricionista, especializada em alimenta\u00e7\u00e3o escolar, iniciou no educand\u00e1rio. Ainda, no pr\u00f3ximo concurso haver\u00e1 vaga de merendeira (fun\u00e7\u00e3o que n\u00e3o existe mais em diversos munic\u00edpios), cargo que possui mais exig\u00eancias.<\/p>\n\n\n\n<p>Ele concordou que os alimentos s\u00e3o sim levados de um refeit\u00f3rio para o outro em um carrinho de m\u00e3o, mas em caixas fechadas, e disse que uma equipe de engenharia ser\u00e1 contratada para estudar a amplia\u00e7\u00e3o do local. \u201cNa \u00e9poca em que foi constru\u00eddo, o educand\u00e1rio n\u00e3o foi pensado para tantos alunos, e por isso temos esse problema de log\u00edstica\u201d, afirmou. Tamb\u00e9m citou que todas as funcion\u00e1rias est\u00e3o fazendo ou completaram o curso de boas pr\u00e1ticas, e que a escola possui alvar\u00e1 sanit\u00e1rio em dia proferido pela Vigil\u00e2ncia do Munic\u00edpio.<\/p>\n\n\n\n<p>Reiterou que as frutas batidas que aparecem nas fotos n\u00e3o s\u00e3o oferecidas para as crian\u00e7as: \u201c\u00c9 feita a classifica\u00e7\u00e3o e elas s\u00e3o reencaminhadas aos fornecedores. O maior problema foi a quest\u00e3o do p\u00e3o, que \u00e9 integral e vem de agricultura familiar. \u00c9 natural que ocorra alguma situa\u00e7\u00e3o como o mofo, pois n\u00e3o s\u00e3o processados, mas as monitoras perceberam e n\u00e3o ofertaram o alimento \u00e0s crian\u00e7as. O p\u00e3o foi enviado para o Laborat\u00f3rio da Univates, com resultado inconclusivo para contamina\u00e7\u00e3o\u201d, afirmou. <\/p>\n\n\n\n<p>Quanto aos embutidos, afirmou que s\u00e3o permitidos uma vez por m\u00eas, e n\u00e3o ultrapassaram em quantidade na oportunidade em que foram servidos. Sobre alimentos para intolerantes, sinalizou que a escola possui equipamentos em separado para que n\u00e3o haja contamina\u00e7\u00e3o nas refei\u00e7\u00f5es. \u201cN\u00e3o consigo acreditar, porque temos todos os card\u00e1pios individualizados. Algumas dessas fotos parecem manipuladas com meias verdades\u201d, comentou.<\/p>\n","protected":false},"excerpt":{"rendered":"<p>No dia 9 de outubro, um grupo de pais de alunos da Emef Ipiranga, de Colinas, encaminhou den\u00fancia ao Minist\u00e9rio P\u00fablico devido \u00e0 qualidade da merenda escolar oferecida. Segundo eles, fotos tiradas no educand\u00e1rio d\u00e3o conta de p\u00e3es mofados, alimentos embutidos, frutas batidas e higiene impr\u00f3pria dos materiais utilizados para servir os alimentos. M\u00e3e de [&hellip;]<\/p>\n","protected":false},"author":639,"featured_media":142946,"comment_status":"open","ping_status":"open","sticky":false,"template":"","format":"standard","meta":{"pmpro_default_level":"","_jetpack_memberships_contains_paid_content":false,"footnotes":""},"categories":[2,10988,3],"tags":[408,13576],"class_list":{"0":"post-142943","1":"post","2":"type-post","3":"status-publish","4":"format-standard","5":"has-post-thumbnail","7":"category-featured","8":"category-educacao","9":"category-geral","10":"tag-emef-ipiranga","11":"tag-prefeitura-de-colinas","12":"pmpro-has-access"},"yoast_head":"<!-- This site is optimized with the Yoast SEO plugin v27.5 - https:\/\/yoast.com\/product\/yoast-seo-wordpress\/ -->\n<title>Pais suspeitam de irregularidades na merenda e exigem respostas da Prefeitura de Colinas - Folha Popular<\/title>\n<meta name=\"robots\" content=\"index, follow, max-snippet:-1, max-image-preview:large, max-video-preview:-1\" \/>\n<link rel=\"canonical\" href=\"https:\/\/folhapopular.info\/index.php\/2023\/11\/06\/pais-suspeitam-de-irregularidades-na-merenda-e-exigem-respostas-da-prefeitura-de-colinas\/\" \/>\n<meta property=\"og:locale\" content=\"pt_BR\" \/>\n<meta property=\"og:type\" content=\"article\" \/>\n<meta property=\"og:title\" content=\"Pais suspeitam de irregularidades na merenda e exigem respostas da Prefeitura de Colinas - Folha Popular\" \/>\n<meta property=\"og:description\" content=\"No dia 9 de outubro, um grupo de pais de alunos da Emef Ipiranga, de Colinas, encaminhou den\u00fancia ao Minist\u00e9rio P\u00fablico devido \u00e0 qualidade da merenda escolar oferecida. Segundo eles, fotos tiradas no educand\u00e1rio d\u00e3o conta de p\u00e3es mofados, alimentos embutidos, frutas batidas e higiene impr\u00f3pria dos materiais utilizados para servir os alimentos. M\u00e3e de [&hellip;]\" \/>\n<meta property=\"og:url\" content=\"https:\/\/folhapopular.info\/index.php\/2023\/11\/06\/pais-suspeitam-de-irregularidades-na-merenda-e-exigem-respostas-da-prefeitura-de-colinas\/\" \/>\n<meta property=\"og:site_name\" content=\"Folha Popular\" \/>\n<meta property=\"article:published_time\" content=\"2023-11-06T17:05:55+00:00\" \/>\n<meta property=\"article:modified_time\" content=\"2023-11-07T18:42:03+00:00\" \/>\n<meta property=\"og:image\" content=\"http:\/\/folhapopular.info\/wp-content\/uploads\/2023\/11\/IMG_9111.jpeg\" \/>\n\t<meta property=\"og:image:width\" content=\"2048\" \/>\n\t<meta property=\"og:image:height\" content=\"1536\" \/>\n\t<meta property=\"og:image:type\" content=\"image\/jpeg\" \/>\n<meta name=\"author\" content=\"Camille Lenz da Silva\" \/>\n<meta name=\"twitter:card\" content=\"summary_large_image\" \/>\n<meta name=\"twitter:label1\" content=\"Escrito por\" \/>\n\t<meta name=\"twitter:data1\" content=\"Camille Lenz da Silva\" \/>\n\t<meta name=\"twitter:label2\" content=\"Est. tempo de leitura\" \/>\n\t<meta name=\"twitter:data2\" content=\"4 minutos\" \/>\n<script type=\"application\/ld+json\" class=\"yoast-schema-graph\">{\"@context\":\"https:\\\/\\\/schema.org\",\"@graph\":[{\"@type\":\"Article\",\"@id\":\"https:\\\/\\\/folhapopular.info\\\/index.php\\\/2023\\\/11\\\/06\\\/pais-suspeitam-de-irregularidades-na-merenda-e-exigem-respostas-da-prefeitura-de-colinas\\\/#article\",\"isPartOf\":{\"@id\":\"https:\\\/\\\/folhapopular.info\\\/index.php\\\/2023\\\/11\\\/06\\\/pais-suspeitam-de-irregularidades-na-merenda-e-exigem-respostas-da-prefeitura-de-colinas\\\/\"},\"author\":{\"name\":\"Camille Lenz da Silva\",\"@id\":\"https:\\\/\\\/folhapopular.info\\\/#\\\/schema\\\/person\\\/f0b811f932ef2505faf473ffaef49df5\"},\"headline\":\"Pais suspeitam de irregularidades na merenda e exigem respostas da Prefeitura de Colinas\",\"datePublished\":\"2023-11-06T17:05:55+00:00\",\"dateModified\":\"2023-11-07T18:42:03+00:00\",\"mainEntityOfPage\":{\"@id\":\"https:\\\/\\\/folhapopular.info\\\/index.php\\\/2023\\\/11\\\/06\\\/pais-suspeitam-de-irregularidades-na-merenda-e-exigem-respostas-da-prefeitura-de-colinas\\\/\"},\"wordCount\":778,\"commentCount\":0,\"image\":{\"@id\":\"https:\\\/\\\/folhapopular.info\\\/index.php\\\/2023\\\/11\\\/06\\\/pais-suspeitam-de-irregularidades-na-merenda-e-exigem-respostas-da-prefeitura-de-colinas\\\/#primaryimage\"},\"thumbnailUrl\":\"https:\\\/\\\/folhapopular.info\\\/wp-content\\\/uploads\\\/2023\\\/11\\\/IMG_9111.jpeg\",\"keywords\":[\"EMEF Ipiranga\",\"Prefeitura de Colinas\"],\"articleSection\":[\"Destaques\",\"Educa\u00e7\u00e3o\",\"Geral\"],\"inLanguage\":\"pt-BR\",\"potentialAction\":[{\"@type\":\"CommentAction\",\"name\":\"Comment\",\"target\":[\"https:\\\/\\\/folhapopular.info\\\/index.php\\\/2023\\\/11\\\/06\\\/pais-suspeitam-de-irregularidades-na-merenda-e-exigem-respostas-da-prefeitura-de-colinas\\\/#respond\"]}]},{\"@type\":\"WebPage\",\"@id\":\"https:\\\/\\\/folhapopular.info\\\/index.php\\\/2023\\\/11\\\/06\\\/pais-suspeitam-de-irregularidades-na-merenda-e-exigem-respostas-da-prefeitura-de-colinas\\\/\",\"url\":\"https:\\\/\\\/folhapopular.info\\\/index.php\\\/2023\\\/11\\\/06\\\/pais-suspeitam-de-irregularidades-na-merenda-e-exigem-respostas-da-prefeitura-de-colinas\\\/\",\"name\":\"Pais suspeitam de irregularidades na merenda e exigem respostas da Prefeitura de Colinas - Folha Popular\",\"isPartOf\":{\"@id\":\"https:\\\/\\\/folhapopular.info\\\/#website\"},\"primaryImageOfPage\":{\"@id\":\"https:\\\/\\\/folhapopular.info\\\/index.php\\\/2023\\\/11\\\/06\\\/pais-suspeitam-de-irregularidades-na-merenda-e-exigem-respostas-da-prefeitura-de-colinas\\\/#primaryimage\"},\"image\":{\"@id\":\"https:\\\/\\\/folhapopular.info\\\/index.php\\\/2023\\\/11\\\/06\\\/pais-suspeitam-de-irregularidades-na-merenda-e-exigem-respostas-da-prefeitura-de-colinas\\\/#primaryimage\"},\"thumbnailUrl\":\"https:\\\/\\\/folhapopular.info\\\/wp-content\\\/uploads\\\/2023\\\/11\\\/IMG_9111.jpeg\",\"datePublished\":\"2023-11-06T17:05:55+00:00\",\"dateModified\":\"2023-11-07T18:42:03+00:00\",\"author\":{\"@id\":\"https:\\\/\\\/folhapopular.info\\\/#\\\/schema\\\/person\\\/f0b811f932ef2505faf473ffaef49df5\"},\"breadcrumb\":{\"@id\":\"https:\\\/\\\/folhapopular.info\\\/index.php\\\/2023\\\/11\\\/06\\\/pais-suspeitam-de-irregularidades-na-merenda-e-exigem-respostas-da-prefeitura-de-colinas\\\/#breadcrumb\"},\"inLanguage\":\"pt-BR\",\"potentialAction\":[{\"@type\":\"ReadAction\",\"target\":[\"https:\\\/\\\/folhapopular.info\\\/index.php\\\/2023\\\/11\\\/06\\\/pais-suspeitam-de-irregularidades-na-merenda-e-exigem-respostas-da-prefeitura-de-colinas\\\/\"]}]},{\"@type\":\"ImageObject\",\"inLanguage\":\"pt-BR\",\"@id\":\"https:\\\/\\\/folhapopular.info\\\/index.php\\\/2023\\\/11\\\/06\\\/pais-suspeitam-de-irregularidades-na-merenda-e-exigem-respostas-da-prefeitura-de-colinas\\\/#primaryimage\",\"url\":\"https:\\\/\\\/folhapopular.info\\\/wp-content\\\/uploads\\\/2023\\\/11\\\/IMG_9111.jpeg\",\"contentUrl\":\"https:\\\/\\\/folhapopular.info\\\/wp-content\\\/uploads\\\/2023\\\/11\\\/IMG_9111.jpeg\",\"width\":2048,\"height\":1536,\"caption\":\"Cr\u00e9dito: Camille Lenz da Silva\"},{\"@type\":\"BreadcrumbList\",\"@id\":\"https:\\\/\\\/folhapopular.info\\\/index.php\\\/2023\\\/11\\\/06\\\/pais-suspeitam-de-irregularidades-na-merenda-e-exigem-respostas-da-prefeitura-de-colinas\\\/#breadcrumb\",\"itemListElement\":[{\"@type\":\"ListItem\",\"position\":1,\"name\":\"In\u00edcio\",\"item\":\"https:\\\/\\\/folhapopular.info\\\/\"},{\"@type\":\"ListItem\",\"position\":2,\"name\":\"Pais suspeitam de irregularidades na merenda e exigem respostas da Prefeitura de Colinas\"}]},{\"@type\":\"WebSite\",\"@id\":\"https:\\\/\\\/folhapopular.info\\\/#website\",\"url\":\"https:\\\/\\\/folhapopular.info\\\/\",\"name\":\"Folha Popular\",\"description\":\"Onde voc\u00ea tem vez e voz\",\"potentialAction\":[{\"@type\":\"SearchAction\",\"target\":{\"@type\":\"EntryPoint\",\"urlTemplate\":\"https:\\\/\\\/folhapopular.info\\\/?s={search_term_string}\"},\"query-input\":{\"@type\":\"PropertyValueSpecification\",\"valueRequired\":true,\"valueName\":\"search_term_string\"}}],\"inLanguage\":\"pt-BR\"},{\"@type\":\"Person\",\"@id\":\"https:\\\/\\\/folhapopular.info\\\/#\\\/schema\\\/person\\\/f0b811f932ef2505faf473ffaef49df5\",\"name\":\"Camille Lenz da Silva\",\"image\":{\"@type\":\"ImageObject\",\"inLanguage\":\"pt-BR\",\"@id\":\"https:\\\/\\\/secure.gravatar.com\\\/avatar\\\/50be826d73ca259ec0e0a88a407f5de800c576c46cfdc57e50ef28551e216fff?s=96&d=mm&r=g\",\"url\":\"https:\\\/\\\/secure.gravatar.com\\\/avatar\\\/50be826d73ca259ec0e0a88a407f5de800c576c46cfdc57e50ef28551e216fff?s=96&d=mm&r=g\",\"contentUrl\":\"https:\\\/\\\/secure.gravatar.com\\\/avatar\\\/50be826d73ca259ec0e0a88a407f5de800c576c46cfdc57e50ef28551e216fff?s=96&d=mm&r=g\",\"caption\":\"Camille Lenz da Silva\"},\"url\":\"https:\\\/\\\/folhapopular.info\\\/index.php\\\/author\\\/camillelenzgmail-com\\\/\"}]}<\/script>\n<!-- \/ Yoast SEO plugin. -->","yoast_head_json":{"title":"Pais suspeitam de irregularidades na merenda e exigem respostas da Prefeitura de Colinas - Folha Popular","robots":{"index":"index","follow":"follow","max-snippet":"max-snippet:-1","max-image-preview":"max-image-preview:large","max-video-preview":"max-video-preview:-1"},"canonical":"https:\/\/folhapopular.info\/index.php\/2023\/11\/06\/pais-suspeitam-de-irregularidades-na-merenda-e-exigem-respostas-da-prefeitura-de-colinas\/","og_locale":"pt_BR","og_type":"article","og_title":"Pais suspeitam de irregularidades na merenda e exigem respostas da Prefeitura de Colinas - Folha Popular","og_description":"No dia 9 de outubro, um grupo de pais de alunos da Emef Ipiranga, de Colinas, encaminhou den\u00fancia ao Minist\u00e9rio P\u00fablico devido \u00e0 qualidade da merenda escolar oferecida. Segundo eles, fotos tiradas no educand\u00e1rio d\u00e3o conta de p\u00e3es mofados, alimentos embutidos, frutas batidas e higiene impr\u00f3pria dos materiais utilizados para servir os alimentos. M\u00e3e de [&hellip;]","og_url":"https:\/\/folhapopular.info\/index.php\/2023\/11\/06\/pais-suspeitam-de-irregularidades-na-merenda-e-exigem-respostas-da-prefeitura-de-colinas\/","og_site_name":"Folha Popular","article_published_time":"2023-11-06T17:05:55+00:00","article_modified_time":"2023-11-07T18:42:03+00:00","og_image":[{"width":2048,"height":1536,"url":"http:\/\/folhapopular.info\/wp-content\/uploads\/2023\/11\/IMG_9111.jpeg","type":"image\/jpeg"}],"author":"Camille Lenz da Silva","twitter_card":"summary_large_image","twitter_misc":{"Escrito por":"Camille Lenz da Silva","Est. tempo de leitura":"4 minutos"},"schema":{"@context":"https:\/\/schema.org","@graph":[{"@type":"Article","@id":"https:\/\/folhapopular.info\/index.php\/2023\/11\/06\/pais-suspeitam-de-irregularidades-na-merenda-e-exigem-respostas-da-prefeitura-de-colinas\/#article","isPartOf":{"@id":"https:\/\/folhapopular.info\/index.php\/2023\/11\/06\/pais-suspeitam-de-irregularidades-na-merenda-e-exigem-respostas-da-prefeitura-de-colinas\/"},"author":{"name":"Camille Lenz da Silva","@id":"https:\/\/folhapopular.info\/#\/schema\/person\/f0b811f932ef2505faf473ffaef49df5"},"headline":"Pais suspeitam de irregularidades na merenda e exigem respostas da Prefeitura de Colinas","datePublished":"2023-11-06T17:05:55+00:00","dateModified":"2023-11-07T18:42:03+00:00","mainEntityOfPage":{"@id":"https:\/\/folhapopular.info\/index.php\/2023\/11\/06\/pais-suspeitam-de-irregularidades-na-merenda-e-exigem-respostas-da-prefeitura-de-colinas\/"},"wordCount":778,"commentCount":0,"image":{"@id":"https:\/\/folhapopular.info\/index.php\/2023\/11\/06\/pais-suspeitam-de-irregularidades-na-merenda-e-exigem-respostas-da-prefeitura-de-colinas\/#primaryimage"},"thumbnailUrl":"https:\/\/folhapopular.info\/wp-content\/uploads\/2023\/11\/IMG_9111.jpeg","keywords":["EMEF Ipiranga","Prefeitura de Colinas"],"articleSection":["Destaques","Educa\u00e7\u00e3o","Geral"],"inLanguage":"pt-BR","potentialAction":[{"@type":"CommentAction","name":"Comment","target":["https:\/\/folhapopular.info\/index.php\/2023\/11\/06\/pais-suspeitam-de-irregularidades-na-merenda-e-exigem-respostas-da-prefeitura-de-colinas\/#respond"]}]},{"@type":"WebPage","@id":"https:\/\/folhapopular.info\/index.php\/2023\/11\/06\/pais-suspeitam-de-irregularidades-na-merenda-e-exigem-respostas-da-prefeitura-de-colinas\/","url":"https:\/\/folhapopular.info\/index.php\/2023\/11\/06\/pais-suspeitam-de-irregularidades-na-merenda-e-exigem-respostas-da-prefeitura-de-colinas\/","name":"Pais suspeitam de irregularidades na merenda e exigem respostas da Prefeitura de Colinas - Folha Popular","isPartOf":{"@id":"https:\/\/folhapopular.info\/#website"},"primaryImageOfPage":{"@id":"https:\/\/folhapopular.info\/index.php\/2023\/11\/06\/pais-suspeitam-de-irregularidades-na-merenda-e-exigem-respostas-da-prefeitura-de-colinas\/#primaryimage"},"image":{"@id":"https:\/\/folhapopular.info\/index.php\/2023\/11\/06\/pais-suspeitam-de-irregularidades-na-merenda-e-exigem-respostas-da-prefeitura-de-colinas\/#primaryimage"},"thumbnailUrl":"https:\/\/folhapopular.info\/wp-content\/uploads\/2023\/11\/IMG_9111.jpeg","datePublished":"2023-11-06T17:05:55+00:00","dateModified":"2023-11-07T18:42:03+00:00","author":{"@id":"https:\/\/folhapopular.info\/#\/schema\/person\/f0b811f932ef2505faf473ffaef49df5"},"breadcrumb":{"@id":"https:\/\/folhapopular.info\/index.php\/2023\/11\/06\/pais-suspeitam-de-irregularidades-na-merenda-e-exigem-respostas-da-prefeitura-de-colinas\/#breadcrumb"},"inLanguage":"pt-BR","potentialAction":[{"@type":"ReadAction","target":["https:\/\/folhapopular.info\/index.php\/2023\/11\/06\/pais-suspeitam-de-irregularidades-na-merenda-e-exigem-respostas-da-prefeitura-de-colinas\/"]}]},{"@type":"ImageObject","inLanguage":"pt-BR","@id":"https:\/\/folhapopular.info\/index.php\/2023\/11\/06\/pais-suspeitam-de-irregularidades-na-merenda-e-exigem-respostas-da-prefeitura-de-colinas\/#primaryimage","url":"https:\/\/folhapopular.info\/wp-content\/uploads\/2023\/11\/IMG_9111.jpeg","contentUrl":"https:\/\/folhapopular.info\/wp-content\/uploads\/2023\/11\/IMG_9111.jpeg","width":2048,"height":1536,"caption":"Cr\u00e9dito: Camille Lenz da Silva"},{"@type":"BreadcrumbList","@id":"https:\/\/folhapopular.info\/index.php\/2023\/11\/06\/pais-suspeitam-de-irregularidades-na-merenda-e-exigem-respostas-da-prefeitura-de-colinas\/#breadcrumb","itemListElement":[{"@type":"ListItem","position":1,"name":"In\u00edcio","item":"https:\/\/folhapopular.info\/"},{"@type":"ListItem","position":2,"name":"Pais suspeitam de irregularidades na merenda e exigem respostas da Prefeitura de Colinas"}]},{"@type":"WebSite","@id":"https:\/\/folhapopular.info\/#website","url":"https:\/\/folhapopular.info\/","name":"Folha Popular","description":"Onde voc\u00ea tem vez e voz","potentialAction":[{"@type":"SearchAction","target":{"@type":"EntryPoint","urlTemplate":"https:\/\/folhapopular.info\/?s={search_term_string}"},"query-input":{"@type":"PropertyValueSpecification","valueRequired":true,"valueName":"search_term_string"}}],"inLanguage":"pt-BR"},{"@type":"Person","@id":"https:\/\/folhapopular.info\/#\/schema\/person\/f0b811f932ef2505faf473ffaef49df5","name":"Camille Lenz da Silva","image":{"@type":"ImageObject","inLanguage":"pt-BR","@id":"https:\/\/secure.gravatar.com\/avatar\/50be826d73ca259ec0e0a88a407f5de800c576c46cfdc57e50ef28551e216fff?s=96&d=mm&r=g","url":"https:\/\/secure.gravatar.com\/avatar\/50be826d73ca259ec0e0a88a407f5de800c576c46cfdc57e50ef28551e216fff?s=96&d=mm&r=g","contentUrl":"https:\/\/secure.gravatar.com\/avatar\/50be826d73ca259ec0e0a88a407f5de800c576c46cfdc57e50ef28551e216fff?s=96&d=mm&r=g","caption":"Camille Lenz da Silva"},"url":"https:\/\/folhapopular.info\/index.php\/author\/camillelenzgmail-com\/"}]}},"jetpack_featured_media_url":"https:\/\/folhapopular.info\/wp-content\/uploads\/2023\/11\/IMG_9111.jpeg","jetpack_sharing_enabled":true,"amp_enabled":true,"_links":{"self":[{"href":"https:\/\/folhapopular.info\/index.php\/wp-json\/wp\/v2\/posts\/142943","targetHints":{"allow":["GET"]}}],"collection":[{"href":"https:\/\/folhapopular.info\/index.php\/wp-json\/wp\/v2\/posts"}],"about":[{"href":"https:\/\/folhapopular.info\/index.php\/wp-json\/wp\/v2\/types\/post"}],"author":[{"embeddable":true,"href":"https:\/\/folhapopular.info\/index.php\/wp-json\/wp\/v2\/users\/639"}],"replies":[{"embeddable":true,"href":"https:\/\/folhapopular.info\/index.php\/wp-json\/wp\/v2\/comments?post=142943"}],"version-history":[{"count":0,"href":"https:\/\/folhapopular.info\/index.php\/wp-json\/wp\/v2\/posts\/142943\/revisions"}],"wp:featuredmedia":[{"embeddable":true,"href":"https:\/\/folhapopular.info\/index.php\/wp-json\/wp\/v2\/media\/142946"}],"wp:attachment":[{"href":"https:\/\/folhapopular.info\/index.php\/wp-json\/wp\/v2\/media?parent=142943"}],"wp:term":[{"taxonomy":"category","embeddable":true,"href":"https:\/\/folhapopular.info\/index.php\/wp-json\/wp\/v2\/categories?post=142943"},{"taxonomy":"post_tag","embeddable":true,"href":"https:\/\/folhapopular.info\/index.php\/wp-json\/wp\/v2\/tags?post=142943"}],"curies":[{"name":"wp","href":"https:\/\/api.w.org\/{rel}","templated":true}]}}