{"id":143022,"date":"2023-11-07T15:35:13","date_gmt":"2023-11-07T18:35:13","guid":{"rendered":"https:\/\/folhapopular.info\/?p=143022"},"modified":"2023-11-07T15:35:15","modified_gmt":"2023-11-07T18:35:15","slug":"paverama-e-destaque-na-avaliacao-multidimensional-da-pessoa-idosa","status":"publish","type":"post","link":"https:\/\/folhapopular.info\/index.php\/2023\/11\/07\/paverama-e-destaque-na-avaliacao-multidimensional-da-pessoa-idosa\/","title":{"rendered":"Paverama \u00e9 destaque na Avalia\u00e7\u00e3o Multidimensional da Pessoa Idosa\u00a0"},"content":{"rendered":"\n<p>A Avalia\u00e7\u00e3o Multidimensional da Pessoa Idosa (Ampi) \u00e9 uma ferramenta vital para entender a complexidade das necessidades e situa\u00e7\u00f5es \u00fanicas da popula\u00e7\u00e3o idosa, que vem crescendo largamente no Brasil. O indicador estadual faz parte da Rede Bem Cuidar, programa no qual a ESF Fazenda S\u00e3o Jos\u00e9, de Paverama, est\u00e1 vinculada.<\/p>\n\n\n\n<p>O Estado do RS pactuou meta para o ano de 2023 de 14% para o Munic\u00edpio, que atingiu valor bem superior: 77,59% de idosos com Ampi.  Esse percentual foi alcan\u00e7ado pela equipe atrav\u00e9s de um trabalho conjunto entre a Unidade B\u00e1sica de Sa\u00fade, as agentes comunit\u00e1rias e a popula\u00e7\u00e3o, que abriu as portas de suas casas para receber as profissionais.<\/p>\n\n\n\n<p>A Ampi \u00e9 uma t\u00e9cnica que coleta e analisa dados de diversas fontes, como familiares, profissionais de sa\u00fade, idosos e outros que participam do cuidado e da vida de uma pessoa. Ela abrange diversas \u00e1reas al\u00e9m da sa\u00fade f\u00edsica, como social, econ\u00f4mica, funcional e cognitiva. O objetivo \u00e9 obter uma vis\u00e3o abrangente da vida do idoso, o que permitir\u00e1 identificar necessidades espec\u00edficas e criar planos de cuidados personalizados.<\/p>\n\n\n\n<p>A sa\u00fade mental e emocional desempenha um papel fundamental na qualidade de vida dos idosos. A Ampi avalia a presen\u00e7a de sintomas de depress\u00e3o, ansiedade e outras condi\u00e7\u00f5es psicol\u00f3gicas, bem como a exist\u00eancia de apoio social e redes de suporte, considerados vitais para garantir que o idoso se sinta emocionalmente apoiado e integrado \u00e0 sociedade.<\/p>\n","protected":false},"excerpt":{"rendered":"<p>A Avalia\u00e7\u00e3o Multidimensional da Pessoa Idosa (Ampi) \u00e9 uma ferramenta vital para entender a complexidade das necessidades e situa\u00e7\u00f5es \u00fanicas da popula\u00e7\u00e3o idosa, que vem crescendo largamente no Brasil. O indicador estadual faz parte da Rede Bem Cuidar, programa no qual a ESF Fazenda S\u00e3o Jos\u00e9, de Paverama, est\u00e1 vinculada. O Estado do RS pactuou [&hellip;]<\/p>\n","protected":false},"author":8,"featured_media":126574,"comment_status":"open","ping_status":"open","sticky":false,"template":"","format":"standard","meta":{"pmpro_default_level":"","_jetpack_memberships_contains_paid_content":false,"footnotes":""},"categories":[2,3,10986],"tags":[599,46],"class_list":{"0":"post-143022","1":"post","2":"type-post","3":"status-publish","4":"format-standard","5":"has-post-thumbnail","7":"category-featured","8":"category-geral","9":"category-saude","10":"tag-idosos","11":"tag-paverama","12":"pmpro-has-access"},"yoast_head":"<!-- This site is optimized with the Yoast SEO plugin v27.5 - https:\/\/yoast.com\/product\/yoast-seo-wordpress\/ -->\n<title>Paverama \u00e9 destaque na Avalia\u00e7\u00e3o Multidimensional da Pessoa Idosa\u00a0 - Folha Popular<\/title>\n<meta name=\"robots\" content=\"index, follow, max-snippet:-1, max-image-preview:large, max-video-preview:-1\" \/>\n<link rel=\"canonical\" href=\"https:\/\/folhapopular.info\/index.php\/2023\/11\/07\/paverama-e-destaque-na-avaliacao-multidimensional-da-pessoa-idosa\/\" \/>\n<meta property=\"og:locale\" content=\"pt_BR\" \/>\n<meta property=\"og:type\" content=\"article\" \/>\n<meta property=\"og:title\" content=\"Paverama \u00e9 destaque na Avalia\u00e7\u00e3o Multidimensional da Pessoa Idosa\u00a0 - Folha Popular\" \/>\n<meta property=\"og:description\" content=\"A Avalia\u00e7\u00e3o Multidimensional da Pessoa Idosa (Ampi) \u00e9 uma ferramenta vital para entender a complexidade das necessidades e situa\u00e7\u00f5es \u00fanicas da popula\u00e7\u00e3o idosa, que vem crescendo largamente no Brasil. O indicador estadual faz parte da Rede Bem Cuidar, programa no qual a ESF Fazenda S\u00e3o Jos\u00e9, de Paverama, est\u00e1 vinculada. O Estado do RS pactuou [&hellip;]\" \/>\n<meta property=\"og:url\" content=\"https:\/\/folhapopular.info\/index.php\/2023\/11\/07\/paverama-e-destaque-na-avaliacao-multidimensional-da-pessoa-idosa\/\" \/>\n<meta property=\"og:site_name\" content=\"Folha Popular\" \/>\n<meta property=\"article:published_time\" content=\"2023-11-07T18:35:13+00:00\" \/>\n<meta property=\"article:modified_time\" content=\"2023-11-07T18:35:15+00:00\" \/>\n<meta property=\"og:image\" content=\"http:\/\/folhapopular.info\/wp-content\/uploads\/2023\/04\/posto-01.jpg\" \/>\n\t<meta property=\"og:image:width\" content=\"1600\" \/>\n\t<meta property=\"og:image:height\" content=\"900\" \/>\n\t<meta property=\"og:image:type\" content=\"image\/jpeg\" \/>\n<meta name=\"author\" content=\"Reda\u00e7\u00e3o Folha Popular\" \/>\n<meta name=\"twitter:card\" content=\"summary_large_image\" \/>\n<meta name=\"twitter:label1\" content=\"Escrito por\" \/>\n\t<meta name=\"twitter:data1\" content=\"Reda\u00e7\u00e3o Folha Popular\" \/>\n\t<meta name=\"twitter:label2\" content=\"Est. tempo de leitura\" \/>\n\t<meta name=\"twitter:data2\" content=\"2 minutos\" \/>\n<script type=\"application\/ld+json\" class=\"yoast-schema-graph\">{\"@context\":\"https:\\\/\\\/schema.org\",\"@graph\":[{\"@type\":\"Article\",\"@id\":\"https:\\\/\\\/folhapopular.info\\\/index.php\\\/2023\\\/11\\\/07\\\/paverama-e-destaque-na-avaliacao-multidimensional-da-pessoa-idosa\\\/#article\",\"isPartOf\":{\"@id\":\"https:\\\/\\\/folhapopular.info\\\/index.php\\\/2023\\\/11\\\/07\\\/paverama-e-destaque-na-avaliacao-multidimensional-da-pessoa-idosa\\\/\"},\"author\":{\"name\":\"Reda\u00e7\u00e3o Folha Popular\",\"@id\":\"https:\\\/\\\/folhapopular.info\\\/#\\\/schema\\\/person\\\/2814e8a0df7643585a9ca38bc6eb9d4b\"},\"headline\":\"Paverama \u00e9 destaque na Avalia\u00e7\u00e3o Multidimensional da Pessoa Idosa\u00a0\",\"datePublished\":\"2023-11-07T18:35:13+00:00\",\"dateModified\":\"2023-11-07T18:35:15+00:00\",\"mainEntityOfPage\":{\"@id\":\"https:\\\/\\\/folhapopular.info\\\/index.php\\\/2023\\\/11\\\/07\\\/paverama-e-destaque-na-avaliacao-multidimensional-da-pessoa-idosa\\\/\"},\"wordCount\":260,\"commentCount\":0,\"image\":{\"@id\":\"https:\\\/\\\/folhapopular.info\\\/index.php\\\/2023\\\/11\\\/07\\\/paverama-e-destaque-na-avaliacao-multidimensional-da-pessoa-idosa\\\/#primaryimage\"},\"thumbnailUrl\":\"https:\\\/\\\/folhapopular.info\\\/wp-content\\\/uploads\\\/2023\\\/04\\\/posto-01.jpg\",\"keywords\":[\"Idosos\",\"Paverama\"],\"articleSection\":[\"Destaques\",\"Geral\",\"Sa\u00fade\"],\"inLanguage\":\"pt-BR\",\"potentialAction\":[{\"@type\":\"CommentAction\",\"name\":\"Comment\",\"target\":[\"https:\\\/\\\/folhapopular.info\\\/index.php\\\/2023\\\/11\\\/07\\\/paverama-e-destaque-na-avaliacao-multidimensional-da-pessoa-idosa\\\/#respond\"]}]},{\"@type\":\"WebPage\",\"@id\":\"https:\\\/\\\/folhapopular.info\\\/index.php\\\/2023\\\/11\\\/07\\\/paverama-e-destaque-na-avaliacao-multidimensional-da-pessoa-idosa\\\/\",\"url\":\"https:\\\/\\\/folhapopular.info\\\/index.php\\\/2023\\\/11\\\/07\\\/paverama-e-destaque-na-avaliacao-multidimensional-da-pessoa-idosa\\\/\",\"name\":\"Paverama \u00e9 destaque na Avalia\u00e7\u00e3o Multidimensional da Pessoa Idosa\u00a0 - Folha Popular\",\"isPartOf\":{\"@id\":\"https:\\\/\\\/folhapopular.info\\\/#website\"},\"primaryImageOfPage\":{\"@id\":\"https:\\\/\\\/folhapopular.info\\\/index.php\\\/2023\\\/11\\\/07\\\/paverama-e-destaque-na-avaliacao-multidimensional-da-pessoa-idosa\\\/#primaryimage\"},\"image\":{\"@id\":\"https:\\\/\\\/folhapopular.info\\\/index.php\\\/2023\\\/11\\\/07\\\/paverama-e-destaque-na-avaliacao-multidimensional-da-pessoa-idosa\\\/#primaryimage\"},\"thumbnailUrl\":\"https:\\\/\\\/folhapopular.info\\\/wp-content\\\/uploads\\\/2023\\\/04\\\/posto-01.jpg\",\"datePublished\":\"2023-11-07T18:35:13+00:00\",\"dateModified\":\"2023-11-07T18:35:15+00:00\",\"author\":{\"@id\":\"https:\\\/\\\/folhapopular.info\\\/#\\\/schema\\\/person\\\/2814e8a0df7643585a9ca38bc6eb9d4b\"},\"breadcrumb\":{\"@id\":\"https:\\\/\\\/folhapopular.info\\\/index.php\\\/2023\\\/11\\\/07\\\/paverama-e-destaque-na-avaliacao-multidimensional-da-pessoa-idosa\\\/#breadcrumb\"},\"inLanguage\":\"pt-BR\",\"potentialAction\":[{\"@type\":\"ReadAction\",\"target\":[\"https:\\\/\\\/folhapopular.info\\\/index.php\\\/2023\\\/11\\\/07\\\/paverama-e-destaque-na-avaliacao-multidimensional-da-pessoa-idosa\\\/\"]}]},{\"@type\":\"ImageObject\",\"inLanguage\":\"pt-BR\",\"@id\":\"https:\\\/\\\/folhapopular.info\\\/index.php\\\/2023\\\/11\\\/07\\\/paverama-e-destaque-na-avaliacao-multidimensional-da-pessoa-idosa\\\/#primaryimage\",\"url\":\"https:\\\/\\\/folhapopular.info\\\/wp-content\\\/uploads\\\/2023\\\/04\\\/posto-01.jpg\",\"contentUrl\":\"https:\\\/\\\/folhapopular.info\\\/wp-content\\\/uploads\\\/2023\\\/04\\\/posto-01.jpg\",\"width\":1600,\"height\":900,\"caption\":\"Cr\u00e9dito: AI Prefeitura de Paverama \\\/ Divulga\u00e7\u00e3o\"},{\"@type\":\"BreadcrumbList\",\"@id\":\"https:\\\/\\\/folhapopular.info\\\/index.php\\\/2023\\\/11\\\/07\\\/paverama-e-destaque-na-avaliacao-multidimensional-da-pessoa-idosa\\\/#breadcrumb\",\"itemListElement\":[{\"@type\":\"ListItem\",\"position\":1,\"name\":\"In\u00edcio\",\"item\":\"https:\\\/\\\/folhapopular.info\\\/\"},{\"@type\":\"ListItem\",\"position\":2,\"name\":\"Paverama \u00e9 destaque na Avalia\u00e7\u00e3o Multidimensional da Pessoa Idosa\u00a0\"}]},{\"@type\":\"WebSite\",\"@id\":\"https:\\\/\\\/folhapopular.info\\\/#website\",\"url\":\"https:\\\/\\\/folhapopular.info\\\/\",\"name\":\"Folha Popular\",\"description\":\"Onde voc\u00ea tem vez e voz\",\"potentialAction\":[{\"@type\":\"SearchAction\",\"target\":{\"@type\":\"EntryPoint\",\"urlTemplate\":\"https:\\\/\\\/folhapopular.info\\\/?s={search_term_string}\"},\"query-input\":{\"@type\":\"PropertyValueSpecification\",\"valueRequired\":true,\"valueName\":\"search_term_string\"}}],\"inLanguage\":\"pt-BR\"},{\"@type\":\"Person\",\"@id\":\"https:\\\/\\\/folhapopular.info\\\/#\\\/schema\\\/person\\\/2814e8a0df7643585a9ca38bc6eb9d4b\",\"name\":\"Reda\u00e7\u00e3o Folha Popular\",\"image\":{\"@type\":\"ImageObject\",\"inLanguage\":\"pt-BR\",\"@id\":\"https:\\\/\\\/folhapopular.info\\\/wp-content\\\/uploads\\\/2026\\\/04\\\/Folha-1.webp\",\"url\":\"https:\\\/\\\/folhapopular.info\\\/wp-content\\\/uploads\\\/2026\\\/04\\\/Folha-1.webp\",\"contentUrl\":\"https:\\\/\\\/folhapopular.info\\\/wp-content\\\/uploads\\\/2026\\\/04\\\/Folha-1.webp\",\"caption\":\"Reda\u00e7\u00e3o Folha Popular\"},\"url\":\"https:\\\/\\\/folhapopular.info\\\/index.php\\\/author\\\/redacao\\\/\"}]}<\/script>\n<!-- \/ Yoast SEO plugin. -->","yoast_head_json":{"title":"Paverama \u00e9 destaque na Avalia\u00e7\u00e3o Multidimensional da Pessoa Idosa\u00a0 - Folha Popular","robots":{"index":"index","follow":"follow","max-snippet":"max-snippet:-1","max-image-preview":"max-image-preview:large","max-video-preview":"max-video-preview:-1"},"canonical":"https:\/\/folhapopular.info\/index.php\/2023\/11\/07\/paverama-e-destaque-na-avaliacao-multidimensional-da-pessoa-idosa\/","og_locale":"pt_BR","og_type":"article","og_title":"Paverama \u00e9 destaque na Avalia\u00e7\u00e3o Multidimensional da Pessoa Idosa\u00a0 - Folha Popular","og_description":"A Avalia\u00e7\u00e3o Multidimensional da Pessoa Idosa (Ampi) \u00e9 uma ferramenta vital para entender a complexidade das necessidades e situa\u00e7\u00f5es \u00fanicas da popula\u00e7\u00e3o idosa, que vem crescendo largamente no Brasil. O indicador estadual faz parte da Rede Bem Cuidar, programa no qual a ESF Fazenda S\u00e3o Jos\u00e9, de Paverama, est\u00e1 vinculada. O Estado do RS pactuou [&hellip;]","og_url":"https:\/\/folhapopular.info\/index.php\/2023\/11\/07\/paverama-e-destaque-na-avaliacao-multidimensional-da-pessoa-idosa\/","og_site_name":"Folha Popular","article_published_time":"2023-11-07T18:35:13+00:00","article_modified_time":"2023-11-07T18:35:15+00:00","og_image":[{"width":1600,"height":900,"url":"http:\/\/folhapopular.info\/wp-content\/uploads\/2023\/04\/posto-01.jpg","type":"image\/jpeg"}],"author":"Reda\u00e7\u00e3o Folha Popular","twitter_card":"summary_large_image","twitter_misc":{"Escrito por":"Reda\u00e7\u00e3o Folha Popular","Est. tempo de leitura":"2 minutos"},"schema":{"@context":"https:\/\/schema.org","@graph":[{"@type":"Article","@id":"https:\/\/folhapopular.info\/index.php\/2023\/11\/07\/paverama-e-destaque-na-avaliacao-multidimensional-da-pessoa-idosa\/#article","isPartOf":{"@id":"https:\/\/folhapopular.info\/index.php\/2023\/11\/07\/paverama-e-destaque-na-avaliacao-multidimensional-da-pessoa-idosa\/"},"author":{"name":"Reda\u00e7\u00e3o Folha Popular","@id":"https:\/\/folhapopular.info\/#\/schema\/person\/2814e8a0df7643585a9ca38bc6eb9d4b"},"headline":"Paverama \u00e9 destaque na Avalia\u00e7\u00e3o Multidimensional da Pessoa Idosa\u00a0","datePublished":"2023-11-07T18:35:13+00:00","dateModified":"2023-11-07T18:35:15+00:00","mainEntityOfPage":{"@id":"https:\/\/folhapopular.info\/index.php\/2023\/11\/07\/paverama-e-destaque-na-avaliacao-multidimensional-da-pessoa-idosa\/"},"wordCount":260,"commentCount":0,"image":{"@id":"https:\/\/folhapopular.info\/index.php\/2023\/11\/07\/paverama-e-destaque-na-avaliacao-multidimensional-da-pessoa-idosa\/#primaryimage"},"thumbnailUrl":"https:\/\/folhapopular.info\/wp-content\/uploads\/2023\/04\/posto-01.jpg","keywords":["Idosos","Paverama"],"articleSection":["Destaques","Geral","Sa\u00fade"],"inLanguage":"pt-BR","potentialAction":[{"@type":"CommentAction","name":"Comment","target":["https:\/\/folhapopular.info\/index.php\/2023\/11\/07\/paverama-e-destaque-na-avaliacao-multidimensional-da-pessoa-idosa\/#respond"]}]},{"@type":"WebPage","@id":"https:\/\/folhapopular.info\/index.php\/2023\/11\/07\/paverama-e-destaque-na-avaliacao-multidimensional-da-pessoa-idosa\/","url":"https:\/\/folhapopular.info\/index.php\/2023\/11\/07\/paverama-e-destaque-na-avaliacao-multidimensional-da-pessoa-idosa\/","name":"Paverama \u00e9 destaque na Avalia\u00e7\u00e3o Multidimensional da Pessoa Idosa\u00a0 - Folha Popular","isPartOf":{"@id":"https:\/\/folhapopular.info\/#website"},"primaryImageOfPage":{"@id":"https:\/\/folhapopular.info\/index.php\/2023\/11\/07\/paverama-e-destaque-na-avaliacao-multidimensional-da-pessoa-idosa\/#primaryimage"},"image":{"@id":"https:\/\/folhapopular.info\/index.php\/2023\/11\/07\/paverama-e-destaque-na-avaliacao-multidimensional-da-pessoa-idosa\/#primaryimage"},"thumbnailUrl":"https:\/\/folhapopular.info\/wp-content\/uploads\/2023\/04\/posto-01.jpg","datePublished":"2023-11-07T18:35:13+00:00","dateModified":"2023-11-07T18:35:15+00:00","author":{"@id":"https:\/\/folhapopular.info\/#\/schema\/person\/2814e8a0df7643585a9ca38bc6eb9d4b"},"breadcrumb":{"@id":"https:\/\/folhapopular.info\/index.php\/2023\/11\/07\/paverama-e-destaque-na-avaliacao-multidimensional-da-pessoa-idosa\/#breadcrumb"},"inLanguage":"pt-BR","potentialAction":[{"@type":"ReadAction","target":["https:\/\/folhapopular.info\/index.php\/2023\/11\/07\/paverama-e-destaque-na-avaliacao-multidimensional-da-pessoa-idosa\/"]}]},{"@type":"ImageObject","inLanguage":"pt-BR","@id":"https:\/\/folhapopular.info\/index.php\/2023\/11\/07\/paverama-e-destaque-na-avaliacao-multidimensional-da-pessoa-idosa\/#primaryimage","url":"https:\/\/folhapopular.info\/wp-content\/uploads\/2023\/04\/posto-01.jpg","contentUrl":"https:\/\/folhapopular.info\/wp-content\/uploads\/2023\/04\/posto-01.jpg","width":1600,"height":900,"caption":"Cr\u00e9dito: AI Prefeitura de Paverama \/ Divulga\u00e7\u00e3o"},{"@type":"BreadcrumbList","@id":"https:\/\/folhapopular.info\/index.php\/2023\/11\/07\/paverama-e-destaque-na-avaliacao-multidimensional-da-pessoa-idosa\/#breadcrumb","itemListElement":[{"@type":"ListItem","position":1,"name":"In\u00edcio","item":"https:\/\/folhapopular.info\/"},{"@type":"ListItem","position":2,"name":"Paverama \u00e9 destaque na Avalia\u00e7\u00e3o Multidimensional da Pessoa Idosa\u00a0"}]},{"@type":"WebSite","@id":"https:\/\/folhapopular.info\/#website","url":"https:\/\/folhapopular.info\/","name":"Folha Popular","description":"Onde voc\u00ea tem vez e voz","potentialAction":[{"@type":"SearchAction","target":{"@type":"EntryPoint","urlTemplate":"https:\/\/folhapopular.info\/?s={search_term_string}"},"query-input":{"@type":"PropertyValueSpecification","valueRequired":true,"valueName":"search_term_string"}}],"inLanguage":"pt-BR"},{"@type":"Person","@id":"https:\/\/folhapopular.info\/#\/schema\/person\/2814e8a0df7643585a9ca38bc6eb9d4b","name":"Reda\u00e7\u00e3o Folha Popular","image":{"@type":"ImageObject","inLanguage":"pt-BR","@id":"https:\/\/folhapopular.info\/wp-content\/uploads\/2026\/04\/Folha-1.webp","url":"https:\/\/folhapopular.info\/wp-content\/uploads\/2026\/04\/Folha-1.webp","contentUrl":"https:\/\/folhapopular.info\/wp-content\/uploads\/2026\/04\/Folha-1.webp","caption":"Reda\u00e7\u00e3o Folha Popular"},"url":"https:\/\/folhapopular.info\/index.php\/author\/redacao\/"}]}},"jetpack_featured_media_url":"https:\/\/folhapopular.info\/wp-content\/uploads\/2023\/04\/posto-01.jpg","jetpack_sharing_enabled":true,"amp_enabled":true,"_links":{"self":[{"href":"https:\/\/folhapopular.info\/index.php\/wp-json\/wp\/v2\/posts\/143022","targetHints":{"allow":["GET"]}}],"collection":[{"href":"https:\/\/folhapopular.info\/index.php\/wp-json\/wp\/v2\/posts"}],"about":[{"href":"https:\/\/folhapopular.info\/index.php\/wp-json\/wp\/v2\/types\/post"}],"author":[{"embeddable":true,"href":"https:\/\/folhapopular.info\/index.php\/wp-json\/wp\/v2\/users\/8"}],"replies":[{"embeddable":true,"href":"https:\/\/folhapopular.info\/index.php\/wp-json\/wp\/v2\/comments?post=143022"}],"version-history":[{"count":0,"href":"https:\/\/folhapopular.info\/index.php\/wp-json\/wp\/v2\/posts\/143022\/revisions"}],"wp:featuredmedia":[{"embeddable":true,"href":"https:\/\/folhapopular.info\/index.php\/wp-json\/wp\/v2\/media\/126574"}],"wp:attachment":[{"href":"https:\/\/folhapopular.info\/index.php\/wp-json\/wp\/v2\/media?parent=143022"}],"wp:term":[{"taxonomy":"category","embeddable":true,"href":"https:\/\/folhapopular.info\/index.php\/wp-json\/wp\/v2\/categories?post=143022"},{"taxonomy":"post_tag","embeddable":true,"href":"https:\/\/folhapopular.info\/index.php\/wp-json\/wp\/v2\/tags?post=143022"}],"curies":[{"name":"wp","href":"https:\/\/api.w.org\/{rel}","templated":true}]}}