{"id":143263,"date":"2023-11-11T12:21:05","date_gmt":"2023-11-11T15:21:05","guid":{"rendered":"https:\/\/folhapopular.info\/?p=143263"},"modified":"2023-11-11T12:21:10","modified_gmt":"2023-11-11T15:21:10","slug":"natal-que-canta-e-encanta-tera-programacao-em-todos-os-bairros-de-teutonia","status":"publish","type":"post","link":"https:\/\/folhapopular.info\/index.php\/2023\/11\/11\/natal-que-canta-e-encanta-tera-programacao-em-todos-os-bairros-de-teutonia\/","title":{"rendered":"Natal que Canta e Encanta ter\u00e1 programa\u00e7\u00e3o em todos os bairros de Teut\u00f4nia"},"content":{"rendered":"\n<p>A Parada Natalina de Teut\u00f4nia est\u00e1 confirmada e ser\u00e1 no dia 17 de dezembro, a partir das 20h, ao longo da Avenida Um Oeste, com encerramento no lago de entrada do Bairro Centro Administrativo. O desfile tem\u00e1tico contar\u00e1 com a participa\u00e7\u00e3o das escolas e entidades culturais do munic\u00edpio. <\/p>\n\n\n\n<p>Este evento comp\u00f5e a 4\u00aa edi\u00e7\u00e3o do Projeto de Lei de Incentivo \u00e0 Cultura \u201cUm Sonho de Natal \u2013 Onde sonhar \u00e9 s\u00f3 um come\u00e7o &#8211; 2023\u201d, do Pr\u00f3-Cultura RS, Secretaria da Cultura do Estado, Governo do Estado do Rio Grande do Sul, realizado pela Prefeitura de Teut\u00f4nia e Matthi Comunica\u00e7\u00e3o Integrada, com patroc\u00ednio master da Cooperativa Certel, patroc\u00ednio prata Kappesberg, Reinigend Qu\u00edmica, Mercado do Bairro, Teutonet Telecom e patroc\u00ednio bronze Sabores Alimentos do Mar. O Natal que Canta e Encanta nas comunidades tamb\u00e9m ter\u00e1 patroc\u00ednio ouro da Cooperativa Sicredi Ouro Branco.<\/p>\n\n\n\n<p>Neste ano, o munic\u00edpio organizou uma programa\u00e7\u00e3o diferenciada entre os dias 17 de novembro e 23 de dezembro, a fim de contemplar todos os bairros com atra\u00e7\u00f5es natalinas. Al\u00e9m dos eventos organizados pela Administra\u00e7\u00e3o Municipal, tamb\u00e9m haver\u00e1 os promovidos pelas comunidades, entidades, \u00f3rg\u00e3os p\u00fablicos e empresas, os quais comp\u00f5em o calend\u00e1rio de eventos natalinos, que tem como objetivo reunir todas as programa\u00e7\u00f5es em um \u00fanico calend\u00e1rio para contribuir com a divulga\u00e7\u00e3o dos eventos que ocorrer\u00e3o nos meses de novembro e dezembro, facilitando o acesso \u00e0 informa\u00e7\u00e3o.<\/p>\n\n\n\n<h2 class=\"wp-block-heading\">Acendimento das luzes de Natal transferido<\/h2>\n\n\n\n<p>A programa\u00e7\u00e3o foi transferida do dia 17 para o dia 22 de novembro por conta da previs\u00e3o de chuva e a incerteza de concluir todas as instala\u00e7\u00f5es no Centro Administrativo e tamb\u00e9m nos bairros.<\/p>\n\n\n\n<h2 class=\"wp-block-heading\">Programa\u00e7\u00e3o Natal que Canta e Encanta<\/h2>\n\n\n\n<p><strong>22\/11 \u2013 sexta-feira &#8211; Show de Acendimento das Luzes<\/strong><br>Local: Centro Administrativo<br>Hor\u00e1rio: \u00e0s 20h<br>Entrada gratuita<\/p>\n\n\n\n<p><strong>24\/11 \u2013 sexta-feira<\/strong> &#8211; <strong>Sons que Encantam<\/strong><\/p>\n\n\n\n<p>Atra\u00e7\u00f5es: Mais de 200 instrumentistas em uma Grande Orquestra \u2013 Projeto Teut\u00f4nia Cultural<br>Local: Gin\u00e1sio da Cat\u00f3lica \u2013 Canabarro<br>Hor\u00e1rio: \u00e0s 20h<br>Entrada gratuita<\/p>\n\n\n\n<p><strong>1\u00ba\/12 \u2013 sexta-feira &#8211; Sarau Natalino (Bairro Alesgut)<\/strong><\/p>\n\n\n\n<p>Atra\u00e7\u00f5es: Banda D\u00f3-R\u00e9-Mi, Teutotanzgruppe Categoria Infantil, Coral Municipal, Coral Anos Dourados, Teatro<br>Local: Gin\u00e1sio da Escola Leopoldo Klepker<br>Hor\u00e1rio: \u00e0s 20h<br>Entrada gratuita<\/p>\n\n\n\n<p><strong>6\/12 \u2013 quarta-feira<\/strong> &#8211; <strong>Sarau Natalino (Bairro Boa Vista)<\/strong><\/p>\n\n\n\n<p>Atra\u00e7\u00f5es: Orquestra Henrique Uebel, Teutotanzgruppe Categoria Mirim, Teatro, Corais Comunit\u00e1rios<br>Local: Comunidade Bet\u00e2nia \u2013 Boa Vista<br>Hor\u00e1rio: \u00e0s 20h<br>Entrada gratuita<\/p>\n\n\n\n<p><strong>9\/12 \u2013 s\u00e1bado<\/strong> &#8211; <strong>Grande Concerto Orquestras e Corais\u00a0<\/strong><\/p>\n\n\n\n<p>Local: Audit\u00f3rio do Col\u00e9gio Teut\u00f4nia<br>Hor\u00e1rio:\u00e0s 20h<br>Entrada gratuita<\/p>\n\n\n\n<p><strong>10\/12 \u2013 domingo \u2013 Espet\u00e1culo Natalino \u201cUm Sonho de Natal\u201d<\/strong><\/p>\n\n\n\n<p>Abertura<strong>:<\/strong> Orquestra Henrique Uebel<br>Local: Gin\u00e1sio da Cat\u00f3lica \u2013 Bairro Canabarro<br>Hor\u00e1rio: \u00e0s 19h<br>Entrada gratuita<\/p>\n\n\n\n<p><strong>14\/12 \u2013 quinta-feira<\/strong> &#8211; <strong>Sarau Natalino (Bairro Languiru)<\/strong><\/p>\n\n\n\n<p>Atra\u00e7\u00f5es: Orquestra Henrique Uebel, Teutotanzgruppe Categoria Mirim, Teatro, Coral Cristo Rei, Coral Infanto-Juvenil de Teut\u00f4nia<br>Local:Rua Coberta, em frente a Comunidade Cat\u00f3lica Cristo Rei<br>Hor\u00e1rio: \u00e0s 20h<br>Entrada gratuita<\/p>\n\n\n\n<p><strong>17\/12 \u2013 domingo &#8211;<\/strong> <strong>Parada Natalina<\/strong><\/p>\n\n\n\n<p>Local: Avenida 1 Oeste, pr\u00f3ximo ao lago<br>Hor\u00e1rio: \u00e0s 19h30<br>Entrada gratuita<\/p>\n\n\n\n<p><strong>19\/12 \u2013 ter\u00e7a-feira<\/strong> &#8211; <strong>Sarau Natalino (Pontes Filho)<\/strong><\/p>\n\n\n\n<p>Atra\u00e7\u00f5es: Grupo de Acordeons Teut\u00f4nia Cultural, Teutotanzgruppe Categoria Infantil, Teatro, Corais Comunit\u00e1rios<br>Local: Gin\u00e1sio de Pontes Filho<br>Hor\u00e1rio: \u00e0s 20h<br>Entrada gratuita<\/p>\n\n\n\n<h2 class=\"wp-block-heading\">Calend\u00e1rio de Natal nas Comunidades<\/h2>\n\n\n\n<p>Eventos promovidos por comunidades, \u00f3rg\u00e3os governamentais, empresas e entidades.<\/p>\n\n\n\n<p><strong>12\/12 \u2013 ter\u00e7a-feira<\/strong> &#8211; <strong>Caminh\u00e3o Iluminado<\/strong><\/p>\n\n\n\n<p>Local: Bairro Boa Vista, Vila Cuba e Bairro Teut\u00f4nia<br>Hor\u00e1rio: a partir das 18h30<br>Realiza\u00e7\u00e3o Bombeiros Volunt\u00e1rios de Teut\u00f4nia<\/p>\n\n\n\n<p><strong>13\/12 \u2013 quarta-feira<\/strong> &#8211; <strong>Caminh\u00e3o Iluminado<\/strong><\/p>\n\n\n\n<p>Local: Bairros Alesgut, Languiru e Centro Administrativo<br>Hor\u00e1rio: a partir das 18h30<br>Realiza\u00e7\u00e3o Bombeiros Volunt\u00e1rios de Teut\u00f4nia<\/p>\n\n\n\n<p><strong>14\/12 \u2013 quinta-feira<\/strong> &#8211; <strong>Caminh\u00e3o Iluminado<\/strong><\/p>\n\n\n\n<p>Local:Vila KS, Vila Arco-\u00cdris e Vila Esperan\u00e7a<br>Hor\u00e1rio: a partir das 18h30<br>Realiza\u00e7\u00e3o Bombeiros Volunt\u00e1rios de Teut\u00f4nia<\/p>\n\n\n\n<p><strong>15\/12 \u2013 sexta-feira<\/strong> &#8211; <strong>Caminh\u00e3o Iluminado<\/strong><\/p>\n\n\n\n<p>Local: Bairro Canabarro, Vila Posses e Loteamento 8<br>Hor\u00e1rio: a partir das 18h30<br>Realiza\u00e7\u00e3o Bombeiros Volunt\u00e1rios de Teut\u00f4nia<\/p>\n\n\n\n<p><strong>16\/12 \u2013 s\u00e1bado<\/strong> &#8211; <strong>Caminhada das Lanternas<\/strong><\/p>\n\n\n\n<p>Local: sa\u00edda na Igreja da Par\u00f3quia Nossa Senhora do Ros\u00e1rio de Canabarro e chegada na pra\u00e7a Evang\u00e9lica de Canabarro<br>Hor\u00e1rio: 20h<br>Realiza\u00e7\u00e3o Par\u00f3quia Evang\u00e9lica Teut\u00f4nia Sul e Par\u00f3quia Nossa Senhora do Ros\u00e1rio \u2013 Participa\u00e7\u00e3o gratuita<\/p>\n\n\n\n<p><strong>23\/12 \u2013 s\u00e1bado<\/strong> &#8211; <strong>3\u00b0 Natal das Crian\u00e7as da Brigada Militar de Teut\u00f4nia<\/strong><\/p>\n\n\n\n<p>Brincadeiras, lanches, m\u00fasica e a chegada do Papai Noel com as viaturas da Brigada Militar, para entrega de presentes<strong><br><\/strong>Local: Morada do SolHor\u00e1rio: \u00e0s 18h<br>Realiza\u00e7\u00e3o Brigada Militar de Teut\u00f4nia<\/p>\n","protected":false},"excerpt":{"rendered":"<p>A Parada Natalina de Teut\u00f4nia est\u00e1 confirmada e ser\u00e1 no dia 17 de dezembro, a partir das 20h, ao longo da Avenida Um Oeste, com encerramento no lago de entrada do Bairro Centro Administrativo. O desfile tem\u00e1tico contar\u00e1 com a participa\u00e7\u00e3o das escolas e entidades culturais do munic\u00edpio. Este evento comp\u00f5e a 4\u00aa edi\u00e7\u00e3o do [&hellip;]<\/p>\n","protected":false},"author":8,"featured_media":143264,"comment_status":"open","ping_status":"open","sticky":false,"template":"","format":"standard","meta":{"pmpro_default_level":"","_jetpack_memberships_contains_paid_content":false,"footnotes":""},"categories":[2,10999,6],"tags":[7426,26],"class_list":{"0":"post-143263","1":"post","2":"type-post","3":"status-publish","4":"format-standard","5":"has-post-thumbnail","7":"category-featured","8":"category-entretenimento","9":"category-inclusive","10":"tag-natal-que-canta-e-encanta","11":"tag-teutonia","12":"pmpro-has-access"},"yoast_head":"<!-- This site is optimized with the Yoast SEO plugin v27.5 - https:\/\/yoast.com\/product\/yoast-seo-wordpress\/ -->\n<title>Natal que Canta e Encanta ter\u00e1 programa\u00e7\u00e3o em todos os bairros de Teut\u00f4nia - Folha Popular<\/title>\n<meta name=\"robots\" content=\"index, follow, max-snippet:-1, max-image-preview:large, max-video-preview:-1\" \/>\n<link rel=\"canonical\" href=\"https:\/\/folhapopular.info\/index.php\/2023\/11\/11\/natal-que-canta-e-encanta-tera-programacao-em-todos-os-bairros-de-teutonia\/\" \/>\n<meta property=\"og:locale\" content=\"pt_BR\" \/>\n<meta property=\"og:type\" content=\"article\" \/>\n<meta property=\"og:title\" content=\"Natal que Canta e Encanta ter\u00e1 programa\u00e7\u00e3o em todos os bairros de Teut\u00f4nia - Folha Popular\" \/>\n<meta property=\"og:description\" content=\"A Parada Natalina de Teut\u00f4nia est\u00e1 confirmada e ser\u00e1 no dia 17 de dezembro, a partir das 20h, ao longo da Avenida Um Oeste, com encerramento no lago de entrada do Bairro Centro Administrativo. O desfile tem\u00e1tico contar\u00e1 com a participa\u00e7\u00e3o das escolas e entidades culturais do munic\u00edpio. Este evento comp\u00f5e a 4\u00aa edi\u00e7\u00e3o do [&hellip;]\" \/>\n<meta property=\"og:url\" content=\"https:\/\/folhapopular.info\/index.php\/2023\/11\/11\/natal-que-canta-e-encanta-tera-programacao-em-todos-os-bairros-de-teutonia\/\" \/>\n<meta property=\"og:site_name\" content=\"Folha Popular\" \/>\n<meta property=\"article:published_time\" content=\"2023-11-11T15:21:05+00:00\" \/>\n<meta property=\"article:modified_time\" content=\"2023-11-11T15:21:10+00:00\" \/>\n<meta property=\"og:image\" content=\"http:\/\/folhapopular.info\/wp-content\/uploads\/2023\/11\/2023_11_10_Natal-que-Canta-e-Encanta-tera-programacao-em-todos-os-bairros-3-scaled.jpg\" \/>\n\t<meta property=\"og:image:width\" content=\"2560\" \/>\n\t<meta property=\"og:image:height\" content=\"1707\" \/>\n\t<meta property=\"og:image:type\" content=\"image\/jpeg\" \/>\n<meta name=\"author\" content=\"Reda\u00e7\u00e3o Folha Popular\" \/>\n<meta name=\"twitter:card\" content=\"summary_large_image\" \/>\n<meta name=\"twitter:label1\" content=\"Escrito por\" \/>\n\t<meta name=\"twitter:data1\" content=\"Reda\u00e7\u00e3o Folha Popular\" \/>\n\t<meta name=\"twitter:label2\" content=\"Est. tempo de leitura\" \/>\n\t<meta name=\"twitter:data2\" content=\"4 minutos\" \/>\n<script type=\"application\/ld+json\" class=\"yoast-schema-graph\">{\"@context\":\"https:\\\/\\\/schema.org\",\"@graph\":[{\"@type\":\"Article\",\"@id\":\"https:\\\/\\\/folhapopular.info\\\/index.php\\\/2023\\\/11\\\/11\\\/natal-que-canta-e-encanta-tera-programacao-em-todos-os-bairros-de-teutonia\\\/#article\",\"isPartOf\":{\"@id\":\"https:\\\/\\\/folhapopular.info\\\/index.php\\\/2023\\\/11\\\/11\\\/natal-que-canta-e-encanta-tera-programacao-em-todos-os-bairros-de-teutonia\\\/\"},\"author\":{\"name\":\"Reda\u00e7\u00e3o Folha Popular\",\"@id\":\"https:\\\/\\\/folhapopular.info\\\/#\\\/schema\\\/person\\\/2814e8a0df7643585a9ca38bc6eb9d4b\"},\"headline\":\"Natal que Canta e Encanta ter\u00e1 programa\u00e7\u00e3o em todos os bairros de Teut\u00f4nia\",\"datePublished\":\"2023-11-11T15:21:05+00:00\",\"dateModified\":\"2023-11-11T15:21:10+00:00\",\"mainEntityOfPage\":{\"@id\":\"https:\\\/\\\/folhapopular.info\\\/index.php\\\/2023\\\/11\\\/11\\\/natal-que-canta-e-encanta-tera-programacao-em-todos-os-bairros-de-teutonia\\\/\"},\"wordCount\":761,\"commentCount\":0,\"image\":{\"@id\":\"https:\\\/\\\/folhapopular.info\\\/index.php\\\/2023\\\/11\\\/11\\\/natal-que-canta-e-encanta-tera-programacao-em-todos-os-bairros-de-teutonia\\\/#primaryimage\"},\"thumbnailUrl\":\"https:\\\/\\\/folhapopular.info\\\/wp-content\\\/uploads\\\/2023\\\/11\\\/2023_11_10_Natal-que-Canta-e-Encanta-tera-programacao-em-todos-os-bairros-3-scaled.jpg\",\"keywords\":[\"Natal que Canta e Encanta\",\"Teut\u00f4nia\"],\"articleSection\":[\"Destaques\",\"Entretenimento\",\"Inclusive\"],\"inLanguage\":\"pt-BR\",\"potentialAction\":[{\"@type\":\"CommentAction\",\"name\":\"Comment\",\"target\":[\"https:\\\/\\\/folhapopular.info\\\/index.php\\\/2023\\\/11\\\/11\\\/natal-que-canta-e-encanta-tera-programacao-em-todos-os-bairros-de-teutonia\\\/#respond\"]}]},{\"@type\":\"WebPage\",\"@id\":\"https:\\\/\\\/folhapopular.info\\\/index.php\\\/2023\\\/11\\\/11\\\/natal-que-canta-e-encanta-tera-programacao-em-todos-os-bairros-de-teutonia\\\/\",\"url\":\"https:\\\/\\\/folhapopular.info\\\/index.php\\\/2023\\\/11\\\/11\\\/natal-que-canta-e-encanta-tera-programacao-em-todos-os-bairros-de-teutonia\\\/\",\"name\":\"Natal que Canta e Encanta ter\u00e1 programa\u00e7\u00e3o em todos os bairros de Teut\u00f4nia - Folha Popular\",\"isPartOf\":{\"@id\":\"https:\\\/\\\/folhapopular.info\\\/#website\"},\"primaryImageOfPage\":{\"@id\":\"https:\\\/\\\/folhapopular.info\\\/index.php\\\/2023\\\/11\\\/11\\\/natal-que-canta-e-encanta-tera-programacao-em-todos-os-bairros-de-teutonia\\\/#primaryimage\"},\"image\":{\"@id\":\"https:\\\/\\\/folhapopular.info\\\/index.php\\\/2023\\\/11\\\/11\\\/natal-que-canta-e-encanta-tera-programacao-em-todos-os-bairros-de-teutonia\\\/#primaryimage\"},\"thumbnailUrl\":\"https:\\\/\\\/folhapopular.info\\\/wp-content\\\/uploads\\\/2023\\\/11\\\/2023_11_10_Natal-que-Canta-e-Encanta-tera-programacao-em-todos-os-bairros-3-scaled.jpg\",\"datePublished\":\"2023-11-11T15:21:05+00:00\",\"dateModified\":\"2023-11-11T15:21:10+00:00\",\"author\":{\"@id\":\"https:\\\/\\\/folhapopular.info\\\/#\\\/schema\\\/person\\\/2814e8a0df7643585a9ca38bc6eb9d4b\"},\"breadcrumb\":{\"@id\":\"https:\\\/\\\/folhapopular.info\\\/index.php\\\/2023\\\/11\\\/11\\\/natal-que-canta-e-encanta-tera-programacao-em-todos-os-bairros-de-teutonia\\\/#breadcrumb\"},\"inLanguage\":\"pt-BR\",\"potentialAction\":[{\"@type\":\"ReadAction\",\"target\":[\"https:\\\/\\\/folhapopular.info\\\/index.php\\\/2023\\\/11\\\/11\\\/natal-que-canta-e-encanta-tera-programacao-em-todos-os-bairros-de-teutonia\\\/\"]}]},{\"@type\":\"ImageObject\",\"inLanguage\":\"pt-BR\",\"@id\":\"https:\\\/\\\/folhapopular.info\\\/index.php\\\/2023\\\/11\\\/11\\\/natal-que-canta-e-encanta-tera-programacao-em-todos-os-bairros-de-teutonia\\\/#primaryimage\",\"url\":\"https:\\\/\\\/folhapopular.info\\\/wp-content\\\/uploads\\\/2023\\\/11\\\/2023_11_10_Natal-que-Canta-e-Encanta-tera-programacao-em-todos-os-bairros-3-scaled.jpg\",\"contentUrl\":\"https:\\\/\\\/folhapopular.info\\\/wp-content\\\/uploads\\\/2023\\\/11\\\/2023_11_10_Natal-que-Canta-e-Encanta-tera-programacao-em-todos-os-bairros-3-scaled.jpg\",\"width\":2560,\"height\":1707,\"caption\":\"Cr\u00e9dito: AI Prefeitura de Teut\u00f4nia \\\/ Arquivo\"},{\"@type\":\"BreadcrumbList\",\"@id\":\"https:\\\/\\\/folhapopular.info\\\/index.php\\\/2023\\\/11\\\/11\\\/natal-que-canta-e-encanta-tera-programacao-em-todos-os-bairros-de-teutonia\\\/#breadcrumb\",\"itemListElement\":[{\"@type\":\"ListItem\",\"position\":1,\"name\":\"In\u00edcio\",\"item\":\"https:\\\/\\\/folhapopular.info\\\/\"},{\"@type\":\"ListItem\",\"position\":2,\"name\":\"Natal que Canta e Encanta ter\u00e1 programa\u00e7\u00e3o em todos os bairros de Teut\u00f4nia\"}]},{\"@type\":\"WebSite\",\"@id\":\"https:\\\/\\\/folhapopular.info\\\/#website\",\"url\":\"https:\\\/\\\/folhapopular.info\\\/\",\"name\":\"Folha Popular\",\"description\":\"Onde voc\u00ea tem vez e voz\",\"potentialAction\":[{\"@type\":\"SearchAction\",\"target\":{\"@type\":\"EntryPoint\",\"urlTemplate\":\"https:\\\/\\\/folhapopular.info\\\/?s={search_term_string}\"},\"query-input\":{\"@type\":\"PropertyValueSpecification\",\"valueRequired\":true,\"valueName\":\"search_term_string\"}}],\"inLanguage\":\"pt-BR\"},{\"@type\":\"Person\",\"@id\":\"https:\\\/\\\/folhapopular.info\\\/#\\\/schema\\\/person\\\/2814e8a0df7643585a9ca38bc6eb9d4b\",\"name\":\"Reda\u00e7\u00e3o Folha Popular\",\"image\":{\"@type\":\"ImageObject\",\"inLanguage\":\"pt-BR\",\"@id\":\"https:\\\/\\\/folhapopular.info\\\/wp-content\\\/uploads\\\/2026\\\/04\\\/Folha-1.webp\",\"url\":\"https:\\\/\\\/folhapopular.info\\\/wp-content\\\/uploads\\\/2026\\\/04\\\/Folha-1.webp\",\"contentUrl\":\"https:\\\/\\\/folhapopular.info\\\/wp-content\\\/uploads\\\/2026\\\/04\\\/Folha-1.webp\",\"caption\":\"Reda\u00e7\u00e3o Folha Popular\"},\"url\":\"https:\\\/\\\/folhapopular.info\\\/index.php\\\/author\\\/redacao\\\/\"}]}<\/script>\n<!-- \/ Yoast SEO plugin. -->","yoast_head_json":{"title":"Natal que Canta e Encanta ter\u00e1 programa\u00e7\u00e3o em todos os bairros de Teut\u00f4nia - Folha Popular","robots":{"index":"index","follow":"follow","max-snippet":"max-snippet:-1","max-image-preview":"max-image-preview:large","max-video-preview":"max-video-preview:-1"},"canonical":"https:\/\/folhapopular.info\/index.php\/2023\/11\/11\/natal-que-canta-e-encanta-tera-programacao-em-todos-os-bairros-de-teutonia\/","og_locale":"pt_BR","og_type":"article","og_title":"Natal que Canta e Encanta ter\u00e1 programa\u00e7\u00e3o em todos os bairros de Teut\u00f4nia - Folha Popular","og_description":"A Parada Natalina de Teut\u00f4nia est\u00e1 confirmada e ser\u00e1 no dia 17 de dezembro, a partir das 20h, ao longo da Avenida Um Oeste, com encerramento no lago de entrada do Bairro Centro Administrativo. O desfile tem\u00e1tico contar\u00e1 com a participa\u00e7\u00e3o das escolas e entidades culturais do munic\u00edpio. Este evento comp\u00f5e a 4\u00aa edi\u00e7\u00e3o do [&hellip;]","og_url":"https:\/\/folhapopular.info\/index.php\/2023\/11\/11\/natal-que-canta-e-encanta-tera-programacao-em-todos-os-bairros-de-teutonia\/","og_site_name":"Folha Popular","article_published_time":"2023-11-11T15:21:05+00:00","article_modified_time":"2023-11-11T15:21:10+00:00","og_image":[{"width":2560,"height":1707,"url":"http:\/\/folhapopular.info\/wp-content\/uploads\/2023\/11\/2023_11_10_Natal-que-Canta-e-Encanta-tera-programacao-em-todos-os-bairros-3-scaled.jpg","type":"image\/jpeg"}],"author":"Reda\u00e7\u00e3o Folha Popular","twitter_card":"summary_large_image","twitter_misc":{"Escrito por":"Reda\u00e7\u00e3o Folha Popular","Est. tempo de leitura":"4 minutos"},"schema":{"@context":"https:\/\/schema.org","@graph":[{"@type":"Article","@id":"https:\/\/folhapopular.info\/index.php\/2023\/11\/11\/natal-que-canta-e-encanta-tera-programacao-em-todos-os-bairros-de-teutonia\/#article","isPartOf":{"@id":"https:\/\/folhapopular.info\/index.php\/2023\/11\/11\/natal-que-canta-e-encanta-tera-programacao-em-todos-os-bairros-de-teutonia\/"},"author":{"name":"Reda\u00e7\u00e3o Folha Popular","@id":"https:\/\/folhapopular.info\/#\/schema\/person\/2814e8a0df7643585a9ca38bc6eb9d4b"},"headline":"Natal que Canta e Encanta ter\u00e1 programa\u00e7\u00e3o em todos os bairros de Teut\u00f4nia","datePublished":"2023-11-11T15:21:05+00:00","dateModified":"2023-11-11T15:21:10+00:00","mainEntityOfPage":{"@id":"https:\/\/folhapopular.info\/index.php\/2023\/11\/11\/natal-que-canta-e-encanta-tera-programacao-em-todos-os-bairros-de-teutonia\/"},"wordCount":761,"commentCount":0,"image":{"@id":"https:\/\/folhapopular.info\/index.php\/2023\/11\/11\/natal-que-canta-e-encanta-tera-programacao-em-todos-os-bairros-de-teutonia\/#primaryimage"},"thumbnailUrl":"https:\/\/folhapopular.info\/wp-content\/uploads\/2023\/11\/2023_11_10_Natal-que-Canta-e-Encanta-tera-programacao-em-todos-os-bairros-3-scaled.jpg","keywords":["Natal que Canta e Encanta","Teut\u00f4nia"],"articleSection":["Destaques","Entretenimento","Inclusive"],"inLanguage":"pt-BR","potentialAction":[{"@type":"CommentAction","name":"Comment","target":["https:\/\/folhapopular.info\/index.php\/2023\/11\/11\/natal-que-canta-e-encanta-tera-programacao-em-todos-os-bairros-de-teutonia\/#respond"]}]},{"@type":"WebPage","@id":"https:\/\/folhapopular.info\/index.php\/2023\/11\/11\/natal-que-canta-e-encanta-tera-programacao-em-todos-os-bairros-de-teutonia\/","url":"https:\/\/folhapopular.info\/index.php\/2023\/11\/11\/natal-que-canta-e-encanta-tera-programacao-em-todos-os-bairros-de-teutonia\/","name":"Natal que Canta e Encanta ter\u00e1 programa\u00e7\u00e3o em todos os bairros de Teut\u00f4nia - Folha Popular","isPartOf":{"@id":"https:\/\/folhapopular.info\/#website"},"primaryImageOfPage":{"@id":"https:\/\/folhapopular.info\/index.php\/2023\/11\/11\/natal-que-canta-e-encanta-tera-programacao-em-todos-os-bairros-de-teutonia\/#primaryimage"},"image":{"@id":"https:\/\/folhapopular.info\/index.php\/2023\/11\/11\/natal-que-canta-e-encanta-tera-programacao-em-todos-os-bairros-de-teutonia\/#primaryimage"},"thumbnailUrl":"https:\/\/folhapopular.info\/wp-content\/uploads\/2023\/11\/2023_11_10_Natal-que-Canta-e-Encanta-tera-programacao-em-todos-os-bairros-3-scaled.jpg","datePublished":"2023-11-11T15:21:05+00:00","dateModified":"2023-11-11T15:21:10+00:00","author":{"@id":"https:\/\/folhapopular.info\/#\/schema\/person\/2814e8a0df7643585a9ca38bc6eb9d4b"},"breadcrumb":{"@id":"https:\/\/folhapopular.info\/index.php\/2023\/11\/11\/natal-que-canta-e-encanta-tera-programacao-em-todos-os-bairros-de-teutonia\/#breadcrumb"},"inLanguage":"pt-BR","potentialAction":[{"@type":"ReadAction","target":["https:\/\/folhapopular.info\/index.php\/2023\/11\/11\/natal-que-canta-e-encanta-tera-programacao-em-todos-os-bairros-de-teutonia\/"]}]},{"@type":"ImageObject","inLanguage":"pt-BR","@id":"https:\/\/folhapopular.info\/index.php\/2023\/11\/11\/natal-que-canta-e-encanta-tera-programacao-em-todos-os-bairros-de-teutonia\/#primaryimage","url":"https:\/\/folhapopular.info\/wp-content\/uploads\/2023\/11\/2023_11_10_Natal-que-Canta-e-Encanta-tera-programacao-em-todos-os-bairros-3-scaled.jpg","contentUrl":"https:\/\/folhapopular.info\/wp-content\/uploads\/2023\/11\/2023_11_10_Natal-que-Canta-e-Encanta-tera-programacao-em-todos-os-bairros-3-scaled.jpg","width":2560,"height":1707,"caption":"Cr\u00e9dito: AI Prefeitura de Teut\u00f4nia \/ Arquivo"},{"@type":"BreadcrumbList","@id":"https:\/\/folhapopular.info\/index.php\/2023\/11\/11\/natal-que-canta-e-encanta-tera-programacao-em-todos-os-bairros-de-teutonia\/#breadcrumb","itemListElement":[{"@type":"ListItem","position":1,"name":"In\u00edcio","item":"https:\/\/folhapopular.info\/"},{"@type":"ListItem","position":2,"name":"Natal que Canta e Encanta ter\u00e1 programa\u00e7\u00e3o em todos os bairros de Teut\u00f4nia"}]},{"@type":"WebSite","@id":"https:\/\/folhapopular.info\/#website","url":"https:\/\/folhapopular.info\/","name":"Folha Popular","description":"Onde voc\u00ea tem vez e voz","potentialAction":[{"@type":"SearchAction","target":{"@type":"EntryPoint","urlTemplate":"https:\/\/folhapopular.info\/?s={search_term_string}"},"query-input":{"@type":"PropertyValueSpecification","valueRequired":true,"valueName":"search_term_string"}}],"inLanguage":"pt-BR"},{"@type":"Person","@id":"https:\/\/folhapopular.info\/#\/schema\/person\/2814e8a0df7643585a9ca38bc6eb9d4b","name":"Reda\u00e7\u00e3o Folha Popular","image":{"@type":"ImageObject","inLanguage":"pt-BR","@id":"https:\/\/folhapopular.info\/wp-content\/uploads\/2026\/04\/Folha-1.webp","url":"https:\/\/folhapopular.info\/wp-content\/uploads\/2026\/04\/Folha-1.webp","contentUrl":"https:\/\/folhapopular.info\/wp-content\/uploads\/2026\/04\/Folha-1.webp","caption":"Reda\u00e7\u00e3o Folha Popular"},"url":"https:\/\/folhapopular.info\/index.php\/author\/redacao\/"}]}},"jetpack_featured_media_url":"https:\/\/folhapopular.info\/wp-content\/uploads\/2023\/11\/2023_11_10_Natal-que-Canta-e-Encanta-tera-programacao-em-todos-os-bairros-3-scaled.jpg","jetpack_sharing_enabled":true,"amp_enabled":true,"_links":{"self":[{"href":"https:\/\/folhapopular.info\/index.php\/wp-json\/wp\/v2\/posts\/143263","targetHints":{"allow":["GET"]}}],"collection":[{"href":"https:\/\/folhapopular.info\/index.php\/wp-json\/wp\/v2\/posts"}],"about":[{"href":"https:\/\/folhapopular.info\/index.php\/wp-json\/wp\/v2\/types\/post"}],"author":[{"embeddable":true,"href":"https:\/\/folhapopular.info\/index.php\/wp-json\/wp\/v2\/users\/8"}],"replies":[{"embeddable":true,"href":"https:\/\/folhapopular.info\/index.php\/wp-json\/wp\/v2\/comments?post=143263"}],"version-history":[{"count":0,"href":"https:\/\/folhapopular.info\/index.php\/wp-json\/wp\/v2\/posts\/143263\/revisions"}],"wp:featuredmedia":[{"embeddable":true,"href":"https:\/\/folhapopular.info\/index.php\/wp-json\/wp\/v2\/media\/143264"}],"wp:attachment":[{"href":"https:\/\/folhapopular.info\/index.php\/wp-json\/wp\/v2\/media?parent=143263"}],"wp:term":[{"taxonomy":"category","embeddable":true,"href":"https:\/\/folhapopular.info\/index.php\/wp-json\/wp\/v2\/categories?post=143263"},{"taxonomy":"post_tag","embeddable":true,"href":"https:\/\/folhapopular.info\/index.php\/wp-json\/wp\/v2\/tags?post=143263"}],"curies":[{"name":"wp","href":"https:\/\/api.w.org\/{rel}","templated":true}]}}