{"id":143283,"date":"2023-11-12T09:40:03","date_gmt":"2023-11-12T12:40:03","guid":{"rendered":"https:\/\/folhapopular.info\/?p=143283"},"modified":"2023-11-12T09:41:45","modified_gmt":"2023-11-12T12:41:45","slug":"9o-dia-mundial-do-rock-de-imigrante-traz-comunidade-nin-jitsu-neste-domingo","status":"publish","type":"post","link":"https:\/\/folhapopular.info\/index.php\/2023\/11\/12\/9o-dia-mundial-do-rock-de-imigrante-traz-comunidade-nin-jitsu-neste-domingo\/","title":{"rendered":"9\u00ba Dia Mundial do Rock de Imigrante traz Comunidade Nin-Jitsu neste domingo"},"content":{"rendered":"\n<p>O Dia Mundial do Rock de Imigrante come\u00e7ou na sexta-feira e segue at\u00e9 hoje (12\/11) na Pra\u00e7a Henrique Br\u00fcckner, no centro. O secret\u00e1rio de Turismo, Cultura e Esportes de Imigrante, Charles Porsche ressalta que, ao lado da Paix\u00e3o de Cristo, o Dia do Rock \u00e9 um dos maiores eventos da cidade. O evento re\u00fane o 9\u00ba Festival de Bandas, 6\u00ba Encontro de Motos, 7\u00ba Encontro de Carros Antigos, 2\u00aa R\u00fastica Rock\u2019n Run, apresenta\u00e7\u00f5es e workshop com alunos.<\/p>\n\n\n\n<p>\u00c0 tarde, a partir das 14h, as bandas come\u00e7am a subir no palco. Para as 21h30 est\u00e1 marcado o show da banda Comunidade Nin-Jitsu. O evento n\u00e3o tem cobran\u00e7a de ingresso, mas visando \u00e0 a\u00e7\u00e3o volunt\u00e1ria dos primeiros festivais, ser\u00e1 arrecado 1kg de alimento n\u00e3o perec\u00edvel. Os alimentos ser\u00e3o encaminhados para entidades sociais. \u00c9 poss\u00edvel colaborar, tamb\u00e9m, com qualquer valor para a manuten\u00e7\u00e3o das atividades da Associa\u00e7\u00e3o Cultural de Imigrante, entidade que promove o evento.<\/p>\n\n\n\n<p>Com estrutura coberta para os shows, programa\u00e7\u00e3o acontece mesmo com chuva.<\/p>\n\n\n\n<p>Confira a programa\u00e7\u00e3o deste domingo:<\/p>\n\n\n\n<p>14h \u2013 Gramof\u00f4nica<br>15h \u2013 Still Crash<br>16h \u2013 Sputnick<br>17h15 \u2013 Rodrigo Seixas e Plano B (Raul Seixas Cover)<br>18h30 \u2013 Elixir<br>19h45 \u2013 Alpha Rock<br>21h30 \u2013 Comunidade Nin-Jitsu<\/p>\n","protected":false},"excerpt":{"rendered":"<p>O Dia Mundial do Rock de Imigrante come\u00e7ou na sexta-feira e segue at\u00e9 hoje (12\/11) na Pra\u00e7a Henrique Br\u00fcckner, no centro. O secret\u00e1rio de Turismo, Cultura e Esportes de Imigrante, Charles Porsche ressalta que, ao lado da Paix\u00e3o de Cristo, o Dia do Rock \u00e9 um dos maiores eventos da cidade. O evento re\u00fane o [&hellip;]<\/p>\n","protected":false},"author":8,"featured_media":143284,"comment_status":"open","ping_status":"open","sticky":false,"template":"","format":"standard","meta":{"pmpro_default_level":"","_jetpack_memberships_contains_paid_content":false,"footnotes":""},"categories":[10996,2,6],"tags":[13247,34],"class_list":{"0":"post-143283","1":"post","2":"type-post","3":"status-publish","4":"format-standard","5":"has-post-thumbnail","7":"category-cultura","8":"category-featured","9":"category-inclusive","10":"tag-9o-dia-mundial-do-rock","11":"tag-imigrante","12":"pmpro-has-access"},"yoast_head":"<!-- This site is optimized with the Yoast SEO plugin v27.5 - https:\/\/yoast.com\/product\/yoast-seo-wordpress\/ -->\n<title>9\u00ba Dia Mundial do Rock de Imigrante traz Comunidade Nin-Jitsu neste domingo - Folha Popular<\/title>\n<meta name=\"robots\" content=\"index, follow, max-snippet:-1, max-image-preview:large, max-video-preview:-1\" \/>\n<link rel=\"canonical\" href=\"https:\/\/folhapopular.info\/index.php\/2023\/11\/12\/9o-dia-mundial-do-rock-de-imigrante-traz-comunidade-nin-jitsu-neste-domingo\/\" \/>\n<meta property=\"og:locale\" content=\"pt_BR\" \/>\n<meta property=\"og:type\" content=\"article\" \/>\n<meta property=\"og:title\" content=\"9\u00ba Dia Mundial do Rock de Imigrante traz Comunidade Nin-Jitsu neste domingo - Folha Popular\" \/>\n<meta property=\"og:description\" content=\"O Dia Mundial do Rock de Imigrante come\u00e7ou na sexta-feira e segue at\u00e9 hoje (12\/11) na Pra\u00e7a Henrique Br\u00fcckner, no centro. O secret\u00e1rio de Turismo, Cultura e Esportes de Imigrante, Charles Porsche ressalta que, ao lado da Paix\u00e3o de Cristo, o Dia do Rock \u00e9 um dos maiores eventos da cidade. O evento re\u00fane o [&hellip;]\" \/>\n<meta property=\"og:url\" content=\"https:\/\/folhapopular.info\/index.php\/2023\/11\/12\/9o-dia-mundial-do-rock-de-imigrante-traz-comunidade-nin-jitsu-neste-domingo\/\" \/>\n<meta property=\"og:site_name\" content=\"Folha Popular\" \/>\n<meta property=\"article:published_time\" content=\"2023-11-12T12:40:03+00:00\" \/>\n<meta property=\"article:modified_time\" content=\"2023-11-12T12:41:45+00:00\" \/>\n<meta property=\"og:image\" content=\"http:\/\/folhapopular.info\/wp-content\/uploads\/2023\/11\/Screenshot-2023-11-12-at-09-36-53-Dia-Mundial-do-Rock-Imigrante-@diamundialdorockimigrante-\u2022-Instagram-photos-and-videos-e1699792658871-1024x653.png\" \/>\n\t<meta property=\"og:image:width\" content=\"1024\" \/>\n\t<meta property=\"og:image:height\" content=\"653\" \/>\n\t<meta property=\"og:image:type\" content=\"image\/png\" \/>\n<meta name=\"author\" content=\"Reda\u00e7\u00e3o Folha Popular\" \/>\n<meta name=\"twitter:card\" content=\"summary_large_image\" \/>\n<meta name=\"twitter:label1\" content=\"Escrito por\" \/>\n\t<meta name=\"twitter:data1\" content=\"Reda\u00e7\u00e3o Folha Popular\" \/>\n\t<meta name=\"twitter:label2\" content=\"Est. tempo de leitura\" \/>\n\t<meta name=\"twitter:data2\" content=\"2 minutos\" \/>\n<script type=\"application\/ld+json\" class=\"yoast-schema-graph\">{\"@context\":\"https:\\\/\\\/schema.org\",\"@graph\":[{\"@type\":\"Article\",\"@id\":\"https:\\\/\\\/folhapopular.info\\\/index.php\\\/2023\\\/11\\\/12\\\/9o-dia-mundial-do-rock-de-imigrante-traz-comunidade-nin-jitsu-neste-domingo\\\/#article\",\"isPartOf\":{\"@id\":\"https:\\\/\\\/folhapopular.info\\\/index.php\\\/2023\\\/11\\\/12\\\/9o-dia-mundial-do-rock-de-imigrante-traz-comunidade-nin-jitsu-neste-domingo\\\/\"},\"author\":{\"name\":\"Reda\u00e7\u00e3o Folha Popular\",\"@id\":\"https:\\\/\\\/folhapopular.info\\\/#\\\/schema\\\/person\\\/2814e8a0df7643585a9ca38bc6eb9d4b\"},\"headline\":\"9\u00ba Dia Mundial do Rock de Imigrante traz Comunidade Nin-Jitsu neste domingo\",\"datePublished\":\"2023-11-12T12:40:03+00:00\",\"dateModified\":\"2023-11-12T12:41:45+00:00\",\"mainEntityOfPage\":{\"@id\":\"https:\\\/\\\/folhapopular.info\\\/index.php\\\/2023\\\/11\\\/12\\\/9o-dia-mundial-do-rock-de-imigrante-traz-comunidade-nin-jitsu-neste-domingo\\\/\"},\"wordCount\":218,\"commentCount\":0,\"image\":{\"@id\":\"https:\\\/\\\/folhapopular.info\\\/index.php\\\/2023\\\/11\\\/12\\\/9o-dia-mundial-do-rock-de-imigrante-traz-comunidade-nin-jitsu-neste-domingo\\\/#primaryimage\"},\"thumbnailUrl\":\"https:\\\/\\\/folhapopular.info\\\/wp-content\\\/uploads\\\/2023\\\/11\\\/Screenshot-2023-11-12-at-09-36-53-Dia-Mundial-do-Rock-Imigrante-@diamundialdorockimigrante-\u2022-Instagram-photos-and-videos-e1699792658871.png\",\"keywords\":[\"9\u00ba Dia Mundial do Rock\",\"Imigrante\"],\"articleSection\":[\"Cultura\",\"Destaques\",\"Inclusive\"],\"inLanguage\":\"pt-BR\",\"potentialAction\":[{\"@type\":\"CommentAction\",\"name\":\"Comment\",\"target\":[\"https:\\\/\\\/folhapopular.info\\\/index.php\\\/2023\\\/11\\\/12\\\/9o-dia-mundial-do-rock-de-imigrante-traz-comunidade-nin-jitsu-neste-domingo\\\/#respond\"]}]},{\"@type\":\"WebPage\",\"@id\":\"https:\\\/\\\/folhapopular.info\\\/index.php\\\/2023\\\/11\\\/12\\\/9o-dia-mundial-do-rock-de-imigrante-traz-comunidade-nin-jitsu-neste-domingo\\\/\",\"url\":\"https:\\\/\\\/folhapopular.info\\\/index.php\\\/2023\\\/11\\\/12\\\/9o-dia-mundial-do-rock-de-imigrante-traz-comunidade-nin-jitsu-neste-domingo\\\/\",\"name\":\"9\u00ba Dia Mundial do Rock de Imigrante traz Comunidade Nin-Jitsu neste domingo - Folha Popular\",\"isPartOf\":{\"@id\":\"https:\\\/\\\/folhapopular.info\\\/#website\"},\"primaryImageOfPage\":{\"@id\":\"https:\\\/\\\/folhapopular.info\\\/index.php\\\/2023\\\/11\\\/12\\\/9o-dia-mundial-do-rock-de-imigrante-traz-comunidade-nin-jitsu-neste-domingo\\\/#primaryimage\"},\"image\":{\"@id\":\"https:\\\/\\\/folhapopular.info\\\/index.php\\\/2023\\\/11\\\/12\\\/9o-dia-mundial-do-rock-de-imigrante-traz-comunidade-nin-jitsu-neste-domingo\\\/#primaryimage\"},\"thumbnailUrl\":\"https:\\\/\\\/folhapopular.info\\\/wp-content\\\/uploads\\\/2023\\\/11\\\/Screenshot-2023-11-12-at-09-36-53-Dia-Mundial-do-Rock-Imigrante-@diamundialdorockimigrante-\u2022-Instagram-photos-and-videos-e1699792658871.png\",\"datePublished\":\"2023-11-12T12:40:03+00:00\",\"dateModified\":\"2023-11-12T12:41:45+00:00\",\"author\":{\"@id\":\"https:\\\/\\\/folhapopular.info\\\/#\\\/schema\\\/person\\\/2814e8a0df7643585a9ca38bc6eb9d4b\"},\"breadcrumb\":{\"@id\":\"https:\\\/\\\/folhapopular.info\\\/index.php\\\/2023\\\/11\\\/12\\\/9o-dia-mundial-do-rock-de-imigrante-traz-comunidade-nin-jitsu-neste-domingo\\\/#breadcrumb\"},\"inLanguage\":\"pt-BR\",\"potentialAction\":[{\"@type\":\"ReadAction\",\"target\":[\"https:\\\/\\\/folhapopular.info\\\/index.php\\\/2023\\\/11\\\/12\\\/9o-dia-mundial-do-rock-de-imigrante-traz-comunidade-nin-jitsu-neste-domingo\\\/\"]}]},{\"@type\":\"ImageObject\",\"inLanguage\":\"pt-BR\",\"@id\":\"https:\\\/\\\/folhapopular.info\\\/index.php\\\/2023\\\/11\\\/12\\\/9o-dia-mundial-do-rock-de-imigrante-traz-comunidade-nin-jitsu-neste-domingo\\\/#primaryimage\",\"url\":\"https:\\\/\\\/folhapopular.info\\\/wp-content\\\/uploads\\\/2023\\\/11\\\/Screenshot-2023-11-12-at-09-36-53-Dia-Mundial-do-Rock-Imigrante-@diamundialdorockimigrante-\u2022-Instagram-photos-and-videos-e1699792658871.png\",\"contentUrl\":\"https:\\\/\\\/folhapopular.info\\\/wp-content\\\/uploads\\\/2023\\\/11\\\/Screenshot-2023-11-12-at-09-36-53-Dia-Mundial-do-Rock-Imigrante-@diamundialdorockimigrante-\u2022-Instagram-photos-and-videos-e1699792658871.png\",\"width\":1382,\"height\":881,\"caption\":\"Cr\u00e9dito: Divulga\u00e7\u00e3o\"},{\"@type\":\"BreadcrumbList\",\"@id\":\"https:\\\/\\\/folhapopular.info\\\/index.php\\\/2023\\\/11\\\/12\\\/9o-dia-mundial-do-rock-de-imigrante-traz-comunidade-nin-jitsu-neste-domingo\\\/#breadcrumb\",\"itemListElement\":[{\"@type\":\"ListItem\",\"position\":1,\"name\":\"In\u00edcio\",\"item\":\"https:\\\/\\\/folhapopular.info\\\/\"},{\"@type\":\"ListItem\",\"position\":2,\"name\":\"9\u00ba Dia Mundial do Rock de Imigrante traz Comunidade Nin-Jitsu neste domingo\"}]},{\"@type\":\"WebSite\",\"@id\":\"https:\\\/\\\/folhapopular.info\\\/#website\",\"url\":\"https:\\\/\\\/folhapopular.info\\\/\",\"name\":\"Folha Popular\",\"description\":\"Onde voc\u00ea tem vez e voz\",\"potentialAction\":[{\"@type\":\"SearchAction\",\"target\":{\"@type\":\"EntryPoint\",\"urlTemplate\":\"https:\\\/\\\/folhapopular.info\\\/?s={search_term_string}\"},\"query-input\":{\"@type\":\"PropertyValueSpecification\",\"valueRequired\":true,\"valueName\":\"search_term_string\"}}],\"inLanguage\":\"pt-BR\"},{\"@type\":\"Person\",\"@id\":\"https:\\\/\\\/folhapopular.info\\\/#\\\/schema\\\/person\\\/2814e8a0df7643585a9ca38bc6eb9d4b\",\"name\":\"Reda\u00e7\u00e3o Folha Popular\",\"image\":{\"@type\":\"ImageObject\",\"inLanguage\":\"pt-BR\",\"@id\":\"https:\\\/\\\/folhapopular.info\\\/wp-content\\\/uploads\\\/2026\\\/04\\\/Folha-1.webp\",\"url\":\"https:\\\/\\\/folhapopular.info\\\/wp-content\\\/uploads\\\/2026\\\/04\\\/Folha-1.webp\",\"contentUrl\":\"https:\\\/\\\/folhapopular.info\\\/wp-content\\\/uploads\\\/2026\\\/04\\\/Folha-1.webp\",\"caption\":\"Reda\u00e7\u00e3o Folha Popular\"},\"url\":\"https:\\\/\\\/folhapopular.info\\\/index.php\\\/author\\\/redacao\\\/\"}]}<\/script>\n<!-- \/ Yoast SEO plugin. -->","yoast_head_json":{"title":"9\u00ba Dia Mundial do Rock de Imigrante traz Comunidade Nin-Jitsu neste domingo - Folha Popular","robots":{"index":"index","follow":"follow","max-snippet":"max-snippet:-1","max-image-preview":"max-image-preview:large","max-video-preview":"max-video-preview:-1"},"canonical":"https:\/\/folhapopular.info\/index.php\/2023\/11\/12\/9o-dia-mundial-do-rock-de-imigrante-traz-comunidade-nin-jitsu-neste-domingo\/","og_locale":"pt_BR","og_type":"article","og_title":"9\u00ba Dia Mundial do Rock de Imigrante traz Comunidade Nin-Jitsu neste domingo - Folha Popular","og_description":"O Dia Mundial do Rock de Imigrante come\u00e7ou na sexta-feira e segue at\u00e9 hoje (12\/11) na Pra\u00e7a Henrique Br\u00fcckner, no centro. O secret\u00e1rio de Turismo, Cultura e Esportes de Imigrante, Charles Porsche ressalta que, ao lado da Paix\u00e3o de Cristo, o Dia do Rock \u00e9 um dos maiores eventos da cidade. O evento re\u00fane o [&hellip;]","og_url":"https:\/\/folhapopular.info\/index.php\/2023\/11\/12\/9o-dia-mundial-do-rock-de-imigrante-traz-comunidade-nin-jitsu-neste-domingo\/","og_site_name":"Folha Popular","article_published_time":"2023-11-12T12:40:03+00:00","article_modified_time":"2023-11-12T12:41:45+00:00","og_image":[{"width":1024,"height":653,"url":"http:\/\/folhapopular.info\/wp-content\/uploads\/2023\/11\/Screenshot-2023-11-12-at-09-36-53-Dia-Mundial-do-Rock-Imigrante-@diamundialdorockimigrante-\u2022-Instagram-photos-and-videos-e1699792658871-1024x653.png","type":"image\/png"}],"author":"Reda\u00e7\u00e3o Folha Popular","twitter_card":"summary_large_image","twitter_misc":{"Escrito por":"Reda\u00e7\u00e3o Folha Popular","Est. tempo de leitura":"2 minutos"},"schema":{"@context":"https:\/\/schema.org","@graph":[{"@type":"Article","@id":"https:\/\/folhapopular.info\/index.php\/2023\/11\/12\/9o-dia-mundial-do-rock-de-imigrante-traz-comunidade-nin-jitsu-neste-domingo\/#article","isPartOf":{"@id":"https:\/\/folhapopular.info\/index.php\/2023\/11\/12\/9o-dia-mundial-do-rock-de-imigrante-traz-comunidade-nin-jitsu-neste-domingo\/"},"author":{"name":"Reda\u00e7\u00e3o Folha Popular","@id":"https:\/\/folhapopular.info\/#\/schema\/person\/2814e8a0df7643585a9ca38bc6eb9d4b"},"headline":"9\u00ba Dia Mundial do Rock de Imigrante traz Comunidade Nin-Jitsu neste domingo","datePublished":"2023-11-12T12:40:03+00:00","dateModified":"2023-11-12T12:41:45+00:00","mainEntityOfPage":{"@id":"https:\/\/folhapopular.info\/index.php\/2023\/11\/12\/9o-dia-mundial-do-rock-de-imigrante-traz-comunidade-nin-jitsu-neste-domingo\/"},"wordCount":218,"commentCount":0,"image":{"@id":"https:\/\/folhapopular.info\/index.php\/2023\/11\/12\/9o-dia-mundial-do-rock-de-imigrante-traz-comunidade-nin-jitsu-neste-domingo\/#primaryimage"},"thumbnailUrl":"https:\/\/folhapopular.info\/wp-content\/uploads\/2023\/11\/Screenshot-2023-11-12-at-09-36-53-Dia-Mundial-do-Rock-Imigrante-@diamundialdorockimigrante-\u2022-Instagram-photos-and-videos-e1699792658871.png","keywords":["9\u00ba Dia Mundial do Rock","Imigrante"],"articleSection":["Cultura","Destaques","Inclusive"],"inLanguage":"pt-BR","potentialAction":[{"@type":"CommentAction","name":"Comment","target":["https:\/\/folhapopular.info\/index.php\/2023\/11\/12\/9o-dia-mundial-do-rock-de-imigrante-traz-comunidade-nin-jitsu-neste-domingo\/#respond"]}]},{"@type":"WebPage","@id":"https:\/\/folhapopular.info\/index.php\/2023\/11\/12\/9o-dia-mundial-do-rock-de-imigrante-traz-comunidade-nin-jitsu-neste-domingo\/","url":"https:\/\/folhapopular.info\/index.php\/2023\/11\/12\/9o-dia-mundial-do-rock-de-imigrante-traz-comunidade-nin-jitsu-neste-domingo\/","name":"9\u00ba Dia Mundial do Rock de Imigrante traz Comunidade Nin-Jitsu neste domingo - Folha Popular","isPartOf":{"@id":"https:\/\/folhapopular.info\/#website"},"primaryImageOfPage":{"@id":"https:\/\/folhapopular.info\/index.php\/2023\/11\/12\/9o-dia-mundial-do-rock-de-imigrante-traz-comunidade-nin-jitsu-neste-domingo\/#primaryimage"},"image":{"@id":"https:\/\/folhapopular.info\/index.php\/2023\/11\/12\/9o-dia-mundial-do-rock-de-imigrante-traz-comunidade-nin-jitsu-neste-domingo\/#primaryimage"},"thumbnailUrl":"https:\/\/folhapopular.info\/wp-content\/uploads\/2023\/11\/Screenshot-2023-11-12-at-09-36-53-Dia-Mundial-do-Rock-Imigrante-@diamundialdorockimigrante-\u2022-Instagram-photos-and-videos-e1699792658871.png","datePublished":"2023-11-12T12:40:03+00:00","dateModified":"2023-11-12T12:41:45+00:00","author":{"@id":"https:\/\/folhapopular.info\/#\/schema\/person\/2814e8a0df7643585a9ca38bc6eb9d4b"},"breadcrumb":{"@id":"https:\/\/folhapopular.info\/index.php\/2023\/11\/12\/9o-dia-mundial-do-rock-de-imigrante-traz-comunidade-nin-jitsu-neste-domingo\/#breadcrumb"},"inLanguage":"pt-BR","potentialAction":[{"@type":"ReadAction","target":["https:\/\/folhapopular.info\/index.php\/2023\/11\/12\/9o-dia-mundial-do-rock-de-imigrante-traz-comunidade-nin-jitsu-neste-domingo\/"]}]},{"@type":"ImageObject","inLanguage":"pt-BR","@id":"https:\/\/folhapopular.info\/index.php\/2023\/11\/12\/9o-dia-mundial-do-rock-de-imigrante-traz-comunidade-nin-jitsu-neste-domingo\/#primaryimage","url":"https:\/\/folhapopular.info\/wp-content\/uploads\/2023\/11\/Screenshot-2023-11-12-at-09-36-53-Dia-Mundial-do-Rock-Imigrante-@diamundialdorockimigrante-\u2022-Instagram-photos-and-videos-e1699792658871.png","contentUrl":"https:\/\/folhapopular.info\/wp-content\/uploads\/2023\/11\/Screenshot-2023-11-12-at-09-36-53-Dia-Mundial-do-Rock-Imigrante-@diamundialdorockimigrante-\u2022-Instagram-photos-and-videos-e1699792658871.png","width":1382,"height":881,"caption":"Cr\u00e9dito: Divulga\u00e7\u00e3o"},{"@type":"BreadcrumbList","@id":"https:\/\/folhapopular.info\/index.php\/2023\/11\/12\/9o-dia-mundial-do-rock-de-imigrante-traz-comunidade-nin-jitsu-neste-domingo\/#breadcrumb","itemListElement":[{"@type":"ListItem","position":1,"name":"In\u00edcio","item":"https:\/\/folhapopular.info\/"},{"@type":"ListItem","position":2,"name":"9\u00ba Dia Mundial do Rock de Imigrante traz Comunidade Nin-Jitsu neste domingo"}]},{"@type":"WebSite","@id":"https:\/\/folhapopular.info\/#website","url":"https:\/\/folhapopular.info\/","name":"Folha Popular","description":"Onde voc\u00ea tem vez e voz","potentialAction":[{"@type":"SearchAction","target":{"@type":"EntryPoint","urlTemplate":"https:\/\/folhapopular.info\/?s={search_term_string}"},"query-input":{"@type":"PropertyValueSpecification","valueRequired":true,"valueName":"search_term_string"}}],"inLanguage":"pt-BR"},{"@type":"Person","@id":"https:\/\/folhapopular.info\/#\/schema\/person\/2814e8a0df7643585a9ca38bc6eb9d4b","name":"Reda\u00e7\u00e3o Folha Popular","image":{"@type":"ImageObject","inLanguage":"pt-BR","@id":"https:\/\/folhapopular.info\/wp-content\/uploads\/2026\/04\/Folha-1.webp","url":"https:\/\/folhapopular.info\/wp-content\/uploads\/2026\/04\/Folha-1.webp","contentUrl":"https:\/\/folhapopular.info\/wp-content\/uploads\/2026\/04\/Folha-1.webp","caption":"Reda\u00e7\u00e3o Folha Popular"},"url":"https:\/\/folhapopular.info\/index.php\/author\/redacao\/"}]}},"jetpack_featured_media_url":"https:\/\/folhapopular.info\/wp-content\/uploads\/2023\/11\/Screenshot-2023-11-12-at-09-36-53-Dia-Mundial-do-Rock-Imigrante-@diamundialdorockimigrante-\u2022-Instagram-photos-and-videos-e1699792658871.png","jetpack_sharing_enabled":true,"amp_enabled":true,"_links":{"self":[{"href":"https:\/\/folhapopular.info\/index.php\/wp-json\/wp\/v2\/posts\/143283","targetHints":{"allow":["GET"]}}],"collection":[{"href":"https:\/\/folhapopular.info\/index.php\/wp-json\/wp\/v2\/posts"}],"about":[{"href":"https:\/\/folhapopular.info\/index.php\/wp-json\/wp\/v2\/types\/post"}],"author":[{"embeddable":true,"href":"https:\/\/folhapopular.info\/index.php\/wp-json\/wp\/v2\/users\/8"}],"replies":[{"embeddable":true,"href":"https:\/\/folhapopular.info\/index.php\/wp-json\/wp\/v2\/comments?post=143283"}],"version-history":[{"count":0,"href":"https:\/\/folhapopular.info\/index.php\/wp-json\/wp\/v2\/posts\/143283\/revisions"}],"wp:featuredmedia":[{"embeddable":true,"href":"https:\/\/folhapopular.info\/index.php\/wp-json\/wp\/v2\/media\/143284"}],"wp:attachment":[{"href":"https:\/\/folhapopular.info\/index.php\/wp-json\/wp\/v2\/media?parent=143283"}],"wp:term":[{"taxonomy":"category","embeddable":true,"href":"https:\/\/folhapopular.info\/index.php\/wp-json\/wp\/v2\/categories?post=143283"},{"taxonomy":"post_tag","embeddable":true,"href":"https:\/\/folhapopular.info\/index.php\/wp-json\/wp\/v2\/tags?post=143283"}],"curies":[{"name":"wp","href":"https:\/\/api.w.org\/{rel}","templated":true}]}}