{"id":143303,"date":"2023-11-12T18:39:49","date_gmt":"2023-11-12T21:39:49","guid":{"rendered":"https:\/\/folhapopular.info\/?p=143303"},"modified":"2023-11-12T18:39:53","modified_gmt":"2023-11-12T21:39:53","slug":"11-amigos-e-juventude-de-brochier-e-decidem-a-copa-vale-do-boa-vista","status":"publish","type":"post","link":"https:\/\/folhapopular.info\/index.php\/2023\/11\/12\/11-amigos-e-juventude-de-brochier-e-decidem-a-copa-vale-do-boa-vista\/","title":{"rendered":"11 Amigos e Juventude de Brochier e decidem a Copa Vale do Boa Vista"},"content":{"rendered":"\n<p>A Copa Vale do Boa Vista teve a defini\u00e7\u00e3o dos finalistas na tarde deste domingo (12\/11). Nos Titulares, 11 Amigos e Juventude de Brochier tiveram suas dificuldades, mas confirmaram a classifica\u00e7\u00e3o para a decis\u00e3o nas duas categorias. O Juventude de Brochier passou com empate nas duas categorias. O 11 Amigos precisou dos p\u00eanaltis nos Aspirantes e Titulares para avan\u00e7ar.<\/p>\n\n\n\n<p>Em Boa Vista &#8211; Po\u00e7o das Antas, o 11 Amigos necessitou dos p\u00eanaltis para se classificar. o Juventude da Frank (Teut\u00f4nia) venceu o jogo no tempo normal por 5 a 2, com tr\u00eas gols de Alex Collares. Nos p\u00eanaltis, o 11 Amigos passou com vit\u00f3ria por 5 a 3.<\/p>\n\n\n\n<p>No Centro de Po\u00e7o das Antas, Po\u00e7o das Antas e Juventude de Brochier empataram em 2 a 2. O Ju saiu na frente com Pretinho, aos 24min do primeiro tempo. O Po\u00e7o das Antas virou com Waguinho (aos 36min) e Gabriel (aos 38min) da etapa inicial. Lucas Leonardo empatou no final e carimbou a vaga para o Juventude de Brochier.<\/p>\n\n\n\n<p>O primeiro jogo da final ser\u00e1 em Brochier, no Est\u00e1dio Ol\u00e1vio Fetzner. O 11 Amigos decidir\u00e1 em casa por ter melhor campanha.<\/p>\n\n\n\n<h2 class=\"wp-block-heading\"><strong>Aspirantes<\/strong><\/h2>\n\n\n\n<p>O Juventude de Brochier conquistou a classifica\u00e7\u00e3o com o empate sem gols diante do Delfinense, equipe que tinha a melhor campanha da primeira fase. Na outra partida, o Uni\u00e3o da Germano ganhou do 11 Amigos por 3 a 2, mas nas penalidades o 11 Amigos venceu por 8 a 7.<\/p>\n\n\n\n<figure class=\"wp-block-image size-large\"><img loading=\"lazy\" decoding=\"async\" width=\"1024\" height=\"576\" src=\"https:\/\/folhapopular.info\/wp-content\/uploads\/2023\/11\/WhatsApp-Image-2023-11-12-at-17.17.17-1024x576.jpeg\" alt=\"\" class=\"wp-image-143306\" srcset=\"https:\/\/folhapopular.info\/wp-content\/uploads\/2023\/11\/WhatsApp-Image-2023-11-12-at-17.17.17-1024x576.jpeg 1024w, https:\/\/folhapopular.info\/wp-content\/uploads\/2023\/11\/WhatsApp-Image-2023-11-12-at-17.17.17-300x169.jpeg 300w, https:\/\/folhapopular.info\/wp-content\/uploads\/2023\/11\/WhatsApp-Image-2023-11-12-at-17.17.17-768x432.jpeg 768w, https:\/\/folhapopular.info\/wp-content\/uploads\/2023\/11\/WhatsApp-Image-2023-11-12-at-17.17.17-1536x864.jpeg 1536w, https:\/\/folhapopular.info\/wp-content\/uploads\/2023\/11\/WhatsApp-Image-2023-11-12-at-17.17.17-696x392.jpeg 696w, https:\/\/folhapopular.info\/wp-content\/uploads\/2023\/11\/WhatsApp-Image-2023-11-12-at-17.17.17-1068x601.jpeg 1068w, https:\/\/folhapopular.info\/wp-content\/uploads\/2023\/11\/WhatsApp-Image-2023-11-12-at-17.17.17.jpeg 1600w\" sizes=\"auto, (max-width: 1024px) 100vw, 1024px\" \/><figcaption class=\"wp-element-caption\">Po\u00e7o das Antas conseguiu a vaga com gol nos instantes finais \/\/ Cr\u00e9dito: Eduardo Duarte \/ Especial FP<\/figcaption><\/figure>\n","protected":false},"excerpt":{"rendered":"<p>A Copa Vale do Boa Vista teve a defini\u00e7\u00e3o dos finalistas na tarde deste domingo (12\/11). Nos Titulares, 11 Amigos e Juventude de Brochier tiveram suas dificuldades, mas confirmaram a classifica\u00e7\u00e3o para a decis\u00e3o nas duas categorias. O Juventude de Brochier passou com empate nas duas categorias. O 11 Amigos precisou dos p\u00eanaltis nos Aspirantes [&hellip;]<\/p>\n","protected":false},"author":7,"featured_media":143305,"comment_status":"open","ping_status":"open","sticky":false,"template":"","format":"standard","meta":{"pmpro_default_level":"","_jetpack_memberships_contains_paid_content":false,"footnotes":""},"categories":[5,240,288],"tags":[2435,40,156],"class_list":{"0":"post-143303","1":"post","2":"type-post","3":"status-publish","4":"format-standard","5":"has-post-thumbnail","7":"category-esportes","8":"category-futebol-amador","9":"category-regional-da-aslivata","10":"tag-brochier","11":"tag-poco-das-antas","12":"tag-vale-do-taquari","13":"pmpro-has-access"},"yoast_head":"<!-- This site is optimized with the Yoast SEO plugin v27.5 - https:\/\/yoast.com\/product\/yoast-seo-wordpress\/ -->\n<title>11 Amigos e Juventude de Brochier e decidem a Copa Vale do Boa Vista - Folha Popular<\/title>\n<meta name=\"robots\" content=\"index, follow, max-snippet:-1, max-image-preview:large, max-video-preview:-1\" \/>\n<link rel=\"canonical\" href=\"https:\/\/folhapopular.info\/index.php\/2023\/11\/12\/11-amigos-e-juventude-de-brochier-e-decidem-a-copa-vale-do-boa-vista\/\" \/>\n<meta property=\"og:locale\" content=\"pt_BR\" \/>\n<meta property=\"og:type\" content=\"article\" \/>\n<meta property=\"og:title\" content=\"11 Amigos e Juventude de Brochier e decidem a Copa Vale do Boa Vista - Folha Popular\" \/>\n<meta property=\"og:description\" content=\"A Copa Vale do Boa Vista teve a defini\u00e7\u00e3o dos finalistas na tarde deste domingo (12\/11). Nos Titulares, 11 Amigos e Juventude de Brochier tiveram suas dificuldades, mas confirmaram a classifica\u00e7\u00e3o para a decis\u00e3o nas duas categorias. O Juventude de Brochier passou com empate nas duas categorias. O 11 Amigos precisou dos p\u00eanaltis nos Aspirantes [&hellip;]\" \/>\n<meta property=\"og:url\" content=\"https:\/\/folhapopular.info\/index.php\/2023\/11\/12\/11-amigos-e-juventude-de-brochier-e-decidem-a-copa-vale-do-boa-vista\/\" \/>\n<meta property=\"og:site_name\" content=\"Folha Popular\" \/>\n<meta property=\"article:published_time\" content=\"2023-11-12T21:39:49+00:00\" \/>\n<meta property=\"article:modified_time\" content=\"2023-11-12T21:39:53+00:00\" \/>\n<meta property=\"og:image\" content=\"http:\/\/folhapopular.info\/wp-content\/uploads\/2023\/11\/WhatsApp-Image-2023-11-12-at-17.19.42.jpeg\" \/>\n\t<meta property=\"og:image:width\" content=\"1200\" \/>\n\t<meta property=\"og:image:height\" content=\"1600\" \/>\n\t<meta property=\"og:image:type\" content=\"image\/jpeg\" \/>\n<meta name=\"author\" content=\"Lucas Leandro Brune\" \/>\n<meta name=\"twitter:card\" content=\"summary_large_image\" \/>\n<meta name=\"twitter:label1\" content=\"Escrito por\" \/>\n\t<meta name=\"twitter:data1\" content=\"Lucas Leandro Brune\" \/>\n\t<meta name=\"twitter:label2\" content=\"Est. tempo de leitura\" \/>\n\t<meta name=\"twitter:data2\" content=\"2 minutos\" \/>\n<script type=\"application\/ld+json\" class=\"yoast-schema-graph\">{\"@context\":\"https:\\\/\\\/schema.org\",\"@graph\":[{\"@type\":\"Article\",\"@id\":\"https:\\\/\\\/folhapopular.info\\\/index.php\\\/2023\\\/11\\\/12\\\/11-amigos-e-juventude-de-brochier-e-decidem-a-copa-vale-do-boa-vista\\\/#article\",\"isPartOf\":{\"@id\":\"https:\\\/\\\/folhapopular.info\\\/index.php\\\/2023\\\/11\\\/12\\\/11-amigos-e-juventude-de-brochier-e-decidem-a-copa-vale-do-boa-vista\\\/\"},\"author\":{\"name\":\"Lucas Leandro Brune\",\"@id\":\"https:\\\/\\\/folhapopular.info\\\/#\\\/schema\\\/person\\\/533a15f60cd49e81ab3a90b4ca33cb36\"},\"headline\":\"11 Amigos e Juventude de Brochier e decidem a Copa Vale do Boa Vista\",\"datePublished\":\"2023-11-12T21:39:49+00:00\",\"dateModified\":\"2023-11-12T21:39:53+00:00\",\"mainEntityOfPage\":{\"@id\":\"https:\\\/\\\/folhapopular.info\\\/index.php\\\/2023\\\/11\\\/12\\\/11-amigos-e-juventude-de-brochier-e-decidem-a-copa-vale-do-boa-vista\\\/\"},\"wordCount\":272,\"commentCount\":0,\"image\":{\"@id\":\"https:\\\/\\\/folhapopular.info\\\/index.php\\\/2023\\\/11\\\/12\\\/11-amigos-e-juventude-de-brochier-e-decidem-a-copa-vale-do-boa-vista\\\/#primaryimage\"},\"thumbnailUrl\":\"https:\\\/\\\/folhapopular.info\\\/wp-content\\\/uploads\\\/2023\\\/11\\\/WhatsApp-Image-2023-11-12-at-17.19.42.jpeg\",\"keywords\":[\"Brochier\",\"Po\u00e7o das Antas\",\"Vale do Taquari\"],\"articleSection\":[\"Esportes\",\"Futebol Amador\",\"Regional da Aslivata\"],\"inLanguage\":\"pt-BR\",\"potentialAction\":[{\"@type\":\"CommentAction\",\"name\":\"Comment\",\"target\":[\"https:\\\/\\\/folhapopular.info\\\/index.php\\\/2023\\\/11\\\/12\\\/11-amigos-e-juventude-de-brochier-e-decidem-a-copa-vale-do-boa-vista\\\/#respond\"]}]},{\"@type\":\"WebPage\",\"@id\":\"https:\\\/\\\/folhapopular.info\\\/index.php\\\/2023\\\/11\\\/12\\\/11-amigos-e-juventude-de-brochier-e-decidem-a-copa-vale-do-boa-vista\\\/\",\"url\":\"https:\\\/\\\/folhapopular.info\\\/index.php\\\/2023\\\/11\\\/12\\\/11-amigos-e-juventude-de-brochier-e-decidem-a-copa-vale-do-boa-vista\\\/\",\"name\":\"11 Amigos e Juventude de Brochier e decidem a Copa Vale do Boa Vista - Folha Popular\",\"isPartOf\":{\"@id\":\"https:\\\/\\\/folhapopular.info\\\/#website\"},\"primaryImageOfPage\":{\"@id\":\"https:\\\/\\\/folhapopular.info\\\/index.php\\\/2023\\\/11\\\/12\\\/11-amigos-e-juventude-de-brochier-e-decidem-a-copa-vale-do-boa-vista\\\/#primaryimage\"},\"image\":{\"@id\":\"https:\\\/\\\/folhapopular.info\\\/index.php\\\/2023\\\/11\\\/12\\\/11-amigos-e-juventude-de-brochier-e-decidem-a-copa-vale-do-boa-vista\\\/#primaryimage\"},\"thumbnailUrl\":\"https:\\\/\\\/folhapopular.info\\\/wp-content\\\/uploads\\\/2023\\\/11\\\/WhatsApp-Image-2023-11-12-at-17.19.42.jpeg\",\"datePublished\":\"2023-11-12T21:39:49+00:00\",\"dateModified\":\"2023-11-12T21:39:53+00:00\",\"author\":{\"@id\":\"https:\\\/\\\/folhapopular.info\\\/#\\\/schema\\\/person\\\/533a15f60cd49e81ab3a90b4ca33cb36\"},\"breadcrumb\":{\"@id\":\"https:\\\/\\\/folhapopular.info\\\/index.php\\\/2023\\\/11\\\/12\\\/11-amigos-e-juventude-de-brochier-e-decidem-a-copa-vale-do-boa-vista\\\/#breadcrumb\"},\"inLanguage\":\"pt-BR\",\"potentialAction\":[{\"@type\":\"ReadAction\",\"target\":[\"https:\\\/\\\/folhapopular.info\\\/index.php\\\/2023\\\/11\\\/12\\\/11-amigos-e-juventude-de-brochier-e-decidem-a-copa-vale-do-boa-vista\\\/\"]}]},{\"@type\":\"ImageObject\",\"inLanguage\":\"pt-BR\",\"@id\":\"https:\\\/\\\/folhapopular.info\\\/index.php\\\/2023\\\/11\\\/12\\\/11-amigos-e-juventude-de-brochier-e-decidem-a-copa-vale-do-boa-vista\\\/#primaryimage\",\"url\":\"https:\\\/\\\/folhapopular.info\\\/wp-content\\\/uploads\\\/2023\\\/11\\\/WhatsApp-Image-2023-11-12-at-17.19.42.jpeg\",\"contentUrl\":\"https:\\\/\\\/folhapopular.info\\\/wp-content\\\/uploads\\\/2023\\\/11\\\/WhatsApp-Image-2023-11-12-at-17.19.42.jpeg\",\"width\":1200,\"height\":1600,\"caption\":\"Em Po\u00e7o das Antas, o Juventude de Teut\u00f4nia venceu no tempo normal, mas o 11 Amigos levou a vaga nos p\u00eanaltis \\\/\\\/ Cr\u00e9dito: K\u00e9tlin Abreu\"},{\"@type\":\"BreadcrumbList\",\"@id\":\"https:\\\/\\\/folhapopular.info\\\/index.php\\\/2023\\\/11\\\/12\\\/11-amigos-e-juventude-de-brochier-e-decidem-a-copa-vale-do-boa-vista\\\/#breadcrumb\",\"itemListElement\":[{\"@type\":\"ListItem\",\"position\":1,\"name\":\"In\u00edcio\",\"item\":\"https:\\\/\\\/folhapopular.info\\\/\"},{\"@type\":\"ListItem\",\"position\":2,\"name\":\"11 Amigos e Juventude de Brochier e decidem a Copa Vale do Boa Vista\"}]},{\"@type\":\"WebSite\",\"@id\":\"https:\\\/\\\/folhapopular.info\\\/#website\",\"url\":\"https:\\\/\\\/folhapopular.info\\\/\",\"name\":\"Folha Popular\",\"description\":\"Onde voc\u00ea tem vez e voz\",\"potentialAction\":[{\"@type\":\"SearchAction\",\"target\":{\"@type\":\"EntryPoint\",\"urlTemplate\":\"https:\\\/\\\/folhapopular.info\\\/?s={search_term_string}\"},\"query-input\":{\"@type\":\"PropertyValueSpecification\",\"valueRequired\":true,\"valueName\":\"search_term_string\"}}],\"inLanguage\":\"pt-BR\"},{\"@type\":\"Person\",\"@id\":\"https:\\\/\\\/folhapopular.info\\\/#\\\/schema\\\/person\\\/533a15f60cd49e81ab3a90b4ca33cb36\",\"name\":\"Lucas Leandro Brune\",\"image\":{\"@type\":\"ImageObject\",\"inLanguage\":\"pt-BR\",\"@id\":\"https:\\\/\\\/folhapopular.info\\\/wp-content\\\/uploads\\\/2026\\\/04\\\/LUCAS-1-1.webp\",\"url\":\"https:\\\/\\\/folhapopular.info\\\/wp-content\\\/uploads\\\/2026\\\/04\\\/LUCAS-1-1.webp\",\"contentUrl\":\"https:\\\/\\\/folhapopular.info\\\/wp-content\\\/uploads\\\/2026\\\/04\\\/LUCAS-1-1.webp\",\"caption\":\"Lucas Leandro Brune\"},\"description\":\"Jornalista Profissional Diplomado MTB\\\/RS 14.333\",\"url\":\"https:\\\/\\\/folhapopular.info\\\/index.php\\\/author\\\/lucas-brune\\\/\"}]}<\/script>\n<!-- \/ Yoast SEO plugin. -->","yoast_head_json":{"title":"11 Amigos e Juventude de Brochier e decidem a Copa Vale do Boa Vista - Folha Popular","robots":{"index":"index","follow":"follow","max-snippet":"max-snippet:-1","max-image-preview":"max-image-preview:large","max-video-preview":"max-video-preview:-1"},"canonical":"https:\/\/folhapopular.info\/index.php\/2023\/11\/12\/11-amigos-e-juventude-de-brochier-e-decidem-a-copa-vale-do-boa-vista\/","og_locale":"pt_BR","og_type":"article","og_title":"11 Amigos e Juventude de Brochier e decidem a Copa Vale do Boa Vista - Folha Popular","og_description":"A Copa Vale do Boa Vista teve a defini\u00e7\u00e3o dos finalistas na tarde deste domingo (12\/11). Nos Titulares, 11 Amigos e Juventude de Brochier tiveram suas dificuldades, mas confirmaram a classifica\u00e7\u00e3o para a decis\u00e3o nas duas categorias. O Juventude de Brochier passou com empate nas duas categorias. O 11 Amigos precisou dos p\u00eanaltis nos Aspirantes [&hellip;]","og_url":"https:\/\/folhapopular.info\/index.php\/2023\/11\/12\/11-amigos-e-juventude-de-brochier-e-decidem-a-copa-vale-do-boa-vista\/","og_site_name":"Folha Popular","article_published_time":"2023-11-12T21:39:49+00:00","article_modified_time":"2023-11-12T21:39:53+00:00","og_image":[{"width":1200,"height":1600,"url":"http:\/\/folhapopular.info\/wp-content\/uploads\/2023\/11\/WhatsApp-Image-2023-11-12-at-17.19.42.jpeg","type":"image\/jpeg"}],"author":"Lucas Leandro Brune","twitter_card":"summary_large_image","twitter_misc":{"Escrito por":"Lucas Leandro Brune","Est. tempo de leitura":"2 minutos"},"schema":{"@context":"https:\/\/schema.org","@graph":[{"@type":"Article","@id":"https:\/\/folhapopular.info\/index.php\/2023\/11\/12\/11-amigos-e-juventude-de-brochier-e-decidem-a-copa-vale-do-boa-vista\/#article","isPartOf":{"@id":"https:\/\/folhapopular.info\/index.php\/2023\/11\/12\/11-amigos-e-juventude-de-brochier-e-decidem-a-copa-vale-do-boa-vista\/"},"author":{"name":"Lucas Leandro Brune","@id":"https:\/\/folhapopular.info\/#\/schema\/person\/533a15f60cd49e81ab3a90b4ca33cb36"},"headline":"11 Amigos e Juventude de Brochier e decidem a Copa Vale do Boa Vista","datePublished":"2023-11-12T21:39:49+00:00","dateModified":"2023-11-12T21:39:53+00:00","mainEntityOfPage":{"@id":"https:\/\/folhapopular.info\/index.php\/2023\/11\/12\/11-amigos-e-juventude-de-brochier-e-decidem-a-copa-vale-do-boa-vista\/"},"wordCount":272,"commentCount":0,"image":{"@id":"https:\/\/folhapopular.info\/index.php\/2023\/11\/12\/11-amigos-e-juventude-de-brochier-e-decidem-a-copa-vale-do-boa-vista\/#primaryimage"},"thumbnailUrl":"https:\/\/folhapopular.info\/wp-content\/uploads\/2023\/11\/WhatsApp-Image-2023-11-12-at-17.19.42.jpeg","keywords":["Brochier","Po\u00e7o das Antas","Vale do Taquari"],"articleSection":["Esportes","Futebol Amador","Regional da Aslivata"],"inLanguage":"pt-BR","potentialAction":[{"@type":"CommentAction","name":"Comment","target":["https:\/\/folhapopular.info\/index.php\/2023\/11\/12\/11-amigos-e-juventude-de-brochier-e-decidem-a-copa-vale-do-boa-vista\/#respond"]}]},{"@type":"WebPage","@id":"https:\/\/folhapopular.info\/index.php\/2023\/11\/12\/11-amigos-e-juventude-de-brochier-e-decidem-a-copa-vale-do-boa-vista\/","url":"https:\/\/folhapopular.info\/index.php\/2023\/11\/12\/11-amigos-e-juventude-de-brochier-e-decidem-a-copa-vale-do-boa-vista\/","name":"11 Amigos e Juventude de Brochier e decidem a Copa Vale do Boa Vista - Folha Popular","isPartOf":{"@id":"https:\/\/folhapopular.info\/#website"},"primaryImageOfPage":{"@id":"https:\/\/folhapopular.info\/index.php\/2023\/11\/12\/11-amigos-e-juventude-de-brochier-e-decidem-a-copa-vale-do-boa-vista\/#primaryimage"},"image":{"@id":"https:\/\/folhapopular.info\/index.php\/2023\/11\/12\/11-amigos-e-juventude-de-brochier-e-decidem-a-copa-vale-do-boa-vista\/#primaryimage"},"thumbnailUrl":"https:\/\/folhapopular.info\/wp-content\/uploads\/2023\/11\/WhatsApp-Image-2023-11-12-at-17.19.42.jpeg","datePublished":"2023-11-12T21:39:49+00:00","dateModified":"2023-11-12T21:39:53+00:00","author":{"@id":"https:\/\/folhapopular.info\/#\/schema\/person\/533a15f60cd49e81ab3a90b4ca33cb36"},"breadcrumb":{"@id":"https:\/\/folhapopular.info\/index.php\/2023\/11\/12\/11-amigos-e-juventude-de-brochier-e-decidem-a-copa-vale-do-boa-vista\/#breadcrumb"},"inLanguage":"pt-BR","potentialAction":[{"@type":"ReadAction","target":["https:\/\/folhapopular.info\/index.php\/2023\/11\/12\/11-amigos-e-juventude-de-brochier-e-decidem-a-copa-vale-do-boa-vista\/"]}]},{"@type":"ImageObject","inLanguage":"pt-BR","@id":"https:\/\/folhapopular.info\/index.php\/2023\/11\/12\/11-amigos-e-juventude-de-brochier-e-decidem-a-copa-vale-do-boa-vista\/#primaryimage","url":"https:\/\/folhapopular.info\/wp-content\/uploads\/2023\/11\/WhatsApp-Image-2023-11-12-at-17.19.42.jpeg","contentUrl":"https:\/\/folhapopular.info\/wp-content\/uploads\/2023\/11\/WhatsApp-Image-2023-11-12-at-17.19.42.jpeg","width":1200,"height":1600,"caption":"Em Po\u00e7o das Antas, o Juventude de Teut\u00f4nia venceu no tempo normal, mas o 11 Amigos levou a vaga nos p\u00eanaltis \/\/ Cr\u00e9dito: K\u00e9tlin Abreu"},{"@type":"BreadcrumbList","@id":"https:\/\/folhapopular.info\/index.php\/2023\/11\/12\/11-amigos-e-juventude-de-brochier-e-decidem-a-copa-vale-do-boa-vista\/#breadcrumb","itemListElement":[{"@type":"ListItem","position":1,"name":"In\u00edcio","item":"https:\/\/folhapopular.info\/"},{"@type":"ListItem","position":2,"name":"11 Amigos e Juventude de Brochier e decidem a Copa Vale do Boa Vista"}]},{"@type":"WebSite","@id":"https:\/\/folhapopular.info\/#website","url":"https:\/\/folhapopular.info\/","name":"Folha Popular","description":"Onde voc\u00ea tem vez e voz","potentialAction":[{"@type":"SearchAction","target":{"@type":"EntryPoint","urlTemplate":"https:\/\/folhapopular.info\/?s={search_term_string}"},"query-input":{"@type":"PropertyValueSpecification","valueRequired":true,"valueName":"search_term_string"}}],"inLanguage":"pt-BR"},{"@type":"Person","@id":"https:\/\/folhapopular.info\/#\/schema\/person\/533a15f60cd49e81ab3a90b4ca33cb36","name":"Lucas Leandro Brune","image":{"@type":"ImageObject","inLanguage":"pt-BR","@id":"https:\/\/folhapopular.info\/wp-content\/uploads\/2026\/04\/LUCAS-1-1.webp","url":"https:\/\/folhapopular.info\/wp-content\/uploads\/2026\/04\/LUCAS-1-1.webp","contentUrl":"https:\/\/folhapopular.info\/wp-content\/uploads\/2026\/04\/LUCAS-1-1.webp","caption":"Lucas Leandro Brune"},"description":"Jornalista Profissional Diplomado MTB\/RS 14.333","url":"https:\/\/folhapopular.info\/index.php\/author\/lucas-brune\/"}]}},"jetpack_featured_media_url":"https:\/\/folhapopular.info\/wp-content\/uploads\/2023\/11\/WhatsApp-Image-2023-11-12-at-17.19.42.jpeg","jetpack_sharing_enabled":true,"amp_enabled":true,"_links":{"self":[{"href":"https:\/\/folhapopular.info\/index.php\/wp-json\/wp\/v2\/posts\/143303","targetHints":{"allow":["GET"]}}],"collection":[{"href":"https:\/\/folhapopular.info\/index.php\/wp-json\/wp\/v2\/posts"}],"about":[{"href":"https:\/\/folhapopular.info\/index.php\/wp-json\/wp\/v2\/types\/post"}],"author":[{"embeddable":true,"href":"https:\/\/folhapopular.info\/index.php\/wp-json\/wp\/v2\/users\/7"}],"replies":[{"embeddable":true,"href":"https:\/\/folhapopular.info\/index.php\/wp-json\/wp\/v2\/comments?post=143303"}],"version-history":[{"count":0,"href":"https:\/\/folhapopular.info\/index.php\/wp-json\/wp\/v2\/posts\/143303\/revisions"}],"wp:featuredmedia":[{"embeddable":true,"href":"https:\/\/folhapopular.info\/index.php\/wp-json\/wp\/v2\/media\/143305"}],"wp:attachment":[{"href":"https:\/\/folhapopular.info\/index.php\/wp-json\/wp\/v2\/media?parent=143303"}],"wp:term":[{"taxonomy":"category","embeddable":true,"href":"https:\/\/folhapopular.info\/index.php\/wp-json\/wp\/v2\/categories?post=143303"},{"taxonomy":"post_tag","embeddable":true,"href":"https:\/\/folhapopular.info\/index.php\/wp-json\/wp\/v2\/tags?post=143303"}],"curies":[{"name":"wp","href":"https:\/\/api.w.org\/{rel}","templated":true}]}}