{"id":143401,"date":"2023-11-13T16:50:28","date_gmt":"2023-11-13T19:50:28","guid":{"rendered":"https:\/\/folhapopular.info\/?p=143401"},"modified":"2023-11-13T17:03:07","modified_gmt":"2023-11-13T20:03:07","slug":"dez-mil-pessoas-passaram-pelo-9o-dia-mundial-do-rock-de-imigrante-no-fim-de-semana","status":"publish","type":"post","link":"https:\/\/folhapopular.info\/index.php\/2023\/11\/13\/dez-mil-pessoas-passaram-pelo-9o-dia-mundial-do-rock-de-imigrante-no-fim-de-semana\/","title":{"rendered":"Dez\u00a0mil pessoas\u00a0passaram pelo\u00a09\u00ba Dia Mundial do Rock\u00a0de Imigrante no fim de semana"},"content":{"rendered":"\n<p>O 9\u00ba Dia Mundial do Rock, realizado de sexta-feira a domingo (10 a 12\/11), reuniu aproximadamente 10 mil pessoas na Pra\u00e7a Municipal Henrique Br\u00fcckner, no centro de Imigrante. O evento contou com a apresenta\u00e7\u00e3o de 18 bandas, Orquestra Municipal e Orquestra Jovem e alunos das escolas municipais. Durante os dias do evento foram realizados o 7\u00ba Encontro de Motos, o 8\u00ba Encontro de Carros Antigos e o 1\u00ba Festival da Cerveja.<\/p>\n\n\n\n<p>A estrutura coberta garantiu a programa\u00e7\u00e3o do final de semana. Mesmo assim, a intensidade das precipita\u00e7\u00f5es alagou o campo de futebol, onde foi montada a estrutura para os shows. A \u00faltima banda a se apresentar no domingo \u2013 Comunidade Nin-Jitsu \u2013 encerrou o show aos 40 minutos de apresenta\u00e7\u00e3o, a pedido da organiza\u00e7\u00e3o, garantindo, assim, a seguran\u00e7a do p\u00fablico.<\/p>\n\n\n\n<p>O prefeito Germano Stevens refor\u00e7ou a import\u00e2ncia que as atividades culturais t\u00eam para Imigrante. \u201cTemos uma comunidade muito ligada com a cultura. Estamos em mais uma edi\u00e7\u00e3o do Dia Mundial do Rock e sempre recebemos grande p\u00fablico. Agrade\u00e7o \u00e0s empresas que acreditaram e acreditam nessa iniciativa, e principalmente \u00e0 Associa\u00e7\u00e3o Cultural, que realiza esse grande encontro todos os anos. Infelizmente, tivemos um fim de semana chuvoso. Apesar disso, ainda fizemos um grande evento\u201d, disse.<\/p>\n\n\n\n<p>O secret\u00e1rio de Cultura, Desporto e Turismo, Charles Porsche, lembrou dos esfor\u00e7os para viabilizar o evento. \u201cTivemos mais uma grande edi\u00e7\u00e3o do evento, com 18 bandas reconhecidas, que foram todas aprovadas pelo p\u00fablico presente. Ano que vem teremos a 10\u00aa edi\u00e7\u00e3o, e garantimos que ela ser\u00e1 hist\u00f3rica\u201d, declarou.<\/p>\n\n\n\n<p>O 9\u00ba Dia Mundial do Rock foi uma realiza\u00e7\u00e3o da Associa\u00e7\u00e3o Cultural de Imigrante, com apoio da Prefeitura de Imigrante e patroc\u00ednio Diamante da Prefeitura de Imigrante e BAT Brasil, Patroc\u00ednio Ouro de Sicredi e Patroc\u00ednio Prata de Gota Limpa. A programa\u00e7\u00e3o teve o apoio da Brigada Militar de Imigrante, equipe terceirizada de seguran\u00e7a, Consepro, AIEL, Bombeiros Volunt\u00e1rios IMICOL, e equipe da Secretaria da Sa\u00fade e Assist\u00eancia Social, com ambul\u00e2ncia.<\/p>\n","protected":false},"excerpt":{"rendered":"<p>O 9\u00ba Dia Mundial do Rock, realizado de sexta-feira a domingo (10 a 12\/11), reuniu aproximadamente 10 mil pessoas na Pra\u00e7a Municipal Henrique Br\u00fcckner, no centro de Imigrante. O evento contou com a apresenta\u00e7\u00e3o de 18 bandas, Orquestra Municipal e Orquestra Jovem e alunos das escolas municipais. Durante os dias do evento foram realizados o [&hellip;]<\/p>\n","protected":false},"author":8,"featured_media":143407,"comment_status":"open","ping_status":"open","sticky":false,"template":"","format":"standard","meta":{"pmpro_default_level":"","_jetpack_memberships_contains_paid_content":false,"footnotes":""},"categories":[10996,2,10999,6],"tags":[13247,34],"class_list":{"0":"post-143401","1":"post","2":"type-post","3":"status-publish","4":"format-standard","5":"has-post-thumbnail","7":"category-cultura","8":"category-featured","9":"category-entretenimento","10":"category-inclusive","11":"tag-9o-dia-mundial-do-rock","12":"tag-imigrante","13":"pmpro-has-access"},"yoast_head":"<!-- This site is optimized with the Yoast SEO plugin v27.5 - https:\/\/yoast.com\/product\/yoast-seo-wordpress\/ -->\n<title>Dez\u00a0mil pessoas\u00a0passaram pelo\u00a09\u00ba Dia Mundial do Rock\u00a0de Imigrante no fim de semana - Folha Popular<\/title>\n<meta name=\"robots\" content=\"index, follow, max-snippet:-1, max-image-preview:large, max-video-preview:-1\" \/>\n<link rel=\"canonical\" href=\"https:\/\/folhapopular.info\/index.php\/2023\/11\/13\/dez-mil-pessoas-passaram-pelo-9o-dia-mundial-do-rock-de-imigrante-no-fim-de-semana\/\" \/>\n<meta property=\"og:locale\" content=\"pt_BR\" \/>\n<meta property=\"og:type\" content=\"article\" \/>\n<meta property=\"og:title\" content=\"Dez\u00a0mil pessoas\u00a0passaram pelo\u00a09\u00ba Dia Mundial do Rock\u00a0de Imigrante no fim de semana - Folha Popular\" \/>\n<meta property=\"og:description\" content=\"O 9\u00ba Dia Mundial do Rock, realizado de sexta-feira a domingo (10 a 12\/11), reuniu aproximadamente 10 mil pessoas na Pra\u00e7a Municipal Henrique Br\u00fcckner, no centro de Imigrante. O evento contou com a apresenta\u00e7\u00e3o de 18 bandas, Orquestra Municipal e Orquestra Jovem e alunos das escolas municipais. Durante os dias do evento foram realizados o [&hellip;]\" \/>\n<meta property=\"og:url\" content=\"https:\/\/folhapopular.info\/index.php\/2023\/11\/13\/dez-mil-pessoas-passaram-pelo-9o-dia-mundial-do-rock-de-imigrante-no-fim-de-semana\/\" \/>\n<meta property=\"og:site_name\" content=\"Folha Popular\" \/>\n<meta property=\"article:published_time\" content=\"2023-11-13T19:50:28+00:00\" \/>\n<meta property=\"article:modified_time\" content=\"2023-11-13T20:03:07+00:00\" \/>\n<meta property=\"og:image\" content=\"http:\/\/folhapopular.info\/wp-content\/uploads\/2023\/11\/IMG_6994-scaled.jpg\" \/>\n\t<meta property=\"og:image:width\" content=\"2560\" \/>\n\t<meta property=\"og:image:height\" content=\"1438\" \/>\n\t<meta property=\"og:image:type\" content=\"image\/jpeg\" \/>\n<meta name=\"author\" content=\"Reda\u00e7\u00e3o Folha Popular\" \/>\n<meta name=\"twitter:card\" content=\"summary_large_image\" \/>\n<meta name=\"twitter:label1\" content=\"Escrito por\" \/>\n\t<meta name=\"twitter:data1\" content=\"Reda\u00e7\u00e3o Folha Popular\" \/>\n\t<meta name=\"twitter:label2\" content=\"Est. tempo de leitura\" \/>\n\t<meta name=\"twitter:data2\" content=\"2 minutos\" \/>\n<script type=\"application\/ld+json\" class=\"yoast-schema-graph\">{\"@context\":\"https:\\\/\\\/schema.org\",\"@graph\":[{\"@type\":\"Article\",\"@id\":\"https:\\\/\\\/folhapopular.info\\\/index.php\\\/2023\\\/11\\\/13\\\/dez-mil-pessoas-passaram-pelo-9o-dia-mundial-do-rock-de-imigrante-no-fim-de-semana\\\/#article\",\"isPartOf\":{\"@id\":\"https:\\\/\\\/folhapopular.info\\\/index.php\\\/2023\\\/11\\\/13\\\/dez-mil-pessoas-passaram-pelo-9o-dia-mundial-do-rock-de-imigrante-no-fim-de-semana\\\/\"},\"author\":{\"name\":\"Reda\u00e7\u00e3o Folha Popular\",\"@id\":\"https:\\\/\\\/folhapopular.info\\\/#\\\/schema\\\/person\\\/2814e8a0df7643585a9ca38bc6eb9d4b\"},\"headline\":\"Dez\u00a0mil pessoas\u00a0passaram pelo\u00a09\u00ba Dia Mundial do Rock\u00a0de Imigrante no fim de semana\",\"datePublished\":\"2023-11-13T19:50:28+00:00\",\"dateModified\":\"2023-11-13T20:03:07+00:00\",\"mainEntityOfPage\":{\"@id\":\"https:\\\/\\\/folhapopular.info\\\/index.php\\\/2023\\\/11\\\/13\\\/dez-mil-pessoas-passaram-pelo-9o-dia-mundial-do-rock-de-imigrante-no-fim-de-semana\\\/\"},\"wordCount\":355,\"commentCount\":0,\"image\":{\"@id\":\"https:\\\/\\\/folhapopular.info\\\/index.php\\\/2023\\\/11\\\/13\\\/dez-mil-pessoas-passaram-pelo-9o-dia-mundial-do-rock-de-imigrante-no-fim-de-semana\\\/#primaryimage\"},\"thumbnailUrl\":\"https:\\\/\\\/folhapopular.info\\\/wp-content\\\/uploads\\\/2023\\\/11\\\/IMG_6994-scaled.jpg\",\"keywords\":[\"9\u00ba Dia Mundial do Rock\",\"Imigrante\"],\"articleSection\":[\"Cultura\",\"Destaques\",\"Entretenimento\",\"Inclusive\"],\"inLanguage\":\"pt-BR\",\"potentialAction\":[{\"@type\":\"CommentAction\",\"name\":\"Comment\",\"target\":[\"https:\\\/\\\/folhapopular.info\\\/index.php\\\/2023\\\/11\\\/13\\\/dez-mil-pessoas-passaram-pelo-9o-dia-mundial-do-rock-de-imigrante-no-fim-de-semana\\\/#respond\"]}]},{\"@type\":\"WebPage\",\"@id\":\"https:\\\/\\\/folhapopular.info\\\/index.php\\\/2023\\\/11\\\/13\\\/dez-mil-pessoas-passaram-pelo-9o-dia-mundial-do-rock-de-imigrante-no-fim-de-semana\\\/\",\"url\":\"https:\\\/\\\/folhapopular.info\\\/index.php\\\/2023\\\/11\\\/13\\\/dez-mil-pessoas-passaram-pelo-9o-dia-mundial-do-rock-de-imigrante-no-fim-de-semana\\\/\",\"name\":\"Dez\u00a0mil pessoas\u00a0passaram pelo\u00a09\u00ba Dia Mundial do Rock\u00a0de Imigrante no fim de semana - Folha Popular\",\"isPartOf\":{\"@id\":\"https:\\\/\\\/folhapopular.info\\\/#website\"},\"primaryImageOfPage\":{\"@id\":\"https:\\\/\\\/folhapopular.info\\\/index.php\\\/2023\\\/11\\\/13\\\/dez-mil-pessoas-passaram-pelo-9o-dia-mundial-do-rock-de-imigrante-no-fim-de-semana\\\/#primaryimage\"},\"image\":{\"@id\":\"https:\\\/\\\/folhapopular.info\\\/index.php\\\/2023\\\/11\\\/13\\\/dez-mil-pessoas-passaram-pelo-9o-dia-mundial-do-rock-de-imigrante-no-fim-de-semana\\\/#primaryimage\"},\"thumbnailUrl\":\"https:\\\/\\\/folhapopular.info\\\/wp-content\\\/uploads\\\/2023\\\/11\\\/IMG_6994-scaled.jpg\",\"datePublished\":\"2023-11-13T19:50:28+00:00\",\"dateModified\":\"2023-11-13T20:03:07+00:00\",\"author\":{\"@id\":\"https:\\\/\\\/folhapopular.info\\\/#\\\/schema\\\/person\\\/2814e8a0df7643585a9ca38bc6eb9d4b\"},\"breadcrumb\":{\"@id\":\"https:\\\/\\\/folhapopular.info\\\/index.php\\\/2023\\\/11\\\/13\\\/dez-mil-pessoas-passaram-pelo-9o-dia-mundial-do-rock-de-imigrante-no-fim-de-semana\\\/#breadcrumb\"},\"inLanguage\":\"pt-BR\",\"potentialAction\":[{\"@type\":\"ReadAction\",\"target\":[\"https:\\\/\\\/folhapopular.info\\\/index.php\\\/2023\\\/11\\\/13\\\/dez-mil-pessoas-passaram-pelo-9o-dia-mundial-do-rock-de-imigrante-no-fim-de-semana\\\/\"]}]},{\"@type\":\"ImageObject\",\"inLanguage\":\"pt-BR\",\"@id\":\"https:\\\/\\\/folhapopular.info\\\/index.php\\\/2023\\\/11\\\/13\\\/dez-mil-pessoas-passaram-pelo-9o-dia-mundial-do-rock-de-imigrante-no-fim-de-semana\\\/#primaryimage\",\"url\":\"https:\\\/\\\/folhapopular.info\\\/wp-content\\\/uploads\\\/2023\\\/11\\\/IMG_6994-scaled.jpg\",\"contentUrl\":\"https:\\\/\\\/folhapopular.info\\\/wp-content\\\/uploads\\\/2023\\\/11\\\/IMG_6994-scaled.jpg\",\"width\":2560,\"height\":1438,\"caption\":\"Cr\u00e9dito: Clube do Lut \\\/ Divulga\u00e7\u00e3o\"},{\"@type\":\"BreadcrumbList\",\"@id\":\"https:\\\/\\\/folhapopular.info\\\/index.php\\\/2023\\\/11\\\/13\\\/dez-mil-pessoas-passaram-pelo-9o-dia-mundial-do-rock-de-imigrante-no-fim-de-semana\\\/#breadcrumb\",\"itemListElement\":[{\"@type\":\"ListItem\",\"position\":1,\"name\":\"In\u00edcio\",\"item\":\"https:\\\/\\\/folhapopular.info\\\/\"},{\"@type\":\"ListItem\",\"position\":2,\"name\":\"Dez\u00a0mil pessoas\u00a0passaram pelo\u00a09\u00ba Dia Mundial do Rock\u00a0de Imigrante no fim de semana\"}]},{\"@type\":\"WebSite\",\"@id\":\"https:\\\/\\\/folhapopular.info\\\/#website\",\"url\":\"https:\\\/\\\/folhapopular.info\\\/\",\"name\":\"Folha Popular\",\"description\":\"Onde voc\u00ea tem vez e voz\",\"potentialAction\":[{\"@type\":\"SearchAction\",\"target\":{\"@type\":\"EntryPoint\",\"urlTemplate\":\"https:\\\/\\\/folhapopular.info\\\/?s={search_term_string}\"},\"query-input\":{\"@type\":\"PropertyValueSpecification\",\"valueRequired\":true,\"valueName\":\"search_term_string\"}}],\"inLanguage\":\"pt-BR\"},{\"@type\":\"Person\",\"@id\":\"https:\\\/\\\/folhapopular.info\\\/#\\\/schema\\\/person\\\/2814e8a0df7643585a9ca38bc6eb9d4b\",\"name\":\"Reda\u00e7\u00e3o Folha Popular\",\"image\":{\"@type\":\"ImageObject\",\"inLanguage\":\"pt-BR\",\"@id\":\"https:\\\/\\\/folhapopular.info\\\/wp-content\\\/uploads\\\/2026\\\/04\\\/Folha-1.webp\",\"url\":\"https:\\\/\\\/folhapopular.info\\\/wp-content\\\/uploads\\\/2026\\\/04\\\/Folha-1.webp\",\"contentUrl\":\"https:\\\/\\\/folhapopular.info\\\/wp-content\\\/uploads\\\/2026\\\/04\\\/Folha-1.webp\",\"caption\":\"Reda\u00e7\u00e3o Folha Popular\"},\"url\":\"https:\\\/\\\/folhapopular.info\\\/index.php\\\/author\\\/redacao\\\/\"}]}<\/script>\n<!-- \/ Yoast SEO plugin. -->","yoast_head_json":{"title":"Dez\u00a0mil pessoas\u00a0passaram pelo\u00a09\u00ba Dia Mundial do Rock\u00a0de Imigrante no fim de semana - Folha Popular","robots":{"index":"index","follow":"follow","max-snippet":"max-snippet:-1","max-image-preview":"max-image-preview:large","max-video-preview":"max-video-preview:-1"},"canonical":"https:\/\/folhapopular.info\/index.php\/2023\/11\/13\/dez-mil-pessoas-passaram-pelo-9o-dia-mundial-do-rock-de-imigrante-no-fim-de-semana\/","og_locale":"pt_BR","og_type":"article","og_title":"Dez\u00a0mil pessoas\u00a0passaram pelo\u00a09\u00ba Dia Mundial do Rock\u00a0de Imigrante no fim de semana - Folha Popular","og_description":"O 9\u00ba Dia Mundial do Rock, realizado de sexta-feira a domingo (10 a 12\/11), reuniu aproximadamente 10 mil pessoas na Pra\u00e7a Municipal Henrique Br\u00fcckner, no centro de Imigrante. O evento contou com a apresenta\u00e7\u00e3o de 18 bandas, Orquestra Municipal e Orquestra Jovem e alunos das escolas municipais. Durante os dias do evento foram realizados o [&hellip;]","og_url":"https:\/\/folhapopular.info\/index.php\/2023\/11\/13\/dez-mil-pessoas-passaram-pelo-9o-dia-mundial-do-rock-de-imigrante-no-fim-de-semana\/","og_site_name":"Folha Popular","article_published_time":"2023-11-13T19:50:28+00:00","article_modified_time":"2023-11-13T20:03:07+00:00","og_image":[{"width":2560,"height":1438,"url":"http:\/\/folhapopular.info\/wp-content\/uploads\/2023\/11\/IMG_6994-scaled.jpg","type":"image\/jpeg"}],"author":"Reda\u00e7\u00e3o Folha Popular","twitter_card":"summary_large_image","twitter_misc":{"Escrito por":"Reda\u00e7\u00e3o Folha Popular","Est. tempo de leitura":"2 minutos"},"schema":{"@context":"https:\/\/schema.org","@graph":[{"@type":"Article","@id":"https:\/\/folhapopular.info\/index.php\/2023\/11\/13\/dez-mil-pessoas-passaram-pelo-9o-dia-mundial-do-rock-de-imigrante-no-fim-de-semana\/#article","isPartOf":{"@id":"https:\/\/folhapopular.info\/index.php\/2023\/11\/13\/dez-mil-pessoas-passaram-pelo-9o-dia-mundial-do-rock-de-imigrante-no-fim-de-semana\/"},"author":{"name":"Reda\u00e7\u00e3o Folha Popular","@id":"https:\/\/folhapopular.info\/#\/schema\/person\/2814e8a0df7643585a9ca38bc6eb9d4b"},"headline":"Dez\u00a0mil pessoas\u00a0passaram pelo\u00a09\u00ba Dia Mundial do Rock\u00a0de Imigrante no fim de semana","datePublished":"2023-11-13T19:50:28+00:00","dateModified":"2023-11-13T20:03:07+00:00","mainEntityOfPage":{"@id":"https:\/\/folhapopular.info\/index.php\/2023\/11\/13\/dez-mil-pessoas-passaram-pelo-9o-dia-mundial-do-rock-de-imigrante-no-fim-de-semana\/"},"wordCount":355,"commentCount":0,"image":{"@id":"https:\/\/folhapopular.info\/index.php\/2023\/11\/13\/dez-mil-pessoas-passaram-pelo-9o-dia-mundial-do-rock-de-imigrante-no-fim-de-semana\/#primaryimage"},"thumbnailUrl":"https:\/\/folhapopular.info\/wp-content\/uploads\/2023\/11\/IMG_6994-scaled.jpg","keywords":["9\u00ba Dia Mundial do Rock","Imigrante"],"articleSection":["Cultura","Destaques","Entretenimento","Inclusive"],"inLanguage":"pt-BR","potentialAction":[{"@type":"CommentAction","name":"Comment","target":["https:\/\/folhapopular.info\/index.php\/2023\/11\/13\/dez-mil-pessoas-passaram-pelo-9o-dia-mundial-do-rock-de-imigrante-no-fim-de-semana\/#respond"]}]},{"@type":"WebPage","@id":"https:\/\/folhapopular.info\/index.php\/2023\/11\/13\/dez-mil-pessoas-passaram-pelo-9o-dia-mundial-do-rock-de-imigrante-no-fim-de-semana\/","url":"https:\/\/folhapopular.info\/index.php\/2023\/11\/13\/dez-mil-pessoas-passaram-pelo-9o-dia-mundial-do-rock-de-imigrante-no-fim-de-semana\/","name":"Dez\u00a0mil pessoas\u00a0passaram pelo\u00a09\u00ba Dia Mundial do Rock\u00a0de Imigrante no fim de semana - Folha Popular","isPartOf":{"@id":"https:\/\/folhapopular.info\/#website"},"primaryImageOfPage":{"@id":"https:\/\/folhapopular.info\/index.php\/2023\/11\/13\/dez-mil-pessoas-passaram-pelo-9o-dia-mundial-do-rock-de-imigrante-no-fim-de-semana\/#primaryimage"},"image":{"@id":"https:\/\/folhapopular.info\/index.php\/2023\/11\/13\/dez-mil-pessoas-passaram-pelo-9o-dia-mundial-do-rock-de-imigrante-no-fim-de-semana\/#primaryimage"},"thumbnailUrl":"https:\/\/folhapopular.info\/wp-content\/uploads\/2023\/11\/IMG_6994-scaled.jpg","datePublished":"2023-11-13T19:50:28+00:00","dateModified":"2023-11-13T20:03:07+00:00","author":{"@id":"https:\/\/folhapopular.info\/#\/schema\/person\/2814e8a0df7643585a9ca38bc6eb9d4b"},"breadcrumb":{"@id":"https:\/\/folhapopular.info\/index.php\/2023\/11\/13\/dez-mil-pessoas-passaram-pelo-9o-dia-mundial-do-rock-de-imigrante-no-fim-de-semana\/#breadcrumb"},"inLanguage":"pt-BR","potentialAction":[{"@type":"ReadAction","target":["https:\/\/folhapopular.info\/index.php\/2023\/11\/13\/dez-mil-pessoas-passaram-pelo-9o-dia-mundial-do-rock-de-imigrante-no-fim-de-semana\/"]}]},{"@type":"ImageObject","inLanguage":"pt-BR","@id":"https:\/\/folhapopular.info\/index.php\/2023\/11\/13\/dez-mil-pessoas-passaram-pelo-9o-dia-mundial-do-rock-de-imigrante-no-fim-de-semana\/#primaryimage","url":"https:\/\/folhapopular.info\/wp-content\/uploads\/2023\/11\/IMG_6994-scaled.jpg","contentUrl":"https:\/\/folhapopular.info\/wp-content\/uploads\/2023\/11\/IMG_6994-scaled.jpg","width":2560,"height":1438,"caption":"Cr\u00e9dito: Clube do Lut \/ Divulga\u00e7\u00e3o"},{"@type":"BreadcrumbList","@id":"https:\/\/folhapopular.info\/index.php\/2023\/11\/13\/dez-mil-pessoas-passaram-pelo-9o-dia-mundial-do-rock-de-imigrante-no-fim-de-semana\/#breadcrumb","itemListElement":[{"@type":"ListItem","position":1,"name":"In\u00edcio","item":"https:\/\/folhapopular.info\/"},{"@type":"ListItem","position":2,"name":"Dez\u00a0mil pessoas\u00a0passaram pelo\u00a09\u00ba Dia Mundial do Rock\u00a0de Imigrante no fim de semana"}]},{"@type":"WebSite","@id":"https:\/\/folhapopular.info\/#website","url":"https:\/\/folhapopular.info\/","name":"Folha Popular","description":"Onde voc\u00ea tem vez e voz","potentialAction":[{"@type":"SearchAction","target":{"@type":"EntryPoint","urlTemplate":"https:\/\/folhapopular.info\/?s={search_term_string}"},"query-input":{"@type":"PropertyValueSpecification","valueRequired":true,"valueName":"search_term_string"}}],"inLanguage":"pt-BR"},{"@type":"Person","@id":"https:\/\/folhapopular.info\/#\/schema\/person\/2814e8a0df7643585a9ca38bc6eb9d4b","name":"Reda\u00e7\u00e3o Folha Popular","image":{"@type":"ImageObject","inLanguage":"pt-BR","@id":"https:\/\/folhapopular.info\/wp-content\/uploads\/2026\/04\/Folha-1.webp","url":"https:\/\/folhapopular.info\/wp-content\/uploads\/2026\/04\/Folha-1.webp","contentUrl":"https:\/\/folhapopular.info\/wp-content\/uploads\/2026\/04\/Folha-1.webp","caption":"Reda\u00e7\u00e3o Folha Popular"},"url":"https:\/\/folhapopular.info\/index.php\/author\/redacao\/"}]}},"jetpack_featured_media_url":"https:\/\/folhapopular.info\/wp-content\/uploads\/2023\/11\/IMG_6994-scaled.jpg","jetpack_sharing_enabled":true,"amp_enabled":true,"_links":{"self":[{"href":"https:\/\/folhapopular.info\/index.php\/wp-json\/wp\/v2\/posts\/143401","targetHints":{"allow":["GET"]}}],"collection":[{"href":"https:\/\/folhapopular.info\/index.php\/wp-json\/wp\/v2\/posts"}],"about":[{"href":"https:\/\/folhapopular.info\/index.php\/wp-json\/wp\/v2\/types\/post"}],"author":[{"embeddable":true,"href":"https:\/\/folhapopular.info\/index.php\/wp-json\/wp\/v2\/users\/8"}],"replies":[{"embeddable":true,"href":"https:\/\/folhapopular.info\/index.php\/wp-json\/wp\/v2\/comments?post=143401"}],"version-history":[{"count":0,"href":"https:\/\/folhapopular.info\/index.php\/wp-json\/wp\/v2\/posts\/143401\/revisions"}],"wp:featuredmedia":[{"embeddable":true,"href":"https:\/\/folhapopular.info\/index.php\/wp-json\/wp\/v2\/media\/143407"}],"wp:attachment":[{"href":"https:\/\/folhapopular.info\/index.php\/wp-json\/wp\/v2\/media?parent=143401"}],"wp:term":[{"taxonomy":"category","embeddable":true,"href":"https:\/\/folhapopular.info\/index.php\/wp-json\/wp\/v2\/categories?post=143401"},{"taxonomy":"post_tag","embeddable":true,"href":"https:\/\/folhapopular.info\/index.php\/wp-json\/wp\/v2\/tags?post=143401"}],"curies":[{"name":"wp","href":"https:\/\/api.w.org\/{rel}","templated":true}]}}